{"id":77634,"date":"2025-08-20T18:03:22","date_gmt":"2025-08-20T23:03:22","guid":{"rendered":"https:\/\/www.uartes.edu.ec\/sitio\/?p=77634"},"modified":"2025-08-22T18:42:19","modified_gmt":"2025-08-22T23:42:19","slug":"uartes-mostro-oferta-academica-y-animo-a-los-futuros-universitarios-a-experimentar-con-propuestas-artisticas","status":"publish","type":"post","link":"https:\/\/www.uartes.edu.ec\/sitio\/fr\/blog\/2025\/08\/20\/uartes-mostro-oferta-academica-y-animo-a-los-futuros-universitarios-a-experimentar-con-propuestas-artisticas\/","title":{"rendered":"UArtes mostr\u00f3 su oferta acad\u00e9mica y anim\u00f3 a futuros universitarios a experimentar con varias propuestas art\u00edsticas en Casa Abierta"},"content":{"rendered":"<p>Concebida para dar a conocer la oferta acad\u00e9mica de la Universidad de las Artes, en la Casa Abierta 2025 que nuestra instituci\u00f3n de educaci\u00f3n superior inaugur\u00f3 ayer, martes 19 de agosto, y concluy\u00f3 hoy, mi\u00e9rcoles 20, los estudiantes de bachillerato de los planteles que acudieron a las jornadas pudieron experimentar varias propuestas art\u00edsticas, guiados por docentes, estudiantes y graduados.<\/p>\n\n\n\n<p>Ubicados en el Pasaje Illingworth del antiguo Palacio de la Gobernaci\u00f3n, nuestra sede matriz, los stands de las cinco escuelas de pregrado fueron atendidos por profesores y alumnos que invitaban a los visitantes a tomar parte. Artes Visuales, por ejemplo, hizo demostraciones del modelado de arcilla. Jackie, alumnus UArtes, explic\u00f3 al p\u00fablico juvenil que se acerc\u00f3 c\u00f3mo se prepara el material terroso, y suave a la vez, y cu\u00e1l era el punto que deb\u00eda tener para poder dar forma a lo que la imaginaci\u00f3n y la creatividad sugieran.<\/p>\n\n\n\n<p>En el mismo espacio, el estudiante Isaac y la funcionaria Andrea Moreira, quien es t\u00e9cnico-docente, explicaron con detenimiento el contenido de la malla de Artes Visuales, como escultura, pintura y grabado, haciendo \u00e9nfasis, adem\u00e1s, en los nuevos medios; esto en el marco de la carrera de posgrado que tambi\u00e9n es parte de nuestra oferta acad\u00e9mica. \u201cMostramos el proceso para hacer videomapping\u201d, coment\u00f3 la docente Ruth Cruz, mientras tambi\u00e9n invitaba a los colegiales a acercarse. A\u00f1adi\u00f3 que la demostraci\u00f3n los llevaba a concursar en un modelo de figura articulado; los participantes deb\u00edan hacer un dibujo y el mejor obten\u00eda un premio.<\/p>\n\n\n<div class=\"wp-block-image\">\n<figure class=\"aligncenter size-large\"><img fetchpriority=\"high\" decoding=\"async\" width=\"644\" height=\"429\" src=\"https:\/\/www.uartes.edu.ec\/sitio\/wp-content\/uploads\/2025\/08\/Proyecto-Cambiar-tamano-de-imagen-2025-08-20T185422.805-644x429.jpeg\" alt=\"\" class=\"wp-image-77636\" srcset=\"https:\/\/www.uartes.edu.ec\/sitio\/wp-content\/uploads\/2025\/08\/Proyecto-Cambiar-tamano-de-imagen-2025-08-20T185422.805-644x429.jpeg 644w, https:\/\/www.uartes.edu.ec\/sitio\/wp-content\/uploads\/2025\/08\/Proyecto-Cambiar-tamano-de-imagen-2025-08-20T185422.805-300x200.jpeg 300w, https:\/\/www.uartes.edu.ec\/sitio\/wp-content\/uploads\/2025\/08\/Proyecto-Cambiar-tamano-de-imagen-2025-08-20T185422.805-768x512.jpeg 768w, https:\/\/www.uartes.edu.ec\/sitio\/wp-content\/uploads\/2025\/08\/Proyecto-Cambiar-tamano-de-imagen-2025-08-20T185422.805-1536x1024.jpeg 1536w, https:\/\/www.uartes.edu.ec\/sitio\/wp-content\/uploads\/2025\/08\/Proyecto-Cambiar-tamano-de-imagen-2025-08-20T185422.805-18x12.jpeg 18w, https:\/\/www.uartes.edu.ec\/sitio\/wp-content\/uploads\/2025\/08\/Proyecto-Cambiar-tamano-de-imagen-2025-08-20T185422.805-600x400.jpeg 600w, https:\/\/www.uartes.edu.ec\/sitio\/wp-content\/uploads\/2025\/08\/Proyecto-Cambiar-tamano-de-imagen-2025-08-20T185422.805-400x267.jpeg 400w, https:\/\/www.uartes.edu.ec\/sitio\/wp-content\/uploads\/2025\/08\/Proyecto-Cambiar-tamano-de-imagen-2025-08-20T185422.805.jpeg 2000w\" sizes=\"(max-width: 644px) 100vw, 644px\" \/><\/figure>\n<\/div>\n\n\n<p>En otro stand, que no necesariamente correspond\u00eda a una escuela, el graduado Jos\u00e9 Medina expuso su tesis junto a otro punto donde se mostraban los resultados de un trabajo de investigaci\u00f3n interdisciplinar que permit\u00eda conocer, sustentado en encuestas, d\u00f3nde se suscitaban los robos en la ciudad. Una especie de cartograf\u00eda que develaba la inseguridad que envuelve a Guayaquil.<\/p>\n\n\n\n<p>\u201cFue un proyecto que hicimos con Giovanni Ch\u00e1vez el a\u00f1o pasado en el VII Encuentro Internacional de Investigaci\u00f3n en Artes, donde se abordaron como tem\u00e1ticas \u2018El arte sobre lo narco Ecuador-Colombia\u2019 y\/o \u2018Mirarnos en el espejo de NarColombia\u2019. Es obra interactiva donde la gente comparti\u00f3 las experiencias que tuvieron de robos en la ciudad y lo cartografiamos eso en un mapa\u201d, expres\u00f3 Jos\u00e9 Medina, mostrando la proyecci\u00f3n del mapa de la ciudad en el que se visualizan los sitios donde se produjo la acci\u00f3n delictiva.<\/p>\n\n\n\n<p>En cuanto a su tesis de grado, a la que titul\u00f3 \u201cVirtual Instrument\u201d, el alumnus y funcionario UArtes cont\u00f3 que llev\u00f3 a la Casa Abierta unos instrumentos virtuales que program\u00f3 para que generen sonidos \u201cque al visualizarlos en un osciloscopio en X y Y se dibujen; es una forma directa de ver el sonido o tambi\u00e9n de escuchar lo que se est\u00e1 viendo\u201d, precis\u00f3.<\/p>\n\n\n<div class=\"wp-block-image\">\n<figure class=\"aligncenter size-large\"><img decoding=\"async\" width=\"644\" height=\"429\" src=\"https:\/\/www.uartes.edu.ec\/sitio\/wp-content\/uploads\/2025\/08\/Proyecto-Cambiar-tamano-de-imagen-2025-08-20T161914.600-644x429.jpeg\" alt=\"\" class=\"wp-image-77637\" srcset=\"https:\/\/www.uartes.edu.ec\/sitio\/wp-content\/uploads\/2025\/08\/Proyecto-Cambiar-tamano-de-imagen-2025-08-20T161914.600-644x429.jpeg 644w, https:\/\/www.uartes.edu.ec\/sitio\/wp-content\/uploads\/2025\/08\/Proyecto-Cambiar-tamano-de-imagen-2025-08-20T161914.600-300x200.jpeg 300w, https:\/\/www.uartes.edu.ec\/sitio\/wp-content\/uploads\/2025\/08\/Proyecto-Cambiar-tamano-de-imagen-2025-08-20T161914.600-768x512.jpeg 768w, https:\/\/www.uartes.edu.ec\/sitio\/wp-content\/uploads\/2025\/08\/Proyecto-Cambiar-tamano-de-imagen-2025-08-20T161914.600-1536x1024.jpeg 1536w, https:\/\/www.uartes.edu.ec\/sitio\/wp-content\/uploads\/2025\/08\/Proyecto-Cambiar-tamano-de-imagen-2025-08-20T161914.600-18x12.jpeg 18w, https:\/\/www.uartes.edu.ec\/sitio\/wp-content\/uploads\/2025\/08\/Proyecto-Cambiar-tamano-de-imagen-2025-08-20T161914.600-600x400.jpeg 600w, https:\/\/www.uartes.edu.ec\/sitio\/wp-content\/uploads\/2025\/08\/Proyecto-Cambiar-tamano-de-imagen-2025-08-20T161914.600-400x267.jpeg 400w, https:\/\/www.uartes.edu.ec\/sitio\/wp-content\/uploads\/2025\/08\/Proyecto-Cambiar-tamano-de-imagen-2025-08-20T161914.600.jpeg 2000w\" sizes=\"(max-width: 644px) 100vw, 644px\" \/><\/figure>\n<\/div>\n\n\n<p>Dar a conocer la oferta acad\u00e9mica y propiciar experimentaciones art\u00edsticas con los visitantes a la Casa Abierta const\u00f3 como tem\u00e1tica de la segunda edici\u00f3n de la Casa Abierta: \u201cArte como territorio com\u00fan, creaci\u00f3n, di\u00e1logo y futuro\u201d. En la inauguraci\u00f3n de la cita, la directora de Admisiones, Nikita F\u00e9lix, a cargo de su organizaci\u00f3n conjuntamente con la Secretar\u00eda Acad\u00e9mica, se\u00f1al\u00f3 que como artista formada en la Universidad de las Artes es importante no solo tener acceso, sino ver de cerca lo que se desarrolla en el \u00e1mbito de la formaci\u00f3n art\u00edstica. \u201c(Esto) nos inspira a transformar nuestra mirada y anima a decidir un futuro donde el arte sea parte de nuestras vidas\u201d.<\/p>\n\n\n\n<p>Tambi\u00e9n en el marco de la Casa Abierta UArtes 2025, la Secretar\u00eda de Bienestar Universitario (SBU) tuvo su espacio. No ofreci\u00f3 experimentaciones sonoras ni visuales, tampoco de creaci\u00f3n teatral, danza, cine o literatura, pero s\u00ed la vivencia de un graduado en la Escuela de Artes Sonoras, hoy funcionario. V\u00edctor Espinoza, conocido art\u00edsticamente como <em>VATIIX,<\/em> recibi\u00f3 a numerosos estudiantes de los planteles, inquietos todos por saber de los beneficios que al ser ya parte de la UArtes obtienen los alumnos. Con soltura, el administrativo habl\u00f3 del dispensario de salud, con las atenciones en psicolog\u00eda, odontolog\u00eda y enfermer\u00eda; de los programas de becas y de Apoyarte; del seguro contra accidentes y los protocolos de prevenci\u00f3n; del acoso, del antibullying y de los clubes universitarios.<\/p>\n\n\n\n<p>La Casa Abierta tambi\u00e9n dio espacio para que los estudiantes UArtes pudieran no solo exponer sus creaciones, sino tambi\u00e9n convertirlas en productos que estuvieron a la venta.<\/p>\n\n\n<div class=\"wp-block-image\">\n<figure class=\"aligncenter size-large\"><img decoding=\"async\" width=\"644\" height=\"429\" src=\"https:\/\/www.uartes.edu.ec\/sitio\/wp-content\/uploads\/2025\/08\/Proyecto-Cambiar-tamano-de-imagen-2025-08-20T185648.747-1-644x429.jpeg\" alt=\"\" class=\"wp-image-77638\" srcset=\"https:\/\/www.uartes.edu.ec\/sitio\/wp-content\/uploads\/2025\/08\/Proyecto-Cambiar-tamano-de-imagen-2025-08-20T185648.747-1-644x429.jpeg 644w, https:\/\/www.uartes.edu.ec\/sitio\/wp-content\/uploads\/2025\/08\/Proyecto-Cambiar-tamano-de-imagen-2025-08-20T185648.747-1-300x200.jpeg 300w, https:\/\/www.uartes.edu.ec\/sitio\/wp-content\/uploads\/2025\/08\/Proyecto-Cambiar-tamano-de-imagen-2025-08-20T185648.747-1-768x512.jpeg 768w, https:\/\/www.uartes.edu.ec\/sitio\/wp-content\/uploads\/2025\/08\/Proyecto-Cambiar-tamano-de-imagen-2025-08-20T185648.747-1-1536x1024.jpeg 1536w, https:\/\/www.uartes.edu.ec\/sitio\/wp-content\/uploads\/2025\/08\/Proyecto-Cambiar-tamano-de-imagen-2025-08-20T185648.747-1-18x12.jpeg 18w, https:\/\/www.uartes.edu.ec\/sitio\/wp-content\/uploads\/2025\/08\/Proyecto-Cambiar-tamano-de-imagen-2025-08-20T185648.747-1-600x400.jpeg 600w, https:\/\/www.uartes.edu.ec\/sitio\/wp-content\/uploads\/2025\/08\/Proyecto-Cambiar-tamano-de-imagen-2025-08-20T185648.747-1-400x267.jpeg 400w, https:\/\/www.uartes.edu.ec\/sitio\/wp-content\/uploads\/2025\/08\/Proyecto-Cambiar-tamano-de-imagen-2025-08-20T185648.747-1.jpeg 2000w\" sizes=\"(max-width: 644px) 100vw, 644px\" \/><\/figure>\n<\/div>\n\n\n<figure class=\"wp-block-gallery has-nested-images columns-default is-cropped wp-block-gallery-1 is-layout-flex wp-block-gallery-is-layout-flex\">\n<figure class=\"wp-block-image size-large\"><img loading=\"lazy\" decoding=\"async\" width=\"644\" height=\"429\" data-id=\"77602\" src=\"https:\/\/www.uartes.edu.ec\/sitio\/wp-content\/uploads\/2025\/08\/Proyecto-Cambiar-tamano-de-imagen-2025-08-20T183148.535-644x429.jpeg\" alt=\"\" class=\"wp-image-77602\" srcset=\"https:\/\/www.uartes.edu.ec\/sitio\/wp-content\/uploads\/2025\/08\/Proyecto-Cambiar-tamano-de-imagen-2025-08-20T183148.535-644x429.jpeg 644w, https:\/\/www.uartes.edu.ec\/sitio\/wp-content\/uploads\/2025\/08\/Proyecto-Cambiar-tamano-de-imagen-2025-08-20T183148.535-300x200.jpeg 300w, https:\/\/www.uartes.edu.ec\/sitio\/wp-content\/uploads\/2025\/08\/Proyecto-Cambiar-tamano-de-imagen-2025-08-20T183148.535-768x512.jpeg 768w, https:\/\/www.uartes.edu.ec\/sitio\/wp-content\/uploads\/2025\/08\/Proyecto-Cambiar-tamano-de-imagen-2025-08-20T183148.535-1536x1024.jpeg 1536w, https:\/\/www.uartes.edu.ec\/sitio\/wp-content\/uploads\/2025\/08\/Proyecto-Cambiar-tamano-de-imagen-2025-08-20T183148.535-18x12.jpeg 18w, https:\/\/www.uartes.edu.ec\/sitio\/wp-content\/uploads\/2025\/08\/Proyecto-Cambiar-tamano-de-imagen-2025-08-20T183148.535-600x400.jpeg 600w, https:\/\/www.uartes.edu.ec\/sitio\/wp-content\/uploads\/2025\/08\/Proyecto-Cambiar-tamano-de-imagen-2025-08-20T183148.535-400x267.jpeg 400w, https:\/\/www.uartes.edu.ec\/sitio\/wp-content\/uploads\/2025\/08\/Proyecto-Cambiar-tamano-de-imagen-2025-08-20T183148.535.jpeg 2000w\" sizes=\"(max-width: 644px) 100vw, 644px\" \/><\/figure>\n\n\n\n<figure class=\"wp-block-image size-large\"><img loading=\"lazy\" decoding=\"async\" width=\"644\" height=\"429\" data-id=\"77601\" src=\"https:\/\/www.uartes.edu.ec\/sitio\/wp-content\/uploads\/2025\/08\/Proyecto-Cambiar-tamano-de-imagen-2025-08-20T185450.653-644x429.jpeg\" alt=\"\" class=\"wp-image-77601\" srcset=\"https:\/\/www.uartes.edu.ec\/sitio\/wp-content\/uploads\/2025\/08\/Proyecto-Cambiar-tamano-de-imagen-2025-08-20T185450.653-644x429.jpeg 644w, https:\/\/www.uartes.edu.ec\/sitio\/wp-content\/uploads\/2025\/08\/Proyecto-Cambiar-tamano-de-imagen-2025-08-20T185450.653-300x200.jpeg 300w, https:\/\/www.uartes.edu.ec\/sitio\/wp-content\/uploads\/2025\/08\/Proyecto-Cambiar-tamano-de-imagen-2025-08-20T185450.653-768x512.jpeg 768w, https:\/\/www.uartes.edu.ec\/sitio\/wp-content\/uploads\/2025\/08\/Proyecto-Cambiar-tamano-de-imagen-2025-08-20T185450.653-1536x1024.jpeg 1536w, https:\/\/www.uartes.edu.ec\/sitio\/wp-content\/uploads\/2025\/08\/Proyecto-Cambiar-tamano-de-imagen-2025-08-20T185450.653-18x12.jpeg 18w, https:\/\/www.uartes.edu.ec\/sitio\/wp-content\/uploads\/2025\/08\/Proyecto-Cambiar-tamano-de-imagen-2025-08-20T185450.653-600x400.jpeg 600w, https:\/\/www.uartes.edu.ec\/sitio\/wp-content\/uploads\/2025\/08\/Proyecto-Cambiar-tamano-de-imagen-2025-08-20T185450.653-400x267.jpeg 400w, https:\/\/www.uartes.edu.ec\/sitio\/wp-content\/uploads\/2025\/08\/Proyecto-Cambiar-tamano-de-imagen-2025-08-20T185450.653.jpeg 2000w\" sizes=\"(max-width: 644px) 100vw, 644px\" \/><\/figure>\n\n\n\n<figure class=\"wp-block-image size-large\"><img loading=\"lazy\" decoding=\"async\" width=\"644\" height=\"429\" data-id=\"77600\" src=\"https:\/\/www.uartes.edu.ec\/sitio\/wp-content\/uploads\/2025\/08\/Proyecto-Cambiar-tamano-de-imagen-2025-08-20T185546.530-644x429.jpeg\" alt=\"\" class=\"wp-image-77600\" srcset=\"https:\/\/www.uartes.edu.ec\/sitio\/wp-content\/uploads\/2025\/08\/Proyecto-Cambiar-tamano-de-imagen-2025-08-20T185546.530-644x429.jpeg 644w, https:\/\/www.uartes.edu.ec\/sitio\/wp-content\/uploads\/2025\/08\/Proyecto-Cambiar-tamano-de-imagen-2025-08-20T185546.530-300x200.jpeg 300w, https:\/\/www.uartes.edu.ec\/sitio\/wp-content\/uploads\/2025\/08\/Proyecto-Cambiar-tamano-de-imagen-2025-08-20T185546.530-768x512.jpeg 768w, https:\/\/www.uartes.edu.ec\/sitio\/wp-content\/uploads\/2025\/08\/Proyecto-Cambiar-tamano-de-imagen-2025-08-20T185546.530-1536x1024.jpeg 1536w, https:\/\/www.uartes.edu.ec\/sitio\/wp-content\/uploads\/2025\/08\/Proyecto-Cambiar-tamano-de-imagen-2025-08-20T185546.530-18x12.jpeg 18w, https:\/\/www.uartes.edu.ec\/sitio\/wp-content\/uploads\/2025\/08\/Proyecto-Cambiar-tamano-de-imagen-2025-08-20T185546.530-600x400.jpeg 600w, https:\/\/www.uartes.edu.ec\/sitio\/wp-content\/uploads\/2025\/08\/Proyecto-Cambiar-tamano-de-imagen-2025-08-20T185546.530-400x267.jpeg 400w, https:\/\/www.uartes.edu.ec\/sitio\/wp-content\/uploads\/2025\/08\/Proyecto-Cambiar-tamano-de-imagen-2025-08-20T185546.530.jpeg 2000w\" sizes=\"(max-width: 644px) 100vw, 644px\" \/><\/figure>\n<\/figure>\n\n\n\n<p><\/p>","protected":false},"excerpt":{"rendered":"<p>C\u00f3mo trabajar el material para un modelado de arcilla y c\u00f3mo hacer un videomapping fueron junto a varias experimentaciones sonoras algunas de las propuestas que las escuelas de la Universidad de las Artes hicieron a los estudiantes de los planteles educativos convocados a la segunda edici\u00f3n de nuestra Casa Abierta. Tuvo dos jornadas en el Pasaje Illingworh del antiguo Palacio de la Gobernaci\u00f3n, sede matriz de la UArtes.<\/p>","protected":false},"author":10,"featured_media":77635,"comment_status":"open","ping_status":"open","sticky":false,"template":"","format":"standard","meta":{"_acf_changed":false,"_uag_custom_page_level_css":"","_monsterinsights_skip_tracking":false,"_monsterinsights_sitenote_active":false,"_monsterinsights_sitenote_note":"","_monsterinsights_sitenote_category":0,"cybocfi_hide_featured_image":"","footnotes":""},"categories":[80,490,82,159,150,157,265,147,75,76,154,175,83,174],"tags":[517],"infouartes":[],"class_list":["post-77634","post","type-post","status-publish","format-standard","has-post-thumbnail","hentry","category-academico","category-alumni","category-artes","category-artes-escenicas","category-artes-sonoras","category-artes-visuales","category-bienestar-universitario","category-cine","category-docentes","category-estudiantes","category-lenguas-extranjeras","category-literatura","category-sedes","category-transversal","tag-exposicion"],"acf":[],"yoast_head":"<!-- This site is optimized with the Yoast SEO plugin v27.4 - https:\/\/yoast.com\/product\/yoast-seo-wordpress\/ -->\n<title>Universidad de las Artes - UArtes mostr\u00f3 su oferta acad\u00e9mica y anim\u00f3 a futuros universitarios a experimentar con varias propuestas art\u00edsticas en Casa Abierta<\/title>\n<meta name=\"description\" content=\"Universidad de las Artes - UArtes mostr\u00f3 su oferta acad\u00e9mica y anim\u00f3 a futuros universitarios a experimentar con varias propuestas art\u00edsticas en Casa Abierta\" \/>\n<meta name=\"robots\" content=\"index, follow, max-snippet:-1, max-image-preview:large, max-video-preview:-1\" \/>\n<link rel=\"canonical\" href=\"https:\/\/www.uartes.edu.ec\/sitio\/fr\/blog\/2025\/08\/20\/uartes-mostro-oferta-academica-y-animo-a-los-futuros-universitarios-a-experimentar-con-propuestas-artisticas\/\" \/>\n<meta property=\"og:locale\" content=\"fr_FR\" \/>\n<meta property=\"og:type\" content=\"article\" \/>\n<meta property=\"og:title\" content=\"Universidad de las Artes - UArtes mostr\u00f3 su oferta acad\u00e9mica y anim\u00f3 a futuros universitarios a experimentar con varias propuestas art\u00edsticas en Casa Abierta\" \/>\n<meta property=\"og:description\" content=\"Universidad de las Artes - UArtes mostr\u00f3 su oferta acad\u00e9mica y anim\u00f3 a futuros universitarios a experimentar con varias propuestas art\u00edsticas en Casa Abierta\" \/>\n<meta property=\"og:url\" content=\"https:\/\/www.uartes.edu.ec\/sitio\/fr\/blog\/2025\/08\/20\/uartes-mostro-oferta-academica-y-animo-a-los-futuros-universitarios-a-experimentar-con-propuestas-artisticas\/\" \/>\n<meta property=\"og:site_name\" content=\"Universidad de las Artes\" \/>\n<meta property=\"article:publisher\" content=\"https:\/\/www.facebook.com\/uartesec\" \/>\n<meta property=\"article:published_time\" content=\"2025-08-20T23:03:22+00:00\" \/>\n<meta property=\"article:modified_time\" content=\"2025-08-22T23:42:19+00:00\" \/>\n<meta property=\"og:image\" content=\"https:\/\/www.uartes.edu.ec\/sitio\/wp-content\/uploads\/2025\/08\/03-CASA-ABIERTA-2025.jpg\" \/>\n\t<meta property=\"og:image:width\" content=\"2000\" \/>\n\t<meta property=\"og:image:height\" content=\"1333\" \/>\n\t<meta property=\"og:image:type\" content=\"image\/jpeg\" \/>\n<meta name=\"author\" content=\"ccortez\" \/>\n<meta name=\"twitter:card\" content=\"summary_large_image\" \/>\n<meta name=\"twitter:creator\" content=\"@uartesec\" \/>\n<meta name=\"twitter:site\" content=\"@uartesec\" \/>\n<meta name=\"twitter:label1\" content=\"\u00c9crit par\" \/>\n\t<meta name=\"twitter:data1\" content=\"ccortez\" \/>\n\t<meta name=\"twitter:label2\" content=\"Dur\u00e9e de lecture estim\u00e9e\" \/>\n\t<meta name=\"twitter:data2\" content=\"4 minutes\" \/>\n<script type=\"application\/ld+json\" class=\"yoast-schema-graph\">{\"@context\":\"https:\\\/\\\/schema.org\",\"@graph\":[{\"@type\":\"Article\",\"@id\":\"https:\\\/\\\/www.uartes.edu.ec\\\/sitio\\\/fr\\\/blog\\\/2025\\\/08\\\/20\\\/uartes-mostro-oferta-academica-y-animo-a-los-futuros-universitarios-a-experimentar-con-propuestas-artisticas\\\/#article\",\"isPartOf\":{\"@id\":\"https:\\\/\\\/www.uartes.edu.ec\\\/sitio\\\/fr\\\/blog\\\/2025\\\/08\\\/20\\\/uartes-mostro-oferta-academica-y-animo-a-los-futuros-universitarios-a-experimentar-con-propuestas-artisticas\\\/\"},\"author\":{\"name\":\"ccortez\",\"@id\":\"https:\\\/\\\/www.uartes.edu.ec\\\/sitio\\\/fr\\\/#\\\/schema\\\/person\\\/efa1b8275797664fd7f13a79ccc0b1f4\"},\"headline\":\"UArtes mostr\u00f3 su oferta acad\u00e9mica y anim\u00f3 a futuros universitarios a experimentar con varias propuestas art\u00edsticas en Casa Abierta\",\"datePublished\":\"2025-08-20T23:03:22+00:00\",\"dateModified\":\"2025-08-22T23:42:19+00:00\",\"mainEntityOfPage\":{\"@id\":\"https:\\\/\\\/www.uartes.edu.ec\\\/sitio\\\/fr\\\/blog\\\/2025\\\/08\\\/20\\\/uartes-mostro-oferta-academica-y-animo-a-los-futuros-universitarios-a-experimentar-con-propuestas-artisticas\\\/\"},\"wordCount\":790,\"commentCount\":0,\"publisher\":{\"@id\":\"https:\\\/\\\/www.uartes.edu.ec\\\/sitio\\\/fr\\\/#organization\"},\"image\":{\"@id\":\"https:\\\/\\\/www.uartes.edu.ec\\\/sitio\\\/fr\\\/blog\\\/2025\\\/08\\\/20\\\/uartes-mostro-oferta-academica-y-animo-a-los-futuros-universitarios-a-experimentar-con-propuestas-artisticas\\\/#primaryimage\"},\"thumbnailUrl\":\"https:\\\/\\\/www.uartes.edu.ec\\\/sitio\\\/wp-content\\\/uploads\\\/2025\\\/08\\\/03-CASA-ABIERTA-2025.jpg\",\"keywords\":[\"exposici\u00f3n\"],\"articleSection\":[\"Acad\u00e9mico\",\"Alumni\",\"Artes\",\"Artes Esc\u00e9nicas\",\"Artes Sonoras\",\"Artes Visuales\",\"Bienestar Universitario\",\"Cine\",\"Docentes\",\"Estudiantes\",\"Lenguas Extranjeras\",\"Literatura\",\"Sedes\",\"Transversal\"],\"inLanguage\":\"fr-FR\",\"potentialAction\":[{\"@type\":\"CommentAction\",\"name\":\"Comment\",\"target\":[\"https:\\\/\\\/www.uartes.edu.ec\\\/sitio\\\/fr\\\/blog\\\/2025\\\/08\\\/20\\\/uartes-mostro-oferta-academica-y-animo-a-los-futuros-universitarios-a-experimentar-con-propuestas-artisticas\\\/#respond\"]}]},{\"@type\":[\"WebPage\",\"ItemPage\"],\"@id\":\"https:\\\/\\\/www.uartes.edu.ec\\\/sitio\\\/fr\\\/blog\\\/2025\\\/08\\\/20\\\/uartes-mostro-oferta-academica-y-animo-a-los-futuros-universitarios-a-experimentar-con-propuestas-artisticas\\\/\",\"url\":\"https:\\\/\\\/www.uartes.edu.ec\\\/sitio\\\/fr\\\/blog\\\/2025\\\/08\\\/20\\\/uartes-mostro-oferta-academica-y-animo-a-los-futuros-universitarios-a-experimentar-con-propuestas-artisticas\\\/\",\"name\":\"Universidad de las Artes - UArtes mostr\u00f3 su oferta acad\u00e9mica y anim\u00f3 a futuros universitarios a experimentar con varias propuestas art\u00edsticas en Casa Abierta\",\"isPartOf\":{\"@id\":\"https:\\\/\\\/www.uartes.edu.ec\\\/sitio\\\/fr\\\/#website\"},\"primaryImageOfPage\":{\"@id\":\"https:\\\/\\\/www.uartes.edu.ec\\\/sitio\\\/fr\\\/blog\\\/2025\\\/08\\\/20\\\/uartes-mostro-oferta-academica-y-animo-a-los-futuros-universitarios-a-experimentar-con-propuestas-artisticas\\\/#primaryimage\"},\"image\":{\"@id\":\"https:\\\/\\\/www.uartes.edu.ec\\\/sitio\\\/fr\\\/blog\\\/2025\\\/08\\\/20\\\/uartes-mostro-oferta-academica-y-animo-a-los-futuros-universitarios-a-experimentar-con-propuestas-artisticas\\\/#primaryimage\"},\"thumbnailUrl\":\"https:\\\/\\\/www.uartes.edu.ec\\\/sitio\\\/wp-content\\\/uploads\\\/2025\\\/08\\\/03-CASA-ABIERTA-2025.jpg\",\"datePublished\":\"2025-08-20T23:03:22+00:00\",\"dateModified\":\"2025-08-22T23:42:19+00:00\",\"description\":\"Universidad de las Artes - UArtes mostr\u00f3 su oferta acad\u00e9mica y anim\u00f3 a futuros universitarios a experimentar con varias propuestas art\u00edsticas en Casa Abierta\",\"breadcrumb\":{\"@id\":\"https:\\\/\\\/www.uartes.edu.ec\\\/sitio\\\/fr\\\/blog\\\/2025\\\/08\\\/20\\\/uartes-mostro-oferta-academica-y-animo-a-los-futuros-universitarios-a-experimentar-con-propuestas-artisticas\\\/#breadcrumb\"},\"inLanguage\":\"fr-FR\",\"potentialAction\":[{\"@type\":\"ReadAction\",\"target\":[\"https:\\\/\\\/www.uartes.edu.ec\\\/sitio\\\/fr\\\/blog\\\/2025\\\/08\\\/20\\\/uartes-mostro-oferta-academica-y-animo-a-los-futuros-universitarios-a-experimentar-con-propuestas-artisticas\\\/\"]}]},{\"@type\":\"ImageObject\",\"inLanguage\":\"fr-FR\",\"@id\":\"https:\\\/\\\/www.uartes.edu.ec\\\/sitio\\\/fr\\\/blog\\\/2025\\\/08\\\/20\\\/uartes-mostro-oferta-academica-y-animo-a-los-futuros-universitarios-a-experimentar-con-propuestas-artisticas\\\/#primaryimage\",\"url\":\"https:\\\/\\\/www.uartes.edu.ec\\\/sitio\\\/wp-content\\\/uploads\\\/2025\\\/08\\\/03-CASA-ABIERTA-2025.jpg\",\"contentUrl\":\"https:\\\/\\\/www.uartes.edu.ec\\\/sitio\\\/wp-content\\\/uploads\\\/2025\\\/08\\\/03-CASA-ABIERTA-2025.jpg\",\"width\":2000,\"height\":1333},{\"@type\":\"BreadcrumbList\",\"@id\":\"https:\\\/\\\/www.uartes.edu.ec\\\/sitio\\\/fr\\\/blog\\\/2025\\\/08\\\/20\\\/uartes-mostro-oferta-academica-y-animo-a-los-futuros-universitarios-a-experimentar-con-propuestas-artisticas\\\/#breadcrumb\",\"itemListElement\":[{\"@type\":\"ListItem\",\"position\":1,\"name\":\"Inicio\",\"item\":\"https:\\\/\\\/www.uartes.edu.ec\\\/sitio\\\/\"},{\"@type\":\"ListItem\",\"position\":2,\"name\":\"UArtes mostr\u00f3 su oferta acad\u00e9mica y anim\u00f3 a futuros universitarios a experimentar con varias propuestas art\u00edsticas en Casa Abierta\"}]},{\"@type\":\"WebSite\",\"@id\":\"https:\\\/\\\/www.uartes.edu.ec\\\/sitio\\\/fr\\\/#website\",\"url\":\"https:\\\/\\\/www.uartes.edu.ec\\\/sitio\\\/fr\\\/\",\"name\":\"Universidad de las Artes\",\"description\":\"Sitio oficial de la Universidad Nacional de las Artes del Ecuador\",\"publisher\":{\"@id\":\"https:\\\/\\\/www.uartes.edu.ec\\\/sitio\\\/fr\\\/#organization\"},\"potentialAction\":[{\"@type\":\"SearchAction\",\"target\":{\"@type\":\"EntryPoint\",\"urlTemplate\":\"https:\\\/\\\/www.uartes.edu.ec\\\/sitio\\\/fr\\\/?s={search_term_string}\"},\"query-input\":{\"@type\":\"PropertyValueSpecification\",\"valueRequired\":true,\"valueName\":\"search_term_string\"}}],\"inLanguage\":\"fr-FR\"},{\"@type\":\"Organization\",\"@id\":\"https:\\\/\\\/www.uartes.edu.ec\\\/sitio\\\/fr\\\/#organization\",\"name\":\"Universidad de las Artes\",\"url\":\"https:\\\/\\\/www.uartes.edu.ec\\\/sitio\\\/fr\\\/\",\"logo\":{\"@type\":\"ImageObject\",\"inLanguage\":\"fr-FR\",\"@id\":\"https:\\\/\\\/www.uartes.edu.ec\\\/sitio\\\/fr\\\/#\\\/schema\\\/logo\\\/image\\\/\",\"url\":\"https:\\\/\\\/www.uartes.edu.ec\\\/sitio\\\/wp-content\\\/uploads\\\/2022\\\/07\\\/logo-ua-horizontal.png\",\"contentUrl\":\"https:\\\/\\\/www.uartes.edu.ec\\\/sitio\\\/wp-content\\\/uploads\\\/2022\\\/07\\\/logo-ua-horizontal.png\",\"width\":800,\"height\":276,\"caption\":\"Universidad de las Artes\"},\"image\":{\"@id\":\"https:\\\/\\\/www.uartes.edu.ec\\\/sitio\\\/fr\\\/#\\\/schema\\\/logo\\\/image\\\/\"},\"sameAs\":[\"https:\\\/\\\/www.facebook.com\\\/uartesec\",\"https:\\\/\\\/x.com\\\/uartesec\",\"https:\\\/\\\/www.tiktok.com\\\/@uartesec\"]},{\"@type\":\"Person\",\"@id\":\"https:\\\/\\\/www.uartes.edu.ec\\\/sitio\\\/fr\\\/#\\\/schema\\\/person\\\/efa1b8275797664fd7f13a79ccc0b1f4\",\"name\":\"ccortez\",\"image\":{\"@type\":\"ImageObject\",\"inLanguage\":\"fr-FR\",\"@id\":\"https:\\\/\\\/secure.gravatar.com\\\/avatar\\\/b2a6f664a3ae8e074346ef91775736c5ec479e637ecced6842de9dc98b5da9cd?s=96&d=mm&r=g\",\"url\":\"https:\\\/\\\/secure.gravatar.com\\\/avatar\\\/b2a6f664a3ae8e074346ef91775736c5ec479e637ecced6842de9dc98b5da9cd?s=96&d=mm&r=g\",\"contentUrl\":\"https:\\\/\\\/secure.gravatar.com\\\/avatar\\\/b2a6f664a3ae8e074346ef91775736c5ec479e637ecced6842de9dc98b5da9cd?s=96&d=mm&r=g\",\"caption\":\"ccortez\"},\"url\":\"https:\\\/\\\/www.uartes.edu.ec\\\/sitio\\\/fr\\\/blog\\\/author\\\/ccortez\\\/\"}]}<\/script>\n<!-- \/ Yoast SEO plugin. -->","yoast_head_json":{"title":"Universidad de las Artes - UArtes mostr\u00f3 su oferta acad\u00e9mica y anim\u00f3 a futuros universitarios a experimentar con varias propuestas art\u00edsticas en Casa Abierta","description":"Universidad de las Artes - UArtes mostr\u00f3 su oferta acad\u00e9mica y anim\u00f3 a futuros universitarios a experimentar con varias propuestas art\u00edsticas en Casa Abierta","robots":{"index":"index","follow":"follow","max-snippet":"max-snippet:-1","max-image-preview":"max-image-preview:large","max-video-preview":"max-video-preview:-1"},"canonical":"https:\/\/www.uartes.edu.ec\/sitio\/fr\/blog\/2025\/08\/20\/uartes-mostro-oferta-academica-y-animo-a-los-futuros-universitarios-a-experimentar-con-propuestas-artisticas\/","og_locale":"fr_FR","og_type":"article","og_title":"Universidad de las Artes - UArtes mostr\u00f3 su oferta acad\u00e9mica y anim\u00f3 a futuros universitarios a experimentar con varias propuestas art\u00edsticas en Casa Abierta","og_description":"Universidad de las Artes - UArtes mostr\u00f3 su oferta acad\u00e9mica y anim\u00f3 a futuros universitarios a experimentar con varias propuestas art\u00edsticas en Casa Abierta","og_url":"https:\/\/www.uartes.edu.ec\/sitio\/fr\/blog\/2025\/08\/20\/uartes-mostro-oferta-academica-y-animo-a-los-futuros-universitarios-a-experimentar-con-propuestas-artisticas\/","og_site_name":"Universidad de las Artes","article_publisher":"https:\/\/www.facebook.com\/uartesec","article_published_time":"2025-08-20T23:03:22+00:00","article_modified_time":"2025-08-22T23:42:19+00:00","og_image":[{"width":2000,"height":1333,"url":"https:\/\/www.uartes.edu.ec\/sitio\/wp-content\/uploads\/2025\/08\/03-CASA-ABIERTA-2025.jpg","type":"image\/jpeg"}],"author":"ccortez","twitter_card":"summary_large_image","twitter_creator":"@uartesec","twitter_site":"@uartesec","twitter_misc":{"\u00c9crit par":"ccortez","Dur\u00e9e de lecture estim\u00e9e":"4 minutes"},"schema":{"@context":"https:\/\/schema.org","@graph":[{"@type":"Article","@id":"https:\/\/www.uartes.edu.ec\/sitio\/fr\/blog\/2025\/08\/20\/uartes-mostro-oferta-academica-y-animo-a-los-futuros-universitarios-a-experimentar-con-propuestas-artisticas\/#article","isPartOf":{"@id":"https:\/\/www.uartes.edu.ec\/sitio\/fr\/blog\/2025\/08\/20\/uartes-mostro-oferta-academica-y-animo-a-los-futuros-universitarios-a-experimentar-con-propuestas-artisticas\/"},"author":{"name":"ccortez","@id":"https:\/\/www.uartes.edu.ec\/sitio\/fr\/#\/schema\/person\/efa1b8275797664fd7f13a79ccc0b1f4"},"headline":"UArtes mostr\u00f3 su oferta acad\u00e9mica y anim\u00f3 a futuros universitarios a experimentar con varias propuestas art\u00edsticas en Casa Abierta","datePublished":"2025-08-20T23:03:22+00:00","dateModified":"2025-08-22T23:42:19+00:00","mainEntityOfPage":{"@id":"https:\/\/www.uartes.edu.ec\/sitio\/fr\/blog\/2025\/08\/20\/uartes-mostro-oferta-academica-y-animo-a-los-futuros-universitarios-a-experimentar-con-propuestas-artisticas\/"},"wordCount":790,"commentCount":0,"publisher":{"@id":"https:\/\/www.uartes.edu.ec\/sitio\/fr\/#organization"},"image":{"@id":"https:\/\/www.uartes.edu.ec\/sitio\/fr\/blog\/2025\/08\/20\/uartes-mostro-oferta-academica-y-animo-a-los-futuros-universitarios-a-experimentar-con-propuestas-artisticas\/#primaryimage"},"thumbnailUrl":"https:\/\/www.uartes.edu.ec\/sitio\/wp-content\/uploads\/2025\/08\/03-CASA-ABIERTA-2025.jpg","keywords":["exposici\u00f3n"],"articleSection":["Acad\u00e9mico","Alumni","Artes","Artes Esc\u00e9nicas","Artes Sonoras","Artes Visuales","Bienestar Universitario","Cine","Docentes","Estudiantes","Lenguas Extranjeras","Literatura","Sedes","Transversal"],"inLanguage":"fr-FR","potentialAction":[{"@type":"CommentAction","name":"Comment","target":["https:\/\/www.uartes.edu.ec\/sitio\/fr\/blog\/2025\/08\/20\/uartes-mostro-oferta-academica-y-animo-a-los-futuros-universitarios-a-experimentar-con-propuestas-artisticas\/#respond"]}]},{"@type":["WebPage","ItemPage"],"@id":"https:\/\/www.uartes.edu.ec\/sitio\/fr\/blog\/2025\/08\/20\/uartes-mostro-oferta-academica-y-animo-a-los-futuros-universitarios-a-experimentar-con-propuestas-artisticas\/","url":"https:\/\/www.uartes.edu.ec\/sitio\/fr\/blog\/2025\/08\/20\/uartes-mostro-oferta-academica-y-animo-a-los-futuros-universitarios-a-experimentar-con-propuestas-artisticas\/","name":"Universidad de las Artes - UArtes mostr\u00f3 su oferta acad\u00e9mica y anim\u00f3 a futuros universitarios a experimentar con varias propuestas art\u00edsticas en Casa Abierta","isPartOf":{"@id":"https:\/\/www.uartes.edu.ec\/sitio\/fr\/#website"},"primaryImageOfPage":{"@id":"https:\/\/www.uartes.edu.ec\/sitio\/fr\/blog\/2025\/08\/20\/uartes-mostro-oferta-academica-y-animo-a-los-futuros-universitarios-a-experimentar-con-propuestas-artisticas\/#primaryimage"},"image":{"@id":"https:\/\/www.uartes.edu.ec\/sitio\/fr\/blog\/2025\/08\/20\/uartes-mostro-oferta-academica-y-animo-a-los-futuros-universitarios-a-experimentar-con-propuestas-artisticas\/#primaryimage"},"thumbnailUrl":"https:\/\/www.uartes.edu.ec\/sitio\/wp-content\/uploads\/2025\/08\/03-CASA-ABIERTA-2025.jpg","datePublished":"2025-08-20T23:03:22+00:00","dateModified":"2025-08-22T23:42:19+00:00","description":"Universidad de las Artes - UArtes mostr\u00f3 su oferta acad\u00e9mica y anim\u00f3 a futuros universitarios a experimentar con varias propuestas art\u00edsticas en Casa Abierta","breadcrumb":{"@id":"https:\/\/www.uartes.edu.ec\/sitio\/fr\/blog\/2025\/08\/20\/uartes-mostro-oferta-academica-y-animo-a-los-futuros-universitarios-a-experimentar-con-propuestas-artisticas\/#breadcrumb"},"inLanguage":"fr-FR","potentialAction":[{"@type":"ReadAction","target":["https:\/\/www.uartes.edu.ec\/sitio\/fr\/blog\/2025\/08\/20\/uartes-mostro-oferta-academica-y-animo-a-los-futuros-universitarios-a-experimentar-con-propuestas-artisticas\/"]}]},{"@type":"ImageObject","inLanguage":"fr-FR","@id":"https:\/\/www.uartes.edu.ec\/sitio\/fr\/blog\/2025\/08\/20\/uartes-mostro-oferta-academica-y-animo-a-los-futuros-universitarios-a-experimentar-con-propuestas-artisticas\/#primaryimage","url":"https:\/\/www.uartes.edu.ec\/sitio\/wp-content\/uploads\/2025\/08\/03-CASA-ABIERTA-2025.jpg","contentUrl":"https:\/\/www.uartes.edu.ec\/sitio\/wp-content\/uploads\/2025\/08\/03-CASA-ABIERTA-2025.jpg","width":2000,"height":1333},{"@type":"BreadcrumbList","@id":"https:\/\/www.uartes.edu.ec\/sitio\/fr\/blog\/2025\/08\/20\/uartes-mostro-oferta-academica-y-animo-a-los-futuros-universitarios-a-experimentar-con-propuestas-artisticas\/#breadcrumb","itemListElement":[{"@type":"ListItem","position":1,"name":"Inicio","item":"https:\/\/www.uartes.edu.ec\/sitio\/"},{"@type":"ListItem","position":2,"name":"UArtes mostr\u00f3 su oferta acad\u00e9mica y anim\u00f3 a futuros universitarios a experimentar con varias propuestas art\u00edsticas en Casa Abierta"}]},{"@type":"WebSite","@id":"https:\/\/www.uartes.edu.ec\/sitio\/fr\/#website","url":"https:\/\/www.uartes.edu.ec\/sitio\/fr\/","name":"Universidad de las Artes","description":"Sitio oficial de la Universidad Nacional de las Artes del Ecuador","publisher":{"@id":"https:\/\/www.uartes.edu.ec\/sitio\/fr\/#organization"},"potentialAction":[{"@type":"SearchAction","target":{"@type":"EntryPoint","urlTemplate":"https:\/\/www.uartes.edu.ec\/sitio\/fr\/?s={search_term_string}"},"query-input":{"@type":"PropertyValueSpecification","valueRequired":true,"valueName":"search_term_string"}}],"inLanguage":"fr-FR"},{"@type":"Organization","@id":"https:\/\/www.uartes.edu.ec\/sitio\/fr\/#organization","name":"Universidad de las Artes","url":"https:\/\/www.uartes.edu.ec\/sitio\/fr\/","logo":{"@type":"ImageObject","inLanguage":"fr-FR","@id":"https:\/\/www.uartes.edu.ec\/sitio\/fr\/#\/schema\/logo\/image\/","url":"https:\/\/www.uartes.edu.ec\/sitio\/wp-content\/uploads\/2022\/07\/logo-ua-horizontal.png","contentUrl":"https:\/\/www.uartes.edu.ec\/sitio\/wp-content\/uploads\/2022\/07\/logo-ua-horizontal.png","width":800,"height":276,"caption":"Universidad de las Artes"},"image":{"@id":"https:\/\/www.uartes.edu.ec\/sitio\/fr\/#\/schema\/logo\/image\/"},"sameAs":["https:\/\/www.facebook.com\/uartesec","https:\/\/x.com\/uartesec","https:\/\/www.tiktok.com\/@uartesec"]},{"@type":"Person","@id":"https:\/\/www.uartes.edu.ec\/sitio\/fr\/#\/schema\/person\/efa1b8275797664fd7f13a79ccc0b1f4","name":"ccortez","image":{"@type":"ImageObject","inLanguage":"fr-FR","@id":"https:\/\/secure.gravatar.com\/avatar\/b2a6f664a3ae8e074346ef91775736c5ec479e637ecced6842de9dc98b5da9cd?s=96&d=mm&r=g","url":"https:\/\/secure.gravatar.com\/avatar\/b2a6f664a3ae8e074346ef91775736c5ec479e637ecced6842de9dc98b5da9cd?s=96&d=mm&r=g","contentUrl":"https:\/\/secure.gravatar.com\/avatar\/b2a6f664a3ae8e074346ef91775736c5ec479e637ecced6842de9dc98b5da9cd?s=96&d=mm&r=g","caption":"ccortez"},"url":"https:\/\/www.uartes.edu.ec\/sitio\/fr\/blog\/author\/ccortez\/"}]}},"uagb_featured_image_src":{"full":["https:\/\/www.uartes.edu.ec\/sitio\/wp-content\/uploads\/2025\/08\/03-CASA-ABIERTA-2025.jpg",2000,1333,false],"thumbnail":["https:\/\/www.uartes.edu.ec\/sitio\/wp-content\/uploads\/2025\/08\/03-CASA-ABIERTA-2025-150x150.jpg",150,150,true],"medium":["https:\/\/www.uartes.edu.ec\/sitio\/wp-content\/uploads\/2025\/08\/03-CASA-ABIERTA-2025-300x200.jpg",300,200,true],"medium_large":["https:\/\/www.uartes.edu.ec\/sitio\/wp-content\/uploads\/2025\/08\/03-CASA-ABIERTA-2025-768x512.jpg",768,512,true],"large":["https:\/\/www.uartes.edu.ec\/sitio\/wp-content\/uploads\/2025\/08\/03-CASA-ABIERTA-2025-644x429.jpg",644,429,true],"1536x1536":["https:\/\/www.uartes.edu.ec\/sitio\/wp-content\/uploads\/2025\/08\/03-CASA-ABIERTA-2025-1536x1024.jpg",1536,1024,true],"2048x2048":["https:\/\/www.uartes.edu.ec\/sitio\/wp-content\/uploads\/2025\/08\/03-CASA-ABIERTA-2025.jpg",2000,1333,false],"trp-custom-language-flag":["https:\/\/www.uartes.edu.ec\/sitio\/wp-content\/uploads\/2025\/08\/03-CASA-ABIERTA-2025-18x12.jpg",18,12,true],"htmega_size_585x295":["https:\/\/www.uartes.edu.ec\/sitio\/wp-content\/uploads\/2025\/08\/03-CASA-ABIERTA-2025-585x295.jpg",585,295,true],"htmega_size_1170x536":["https:\/\/www.uartes.edu.ec\/sitio\/wp-content\/uploads\/2025\/08\/03-CASA-ABIERTA-2025-1170x536.jpg",1170,536,true],"htmega_size_396x360":["https:\/\/www.uartes.edu.ec\/sitio\/wp-content\/uploads\/2025\/08\/03-CASA-ABIERTA-2025-396x360.jpg",396,360,true],"gb-block-post-grid-landscape":["https:\/\/www.uartes.edu.ec\/sitio\/wp-content\/uploads\/2025\/08\/03-CASA-ABIERTA-2025-600x400.jpg",600,400,true],"gb-block-post-grid-square":["https:\/\/www.uartes.edu.ec\/sitio\/wp-content\/uploads\/2025\/08\/03-CASA-ABIERTA-2025-600x600.jpg",600,600,true],"university-hub-thumb":["https:\/\/www.uartes.edu.ec\/sitio\/wp-content\/uploads\/2025\/08\/03-CASA-ABIERTA-2025-400x267.jpg",400,267,true],"mailpoet_newsletter_max":["https:\/\/www.uartes.edu.ec\/sitio\/wp-content\/uploads\/2025\/08\/03-CASA-ABIERTA-2025.jpg",1320,880,false]},"uagb_author_info":{"display_name":"ccortez","author_link":"https:\/\/www.uartes.edu.ec\/sitio\/fr\/blog\/author\/ccortez\/"},"uagb_comment_info":0,"uagb_excerpt":"C\u00f3mo trabajar el material para un modelado de arcilla y c\u00f3mo hacer un videomapping fueron junto a varias experimentaciones sonoras algunas de las propuestas que las escuelas de la Universidad de las Artes hicieron a los estudiantes de los planteles educativos convocados a la segunda edici\u00f3n de nuestra Casa Abierta. Tuvo dos jornadas en el\u2026","featured_image_src":"https:\/\/www.uartes.edu.ec\/sitio\/wp-content\/uploads\/2025\/08\/03-CASA-ABIERTA-2025-600x400.jpg","featured_image_src_square":"https:\/\/www.uartes.edu.ec\/sitio\/wp-content\/uploads\/2025\/08\/03-CASA-ABIERTA-2025-600x600.jpg","author_info":{"display_name":"ccortez","author_link":"https:\/\/www.uartes.edu.ec\/sitio\/fr\/blog\/author\/ccortez\/"},"publishpress_future_workflow_manual_trigger":{"enabledWorkflows":[]},"distributor_meta":false,"distributor_terms":false,"distributor_media":false,"distributor_original_site_name":"Universidad de las Artes","distributor_original_site_url":"https:\/\/www.uartes.edu.ec\/sitio\/fr","push-errors":false,"_links":{"self":[{"href":"https:\/\/www.uartes.edu.ec\/sitio\/fr\/wp-json\/wp\/v2\/posts\/77634","targetHints":{"allow":["GET"]}}],"collection":[{"href":"https:\/\/www.uartes.edu.ec\/sitio\/fr\/wp-json\/wp\/v2\/posts"}],"about":[{"href":"https:\/\/www.uartes.edu.ec\/sitio\/fr\/wp-json\/wp\/v2\/types\/post"}],"author":[{"embeddable":true,"href":"https:\/\/www.uartes.edu.ec\/sitio\/fr\/wp-json\/wp\/v2\/users\/10"}],"replies":[{"embeddable":true,"href":"https:\/\/www.uartes.edu.ec\/sitio\/fr\/wp-json\/wp\/v2\/comments?post=77634"}],"version-history":[{"count":6,"href":"https:\/\/www.uartes.edu.ec\/sitio\/fr\/wp-json\/wp\/v2\/posts\/77634\/revisions"}],"predecessor-version":[{"id":77658,"href":"https:\/\/www.uartes.edu.ec\/sitio\/fr\/wp-json\/wp\/v2\/posts\/77634\/revisions\/77658"}],"wp:featuredmedia":[{"embeddable":true,"href":"https:\/\/www.uartes.edu.ec\/sitio\/fr\/wp-json\/wp\/v2\/media\/77635"}],"wp:attachment":[{"href":"https:\/\/www.uartes.edu.ec\/sitio\/fr\/wp-json\/wp\/v2\/media?parent=77634"}],"wp:term":[{"taxonomy":"category","embeddable":true,"href":"https:\/\/www.uartes.edu.ec\/sitio\/fr\/wp-json\/wp\/v2\/categories?post=77634"},{"taxonomy":"post_tag","embeddable":true,"href":"https:\/\/www.uartes.edu.ec\/sitio\/fr\/wp-json\/wp\/v2\/tags?post=77634"},{"taxonomy":"infouartes","embeddable":true,"href":"https:\/\/www.uartes.edu.ec\/sitio\/fr\/wp-json\/wp\/v2\/infouartes?post=77634"}],"curies":[{"name":"wp","href":"https:\/\/api.w.org\/{rel}","templated":true}]}}