{"id":78821,"date":"2025-09-12T10:20:00","date_gmt":"2025-09-12T15:20:00","guid":{"rendered":"https:\/\/www.uartes.edu.ec\/sitio\/?p=78821"},"modified":"2025-09-12T10:23:31","modified_gmt":"2025-09-12T15:23:31","slug":"ensayo-abierto-de-nina-madre-madre-santa-y-si-la-madre-no-fuera-virgen-obra-interdisciplinar-que-gano-fondos-del-ifaic","status":"publish","type":"post","link":"https:\/\/www.uartes.edu.ec\/sitio\/fr\/blog\/2025\/09\/12\/ensayo-abierto-de-nina-madre-madre-santa-y-si-la-madre-no-fuera-virgen-obra-interdisciplinar-que-gano-fondos-del-ifaic\/","title":{"rendered":"Ensayo abierto de \u201cNi\u00f1a madre, Madre santa. \u00bfY si la madre no fuera virgen?\u201d, obra interdisciplinar que gan\u00f3 fondos del IFAIC"},"content":{"rendered":"<p>Estudiantes en proceso de titulaci\u00f3n y graduados de varias escuelas de la Universidad de las Artes fusionaron sus talentos y saberes para llevar a escena la obra \u201cNi\u00f1a madre, Madre santa. \u00bfY si la madre no fuera virgen?\u201d, cuyo estreno est\u00e1n programando realizarlo en Manab\u00ed, en una fecha pr\u00f3xima a\u00fan por definir. No obstante, este s\u00e1bado 13 de septiembre tendr\u00e1n un ensayo abierto, a las 19:00, en la Plaza P\u00fablica del MZ14 Centro de Producci\u00f3n e Innovaci\u00f3n de la Universidad de las Artes.<\/p>\n\n\n\n<p>Yajaira Napa Veliz, estudiante de Creaci\u00f3n Teatral, entrando a titulaci\u00f3n, es quien escribi\u00f3 la obra y tambi\u00e9n la postul\u00f3 para el concurso p\u00fablico de Producci\u00f3n de Artes Esc\u00e9nicas y Artes Vivas 2024 del IFAIC (Instituto del Fomento de las Artes y la Creatividad), antes conocido como IFCI (Instituto de Fomento a la Creatividad y la Innovaci\u00f3n). El proyecto fue seleccionado y desde hace unos seis meses lo viene trabajando junto a compa\u00f1eros de carrera y de otras escuelas UArtes, convirti\u00e9ndose, por tanto, en una propuesta interdisciplinar.<\/p>\n\n\n\n<p>El concurso, seg\u00fan se indica en el sitio web de la IFAIC, busca financiar proyectos de diversas disciplinas, como teatro, danza, circo y performance, apoyando a elencos ecuatorianos con incentivos financieros no reembolsables para su realizaci\u00f3n.<\/p>\n\n\n<div class=\"wp-block-image\">\n<figure class=\"aligncenter size-large\"><img fetchpriority=\"high\" decoding=\"async\" width=\"644\" height=\"429\" src=\"https:\/\/www.uartes.edu.ec\/sitio\/wp-content\/uploads\/2025\/09\/Proyecto-Cambiar-tamano-de-imagen-2025-09-10T152618.638-644x429.jpeg\" alt=\"\" class=\"wp-image-78823\" srcset=\"https:\/\/www.uartes.edu.ec\/sitio\/wp-content\/uploads\/2025\/09\/Proyecto-Cambiar-tamano-de-imagen-2025-09-10T152618.638-644x429.jpeg 644w, https:\/\/www.uartes.edu.ec\/sitio\/wp-content\/uploads\/2025\/09\/Proyecto-Cambiar-tamano-de-imagen-2025-09-10T152618.638-300x200.jpeg 300w, https:\/\/www.uartes.edu.ec\/sitio\/wp-content\/uploads\/2025\/09\/Proyecto-Cambiar-tamano-de-imagen-2025-09-10T152618.638-768x512.jpeg 768w, https:\/\/www.uartes.edu.ec\/sitio\/wp-content\/uploads\/2025\/09\/Proyecto-Cambiar-tamano-de-imagen-2025-09-10T152618.638-1536x1024.jpeg 1536w, https:\/\/www.uartes.edu.ec\/sitio\/wp-content\/uploads\/2025\/09\/Proyecto-Cambiar-tamano-de-imagen-2025-09-10T152618.638-18x12.jpeg 18w, https:\/\/www.uartes.edu.ec\/sitio\/wp-content\/uploads\/2025\/09\/Proyecto-Cambiar-tamano-de-imagen-2025-09-10T152618.638-600x400.jpeg 600w, https:\/\/www.uartes.edu.ec\/sitio\/wp-content\/uploads\/2025\/09\/Proyecto-Cambiar-tamano-de-imagen-2025-09-10T152618.638-400x267.jpeg 400w, https:\/\/www.uartes.edu.ec\/sitio\/wp-content\/uploads\/2025\/09\/Proyecto-Cambiar-tamano-de-imagen-2025-09-10T152618.638.jpeg 2000w\" sizes=\"(max-width: 644px) 100vw, 644px\" \/><\/figure>\n<\/div>\n\n\n<figure class=\"wp-block-gallery has-nested-images columns-default is-cropped wp-block-gallery-1 is-layout-flex wp-block-gallery-is-layout-flex\">\n<figure class=\"wp-block-image size-large\"><img decoding=\"async\" width=\"644\" height=\"429\" data-id=\"78824\" src=\"https:\/\/www.uartes.edu.ec\/sitio\/wp-content\/uploads\/2025\/09\/Proyecto-Cambiar-tamano-de-imagen-2025-09-10T153051.237-644x429.jpeg\" alt=\"\" class=\"wp-image-78824\" srcset=\"https:\/\/www.uartes.edu.ec\/sitio\/wp-content\/uploads\/2025\/09\/Proyecto-Cambiar-tamano-de-imagen-2025-09-10T153051.237-644x429.jpeg 644w, https:\/\/www.uartes.edu.ec\/sitio\/wp-content\/uploads\/2025\/09\/Proyecto-Cambiar-tamano-de-imagen-2025-09-10T153051.237-300x200.jpeg 300w, https:\/\/www.uartes.edu.ec\/sitio\/wp-content\/uploads\/2025\/09\/Proyecto-Cambiar-tamano-de-imagen-2025-09-10T153051.237-768x512.jpeg 768w, https:\/\/www.uartes.edu.ec\/sitio\/wp-content\/uploads\/2025\/09\/Proyecto-Cambiar-tamano-de-imagen-2025-09-10T153051.237-1536x1024.jpeg 1536w, https:\/\/www.uartes.edu.ec\/sitio\/wp-content\/uploads\/2025\/09\/Proyecto-Cambiar-tamano-de-imagen-2025-09-10T153051.237-18x12.jpeg 18w, https:\/\/www.uartes.edu.ec\/sitio\/wp-content\/uploads\/2025\/09\/Proyecto-Cambiar-tamano-de-imagen-2025-09-10T153051.237-600x400.jpeg 600w, https:\/\/www.uartes.edu.ec\/sitio\/wp-content\/uploads\/2025\/09\/Proyecto-Cambiar-tamano-de-imagen-2025-09-10T153051.237-400x267.jpeg 400w, https:\/\/www.uartes.edu.ec\/sitio\/wp-content\/uploads\/2025\/09\/Proyecto-Cambiar-tamano-de-imagen-2025-09-10T153051.237.jpeg 2000w\" sizes=\"(max-width: 644px) 100vw, 644px\" \/><\/figure>\n\n\n\n<figure class=\"wp-block-image size-large\"><img decoding=\"async\" width=\"644\" height=\"429\" data-id=\"78825\" src=\"https:\/\/www.uartes.edu.ec\/sitio\/wp-content\/uploads\/2025\/09\/Proyecto-Cambiar-tamano-de-imagen-2025-09-10T153013.207-644x429.jpeg\" alt=\"\" class=\"wp-image-78825\" srcset=\"https:\/\/www.uartes.edu.ec\/sitio\/wp-content\/uploads\/2025\/09\/Proyecto-Cambiar-tamano-de-imagen-2025-09-10T153013.207-644x429.jpeg 644w, https:\/\/www.uartes.edu.ec\/sitio\/wp-content\/uploads\/2025\/09\/Proyecto-Cambiar-tamano-de-imagen-2025-09-10T153013.207-300x200.jpeg 300w, https:\/\/www.uartes.edu.ec\/sitio\/wp-content\/uploads\/2025\/09\/Proyecto-Cambiar-tamano-de-imagen-2025-09-10T153013.207-768x512.jpeg 768w, https:\/\/www.uartes.edu.ec\/sitio\/wp-content\/uploads\/2025\/09\/Proyecto-Cambiar-tamano-de-imagen-2025-09-10T153013.207-1536x1024.jpeg 1536w, https:\/\/www.uartes.edu.ec\/sitio\/wp-content\/uploads\/2025\/09\/Proyecto-Cambiar-tamano-de-imagen-2025-09-10T153013.207-18x12.jpeg 18w, https:\/\/www.uartes.edu.ec\/sitio\/wp-content\/uploads\/2025\/09\/Proyecto-Cambiar-tamano-de-imagen-2025-09-10T153013.207-600x400.jpeg 600w, https:\/\/www.uartes.edu.ec\/sitio\/wp-content\/uploads\/2025\/09\/Proyecto-Cambiar-tamano-de-imagen-2025-09-10T153013.207-400x267.jpeg 400w, https:\/\/www.uartes.edu.ec\/sitio\/wp-content\/uploads\/2025\/09\/Proyecto-Cambiar-tamano-de-imagen-2025-09-10T153013.207.jpeg 2000w\" sizes=\"(max-width: 644px) 100vw, 644px\" \/><\/figure>\n<\/figure>\n\n\n\n<p>Con Yajaira Napa integran el elenco los alumni Mar\u00eda Aspiazu, Erika S\u00e1nchez y Yuliana Quille, de Creaci\u00f3n Teatral; Alexandra S\u00e1nchez, de Artes Visuales; y Armando Sislema, de Artes Sonoras. El docente, Remigio V\u00e1sconez. Los estudiantes de Artes Esc\u00e9nicas, Otty Palma, Paula Lescano, Jorge Alcocer, Jes\u00fas S\u00e1nchez, pr\u00f3ximos al proceso de titulaci\u00f3n, y Willians Zambrano, quien cursa el cuarto semestre. Y los artistas manabitas, H\u00e9ctor Palma, Lizeth Zambrano, Coral Perero, Luis Fernando Carguaitongo y Eric Zambrano, y Narcisa Veliz y Cale Junco, a cargo del vestuario y la parte t\u00e9cnica, respectivamente, tambi\u00e9n de Manab\u00ed.<\/p>\n\n\n\n<p>Si bien es un gran elenco, sus integrantes no lo llaman colectivo todav\u00eda. \u201cNo porque creemos que un colectivo, m\u00e1s all\u00e1 de un nombre, hay que trabajarlo y para llegar a serlo todav\u00eda debemos de trabajar. Dir\u00eda que estamos en proceso, pero muy comprometidos\u201d, expres\u00f3 Yajaira Navas.<\/p>\n\n\n\n<p>Sobre la obra, su autora reconoci\u00f3 que el nombre que se le dio es bastante largo, probablemente por la tem\u00e1tica de su contenido. Tuvo su origen en Brisas del Pac\u00edfico, un barrio muy conflictivo y perif\u00e9rico de Pedernales, en la provincia de Manab\u00ed. En esa cabecera cantonal manabita, Yajaira Napa cont\u00f3 que tom\u00f3 talleres con el colectivo Pata E\u2019 P\u00e1jaro Teatro, que trabajaba con adolescentes y ni\u00f1os del sector. Se sum\u00f3 luego al grupo e incluso dio talleres a los ni\u00f1os y ni\u00f1as, pudo notar entonces que una de sus mayores problem\u00e1ticas eran las familias disfuncionales, un tema que se repet\u00eda de generaci\u00f3n en generaci\u00f3n. Lleg\u00f3 la pandemia por COVID-19 y en el obligado confinamiento comenz\u00f3 a escribir lo que observaba, como los embarazos de adolescentes e incluso de ni\u00f1as.<\/p>\n\n\n<div class=\"wp-block-image\">\n<figure class=\"aligncenter size-large\"><img loading=\"lazy\" decoding=\"async\" width=\"644\" height=\"429\" src=\"https:\/\/www.uartes.edu.ec\/sitio\/wp-content\/uploads\/2025\/09\/Proyecto-Cambiar-tamano-de-imagen-2025-09-10T153540.469-644x429.jpeg\" alt=\"\" class=\"wp-image-78826\" srcset=\"https:\/\/www.uartes.edu.ec\/sitio\/wp-content\/uploads\/2025\/09\/Proyecto-Cambiar-tamano-de-imagen-2025-09-10T153540.469-644x429.jpeg 644w, https:\/\/www.uartes.edu.ec\/sitio\/wp-content\/uploads\/2025\/09\/Proyecto-Cambiar-tamano-de-imagen-2025-09-10T153540.469-300x200.jpeg 300w, https:\/\/www.uartes.edu.ec\/sitio\/wp-content\/uploads\/2025\/09\/Proyecto-Cambiar-tamano-de-imagen-2025-09-10T153540.469-768x512.jpeg 768w, https:\/\/www.uartes.edu.ec\/sitio\/wp-content\/uploads\/2025\/09\/Proyecto-Cambiar-tamano-de-imagen-2025-09-10T153540.469-1536x1024.jpeg 1536w, https:\/\/www.uartes.edu.ec\/sitio\/wp-content\/uploads\/2025\/09\/Proyecto-Cambiar-tamano-de-imagen-2025-09-10T153540.469-18x12.jpeg 18w, https:\/\/www.uartes.edu.ec\/sitio\/wp-content\/uploads\/2025\/09\/Proyecto-Cambiar-tamano-de-imagen-2025-09-10T153540.469-600x400.jpeg 600w, https:\/\/www.uartes.edu.ec\/sitio\/wp-content\/uploads\/2025\/09\/Proyecto-Cambiar-tamano-de-imagen-2025-09-10T153540.469-400x267.jpeg 400w, https:\/\/www.uartes.edu.ec\/sitio\/wp-content\/uploads\/2025\/09\/Proyecto-Cambiar-tamano-de-imagen-2025-09-10T153540.469.jpeg 2000w\" sizes=\"(max-width: 644px) 100vw, 644px\" \/><\/figure>\n<\/div>\n\n\n<p>Tambi\u00e9n de los comentarios fuertes en torno a esas maternidades, la inestabilidad de las relaciones afectivas, pues los j\u00f3venes se comprometen y al a\u00f1o se separan, y de los embarazos seguidos sin contar con las condiciones de vida ni econ\u00f3micas para afrontarlos. \u201cMirando ese contexto, me pregunt\u00e9 si acaso (ellas) buscan el afecto que no encontraron en casa. El trabajo que mayormente se hace en el sector es el descabezado de camar\u00f3n y padres y madres salen muy temprano y vuelven por la noche. Lo hacen por necesidad y subsistencia, pero es as\u00ed c\u00f3mo se van originando los vac\u00edos afectivos que luego se convierten en la b\u00fasqueda que menciono\u201d, indic\u00f3 Yajaira Navas.<\/p>\n\n\n\n<p>Confes\u00f3 haber pensado al inicio que estaba desubicada con esa observaci\u00f3n, sin embargo, se puso a indagar y leer a muchos autores, como la investigadora y gestora cultural feminista Elisa Pardo Puch, quien en el marco de la tem\u00e1tica hace referencia a la ternura radical.<\/p>\n\n\n\n<p>A\u00f1adi\u00f3 que, debido a la violencia en la localidad manabita, Pata E\u2019 P\u00e1jaro Teatro dej\u00f3 el barrio, pero en ella qued\u00f3 la inquietud de lo vivido. \u201cEn realidad, la ten\u00eda desde antes de estudiar en la UArtes. Al inicio desde el romanticismo y como un tema de pareja. Lo hab\u00eda enfocado visualmente, en im\u00e1genes con bastante con iluminaci\u00f3n y formando un ciclo: conocerse, relacionarse, hacerse novios, convivir, tener conflictos y divorciarse. No ten\u00eda un texto, sino m\u00e1s bien signos\u201d.<\/p>\n\n\n\n<p>Pasado el tiempo y en el intercambio acad\u00e9mico estudiantil entre la UArtes y la Pontificia Universidad Javeriana (PUJ) de Bogot\u00e1, Colombia, realizado el a\u00f1o pasado, Yajaira Navas viaj\u00f3 y tuvo la sensaci\u00f3n de que ten\u00eda que llevar a escena lo que hab\u00eda pensado y visualizado, comenz\u00e1ndolo a escribir desde cero \u2013pues no llev\u00f3 lo que hab\u00eda hecho ac\u00e1\u2013.<\/p>\n\n\n\n<figure class=\"wp-block-gallery has-nested-images columns-default is-cropped wp-block-gallery-2 is-layout-flex wp-block-gallery-is-layout-flex\">\n<figure class=\"wp-block-image size-large\"><img loading=\"lazy\" decoding=\"async\" width=\"644\" height=\"429\" data-id=\"78827\" src=\"https:\/\/www.uartes.edu.ec\/sitio\/wp-content\/uploads\/2025\/09\/Proyecto-Cambiar-tamano-de-imagen-2025-09-10T152723.341-644x429.jpeg\" alt=\"\" class=\"wp-image-78827\" srcset=\"https:\/\/www.uartes.edu.ec\/sitio\/wp-content\/uploads\/2025\/09\/Proyecto-Cambiar-tamano-de-imagen-2025-09-10T152723.341-644x429.jpeg 644w, https:\/\/www.uartes.edu.ec\/sitio\/wp-content\/uploads\/2025\/09\/Proyecto-Cambiar-tamano-de-imagen-2025-09-10T152723.341-300x200.jpeg 300w, https:\/\/www.uartes.edu.ec\/sitio\/wp-content\/uploads\/2025\/09\/Proyecto-Cambiar-tamano-de-imagen-2025-09-10T152723.341-768x512.jpeg 768w, https:\/\/www.uartes.edu.ec\/sitio\/wp-content\/uploads\/2025\/09\/Proyecto-Cambiar-tamano-de-imagen-2025-09-10T152723.341-1536x1024.jpeg 1536w, https:\/\/www.uartes.edu.ec\/sitio\/wp-content\/uploads\/2025\/09\/Proyecto-Cambiar-tamano-de-imagen-2025-09-10T152723.341-18x12.jpeg 18w, https:\/\/www.uartes.edu.ec\/sitio\/wp-content\/uploads\/2025\/09\/Proyecto-Cambiar-tamano-de-imagen-2025-09-10T152723.341-600x400.jpeg 600w, https:\/\/www.uartes.edu.ec\/sitio\/wp-content\/uploads\/2025\/09\/Proyecto-Cambiar-tamano-de-imagen-2025-09-10T152723.341-400x267.jpeg 400w, https:\/\/www.uartes.edu.ec\/sitio\/wp-content\/uploads\/2025\/09\/Proyecto-Cambiar-tamano-de-imagen-2025-09-10T152723.341.jpeg 2000w\" sizes=\"(max-width: 644px) 100vw, 644px\" \/><\/figure>\n\n\n\n<figure class=\"wp-block-image size-large\"><img loading=\"lazy\" decoding=\"async\" width=\"644\" height=\"429\" data-id=\"78828\" src=\"https:\/\/www.uartes.edu.ec\/sitio\/wp-content\/uploads\/2025\/09\/Proyecto-Cambiar-tamano-de-imagen-2025-09-10T152325.944-644x429.jpeg\" alt=\"\" class=\"wp-image-78828\" srcset=\"https:\/\/www.uartes.edu.ec\/sitio\/wp-content\/uploads\/2025\/09\/Proyecto-Cambiar-tamano-de-imagen-2025-09-10T152325.944-644x429.jpeg 644w, https:\/\/www.uartes.edu.ec\/sitio\/wp-content\/uploads\/2025\/09\/Proyecto-Cambiar-tamano-de-imagen-2025-09-10T152325.944-300x200.jpeg 300w, https:\/\/www.uartes.edu.ec\/sitio\/wp-content\/uploads\/2025\/09\/Proyecto-Cambiar-tamano-de-imagen-2025-09-10T152325.944-768x512.jpeg 768w, https:\/\/www.uartes.edu.ec\/sitio\/wp-content\/uploads\/2025\/09\/Proyecto-Cambiar-tamano-de-imagen-2025-09-10T152325.944-1536x1024.jpeg 1536w, https:\/\/www.uartes.edu.ec\/sitio\/wp-content\/uploads\/2025\/09\/Proyecto-Cambiar-tamano-de-imagen-2025-09-10T152325.944-18x12.jpeg 18w, https:\/\/www.uartes.edu.ec\/sitio\/wp-content\/uploads\/2025\/09\/Proyecto-Cambiar-tamano-de-imagen-2025-09-10T152325.944-600x400.jpeg 600w, https:\/\/www.uartes.edu.ec\/sitio\/wp-content\/uploads\/2025\/09\/Proyecto-Cambiar-tamano-de-imagen-2025-09-10T152325.944-400x267.jpeg 400w, https:\/\/www.uartes.edu.ec\/sitio\/wp-content\/uploads\/2025\/09\/Proyecto-Cambiar-tamano-de-imagen-2025-09-10T152325.944.jpeg 2000w\" sizes=\"(max-width: 644px) 100vw, 644px\" \/><\/figure>\n<\/figure>\n\n\n\n<p><\/p>\n\n\n\n<p>Reconoci\u00f3 que no ten\u00eda una historia como una cronolog\u00eda lineal, sino fragmentada y en su concepci\u00f3n la obra a realizar era m\u00e1s un trabajo del cuerpo. De all\u00ed que pens\u00f3 en que los int\u00e9rpretes utilizaran m\u00e1scaras porque m\u00e1s all\u00e1 de decir si es hombre o mujer, se trata del cuerpo. \u201cEs una dramaturgia contempor\u00e1nea que se acerca a lo experimental; jugamos con las voces, el coro, las luces, tenemos videomapping, m\u00fasica en vivo. Es sumamente interdisciplinar y por ello integran el elenco estudiantes y graduados de varias escuelas\u201d.&nbsp;<\/p>\n\n\n\n<p>Durante su tr\u00e1nsito por la PUJ, Yajaira Napa dijo que aprendi\u00f3 mucho y particip\u00f3 en tres ensambles (montajes esc\u00e9nicos), lo cual la impuls\u00f3 a trabajar en \u201cNi\u00f1a madre, Madre santa. \u00bfY si la madre no fuera virgen?\u201d. \u201cLa t\u00e9cnica del cuerpo que estamos utilizando la trabaj\u00e9 all\u00e1. Es una cuesti\u00f3n de la vibraci\u00f3n que llamo pasitos cortos, de tensar y no tensar, y ajustar siempre el cuerpo. La obra es bastante f\u00edsica, lo cual es un duro trabajo\u201d.<\/p>\n\n\n\n<p>Yajaira Napa indic\u00f3 tambi\u00e9n que en la PUJ aprendi\u00f3 del rigor y de que cualquier idea es asible y potente, siempre y cuando se la trabaje. \u201cY no es que ac\u00e1 no lo hayamos trabajado, pero a veces se afloja y vas por ah\u00ed como a medio gas. En el ensamble que me toc\u00f3 all\u00e1 se trabaja la anterioridad, que es haber recibido la t\u00e9cnica gestual. Me toc\u00f3 esforzarme mucho porque mis compa\u00f1eros estaban un poco m\u00e1s adelantados. No pod\u00eda quejarme, sino trabajar m\u00e1s. Creo que eso me ayud\u00f3 a llevar este proceso, que resulta complicado porque las relaciones personales son complejas.<\/p>\n\n\n\n<p>Planes hay muchos, refiri\u00f3 y adelant\u00f3 que, as\u00ed como presentar\u00e1n la obra en Manab\u00ed, tambi\u00e9n est\u00e1n pensando llevarla a otras ciudades del pa\u00eds.<\/p>\n\n\n\n<p>Texto: Carmen Cortez\/Dircom. Fotos: cortes\u00eda de la producci\u00f3n de \u201cNi\u00f1a madre, Madre santa. \u00bfY si la madre no fuera virgen?\u201d.<\/p>","protected":false},"excerpt":{"rendered":"<p>Estudiantes en proceso de titulaci\u00f3n y graduados de varias escuelas de la Universidad de las Artes fusionaron sus talentos y saberes para llevar a escena la obra \u201cNi\u00f1a madre, Madre santa. \u00bfY si la madre no fuera virgen?\u201d, cuyo estreno est\u00e1n programando realizarlo en Manab\u00ed, en una fecha pr\u00f3xima a\u00fan por definir. No obstante, este s\u00e1bado 13 de septiembre tendr\u00e1n un ensayo abierto, a las 19:00, en la Plaza P\u00fablica del MZ14 UArtes.<\/p>","protected":false},"author":10,"featured_media":78822,"comment_status":"open","ping_status":"open","sticky":false,"template":"","format":"standard","meta":{"_acf_changed":false,"_uag_custom_page_level_css":"","_monsterinsights_skip_tracking":false,"_monsterinsights_sitenote_active":false,"_monsterinsights_sitenote_note":"","_monsterinsights_sitenote_category":0,"cybocfi_hide_featured_image":"","footnotes":""},"categories":[80,490,82,159,75,76,83],"tags":[533],"infouartes":[],"class_list":["post-78821","post","type-post","status-publish","format-standard","has-post-thumbnail","hentry","category-academico","category-alumni","category-artes","category-artes-escenicas","category-docentes","category-estudiantes","category-sedes","tag-presentacion"],"acf":[],"yoast_head":"<!-- This site is optimized with the Yoast SEO plugin v27.4 - https:\/\/yoast.com\/product\/yoast-seo-wordpress\/ -->\n<title>Universidad de las Artes - Ensayo abierto de \u201cNi\u00f1a madre, Madre santa. \u00bfY si la madre no fuera virgen?\u201d, obra interdisciplinar que gan\u00f3 fondos del IFAIC<\/title>\n<meta name=\"description\" content=\"Universidad de las Artes - Ensayo abierto de \u201cNi\u00f1a madre, Madre santa. \u00bfY si la madre no fuera virgen?\u201d, obra interdisciplinar que gan\u00f3 fondos del IFAIC\" \/>\n<meta name=\"robots\" content=\"index, follow, max-snippet:-1, max-image-preview:large, max-video-preview:-1\" \/>\n<link rel=\"canonical\" href=\"https:\/\/www.uartes.edu.ec\/sitio\/fr\/blog\/2025\/09\/12\/ensayo-abierto-de-nina-madre-madre-santa-y-si-la-madre-no-fuera-virgen-obra-interdisciplinar-que-gano-fondos-del-ifaic\/\" \/>\n<meta property=\"og:locale\" content=\"fr_FR\" \/>\n<meta property=\"og:type\" content=\"article\" \/>\n<meta property=\"og:title\" content=\"Universidad de las Artes - Ensayo abierto de \u201cNi\u00f1a madre, Madre santa. \u00bfY si la madre no fuera virgen?\u201d, obra interdisciplinar que gan\u00f3 fondos del IFAIC\" \/>\n<meta property=\"og:description\" content=\"Universidad de las Artes - Ensayo abierto de \u201cNi\u00f1a madre, Madre santa. \u00bfY si la madre no fuera virgen?\u201d, obra interdisciplinar que gan\u00f3 fondos del IFAIC\" \/>\n<meta property=\"og:url\" content=\"https:\/\/www.uartes.edu.ec\/sitio\/fr\/blog\/2025\/09\/12\/ensayo-abierto-de-nina-madre-madre-santa-y-si-la-madre-no-fuera-virgen-obra-interdisciplinar-que-gano-fondos-del-ifaic\/\" \/>\n<meta property=\"og:site_name\" content=\"Universidad de las Artes\" \/>\n<meta property=\"article:publisher\" content=\"https:\/\/www.facebook.com\/uartesec\" \/>\n<meta property=\"article:published_time\" content=\"2025-09-12T15:20:00+00:00\" \/>\n<meta property=\"article:modified_time\" content=\"2025-09-12T15:23:31+00:00\" \/>\n<meta property=\"og:image\" content=\"https:\/\/www.uartes.edu.ec\/sitio\/wp-content\/uploads\/2025\/09\/Proyecto-Cambiar-tamano-de-imagen-2025-09-10T153330.251.jpeg\" \/>\n\t<meta property=\"og:image:width\" content=\"2000\" \/>\n\t<meta property=\"og:image:height\" content=\"1333\" \/>\n\t<meta property=\"og:image:type\" content=\"image\/jpeg\" \/>\n<meta name=\"author\" content=\"ccortez\" \/>\n<meta name=\"twitter:card\" content=\"summary_large_image\" \/>\n<meta name=\"twitter:creator\" content=\"@uartesec\" \/>\n<meta name=\"twitter:site\" content=\"@uartesec\" \/>\n<meta name=\"twitter:label1\" content=\"\u00c9crit par\" \/>\n\t<meta name=\"twitter:data1\" content=\"ccortez\" \/>\n\t<meta name=\"twitter:label2\" content=\"Dur\u00e9e de lecture estim\u00e9e\" \/>\n\t<meta name=\"twitter:data2\" content=\"6 minutes\" \/>\n<script type=\"application\/ld+json\" class=\"yoast-schema-graph\">{\"@context\":\"https:\\\/\\\/schema.org\",\"@graph\":[{\"@type\":\"Article\",\"@id\":\"https:\\\/\\\/www.uartes.edu.ec\\\/sitio\\\/fr\\\/blog\\\/2025\\\/09\\\/12\\\/ensayo-abierto-de-nina-madre-madre-santa-y-si-la-madre-no-fuera-virgen-obra-interdisciplinar-que-gano-fondos-del-ifaic\\\/#article\",\"isPartOf\":{\"@id\":\"https:\\\/\\\/www.uartes.edu.ec\\\/sitio\\\/fr\\\/blog\\\/2025\\\/09\\\/12\\\/ensayo-abierto-de-nina-madre-madre-santa-y-si-la-madre-no-fuera-virgen-obra-interdisciplinar-que-gano-fondos-del-ifaic\\\/\"},\"author\":{\"name\":\"ccortez\",\"@id\":\"https:\\\/\\\/www.uartes.edu.ec\\\/sitio\\\/fr\\\/#\\\/schema\\\/person\\\/efa1b8275797664fd7f13a79ccc0b1f4\"},\"headline\":\"Ensayo abierto de \u201cNi\u00f1a madre, Madre santa. \u00bfY si la madre no fuera virgen?\u201d, obra interdisciplinar que gan\u00f3 fondos del IFAIC\",\"datePublished\":\"2025-09-12T15:20:00+00:00\",\"dateModified\":\"2025-09-12T15:23:31+00:00\",\"mainEntityOfPage\":{\"@id\":\"https:\\\/\\\/www.uartes.edu.ec\\\/sitio\\\/fr\\\/blog\\\/2025\\\/09\\\/12\\\/ensayo-abierto-de-nina-madre-madre-santa-y-si-la-madre-no-fuera-virgen-obra-interdisciplinar-que-gano-fondos-del-ifaic\\\/\"},\"wordCount\":1205,\"commentCount\":0,\"publisher\":{\"@id\":\"https:\\\/\\\/www.uartes.edu.ec\\\/sitio\\\/fr\\\/#organization\"},\"image\":{\"@id\":\"https:\\\/\\\/www.uartes.edu.ec\\\/sitio\\\/fr\\\/blog\\\/2025\\\/09\\\/12\\\/ensayo-abierto-de-nina-madre-madre-santa-y-si-la-madre-no-fuera-virgen-obra-interdisciplinar-que-gano-fondos-del-ifaic\\\/#primaryimage\"},\"thumbnailUrl\":\"https:\\\/\\\/www.uartes.edu.ec\\\/sitio\\\/wp-content\\\/uploads\\\/2025\\\/09\\\/Proyecto-Cambiar-tamano-de-imagen-2025-09-10T153330.251.jpeg\",\"keywords\":[\"presentaci\u00f3n\"],\"articleSection\":[\"Acad\u00e9mico\",\"Alumni\",\"Artes\",\"Artes Esc\u00e9nicas\",\"Docentes\",\"Estudiantes\",\"Sedes\"],\"inLanguage\":\"fr-FR\",\"potentialAction\":[{\"@type\":\"CommentAction\",\"name\":\"Comment\",\"target\":[\"https:\\\/\\\/www.uartes.edu.ec\\\/sitio\\\/fr\\\/blog\\\/2025\\\/09\\\/12\\\/ensayo-abierto-de-nina-madre-madre-santa-y-si-la-madre-no-fuera-virgen-obra-interdisciplinar-que-gano-fondos-del-ifaic\\\/#respond\"]}]},{\"@type\":[\"WebPage\",\"ItemPage\"],\"@id\":\"https:\\\/\\\/www.uartes.edu.ec\\\/sitio\\\/fr\\\/blog\\\/2025\\\/09\\\/12\\\/ensayo-abierto-de-nina-madre-madre-santa-y-si-la-madre-no-fuera-virgen-obra-interdisciplinar-que-gano-fondos-del-ifaic\\\/\",\"url\":\"https:\\\/\\\/www.uartes.edu.ec\\\/sitio\\\/fr\\\/blog\\\/2025\\\/09\\\/12\\\/ensayo-abierto-de-nina-madre-madre-santa-y-si-la-madre-no-fuera-virgen-obra-interdisciplinar-que-gano-fondos-del-ifaic\\\/\",\"name\":\"Universidad de las Artes - Ensayo abierto de \u201cNi\u00f1a madre, Madre santa. \u00bfY si la madre no fuera virgen?\u201d, obra interdisciplinar que gan\u00f3 fondos del IFAIC\",\"isPartOf\":{\"@id\":\"https:\\\/\\\/www.uartes.edu.ec\\\/sitio\\\/fr\\\/#website\"},\"primaryImageOfPage\":{\"@id\":\"https:\\\/\\\/www.uartes.edu.ec\\\/sitio\\\/fr\\\/blog\\\/2025\\\/09\\\/12\\\/ensayo-abierto-de-nina-madre-madre-santa-y-si-la-madre-no-fuera-virgen-obra-interdisciplinar-que-gano-fondos-del-ifaic\\\/#primaryimage\"},\"image\":{\"@id\":\"https:\\\/\\\/www.uartes.edu.ec\\\/sitio\\\/fr\\\/blog\\\/2025\\\/09\\\/12\\\/ensayo-abierto-de-nina-madre-madre-santa-y-si-la-madre-no-fuera-virgen-obra-interdisciplinar-que-gano-fondos-del-ifaic\\\/#primaryimage\"},\"thumbnailUrl\":\"https:\\\/\\\/www.uartes.edu.ec\\\/sitio\\\/wp-content\\\/uploads\\\/2025\\\/09\\\/Proyecto-Cambiar-tamano-de-imagen-2025-09-10T153330.251.jpeg\",\"datePublished\":\"2025-09-12T15:20:00+00:00\",\"dateModified\":\"2025-09-12T15:23:31+00:00\",\"description\":\"Universidad de las Artes - Ensayo abierto de \u201cNi\u00f1a madre, Madre santa. \u00bfY si la madre no fuera virgen?\u201d, obra interdisciplinar que gan\u00f3 fondos del IFAIC\",\"breadcrumb\":{\"@id\":\"https:\\\/\\\/www.uartes.edu.ec\\\/sitio\\\/fr\\\/blog\\\/2025\\\/09\\\/12\\\/ensayo-abierto-de-nina-madre-madre-santa-y-si-la-madre-no-fuera-virgen-obra-interdisciplinar-que-gano-fondos-del-ifaic\\\/#breadcrumb\"},\"inLanguage\":\"fr-FR\",\"potentialAction\":[{\"@type\":\"ReadAction\",\"target\":[\"https:\\\/\\\/www.uartes.edu.ec\\\/sitio\\\/fr\\\/blog\\\/2025\\\/09\\\/12\\\/ensayo-abierto-de-nina-madre-madre-santa-y-si-la-madre-no-fuera-virgen-obra-interdisciplinar-que-gano-fondos-del-ifaic\\\/\"]}]},{\"@type\":\"ImageObject\",\"inLanguage\":\"fr-FR\",\"@id\":\"https:\\\/\\\/www.uartes.edu.ec\\\/sitio\\\/fr\\\/blog\\\/2025\\\/09\\\/12\\\/ensayo-abierto-de-nina-madre-madre-santa-y-si-la-madre-no-fuera-virgen-obra-interdisciplinar-que-gano-fondos-del-ifaic\\\/#primaryimage\",\"url\":\"https:\\\/\\\/www.uartes.edu.ec\\\/sitio\\\/wp-content\\\/uploads\\\/2025\\\/09\\\/Proyecto-Cambiar-tamano-de-imagen-2025-09-10T153330.251.jpeg\",\"contentUrl\":\"https:\\\/\\\/www.uartes.edu.ec\\\/sitio\\\/wp-content\\\/uploads\\\/2025\\\/09\\\/Proyecto-Cambiar-tamano-de-imagen-2025-09-10T153330.251.jpeg\",\"width\":2000,\"height\":1333},{\"@type\":\"BreadcrumbList\",\"@id\":\"https:\\\/\\\/www.uartes.edu.ec\\\/sitio\\\/fr\\\/blog\\\/2025\\\/09\\\/12\\\/ensayo-abierto-de-nina-madre-madre-santa-y-si-la-madre-no-fuera-virgen-obra-interdisciplinar-que-gano-fondos-del-ifaic\\\/#breadcrumb\",\"itemListElement\":[{\"@type\":\"ListItem\",\"position\":1,\"name\":\"Inicio\",\"item\":\"https:\\\/\\\/www.uartes.edu.ec\\\/sitio\\\/\"},{\"@type\":\"ListItem\",\"position\":2,\"name\":\"Ensayo abierto de \u201cNi\u00f1a madre, Madre santa. \u00bfY si la madre no fuera virgen?\u201d, obra interdisciplinar que gan\u00f3 fondos del IFAIC\"}]},{\"@type\":\"WebSite\",\"@id\":\"https:\\\/\\\/www.uartes.edu.ec\\\/sitio\\\/fr\\\/#website\",\"url\":\"https:\\\/\\\/www.uartes.edu.ec\\\/sitio\\\/fr\\\/\",\"name\":\"Universidad de las Artes\",\"description\":\"Sitio oficial de la Universidad Nacional de las Artes del Ecuador\",\"publisher\":{\"@id\":\"https:\\\/\\\/www.uartes.edu.ec\\\/sitio\\\/fr\\\/#organization\"},\"potentialAction\":[{\"@type\":\"SearchAction\",\"target\":{\"@type\":\"EntryPoint\",\"urlTemplate\":\"https:\\\/\\\/www.uartes.edu.ec\\\/sitio\\\/fr\\\/?s={search_term_string}\"},\"query-input\":{\"@type\":\"PropertyValueSpecification\",\"valueRequired\":true,\"valueName\":\"search_term_string\"}}],\"inLanguage\":\"fr-FR\"},{\"@type\":\"Organization\",\"@id\":\"https:\\\/\\\/www.uartes.edu.ec\\\/sitio\\\/fr\\\/#organization\",\"name\":\"Universidad de las Artes\",\"url\":\"https:\\\/\\\/www.uartes.edu.ec\\\/sitio\\\/fr\\\/\",\"logo\":{\"@type\":\"ImageObject\",\"inLanguage\":\"fr-FR\",\"@id\":\"https:\\\/\\\/www.uartes.edu.ec\\\/sitio\\\/fr\\\/#\\\/schema\\\/logo\\\/image\\\/\",\"url\":\"https:\\\/\\\/www.uartes.edu.ec\\\/sitio\\\/wp-content\\\/uploads\\\/2022\\\/07\\\/logo-ua-horizontal.png\",\"contentUrl\":\"https:\\\/\\\/www.uartes.edu.ec\\\/sitio\\\/wp-content\\\/uploads\\\/2022\\\/07\\\/logo-ua-horizontal.png\",\"width\":800,\"height\":276,\"caption\":\"Universidad de las Artes\"},\"image\":{\"@id\":\"https:\\\/\\\/www.uartes.edu.ec\\\/sitio\\\/fr\\\/#\\\/schema\\\/logo\\\/image\\\/\"},\"sameAs\":[\"https:\\\/\\\/www.facebook.com\\\/uartesec\",\"https:\\\/\\\/x.com\\\/uartesec\",\"https:\\\/\\\/www.tiktok.com\\\/@uartesec\"]},{\"@type\":\"Person\",\"@id\":\"https:\\\/\\\/www.uartes.edu.ec\\\/sitio\\\/fr\\\/#\\\/schema\\\/person\\\/efa1b8275797664fd7f13a79ccc0b1f4\",\"name\":\"ccortez\",\"image\":{\"@type\":\"ImageObject\",\"inLanguage\":\"fr-FR\",\"@id\":\"https:\\\/\\\/secure.gravatar.com\\\/avatar\\\/b2a6f664a3ae8e074346ef91775736c5ec479e637ecced6842de9dc98b5da9cd?s=96&d=mm&r=g\",\"url\":\"https:\\\/\\\/secure.gravatar.com\\\/avatar\\\/b2a6f664a3ae8e074346ef91775736c5ec479e637ecced6842de9dc98b5da9cd?s=96&d=mm&r=g\",\"contentUrl\":\"https:\\\/\\\/secure.gravatar.com\\\/avatar\\\/b2a6f664a3ae8e074346ef91775736c5ec479e637ecced6842de9dc98b5da9cd?s=96&d=mm&r=g\",\"caption\":\"ccortez\"},\"url\":\"https:\\\/\\\/www.uartes.edu.ec\\\/sitio\\\/fr\\\/blog\\\/author\\\/ccortez\\\/\"}]}<\/script>\n<!-- \/ Yoast SEO plugin. -->","yoast_head_json":{"title":"Universidad de las Artes - Ensayo abierto de \u201cNi\u00f1a madre, Madre santa. \u00bfY si la madre no fuera virgen?\u201d, obra interdisciplinar que gan\u00f3 fondos del IFAIC","description":"Universidad de las Artes - Ensayo abierto de \u201cNi\u00f1a madre, Madre santa. \u00bfY si la madre no fuera virgen?\u201d, obra interdisciplinar que gan\u00f3 fondos del IFAIC","robots":{"index":"index","follow":"follow","max-snippet":"max-snippet:-1","max-image-preview":"max-image-preview:large","max-video-preview":"max-video-preview:-1"},"canonical":"https:\/\/www.uartes.edu.ec\/sitio\/fr\/blog\/2025\/09\/12\/ensayo-abierto-de-nina-madre-madre-santa-y-si-la-madre-no-fuera-virgen-obra-interdisciplinar-que-gano-fondos-del-ifaic\/","og_locale":"fr_FR","og_type":"article","og_title":"Universidad de las Artes - Ensayo abierto de \u201cNi\u00f1a madre, Madre santa. \u00bfY si la madre no fuera virgen?\u201d, obra interdisciplinar que gan\u00f3 fondos del IFAIC","og_description":"Universidad de las Artes - Ensayo abierto de \u201cNi\u00f1a madre, Madre santa. \u00bfY si la madre no fuera virgen?\u201d, obra interdisciplinar que gan\u00f3 fondos del IFAIC","og_url":"https:\/\/www.uartes.edu.ec\/sitio\/fr\/blog\/2025\/09\/12\/ensayo-abierto-de-nina-madre-madre-santa-y-si-la-madre-no-fuera-virgen-obra-interdisciplinar-que-gano-fondos-del-ifaic\/","og_site_name":"Universidad de las Artes","article_publisher":"https:\/\/www.facebook.com\/uartesec","article_published_time":"2025-09-12T15:20:00+00:00","article_modified_time":"2025-09-12T15:23:31+00:00","og_image":[{"width":2000,"height":1333,"url":"https:\/\/www.uartes.edu.ec\/sitio\/wp-content\/uploads\/2025\/09\/Proyecto-Cambiar-tamano-de-imagen-2025-09-10T153330.251.jpeg","type":"image\/jpeg"}],"author":"ccortez","twitter_card":"summary_large_image","twitter_creator":"@uartesec","twitter_site":"@uartesec","twitter_misc":{"\u00c9crit par":"ccortez","Dur\u00e9e de lecture estim\u00e9e":"6 minutes"},"schema":{"@context":"https:\/\/schema.org","@graph":[{"@type":"Article","@id":"https:\/\/www.uartes.edu.ec\/sitio\/fr\/blog\/2025\/09\/12\/ensayo-abierto-de-nina-madre-madre-santa-y-si-la-madre-no-fuera-virgen-obra-interdisciplinar-que-gano-fondos-del-ifaic\/#article","isPartOf":{"@id":"https:\/\/www.uartes.edu.ec\/sitio\/fr\/blog\/2025\/09\/12\/ensayo-abierto-de-nina-madre-madre-santa-y-si-la-madre-no-fuera-virgen-obra-interdisciplinar-que-gano-fondos-del-ifaic\/"},"author":{"name":"ccortez","@id":"https:\/\/www.uartes.edu.ec\/sitio\/fr\/#\/schema\/person\/efa1b8275797664fd7f13a79ccc0b1f4"},"headline":"Ensayo abierto de \u201cNi\u00f1a madre, Madre santa. \u00bfY si la madre no fuera virgen?\u201d, obra interdisciplinar que gan\u00f3 fondos del IFAIC","datePublished":"2025-09-12T15:20:00+00:00","dateModified":"2025-09-12T15:23:31+00:00","mainEntityOfPage":{"@id":"https:\/\/www.uartes.edu.ec\/sitio\/fr\/blog\/2025\/09\/12\/ensayo-abierto-de-nina-madre-madre-santa-y-si-la-madre-no-fuera-virgen-obra-interdisciplinar-que-gano-fondos-del-ifaic\/"},"wordCount":1205,"commentCount":0,"publisher":{"@id":"https:\/\/www.uartes.edu.ec\/sitio\/fr\/#organization"},"image":{"@id":"https:\/\/www.uartes.edu.ec\/sitio\/fr\/blog\/2025\/09\/12\/ensayo-abierto-de-nina-madre-madre-santa-y-si-la-madre-no-fuera-virgen-obra-interdisciplinar-que-gano-fondos-del-ifaic\/#primaryimage"},"thumbnailUrl":"https:\/\/www.uartes.edu.ec\/sitio\/wp-content\/uploads\/2025\/09\/Proyecto-Cambiar-tamano-de-imagen-2025-09-10T153330.251.jpeg","keywords":["presentaci\u00f3n"],"articleSection":["Acad\u00e9mico","Alumni","Artes","Artes Esc\u00e9nicas","Docentes","Estudiantes","Sedes"],"inLanguage":"fr-FR","potentialAction":[{"@type":"CommentAction","name":"Comment","target":["https:\/\/www.uartes.edu.ec\/sitio\/fr\/blog\/2025\/09\/12\/ensayo-abierto-de-nina-madre-madre-santa-y-si-la-madre-no-fuera-virgen-obra-interdisciplinar-que-gano-fondos-del-ifaic\/#respond"]}]},{"@type":["WebPage","ItemPage"],"@id":"https:\/\/www.uartes.edu.ec\/sitio\/fr\/blog\/2025\/09\/12\/ensayo-abierto-de-nina-madre-madre-santa-y-si-la-madre-no-fuera-virgen-obra-interdisciplinar-que-gano-fondos-del-ifaic\/","url":"https:\/\/www.uartes.edu.ec\/sitio\/fr\/blog\/2025\/09\/12\/ensayo-abierto-de-nina-madre-madre-santa-y-si-la-madre-no-fuera-virgen-obra-interdisciplinar-que-gano-fondos-del-ifaic\/","name":"Universidad de las Artes - Ensayo abierto de \u201cNi\u00f1a madre, Madre santa. \u00bfY si la madre no fuera virgen?\u201d, obra interdisciplinar que gan\u00f3 fondos del IFAIC","isPartOf":{"@id":"https:\/\/www.uartes.edu.ec\/sitio\/fr\/#website"},"primaryImageOfPage":{"@id":"https:\/\/www.uartes.edu.ec\/sitio\/fr\/blog\/2025\/09\/12\/ensayo-abierto-de-nina-madre-madre-santa-y-si-la-madre-no-fuera-virgen-obra-interdisciplinar-que-gano-fondos-del-ifaic\/#primaryimage"},"image":{"@id":"https:\/\/www.uartes.edu.ec\/sitio\/fr\/blog\/2025\/09\/12\/ensayo-abierto-de-nina-madre-madre-santa-y-si-la-madre-no-fuera-virgen-obra-interdisciplinar-que-gano-fondos-del-ifaic\/#primaryimage"},"thumbnailUrl":"https:\/\/www.uartes.edu.ec\/sitio\/wp-content\/uploads\/2025\/09\/Proyecto-Cambiar-tamano-de-imagen-2025-09-10T153330.251.jpeg","datePublished":"2025-09-12T15:20:00+00:00","dateModified":"2025-09-12T15:23:31+00:00","description":"Universidad de las Artes - Ensayo abierto de \u201cNi\u00f1a madre, Madre santa. \u00bfY si la madre no fuera virgen?\u201d, obra interdisciplinar que gan\u00f3 fondos del IFAIC","breadcrumb":{"@id":"https:\/\/www.uartes.edu.ec\/sitio\/fr\/blog\/2025\/09\/12\/ensayo-abierto-de-nina-madre-madre-santa-y-si-la-madre-no-fuera-virgen-obra-interdisciplinar-que-gano-fondos-del-ifaic\/#breadcrumb"},"inLanguage":"fr-FR","potentialAction":[{"@type":"ReadAction","target":["https:\/\/www.uartes.edu.ec\/sitio\/fr\/blog\/2025\/09\/12\/ensayo-abierto-de-nina-madre-madre-santa-y-si-la-madre-no-fuera-virgen-obra-interdisciplinar-que-gano-fondos-del-ifaic\/"]}]},{"@type":"ImageObject","inLanguage":"fr-FR","@id":"https:\/\/www.uartes.edu.ec\/sitio\/fr\/blog\/2025\/09\/12\/ensayo-abierto-de-nina-madre-madre-santa-y-si-la-madre-no-fuera-virgen-obra-interdisciplinar-que-gano-fondos-del-ifaic\/#primaryimage","url":"https:\/\/www.uartes.edu.ec\/sitio\/wp-content\/uploads\/2025\/09\/Proyecto-Cambiar-tamano-de-imagen-2025-09-10T153330.251.jpeg","contentUrl":"https:\/\/www.uartes.edu.ec\/sitio\/wp-content\/uploads\/2025\/09\/Proyecto-Cambiar-tamano-de-imagen-2025-09-10T153330.251.jpeg","width":2000,"height":1333},{"@type":"BreadcrumbList","@id":"https:\/\/www.uartes.edu.ec\/sitio\/fr\/blog\/2025\/09\/12\/ensayo-abierto-de-nina-madre-madre-santa-y-si-la-madre-no-fuera-virgen-obra-interdisciplinar-que-gano-fondos-del-ifaic\/#breadcrumb","itemListElement":[{"@type":"ListItem","position":1,"name":"Inicio","item":"https:\/\/www.uartes.edu.ec\/sitio\/"},{"@type":"ListItem","position":2,"name":"Ensayo abierto de \u201cNi\u00f1a madre, Madre santa. \u00bfY si la madre no fuera virgen?\u201d, obra interdisciplinar que gan\u00f3 fondos del IFAIC"}]},{"@type":"WebSite","@id":"https:\/\/www.uartes.edu.ec\/sitio\/fr\/#website","url":"https:\/\/www.uartes.edu.ec\/sitio\/fr\/","name":"Universidad de las Artes","description":"Sitio oficial de la Universidad Nacional de las Artes del Ecuador","publisher":{"@id":"https:\/\/www.uartes.edu.ec\/sitio\/fr\/#organization"},"potentialAction":[{"@type":"SearchAction","target":{"@type":"EntryPoint","urlTemplate":"https:\/\/www.uartes.edu.ec\/sitio\/fr\/?s={search_term_string}"},"query-input":{"@type":"PropertyValueSpecification","valueRequired":true,"valueName":"search_term_string"}}],"inLanguage":"fr-FR"},{"@type":"Organization","@id":"https:\/\/www.uartes.edu.ec\/sitio\/fr\/#organization","name":"Universidad de las Artes","url":"https:\/\/www.uartes.edu.ec\/sitio\/fr\/","logo":{"@type":"ImageObject","inLanguage":"fr-FR","@id":"https:\/\/www.uartes.edu.ec\/sitio\/fr\/#\/schema\/logo\/image\/","url":"https:\/\/www.uartes.edu.ec\/sitio\/wp-content\/uploads\/2022\/07\/logo-ua-horizontal.png","contentUrl":"https:\/\/www.uartes.edu.ec\/sitio\/wp-content\/uploads\/2022\/07\/logo-ua-horizontal.png","width":800,"height":276,"caption":"Universidad de las Artes"},"image":{"@id":"https:\/\/www.uartes.edu.ec\/sitio\/fr\/#\/schema\/logo\/image\/"},"sameAs":["https:\/\/www.facebook.com\/uartesec","https:\/\/x.com\/uartesec","https:\/\/www.tiktok.com\/@uartesec"]},{"@type":"Person","@id":"https:\/\/www.uartes.edu.ec\/sitio\/fr\/#\/schema\/person\/efa1b8275797664fd7f13a79ccc0b1f4","name":"ccortez","image":{"@type":"ImageObject","inLanguage":"fr-FR","@id":"https:\/\/secure.gravatar.com\/avatar\/b2a6f664a3ae8e074346ef91775736c5ec479e637ecced6842de9dc98b5da9cd?s=96&d=mm&r=g","url":"https:\/\/secure.gravatar.com\/avatar\/b2a6f664a3ae8e074346ef91775736c5ec479e637ecced6842de9dc98b5da9cd?s=96&d=mm&r=g","contentUrl":"https:\/\/secure.gravatar.com\/avatar\/b2a6f664a3ae8e074346ef91775736c5ec479e637ecced6842de9dc98b5da9cd?s=96&d=mm&r=g","caption":"ccortez"},"url":"https:\/\/www.uartes.edu.ec\/sitio\/fr\/blog\/author\/ccortez\/"}]}},"uagb_featured_image_src":{"full":["https:\/\/www.uartes.edu.ec\/sitio\/wp-content\/uploads\/2025\/09\/Proyecto-Cambiar-tamano-de-imagen-2025-09-10T153330.251.jpeg",2000,1333,false],"thumbnail":["https:\/\/www.uartes.edu.ec\/sitio\/wp-content\/uploads\/2025\/09\/Proyecto-Cambiar-tamano-de-imagen-2025-09-10T153330.251-150x150.jpeg",150,150,true],"medium":["https:\/\/www.uartes.edu.ec\/sitio\/wp-content\/uploads\/2025\/09\/Proyecto-Cambiar-tamano-de-imagen-2025-09-10T153330.251-300x200.jpeg",300,200,true],"medium_large":["https:\/\/www.uartes.edu.ec\/sitio\/wp-content\/uploads\/2025\/09\/Proyecto-Cambiar-tamano-de-imagen-2025-09-10T153330.251-768x512.jpeg",768,512,true],"large":["https:\/\/www.uartes.edu.ec\/sitio\/wp-content\/uploads\/2025\/09\/Proyecto-Cambiar-tamano-de-imagen-2025-09-10T153330.251-644x429.jpeg",644,429,true],"1536x1536":["https:\/\/www.uartes.edu.ec\/sitio\/wp-content\/uploads\/2025\/09\/Proyecto-Cambiar-tamano-de-imagen-2025-09-10T153330.251-1536x1024.jpeg",1536,1024,true],"2048x2048":["https:\/\/www.uartes.edu.ec\/sitio\/wp-content\/uploads\/2025\/09\/Proyecto-Cambiar-tamano-de-imagen-2025-09-10T153330.251.jpeg",2000,1333,false],"trp-custom-language-flag":["https:\/\/www.uartes.edu.ec\/sitio\/wp-content\/uploads\/2025\/09\/Proyecto-Cambiar-tamano-de-imagen-2025-09-10T153330.251-18x12.jpeg",18,12,true],"htmega_size_585x295":["https:\/\/www.uartes.edu.ec\/sitio\/wp-content\/uploads\/2025\/09\/Proyecto-Cambiar-tamano-de-imagen-2025-09-10T153330.251-585x295.jpeg",585,295,true],"htmega_size_1170x536":["https:\/\/www.uartes.edu.ec\/sitio\/wp-content\/uploads\/2025\/09\/Proyecto-Cambiar-tamano-de-imagen-2025-09-10T153330.251-1170x536.jpeg",1170,536,true],"htmega_size_396x360":["https:\/\/www.uartes.edu.ec\/sitio\/wp-content\/uploads\/2025\/09\/Proyecto-Cambiar-tamano-de-imagen-2025-09-10T153330.251-396x360.jpeg",396,360,true],"gb-block-post-grid-landscape":["https:\/\/www.uartes.edu.ec\/sitio\/wp-content\/uploads\/2025\/09\/Proyecto-Cambiar-tamano-de-imagen-2025-09-10T153330.251-600x400.jpeg",600,400,true],"gb-block-post-grid-square":["https:\/\/www.uartes.edu.ec\/sitio\/wp-content\/uploads\/2025\/09\/Proyecto-Cambiar-tamano-de-imagen-2025-09-10T153330.251-600x600.jpeg",600,600,true],"university-hub-thumb":["https:\/\/www.uartes.edu.ec\/sitio\/wp-content\/uploads\/2025\/09\/Proyecto-Cambiar-tamano-de-imagen-2025-09-10T153330.251-400x267.jpeg",400,267,true],"mailpoet_newsletter_max":["https:\/\/www.uartes.edu.ec\/sitio\/wp-content\/uploads\/2025\/09\/Proyecto-Cambiar-tamano-de-imagen-2025-09-10T153330.251.jpeg",1320,880,false]},"uagb_author_info":{"display_name":"ccortez","author_link":"https:\/\/www.uartes.edu.ec\/sitio\/fr\/blog\/author\/ccortez\/"},"uagb_comment_info":0,"uagb_excerpt":"Estudiantes en proceso de titulaci\u00f3n y graduados de varias escuelas de la Universidad de las Artes fusionaron sus talentos y saberes para llevar a escena la obra \u201cNi\u00f1a madre, Madre santa. \u00bfY si la madre no fuera virgen?\u201d, cuyo estreno est\u00e1n programando realizarlo en Manab\u00ed, en una fecha pr\u00f3xima a\u00fan por definir. No obstante, este\u2026","featured_image_src":"https:\/\/www.uartes.edu.ec\/sitio\/wp-content\/uploads\/2025\/09\/Proyecto-Cambiar-tamano-de-imagen-2025-09-10T153330.251-600x400.jpeg","featured_image_src_square":"https:\/\/www.uartes.edu.ec\/sitio\/wp-content\/uploads\/2025\/09\/Proyecto-Cambiar-tamano-de-imagen-2025-09-10T153330.251-600x600.jpeg","author_info":{"display_name":"ccortez","author_link":"https:\/\/www.uartes.edu.ec\/sitio\/fr\/blog\/author\/ccortez\/"},"publishpress_future_workflow_manual_trigger":{"enabledWorkflows":[]},"distributor_meta":false,"distributor_terms":false,"distributor_media":false,"distributor_original_site_name":"Universidad de las Artes","distributor_original_site_url":"https:\/\/www.uartes.edu.ec\/sitio\/fr","push-errors":false,"_links":{"self":[{"href":"https:\/\/www.uartes.edu.ec\/sitio\/fr\/wp-json\/wp\/v2\/posts\/78821","targetHints":{"allow":["GET"]}}],"collection":[{"href":"https:\/\/www.uartes.edu.ec\/sitio\/fr\/wp-json\/wp\/v2\/posts"}],"about":[{"href":"https:\/\/www.uartes.edu.ec\/sitio\/fr\/wp-json\/wp\/v2\/types\/post"}],"author":[{"embeddable":true,"href":"https:\/\/www.uartes.edu.ec\/sitio\/fr\/wp-json\/wp\/v2\/users\/10"}],"replies":[{"embeddable":true,"href":"https:\/\/www.uartes.edu.ec\/sitio\/fr\/wp-json\/wp\/v2\/comments?post=78821"}],"version-history":[{"count":1,"href":"https:\/\/www.uartes.edu.ec\/sitio\/fr\/wp-json\/wp\/v2\/posts\/78821\/revisions"}],"predecessor-version":[{"id":78830,"href":"https:\/\/www.uartes.edu.ec\/sitio\/fr\/wp-json\/wp\/v2\/posts\/78821\/revisions\/78830"}],"wp:featuredmedia":[{"embeddable":true,"href":"https:\/\/www.uartes.edu.ec\/sitio\/fr\/wp-json\/wp\/v2\/media\/78822"}],"wp:attachment":[{"href":"https:\/\/www.uartes.edu.ec\/sitio\/fr\/wp-json\/wp\/v2\/media?parent=78821"}],"wp:term":[{"taxonomy":"category","embeddable":true,"href":"https:\/\/www.uartes.edu.ec\/sitio\/fr\/wp-json\/wp\/v2\/categories?post=78821"},{"taxonomy":"post_tag","embeddable":true,"href":"https:\/\/www.uartes.edu.ec\/sitio\/fr\/wp-json\/wp\/v2\/tags?post=78821"},{"taxonomy":"infouartes","embeddable":true,"href":"https:\/\/www.uartes.edu.ec\/sitio\/fr\/wp-json\/wp\/v2\/infouartes?post=78821"}],"curies":[{"name":"wp","href":"https:\/\/api.w.org\/{rel}","templated":true}]}}