{"id":802,"date":"2017-09-26T16:27:28","date_gmt":"2017-09-26T21:27:28","guid":{"rendered":"http:\/\/www.uartes.edu.ec\/infouartes\/?p=802"},"modified":"2024-07-04T11:54:10","modified_gmt":"2024-07-04T16:54:10","slug":"gobernador-del-guayas-recorre-la-biblioteca-de-las-artes","status":"publish","type":"post","link":"https:\/\/www.uartes.edu.ec\/sitio\/fr\/blog\/2017\/09\/26\/gobernador-del-guayas-recorre-la-biblioteca-de-las-artes\/","title":{"rendered":"Gobernador del Guayas recorre la Biblioteca de las Artes"},"content":{"rendered":"<p>Jose Francisco Cevallos, Gobernador de la Provincia del Guayas, Esteban Delgado, Coordinador Zonal 8 del Ministerio de Cultura y Patrimonio, y Ramiro Noriega, Rector de la Universidad de las Artes (UArtes), recorrieron la tarde de este martes 26 de septiembre la Biblioteca de las Artes ubicada en Pichincha y Aguirre, ex Banco de Descuento, centro de Guayaquil. En el encuentro particip\u00f3 tambi\u00e9n la coordinadora de la Biblioteca, Natalia Tamayo.<\/p>\n<p>El Gobernador, junto a las autoridades del Ministerio de Cultura y de la UArtes, recorri\u00f3 la planta baja, los tres pisos y terraza de la edificaci\u00f3n; constat\u00f3 los avances de la intervenci\u00f3n y adecuaci\u00f3n de espacios; conoci\u00f3 de los planes y proyectos que se desarrollar\u00e1n en este espacio; y finaliz\u00f3 el recorrido con la clara voluntad de apoyar en la gesti\u00f3n para que los trabajos culminen de acuerdo a lo planificado.<\/p>\n<p>Estoy muy feliz de tenerlos como vecinos, manifest\u00f3 el Gobernador, mientras recorr\u00eda las instalaciones y los espacios para artistas, investigadores, ni\u00f1os, j\u00f3venes, adultos; as\u00ed como las \u00e1reas l\u00fadicas y art\u00edsticas que cohabitar\u00e1n en este edificio.<\/p>\n<p>\u201cEsta es la primera Biblioteca de car\u00e1cter nacional y la primera especializada de artes, no hay ninguna otra biblioteca con los fondos con las que ya cuenta esta Biblioteca: Fondo Documental El Tel\u00e9grafo, Fondo Documental de la Presidencia de la Rep\u00fablica y el Fondo Bibliogr\u00e1fico Susana Romoleroux Viteri\u201d, destac\u00f3 Noriega.<\/p>\n<p>La edificaci\u00f3n de la Biblioteca de las Artes comprende una inversi\u00f3n de m\u00e1s de 2 millones de d\u00f3lares a trav\u00e9s de un cr\u00e9dito del Banco Interamericano de Desarrollo (BID). Los 5.229 metros cuadrados de la edificaci\u00f3n tendr\u00e1n capacidad para 80 mil libros, espacios para 400 personas sentadas, es decir, estudiantes, investigadores, ciudadanos o lectores que deseen utilizar estos espacios para ahondar en un tema relacionado al arte.<\/p>\n<p>En la primera planta de la edificaci\u00f3n se establecer\u00e1 la Sala de Lectura Miguel Donoso Pareja y el Fondo Documental del diario El Tel\u00e9grafo. Este Fondo consta de 1.460.000 fotograf\u00edas (en papel, negativos, slides y fotograf\u00edas digitales); 1300 tomos del diario El Tel\u00e9grafo de los a\u00f1os 1886 \u2013 2012, una colecci\u00f3n de diarios, revistas nacionales y extranjeras; adem\u00e1s de 535 rollos de microfilms que data de 1884 \u2013 1998.<\/p>\n<p>La Biblioteca de las Artes garantizar\u00e1 y facilitar\u00e1 el acceso de estudiantes, docentes, investigadores y usuarios de la sociedad civil interesados en acceder a documentos en diversos formatos, que pondr\u00e1 a disposici\u00f3n, dentro de una gama de servicios y de contenidos relacionados con las artes y campos afines.<\/p>\n<p>La Biblioteca tiene un avance del 86.5% y ser\u00e1 inaugurada en el mes de noviembre de 2017.<\/p>","protected":false},"excerpt":{"rendered":"<p>Jose Francisco Cevallos, Gobernador de la Provincia del Guayas, Esteban Delgado, Coordinador Zonal 8 del Ministerio de Cultura y Patrimonio, y Ramiro Noriega, Rector de la Universidad de las Artes (UArtes), recorrieron la tarde de este martes 26 de septiembre la Biblioteca de las Artes ubicada en Pichincha y Aguirre, ex Banco de Descuento, centro [&hellip;]<\/p>\n","protected":false},"author":1,"featured_media":803,"comment_status":"closed","ping_status":"open","sticky":false,"template":"","format":"standard","meta":{"_acf_changed":false,"_uag_custom_page_level_css":"","_monsterinsights_skip_tracking":false,"_monsterinsights_sitenote_active":false,"_monsterinsights_sitenote_note":"","_monsterinsights_sitenote_category":0,"cybocfi_hide_featured_image":"","footnotes":""},"categories":[77],"tags":[],"infouartes":[],"class_list":["post-802","post","type-post","status-publish","format-standard","has-post-thumbnail","hentry","category-gestion"],"acf":[],"yoast_head":"<!-- This site is optimized with the Yoast SEO plugin v27.4 - https:\/\/yoast.com\/product\/yoast-seo-wordpress\/ -->\n<title>Universidad de las Artes - Gobernador del Guayas recorre la Biblioteca de las Artes<\/title>\n<meta name=\"description\" content=\"Universidad de las Artes - Gobernador del Guayas recorre la Biblioteca de las Artes\" \/>\n<meta name=\"robots\" content=\"index, follow, max-snippet:-1, max-image-preview:large, max-video-preview:-1\" \/>\n<link rel=\"canonical\" href=\"https:\/\/www.uartes.edu.ec\/sitio\/fr\/blog\/2017\/09\/26\/gobernador-del-guayas-recorre-la-biblioteca-de-las-artes\/\" \/>\n<meta property=\"og:locale\" content=\"fr_FR\" \/>\n<meta property=\"og:type\" content=\"article\" \/>\n<meta property=\"og:title\" content=\"Universidad de las Artes - Gobernador del Guayas recorre la Biblioteca de las Artes\" \/>\n<meta property=\"og:description\" content=\"Universidad de las Artes - Gobernador del Guayas recorre la Biblioteca de las Artes\" \/>\n<meta property=\"og:url\" content=\"https:\/\/www.uartes.edu.ec\/sitio\/fr\/blog\/2017\/09\/26\/gobernador-del-guayas-recorre-la-biblioteca-de-las-artes\/\" \/>\n<meta property=\"og:site_name\" content=\"Universidad de las Artes\" \/>\n<meta property=\"article:publisher\" content=\"https:\/\/www.facebook.com\/uartesec\" \/>\n<meta property=\"article:published_time\" content=\"2017-09-26T21:27:28+00:00\" \/>\n<meta property=\"article:modified_time\" content=\"2024-07-04T16:54:10+00:00\" \/>\n<meta name=\"author\" content=\"Universidad de las Artes\" \/>\n<meta name=\"twitter:card\" content=\"summary_large_image\" \/>\n<meta name=\"twitter:creator\" content=\"@uartesec\" \/>\n<meta name=\"twitter:site\" content=\"@uartesec\" \/>\n<meta name=\"twitter:label1\" content=\"\u00c9crit par\" \/>\n\t<meta name=\"twitter:data1\" content=\"Universidad de las Artes\" \/>\n\t<meta name=\"twitter:label2\" content=\"Dur\u00e9e de lecture estim\u00e9e\" \/>\n\t<meta name=\"twitter:data2\" content=\"2 minutes\" \/>\n<script type=\"application\/ld+json\" class=\"yoast-schema-graph\">{\"@context\":\"https:\\\/\\\/schema.org\",\"@graph\":[{\"@type\":\"Article\",\"@id\":\"https:\\\/\\\/www.uartes.edu.ec\\\/sitio\\\/fr\\\/blog\\\/2017\\\/09\\\/26\\\/gobernador-del-guayas-recorre-la-biblioteca-de-las-artes\\\/#article\",\"isPartOf\":{\"@id\":\"https:\\\/\\\/www.uartes.edu.ec\\\/sitio\\\/fr\\\/blog\\\/2017\\\/09\\\/26\\\/gobernador-del-guayas-recorre-la-biblioteca-de-las-artes\\\/\"},\"author\":{\"name\":\"Universidad de las Artes\",\"@id\":\"https:\\\/\\\/www.uartes.edu.ec\\\/sitio\\\/fr\\\/#\\\/schema\\\/person\\\/f33f8c1d2af0d5c80a38c8abf458184a\"},\"headline\":\"Gobernador del Guayas recorre la Biblioteca de las Artes\",\"datePublished\":\"2017-09-26T21:27:28+00:00\",\"dateModified\":\"2024-07-04T16:54:10+00:00\",\"mainEntityOfPage\":{\"@id\":\"https:\\\/\\\/www.uartes.edu.ec\\\/sitio\\\/fr\\\/blog\\\/2017\\\/09\\\/26\\\/gobernador-del-guayas-recorre-la-biblioteca-de-las-artes\\\/\"},\"wordCount\":451,\"publisher\":{\"@id\":\"https:\\\/\\\/www.uartes.edu.ec\\\/sitio\\\/fr\\\/#organization\"},\"image\":{\"@id\":\"https:\\\/\\\/www.uartes.edu.ec\\\/sitio\\\/fr\\\/blog\\\/2017\\\/09\\\/26\\\/gobernador-del-guayas-recorre-la-biblioteca-de-las-artes\\\/#primaryimage\"},\"thumbnailUrl\":\"\",\"articleSection\":[\"Gesti\u00f3n\"],\"inLanguage\":\"fr-FR\"},{\"@type\":[\"WebPage\",\"ItemPage\"],\"@id\":\"https:\\\/\\\/www.uartes.edu.ec\\\/sitio\\\/fr\\\/blog\\\/2017\\\/09\\\/26\\\/gobernador-del-guayas-recorre-la-biblioteca-de-las-artes\\\/\",\"url\":\"https:\\\/\\\/www.uartes.edu.ec\\\/sitio\\\/fr\\\/blog\\\/2017\\\/09\\\/26\\\/gobernador-del-guayas-recorre-la-biblioteca-de-las-artes\\\/\",\"name\":\"Universidad de las Artes - Gobernador del Guayas recorre la Biblioteca de las Artes\",\"isPartOf\":{\"@id\":\"https:\\\/\\\/www.uartes.edu.ec\\\/sitio\\\/fr\\\/#website\"},\"primaryImageOfPage\":{\"@id\":\"https:\\\/\\\/www.uartes.edu.ec\\\/sitio\\\/fr\\\/blog\\\/2017\\\/09\\\/26\\\/gobernador-del-guayas-recorre-la-biblioteca-de-las-artes\\\/#primaryimage\"},\"image\":{\"@id\":\"https:\\\/\\\/www.uartes.edu.ec\\\/sitio\\\/fr\\\/blog\\\/2017\\\/09\\\/26\\\/gobernador-del-guayas-recorre-la-biblioteca-de-las-artes\\\/#primaryimage\"},\"thumbnailUrl\":\"\",\"datePublished\":\"2017-09-26T21:27:28+00:00\",\"dateModified\":\"2024-07-04T16:54:10+00:00\",\"description\":\"Universidad de las Artes - Gobernador del Guayas recorre la Biblioteca de las Artes\",\"breadcrumb\":{\"@id\":\"https:\\\/\\\/www.uartes.edu.ec\\\/sitio\\\/fr\\\/blog\\\/2017\\\/09\\\/26\\\/gobernador-del-guayas-recorre-la-biblioteca-de-las-artes\\\/#breadcrumb\"},\"inLanguage\":\"fr-FR\",\"potentialAction\":[{\"@type\":\"ReadAction\",\"target\":[\"https:\\\/\\\/www.uartes.edu.ec\\\/sitio\\\/fr\\\/blog\\\/2017\\\/09\\\/26\\\/gobernador-del-guayas-recorre-la-biblioteca-de-las-artes\\\/\"]}]},{\"@type\":\"ImageObject\",\"inLanguage\":\"fr-FR\",\"@id\":\"https:\\\/\\\/www.uartes.edu.ec\\\/sitio\\\/fr\\\/blog\\\/2017\\\/09\\\/26\\\/gobernador-del-guayas-recorre-la-biblioteca-de-las-artes\\\/#primaryimage\",\"url\":\"\",\"contentUrl\":\"\"},{\"@type\":\"BreadcrumbList\",\"@id\":\"https:\\\/\\\/www.uartes.edu.ec\\\/sitio\\\/fr\\\/blog\\\/2017\\\/09\\\/26\\\/gobernador-del-guayas-recorre-la-biblioteca-de-las-artes\\\/#breadcrumb\",\"itemListElement\":[{\"@type\":\"ListItem\",\"position\":1,\"name\":\"Inicio\",\"item\":\"https:\\\/\\\/www.uartes.edu.ec\\\/sitio\\\/\"},{\"@type\":\"ListItem\",\"position\":2,\"name\":\"Gobernador del Guayas recorre la Biblioteca de las Artes\"}]},{\"@type\":\"WebSite\",\"@id\":\"https:\\\/\\\/www.uartes.edu.ec\\\/sitio\\\/fr\\\/#website\",\"url\":\"https:\\\/\\\/www.uartes.edu.ec\\\/sitio\\\/fr\\\/\",\"name\":\"Universidad de las Artes\",\"description\":\"Sitio oficial de la Universidad Nacional de las Artes del Ecuador\",\"publisher\":{\"@id\":\"https:\\\/\\\/www.uartes.edu.ec\\\/sitio\\\/fr\\\/#organization\"},\"potentialAction\":[{\"@type\":\"SearchAction\",\"target\":{\"@type\":\"EntryPoint\",\"urlTemplate\":\"https:\\\/\\\/www.uartes.edu.ec\\\/sitio\\\/fr\\\/?s={search_term_string}\"},\"query-input\":{\"@type\":\"PropertyValueSpecification\",\"valueRequired\":true,\"valueName\":\"search_term_string\"}}],\"inLanguage\":\"fr-FR\"},{\"@type\":\"Organization\",\"@id\":\"https:\\\/\\\/www.uartes.edu.ec\\\/sitio\\\/fr\\\/#organization\",\"name\":\"Universidad de las Artes\",\"url\":\"https:\\\/\\\/www.uartes.edu.ec\\\/sitio\\\/fr\\\/\",\"logo\":{\"@type\":\"ImageObject\",\"inLanguage\":\"fr-FR\",\"@id\":\"https:\\\/\\\/www.uartes.edu.ec\\\/sitio\\\/fr\\\/#\\\/schema\\\/logo\\\/image\\\/\",\"url\":\"https:\\\/\\\/www.uartes.edu.ec\\\/sitio\\\/wp-content\\\/uploads\\\/2022\\\/07\\\/logo-ua-horizontal.png\",\"contentUrl\":\"https:\\\/\\\/www.uartes.edu.ec\\\/sitio\\\/wp-content\\\/uploads\\\/2022\\\/07\\\/logo-ua-horizontal.png\",\"width\":800,\"height\":276,\"caption\":\"Universidad de las Artes\"},\"image\":{\"@id\":\"https:\\\/\\\/www.uartes.edu.ec\\\/sitio\\\/fr\\\/#\\\/schema\\\/logo\\\/image\\\/\"},\"sameAs\":[\"https:\\\/\\\/www.facebook.com\\\/uartesec\",\"https:\\\/\\\/x.com\\\/uartesec\",\"https:\\\/\\\/www.tiktok.com\\\/@uartesec\"]},{\"@type\":\"Person\",\"@id\":\"https:\\\/\\\/www.uartes.edu.ec\\\/sitio\\\/fr\\\/#\\\/schema\\\/person\\\/f33f8c1d2af0d5c80a38c8abf458184a\",\"name\":\"Universidad de las Artes\",\"image\":{\"@type\":\"ImageObject\",\"inLanguage\":\"fr-FR\",\"@id\":\"https:\\\/\\\/secure.gravatar.com\\\/avatar\\\/52e4757902f5cfa5ac52d020e5be83cae5487519154b6c35482fe08d589f3c13?s=96&d=mm&r=g\",\"url\":\"https:\\\/\\\/secure.gravatar.com\\\/avatar\\\/52e4757902f5cfa5ac52d020e5be83cae5487519154b6c35482fe08d589f3c13?s=96&d=mm&r=g\",\"contentUrl\":\"https:\\\/\\\/secure.gravatar.com\\\/avatar\\\/52e4757902f5cfa5ac52d020e5be83cae5487519154b6c35482fe08d589f3c13?s=96&d=mm&r=g\",\"caption\":\"Universidad de las Artes\"},\"url\":\"https:\\\/\\\/www.uartes.edu.ec\\\/sitio\\\/fr\\\/blog\\\/author\\\/dircomadm\\\/\"}]}<\/script>\n<!-- \/ Yoast SEO plugin. -->","yoast_head_json":{"title":"Universidad de las Artes - Gobernador del Guayas recorre la Biblioteca de las Artes","description":"Universidad de las Artes - Gobernador del Guayas recorre la Biblioteca de las Artes","robots":{"index":"index","follow":"follow","max-snippet":"max-snippet:-1","max-image-preview":"max-image-preview:large","max-video-preview":"max-video-preview:-1"},"canonical":"https:\/\/www.uartes.edu.ec\/sitio\/fr\/blog\/2017\/09\/26\/gobernador-del-guayas-recorre-la-biblioteca-de-las-artes\/","og_locale":"fr_FR","og_type":"article","og_title":"Universidad de las Artes - Gobernador del Guayas recorre la Biblioteca de las Artes","og_description":"Universidad de las Artes - Gobernador del Guayas recorre la Biblioteca de las Artes","og_url":"https:\/\/www.uartes.edu.ec\/sitio\/fr\/blog\/2017\/09\/26\/gobernador-del-guayas-recorre-la-biblioteca-de-las-artes\/","og_site_name":"Universidad de las Artes","article_publisher":"https:\/\/www.facebook.com\/uartesec","article_published_time":"2017-09-26T21:27:28+00:00","article_modified_time":"2024-07-04T16:54:10+00:00","author":"Universidad de las Artes","twitter_card":"summary_large_image","twitter_creator":"@uartesec","twitter_site":"@uartesec","twitter_misc":{"\u00c9crit par":"Universidad de las Artes","Dur\u00e9e de lecture estim\u00e9e":"2 minutes"},"schema":{"@context":"https:\/\/schema.org","@graph":[{"@type":"Article","@id":"https:\/\/www.uartes.edu.ec\/sitio\/fr\/blog\/2017\/09\/26\/gobernador-del-guayas-recorre-la-biblioteca-de-las-artes\/#article","isPartOf":{"@id":"https:\/\/www.uartes.edu.ec\/sitio\/fr\/blog\/2017\/09\/26\/gobernador-del-guayas-recorre-la-biblioteca-de-las-artes\/"},"author":{"name":"Universidad de las Artes","@id":"https:\/\/www.uartes.edu.ec\/sitio\/fr\/#\/schema\/person\/f33f8c1d2af0d5c80a38c8abf458184a"},"headline":"Gobernador del Guayas recorre la Biblioteca de las Artes","datePublished":"2017-09-26T21:27:28+00:00","dateModified":"2024-07-04T16:54:10+00:00","mainEntityOfPage":{"@id":"https:\/\/www.uartes.edu.ec\/sitio\/fr\/blog\/2017\/09\/26\/gobernador-del-guayas-recorre-la-biblioteca-de-las-artes\/"},"wordCount":451,"publisher":{"@id":"https:\/\/www.uartes.edu.ec\/sitio\/fr\/#organization"},"image":{"@id":"https:\/\/www.uartes.edu.ec\/sitio\/fr\/blog\/2017\/09\/26\/gobernador-del-guayas-recorre-la-biblioteca-de-las-artes\/#primaryimage"},"thumbnailUrl":"","articleSection":["Gesti\u00f3n"],"inLanguage":"fr-FR"},{"@type":["WebPage","ItemPage"],"@id":"https:\/\/www.uartes.edu.ec\/sitio\/fr\/blog\/2017\/09\/26\/gobernador-del-guayas-recorre-la-biblioteca-de-las-artes\/","url":"https:\/\/www.uartes.edu.ec\/sitio\/fr\/blog\/2017\/09\/26\/gobernador-del-guayas-recorre-la-biblioteca-de-las-artes\/","name":"Universidad de las Artes - Gobernador del Guayas recorre la Biblioteca de las Artes","isPartOf":{"@id":"https:\/\/www.uartes.edu.ec\/sitio\/fr\/#website"},"primaryImageOfPage":{"@id":"https:\/\/www.uartes.edu.ec\/sitio\/fr\/blog\/2017\/09\/26\/gobernador-del-guayas-recorre-la-biblioteca-de-las-artes\/#primaryimage"},"image":{"@id":"https:\/\/www.uartes.edu.ec\/sitio\/fr\/blog\/2017\/09\/26\/gobernador-del-guayas-recorre-la-biblioteca-de-las-artes\/#primaryimage"},"thumbnailUrl":"","datePublished":"2017-09-26T21:27:28+00:00","dateModified":"2024-07-04T16:54:10+00:00","description":"Universidad de las Artes - Gobernador del Guayas recorre la Biblioteca de las Artes","breadcrumb":{"@id":"https:\/\/www.uartes.edu.ec\/sitio\/fr\/blog\/2017\/09\/26\/gobernador-del-guayas-recorre-la-biblioteca-de-las-artes\/#breadcrumb"},"inLanguage":"fr-FR","potentialAction":[{"@type":"ReadAction","target":["https:\/\/www.uartes.edu.ec\/sitio\/fr\/blog\/2017\/09\/26\/gobernador-del-guayas-recorre-la-biblioteca-de-las-artes\/"]}]},{"@type":"ImageObject","inLanguage":"fr-FR","@id":"https:\/\/www.uartes.edu.ec\/sitio\/fr\/blog\/2017\/09\/26\/gobernador-del-guayas-recorre-la-biblioteca-de-las-artes\/#primaryimage","url":"","contentUrl":""},{"@type":"BreadcrumbList","@id":"https:\/\/www.uartes.edu.ec\/sitio\/fr\/blog\/2017\/09\/26\/gobernador-del-guayas-recorre-la-biblioteca-de-las-artes\/#breadcrumb","itemListElement":[{"@type":"ListItem","position":1,"name":"Inicio","item":"https:\/\/www.uartes.edu.ec\/sitio\/"},{"@type":"ListItem","position":2,"name":"Gobernador del Guayas recorre la Biblioteca de las Artes"}]},{"@type":"WebSite","@id":"https:\/\/www.uartes.edu.ec\/sitio\/fr\/#website","url":"https:\/\/www.uartes.edu.ec\/sitio\/fr\/","name":"Universidad de las Artes","description":"Sitio oficial de la Universidad Nacional de las Artes del Ecuador","publisher":{"@id":"https:\/\/www.uartes.edu.ec\/sitio\/fr\/#organization"},"potentialAction":[{"@type":"SearchAction","target":{"@type":"EntryPoint","urlTemplate":"https:\/\/www.uartes.edu.ec\/sitio\/fr\/?s={search_term_string}"},"query-input":{"@type":"PropertyValueSpecification","valueRequired":true,"valueName":"search_term_string"}}],"inLanguage":"fr-FR"},{"@type":"Organization","@id":"https:\/\/www.uartes.edu.ec\/sitio\/fr\/#organization","name":"Universidad de las Artes","url":"https:\/\/www.uartes.edu.ec\/sitio\/fr\/","logo":{"@type":"ImageObject","inLanguage":"fr-FR","@id":"https:\/\/www.uartes.edu.ec\/sitio\/fr\/#\/schema\/logo\/image\/","url":"https:\/\/www.uartes.edu.ec\/sitio\/wp-content\/uploads\/2022\/07\/logo-ua-horizontal.png","contentUrl":"https:\/\/www.uartes.edu.ec\/sitio\/wp-content\/uploads\/2022\/07\/logo-ua-horizontal.png","width":800,"height":276,"caption":"Universidad de las Artes"},"image":{"@id":"https:\/\/www.uartes.edu.ec\/sitio\/fr\/#\/schema\/logo\/image\/"},"sameAs":["https:\/\/www.facebook.com\/uartesec","https:\/\/x.com\/uartesec","https:\/\/www.tiktok.com\/@uartesec"]},{"@type":"Person","@id":"https:\/\/www.uartes.edu.ec\/sitio\/fr\/#\/schema\/person\/f33f8c1d2af0d5c80a38c8abf458184a","name":"Universidad de las Artes","image":{"@type":"ImageObject","inLanguage":"fr-FR","@id":"https:\/\/secure.gravatar.com\/avatar\/52e4757902f5cfa5ac52d020e5be83cae5487519154b6c35482fe08d589f3c13?s=96&d=mm&r=g","url":"https:\/\/secure.gravatar.com\/avatar\/52e4757902f5cfa5ac52d020e5be83cae5487519154b6c35482fe08d589f3c13?s=96&d=mm&r=g","contentUrl":"https:\/\/secure.gravatar.com\/avatar\/52e4757902f5cfa5ac52d020e5be83cae5487519154b6c35482fe08d589f3c13?s=96&d=mm&r=g","caption":"Universidad de las Artes"},"url":"https:\/\/www.uartes.edu.ec\/sitio\/fr\/blog\/author\/dircomadm\/"}]}},"uagb_featured_image_src":{"full":false,"thumbnail":false,"medium":false,"medium_large":false,"large":false,"1536x1536":false,"2048x2048":false,"trp-custom-language-flag":false,"htmega_size_585x295":false,"htmega_size_1170x536":false,"htmega_size_396x360":false,"gb-block-post-grid-landscape":false,"gb-block-post-grid-square":false,"university-hub-thumb":false},"uagb_author_info":{"display_name":"Universidad de las Artes","author_link":"https:\/\/www.uartes.edu.ec\/sitio\/fr\/blog\/author\/dircomadm\/"},"uagb_comment_info":0,"uagb_excerpt":"Jose Francisco Cevallos, Gobernador de la Provincia del Guayas, Esteban Delgado, Coordinador Zonal 8 del Ministerio de Cultura y Patrimonio, y Ramiro Noriega, Rector de la Universidad de las Artes (UArtes), recorrieron la tarde de este martes 26 de septiembre la Biblioteca de las Artes ubicada en Pichincha y Aguirre, ex Banco de Descuento, centro\u2026","featured_image_src":null,"featured_image_src_square":null,"author_info":{"display_name":"Universidad de las Artes","author_link":"https:\/\/www.uartes.edu.ec\/sitio\/fr\/blog\/author\/dircomadm\/"},"publishpress_future_workflow_manual_trigger":{"enabledWorkflows":[]},"distributor_meta":false,"distributor_terms":false,"distributor_media":false,"distributor_original_site_name":"Universidad de las Artes","distributor_original_site_url":"https:\/\/www.uartes.edu.ec\/sitio\/fr","push-errors":false,"_links":{"self":[{"href":"https:\/\/www.uartes.edu.ec\/sitio\/fr\/wp-json\/wp\/v2\/posts\/802","targetHints":{"allow":["GET"]}}],"collection":[{"href":"https:\/\/www.uartes.edu.ec\/sitio\/fr\/wp-json\/wp\/v2\/posts"}],"about":[{"href":"https:\/\/www.uartes.edu.ec\/sitio\/fr\/wp-json\/wp\/v2\/types\/post"}],"author":[{"embeddable":true,"href":"https:\/\/www.uartes.edu.ec\/sitio\/fr\/wp-json\/wp\/v2\/users\/1"}],"replies":[{"embeddable":true,"href":"https:\/\/www.uartes.edu.ec\/sitio\/fr\/wp-json\/wp\/v2\/comments?post=802"}],"version-history":[{"count":1,"href":"https:\/\/www.uartes.edu.ec\/sitio\/fr\/wp-json\/wp\/v2\/posts\/802\/revisions"}],"predecessor-version":[{"id":57973,"href":"https:\/\/www.uartes.edu.ec\/sitio\/fr\/wp-json\/wp\/v2\/posts\/802\/revisions\/57973"}],"wp:featuredmedia":[{"embeddable":true,"href":"https:\/\/www.uartes.edu.ec\/sitio\/fr\/wp-json\/"}],"wp:attachment":[{"href":"https:\/\/www.uartes.edu.ec\/sitio\/fr\/wp-json\/wp\/v2\/media?parent=802"}],"wp:term":[{"taxonomy":"category","embeddable":true,"href":"https:\/\/www.uartes.edu.ec\/sitio\/fr\/wp-json\/wp\/v2\/categories?post=802"},{"taxonomy":"post_tag","embeddable":true,"href":"https:\/\/www.uartes.edu.ec\/sitio\/fr\/wp-json\/wp\/v2\/tags?post=802"},{"taxonomy":"infouartes","embeddable":true,"href":"https:\/\/www.uartes.edu.ec\/sitio\/fr\/wp-json\/wp\/v2\/infouartes?post=802"}],"curies":[{"name":"wp","href":"https:\/\/api.w.org\/{rel}","templated":true}]}}