{"id":82123,"date":"2025-11-13T17:42:00","date_gmt":"2025-11-13T22:42:00","guid":{"rendered":"https:\/\/www.uartes.edu.ec\/sitio\/?p=82123"},"modified":"2025-11-15T13:51:25","modified_gmt":"2025-11-15T18:51:25","slug":"dialogos-sobre-el-doctorado-en-artes-que-se-desarrolla-en-red-entre-la-uartes-y-la-espol","status":"publish","type":"post","link":"https:\/\/www.uartes.edu.ec\/sitio\/fr\/blog\/2025\/11\/13\/dialogos-sobre-el-doctorado-en-artes-que-se-desarrolla-en-red-entre-la-uartes-y-la-espol\/","title":{"rendered":"Di\u00e1logos sobre el Doctorado en Artes que se desarrolla en red entre la UArtes y la Espol"},"content":{"rendered":"<p>Un encuentro para el di\u00e1logo se propici\u00f3 el jueves 6 de noviembre de 2025, en las instalaciones de la Biblioteca de las Artes, para la socializaci\u00f3n del Programa de Doctorado en Artes que se est\u00e1 desarrollando en red entre la Universidad de las Artes y la Escuela Superior Polit\u00e9cnica del Litoral (Espol).<\/p>\n\n\n\n<p>A la jornada fueron convocados los docentes UArtes, a fin de dar a conocer la etapa de construcci\u00f3n del expediente doctoral. Se atendieron inquietudes relacionadas con el proceso de titulaci\u00f3n, el costo del programa y las posibilidades de ingreso para la comunidad universitaria.<\/p>\n\n\n\n<p>Las aportaciones de los docentes resultaron fundamentales para fortalecer las l\u00edneas de investigaci\u00f3n y pedag\u00f3gicas del futuro programa, las cuales han sido elaboradas junto al Comit\u00e9 Doctoral conformado por representantes de ambas instituciones. Por parte de la Universidad de las Artes, este comit\u00e9 lo integran la vicerrectora acad\u00e9mica, Olga L\u00f3pez, y los docentes Adina Izarra, Rub\u00e9n Riera&nbsp;y&nbsp;Saidel&nbsp;Brito.<\/p>\n\n\n<div class=\"wp-block-image\">\n<figure class=\"aligncenter size-large\"><img fetchpriority=\"high\" decoding=\"async\" width=\"644\" height=\"429\" src=\"https:\/\/www.uartes.edu.ec\/sitio\/wp-content\/uploads\/2025\/11\/01-DOCTORADO-EN-ARTES-644x429.jpg\" alt=\"\" class=\"wp-image-82125\" srcset=\"https:\/\/www.uartes.edu.ec\/sitio\/wp-content\/uploads\/2025\/11\/01-DOCTORADO-EN-ARTES-644x429.jpg 644w, https:\/\/www.uartes.edu.ec\/sitio\/wp-content\/uploads\/2025\/11\/01-DOCTORADO-EN-ARTES-300x200.jpg 300w, https:\/\/www.uartes.edu.ec\/sitio\/wp-content\/uploads\/2025\/11\/01-DOCTORADO-EN-ARTES-768x512.jpg 768w, https:\/\/www.uartes.edu.ec\/sitio\/wp-content\/uploads\/2025\/11\/01-DOCTORADO-EN-ARTES-1536x1024.jpg 1536w, https:\/\/www.uartes.edu.ec\/sitio\/wp-content\/uploads\/2025\/11\/01-DOCTORADO-EN-ARTES-18x12.jpg 18w, https:\/\/www.uartes.edu.ec\/sitio\/wp-content\/uploads\/2025\/11\/01-DOCTORADO-EN-ARTES-600x400.jpg 600w, https:\/\/www.uartes.edu.ec\/sitio\/wp-content\/uploads\/2025\/11\/01-DOCTORADO-EN-ARTES-400x267.jpg 400w, https:\/\/www.uartes.edu.ec\/sitio\/wp-content\/uploads\/2025\/11\/01-DOCTORADO-EN-ARTES.jpg 2000w\" sizes=\"(max-width: 644px) 100vw, 644px\" \/><\/figure>\n<\/div>\n\n<div class=\"wp-block-image\">\n<figure class=\"aligncenter size-large is-resized\"><img decoding=\"async\" width=\"644\" height=\"429\" src=\"https:\/\/www.uartes.edu.ec\/sitio\/wp-content\/uploads\/2025\/11\/07-DOCTORADO-EN-ARTES-644x429.jpg\" alt=\"\" class=\"wp-image-82131\" style=\"width:452px;height:auto\" srcset=\"https:\/\/www.uartes.edu.ec\/sitio\/wp-content\/uploads\/2025\/11\/07-DOCTORADO-EN-ARTES-644x429.jpg 644w, https:\/\/www.uartes.edu.ec\/sitio\/wp-content\/uploads\/2025\/11\/07-DOCTORADO-EN-ARTES-300x200.jpg 300w, https:\/\/www.uartes.edu.ec\/sitio\/wp-content\/uploads\/2025\/11\/07-DOCTORADO-EN-ARTES-768x512.jpg 768w, https:\/\/www.uartes.edu.ec\/sitio\/wp-content\/uploads\/2025\/11\/07-DOCTORADO-EN-ARTES-1536x1024.jpg 1536w, https:\/\/www.uartes.edu.ec\/sitio\/wp-content\/uploads\/2025\/11\/07-DOCTORADO-EN-ARTES-18x12.jpg 18w, https:\/\/www.uartes.edu.ec\/sitio\/wp-content\/uploads\/2025\/11\/07-DOCTORADO-EN-ARTES-600x400.jpg 600w, https:\/\/www.uartes.edu.ec\/sitio\/wp-content\/uploads\/2025\/11\/07-DOCTORADO-EN-ARTES-400x267.jpg 400w, https:\/\/www.uartes.edu.ec\/sitio\/wp-content\/uploads\/2025\/11\/07-DOCTORADO-EN-ARTES.jpg 2000w\" sizes=\"(max-width: 644px) 100vw, 644px\" \/><\/figure>\n<\/div>\n\n\n<p><strong>Antecedentes y convenio por el programa<\/strong><\/p>\n\n\n\n<p>Vale anotar que, para la labor conjunta en el marco del Doctorado en Artes, la Universidad de las Artes firm\u00f3 un convenio espec\u00edfico con la Espol para la presentaci\u00f3n, desarrollo y ejecuci\u00f3n del programa. Su contenido se\u00f1ala tambi\u00e9n las actividades formativas y de investigaci\u00f3n que se ejecutar\u00e1n en ambas instituciones. No obstante, las actividades de investigaci\u00f3n (ejecuci\u00f3n de tesis, ponencias en congresos u otras actividades de car\u00e1cter investigativo a realizarse dentro del programa) podr\u00e1n ejecutarse en otras instituciones dentro o fuera del pa\u00eds, a fin de garantizar el cumplimiento de los objetivos del proyecto de investigaci\u00f3n.<\/p>\n\n\n\n<p>El Doctorado en Artes, que ser\u00eda el primero en Ecuador, estar\u00e1 dirigido no solo a artistas que quieran continuar con su investigaci\u00f3n, sino tambi\u00e9n a profesionales que trabajan sobre las artes; que vienen del campo de las humanidades, pero que les interesa la reflexi\u00f3n sobre las artes; y que tienen una l\u00ednea muy investigativa, porque el doctorado tiene ese criterio.<\/p>\n\n\n\n<figure class=\"wp-block-gallery has-nested-images columns-default is-cropped wp-block-gallery-1 is-layout-flex wp-block-gallery-is-layout-flex\">\n<figure class=\"wp-block-image size-large\"><img decoding=\"async\" width=\"644\" height=\"429\" data-id=\"82127\" src=\"https:\/\/www.uartes.edu.ec\/sitio\/wp-content\/uploads\/2025\/11\/02-DOCTORADO-EN-ARTES-644x429.jpg\" alt=\"\" class=\"wp-image-82127\" srcset=\"https:\/\/www.uartes.edu.ec\/sitio\/wp-content\/uploads\/2025\/11\/02-DOCTORADO-EN-ARTES-644x429.jpg 644w, https:\/\/www.uartes.edu.ec\/sitio\/wp-content\/uploads\/2025\/11\/02-DOCTORADO-EN-ARTES-300x200.jpg 300w, https:\/\/www.uartes.edu.ec\/sitio\/wp-content\/uploads\/2025\/11\/02-DOCTORADO-EN-ARTES-768x512.jpg 768w, https:\/\/www.uartes.edu.ec\/sitio\/wp-content\/uploads\/2025\/11\/02-DOCTORADO-EN-ARTES-1536x1024.jpg 1536w, https:\/\/www.uartes.edu.ec\/sitio\/wp-content\/uploads\/2025\/11\/02-DOCTORADO-EN-ARTES-18x12.jpg 18w, https:\/\/www.uartes.edu.ec\/sitio\/wp-content\/uploads\/2025\/11\/02-DOCTORADO-EN-ARTES-600x400.jpg 600w, https:\/\/www.uartes.edu.ec\/sitio\/wp-content\/uploads\/2025\/11\/02-DOCTORADO-EN-ARTES-400x267.jpg 400w, https:\/\/www.uartes.edu.ec\/sitio\/wp-content\/uploads\/2025\/11\/02-DOCTORADO-EN-ARTES.jpg 2000w\" sizes=\"(max-width: 644px) 100vw, 644px\" \/><\/figure>\n\n\n\n<figure class=\"wp-block-image size-large\"><img loading=\"lazy\" decoding=\"async\" width=\"644\" height=\"429\" data-id=\"82128\" src=\"https:\/\/www.uartes.edu.ec\/sitio\/wp-content\/uploads\/2025\/11\/09-DOCTORADO-EN-ARTES-644x429.jpg\" alt=\"\" class=\"wp-image-82128\" srcset=\"https:\/\/www.uartes.edu.ec\/sitio\/wp-content\/uploads\/2025\/11\/09-DOCTORADO-EN-ARTES-644x429.jpg 644w, https:\/\/www.uartes.edu.ec\/sitio\/wp-content\/uploads\/2025\/11\/09-DOCTORADO-EN-ARTES-300x200.jpg 300w, https:\/\/www.uartes.edu.ec\/sitio\/wp-content\/uploads\/2025\/11\/09-DOCTORADO-EN-ARTES-768x512.jpg 768w, https:\/\/www.uartes.edu.ec\/sitio\/wp-content\/uploads\/2025\/11\/09-DOCTORADO-EN-ARTES-1536x1024.jpg 1536w, https:\/\/www.uartes.edu.ec\/sitio\/wp-content\/uploads\/2025\/11\/09-DOCTORADO-EN-ARTES-18x12.jpg 18w, https:\/\/www.uartes.edu.ec\/sitio\/wp-content\/uploads\/2025\/11\/09-DOCTORADO-EN-ARTES-600x400.jpg 600w, https:\/\/www.uartes.edu.ec\/sitio\/wp-content\/uploads\/2025\/11\/09-DOCTORADO-EN-ARTES-400x267.jpg 400w, https:\/\/www.uartes.edu.ec\/sitio\/wp-content\/uploads\/2025\/11\/09-DOCTORADO-EN-ARTES.jpg 2000w\" sizes=\"(max-width: 644px) 100vw, 644px\" \/><\/figure>\n<\/figure>\n\n\n\n<figure class=\"wp-block-gallery has-nested-images columns-default is-cropped wp-block-gallery-2 is-layout-flex wp-block-gallery-is-layout-flex\">\n<figure class=\"wp-block-image size-large\"><img loading=\"lazy\" decoding=\"async\" width=\"644\" height=\"429\" data-id=\"82130\" src=\"https:\/\/www.uartes.edu.ec\/sitio\/wp-content\/uploads\/2025\/11\/04-DOCTORADO-EN-ARTES-644x429.jpg\" alt=\"\" class=\"wp-image-82130\" srcset=\"https:\/\/www.uartes.edu.ec\/sitio\/wp-content\/uploads\/2025\/11\/04-DOCTORADO-EN-ARTES-644x429.jpg 644w, https:\/\/www.uartes.edu.ec\/sitio\/wp-content\/uploads\/2025\/11\/04-DOCTORADO-EN-ARTES-300x200.jpg 300w, https:\/\/www.uartes.edu.ec\/sitio\/wp-content\/uploads\/2025\/11\/04-DOCTORADO-EN-ARTES-768x512.jpg 768w, https:\/\/www.uartes.edu.ec\/sitio\/wp-content\/uploads\/2025\/11\/04-DOCTORADO-EN-ARTES-1536x1024.jpg 1536w, https:\/\/www.uartes.edu.ec\/sitio\/wp-content\/uploads\/2025\/11\/04-DOCTORADO-EN-ARTES-18x12.jpg 18w, https:\/\/www.uartes.edu.ec\/sitio\/wp-content\/uploads\/2025\/11\/04-DOCTORADO-EN-ARTES-600x400.jpg 600w, https:\/\/www.uartes.edu.ec\/sitio\/wp-content\/uploads\/2025\/11\/04-DOCTORADO-EN-ARTES-400x267.jpg 400w, https:\/\/www.uartes.edu.ec\/sitio\/wp-content\/uploads\/2025\/11\/04-DOCTORADO-EN-ARTES.jpg 2000w\" sizes=\"(max-width: 644px) 100vw, 644px\" \/><\/figure>\n\n\n\n<figure class=\"wp-block-image size-large\"><img loading=\"lazy\" decoding=\"async\" width=\"644\" height=\"429\" data-id=\"82125\" src=\"https:\/\/www.uartes.edu.ec\/sitio\/wp-content\/uploads\/2025\/11\/01-DOCTORADO-EN-ARTES-644x429.jpg\" alt=\"\" class=\"wp-image-82125\" srcset=\"https:\/\/www.uartes.edu.ec\/sitio\/wp-content\/uploads\/2025\/11\/01-DOCTORADO-EN-ARTES-644x429.jpg 644w, https:\/\/www.uartes.edu.ec\/sitio\/wp-content\/uploads\/2025\/11\/01-DOCTORADO-EN-ARTES-300x200.jpg 300w, https:\/\/www.uartes.edu.ec\/sitio\/wp-content\/uploads\/2025\/11\/01-DOCTORADO-EN-ARTES-768x512.jpg 768w, https:\/\/www.uartes.edu.ec\/sitio\/wp-content\/uploads\/2025\/11\/01-DOCTORADO-EN-ARTES-1536x1024.jpg 1536w, https:\/\/www.uartes.edu.ec\/sitio\/wp-content\/uploads\/2025\/11\/01-DOCTORADO-EN-ARTES-18x12.jpg 18w, https:\/\/www.uartes.edu.ec\/sitio\/wp-content\/uploads\/2025\/11\/01-DOCTORADO-EN-ARTES-600x400.jpg 600w, https:\/\/www.uartes.edu.ec\/sitio\/wp-content\/uploads\/2025\/11\/01-DOCTORADO-EN-ARTES-400x267.jpg 400w, https:\/\/www.uartes.edu.ec\/sitio\/wp-content\/uploads\/2025\/11\/01-DOCTORADO-EN-ARTES.jpg 2000w\" sizes=\"(max-width: 644px) 100vw, 644px\" \/><\/figure>\n<\/figure>\n\n\n\n<p>Texto: Jordan Mosquera\/Direcci\u00f3n de Pol\u00edticas de Investigaci\u00f3n en Artes. Edici\u00f3n: Carmen Cortez\/Dircom. Fotos: Tyron Maridue\u00f1a\/Dircom.<\/p>","protected":false},"excerpt":{"rendered":"<p>Un encuentro para socializar el Programa de Doctorado en Artes se propici\u00f3 el 6 de noviembre en la Biblioteca de las Artes. Se est\u00e1 desarrollando en red entre la UArtes y la Espol.  Las aportaciones de nuestros docentes fortalecieron las l\u00edneas de investigaci\u00f3n y pedag\u00f3gicas del futuro programa, elaboradas por el Comit\u00e9 Doctoral conformado por representantes de ambas instituciones. Por la UArtes: la vicerrectora acad\u00e9mica, Olga L\u00f3pez; Adina Izarra, Rub\u00e9n Riera y Saidel Brito.<\/p>","protected":false},"author":10,"featured_media":82124,"comment_status":"open","ping_status":"open","sticky":false,"template":"","format":"standard","meta":{"_acf_changed":false,"_uag_custom_page_level_css":"","_monsterinsights_skip_tracking":false,"_monsterinsights_sitenote_active":false,"_monsterinsights_sitenote_note":"","_monsterinsights_sitenote_category":0,"cybocfi_hide_featured_image":"","footnotes":""},"categories":[80,159,150,157,147,75,175],"tags":[1264],"infouartes":[],"class_list":["post-82123","post","type-post","status-publish","format-standard","has-post-thumbnail","hentry","category-academico","category-artes-escenicas","category-artes-sonoras","category-artes-visuales","category-cine","category-docentes","category-literatura","tag-programa"],"acf":[],"yoast_head":"<!-- This site is optimized with the Yoast SEO plugin v27.4 - https:\/\/yoast.com\/product\/yoast-seo-wordpress\/ -->\n<title>Universidad de las Artes - Di\u00e1logos sobre el Doctorado en Artes que se desarrolla en red entre la UArtes y la Espol<\/title>\n<meta name=\"description\" content=\"Universidad de las Artes - Di\u00e1logos sobre el Doctorado en Artes que se desarrolla en red entre la UArtes y la Espol\" \/>\n<meta name=\"robots\" content=\"index, follow, max-snippet:-1, max-image-preview:large, max-video-preview:-1\" \/>\n<link rel=\"canonical\" href=\"https:\/\/www.uartes.edu.ec\/sitio\/fr\/blog\/2025\/11\/13\/dialogos-sobre-el-doctorado-en-artes-que-se-desarrolla-en-red-entre-la-uartes-y-la-espol\/\" \/>\n<meta property=\"og:locale\" content=\"fr_FR\" \/>\n<meta property=\"og:type\" content=\"article\" \/>\n<meta property=\"og:title\" content=\"Universidad de las Artes - Di\u00e1logos sobre el Doctorado en Artes que se desarrolla en red entre la UArtes y la Espol\" \/>\n<meta property=\"og:description\" content=\"Universidad de las Artes - Di\u00e1logos sobre el Doctorado en Artes que se desarrolla en red entre la UArtes y la Espol\" \/>\n<meta property=\"og:url\" content=\"https:\/\/www.uartes.edu.ec\/sitio\/fr\/blog\/2025\/11\/13\/dialogos-sobre-el-doctorado-en-artes-que-se-desarrolla-en-red-entre-la-uartes-y-la-espol\/\" \/>\n<meta property=\"og:site_name\" content=\"Universidad de las Artes\" \/>\n<meta property=\"article:publisher\" content=\"https:\/\/www.facebook.com\/uartesec\" \/>\n<meta property=\"article:published_time\" content=\"2025-11-13T22:42:00+00:00\" \/>\n<meta property=\"article:modified_time\" content=\"2025-11-15T18:51:25+00:00\" \/>\n<meta property=\"og:image\" content=\"https:\/\/www.uartes.edu.ec\/sitio\/wp-content\/uploads\/2025\/11\/05-DOCTORADO-EN-ARTES.jpg\" \/>\n\t<meta property=\"og:image:width\" content=\"2000\" \/>\n\t<meta property=\"og:image:height\" content=\"1333\" \/>\n\t<meta property=\"og:image:type\" content=\"image\/jpeg\" \/>\n<meta name=\"author\" content=\"ccortez\" \/>\n<meta name=\"twitter:card\" content=\"summary_large_image\" \/>\n<meta name=\"twitter:creator\" content=\"@uartesec\" \/>\n<meta name=\"twitter:site\" content=\"@uartesec\" \/>\n<meta name=\"twitter:label1\" content=\"\u00c9crit par\" \/>\n\t<meta name=\"twitter:data1\" content=\"ccortez\" \/>\n\t<meta name=\"twitter:label2\" content=\"Dur\u00e9e de lecture estim\u00e9e\" \/>\n\t<meta name=\"twitter:data2\" content=\"2 minutes\" \/>\n<script type=\"application\/ld+json\" class=\"yoast-schema-graph\">{\"@context\":\"https:\\\/\\\/schema.org\",\"@graph\":[{\"@type\":\"Article\",\"@id\":\"https:\\\/\\\/www.uartes.edu.ec\\\/sitio\\\/fr\\\/blog\\\/2025\\\/11\\\/13\\\/dialogos-sobre-el-doctorado-en-artes-que-se-desarrolla-en-red-entre-la-uartes-y-la-espol\\\/#article\",\"isPartOf\":{\"@id\":\"https:\\\/\\\/www.uartes.edu.ec\\\/sitio\\\/fr\\\/blog\\\/2025\\\/11\\\/13\\\/dialogos-sobre-el-doctorado-en-artes-que-se-desarrolla-en-red-entre-la-uartes-y-la-espol\\\/\"},\"author\":{\"name\":\"ccortez\",\"@id\":\"https:\\\/\\\/www.uartes.edu.ec\\\/sitio\\\/fr\\\/#\\\/schema\\\/person\\\/efa1b8275797664fd7f13a79ccc0b1f4\"},\"headline\":\"Di\u00e1logos sobre el Doctorado en Artes que se desarrolla en red entre la UArtes y la Espol\",\"datePublished\":\"2025-11-13T22:42:00+00:00\",\"dateModified\":\"2025-11-15T18:51:25+00:00\",\"mainEntityOfPage\":{\"@id\":\"https:\\\/\\\/www.uartes.edu.ec\\\/sitio\\\/fr\\\/blog\\\/2025\\\/11\\\/13\\\/dialogos-sobre-el-doctorado-en-artes-que-se-desarrolla-en-red-entre-la-uartes-y-la-espol\\\/\"},\"wordCount\":388,\"commentCount\":0,\"publisher\":{\"@id\":\"https:\\\/\\\/www.uartes.edu.ec\\\/sitio\\\/fr\\\/#organization\"},\"image\":{\"@id\":\"https:\\\/\\\/www.uartes.edu.ec\\\/sitio\\\/fr\\\/blog\\\/2025\\\/11\\\/13\\\/dialogos-sobre-el-doctorado-en-artes-que-se-desarrolla-en-red-entre-la-uartes-y-la-espol\\\/#primaryimage\"},\"thumbnailUrl\":\"https:\\\/\\\/www.uartes.edu.ec\\\/sitio\\\/wp-content\\\/uploads\\\/2025\\\/11\\\/05-DOCTORADO-EN-ARTES.jpg\",\"keywords\":[\"programa\"],\"articleSection\":[\"Acad\u00e9mico\",\"Artes Esc\u00e9nicas\",\"Artes Sonoras\",\"Artes Visuales\",\"Cine\",\"Docentes\",\"Literatura\"],\"inLanguage\":\"fr-FR\",\"potentialAction\":[{\"@type\":\"CommentAction\",\"name\":\"Comment\",\"target\":[\"https:\\\/\\\/www.uartes.edu.ec\\\/sitio\\\/fr\\\/blog\\\/2025\\\/11\\\/13\\\/dialogos-sobre-el-doctorado-en-artes-que-se-desarrolla-en-red-entre-la-uartes-y-la-espol\\\/#respond\"]}]},{\"@type\":[\"WebPage\",\"ItemPage\"],\"@id\":\"https:\\\/\\\/www.uartes.edu.ec\\\/sitio\\\/fr\\\/blog\\\/2025\\\/11\\\/13\\\/dialogos-sobre-el-doctorado-en-artes-que-se-desarrolla-en-red-entre-la-uartes-y-la-espol\\\/\",\"url\":\"https:\\\/\\\/www.uartes.edu.ec\\\/sitio\\\/fr\\\/blog\\\/2025\\\/11\\\/13\\\/dialogos-sobre-el-doctorado-en-artes-que-se-desarrolla-en-red-entre-la-uartes-y-la-espol\\\/\",\"name\":\"Universidad de las Artes - Di\u00e1logos sobre el Doctorado en Artes que se desarrolla en red entre la UArtes y la Espol\",\"isPartOf\":{\"@id\":\"https:\\\/\\\/www.uartes.edu.ec\\\/sitio\\\/fr\\\/#website\"},\"primaryImageOfPage\":{\"@id\":\"https:\\\/\\\/www.uartes.edu.ec\\\/sitio\\\/fr\\\/blog\\\/2025\\\/11\\\/13\\\/dialogos-sobre-el-doctorado-en-artes-que-se-desarrolla-en-red-entre-la-uartes-y-la-espol\\\/#primaryimage\"},\"image\":{\"@id\":\"https:\\\/\\\/www.uartes.edu.ec\\\/sitio\\\/fr\\\/blog\\\/2025\\\/11\\\/13\\\/dialogos-sobre-el-doctorado-en-artes-que-se-desarrolla-en-red-entre-la-uartes-y-la-espol\\\/#primaryimage\"},\"thumbnailUrl\":\"https:\\\/\\\/www.uartes.edu.ec\\\/sitio\\\/wp-content\\\/uploads\\\/2025\\\/11\\\/05-DOCTORADO-EN-ARTES.jpg\",\"datePublished\":\"2025-11-13T22:42:00+00:00\",\"dateModified\":\"2025-11-15T18:51:25+00:00\",\"description\":\"Universidad de las Artes - Di\u00e1logos sobre el Doctorado en Artes que se desarrolla en red entre la UArtes y la Espol\",\"breadcrumb\":{\"@id\":\"https:\\\/\\\/www.uartes.edu.ec\\\/sitio\\\/fr\\\/blog\\\/2025\\\/11\\\/13\\\/dialogos-sobre-el-doctorado-en-artes-que-se-desarrolla-en-red-entre-la-uartes-y-la-espol\\\/#breadcrumb\"},\"inLanguage\":\"fr-FR\",\"potentialAction\":[{\"@type\":\"ReadAction\",\"target\":[\"https:\\\/\\\/www.uartes.edu.ec\\\/sitio\\\/fr\\\/blog\\\/2025\\\/11\\\/13\\\/dialogos-sobre-el-doctorado-en-artes-que-se-desarrolla-en-red-entre-la-uartes-y-la-espol\\\/\"]}]},{\"@type\":\"ImageObject\",\"inLanguage\":\"fr-FR\",\"@id\":\"https:\\\/\\\/www.uartes.edu.ec\\\/sitio\\\/fr\\\/blog\\\/2025\\\/11\\\/13\\\/dialogos-sobre-el-doctorado-en-artes-que-se-desarrolla-en-red-entre-la-uartes-y-la-espol\\\/#primaryimage\",\"url\":\"https:\\\/\\\/www.uartes.edu.ec\\\/sitio\\\/wp-content\\\/uploads\\\/2025\\\/11\\\/05-DOCTORADO-EN-ARTES.jpg\",\"contentUrl\":\"https:\\\/\\\/www.uartes.edu.ec\\\/sitio\\\/wp-content\\\/uploads\\\/2025\\\/11\\\/05-DOCTORADO-EN-ARTES.jpg\",\"width\":2000,\"height\":1333},{\"@type\":\"BreadcrumbList\",\"@id\":\"https:\\\/\\\/www.uartes.edu.ec\\\/sitio\\\/fr\\\/blog\\\/2025\\\/11\\\/13\\\/dialogos-sobre-el-doctorado-en-artes-que-se-desarrolla-en-red-entre-la-uartes-y-la-espol\\\/#breadcrumb\",\"itemListElement\":[{\"@type\":\"ListItem\",\"position\":1,\"name\":\"Inicio\",\"item\":\"https:\\\/\\\/www.uartes.edu.ec\\\/sitio\\\/\"},{\"@type\":\"ListItem\",\"position\":2,\"name\":\"Di\u00e1logos sobre el Doctorado en Artes que se desarrolla en red entre la UArtes y la Espol\"}]},{\"@type\":\"WebSite\",\"@id\":\"https:\\\/\\\/www.uartes.edu.ec\\\/sitio\\\/fr\\\/#website\",\"url\":\"https:\\\/\\\/www.uartes.edu.ec\\\/sitio\\\/fr\\\/\",\"name\":\"Universidad de las Artes\",\"description\":\"Sitio oficial de la Universidad Nacional de las Artes del Ecuador\",\"publisher\":{\"@id\":\"https:\\\/\\\/www.uartes.edu.ec\\\/sitio\\\/fr\\\/#organization\"},\"potentialAction\":[{\"@type\":\"SearchAction\",\"target\":{\"@type\":\"EntryPoint\",\"urlTemplate\":\"https:\\\/\\\/www.uartes.edu.ec\\\/sitio\\\/fr\\\/?s={search_term_string}\"},\"query-input\":{\"@type\":\"PropertyValueSpecification\",\"valueRequired\":true,\"valueName\":\"search_term_string\"}}],\"inLanguage\":\"fr-FR\"},{\"@type\":\"Organization\",\"@id\":\"https:\\\/\\\/www.uartes.edu.ec\\\/sitio\\\/fr\\\/#organization\",\"name\":\"Universidad de las Artes\",\"url\":\"https:\\\/\\\/www.uartes.edu.ec\\\/sitio\\\/fr\\\/\",\"logo\":{\"@type\":\"ImageObject\",\"inLanguage\":\"fr-FR\",\"@id\":\"https:\\\/\\\/www.uartes.edu.ec\\\/sitio\\\/fr\\\/#\\\/schema\\\/logo\\\/image\\\/\",\"url\":\"https:\\\/\\\/www.uartes.edu.ec\\\/sitio\\\/wp-content\\\/uploads\\\/2022\\\/07\\\/logo-ua-horizontal.png\",\"contentUrl\":\"https:\\\/\\\/www.uartes.edu.ec\\\/sitio\\\/wp-content\\\/uploads\\\/2022\\\/07\\\/logo-ua-horizontal.png\",\"width\":800,\"height\":276,\"caption\":\"Universidad de las Artes\"},\"image\":{\"@id\":\"https:\\\/\\\/www.uartes.edu.ec\\\/sitio\\\/fr\\\/#\\\/schema\\\/logo\\\/image\\\/\"},\"sameAs\":[\"https:\\\/\\\/www.facebook.com\\\/uartesec\",\"https:\\\/\\\/x.com\\\/uartesec\",\"https:\\\/\\\/www.tiktok.com\\\/@uartesec\"]},{\"@type\":\"Person\",\"@id\":\"https:\\\/\\\/www.uartes.edu.ec\\\/sitio\\\/fr\\\/#\\\/schema\\\/person\\\/efa1b8275797664fd7f13a79ccc0b1f4\",\"name\":\"ccortez\",\"image\":{\"@type\":\"ImageObject\",\"inLanguage\":\"fr-FR\",\"@id\":\"https:\\\/\\\/secure.gravatar.com\\\/avatar\\\/b2a6f664a3ae8e074346ef91775736c5ec479e637ecced6842de9dc98b5da9cd?s=96&d=mm&r=g\",\"url\":\"https:\\\/\\\/secure.gravatar.com\\\/avatar\\\/b2a6f664a3ae8e074346ef91775736c5ec479e637ecced6842de9dc98b5da9cd?s=96&d=mm&r=g\",\"contentUrl\":\"https:\\\/\\\/secure.gravatar.com\\\/avatar\\\/b2a6f664a3ae8e074346ef91775736c5ec479e637ecced6842de9dc98b5da9cd?s=96&d=mm&r=g\",\"caption\":\"ccortez\"},\"url\":\"https:\\\/\\\/www.uartes.edu.ec\\\/sitio\\\/fr\\\/blog\\\/author\\\/ccortez\\\/\"}]}<\/script>\n<!-- \/ Yoast SEO plugin. -->","yoast_head_json":{"title":"Universidad de las Artes - Di\u00e1logos sobre el Doctorado en Artes que se desarrolla en red entre la UArtes y la Espol","description":"Universidad de las Artes - Di\u00e1logos sobre el Doctorado en Artes que se desarrolla en red entre la UArtes y la Espol","robots":{"index":"index","follow":"follow","max-snippet":"max-snippet:-1","max-image-preview":"max-image-preview:large","max-video-preview":"max-video-preview:-1"},"canonical":"https:\/\/www.uartes.edu.ec\/sitio\/fr\/blog\/2025\/11\/13\/dialogos-sobre-el-doctorado-en-artes-que-se-desarrolla-en-red-entre-la-uartes-y-la-espol\/","og_locale":"fr_FR","og_type":"article","og_title":"Universidad de las Artes - Di\u00e1logos sobre el Doctorado en Artes que se desarrolla en red entre la UArtes y la Espol","og_description":"Universidad de las Artes - Di\u00e1logos sobre el Doctorado en Artes que se desarrolla en red entre la UArtes y la Espol","og_url":"https:\/\/www.uartes.edu.ec\/sitio\/fr\/blog\/2025\/11\/13\/dialogos-sobre-el-doctorado-en-artes-que-se-desarrolla-en-red-entre-la-uartes-y-la-espol\/","og_site_name":"Universidad de las Artes","article_publisher":"https:\/\/www.facebook.com\/uartesec","article_published_time":"2025-11-13T22:42:00+00:00","article_modified_time":"2025-11-15T18:51:25+00:00","og_image":[{"width":2000,"height":1333,"url":"https:\/\/www.uartes.edu.ec\/sitio\/wp-content\/uploads\/2025\/11\/05-DOCTORADO-EN-ARTES.jpg","type":"image\/jpeg"}],"author":"ccortez","twitter_card":"summary_large_image","twitter_creator":"@uartesec","twitter_site":"@uartesec","twitter_misc":{"\u00c9crit par":"ccortez","Dur\u00e9e de lecture estim\u00e9e":"2 minutes"},"schema":{"@context":"https:\/\/schema.org","@graph":[{"@type":"Article","@id":"https:\/\/www.uartes.edu.ec\/sitio\/fr\/blog\/2025\/11\/13\/dialogos-sobre-el-doctorado-en-artes-que-se-desarrolla-en-red-entre-la-uartes-y-la-espol\/#article","isPartOf":{"@id":"https:\/\/www.uartes.edu.ec\/sitio\/fr\/blog\/2025\/11\/13\/dialogos-sobre-el-doctorado-en-artes-que-se-desarrolla-en-red-entre-la-uartes-y-la-espol\/"},"author":{"name":"ccortez","@id":"https:\/\/www.uartes.edu.ec\/sitio\/fr\/#\/schema\/person\/efa1b8275797664fd7f13a79ccc0b1f4"},"headline":"Di\u00e1logos sobre el Doctorado en Artes que se desarrolla en red entre la UArtes y la Espol","datePublished":"2025-11-13T22:42:00+00:00","dateModified":"2025-11-15T18:51:25+00:00","mainEntityOfPage":{"@id":"https:\/\/www.uartes.edu.ec\/sitio\/fr\/blog\/2025\/11\/13\/dialogos-sobre-el-doctorado-en-artes-que-se-desarrolla-en-red-entre-la-uartes-y-la-espol\/"},"wordCount":388,"commentCount":0,"publisher":{"@id":"https:\/\/www.uartes.edu.ec\/sitio\/fr\/#organization"},"image":{"@id":"https:\/\/www.uartes.edu.ec\/sitio\/fr\/blog\/2025\/11\/13\/dialogos-sobre-el-doctorado-en-artes-que-se-desarrolla-en-red-entre-la-uartes-y-la-espol\/#primaryimage"},"thumbnailUrl":"https:\/\/www.uartes.edu.ec\/sitio\/wp-content\/uploads\/2025\/11\/05-DOCTORADO-EN-ARTES.jpg","keywords":["programa"],"articleSection":["Acad\u00e9mico","Artes Esc\u00e9nicas","Artes Sonoras","Artes Visuales","Cine","Docentes","Literatura"],"inLanguage":"fr-FR","potentialAction":[{"@type":"CommentAction","name":"Comment","target":["https:\/\/www.uartes.edu.ec\/sitio\/fr\/blog\/2025\/11\/13\/dialogos-sobre-el-doctorado-en-artes-que-se-desarrolla-en-red-entre-la-uartes-y-la-espol\/#respond"]}]},{"@type":["WebPage","ItemPage"],"@id":"https:\/\/www.uartes.edu.ec\/sitio\/fr\/blog\/2025\/11\/13\/dialogos-sobre-el-doctorado-en-artes-que-se-desarrolla-en-red-entre-la-uartes-y-la-espol\/","url":"https:\/\/www.uartes.edu.ec\/sitio\/fr\/blog\/2025\/11\/13\/dialogos-sobre-el-doctorado-en-artes-que-se-desarrolla-en-red-entre-la-uartes-y-la-espol\/","name":"Universidad de las Artes - Di\u00e1logos sobre el Doctorado en Artes que se desarrolla en red entre la UArtes y la Espol","isPartOf":{"@id":"https:\/\/www.uartes.edu.ec\/sitio\/fr\/#website"},"primaryImageOfPage":{"@id":"https:\/\/www.uartes.edu.ec\/sitio\/fr\/blog\/2025\/11\/13\/dialogos-sobre-el-doctorado-en-artes-que-se-desarrolla-en-red-entre-la-uartes-y-la-espol\/#primaryimage"},"image":{"@id":"https:\/\/www.uartes.edu.ec\/sitio\/fr\/blog\/2025\/11\/13\/dialogos-sobre-el-doctorado-en-artes-que-se-desarrolla-en-red-entre-la-uartes-y-la-espol\/#primaryimage"},"thumbnailUrl":"https:\/\/www.uartes.edu.ec\/sitio\/wp-content\/uploads\/2025\/11\/05-DOCTORADO-EN-ARTES.jpg","datePublished":"2025-11-13T22:42:00+00:00","dateModified":"2025-11-15T18:51:25+00:00","description":"Universidad de las Artes - Di\u00e1logos sobre el Doctorado en Artes que se desarrolla en red entre la UArtes y la Espol","breadcrumb":{"@id":"https:\/\/www.uartes.edu.ec\/sitio\/fr\/blog\/2025\/11\/13\/dialogos-sobre-el-doctorado-en-artes-que-se-desarrolla-en-red-entre-la-uartes-y-la-espol\/#breadcrumb"},"inLanguage":"fr-FR","potentialAction":[{"@type":"ReadAction","target":["https:\/\/www.uartes.edu.ec\/sitio\/fr\/blog\/2025\/11\/13\/dialogos-sobre-el-doctorado-en-artes-que-se-desarrolla-en-red-entre-la-uartes-y-la-espol\/"]}]},{"@type":"ImageObject","inLanguage":"fr-FR","@id":"https:\/\/www.uartes.edu.ec\/sitio\/fr\/blog\/2025\/11\/13\/dialogos-sobre-el-doctorado-en-artes-que-se-desarrolla-en-red-entre-la-uartes-y-la-espol\/#primaryimage","url":"https:\/\/www.uartes.edu.ec\/sitio\/wp-content\/uploads\/2025\/11\/05-DOCTORADO-EN-ARTES.jpg","contentUrl":"https:\/\/www.uartes.edu.ec\/sitio\/wp-content\/uploads\/2025\/11\/05-DOCTORADO-EN-ARTES.jpg","width":2000,"height":1333},{"@type":"BreadcrumbList","@id":"https:\/\/www.uartes.edu.ec\/sitio\/fr\/blog\/2025\/11\/13\/dialogos-sobre-el-doctorado-en-artes-que-se-desarrolla-en-red-entre-la-uartes-y-la-espol\/#breadcrumb","itemListElement":[{"@type":"ListItem","position":1,"name":"Inicio","item":"https:\/\/www.uartes.edu.ec\/sitio\/"},{"@type":"ListItem","position":2,"name":"Di\u00e1logos sobre el Doctorado en Artes que se desarrolla en red entre la UArtes y la Espol"}]},{"@type":"WebSite","@id":"https:\/\/www.uartes.edu.ec\/sitio\/fr\/#website","url":"https:\/\/www.uartes.edu.ec\/sitio\/fr\/","name":"Universidad de las Artes","description":"Sitio oficial de la Universidad Nacional de las Artes del Ecuador","publisher":{"@id":"https:\/\/www.uartes.edu.ec\/sitio\/fr\/#organization"},"potentialAction":[{"@type":"SearchAction","target":{"@type":"EntryPoint","urlTemplate":"https:\/\/www.uartes.edu.ec\/sitio\/fr\/?s={search_term_string}"},"query-input":{"@type":"PropertyValueSpecification","valueRequired":true,"valueName":"search_term_string"}}],"inLanguage":"fr-FR"},{"@type":"Organization","@id":"https:\/\/www.uartes.edu.ec\/sitio\/fr\/#organization","name":"Universidad de las Artes","url":"https:\/\/www.uartes.edu.ec\/sitio\/fr\/","logo":{"@type":"ImageObject","inLanguage":"fr-FR","@id":"https:\/\/www.uartes.edu.ec\/sitio\/fr\/#\/schema\/logo\/image\/","url":"https:\/\/www.uartes.edu.ec\/sitio\/wp-content\/uploads\/2022\/07\/logo-ua-horizontal.png","contentUrl":"https:\/\/www.uartes.edu.ec\/sitio\/wp-content\/uploads\/2022\/07\/logo-ua-horizontal.png","width":800,"height":276,"caption":"Universidad de las Artes"},"image":{"@id":"https:\/\/www.uartes.edu.ec\/sitio\/fr\/#\/schema\/logo\/image\/"},"sameAs":["https:\/\/www.facebook.com\/uartesec","https:\/\/x.com\/uartesec","https:\/\/www.tiktok.com\/@uartesec"]},{"@type":"Person","@id":"https:\/\/www.uartes.edu.ec\/sitio\/fr\/#\/schema\/person\/efa1b8275797664fd7f13a79ccc0b1f4","name":"ccortez","image":{"@type":"ImageObject","inLanguage":"fr-FR","@id":"https:\/\/secure.gravatar.com\/avatar\/b2a6f664a3ae8e074346ef91775736c5ec479e637ecced6842de9dc98b5da9cd?s=96&d=mm&r=g","url":"https:\/\/secure.gravatar.com\/avatar\/b2a6f664a3ae8e074346ef91775736c5ec479e637ecced6842de9dc98b5da9cd?s=96&d=mm&r=g","contentUrl":"https:\/\/secure.gravatar.com\/avatar\/b2a6f664a3ae8e074346ef91775736c5ec479e637ecced6842de9dc98b5da9cd?s=96&d=mm&r=g","caption":"ccortez"},"url":"https:\/\/www.uartes.edu.ec\/sitio\/fr\/blog\/author\/ccortez\/"}]}},"uagb_featured_image_src":{"full":["https:\/\/www.uartes.edu.ec\/sitio\/wp-content\/uploads\/2025\/11\/05-DOCTORADO-EN-ARTES.jpg",2000,1333,false],"thumbnail":["https:\/\/www.uartes.edu.ec\/sitio\/wp-content\/uploads\/2025\/11\/05-DOCTORADO-EN-ARTES-150x150.jpg",150,150,true],"medium":["https:\/\/www.uartes.edu.ec\/sitio\/wp-content\/uploads\/2025\/11\/05-DOCTORADO-EN-ARTES-300x200.jpg",300,200,true],"medium_large":["https:\/\/www.uartes.edu.ec\/sitio\/wp-content\/uploads\/2025\/11\/05-DOCTORADO-EN-ARTES-768x512.jpg",768,512,true],"large":["https:\/\/www.uartes.edu.ec\/sitio\/wp-content\/uploads\/2025\/11\/05-DOCTORADO-EN-ARTES-644x429.jpg",644,429,true],"1536x1536":["https:\/\/www.uartes.edu.ec\/sitio\/wp-content\/uploads\/2025\/11\/05-DOCTORADO-EN-ARTES-1536x1024.jpg",1536,1024,true],"2048x2048":["https:\/\/www.uartes.edu.ec\/sitio\/wp-content\/uploads\/2025\/11\/05-DOCTORADO-EN-ARTES.jpg",2000,1333,false],"trp-custom-language-flag":["https:\/\/www.uartes.edu.ec\/sitio\/wp-content\/uploads\/2025\/11\/05-DOCTORADO-EN-ARTES-18x12.jpg",18,12,true],"htmega_size_585x295":["https:\/\/www.uartes.edu.ec\/sitio\/wp-content\/uploads\/2025\/11\/05-DOCTORADO-EN-ARTES-585x295.jpg",585,295,true],"htmega_size_1170x536":["https:\/\/www.uartes.edu.ec\/sitio\/wp-content\/uploads\/2025\/11\/05-DOCTORADO-EN-ARTES-1170x536.jpg",1170,536,true],"htmega_size_396x360":["https:\/\/www.uartes.edu.ec\/sitio\/wp-content\/uploads\/2025\/11\/05-DOCTORADO-EN-ARTES-396x360.jpg",396,360,true],"gb-block-post-grid-landscape":["https:\/\/www.uartes.edu.ec\/sitio\/wp-content\/uploads\/2025\/11\/05-DOCTORADO-EN-ARTES-600x400.jpg",600,400,true],"gb-block-post-grid-square":["https:\/\/www.uartes.edu.ec\/sitio\/wp-content\/uploads\/2025\/11\/05-DOCTORADO-EN-ARTES-600x600.jpg",600,600,true],"university-hub-thumb":["https:\/\/www.uartes.edu.ec\/sitio\/wp-content\/uploads\/2025\/11\/05-DOCTORADO-EN-ARTES-400x267.jpg",400,267,true],"mailpoet_newsletter_max":["https:\/\/www.uartes.edu.ec\/sitio\/wp-content\/uploads\/2025\/11\/05-DOCTORADO-EN-ARTES.jpg",1320,880,false]},"uagb_author_info":{"display_name":"ccortez","author_link":"https:\/\/www.uartes.edu.ec\/sitio\/fr\/blog\/author\/ccortez\/"},"uagb_comment_info":0,"uagb_excerpt":"Un encuentro para socializar el Programa de Doctorado en Artes se propici\u00f3 el 6 de noviembre en la Biblioteca de las Artes. Se est\u00e1 desarrollando en red entre la UArtes y la Espol. Las aportaciones de nuestros docentes fortalecieron las l\u00edneas de investigaci\u00f3n y pedag\u00f3gicas del futuro programa, elaboradas por el Comit\u00e9 Doctoral conformado por\u2026","featured_image_src":"https:\/\/www.uartes.edu.ec\/sitio\/wp-content\/uploads\/2025\/11\/05-DOCTORADO-EN-ARTES-600x400.jpg","featured_image_src_square":"https:\/\/www.uartes.edu.ec\/sitio\/wp-content\/uploads\/2025\/11\/05-DOCTORADO-EN-ARTES-600x600.jpg","author_info":{"display_name":"ccortez","author_link":"https:\/\/www.uartes.edu.ec\/sitio\/fr\/blog\/author\/ccortez\/"},"publishpress_future_workflow_manual_trigger":{"enabledWorkflows":[]},"distributor_meta":false,"distributor_terms":false,"distributor_media":false,"distributor_original_site_name":"Universidad de las Artes","distributor_original_site_url":"https:\/\/www.uartes.edu.ec\/sitio\/fr","push-errors":false,"_links":{"self":[{"href":"https:\/\/www.uartes.edu.ec\/sitio\/fr\/wp-json\/wp\/v2\/posts\/82123","targetHints":{"allow":["GET"]}}],"collection":[{"href":"https:\/\/www.uartes.edu.ec\/sitio\/fr\/wp-json\/wp\/v2\/posts"}],"about":[{"href":"https:\/\/www.uartes.edu.ec\/sitio\/fr\/wp-json\/wp\/v2\/types\/post"}],"author":[{"embeddable":true,"href":"https:\/\/www.uartes.edu.ec\/sitio\/fr\/wp-json\/wp\/v2\/users\/10"}],"replies":[{"embeddable":true,"href":"https:\/\/www.uartes.edu.ec\/sitio\/fr\/wp-json\/wp\/v2\/comments?post=82123"}],"version-history":[{"count":2,"href":"https:\/\/www.uartes.edu.ec\/sitio\/fr\/wp-json\/wp\/v2\/posts\/82123\/revisions"}],"predecessor-version":[{"id":82136,"href":"https:\/\/www.uartes.edu.ec\/sitio\/fr\/wp-json\/wp\/v2\/posts\/82123\/revisions\/82136"}],"wp:featuredmedia":[{"embeddable":true,"href":"https:\/\/www.uartes.edu.ec\/sitio\/fr\/wp-json\/wp\/v2\/media\/82124"}],"wp:attachment":[{"href":"https:\/\/www.uartes.edu.ec\/sitio\/fr\/wp-json\/wp\/v2\/media?parent=82123"}],"wp:term":[{"taxonomy":"category","embeddable":true,"href":"https:\/\/www.uartes.edu.ec\/sitio\/fr\/wp-json\/wp\/v2\/categories?post=82123"},{"taxonomy":"post_tag","embeddable":true,"href":"https:\/\/www.uartes.edu.ec\/sitio\/fr\/wp-json\/wp\/v2\/tags?post=82123"},{"taxonomy":"infouartes","embeddable":true,"href":"https:\/\/www.uartes.edu.ec\/sitio\/fr\/wp-json\/wp\/v2\/infouartes?post=82123"}],"curies":[{"name":"wp","href":"https:\/\/api.w.org\/{rel}","templated":true}]}}