{"id":83080,"date":"2025-06-29T20:03:00","date_gmt":"2025-06-30T01:03:00","guid":{"rendered":"https:\/\/www.uartes.edu.ec\/sitio\/?p=83080"},"modified":"2025-12-09T18:22:50","modified_gmt":"2025-12-09T23:22:50","slug":"literatura-artistica-y-didactica-de-la-lengua-los-talleres-que-estudiantes-desarrollaron-en-el-marco-del-proyecto-de-vinculo-paz","status":"publish","type":"post","link":"https:\/\/www.uartes.edu.ec\/sitio\/fr\/blog\/2025\/06\/29\/literatura-artistica-y-didactica-de-la-lengua-los-talleres-que-estudiantes-desarrollaron-en-el-marco-del-proyecto-de-vinculo-paz\/","title":{"rendered":"\u201cLiteratura Art\u00edstica y Did\u00e1ctica de la Lengua\u201d, los talleres que estudiantes dictaron en el marco del proyecto \u201cPAZ\u201d"},"content":{"rendered":"<p>\u201cCuando los ni\u00f1os vienen nos enfocamos en c\u00f3mo ellos desarrollan y estimulan la parte cognitiva, su estimulaci\u00f3n tanto motriz como fina; analizamos su comportamiento y hacemos ejercicios musculares, en especial de manos y dedos, para, entonces, empezar con los talleres. Cada semana venimos con una propuesta diferente e involucramos la lectura de cuentos\u201d.<\/p>\n\n\n\n<p>As\u00ed describe Mayerlin Cortez Zambrano la puesta en pr\u00e1ctica de los talleres que junto a sus compa\u00f1eras de carrera desarrollan en la Biblioteca de las Artes, en el marco del proyecto de vinculaci\u00f3n con la sociedad \u201cPAZ: Pedagog\u00edas en artes para la transformaci\u00f3n social de sectores en condici\u00f3n de vulnerabilidad\u201d, que dirige el docente Jorge Tigrero.<\/p>\n\n\n\n<p>Los talleres en menci\u00f3n son \u201cLiteratura Art\u00edstica y Did\u00e1ctica de la Lengua\u201d que Mayerlin Cortez imparte a ni\u00f1os y ni\u00f1as junto a Rebeca Toala Men\u00e9ndez. Tienen lugar en la Sala R\u00eda, donde tambi\u00e9n participan como talleristas Julissa D\u00edaz Landeta y Marisol Duchi Franco. Todas cursan sus estudios en la Escuela de Literatura de la Universidad de las Artes.<\/p>\n\n\n<div class=\"wp-block-image\">\n<figure class=\"aligncenter size-large\"><img fetchpriority=\"high\" decoding=\"async\" width=\"644\" height=\"429\" src=\"https:\/\/www.uartes.edu.ec\/sitio\/wp-content\/uploads\/2025\/12\/Proyecto-Cambiar-tamano-de-imagen-2025-12-09T174958.890-644x429.jpeg\" alt=\"\" class=\"wp-image-83081\" srcset=\"https:\/\/www.uartes.edu.ec\/sitio\/wp-content\/uploads\/2025\/12\/Proyecto-Cambiar-tamano-de-imagen-2025-12-09T174958.890-644x429.jpeg 644w, https:\/\/www.uartes.edu.ec\/sitio\/wp-content\/uploads\/2025\/12\/Proyecto-Cambiar-tamano-de-imagen-2025-12-09T174958.890-300x200.jpeg 300w, https:\/\/www.uartes.edu.ec\/sitio\/wp-content\/uploads\/2025\/12\/Proyecto-Cambiar-tamano-de-imagen-2025-12-09T174958.890-768x512.jpeg 768w, https:\/\/www.uartes.edu.ec\/sitio\/wp-content\/uploads\/2025\/12\/Proyecto-Cambiar-tamano-de-imagen-2025-12-09T174958.890-1536x1024.jpeg 1536w, https:\/\/www.uartes.edu.ec\/sitio\/wp-content\/uploads\/2025\/12\/Proyecto-Cambiar-tamano-de-imagen-2025-12-09T174958.890-18x12.jpeg 18w, https:\/\/www.uartes.edu.ec\/sitio\/wp-content\/uploads\/2025\/12\/Proyecto-Cambiar-tamano-de-imagen-2025-12-09T174958.890-600x400.jpeg 600w, https:\/\/www.uartes.edu.ec\/sitio\/wp-content\/uploads\/2025\/12\/Proyecto-Cambiar-tamano-de-imagen-2025-12-09T174958.890-400x267.jpeg 400w, https:\/\/www.uartes.edu.ec\/sitio\/wp-content\/uploads\/2025\/12\/Proyecto-Cambiar-tamano-de-imagen-2025-12-09T174958.890.jpeg 2000w\" sizes=\"(max-width: 644px) 100vw, 644px\" \/><\/figure>\n<\/div>\n\n\n<p>El di\u00e1logo se suscit\u00f3 este 27 de junio, en el \u00faltimo de los talleres que arrancaron en mayo pasado. Las talleristas les propusieron a los peque\u00f1os elaborar t\u00edteres, una manualidad f\u00e1cil de desarrollar que los anima no solo a crear con materiales de reciclaje, sino con mucha imaginaci\u00f3n. El taller, agreg\u00f3 Mayerlin Cortez, no fue pensado para ni\u00f1os y ni\u00f1as de una edad espec\u00edfica, pues ellas acuden a la Sala R\u00eda y all\u00ed dialogan con padres y tutores que acuden con sus peque\u00f1os para que participen de las actividades.<\/p>\n\n\n\n<p>Los t\u00edteres que ense\u00f1aron a confeccionar fueron elaborados con medias y objetos de reciclaje que generalmente hay en casa. \u201cQueremos que los ni\u00f1os se sientan c\u00f3modos y puedan escoger los colores y materiales que hemos tra\u00eddo para adaptarnos a su modalidad, siempre vemos sus necesidades\u201d, dijo la estudiante, quien junto a Rebeca Toala cursan el quinto semestre de la Escuela de Literatura.<\/p>\n\n\n\n<p>Igualmente, Julissa D\u00edaz y Marisol Duchi buscaron finalizar los talleres con una propuesta l\u00fadica que permita a los ni\u00f1os y ni\u00f1as aprender divirti\u00e9ndose. Ellas llevaron objetos reciclados para con la fusi\u00f3n de vinagre y bicarbonato de sodio formar un volc\u00e1n. \u201cLa idea es que se desestresen y se sientan en libertad de acci\u00f3n. Dependiendo de la cantidad de ni\u00f1os los agrupamos y los invitamos a pintar con colores y armamos rompecabezas\u201d.<\/p>\n\n\n\n<p>D\u00edaz y Duchi contaron que son 64 las horas de vinculaci\u00f3n con la comunidad que deben cumplir y que ser parte del proyecto \u201cPAZ\u201d les ha dejado gratas experiencias, conocer c\u00f3mo y qu\u00e9 piensan los ni\u00f1os, pues cada uno tiene una forma de actuar. Esos aprendizajes las han ayudado en lo profesional y personal, coincidieron.<\/p>\n\n\n<div class=\"wp-block-image\">\n<figure class=\"aligncenter size-large\"><img decoding=\"async\" width=\"644\" height=\"429\" src=\"https:\/\/www.uartes.edu.ec\/sitio\/wp-content\/uploads\/2025\/12\/Proyecto-Cambiar-tamano-de-imagen-2025-12-09T181058.435-644x429.jpeg\" alt=\"\" class=\"wp-image-83083\" srcset=\"https:\/\/www.uartes.edu.ec\/sitio\/wp-content\/uploads\/2025\/12\/Proyecto-Cambiar-tamano-de-imagen-2025-12-09T181058.435-644x429.jpeg 644w, https:\/\/www.uartes.edu.ec\/sitio\/wp-content\/uploads\/2025\/12\/Proyecto-Cambiar-tamano-de-imagen-2025-12-09T181058.435-300x200.jpeg 300w, https:\/\/www.uartes.edu.ec\/sitio\/wp-content\/uploads\/2025\/12\/Proyecto-Cambiar-tamano-de-imagen-2025-12-09T181058.435-768x512.jpeg 768w, https:\/\/www.uartes.edu.ec\/sitio\/wp-content\/uploads\/2025\/12\/Proyecto-Cambiar-tamano-de-imagen-2025-12-09T181058.435-1536x1024.jpeg 1536w, https:\/\/www.uartes.edu.ec\/sitio\/wp-content\/uploads\/2025\/12\/Proyecto-Cambiar-tamano-de-imagen-2025-12-09T181058.435-18x12.jpeg 18w, https:\/\/www.uartes.edu.ec\/sitio\/wp-content\/uploads\/2025\/12\/Proyecto-Cambiar-tamano-de-imagen-2025-12-09T181058.435-600x400.jpeg 600w, https:\/\/www.uartes.edu.ec\/sitio\/wp-content\/uploads\/2025\/12\/Proyecto-Cambiar-tamano-de-imagen-2025-12-09T181058.435-400x267.jpeg 400w, https:\/\/www.uartes.edu.ec\/sitio\/wp-content\/uploads\/2025\/12\/Proyecto-Cambiar-tamano-de-imagen-2025-12-09T181058.435.jpeg 2000w\" sizes=\"(max-width: 644px) 100vw, 644px\" \/><\/figure>\n<\/div>\n\n\n<p>Rebeca Toala coment\u00f3, por su parte, que cuando Jorge Tigrero les propuso dar talleres ellas ven\u00edan desde el semestre anterior d\u00e1ndolos en la Sala R\u00eda. Lo hicieron cuando el proyecto de vinculaci\u00f3n con la sociedad se llamaba \u201c\u00c1nima\u201d. \u201cPas\u00f3 a llamarse PAZ porque tiene mucho que ver con el contexto social que est\u00e1 ocurriendo actualmente en el pa\u00eds. Hay mucha delincuencia e inseguridad y esta propuesta, conectada a la educaci\u00f3n y a la ense\u00f1anza a los ni\u00f1os de diversas \u00e1reas dentro del arte, es importante. Va muy de acuerdo con la ense\u00f1anza del derecho de las artes para los ciudadanos en general, pero especialmente para los ni\u00f1os\u201d.<\/p>\n\n\n\n<p>A\u00f1adi\u00f3 Rebeca Toala que ella tambi\u00e9n ha aprendido en los talleres, pues ha debido pensar c\u00f3mo ense\u00f1ar artes a los ni\u00f1os y qu\u00e9 cosas pueden aprender en ese contexto. \u201cNos ha llevado a la democratizaci\u00f3n del arte, los ni\u00f1os ahora saben que no es lejano a ellos y que, por el contrario, es una herramienta a la que puedan acceder para expresarse y hablar de lo que sienten\u201d.<\/p>\n\n\n\n<p>De la experiencia anterior, Toala indic\u00f3 que al inicio hicieron una planificaci\u00f3n, pero para los talleres desarrollados junto con Mayerlin Cortez les result\u00f3 un poco m\u00e1s f\u00e1cil. \u201cAhora lo que quisimos hacer fue poner todos los talleres que quer\u00edamos dar y cre\u00edamos pod\u00edan ense\u00f1arles a los ni\u00f1os a tener una buena memoria de ellos. As\u00ed, para que cuando crezcan piensen que alguna vez participaron en un taller en la Sala R\u00eda de la Biblioteca de las Artes y quienes lo impartieron nos recibieron bien e hicimos cosas divertidas\u201d.<\/p>\n\n\n<div class=\"wp-block-image\">\n<figure class=\"aligncenter size-large\"><img decoding=\"async\" width=\"644\" height=\"429\" src=\"https:\/\/www.uartes.edu.ec\/sitio\/wp-content\/uploads\/2025\/12\/Proyecto-Cambiar-tamano-de-imagen-2025-12-09T175126.236-644x429.jpeg\" alt=\"\" class=\"wp-image-83084\" srcset=\"https:\/\/www.uartes.edu.ec\/sitio\/wp-content\/uploads\/2025\/12\/Proyecto-Cambiar-tamano-de-imagen-2025-12-09T175126.236-644x429.jpeg 644w, https:\/\/www.uartes.edu.ec\/sitio\/wp-content\/uploads\/2025\/12\/Proyecto-Cambiar-tamano-de-imagen-2025-12-09T175126.236-300x200.jpeg 300w, https:\/\/www.uartes.edu.ec\/sitio\/wp-content\/uploads\/2025\/12\/Proyecto-Cambiar-tamano-de-imagen-2025-12-09T175126.236-768x512.jpeg 768w, https:\/\/www.uartes.edu.ec\/sitio\/wp-content\/uploads\/2025\/12\/Proyecto-Cambiar-tamano-de-imagen-2025-12-09T175126.236-1536x1024.jpeg 1536w, https:\/\/www.uartes.edu.ec\/sitio\/wp-content\/uploads\/2025\/12\/Proyecto-Cambiar-tamano-de-imagen-2025-12-09T175126.236-18x12.jpeg 18w, https:\/\/www.uartes.edu.ec\/sitio\/wp-content\/uploads\/2025\/12\/Proyecto-Cambiar-tamano-de-imagen-2025-12-09T175126.236-600x400.jpeg 600w, https:\/\/www.uartes.edu.ec\/sitio\/wp-content\/uploads\/2025\/12\/Proyecto-Cambiar-tamano-de-imagen-2025-12-09T175126.236-400x267.jpeg 400w, https:\/\/www.uartes.edu.ec\/sitio\/wp-content\/uploads\/2025\/12\/Proyecto-Cambiar-tamano-de-imagen-2025-12-09T175126.236.jpeg 2000w\" sizes=\"(max-width: 644px) 100vw, 644px\" \/><\/figure>\n<\/div>\n\n\n<p>Manifest\u00f3 tambi\u00e9n que el taller de vinculaci\u00f3n que estaban concluyendo se les cruz\u00f3 con la participaci\u00f3n que con Mayerlin Cortez tuvieron en el Encuentro de Ni\u00f1os &amp; Ni\u00f1as en las Artes. La gestora cultural Zully Ord\u00f3\u00f1ez, a cargo de la Sala R\u00eda, las invit\u00f3 a sumarse a la programaci\u00f3n. Es as\u00ed como pensaron en el cuento \u201cEl gallo que no se callaba\u201d, que en alg\u00fan momento escucharon en uno de los podcats de radio UArtes, donde se cuentan cuentos, y decidieron recrearlo. Cortez fue el alcalde y Toala el gallo, los cuales caracterizaron con m\u00e1scaras.<\/p>\n\n\n\n<p>\u201cA los ni\u00f1os les gust\u00f3 y fue emocionante ver c\u00f3mo se vincularon a nuestra dramatizaci\u00f3n, incluso hicimos dos gorras de pollitos para que estuvieran al lado del personaje\u201d, se\u00f1al\u00f3 Toala.<\/p>\n\n\n\n<p>Marisol Duchi indic\u00f3 culminar el taller con muchos aprendizajes, como ser paciente y escucharlos; disfrut\u00f3 ver c\u00f3mo han dejado volar su imaginaci\u00f3n y creaci\u00f3n al compartirles actividades para que pudieran expresarse.<\/p>\n\n\n\n<p>Julissa D\u00edaz y Marisol Duchi indicaron que en el Consejo de Participaci\u00f3n Ciudadana y Control Social (CPCCS), con el cual \u201cPAZ\u201d ha venido trabajando, recibieron capacitaciones para poner en marcha otro proyecto para la comunidad, el cual \u2013adelant\u00f3\u2013 es cultural y habla de los derechos humanos y la educaci\u00f3n. Ser\u00e1 multidisciplinario porque junto a estudiantes de la Escuela de Literatura estar\u00e1n de la Escuela de Artes Esc\u00e9nicas.<\/p>\n\n\n\n<p>Texto y fotos: Carmen Cortez\/Dircom.<\/p>","protected":false},"excerpt":{"rendered":"<p>Mayerlin Cortez, Rebeca Toala, Julissa D\u00edaz y Marisol Duchi estudian Literatura y son parte del proyecto de vinculaci\u00f3n con la sociedad \u201cPAZ: Pedagog\u00edas en artes para la transformaci\u00f3n social de sectores en condici\u00f3n de vulnerabilidad\u201d, que dirige el docente Jorge Tigrero. El viernes 27 de junio concluyeron los talleres \u201cLiteratura Art\u00edstica y Did\u00e1ctica de la Lengua\u201d que dictaron en la Sala R\u00eda, en el marco de la propuesta de v\u00ednculo.<\/p>","protected":false},"author":10,"featured_media":83087,"comment_status":"open","ping_status":"open","sticky":false,"template":"","format":"standard","meta":{"_acf_changed":false,"_uag_custom_page_level_css":"","_monsterinsights_skip_tracking":false,"_monsterinsights_sitenote_active":false,"_monsterinsights_sitenote_note":"","_monsterinsights_sitenote_category":0,"cybocfi_hide_featured_image":"","footnotes":""},"categories":[75,76,175,83,79],"tags":[540],"infouartes":[],"class_list":["post-83080","post","type-post","status-publish","format-standard","has-post-thumbnail","hentry","category-docentes","category-estudiantes","category-literatura","category-sedes","category-vinculo","tag-proyecto"],"acf":[],"yoast_head":"<!-- This site is optimized with the Yoast SEO plugin v27.4 - https:\/\/yoast.com\/product\/yoast-seo-wordpress\/ -->\n<title>Universidad de las Artes - \u201cLiteratura Art\u00edstica y Did\u00e1ctica de la Lengua\u201d, los talleres que estudiantes dictaron en el marco del proyecto \u201cPAZ\u201d<\/title>\n<meta name=\"description\" content=\"Universidad de las Artes - \u201cLiteratura Art\u00edstica y Did\u00e1ctica de la Lengua\u201d, los talleres que estudiantes dictaron en el marco del proyecto \u201cPAZ\u201d\" \/>\n<meta name=\"robots\" content=\"index, follow, max-snippet:-1, max-image-preview:large, max-video-preview:-1\" \/>\n<link rel=\"canonical\" href=\"https:\/\/www.uartes.edu.ec\/sitio\/fr\/blog\/2025\/06\/29\/literatura-artistica-y-didactica-de-la-lengua-los-talleres-que-estudiantes-desarrollaron-en-el-marco-del-proyecto-de-vinculo-paz\/\" \/>\n<meta property=\"og:locale\" content=\"fr_FR\" \/>\n<meta property=\"og:type\" content=\"article\" \/>\n<meta property=\"og:title\" content=\"Universidad de las Artes - \u201cLiteratura Art\u00edstica y Did\u00e1ctica de la Lengua\u201d, los talleres que estudiantes dictaron en el marco del proyecto \u201cPAZ\u201d\" \/>\n<meta property=\"og:description\" content=\"Universidad de las Artes - \u201cLiteratura Art\u00edstica y Did\u00e1ctica de la Lengua\u201d, los talleres que estudiantes dictaron en el marco del proyecto \u201cPAZ\u201d\" \/>\n<meta property=\"og:url\" content=\"https:\/\/www.uartes.edu.ec\/sitio\/fr\/blog\/2025\/06\/29\/literatura-artistica-y-didactica-de-la-lengua-los-talleres-que-estudiantes-desarrollaron-en-el-marco-del-proyecto-de-vinculo-paz\/\" \/>\n<meta property=\"og:site_name\" content=\"Universidad de las Artes\" \/>\n<meta property=\"article:publisher\" content=\"https:\/\/www.facebook.com\/uartesec\" \/>\n<meta property=\"article:published_time\" content=\"2025-06-30T01:03:00+00:00\" \/>\n<meta property=\"article:modified_time\" content=\"2025-12-09T23:22:50+00:00\" \/>\n<meta property=\"og:image\" content=\"https:\/\/www.uartes.edu.ec\/sitio\/wp-content\/uploads\/2025\/12\/Proyecto-Cambiar-tamano-de-imagen-2025-12-09T180718.979.jpeg\" \/>\n\t<meta property=\"og:image:width\" content=\"2000\" \/>\n\t<meta property=\"og:image:height\" content=\"1333\" \/>\n\t<meta property=\"og:image:type\" content=\"image\/jpeg\" \/>\n<meta name=\"author\" content=\"ccortez\" \/>\n<meta name=\"twitter:card\" content=\"summary_large_image\" \/>\n<meta name=\"twitter:creator\" content=\"@uartesec\" \/>\n<meta name=\"twitter:site\" content=\"@uartesec\" \/>\n<meta name=\"twitter:label1\" content=\"\u00c9crit par\" \/>\n\t<meta name=\"twitter:data1\" content=\"ccortez\" \/>\n\t<meta name=\"twitter:label2\" content=\"Dur\u00e9e de lecture estim\u00e9e\" \/>\n\t<meta name=\"twitter:data2\" content=\"5 minutes\" \/>\n<script type=\"application\/ld+json\" class=\"yoast-schema-graph\">{\"@context\":\"https:\\\/\\\/schema.org\",\"@graph\":[{\"@type\":\"Article\",\"@id\":\"https:\\\/\\\/www.uartes.edu.ec\\\/sitio\\\/fr\\\/blog\\\/2025\\\/06\\\/29\\\/literatura-artistica-y-didactica-de-la-lengua-los-talleres-que-estudiantes-desarrollaron-en-el-marco-del-proyecto-de-vinculo-paz\\\/#article\",\"isPartOf\":{\"@id\":\"https:\\\/\\\/www.uartes.edu.ec\\\/sitio\\\/fr\\\/blog\\\/2025\\\/06\\\/29\\\/literatura-artistica-y-didactica-de-la-lengua-los-talleres-que-estudiantes-desarrollaron-en-el-marco-del-proyecto-de-vinculo-paz\\\/\"},\"author\":{\"name\":\"ccortez\",\"@id\":\"https:\\\/\\\/www.uartes.edu.ec\\\/sitio\\\/fr\\\/#\\\/schema\\\/person\\\/efa1b8275797664fd7f13a79ccc0b1f4\"},\"headline\":\"\u201cLiteratura Art\u00edstica y Did\u00e1ctica de la Lengua\u201d, los talleres que estudiantes dictaron en el marco del proyecto \u201cPAZ\u201d\",\"datePublished\":\"2025-06-30T01:03:00+00:00\",\"dateModified\":\"2025-12-09T23:22:50+00:00\",\"mainEntityOfPage\":{\"@id\":\"https:\\\/\\\/www.uartes.edu.ec\\\/sitio\\\/fr\\\/blog\\\/2025\\\/06\\\/29\\\/literatura-artistica-y-didactica-de-la-lengua-los-talleres-que-estudiantes-desarrollaron-en-el-marco-del-proyecto-de-vinculo-paz\\\/\"},\"wordCount\":1048,\"commentCount\":0,\"publisher\":{\"@id\":\"https:\\\/\\\/www.uartes.edu.ec\\\/sitio\\\/fr\\\/#organization\"},\"image\":{\"@id\":\"https:\\\/\\\/www.uartes.edu.ec\\\/sitio\\\/fr\\\/blog\\\/2025\\\/06\\\/29\\\/literatura-artistica-y-didactica-de-la-lengua-los-talleres-que-estudiantes-desarrollaron-en-el-marco-del-proyecto-de-vinculo-paz\\\/#primaryimage\"},\"thumbnailUrl\":\"https:\\\/\\\/www.uartes.edu.ec\\\/sitio\\\/wp-content\\\/uploads\\\/2025\\\/12\\\/Proyecto-Cambiar-tamano-de-imagen-2025-12-09T180718.979.jpeg\",\"keywords\":[\"proyecto\"],\"articleSection\":[\"Docentes\",\"Estudiantes\",\"Literatura\",\"Sedes\",\"V\u00ednculo\"],\"inLanguage\":\"fr-FR\",\"potentialAction\":[{\"@type\":\"CommentAction\",\"name\":\"Comment\",\"target\":[\"https:\\\/\\\/www.uartes.edu.ec\\\/sitio\\\/fr\\\/blog\\\/2025\\\/06\\\/29\\\/literatura-artistica-y-didactica-de-la-lengua-los-talleres-que-estudiantes-desarrollaron-en-el-marco-del-proyecto-de-vinculo-paz\\\/#respond\"]}]},{\"@type\":[\"WebPage\",\"ItemPage\"],\"@id\":\"https:\\\/\\\/www.uartes.edu.ec\\\/sitio\\\/fr\\\/blog\\\/2025\\\/06\\\/29\\\/literatura-artistica-y-didactica-de-la-lengua-los-talleres-que-estudiantes-desarrollaron-en-el-marco-del-proyecto-de-vinculo-paz\\\/\",\"url\":\"https:\\\/\\\/www.uartes.edu.ec\\\/sitio\\\/fr\\\/blog\\\/2025\\\/06\\\/29\\\/literatura-artistica-y-didactica-de-la-lengua-los-talleres-que-estudiantes-desarrollaron-en-el-marco-del-proyecto-de-vinculo-paz\\\/\",\"name\":\"Universidad de las Artes - \u201cLiteratura Art\u00edstica y Did\u00e1ctica de la Lengua\u201d, los talleres que estudiantes dictaron en el marco del proyecto \u201cPAZ\u201d\",\"isPartOf\":{\"@id\":\"https:\\\/\\\/www.uartes.edu.ec\\\/sitio\\\/fr\\\/#website\"},\"primaryImageOfPage\":{\"@id\":\"https:\\\/\\\/www.uartes.edu.ec\\\/sitio\\\/fr\\\/blog\\\/2025\\\/06\\\/29\\\/literatura-artistica-y-didactica-de-la-lengua-los-talleres-que-estudiantes-desarrollaron-en-el-marco-del-proyecto-de-vinculo-paz\\\/#primaryimage\"},\"image\":{\"@id\":\"https:\\\/\\\/www.uartes.edu.ec\\\/sitio\\\/fr\\\/blog\\\/2025\\\/06\\\/29\\\/literatura-artistica-y-didactica-de-la-lengua-los-talleres-que-estudiantes-desarrollaron-en-el-marco-del-proyecto-de-vinculo-paz\\\/#primaryimage\"},\"thumbnailUrl\":\"https:\\\/\\\/www.uartes.edu.ec\\\/sitio\\\/wp-content\\\/uploads\\\/2025\\\/12\\\/Proyecto-Cambiar-tamano-de-imagen-2025-12-09T180718.979.jpeg\",\"datePublished\":\"2025-06-30T01:03:00+00:00\",\"dateModified\":\"2025-12-09T23:22:50+00:00\",\"description\":\"Universidad de las Artes - \u201cLiteratura Art\u00edstica y Did\u00e1ctica de la Lengua\u201d, los talleres que estudiantes dictaron en el marco del proyecto \u201cPAZ\u201d\",\"breadcrumb\":{\"@id\":\"https:\\\/\\\/www.uartes.edu.ec\\\/sitio\\\/fr\\\/blog\\\/2025\\\/06\\\/29\\\/literatura-artistica-y-didactica-de-la-lengua-los-talleres-que-estudiantes-desarrollaron-en-el-marco-del-proyecto-de-vinculo-paz\\\/#breadcrumb\"},\"inLanguage\":\"fr-FR\",\"potentialAction\":[{\"@type\":\"ReadAction\",\"target\":[\"https:\\\/\\\/www.uartes.edu.ec\\\/sitio\\\/fr\\\/blog\\\/2025\\\/06\\\/29\\\/literatura-artistica-y-didactica-de-la-lengua-los-talleres-que-estudiantes-desarrollaron-en-el-marco-del-proyecto-de-vinculo-paz\\\/\"]}]},{\"@type\":\"ImageObject\",\"inLanguage\":\"fr-FR\",\"@id\":\"https:\\\/\\\/www.uartes.edu.ec\\\/sitio\\\/fr\\\/blog\\\/2025\\\/06\\\/29\\\/literatura-artistica-y-didactica-de-la-lengua-los-talleres-que-estudiantes-desarrollaron-en-el-marco-del-proyecto-de-vinculo-paz\\\/#primaryimage\",\"url\":\"https:\\\/\\\/www.uartes.edu.ec\\\/sitio\\\/wp-content\\\/uploads\\\/2025\\\/12\\\/Proyecto-Cambiar-tamano-de-imagen-2025-12-09T180718.979.jpeg\",\"contentUrl\":\"https:\\\/\\\/www.uartes.edu.ec\\\/sitio\\\/wp-content\\\/uploads\\\/2025\\\/12\\\/Proyecto-Cambiar-tamano-de-imagen-2025-12-09T180718.979.jpeg\",\"width\":2000,\"height\":1333},{\"@type\":\"BreadcrumbList\",\"@id\":\"https:\\\/\\\/www.uartes.edu.ec\\\/sitio\\\/fr\\\/blog\\\/2025\\\/06\\\/29\\\/literatura-artistica-y-didactica-de-la-lengua-los-talleres-que-estudiantes-desarrollaron-en-el-marco-del-proyecto-de-vinculo-paz\\\/#breadcrumb\",\"itemListElement\":[{\"@type\":\"ListItem\",\"position\":1,\"name\":\"Inicio\",\"item\":\"https:\\\/\\\/www.uartes.edu.ec\\\/sitio\\\/\"},{\"@type\":\"ListItem\",\"position\":2,\"name\":\"\u201cLiteratura Art\u00edstica y Did\u00e1ctica de la Lengua\u201d, los talleres que estudiantes dictaron en el marco del proyecto \u201cPAZ\u201d\"}]},{\"@type\":\"WebSite\",\"@id\":\"https:\\\/\\\/www.uartes.edu.ec\\\/sitio\\\/fr\\\/#website\",\"url\":\"https:\\\/\\\/www.uartes.edu.ec\\\/sitio\\\/fr\\\/\",\"name\":\"Universidad de las Artes\",\"description\":\"Sitio oficial de la Universidad Nacional de las Artes del Ecuador\",\"publisher\":{\"@id\":\"https:\\\/\\\/www.uartes.edu.ec\\\/sitio\\\/fr\\\/#organization\"},\"potentialAction\":[{\"@type\":\"SearchAction\",\"target\":{\"@type\":\"EntryPoint\",\"urlTemplate\":\"https:\\\/\\\/www.uartes.edu.ec\\\/sitio\\\/fr\\\/?s={search_term_string}\"},\"query-input\":{\"@type\":\"PropertyValueSpecification\",\"valueRequired\":true,\"valueName\":\"search_term_string\"}}],\"inLanguage\":\"fr-FR\"},{\"@type\":\"Organization\",\"@id\":\"https:\\\/\\\/www.uartes.edu.ec\\\/sitio\\\/fr\\\/#organization\",\"name\":\"Universidad de las Artes\",\"url\":\"https:\\\/\\\/www.uartes.edu.ec\\\/sitio\\\/fr\\\/\",\"logo\":{\"@type\":\"ImageObject\",\"inLanguage\":\"fr-FR\",\"@id\":\"https:\\\/\\\/www.uartes.edu.ec\\\/sitio\\\/fr\\\/#\\\/schema\\\/logo\\\/image\\\/\",\"url\":\"https:\\\/\\\/www.uartes.edu.ec\\\/sitio\\\/wp-content\\\/uploads\\\/2022\\\/07\\\/logo-ua-horizontal.png\",\"contentUrl\":\"https:\\\/\\\/www.uartes.edu.ec\\\/sitio\\\/wp-content\\\/uploads\\\/2022\\\/07\\\/logo-ua-horizontal.png\",\"width\":800,\"height\":276,\"caption\":\"Universidad de las Artes\"},\"image\":{\"@id\":\"https:\\\/\\\/www.uartes.edu.ec\\\/sitio\\\/fr\\\/#\\\/schema\\\/logo\\\/image\\\/\"},\"sameAs\":[\"https:\\\/\\\/www.facebook.com\\\/uartesec\",\"https:\\\/\\\/x.com\\\/uartesec\",\"https:\\\/\\\/www.tiktok.com\\\/@uartesec\"]},{\"@type\":\"Person\",\"@id\":\"https:\\\/\\\/www.uartes.edu.ec\\\/sitio\\\/fr\\\/#\\\/schema\\\/person\\\/efa1b8275797664fd7f13a79ccc0b1f4\",\"name\":\"ccortez\",\"image\":{\"@type\":\"ImageObject\",\"inLanguage\":\"fr-FR\",\"@id\":\"https:\\\/\\\/secure.gravatar.com\\\/avatar\\\/b2a6f664a3ae8e074346ef91775736c5ec479e637ecced6842de9dc98b5da9cd?s=96&d=mm&r=g\",\"url\":\"https:\\\/\\\/secure.gravatar.com\\\/avatar\\\/b2a6f664a3ae8e074346ef91775736c5ec479e637ecced6842de9dc98b5da9cd?s=96&d=mm&r=g\",\"contentUrl\":\"https:\\\/\\\/secure.gravatar.com\\\/avatar\\\/b2a6f664a3ae8e074346ef91775736c5ec479e637ecced6842de9dc98b5da9cd?s=96&d=mm&r=g\",\"caption\":\"ccortez\"},\"url\":\"https:\\\/\\\/www.uartes.edu.ec\\\/sitio\\\/fr\\\/blog\\\/author\\\/ccortez\\\/\"}]}<\/script>\n<!-- \/ Yoast SEO plugin. -->","yoast_head_json":{"title":"Universidad de las Artes - \u201cLiteratura Art\u00edstica y Did\u00e1ctica de la Lengua\u201d, los talleres que estudiantes dictaron en el marco del proyecto \u201cPAZ\u201d","description":"Universidad de las Artes - \u201cLiteratura Art\u00edstica y Did\u00e1ctica de la Lengua\u201d, los talleres que estudiantes dictaron en el marco del proyecto \u201cPAZ\u201d","robots":{"index":"index","follow":"follow","max-snippet":"max-snippet:-1","max-image-preview":"max-image-preview:large","max-video-preview":"max-video-preview:-1"},"canonical":"https:\/\/www.uartes.edu.ec\/sitio\/fr\/blog\/2025\/06\/29\/literatura-artistica-y-didactica-de-la-lengua-los-talleres-que-estudiantes-desarrollaron-en-el-marco-del-proyecto-de-vinculo-paz\/","og_locale":"fr_FR","og_type":"article","og_title":"Universidad de las Artes - \u201cLiteratura Art\u00edstica y Did\u00e1ctica de la Lengua\u201d, los talleres que estudiantes dictaron en el marco del proyecto \u201cPAZ\u201d","og_description":"Universidad de las Artes - \u201cLiteratura Art\u00edstica y Did\u00e1ctica de la Lengua\u201d, los talleres que estudiantes dictaron en el marco del proyecto \u201cPAZ\u201d","og_url":"https:\/\/www.uartes.edu.ec\/sitio\/fr\/blog\/2025\/06\/29\/literatura-artistica-y-didactica-de-la-lengua-los-talleres-que-estudiantes-desarrollaron-en-el-marco-del-proyecto-de-vinculo-paz\/","og_site_name":"Universidad de las Artes","article_publisher":"https:\/\/www.facebook.com\/uartesec","article_published_time":"2025-06-30T01:03:00+00:00","article_modified_time":"2025-12-09T23:22:50+00:00","og_image":[{"width":2000,"height":1333,"url":"https:\/\/www.uartes.edu.ec\/sitio\/wp-content\/uploads\/2025\/12\/Proyecto-Cambiar-tamano-de-imagen-2025-12-09T180718.979.jpeg","type":"image\/jpeg"}],"author":"ccortez","twitter_card":"summary_large_image","twitter_creator":"@uartesec","twitter_site":"@uartesec","twitter_misc":{"\u00c9crit par":"ccortez","Dur\u00e9e de lecture estim\u00e9e":"5 minutes"},"schema":{"@context":"https:\/\/schema.org","@graph":[{"@type":"Article","@id":"https:\/\/www.uartes.edu.ec\/sitio\/fr\/blog\/2025\/06\/29\/literatura-artistica-y-didactica-de-la-lengua-los-talleres-que-estudiantes-desarrollaron-en-el-marco-del-proyecto-de-vinculo-paz\/#article","isPartOf":{"@id":"https:\/\/www.uartes.edu.ec\/sitio\/fr\/blog\/2025\/06\/29\/literatura-artistica-y-didactica-de-la-lengua-los-talleres-que-estudiantes-desarrollaron-en-el-marco-del-proyecto-de-vinculo-paz\/"},"author":{"name":"ccortez","@id":"https:\/\/www.uartes.edu.ec\/sitio\/fr\/#\/schema\/person\/efa1b8275797664fd7f13a79ccc0b1f4"},"headline":"\u201cLiteratura Art\u00edstica y Did\u00e1ctica de la Lengua\u201d, los talleres que estudiantes dictaron en el marco del proyecto \u201cPAZ\u201d","datePublished":"2025-06-30T01:03:00+00:00","dateModified":"2025-12-09T23:22:50+00:00","mainEntityOfPage":{"@id":"https:\/\/www.uartes.edu.ec\/sitio\/fr\/blog\/2025\/06\/29\/literatura-artistica-y-didactica-de-la-lengua-los-talleres-que-estudiantes-desarrollaron-en-el-marco-del-proyecto-de-vinculo-paz\/"},"wordCount":1048,"commentCount":0,"publisher":{"@id":"https:\/\/www.uartes.edu.ec\/sitio\/fr\/#organization"},"image":{"@id":"https:\/\/www.uartes.edu.ec\/sitio\/fr\/blog\/2025\/06\/29\/literatura-artistica-y-didactica-de-la-lengua-los-talleres-que-estudiantes-desarrollaron-en-el-marco-del-proyecto-de-vinculo-paz\/#primaryimage"},"thumbnailUrl":"https:\/\/www.uartes.edu.ec\/sitio\/wp-content\/uploads\/2025\/12\/Proyecto-Cambiar-tamano-de-imagen-2025-12-09T180718.979.jpeg","keywords":["proyecto"],"articleSection":["Docentes","Estudiantes","Literatura","Sedes","V\u00ednculo"],"inLanguage":"fr-FR","potentialAction":[{"@type":"CommentAction","name":"Comment","target":["https:\/\/www.uartes.edu.ec\/sitio\/fr\/blog\/2025\/06\/29\/literatura-artistica-y-didactica-de-la-lengua-los-talleres-que-estudiantes-desarrollaron-en-el-marco-del-proyecto-de-vinculo-paz\/#respond"]}]},{"@type":["WebPage","ItemPage"],"@id":"https:\/\/www.uartes.edu.ec\/sitio\/fr\/blog\/2025\/06\/29\/literatura-artistica-y-didactica-de-la-lengua-los-talleres-que-estudiantes-desarrollaron-en-el-marco-del-proyecto-de-vinculo-paz\/","url":"https:\/\/www.uartes.edu.ec\/sitio\/fr\/blog\/2025\/06\/29\/literatura-artistica-y-didactica-de-la-lengua-los-talleres-que-estudiantes-desarrollaron-en-el-marco-del-proyecto-de-vinculo-paz\/","name":"Universidad de las Artes - \u201cLiteratura Art\u00edstica y Did\u00e1ctica de la Lengua\u201d, los talleres que estudiantes dictaron en el marco del proyecto \u201cPAZ\u201d","isPartOf":{"@id":"https:\/\/www.uartes.edu.ec\/sitio\/fr\/#website"},"primaryImageOfPage":{"@id":"https:\/\/www.uartes.edu.ec\/sitio\/fr\/blog\/2025\/06\/29\/literatura-artistica-y-didactica-de-la-lengua-los-talleres-que-estudiantes-desarrollaron-en-el-marco-del-proyecto-de-vinculo-paz\/#primaryimage"},"image":{"@id":"https:\/\/www.uartes.edu.ec\/sitio\/fr\/blog\/2025\/06\/29\/literatura-artistica-y-didactica-de-la-lengua-los-talleres-que-estudiantes-desarrollaron-en-el-marco-del-proyecto-de-vinculo-paz\/#primaryimage"},"thumbnailUrl":"https:\/\/www.uartes.edu.ec\/sitio\/wp-content\/uploads\/2025\/12\/Proyecto-Cambiar-tamano-de-imagen-2025-12-09T180718.979.jpeg","datePublished":"2025-06-30T01:03:00+00:00","dateModified":"2025-12-09T23:22:50+00:00","description":"Universidad de las Artes - \u201cLiteratura Art\u00edstica y Did\u00e1ctica de la Lengua\u201d, los talleres que estudiantes dictaron en el marco del proyecto \u201cPAZ\u201d","breadcrumb":{"@id":"https:\/\/www.uartes.edu.ec\/sitio\/fr\/blog\/2025\/06\/29\/literatura-artistica-y-didactica-de-la-lengua-los-talleres-que-estudiantes-desarrollaron-en-el-marco-del-proyecto-de-vinculo-paz\/#breadcrumb"},"inLanguage":"fr-FR","potentialAction":[{"@type":"ReadAction","target":["https:\/\/www.uartes.edu.ec\/sitio\/fr\/blog\/2025\/06\/29\/literatura-artistica-y-didactica-de-la-lengua-los-talleres-que-estudiantes-desarrollaron-en-el-marco-del-proyecto-de-vinculo-paz\/"]}]},{"@type":"ImageObject","inLanguage":"fr-FR","@id":"https:\/\/www.uartes.edu.ec\/sitio\/fr\/blog\/2025\/06\/29\/literatura-artistica-y-didactica-de-la-lengua-los-talleres-que-estudiantes-desarrollaron-en-el-marco-del-proyecto-de-vinculo-paz\/#primaryimage","url":"https:\/\/www.uartes.edu.ec\/sitio\/wp-content\/uploads\/2025\/12\/Proyecto-Cambiar-tamano-de-imagen-2025-12-09T180718.979.jpeg","contentUrl":"https:\/\/www.uartes.edu.ec\/sitio\/wp-content\/uploads\/2025\/12\/Proyecto-Cambiar-tamano-de-imagen-2025-12-09T180718.979.jpeg","width":2000,"height":1333},{"@type":"BreadcrumbList","@id":"https:\/\/www.uartes.edu.ec\/sitio\/fr\/blog\/2025\/06\/29\/literatura-artistica-y-didactica-de-la-lengua-los-talleres-que-estudiantes-desarrollaron-en-el-marco-del-proyecto-de-vinculo-paz\/#breadcrumb","itemListElement":[{"@type":"ListItem","position":1,"name":"Inicio","item":"https:\/\/www.uartes.edu.ec\/sitio\/"},{"@type":"ListItem","position":2,"name":"\u201cLiteratura Art\u00edstica y Did\u00e1ctica de la Lengua\u201d, los talleres que estudiantes dictaron en el marco del proyecto \u201cPAZ\u201d"}]},{"@type":"WebSite","@id":"https:\/\/www.uartes.edu.ec\/sitio\/fr\/#website","url":"https:\/\/www.uartes.edu.ec\/sitio\/fr\/","name":"Universidad de las Artes","description":"Sitio oficial de la Universidad Nacional de las Artes del Ecuador","publisher":{"@id":"https:\/\/www.uartes.edu.ec\/sitio\/fr\/#organization"},"potentialAction":[{"@type":"SearchAction","target":{"@type":"EntryPoint","urlTemplate":"https:\/\/www.uartes.edu.ec\/sitio\/fr\/?s={search_term_string}"},"query-input":{"@type":"PropertyValueSpecification","valueRequired":true,"valueName":"search_term_string"}}],"inLanguage":"fr-FR"},{"@type":"Organization","@id":"https:\/\/www.uartes.edu.ec\/sitio\/fr\/#organization","name":"Universidad de las Artes","url":"https:\/\/www.uartes.edu.ec\/sitio\/fr\/","logo":{"@type":"ImageObject","inLanguage":"fr-FR","@id":"https:\/\/www.uartes.edu.ec\/sitio\/fr\/#\/schema\/logo\/image\/","url":"https:\/\/www.uartes.edu.ec\/sitio\/wp-content\/uploads\/2022\/07\/logo-ua-horizontal.png","contentUrl":"https:\/\/www.uartes.edu.ec\/sitio\/wp-content\/uploads\/2022\/07\/logo-ua-horizontal.png","width":800,"height":276,"caption":"Universidad de las Artes"},"image":{"@id":"https:\/\/www.uartes.edu.ec\/sitio\/fr\/#\/schema\/logo\/image\/"},"sameAs":["https:\/\/www.facebook.com\/uartesec","https:\/\/x.com\/uartesec","https:\/\/www.tiktok.com\/@uartesec"]},{"@type":"Person","@id":"https:\/\/www.uartes.edu.ec\/sitio\/fr\/#\/schema\/person\/efa1b8275797664fd7f13a79ccc0b1f4","name":"ccortez","image":{"@type":"ImageObject","inLanguage":"fr-FR","@id":"https:\/\/secure.gravatar.com\/avatar\/b2a6f664a3ae8e074346ef91775736c5ec479e637ecced6842de9dc98b5da9cd?s=96&d=mm&r=g","url":"https:\/\/secure.gravatar.com\/avatar\/b2a6f664a3ae8e074346ef91775736c5ec479e637ecced6842de9dc98b5da9cd?s=96&d=mm&r=g","contentUrl":"https:\/\/secure.gravatar.com\/avatar\/b2a6f664a3ae8e074346ef91775736c5ec479e637ecced6842de9dc98b5da9cd?s=96&d=mm&r=g","caption":"ccortez"},"url":"https:\/\/www.uartes.edu.ec\/sitio\/fr\/blog\/author\/ccortez\/"}]}},"uagb_featured_image_src":{"full":["https:\/\/www.uartes.edu.ec\/sitio\/wp-content\/uploads\/2025\/12\/Proyecto-Cambiar-tamano-de-imagen-2025-12-09T180718.979.jpeg",2000,1333,false],"thumbnail":["https:\/\/www.uartes.edu.ec\/sitio\/wp-content\/uploads\/2025\/12\/Proyecto-Cambiar-tamano-de-imagen-2025-12-09T180718.979-150x150.jpeg",150,150,true],"medium":["https:\/\/www.uartes.edu.ec\/sitio\/wp-content\/uploads\/2025\/12\/Proyecto-Cambiar-tamano-de-imagen-2025-12-09T180718.979-300x200.jpeg",300,200,true],"medium_large":["https:\/\/www.uartes.edu.ec\/sitio\/wp-content\/uploads\/2025\/12\/Proyecto-Cambiar-tamano-de-imagen-2025-12-09T180718.979-768x512.jpeg",768,512,true],"large":["https:\/\/www.uartes.edu.ec\/sitio\/wp-content\/uploads\/2025\/12\/Proyecto-Cambiar-tamano-de-imagen-2025-12-09T180718.979-644x429.jpeg",644,429,true],"1536x1536":["https:\/\/www.uartes.edu.ec\/sitio\/wp-content\/uploads\/2025\/12\/Proyecto-Cambiar-tamano-de-imagen-2025-12-09T180718.979-1536x1024.jpeg",1536,1024,true],"2048x2048":["https:\/\/www.uartes.edu.ec\/sitio\/wp-content\/uploads\/2025\/12\/Proyecto-Cambiar-tamano-de-imagen-2025-12-09T180718.979.jpeg",2000,1333,false],"trp-custom-language-flag":["https:\/\/www.uartes.edu.ec\/sitio\/wp-content\/uploads\/2025\/12\/Proyecto-Cambiar-tamano-de-imagen-2025-12-09T180718.979-18x12.jpeg",18,12,true],"htmega_size_585x295":["https:\/\/www.uartes.edu.ec\/sitio\/wp-content\/uploads\/2025\/12\/Proyecto-Cambiar-tamano-de-imagen-2025-12-09T180718.979-585x295.jpeg",585,295,true],"htmega_size_1170x536":["https:\/\/www.uartes.edu.ec\/sitio\/wp-content\/uploads\/2025\/12\/Proyecto-Cambiar-tamano-de-imagen-2025-12-09T180718.979-1170x536.jpeg",1170,536,true],"htmega_size_396x360":["https:\/\/www.uartes.edu.ec\/sitio\/wp-content\/uploads\/2025\/12\/Proyecto-Cambiar-tamano-de-imagen-2025-12-09T180718.979-396x360.jpeg",396,360,true],"gb-block-post-grid-landscape":["https:\/\/www.uartes.edu.ec\/sitio\/wp-content\/uploads\/2025\/12\/Proyecto-Cambiar-tamano-de-imagen-2025-12-09T180718.979-600x400.jpeg",600,400,true],"gb-block-post-grid-square":["https:\/\/www.uartes.edu.ec\/sitio\/wp-content\/uploads\/2025\/12\/Proyecto-Cambiar-tamano-de-imagen-2025-12-09T180718.979-600x600.jpeg",600,600,true],"university-hub-thumb":["https:\/\/www.uartes.edu.ec\/sitio\/wp-content\/uploads\/2025\/12\/Proyecto-Cambiar-tamano-de-imagen-2025-12-09T180718.979-400x267.jpeg",400,267,true]},"uagb_author_info":{"display_name":"ccortez","author_link":"https:\/\/www.uartes.edu.ec\/sitio\/fr\/blog\/author\/ccortez\/"},"uagb_comment_info":0,"uagb_excerpt":"Mayerlin Cortez, Rebeca Toala, Julissa D\u00edaz y Marisol Duchi estudian Literatura y son parte del proyecto de vinculaci\u00f3n con la sociedad \u201cPAZ: Pedagog\u00edas en artes para la transformaci\u00f3n social de sectores en condici\u00f3n de vulnerabilidad\u201d, que dirige el docente Jorge Tigrero. El viernes 27 de junio concluyeron los talleres \u201cLiteratura Art\u00edstica y Did\u00e1ctica de la\u2026","featured_image_src":"https:\/\/www.uartes.edu.ec\/sitio\/wp-content\/uploads\/2025\/12\/Proyecto-Cambiar-tamano-de-imagen-2025-12-09T180718.979-600x400.jpeg","featured_image_src_square":"https:\/\/www.uartes.edu.ec\/sitio\/wp-content\/uploads\/2025\/12\/Proyecto-Cambiar-tamano-de-imagen-2025-12-09T180718.979-600x600.jpeg","author_info":{"display_name":"ccortez","author_link":"https:\/\/www.uartes.edu.ec\/sitio\/fr\/blog\/author\/ccortez\/"},"publishpress_future_workflow_manual_trigger":{"enabledWorkflows":[]},"distributor_meta":false,"distributor_terms":false,"distributor_media":false,"distributor_original_site_name":"Universidad de las Artes","distributor_original_site_url":"https:\/\/www.uartes.edu.ec\/sitio\/fr","push-errors":false,"_links":{"self":[{"href":"https:\/\/www.uartes.edu.ec\/sitio\/fr\/wp-json\/wp\/v2\/posts\/83080","targetHints":{"allow":["GET"]}}],"collection":[{"href":"https:\/\/www.uartes.edu.ec\/sitio\/fr\/wp-json\/wp\/v2\/posts"}],"about":[{"href":"https:\/\/www.uartes.edu.ec\/sitio\/fr\/wp-json\/wp\/v2\/types\/post"}],"author":[{"embeddable":true,"href":"https:\/\/www.uartes.edu.ec\/sitio\/fr\/wp-json\/wp\/v2\/users\/10"}],"replies":[{"embeddable":true,"href":"https:\/\/www.uartes.edu.ec\/sitio\/fr\/wp-json\/wp\/v2\/comments?post=83080"}],"version-history":[{"count":4,"href":"https:\/\/www.uartes.edu.ec\/sitio\/fr\/wp-json\/wp\/v2\/posts\/83080\/revisions"}],"predecessor-version":[{"id":83097,"href":"https:\/\/www.uartes.edu.ec\/sitio\/fr\/wp-json\/wp\/v2\/posts\/83080\/revisions\/83097"}],"wp:featuredmedia":[{"embeddable":true,"href":"https:\/\/www.uartes.edu.ec\/sitio\/fr\/wp-json\/wp\/v2\/media\/83087"}],"wp:attachment":[{"href":"https:\/\/www.uartes.edu.ec\/sitio\/fr\/wp-json\/wp\/v2\/media?parent=83080"}],"wp:term":[{"taxonomy":"category","embeddable":true,"href":"https:\/\/www.uartes.edu.ec\/sitio\/fr\/wp-json\/wp\/v2\/categories?post=83080"},{"taxonomy":"post_tag","embeddable":true,"href":"https:\/\/www.uartes.edu.ec\/sitio\/fr\/wp-json\/wp\/v2\/tags?post=83080"},{"taxonomy":"infouartes","embeddable":true,"href":"https:\/\/www.uartes.edu.ec\/sitio\/fr\/wp-json\/wp\/v2\/infouartes?post=83080"}],"curies":[{"name":"wp","href":"https:\/\/api.w.org\/{rel}","templated":true}]}}