{"id":83172,"date":"2025-05-14T13:18:00","date_gmt":"2025-05-14T18:18:00","guid":{"rendered":"https:\/\/www.uartes.edu.ec\/sitio\/?p=83172"},"modified":"2025-12-10T19:12:31","modified_gmt":"2025-12-11T00:12:31","slug":"estudiantes-de-creacion-teatral-tuvieron-su-asamblea-la-presidio-jorge-alcoser-su-representante-ante-el-ce","status":"publish","type":"post","link":"https:\/\/www.uartes.edu.ec\/sitio\/fr\/blog\/2025\/05\/14\/estudiantes-de-creacion-teatral-tuvieron-su-asamblea-la-presidio-jorge-alcoser-su-representante-ante-el-ce\/","title":{"rendered":"El di\u00e1logo fortalece nuestros procesos acad\u00e9micos y estudiantiles: Jorge Alcoser, representante de Creaci\u00f3n Teatral en CE"},"content":{"rendered":"<p>La carrera de Creaci\u00f3n Teatral de la Escuela de las Artes Esc\u00e9nicas fue una de las primeras en reunirse en asamblea p\u00fablica para dialogar sobre sus necesidades, escuchar a su representante ante el Consejo Estudiantil (CE), Jorge Luis Alcoser Alcoser, en un s\u00edmil de rendici\u00f3n de cuentas sobre las acciones realizadas durante el periodo de gesti\u00f3n.<\/p>\n\n\n\n<p>Estos espacios nutren nuestros procesos desde la escucha, el di\u00e1logo y el encuentro. Son oportunidades para mirarnos, pensarnos y construir en colectividad. En esta asamblea pondremos a circular nuestras voces, inquietudes y propuestas, se indic\u00f3 en la invitaci\u00f3n para el encuentro, que tuvo lugar el pasado 13 de mayo en la Plaza P\u00fablica del MZ14 Centro de Producci\u00f3n e Innovaci\u00f3n de la Universidad de las Artes.<\/p>\n\n\n\n<p>All\u00ed se indic\u00f3 tambi\u00e9n que convocarse para dialogar tambi\u00e9n es crear. Cabe anotar que, el Consejo Estudiantil est\u00e1 integrado por un representante, un alterno y entre dos y tres vocales de cada una de las escuelas de pregrado de la UArtes. En pleno, sus miembros eligen a quien los presida; hay asambleas estudiantiles semestrales y a nivel general, en las que participan todas las representaciones de las carreras y tambi\u00e9n hay las asambleas por carrera, las cuales permiten al estudiantado renovar representaciones y hablar de temas de inter\u00e9s com\u00fan, como los estatutos que se est\u00e1n legalizando, un proceso que busca dotar de autonom\u00eda al CE.<\/p>\n\n\n\n<p>En la asamblea de Creaci\u00f3n Teatral, se analizaron problem\u00e1ticas y necesidades de la carrera; se abord\u00f3 tambi\u00e9n la renovaci\u00f3n de representantes ante el CE y destac\u00f3 la importancia de los organismos de cogobierno y de la poca postulaci\u00f3n estudiantil a los diferentes estamentos de la UArtes, como el \u00d3rgano Colegiado Superior (OCS), los Consejos Directivos de Escuela (CDE) y el mismo Consejo Estudiantil.<\/p>\n\n\n\n<p>Alcoser dio a conocer las acciones realizadas durante su periodo. La autogesti\u00f3n, la organizaci\u00f3n estudiantil y el pensamiento cr\u00edtico fueron puntos claves en su di\u00e1logo, donde hizo notorio que a Creaci\u00f3n Teatral le falta hacer comunidad y mantener m\u00e1s di\u00e1logos con las autoridades universitarias. La carrera est\u00e1 orientada a un mercado peque\u00f1o, se reconoci\u00f3 en la asamblea, subray\u00e1ndose la necesidad de incluir m\u00e1s materias de producci\u00f3n y gesti\u00f3n para preparar mejor a los estudiantes. Se discuti\u00f3 tambi\u00e9n sobre la importancia de tener un teatro propio, as\u00ed espacios adecuados para la pr\u00e1ctica teatral.<\/p>\n\n\n\t\t\t\t\t<div\n\t\t\t\t\t\tclass=\"wp-block-uagb-image-gallery uagb-block-1905e382\"\n\t\t\t\t\t\tstyle=\"\"\n\t\t\t\t\t>\n\t\t\t\t\t\t\t\t\t\t\t<div class=\"spectra-image-gallery spectra-image-gallery__layout--masonry spectra-image-gallery__layout--masonry-col-2 spectra-image-gallery__layout--masonry-col-tab-3 spectra-image-gallery__layout--masonry-col-mob-2\">\n\t\t\t\t\t\t\t\t\t\t\t<div class='spectra-image-gallery__media-wrapper--isotope'>\n\t\t\t\t\t\t\t<div class='spectra-image-gallery__media-wrapper' data-spectra-gallery-image-id='83174' tabindex=\"0\">\n\t\t\t\t\t\t\t<div class=\"spectra-image-gallery__media spectra-image-gallery__media--masonry\">\n\t\t\t\t<picture>\n\t\t\t\t\t<source media=\"(min-width: 1024px)\" srcset=\"https:\/\/www.uartes.edu.ec\/sitio\/wp-content\/uploads\/2025\/12\/Proyecto-Cambiar-tamano-de-imagen-2025-09-27T135929.439-1-644x429.jpeg\">\n\t\t\t\t\t<source media=\"(min-width: 768px)\" srcset=\"https:\/\/www.uartes.edu.ec\/sitio\/wp-content\/uploads\/2025\/12\/Proyecto-Cambiar-tamano-de-imagen-2025-09-27T135929.439-1-644x429.jpeg\">\n\t\t\t\t\t<img decoding=\"async\" class=\"spectra-image-gallery__media-thumbnail spectra-image-gallery__media-thumbnail--masonry\" src=\"https:\/\/www.uartes.edu.ec\/sitio\/wp-content\/uploads\/2025\/12\/Proyecto-Cambiar-tamano-de-imagen-2025-09-27T135929.439-1-300x200.jpeg\" alt=\"\" loading=\"lazy\" \/>\n\t\t\t\t<\/picture>\n\t\t\t\t<div class=\"spectra-image-gallery__media-thumbnail-blurrer\"><\/div>\n\t\t\t\t\t\t\t\t\t\t\t<div class=\"spectra-image-gallery__media-thumbnail-caption-wrapper spectra-image-gallery__media-thumbnail-caption-wrapper--overlay\">\n\t\t\t\t\t\t\t\t\t\t\t<div class=\"spectra-image-gallery__media-thumbnail-caption spectra-image-gallery__media-thumbnail-caption--overlay\">\n\t\t\t\t\tAucune l\u00e9gende\t\t\t\t<\/div>\n\t\t\t\t\t\t\t\t\t\t<\/div>\n\t\t\t\t\t\t\t\t\t<\/div>\n\t\t\t\t\t\t<\/div>\n\t\t\t\t\t\t<\/div>\n\t\t\t\t\t\t<div class='spectra-image-gallery__media-wrapper--isotope'>\n\t\t\t\t\t\t\t<div class='spectra-image-gallery__media-wrapper' data-spectra-gallery-image-id='83176' tabindex=\"0\">\n\t\t\t\t\t\t\t<div class=\"spectra-image-gallery__media spectra-image-gallery__media--masonry\">\n\t\t\t\t<picture>\n\t\t\t\t\t<source media=\"(min-width: 1024px)\" srcset=\"https:\/\/www.uartes.edu.ec\/sitio\/wp-content\/uploads\/2025\/12\/Proyecto-Cambiar-tamano-de-imagen-2025-09-27T140158.295-1-644x429.jpeg\">\n\t\t\t\t\t<source media=\"(min-width: 768px)\" srcset=\"https:\/\/www.uartes.edu.ec\/sitio\/wp-content\/uploads\/2025\/12\/Proyecto-Cambiar-tamano-de-imagen-2025-09-27T140158.295-1-644x429.jpeg\">\n\t\t\t\t\t<img decoding=\"async\" class=\"spectra-image-gallery__media-thumbnail spectra-image-gallery__media-thumbnail--masonry\" src=\"https:\/\/www.uartes.edu.ec\/sitio\/wp-content\/uploads\/2025\/12\/Proyecto-Cambiar-tamano-de-imagen-2025-09-27T140158.295-1-300x200.jpeg\" alt=\"\" loading=\"lazy\" \/>\n\t\t\t\t<\/picture>\n\t\t\t\t<div class=\"spectra-image-gallery__media-thumbnail-blurrer\"><\/div>\n\t\t\t\t\t\t\t\t\t\t\t<div class=\"spectra-image-gallery__media-thumbnail-caption-wrapper spectra-image-gallery__media-thumbnail-caption-wrapper--overlay\">\n\t\t\t\t\t\t\t\t\t\t\t<div class=\"spectra-image-gallery__media-thumbnail-caption spectra-image-gallery__media-thumbnail-caption--overlay\">\n\t\t\t\t\tAucune l\u00e9gende\t\t\t\t<\/div>\n\t\t\t\t\t\t\t\t\t\t<\/div>\n\t\t\t\t\t\t\t\t\t<\/div>\n\t\t\t\t\t\t<\/div>\n\t\t\t\t\t\t<\/div>\n\t\t\t\t\t\t\t\t\t\t<\/div>\n\t\t\t\t\t\t\t\t\t\t\t\t\t\t\t\t\t\t<\/div>\n\t\t\t\t\t\t\t\t\t\n\n\t\t\t\t\t<div\n\t\t\t\t\t\tclass=\"wp-block-uagb-image-gallery uagb-block-bf5b2c99\"\n\t\t\t\t\t\tstyle=\"\"\n\t\t\t\t\t>\n\t\t\t\t\t\t\t\t\t\t\t<div class=\"spectra-image-gallery spectra-image-gallery__layout--masonry spectra-image-gallery__layout--masonry-col-2 spectra-image-gallery__layout--masonry-col-tab-3 spectra-image-gallery__layout--masonry-col-mob-2\">\n\t\t\t\t\t\t\t\t\t\t\t<div class='spectra-image-gallery__media-wrapper--isotope'>\n\t\t\t\t\t\t\t<div class='spectra-image-gallery__media-wrapper' data-spectra-gallery-image-id='83177' tabindex=\"0\">\n\t\t\t\t\t\t\t<div class=\"spectra-image-gallery__media spectra-image-gallery__media--masonry\">\n\t\t\t\t<picture>\n\t\t\t\t\t<source media=\"(min-width: 1024px)\" srcset=\"https:\/\/www.uartes.edu.ec\/sitio\/wp-content\/uploads\/2025\/12\/Proyecto-Cambiar-tamano-de-imagen-2025-09-27T140414.457-1-644x429.jpeg\">\n\t\t\t\t\t<source media=\"(min-width: 768px)\" srcset=\"https:\/\/www.uartes.edu.ec\/sitio\/wp-content\/uploads\/2025\/12\/Proyecto-Cambiar-tamano-de-imagen-2025-09-27T140414.457-1-644x429.jpeg\">\n\t\t\t\t\t<img decoding=\"async\" class=\"spectra-image-gallery__media-thumbnail spectra-image-gallery__media-thumbnail--masonry\" src=\"https:\/\/www.uartes.edu.ec\/sitio\/wp-content\/uploads\/2025\/12\/Proyecto-Cambiar-tamano-de-imagen-2025-09-27T140414.457-1-300x200.jpeg\" alt=\"\" loading=\"lazy\" \/>\n\t\t\t\t<\/picture>\n\t\t\t\t<div class=\"spectra-image-gallery__media-thumbnail-blurrer\"><\/div>\n\t\t\t\t\t\t\t\t\t\t\t<div class=\"spectra-image-gallery__media-thumbnail-caption-wrapper spectra-image-gallery__media-thumbnail-caption-wrapper--overlay\">\n\t\t\t\t\t\t\t\t\t\t\t<div class=\"spectra-image-gallery__media-thumbnail-caption spectra-image-gallery__media-thumbnail-caption--overlay\">\n\t\t\t\t\tAucune l\u00e9gende\t\t\t\t<\/div>\n\t\t\t\t\t\t\t\t\t\t<\/div>\n\t\t\t\t\t\t\t\t\t<\/div>\n\t\t\t\t\t\t<\/div>\n\t\t\t\t\t\t<\/div>\n\t\t\t\t\t\t<div class='spectra-image-gallery__media-wrapper--isotope'>\n\t\t\t\t\t\t\t<div class='spectra-image-gallery__media-wrapper' data-spectra-gallery-image-id='83175' tabindex=\"0\">\n\t\t\t\t\t\t\t<div class=\"spectra-image-gallery__media spectra-image-gallery__media--masonry\">\n\t\t\t\t<picture>\n\t\t\t\t\t<source media=\"(min-width: 1024px)\" srcset=\"https:\/\/www.uartes.edu.ec\/sitio\/wp-content\/uploads\/2025\/12\/Proyecto-Cambiar-tamano-de-imagen-2025-09-27T140053.728-1-644x429.jpeg\">\n\t\t\t\t\t<source media=\"(min-width: 768px)\" srcset=\"https:\/\/www.uartes.edu.ec\/sitio\/wp-content\/uploads\/2025\/12\/Proyecto-Cambiar-tamano-de-imagen-2025-09-27T140053.728-1-644x429.jpeg\">\n\t\t\t\t\t<img decoding=\"async\" class=\"spectra-image-gallery__media-thumbnail spectra-image-gallery__media-thumbnail--masonry\" src=\"https:\/\/www.uartes.edu.ec\/sitio\/wp-content\/uploads\/2025\/12\/Proyecto-Cambiar-tamano-de-imagen-2025-09-27T140053.728-1-300x200.jpeg\" alt=\"\" loading=\"lazy\" \/>\n\t\t\t\t<\/picture>\n\t\t\t\t<div class=\"spectra-image-gallery__media-thumbnail-blurrer\"><\/div>\n\t\t\t\t\t\t\t\t\t\t\t<div class=\"spectra-image-gallery__media-thumbnail-caption-wrapper spectra-image-gallery__media-thumbnail-caption-wrapper--overlay\">\n\t\t\t\t\t\t\t\t\t\t\t<div class=\"spectra-image-gallery__media-thumbnail-caption spectra-image-gallery__media-thumbnail-caption--overlay\">\n\t\t\t\t\tAucune l\u00e9gende\t\t\t\t<\/div>\n\t\t\t\t\t\t\t\t\t\t<\/div>\n\t\t\t\t\t\t\t\t\t<\/div>\n\t\t\t\t\t\t<\/div>\n\t\t\t\t\t\t<\/div>\n\t\t\t\t\t\t\t\t\t\t<\/div>\n\t\t\t\t\t\t\t\t\t\t\t\t\t\t\t\t\t\t<\/div>\n\t\t\t\t\t\t\t\t\t\n\n\n<p><\/p>\n\n\n\n<p>Ante la falta de crear comunidad, se se\u00f1al\u00f3 como iniciativa visitar los primeros semestres y talleres de integraci\u00f3n de la carrera; el uso efectivo de correos, grupos de WhatsApp e Instagram para difundir informaci\u00f3n; e incluir a los graduados en los procesos investigativos y creativos dentro de la universidad.<\/p>\n\n\n\n<p>Aprovechando la buena asistencia que hubo de estudiantes e incluso del director de la Escuela de Artes Esc\u00e9nicas, Benjam\u00edn Cort\u00e9s, y de la coordinadora de la carrera, Dolores Ortiz, Alcoser dio espacio para que la candidata del Partido Estudiantil COLMENA, Sheyla Cuenca, compartiera sus propuestas de trabajo dirigidas a lxs compa\u00f1erxs, enmarcadas estas en un compromiso con la colectividad y el fortalecimiento de Creaci\u00f3n Teatral. Esto porque, como se indic\u00f3, habr\u00e1 una renovaci\u00f3n de representantes de las carreras ante el CE.<\/p>\n\n\n\n<p>\u201cPara fines de mayo debemos tener ya a los nuevos representantes: un titular, un alterno y dos vocales o m\u00e1ximo tres.&nbsp;Es complejo porque realmente hay carreras que no tienen representantes y el Consejo Estudiantil es una organizaci\u00f3n de todos los estudiantes\u201d, expres\u00f3 Jorge Alcoser, quien ante esta primera postulaci\u00f3n para ir a las elecciones de la nueva directiva comparti\u00f3 desde su experiencia lo que ello implica; \u00e9l present\u00f3 su candidatura respaldado por el partido Hacia una comunidad estudiantil integrada, plante\u00e1ndose entre sus objetivos justamente la generaci\u00f3n de espacios y de comunidad.&nbsp;<\/p>\n\n\n\n<p>Mencion\u00f3, adem\u00e1s, que los estudiantes est\u00e1n integrados, pero que al CE le falta legalizarse para poder accionar con autonom\u00eda. \u201cExistimos como movimiento estudiantil, pero no somos aut\u00f3nomos, su reglamentaci\u00f3n est\u00e1 en proceso\u201d.<\/p>\n\n\n\n<p>La asamblea fue un espacio enriquecedor donde se escucharon m\u00faltiples voces y se delinearon acciones concretas para avanzar hacia una comunidad estudiantil m\u00e1s integrada y aut\u00f3noma. Al t\u00e9rmino, Jorge Alcoser resalt\u00f3 el compromiso de seguir trabajando en la legalizaci\u00f3n del Consejo Estudiantil y en la creaci\u00f3n de un teatro propio y la participaci\u00f3n activa de los estudiantes en estos espacios; inst\u00f3 tambi\u00e9n a los presentes a seguir colaborando para mejorar la calidad educativa y comunitaria de la carrera.<\/p>\n\n\n\n<p><\/p>","protected":false},"excerpt":{"rendered":"<p>Como un espacio que nutren sus procesos desde la escucha, el di\u00e1logo y el encuentro fue concebida la convocatoria a asamblea semestral de la carrera de Creaci\u00f3n Teatral de la Escuela de Artes Esc\u00e9nicas de la Universidad de las Artes, cuyo representante ante el Consejo Estudiantil (CES) es Jorge Alcoser. En un s\u00edmil de rendici\u00f3n de cuentas, el estudiante dio a conocer las acciones realizadas durante su gesti\u00f3n.<\/p>","protected":false},"author":10,"featured_media":83173,"comment_status":"open","ping_status":"open","sticky":false,"template":"","format":"standard","meta":{"_acf_changed":false,"_uag_custom_page_level_css":"","_monsterinsights_skip_tracking":false,"_monsterinsights_sitenote_active":false,"_monsterinsights_sitenote_note":"","_monsterinsights_sitenote_category":0,"cybocfi_hide_featured_image":"","footnotes":""},"categories":[159,76,77,83],"tags":[128],"infouartes":[],"class_list":["post-83172","post","type-post","status-publish","format-standard","has-post-thumbnail","hentry","category-artes-escenicas","category-estudiantes","category-gestion","category-sedes","tag-dialogos"],"acf":[],"yoast_head":"<!-- This site is optimized with the Yoast SEO plugin v27.4 - https:\/\/yoast.com\/product\/yoast-seo-wordpress\/ -->\n<title>Universidad de las Artes - El di\u00e1logo fortalece nuestros procesos acad\u00e9micos y estudiantiles: Jorge Alcoser, representante de Creaci\u00f3n Teatral en CE<\/title>\n<meta name=\"description\" content=\"Universidad de las Artes - El di\u00e1logo fortalece nuestros procesos acad\u00e9micos y estudiantiles: Jorge Alcoser, representante de Creaci\u00f3n Teatral en CE\" \/>\n<meta name=\"robots\" content=\"index, follow, max-snippet:-1, max-image-preview:large, max-video-preview:-1\" \/>\n<link rel=\"canonical\" href=\"https:\/\/www.uartes.edu.ec\/sitio\/fr\/blog\/2025\/05\/14\/estudiantes-de-creacion-teatral-tuvieron-su-asamblea-la-presidio-jorge-alcoser-su-representante-ante-el-ce\/\" \/>\n<meta property=\"og:locale\" content=\"fr_FR\" \/>\n<meta property=\"og:type\" content=\"article\" \/>\n<meta property=\"og:title\" content=\"Universidad de las Artes - El di\u00e1logo fortalece nuestros procesos acad\u00e9micos y estudiantiles: Jorge Alcoser, representante de Creaci\u00f3n Teatral en CE\" \/>\n<meta property=\"og:description\" content=\"Universidad de las Artes - El di\u00e1logo fortalece nuestros procesos acad\u00e9micos y estudiantiles: Jorge Alcoser, representante de Creaci\u00f3n Teatral en CE\" \/>\n<meta property=\"og:url\" content=\"https:\/\/www.uartes.edu.ec\/sitio\/fr\/blog\/2025\/05\/14\/estudiantes-de-creacion-teatral-tuvieron-su-asamblea-la-presidio-jorge-alcoser-su-representante-ante-el-ce\/\" \/>\n<meta property=\"og:site_name\" content=\"Universidad de las Artes\" \/>\n<meta property=\"article:publisher\" content=\"https:\/\/www.facebook.com\/uartesec\" \/>\n<meta property=\"article:published_time\" content=\"2025-05-14T18:18:00+00:00\" \/>\n<meta property=\"article:modified_time\" content=\"2025-12-11T00:12:31+00:00\" \/>\n<meta property=\"og:image\" content=\"https:\/\/www.uartes.edu.ec\/sitio\/wp-content\/uploads\/2025\/12\/Proyecto-Cambiar-tamano-de-imagen-2025-09-27T135808.719-1.jpeg\" \/>\n\t<meta property=\"og:image:width\" content=\"2000\" \/>\n\t<meta property=\"og:image:height\" content=\"1333\" \/>\n\t<meta property=\"og:image:type\" content=\"image\/jpeg\" \/>\n<meta name=\"author\" content=\"ccortez\" \/>\n<meta name=\"twitter:card\" content=\"summary_large_image\" \/>\n<meta name=\"twitter:creator\" content=\"@uartesec\" \/>\n<meta name=\"twitter:site\" content=\"@uartesec\" \/>\n<meta name=\"twitter:label1\" content=\"\u00c9crit par\" \/>\n\t<meta name=\"twitter:data1\" content=\"ccortez\" \/>\n\t<meta name=\"twitter:label2\" content=\"Dur\u00e9e de lecture estim\u00e9e\" \/>\n\t<meta name=\"twitter:data2\" content=\"4 minutes\" \/>\n<script type=\"application\/ld+json\" class=\"yoast-schema-graph\">{\"@context\":\"https:\\\/\\\/schema.org\",\"@graph\":[{\"@type\":\"Article\",\"@id\":\"https:\\\/\\\/www.uartes.edu.ec\\\/sitio\\\/fr\\\/blog\\\/2025\\\/05\\\/14\\\/estudiantes-de-creacion-teatral-tuvieron-su-asamblea-la-presidio-jorge-alcoser-su-representante-ante-el-ce\\\/#article\",\"isPartOf\":{\"@id\":\"https:\\\/\\\/www.uartes.edu.ec\\\/sitio\\\/fr\\\/blog\\\/2025\\\/05\\\/14\\\/estudiantes-de-creacion-teatral-tuvieron-su-asamblea-la-presidio-jorge-alcoser-su-representante-ante-el-ce\\\/\"},\"author\":{\"name\":\"ccortez\",\"@id\":\"https:\\\/\\\/www.uartes.edu.ec\\\/sitio\\\/fr\\\/#\\\/schema\\\/person\\\/efa1b8275797664fd7f13a79ccc0b1f4\"},\"headline\":\"El di\u00e1logo fortalece nuestros procesos acad\u00e9micos y estudiantiles: Jorge Alcoser, representante de Creaci\u00f3n Teatral en CE\",\"datePublished\":\"2025-05-14T18:18:00+00:00\",\"dateModified\":\"2025-12-11T00:12:31+00:00\",\"mainEntityOfPage\":{\"@id\":\"https:\\\/\\\/www.uartes.edu.ec\\\/sitio\\\/fr\\\/blog\\\/2025\\\/05\\\/14\\\/estudiantes-de-creacion-teatral-tuvieron-su-asamblea-la-presidio-jorge-alcoser-su-representante-ante-el-ce\\\/\"},\"wordCount\":798,\"commentCount\":0,\"publisher\":{\"@id\":\"https:\\\/\\\/www.uartes.edu.ec\\\/sitio\\\/fr\\\/#organization\"},\"image\":{\"@id\":\"https:\\\/\\\/www.uartes.edu.ec\\\/sitio\\\/fr\\\/blog\\\/2025\\\/05\\\/14\\\/estudiantes-de-creacion-teatral-tuvieron-su-asamblea-la-presidio-jorge-alcoser-su-representante-ante-el-ce\\\/#primaryimage\"},\"thumbnailUrl\":\"https:\\\/\\\/www.uartes.edu.ec\\\/sitio\\\/wp-content\\\/uploads\\\/2025\\\/12\\\/Proyecto-Cambiar-tamano-de-imagen-2025-09-27T135808.719-1.jpeg\",\"keywords\":[\"di\u00e1logos\"],\"articleSection\":[\"Artes Esc\u00e9nicas\",\"Estudiantes\",\"Gesti\u00f3n\",\"Sedes\"],\"inLanguage\":\"fr-FR\",\"potentialAction\":[{\"@type\":\"CommentAction\",\"name\":\"Comment\",\"target\":[\"https:\\\/\\\/www.uartes.edu.ec\\\/sitio\\\/fr\\\/blog\\\/2025\\\/05\\\/14\\\/estudiantes-de-creacion-teatral-tuvieron-su-asamblea-la-presidio-jorge-alcoser-su-representante-ante-el-ce\\\/#respond\"]}]},{\"@type\":[\"WebPage\",\"ItemPage\"],\"@id\":\"https:\\\/\\\/www.uartes.edu.ec\\\/sitio\\\/fr\\\/blog\\\/2025\\\/05\\\/14\\\/estudiantes-de-creacion-teatral-tuvieron-su-asamblea-la-presidio-jorge-alcoser-su-representante-ante-el-ce\\\/\",\"url\":\"https:\\\/\\\/www.uartes.edu.ec\\\/sitio\\\/fr\\\/blog\\\/2025\\\/05\\\/14\\\/estudiantes-de-creacion-teatral-tuvieron-su-asamblea-la-presidio-jorge-alcoser-su-representante-ante-el-ce\\\/\",\"name\":\"Universidad de las Artes - El di\u00e1logo fortalece nuestros procesos acad\u00e9micos y estudiantiles: Jorge Alcoser, representante de Creaci\u00f3n Teatral en CE\",\"isPartOf\":{\"@id\":\"https:\\\/\\\/www.uartes.edu.ec\\\/sitio\\\/fr\\\/#website\"},\"primaryImageOfPage\":{\"@id\":\"https:\\\/\\\/www.uartes.edu.ec\\\/sitio\\\/fr\\\/blog\\\/2025\\\/05\\\/14\\\/estudiantes-de-creacion-teatral-tuvieron-su-asamblea-la-presidio-jorge-alcoser-su-representante-ante-el-ce\\\/#primaryimage\"},\"image\":{\"@id\":\"https:\\\/\\\/www.uartes.edu.ec\\\/sitio\\\/fr\\\/blog\\\/2025\\\/05\\\/14\\\/estudiantes-de-creacion-teatral-tuvieron-su-asamblea-la-presidio-jorge-alcoser-su-representante-ante-el-ce\\\/#primaryimage\"},\"thumbnailUrl\":\"https:\\\/\\\/www.uartes.edu.ec\\\/sitio\\\/wp-content\\\/uploads\\\/2025\\\/12\\\/Proyecto-Cambiar-tamano-de-imagen-2025-09-27T135808.719-1.jpeg\",\"datePublished\":\"2025-05-14T18:18:00+00:00\",\"dateModified\":\"2025-12-11T00:12:31+00:00\",\"description\":\"Universidad de las Artes - El di\u00e1logo fortalece nuestros procesos acad\u00e9micos y estudiantiles: Jorge Alcoser, representante de Creaci\u00f3n Teatral en CE\",\"breadcrumb\":{\"@id\":\"https:\\\/\\\/www.uartes.edu.ec\\\/sitio\\\/fr\\\/blog\\\/2025\\\/05\\\/14\\\/estudiantes-de-creacion-teatral-tuvieron-su-asamblea-la-presidio-jorge-alcoser-su-representante-ante-el-ce\\\/#breadcrumb\"},\"inLanguage\":\"fr-FR\",\"potentialAction\":[{\"@type\":\"ReadAction\",\"target\":[\"https:\\\/\\\/www.uartes.edu.ec\\\/sitio\\\/fr\\\/blog\\\/2025\\\/05\\\/14\\\/estudiantes-de-creacion-teatral-tuvieron-su-asamblea-la-presidio-jorge-alcoser-su-representante-ante-el-ce\\\/\"]}]},{\"@type\":\"ImageObject\",\"inLanguage\":\"fr-FR\",\"@id\":\"https:\\\/\\\/www.uartes.edu.ec\\\/sitio\\\/fr\\\/blog\\\/2025\\\/05\\\/14\\\/estudiantes-de-creacion-teatral-tuvieron-su-asamblea-la-presidio-jorge-alcoser-su-representante-ante-el-ce\\\/#primaryimage\",\"url\":\"https:\\\/\\\/www.uartes.edu.ec\\\/sitio\\\/wp-content\\\/uploads\\\/2025\\\/12\\\/Proyecto-Cambiar-tamano-de-imagen-2025-09-27T135808.719-1.jpeg\",\"contentUrl\":\"https:\\\/\\\/www.uartes.edu.ec\\\/sitio\\\/wp-content\\\/uploads\\\/2025\\\/12\\\/Proyecto-Cambiar-tamano-de-imagen-2025-09-27T135808.719-1.jpeg\",\"width\":2000,\"height\":1333},{\"@type\":\"BreadcrumbList\",\"@id\":\"https:\\\/\\\/www.uartes.edu.ec\\\/sitio\\\/fr\\\/blog\\\/2025\\\/05\\\/14\\\/estudiantes-de-creacion-teatral-tuvieron-su-asamblea-la-presidio-jorge-alcoser-su-representante-ante-el-ce\\\/#breadcrumb\",\"itemListElement\":[{\"@type\":\"ListItem\",\"position\":1,\"name\":\"Inicio\",\"item\":\"https:\\\/\\\/www.uartes.edu.ec\\\/sitio\\\/\"},{\"@type\":\"ListItem\",\"position\":2,\"name\":\"El di\u00e1logo fortalece nuestros procesos acad\u00e9micos y estudiantiles: Jorge Alcoser, representante de Creaci\u00f3n Teatral en CE\"}]},{\"@type\":\"WebSite\",\"@id\":\"https:\\\/\\\/www.uartes.edu.ec\\\/sitio\\\/fr\\\/#website\",\"url\":\"https:\\\/\\\/www.uartes.edu.ec\\\/sitio\\\/fr\\\/\",\"name\":\"Universidad de las Artes\",\"description\":\"Sitio oficial de la Universidad Nacional de las Artes del Ecuador\",\"publisher\":{\"@id\":\"https:\\\/\\\/www.uartes.edu.ec\\\/sitio\\\/fr\\\/#organization\"},\"potentialAction\":[{\"@type\":\"SearchAction\",\"target\":{\"@type\":\"EntryPoint\",\"urlTemplate\":\"https:\\\/\\\/www.uartes.edu.ec\\\/sitio\\\/fr\\\/?s={search_term_string}\"},\"query-input\":{\"@type\":\"PropertyValueSpecification\",\"valueRequired\":true,\"valueName\":\"search_term_string\"}}],\"inLanguage\":\"fr-FR\"},{\"@type\":\"Organization\",\"@id\":\"https:\\\/\\\/www.uartes.edu.ec\\\/sitio\\\/fr\\\/#organization\",\"name\":\"Universidad de las Artes\",\"url\":\"https:\\\/\\\/www.uartes.edu.ec\\\/sitio\\\/fr\\\/\",\"logo\":{\"@type\":\"ImageObject\",\"inLanguage\":\"fr-FR\",\"@id\":\"https:\\\/\\\/www.uartes.edu.ec\\\/sitio\\\/fr\\\/#\\\/schema\\\/logo\\\/image\\\/\",\"url\":\"https:\\\/\\\/www.uartes.edu.ec\\\/sitio\\\/wp-content\\\/uploads\\\/2022\\\/07\\\/logo-ua-horizontal.png\",\"contentUrl\":\"https:\\\/\\\/www.uartes.edu.ec\\\/sitio\\\/wp-content\\\/uploads\\\/2022\\\/07\\\/logo-ua-horizontal.png\",\"width\":800,\"height\":276,\"caption\":\"Universidad de las Artes\"},\"image\":{\"@id\":\"https:\\\/\\\/www.uartes.edu.ec\\\/sitio\\\/fr\\\/#\\\/schema\\\/logo\\\/image\\\/\"},\"sameAs\":[\"https:\\\/\\\/www.facebook.com\\\/uartesec\",\"https:\\\/\\\/x.com\\\/uartesec\",\"https:\\\/\\\/www.tiktok.com\\\/@uartesec\"]},{\"@type\":\"Person\",\"@id\":\"https:\\\/\\\/www.uartes.edu.ec\\\/sitio\\\/fr\\\/#\\\/schema\\\/person\\\/efa1b8275797664fd7f13a79ccc0b1f4\",\"name\":\"ccortez\",\"image\":{\"@type\":\"ImageObject\",\"inLanguage\":\"fr-FR\",\"@id\":\"https:\\\/\\\/secure.gravatar.com\\\/avatar\\\/b2a6f664a3ae8e074346ef91775736c5ec479e637ecced6842de9dc98b5da9cd?s=96&d=mm&r=g\",\"url\":\"https:\\\/\\\/secure.gravatar.com\\\/avatar\\\/b2a6f664a3ae8e074346ef91775736c5ec479e637ecced6842de9dc98b5da9cd?s=96&d=mm&r=g\",\"contentUrl\":\"https:\\\/\\\/secure.gravatar.com\\\/avatar\\\/b2a6f664a3ae8e074346ef91775736c5ec479e637ecced6842de9dc98b5da9cd?s=96&d=mm&r=g\",\"caption\":\"ccortez\"},\"url\":\"https:\\\/\\\/www.uartes.edu.ec\\\/sitio\\\/fr\\\/blog\\\/author\\\/ccortez\\\/\"}]}<\/script>\n<!-- \/ Yoast SEO plugin. -->","yoast_head_json":{"title":"Universidad de las Artes - El di\u00e1logo fortalece nuestros procesos acad\u00e9micos y estudiantiles: Jorge Alcoser, representante de Creaci\u00f3n Teatral en CE","description":"Universidad de las Artes - El di\u00e1logo fortalece nuestros procesos acad\u00e9micos y estudiantiles: Jorge Alcoser, representante de Creaci\u00f3n Teatral en CE","robots":{"index":"index","follow":"follow","max-snippet":"max-snippet:-1","max-image-preview":"max-image-preview:large","max-video-preview":"max-video-preview:-1"},"canonical":"https:\/\/www.uartes.edu.ec\/sitio\/fr\/blog\/2025\/05\/14\/estudiantes-de-creacion-teatral-tuvieron-su-asamblea-la-presidio-jorge-alcoser-su-representante-ante-el-ce\/","og_locale":"fr_FR","og_type":"article","og_title":"Universidad de las Artes - El di\u00e1logo fortalece nuestros procesos acad\u00e9micos y estudiantiles: Jorge Alcoser, representante de Creaci\u00f3n Teatral en CE","og_description":"Universidad de las Artes - El di\u00e1logo fortalece nuestros procesos acad\u00e9micos y estudiantiles: Jorge Alcoser, representante de Creaci\u00f3n Teatral en CE","og_url":"https:\/\/www.uartes.edu.ec\/sitio\/fr\/blog\/2025\/05\/14\/estudiantes-de-creacion-teatral-tuvieron-su-asamblea-la-presidio-jorge-alcoser-su-representante-ante-el-ce\/","og_site_name":"Universidad de las Artes","article_publisher":"https:\/\/www.facebook.com\/uartesec","article_published_time":"2025-05-14T18:18:00+00:00","article_modified_time":"2025-12-11T00:12:31+00:00","og_image":[{"width":2000,"height":1333,"url":"https:\/\/www.uartes.edu.ec\/sitio\/wp-content\/uploads\/2025\/12\/Proyecto-Cambiar-tamano-de-imagen-2025-09-27T135808.719-1.jpeg","type":"image\/jpeg"}],"author":"ccortez","twitter_card":"summary_large_image","twitter_creator":"@uartesec","twitter_site":"@uartesec","twitter_misc":{"\u00c9crit par":"ccortez","Dur\u00e9e de lecture estim\u00e9e":"4 minutes"},"schema":{"@context":"https:\/\/schema.org","@graph":[{"@type":"Article","@id":"https:\/\/www.uartes.edu.ec\/sitio\/fr\/blog\/2025\/05\/14\/estudiantes-de-creacion-teatral-tuvieron-su-asamblea-la-presidio-jorge-alcoser-su-representante-ante-el-ce\/#article","isPartOf":{"@id":"https:\/\/www.uartes.edu.ec\/sitio\/fr\/blog\/2025\/05\/14\/estudiantes-de-creacion-teatral-tuvieron-su-asamblea-la-presidio-jorge-alcoser-su-representante-ante-el-ce\/"},"author":{"name":"ccortez","@id":"https:\/\/www.uartes.edu.ec\/sitio\/fr\/#\/schema\/person\/efa1b8275797664fd7f13a79ccc0b1f4"},"headline":"El di\u00e1logo fortalece nuestros procesos acad\u00e9micos y estudiantiles: Jorge Alcoser, representante de Creaci\u00f3n Teatral en CE","datePublished":"2025-05-14T18:18:00+00:00","dateModified":"2025-12-11T00:12:31+00:00","mainEntityOfPage":{"@id":"https:\/\/www.uartes.edu.ec\/sitio\/fr\/blog\/2025\/05\/14\/estudiantes-de-creacion-teatral-tuvieron-su-asamblea-la-presidio-jorge-alcoser-su-representante-ante-el-ce\/"},"wordCount":798,"commentCount":0,"publisher":{"@id":"https:\/\/www.uartes.edu.ec\/sitio\/fr\/#organization"},"image":{"@id":"https:\/\/www.uartes.edu.ec\/sitio\/fr\/blog\/2025\/05\/14\/estudiantes-de-creacion-teatral-tuvieron-su-asamblea-la-presidio-jorge-alcoser-su-representante-ante-el-ce\/#primaryimage"},"thumbnailUrl":"https:\/\/www.uartes.edu.ec\/sitio\/wp-content\/uploads\/2025\/12\/Proyecto-Cambiar-tamano-de-imagen-2025-09-27T135808.719-1.jpeg","keywords":["di\u00e1logos"],"articleSection":["Artes Esc\u00e9nicas","Estudiantes","Gesti\u00f3n","Sedes"],"inLanguage":"fr-FR","potentialAction":[{"@type":"CommentAction","name":"Comment","target":["https:\/\/www.uartes.edu.ec\/sitio\/fr\/blog\/2025\/05\/14\/estudiantes-de-creacion-teatral-tuvieron-su-asamblea-la-presidio-jorge-alcoser-su-representante-ante-el-ce\/#respond"]}]},{"@type":["WebPage","ItemPage"],"@id":"https:\/\/www.uartes.edu.ec\/sitio\/fr\/blog\/2025\/05\/14\/estudiantes-de-creacion-teatral-tuvieron-su-asamblea-la-presidio-jorge-alcoser-su-representante-ante-el-ce\/","url":"https:\/\/www.uartes.edu.ec\/sitio\/fr\/blog\/2025\/05\/14\/estudiantes-de-creacion-teatral-tuvieron-su-asamblea-la-presidio-jorge-alcoser-su-representante-ante-el-ce\/","name":"Universidad de las Artes - El di\u00e1logo fortalece nuestros procesos acad\u00e9micos y estudiantiles: Jorge Alcoser, representante de Creaci\u00f3n Teatral en CE","isPartOf":{"@id":"https:\/\/www.uartes.edu.ec\/sitio\/fr\/#website"},"primaryImageOfPage":{"@id":"https:\/\/www.uartes.edu.ec\/sitio\/fr\/blog\/2025\/05\/14\/estudiantes-de-creacion-teatral-tuvieron-su-asamblea-la-presidio-jorge-alcoser-su-representante-ante-el-ce\/#primaryimage"},"image":{"@id":"https:\/\/www.uartes.edu.ec\/sitio\/fr\/blog\/2025\/05\/14\/estudiantes-de-creacion-teatral-tuvieron-su-asamblea-la-presidio-jorge-alcoser-su-representante-ante-el-ce\/#primaryimage"},"thumbnailUrl":"https:\/\/www.uartes.edu.ec\/sitio\/wp-content\/uploads\/2025\/12\/Proyecto-Cambiar-tamano-de-imagen-2025-09-27T135808.719-1.jpeg","datePublished":"2025-05-14T18:18:00+00:00","dateModified":"2025-12-11T00:12:31+00:00","description":"Universidad de las Artes - El di\u00e1logo fortalece nuestros procesos acad\u00e9micos y estudiantiles: Jorge Alcoser, representante de Creaci\u00f3n Teatral en CE","breadcrumb":{"@id":"https:\/\/www.uartes.edu.ec\/sitio\/fr\/blog\/2025\/05\/14\/estudiantes-de-creacion-teatral-tuvieron-su-asamblea-la-presidio-jorge-alcoser-su-representante-ante-el-ce\/#breadcrumb"},"inLanguage":"fr-FR","potentialAction":[{"@type":"ReadAction","target":["https:\/\/www.uartes.edu.ec\/sitio\/fr\/blog\/2025\/05\/14\/estudiantes-de-creacion-teatral-tuvieron-su-asamblea-la-presidio-jorge-alcoser-su-representante-ante-el-ce\/"]}]},{"@type":"ImageObject","inLanguage":"fr-FR","@id":"https:\/\/www.uartes.edu.ec\/sitio\/fr\/blog\/2025\/05\/14\/estudiantes-de-creacion-teatral-tuvieron-su-asamblea-la-presidio-jorge-alcoser-su-representante-ante-el-ce\/#primaryimage","url":"https:\/\/www.uartes.edu.ec\/sitio\/wp-content\/uploads\/2025\/12\/Proyecto-Cambiar-tamano-de-imagen-2025-09-27T135808.719-1.jpeg","contentUrl":"https:\/\/www.uartes.edu.ec\/sitio\/wp-content\/uploads\/2025\/12\/Proyecto-Cambiar-tamano-de-imagen-2025-09-27T135808.719-1.jpeg","width":2000,"height":1333},{"@type":"BreadcrumbList","@id":"https:\/\/www.uartes.edu.ec\/sitio\/fr\/blog\/2025\/05\/14\/estudiantes-de-creacion-teatral-tuvieron-su-asamblea-la-presidio-jorge-alcoser-su-representante-ante-el-ce\/#breadcrumb","itemListElement":[{"@type":"ListItem","position":1,"name":"Inicio","item":"https:\/\/www.uartes.edu.ec\/sitio\/"},{"@type":"ListItem","position":2,"name":"El di\u00e1logo fortalece nuestros procesos acad\u00e9micos y estudiantiles: Jorge Alcoser, representante de Creaci\u00f3n Teatral en CE"}]},{"@type":"WebSite","@id":"https:\/\/www.uartes.edu.ec\/sitio\/fr\/#website","url":"https:\/\/www.uartes.edu.ec\/sitio\/fr\/","name":"Universidad de las Artes","description":"Sitio oficial de la Universidad Nacional de las Artes del Ecuador","publisher":{"@id":"https:\/\/www.uartes.edu.ec\/sitio\/fr\/#organization"},"potentialAction":[{"@type":"SearchAction","target":{"@type":"EntryPoint","urlTemplate":"https:\/\/www.uartes.edu.ec\/sitio\/fr\/?s={search_term_string}"},"query-input":{"@type":"PropertyValueSpecification","valueRequired":true,"valueName":"search_term_string"}}],"inLanguage":"fr-FR"},{"@type":"Organization","@id":"https:\/\/www.uartes.edu.ec\/sitio\/fr\/#organization","name":"Universidad de las Artes","url":"https:\/\/www.uartes.edu.ec\/sitio\/fr\/","logo":{"@type":"ImageObject","inLanguage":"fr-FR","@id":"https:\/\/www.uartes.edu.ec\/sitio\/fr\/#\/schema\/logo\/image\/","url":"https:\/\/www.uartes.edu.ec\/sitio\/wp-content\/uploads\/2022\/07\/logo-ua-horizontal.png","contentUrl":"https:\/\/www.uartes.edu.ec\/sitio\/wp-content\/uploads\/2022\/07\/logo-ua-horizontal.png","width":800,"height":276,"caption":"Universidad de las Artes"},"image":{"@id":"https:\/\/www.uartes.edu.ec\/sitio\/fr\/#\/schema\/logo\/image\/"},"sameAs":["https:\/\/www.facebook.com\/uartesec","https:\/\/x.com\/uartesec","https:\/\/www.tiktok.com\/@uartesec"]},{"@type":"Person","@id":"https:\/\/www.uartes.edu.ec\/sitio\/fr\/#\/schema\/person\/efa1b8275797664fd7f13a79ccc0b1f4","name":"ccortez","image":{"@type":"ImageObject","inLanguage":"fr-FR","@id":"https:\/\/secure.gravatar.com\/avatar\/b2a6f664a3ae8e074346ef91775736c5ec479e637ecced6842de9dc98b5da9cd?s=96&d=mm&r=g","url":"https:\/\/secure.gravatar.com\/avatar\/b2a6f664a3ae8e074346ef91775736c5ec479e637ecced6842de9dc98b5da9cd?s=96&d=mm&r=g","contentUrl":"https:\/\/secure.gravatar.com\/avatar\/b2a6f664a3ae8e074346ef91775736c5ec479e637ecced6842de9dc98b5da9cd?s=96&d=mm&r=g","caption":"ccortez"},"url":"https:\/\/www.uartes.edu.ec\/sitio\/fr\/blog\/author\/ccortez\/"}]}},"uagb_featured_image_src":{"full":["https:\/\/www.uartes.edu.ec\/sitio\/wp-content\/uploads\/2025\/12\/Proyecto-Cambiar-tamano-de-imagen-2025-09-27T135808.719-1.jpeg",2000,1333,false],"thumbnail":["https:\/\/www.uartes.edu.ec\/sitio\/wp-content\/uploads\/2025\/12\/Proyecto-Cambiar-tamano-de-imagen-2025-09-27T135808.719-1-150x150.jpeg",150,150,true],"medium":["https:\/\/www.uartes.edu.ec\/sitio\/wp-content\/uploads\/2025\/12\/Proyecto-Cambiar-tamano-de-imagen-2025-09-27T135808.719-1-300x200.jpeg",300,200,true],"medium_large":["https:\/\/www.uartes.edu.ec\/sitio\/wp-content\/uploads\/2025\/12\/Proyecto-Cambiar-tamano-de-imagen-2025-09-27T135808.719-1-768x512.jpeg",768,512,true],"large":["https:\/\/www.uartes.edu.ec\/sitio\/wp-content\/uploads\/2025\/12\/Proyecto-Cambiar-tamano-de-imagen-2025-09-27T135808.719-1-644x429.jpeg",644,429,true],"1536x1536":["https:\/\/www.uartes.edu.ec\/sitio\/wp-content\/uploads\/2025\/12\/Proyecto-Cambiar-tamano-de-imagen-2025-09-27T135808.719-1-1536x1024.jpeg",1536,1024,true],"2048x2048":["https:\/\/www.uartes.edu.ec\/sitio\/wp-content\/uploads\/2025\/12\/Proyecto-Cambiar-tamano-de-imagen-2025-09-27T135808.719-1.jpeg",2000,1333,false],"trp-custom-language-flag":["https:\/\/www.uartes.edu.ec\/sitio\/wp-content\/uploads\/2025\/12\/Proyecto-Cambiar-tamano-de-imagen-2025-09-27T135808.719-1-18x12.jpeg",18,12,true],"htmega_size_585x295":["https:\/\/www.uartes.edu.ec\/sitio\/wp-content\/uploads\/2025\/12\/Proyecto-Cambiar-tamano-de-imagen-2025-09-27T135808.719-1-585x295.jpeg",585,295,true],"htmega_size_1170x536":["https:\/\/www.uartes.edu.ec\/sitio\/wp-content\/uploads\/2025\/12\/Proyecto-Cambiar-tamano-de-imagen-2025-09-27T135808.719-1-1170x536.jpeg",1170,536,true],"htmega_size_396x360":["https:\/\/www.uartes.edu.ec\/sitio\/wp-content\/uploads\/2025\/12\/Proyecto-Cambiar-tamano-de-imagen-2025-09-27T135808.719-1-396x360.jpeg",396,360,true],"gb-block-post-grid-landscape":["https:\/\/www.uartes.edu.ec\/sitio\/wp-content\/uploads\/2025\/12\/Proyecto-Cambiar-tamano-de-imagen-2025-09-27T135808.719-1-600x400.jpeg",600,400,true],"gb-block-post-grid-square":["https:\/\/www.uartes.edu.ec\/sitio\/wp-content\/uploads\/2025\/12\/Proyecto-Cambiar-tamano-de-imagen-2025-09-27T135808.719-1-600x600.jpeg",600,600,true],"university-hub-thumb":["https:\/\/www.uartes.edu.ec\/sitio\/wp-content\/uploads\/2025\/12\/Proyecto-Cambiar-tamano-de-imagen-2025-09-27T135808.719-1-400x267.jpeg",400,267,true]},"uagb_author_info":{"display_name":"ccortez","author_link":"https:\/\/www.uartes.edu.ec\/sitio\/fr\/blog\/author\/ccortez\/"},"uagb_comment_info":0,"uagb_excerpt":"Como un espacio que nutren sus procesos desde la escucha, el di\u00e1logo y el encuentro fue concebida la convocatoria a asamblea semestral de la carrera de Creaci\u00f3n Teatral de la Escuela de Artes Esc\u00e9nicas de la Universidad de las Artes, cuyo representante ante el Consejo Estudiantil (CES) es Jorge Alcoser. En un s\u00edmil de rendici\u00f3n\u2026","featured_image_src":"https:\/\/www.uartes.edu.ec\/sitio\/wp-content\/uploads\/2025\/12\/Proyecto-Cambiar-tamano-de-imagen-2025-09-27T135808.719-1-600x400.jpeg","featured_image_src_square":"https:\/\/www.uartes.edu.ec\/sitio\/wp-content\/uploads\/2025\/12\/Proyecto-Cambiar-tamano-de-imagen-2025-09-27T135808.719-1-600x600.jpeg","author_info":{"display_name":"ccortez","author_link":"https:\/\/www.uartes.edu.ec\/sitio\/fr\/blog\/author\/ccortez\/"},"publishpress_future_workflow_manual_trigger":{"enabledWorkflows":[]},"distributor_meta":false,"distributor_terms":false,"distributor_media":false,"distributor_original_site_name":"Universidad de las Artes","distributor_original_site_url":"https:\/\/www.uartes.edu.ec\/sitio\/fr","push-errors":false,"_links":{"self":[{"href":"https:\/\/www.uartes.edu.ec\/sitio\/fr\/wp-json\/wp\/v2\/posts\/83172","targetHints":{"allow":["GET"]}}],"collection":[{"href":"https:\/\/www.uartes.edu.ec\/sitio\/fr\/wp-json\/wp\/v2\/posts"}],"about":[{"href":"https:\/\/www.uartes.edu.ec\/sitio\/fr\/wp-json\/wp\/v2\/types\/post"}],"author":[{"embeddable":true,"href":"https:\/\/www.uartes.edu.ec\/sitio\/fr\/wp-json\/wp\/v2\/users\/10"}],"replies":[{"embeddable":true,"href":"https:\/\/www.uartes.edu.ec\/sitio\/fr\/wp-json\/wp\/v2\/comments?post=83172"}],"version-history":[{"count":8,"href":"https:\/\/www.uartes.edu.ec\/sitio\/fr\/wp-json\/wp\/v2\/posts\/83172\/revisions"}],"predecessor-version":[{"id":83207,"href":"https:\/\/www.uartes.edu.ec\/sitio\/fr\/wp-json\/wp\/v2\/posts\/83172\/revisions\/83207"}],"wp:featuredmedia":[{"embeddable":true,"href":"https:\/\/www.uartes.edu.ec\/sitio\/fr\/wp-json\/wp\/v2\/media\/83173"}],"wp:attachment":[{"href":"https:\/\/www.uartes.edu.ec\/sitio\/fr\/wp-json\/wp\/v2\/media?parent=83172"}],"wp:term":[{"taxonomy":"category","embeddable":true,"href":"https:\/\/www.uartes.edu.ec\/sitio\/fr\/wp-json\/wp\/v2\/categories?post=83172"},{"taxonomy":"post_tag","embeddable":true,"href":"https:\/\/www.uartes.edu.ec\/sitio\/fr\/wp-json\/wp\/v2\/tags?post=83172"},{"taxonomy":"infouartes","embeddable":true,"href":"https:\/\/www.uartes.edu.ec\/sitio\/fr\/wp-json\/wp\/v2\/infouartes?post=83172"}],"curies":[{"name":"wp","href":"https:\/\/api.w.org\/{rel}","templated":true}]}}