{"id":83248,"date":"2025-12-10T18:20:47","date_gmt":"2025-12-10T23:20:47","guid":{"rendered":"https:\/\/www.uartes.edu.ec\/sitio\/?p=83248"},"modified":"2025-12-11T18:30:08","modified_gmt":"2025-12-11T23:30:08","slug":"taller-sonidos-ancestrales-formo-un-ensamble-de-experimentacion-sonora-y-creo-y-grabo-cinco-obras-acusmaticas","status":"publish","type":"post","link":"https:\/\/www.uartes.edu.ec\/sitio\/fr\/blog\/2025\/12\/10\/taller-sonidos-ancestrales-formo-un-ensamble-de-experimentacion-sonora-y-creo-y-grabo-cinco-obras-acusmaticas\/","title":{"rendered":"Taller \u201cSonidos ancestrales\u201d form\u00f3 un ensamble de experimentaci\u00f3n sonora y cre\u00f3 y grab\u00f3 cinco obras acusm\u00e1ticas"},"content":{"rendered":"<p>Con el objetivo de llevar a los talleristas hacia el aprendizaje sobre la organolog\u00eda de los instrumentos de las culturas ancestrales del Ecuador y a la experimentaci\u00f3n con la creaci\u00f3n sonora de estos, el proyecto de vinculaci\u00f3n con la sociedad Escuela de las Artes de nuestra instituci\u00f3n de educaci\u00f3n superior realiz\u00f3 el taller \u201cSonidos ancestrales, m\u00fasica y sonido con r\u00e9plicas de instrumentos precolombinos\u201d.<\/p>\n\n\n\n<p>Desarrollado en modalidad presencial en el Museo Presley Norton y dictado por el experimentado artista \u00c1lex Hincapi\u00e9, el taller plante\u00f3 como objetivo brindar a los talleristas una experiencia sonora integral que combina observaci\u00f3n, an\u00e1lisis y pr\u00e1ctica art\u00edstica, a partir de una colecci\u00f3n de instrumentos pertenecientes a las culturas ancestrales ecuatorianas.<\/p>\n\n\n\n<p>A trav\u00e9s de la exploraci\u00f3n activa de estos instrumentos, se estimul\u00f3 la creaci\u00f3n de obras sonoras colectivas para grabarlas y posproducirlas como material art\u00edstico derivado del proceso. Una audici\u00f3n grupal abierta con los resultados del trabajo creativo marc\u00f3 el cierre del taller, que en sus sesiones tuvo entre sus temas la exploraci\u00f3n de los instrumentos ancestrales de las culturas milenarias del Ecuador, pr\u00e1ctica de obra en base a creaci\u00f3n con instrumentos ancestrales, performance, grabaci\u00f3n de obra sonora y su socializaci\u00f3n.<\/p>\n\n\n\n<p>Del proceso y sus resultados, \u00c1lex Hincapi\u00e9 destac\u00f3 el trabajo colaborativo entre los participantes del taller, pasantes (estudiantes de la UArtes en sus pr\u00e1cticas preprofesionales), el suyo propio y de la tambi\u00e9n tallerista Gisela Carlos.<\/p>\n\n\n\n<p>Indic\u00f3 que se generaron obras visuales a partir de obras sonoras mediante espectrogramas. Las obras sonoras fueron producidas por los estudiantes Jeremy Sa\u00fal Calder\u00f3n, Christopher Gabriel Silva, H\u00e9ctor Delgado y el propio \u00c1lex Hincapi\u00e9; se basaron en el ensamble de experimentaci\u00f3n sonora conformado por los participantes del taller y dirigido por Silva.<\/p>\n\n\n<div class=\"wp-block-image\">\n<figure class=\"aligncenter size-large\"><img fetchpriority=\"high\" decoding=\"async\" width=\"644\" height=\"429\" src=\"https:\/\/www.uartes.edu.ec\/sitio\/wp-content\/uploads\/2025\/12\/Proyecto-Cambiar-tamano-de-imagen-2025-12-10T135712.398-644x429.jpeg\" alt=\"\" class=\"wp-image-83252\" srcset=\"https:\/\/www.uartes.edu.ec\/sitio\/wp-content\/uploads\/2025\/12\/Proyecto-Cambiar-tamano-de-imagen-2025-12-10T135712.398-644x429.jpeg 644w, https:\/\/www.uartes.edu.ec\/sitio\/wp-content\/uploads\/2025\/12\/Proyecto-Cambiar-tamano-de-imagen-2025-12-10T135712.398-300x200.jpeg 300w, https:\/\/www.uartes.edu.ec\/sitio\/wp-content\/uploads\/2025\/12\/Proyecto-Cambiar-tamano-de-imagen-2025-12-10T135712.398-768x512.jpeg 768w, https:\/\/www.uartes.edu.ec\/sitio\/wp-content\/uploads\/2025\/12\/Proyecto-Cambiar-tamano-de-imagen-2025-12-10T135712.398-1536x1024.jpeg 1536w, https:\/\/www.uartes.edu.ec\/sitio\/wp-content\/uploads\/2025\/12\/Proyecto-Cambiar-tamano-de-imagen-2025-12-10T135712.398-18x12.jpeg 18w, https:\/\/www.uartes.edu.ec\/sitio\/wp-content\/uploads\/2025\/12\/Proyecto-Cambiar-tamano-de-imagen-2025-12-10T135712.398-600x400.jpeg 600w, https:\/\/www.uartes.edu.ec\/sitio\/wp-content\/uploads\/2025\/12\/Proyecto-Cambiar-tamano-de-imagen-2025-12-10T135712.398-400x267.jpeg 400w, https:\/\/www.uartes.edu.ec\/sitio\/wp-content\/uploads\/2025\/12\/Proyecto-Cambiar-tamano-de-imagen-2025-12-10T135712.398.jpeg 2000w\" sizes=\"(max-width: 644px) 100vw, 644px\" \/><\/figure>\n<\/div>\n\n\n<p>\u201cPudimos trabajar con r\u00e9plicas, de los originales. Son botellas Silbato, instrumentos de percusi\u00f3n a manera de tambores de cer\u00e1mica y una especie de <em>shaker<\/em> de cer\u00e1mica tambi\u00e9n, as\u00ed como ocarinas de varios huecos y ocarinas con un solo orificio\u201d, detall\u00f3 Hincapi\u00e9. Explic\u00f3 que con esos materiales se integr\u00f3 con los participantes del taller un ensamble de experimentaci\u00f3n sonora, el cual se plante\u00f3 la historia de los objetos.<\/p>\n\n\n\n<p>Recorrieron el Museo Presley Norton e investigaron los sonidos; c\u00f3mo se produc\u00edan estos con cada una de las botellas mencionadas y otros elementos. \u201cTambi\u00e9n investigamos la historia con etnomusic\u00f3logos, como Schubert Ganchoso; vimos algunos videos de c\u00f3mo ser\u00eda el contexto de estos instrumentos y c\u00f3mo deb\u00edan haber sido utilizados en su antig\u00fcedad\u201d.<\/p>\n\n\n\n<p>El facilitador del proyecto Escuela de las Artes anot\u00f3 que desde el repositorio del Museo Antropol\u00f3gico y de Arte Contempor\u00e1neo (MAAC), donde tambi\u00e9n hay uno de botellas Silbato y cuenta con algunos videos en la plataforma YouTube, pudieron ver c\u00f3mo son las botellas por dentro, c\u00f3mo son sus silbatos y c\u00f3mo fueron construidos. Formado el ensamble de experimentaci\u00f3n sonora fueron experimentando y grabando piezas sonoras con el p\u00fablico y para que tuviera orden, explic\u00f3 Hincapi\u00e9, le pidi\u00f3 a Cristopher Gabriel Silva que lo dirigiera, pues \u00e9l participa en un ensamble de experimentaci\u00f3n sonora en la UArtes.<\/p>\n\n\n\n<p>Otro de los estudiantes que realiza sus pr\u00e1cticas preprofesionales en la Escuela de las Artes hizo una partitura acusm\u00e1tica de la obra que iban generando y fueron armando el ensamble de m\u00fasica experimental. \u201cEn cada sesi\u00f3n grabamos una pista de audio de lo que sonaba y esa pista se la entregaba a cada pasante para que produjera una obra acusm\u00e1tica a partir de ese <em>track<\/em> de audio grabado con las botellas Silbato\u201d.<\/p>\n\n\n\n<p>Manifest\u00f3 que a trav\u00e9s de esa transformaci\u00f3n el audio no sali\u00f3 puro, sino que se hizo tambi\u00e9n un proceso de s\u00edntesis de los sonidos ancestrales y se utilizaron paisajes sonoros para generar cada una de las obras acusm\u00e1ticas. \u201cEste proceso lo fui guiando e hice dos de las obras y tres de los pasantes hicieron las suyas\u201d, detall\u00f3 Hincapi\u00e9.<\/p>\n\n\n\t\t\t\t\t<div\n\t\t\t\t\t\tclass=\"wp-block-uagb-image-gallery uagb-block-36d05097\"\n\t\t\t\t\t\tstyle=\"\"\n\t\t\t\t\t>\n\t\t\t\t\t\t\t\t\t\t\t<div class=\"spectra-image-gallery spectra-image-gallery__layout--masonry spectra-image-gallery__layout--masonry-col-2 spectra-image-gallery__layout--masonry-col-tab-3 spectra-image-gallery__layout--masonry-col-mob-2\">\n\t\t\t\t\t\t\t\t\t\t\t<div class='spectra-image-gallery__media-wrapper--isotope'>\n\t\t\t\t\t\t\t<div class='spectra-image-gallery__media-wrapper' data-spectra-gallery-image-id='83251' tabindex=\"0\">\n\t\t\t\t\t\t\t<div class=\"spectra-image-gallery__media spectra-image-gallery__media--masonry\">\n\t\t\t\t<picture>\n\t\t\t\t\t<source media=\"(min-width: 1024px)\" srcset=\"https:\/\/www.uartes.edu.ec\/sitio\/wp-content\/uploads\/2025\/12\/Proyecto-Cambiar-tamano-de-imagen-2025-12-10T135548.035-644x429.jpeg\">\n\t\t\t\t\t<source media=\"(min-width: 768px)\" srcset=\"https:\/\/www.uartes.edu.ec\/sitio\/wp-content\/uploads\/2025\/12\/Proyecto-Cambiar-tamano-de-imagen-2025-12-10T135548.035-644x429.jpeg\">\n\t\t\t\t\t<img decoding=\"async\" class=\"spectra-image-gallery__media-thumbnail spectra-image-gallery__media-thumbnail--masonry\" src=\"https:\/\/www.uartes.edu.ec\/sitio\/wp-content\/uploads\/2025\/12\/Proyecto-Cambiar-tamano-de-imagen-2025-12-10T135548.035-300x200.jpeg\" alt=\"\" loading=\"lazy\" \/>\n\t\t\t\t<\/picture>\n\t\t\t\t<div class=\"spectra-image-gallery__media-thumbnail-blurrer\"><\/div>\n\t\t\t\t\t\t\t\t\t\t\t<div class=\"spectra-image-gallery__media-thumbnail-caption-wrapper spectra-image-gallery__media-thumbnail-caption-wrapper--overlay\">\n\t\t\t\t\t\t\t\t\t\t\t<div class=\"spectra-image-gallery__media-thumbnail-caption spectra-image-gallery__media-thumbnail-caption--overlay\">\n\t\t\t\t\tAucune l\u00e9gende\t\t\t\t<\/div>\n\t\t\t\t\t\t\t\t\t\t<\/div>\n\t\t\t\t\t\t\t\t\t<\/div>\n\t\t\t\t\t\t<\/div>\n\t\t\t\t\t\t<\/div>\n\t\t\t\t\t\t<div class='spectra-image-gallery__media-wrapper--isotope'>\n\t\t\t\t\t\t\t<div class='spectra-image-gallery__media-wrapper' data-spectra-gallery-image-id='83250' tabindex=\"0\">\n\t\t\t\t\t\t\t<div class=\"spectra-image-gallery__media spectra-image-gallery__media--masonry\">\n\t\t\t\t<picture>\n\t\t\t\t\t<source media=\"(min-width: 1024px)\" srcset=\"https:\/\/www.uartes.edu.ec\/sitio\/wp-content\/uploads\/2025\/12\/Proyecto-Cambiar-tamano-de-imagen-2025-12-10T134605.995-644x429.jpeg\">\n\t\t\t\t\t<source media=\"(min-width: 768px)\" srcset=\"https:\/\/www.uartes.edu.ec\/sitio\/wp-content\/uploads\/2025\/12\/Proyecto-Cambiar-tamano-de-imagen-2025-12-10T134605.995-644x429.jpeg\">\n\t\t\t\t\t<img decoding=\"async\" class=\"spectra-image-gallery__media-thumbnail spectra-image-gallery__media-thumbnail--masonry\" src=\"https:\/\/www.uartes.edu.ec\/sitio\/wp-content\/uploads\/2025\/12\/Proyecto-Cambiar-tamano-de-imagen-2025-12-10T134605.995-300x200.jpeg\" alt=\"\" loading=\"lazy\" \/>\n\t\t\t\t<\/picture>\n\t\t\t\t<div class=\"spectra-image-gallery__media-thumbnail-blurrer\"><\/div>\n\t\t\t\t\t\t\t\t\t\t\t<div class=\"spectra-image-gallery__media-thumbnail-caption-wrapper spectra-image-gallery__media-thumbnail-caption-wrapper--overlay\">\n\t\t\t\t\t\t\t\t\t\t\t<div class=\"spectra-image-gallery__media-thumbnail-caption spectra-image-gallery__media-thumbnail-caption--overlay\">\n\t\t\t\t\tAucune l\u00e9gende\t\t\t\t<\/div>\n\t\t\t\t\t\t\t\t\t\t<\/div>\n\t\t\t\t\t\t\t\t\t<\/div>\n\t\t\t\t\t\t<\/div>\n\t\t\t\t\t\t<\/div>\n\t\t\t\t\t\t\t\t\t\t<\/div>\n\t\t\t\t\t\t\t\t\t\t\t\t\t\t\t\t\t\t<\/div>\n\t\t\t\t\t\t\t\t\t\n\n\n<p><\/p>\n\n\n\n<p>A\u00f1adi\u00f3 el tallerista que con este material se generaron cinco obras acusm\u00e1ticas, que son las grabaciones del ensamble de m\u00fasica experimental con instrumentos precolombinos, sintetizadas mediante programas de manipulaci\u00f3n y edici\u00f3n musical, que se llaman DAW musical, y agregaron paisajes sonoros. \u201cGeneramos un peque\u00f1o \u00e1lbum de cinco canciones, cinco piezas sonoras de m\u00fasica colaborativa. Despu\u00e9s, estas m\u00fasicas, cada <em>track<\/em> de audio, se pas\u00f3 por un espectrograma que hace un an\u00e1lisis exacto y t\u00e9cnico de una onda sonora\u201d.<\/p>\n\n\n\n<p>\u201cCuando pasamos cada canci\u00f3n y pieza sonora por el espectrograma se genera una imagen que es exactamente un mapa de los hercios por segundo, o sea, los <em>hertz <\/em>musicales en un plano contrapuesto con el tiempo. De manera vertical est\u00e1n los hercios en el gr\u00e1fico y de manera horizontal, el tiempo\u201d. Lo producido, agreg\u00f3 Hincapi\u00e9, se hizo con el programa <em>Sonic Visualizer<\/em> y a partir de all\u00ed se generaron las obras visuales. Hay cinco im\u00e1genes, cada una corresponde a la obra sonora del disco. (hercios o <em>hertz:<\/em> unidad para medir la frecuencia).<\/p>\n\n\n\n<p>En el cierre del taller \u201cSonidos ancestrales\u201d, las obras visuales fueron presentadas en el Museo Presley Norton y junto, un c\u00f3digo QR que al ser escaneado permite escuchar el audio de la obra visual en menci\u00f3n. \u201cLas obras gr\u00e1ficas hechas a trav\u00e9s de los espectrogramas y que corresponden a sus respectivos audios son expuestas con un c\u00f3digo QR, que al escanearlo asocia la obra sonora correspondiente a la obra gr\u00e1fica expuesta\u201d, explic\u00f3.<\/p>\n\n\n\n<p>Este resultado, de ver la m\u00fasica dibujada en el espectrograma y escucharla de manera cient\u00edfica, se podr\u00e1 experimentar este s\u00e1bado 13 de diciembre en la jornada art\u00edstica que marcar\u00e1 el t\u00e9rmino del ciclo de talleres desarrollados durante el presente a\u00f1o, como parte del proyecto de vinculaci\u00f3n. Ser\u00e1 a partir de las 10:00, en la Plaza P\u00fablica del MZ14 Centro de Producci\u00f3n e Innovaci\u00f3n UArtes.<\/p>\n\n\n\n<p>Al final del taller, \u00c1lex Hincapi\u00e9 y los participantes del taller que dict\u00f3 hicieron un \u201cen vivo\u201d del concierto de m\u00fasica del Ensamble Experimental con Instrumentos Precolombinos. Todos tocaron: los talleristas, pasantes y el p\u00fablico que acudi\u00f3, generando una pieza sonora mixta con instrumentos precolombinos y tradicionales. Junto a Evelyn Mor\u00e1n y Gisela Cantos, el facilitador brind\u00f3 un concierto did\u00e1ctico como un obsequio a quienes participaron en el taller.<\/p>","protected":false},"excerpt":{"rendered":"<p>El taller \u201cSonidos ancestrales\u201d del proyecto de v\u00ednculo Escuela de las Artes concluy\u00f3 sus sesiones, desarrolladas en el Museo Presley Norton, con la formaci\u00f3n de un ensamble de experimentaci\u00f3n sonora y la creaci\u00f3n y grabaci\u00f3n de cinco obras acusm\u00e1ticas. Estos resultados fueron presentados con un concierto y una muestra por su facilitador, \u00c1lex Hincapi\u00e9, estudiantes UArtes en PPP y sus participantes. <\/p>","protected":false},"author":10,"featured_media":83249,"comment_status":"open","ping_status":"open","sticky":false,"template":"","format":"standard","meta":{"_acf_changed":false,"_uag_custom_page_level_css":"","_monsterinsights_skip_tracking":false,"_monsterinsights_sitenote_active":false,"_monsterinsights_sitenote_note":"","_monsterinsights_sitenote_category":0,"cybocfi_hide_featured_image":"","footnotes":""},"categories":[82,79],"tags":[540],"infouartes":[],"class_list":["post-83248","post","type-post","status-publish","format-standard","has-post-thumbnail","hentry","category-artes","category-vinculo","tag-proyecto"],"acf":[],"yoast_head":"<!-- This site is optimized with the Yoast SEO plugin v27.4 - https:\/\/yoast.com\/product\/yoast-seo-wordpress\/ -->\n<title>Universidad de las Artes - Taller \u201cSonidos ancestrales\u201d form\u00f3 un ensamble de experimentaci\u00f3n sonora y cre\u00f3 y grab\u00f3 cinco obras acusm\u00e1ticas<\/title>\n<meta name=\"description\" content=\"Universidad de las Artes - Taller \u201cSonidos ancestrales\u201d form\u00f3 un ensamble de experimentaci\u00f3n sonora y cre\u00f3 y grab\u00f3 cinco obras acusm\u00e1ticas\" \/>\n<meta name=\"robots\" content=\"index, follow, max-snippet:-1, max-image-preview:large, max-video-preview:-1\" \/>\n<link rel=\"canonical\" href=\"https:\/\/www.uartes.edu.ec\/sitio\/fr\/blog\/2025\/12\/10\/taller-sonidos-ancestrales-formo-un-ensamble-de-experimentacion-sonora-y-creo-y-grabo-cinco-obras-acusmaticas\/\" \/>\n<meta property=\"og:locale\" content=\"fr_FR\" \/>\n<meta property=\"og:type\" content=\"article\" \/>\n<meta property=\"og:title\" content=\"Universidad de las Artes - Taller \u201cSonidos ancestrales\u201d form\u00f3 un ensamble de experimentaci\u00f3n sonora y cre\u00f3 y grab\u00f3 cinco obras acusm\u00e1ticas\" \/>\n<meta property=\"og:description\" content=\"Universidad de las Artes - Taller \u201cSonidos ancestrales\u201d form\u00f3 un ensamble de experimentaci\u00f3n sonora y cre\u00f3 y grab\u00f3 cinco obras acusm\u00e1ticas\" \/>\n<meta property=\"og:url\" content=\"https:\/\/www.uartes.edu.ec\/sitio\/fr\/blog\/2025\/12\/10\/taller-sonidos-ancestrales-formo-un-ensamble-de-experimentacion-sonora-y-creo-y-grabo-cinco-obras-acusmaticas\/\" \/>\n<meta property=\"og:site_name\" content=\"Universidad de las Artes\" \/>\n<meta property=\"article:publisher\" content=\"https:\/\/www.facebook.com\/uartesec\" \/>\n<meta property=\"article:published_time\" content=\"2025-12-10T23:20:47+00:00\" \/>\n<meta property=\"article:modified_time\" content=\"2025-12-11T23:30:08+00:00\" \/>\n<meta property=\"og:image\" content=\"https:\/\/www.uartes.edu.ec\/sitio\/wp-content\/uploads\/2025\/12\/Proyecto-Cambiar-tamano-de-imagen-2025-12-10T135930.005.jpeg\" \/>\n\t<meta property=\"og:image:width\" content=\"2000\" \/>\n\t<meta property=\"og:image:height\" content=\"1333\" \/>\n\t<meta property=\"og:image:type\" content=\"image\/jpeg\" \/>\n<meta name=\"author\" content=\"ccortez\" \/>\n<meta name=\"twitter:card\" content=\"summary_large_image\" \/>\n<meta name=\"twitter:creator\" content=\"@uartesec\" \/>\n<meta name=\"twitter:site\" content=\"@uartesec\" \/>\n<meta name=\"twitter:label1\" content=\"\u00c9crit par\" \/>\n\t<meta name=\"twitter:data1\" content=\"ccortez\" \/>\n\t<meta name=\"twitter:label2\" content=\"Dur\u00e9e de lecture estim\u00e9e\" \/>\n\t<meta name=\"twitter:data2\" content=\"5 minutes\" \/>\n<script type=\"application\/ld+json\" class=\"yoast-schema-graph\">{\"@context\":\"https:\\\/\\\/schema.org\",\"@graph\":[{\"@type\":\"Article\",\"@id\":\"https:\\\/\\\/www.uartes.edu.ec\\\/sitio\\\/fr\\\/blog\\\/2025\\\/12\\\/10\\\/taller-sonidos-ancestrales-formo-un-ensamble-de-experimentacion-sonora-y-creo-y-grabo-cinco-obras-acusmaticas\\\/#article\",\"isPartOf\":{\"@id\":\"https:\\\/\\\/www.uartes.edu.ec\\\/sitio\\\/fr\\\/blog\\\/2025\\\/12\\\/10\\\/taller-sonidos-ancestrales-formo-un-ensamble-de-experimentacion-sonora-y-creo-y-grabo-cinco-obras-acusmaticas\\\/\"},\"author\":{\"name\":\"ccortez\",\"@id\":\"https:\\\/\\\/www.uartes.edu.ec\\\/sitio\\\/fr\\\/#\\\/schema\\\/person\\\/efa1b8275797664fd7f13a79ccc0b1f4\"},\"headline\":\"Taller \u201cSonidos ancestrales\u201d form\u00f3 un ensamble de experimentaci\u00f3n sonora y cre\u00f3 y grab\u00f3 cinco obras acusm\u00e1ticas\",\"datePublished\":\"2025-12-10T23:20:47+00:00\",\"dateModified\":\"2025-12-11T23:30:08+00:00\",\"mainEntityOfPage\":{\"@id\":\"https:\\\/\\\/www.uartes.edu.ec\\\/sitio\\\/fr\\\/blog\\\/2025\\\/12\\\/10\\\/taller-sonidos-ancestrales-formo-un-ensamble-de-experimentacion-sonora-y-creo-y-grabo-cinco-obras-acusmaticas\\\/\"},\"wordCount\":1114,\"commentCount\":0,\"publisher\":{\"@id\":\"https:\\\/\\\/www.uartes.edu.ec\\\/sitio\\\/fr\\\/#organization\"},\"image\":{\"@id\":\"https:\\\/\\\/www.uartes.edu.ec\\\/sitio\\\/fr\\\/blog\\\/2025\\\/12\\\/10\\\/taller-sonidos-ancestrales-formo-un-ensamble-de-experimentacion-sonora-y-creo-y-grabo-cinco-obras-acusmaticas\\\/#primaryimage\"},\"thumbnailUrl\":\"https:\\\/\\\/www.uartes.edu.ec\\\/sitio\\\/wp-content\\\/uploads\\\/2025\\\/12\\\/Proyecto-Cambiar-tamano-de-imagen-2025-12-10T135930.005.jpeg\",\"keywords\":[\"proyecto\"],\"articleSection\":[\"Artes\",\"V\u00ednculo\"],\"inLanguage\":\"fr-FR\",\"potentialAction\":[{\"@type\":\"CommentAction\",\"name\":\"Comment\",\"target\":[\"https:\\\/\\\/www.uartes.edu.ec\\\/sitio\\\/fr\\\/blog\\\/2025\\\/12\\\/10\\\/taller-sonidos-ancestrales-formo-un-ensamble-de-experimentacion-sonora-y-creo-y-grabo-cinco-obras-acusmaticas\\\/#respond\"]}]},{\"@type\":[\"WebPage\",\"ItemPage\"],\"@id\":\"https:\\\/\\\/www.uartes.edu.ec\\\/sitio\\\/fr\\\/blog\\\/2025\\\/12\\\/10\\\/taller-sonidos-ancestrales-formo-un-ensamble-de-experimentacion-sonora-y-creo-y-grabo-cinco-obras-acusmaticas\\\/\",\"url\":\"https:\\\/\\\/www.uartes.edu.ec\\\/sitio\\\/fr\\\/blog\\\/2025\\\/12\\\/10\\\/taller-sonidos-ancestrales-formo-un-ensamble-de-experimentacion-sonora-y-creo-y-grabo-cinco-obras-acusmaticas\\\/\",\"name\":\"Universidad de las Artes - Taller \u201cSonidos ancestrales\u201d form\u00f3 un ensamble de experimentaci\u00f3n sonora y cre\u00f3 y grab\u00f3 cinco obras acusm\u00e1ticas\",\"isPartOf\":{\"@id\":\"https:\\\/\\\/www.uartes.edu.ec\\\/sitio\\\/fr\\\/#website\"},\"primaryImageOfPage\":{\"@id\":\"https:\\\/\\\/www.uartes.edu.ec\\\/sitio\\\/fr\\\/blog\\\/2025\\\/12\\\/10\\\/taller-sonidos-ancestrales-formo-un-ensamble-de-experimentacion-sonora-y-creo-y-grabo-cinco-obras-acusmaticas\\\/#primaryimage\"},\"image\":{\"@id\":\"https:\\\/\\\/www.uartes.edu.ec\\\/sitio\\\/fr\\\/blog\\\/2025\\\/12\\\/10\\\/taller-sonidos-ancestrales-formo-un-ensamble-de-experimentacion-sonora-y-creo-y-grabo-cinco-obras-acusmaticas\\\/#primaryimage\"},\"thumbnailUrl\":\"https:\\\/\\\/www.uartes.edu.ec\\\/sitio\\\/wp-content\\\/uploads\\\/2025\\\/12\\\/Proyecto-Cambiar-tamano-de-imagen-2025-12-10T135930.005.jpeg\",\"datePublished\":\"2025-12-10T23:20:47+00:00\",\"dateModified\":\"2025-12-11T23:30:08+00:00\",\"description\":\"Universidad de las Artes - Taller \u201cSonidos ancestrales\u201d form\u00f3 un ensamble de experimentaci\u00f3n sonora y cre\u00f3 y grab\u00f3 cinco obras acusm\u00e1ticas\",\"breadcrumb\":{\"@id\":\"https:\\\/\\\/www.uartes.edu.ec\\\/sitio\\\/fr\\\/blog\\\/2025\\\/12\\\/10\\\/taller-sonidos-ancestrales-formo-un-ensamble-de-experimentacion-sonora-y-creo-y-grabo-cinco-obras-acusmaticas\\\/#breadcrumb\"},\"inLanguage\":\"fr-FR\",\"potentialAction\":[{\"@type\":\"ReadAction\",\"target\":[\"https:\\\/\\\/www.uartes.edu.ec\\\/sitio\\\/fr\\\/blog\\\/2025\\\/12\\\/10\\\/taller-sonidos-ancestrales-formo-un-ensamble-de-experimentacion-sonora-y-creo-y-grabo-cinco-obras-acusmaticas\\\/\"]}]},{\"@type\":\"ImageObject\",\"inLanguage\":\"fr-FR\",\"@id\":\"https:\\\/\\\/www.uartes.edu.ec\\\/sitio\\\/fr\\\/blog\\\/2025\\\/12\\\/10\\\/taller-sonidos-ancestrales-formo-un-ensamble-de-experimentacion-sonora-y-creo-y-grabo-cinco-obras-acusmaticas\\\/#primaryimage\",\"url\":\"https:\\\/\\\/www.uartes.edu.ec\\\/sitio\\\/wp-content\\\/uploads\\\/2025\\\/12\\\/Proyecto-Cambiar-tamano-de-imagen-2025-12-10T135930.005.jpeg\",\"contentUrl\":\"https:\\\/\\\/www.uartes.edu.ec\\\/sitio\\\/wp-content\\\/uploads\\\/2025\\\/12\\\/Proyecto-Cambiar-tamano-de-imagen-2025-12-10T135930.005.jpeg\",\"width\":2000,\"height\":1333},{\"@type\":\"BreadcrumbList\",\"@id\":\"https:\\\/\\\/www.uartes.edu.ec\\\/sitio\\\/fr\\\/blog\\\/2025\\\/12\\\/10\\\/taller-sonidos-ancestrales-formo-un-ensamble-de-experimentacion-sonora-y-creo-y-grabo-cinco-obras-acusmaticas\\\/#breadcrumb\",\"itemListElement\":[{\"@type\":\"ListItem\",\"position\":1,\"name\":\"Inicio\",\"item\":\"https:\\\/\\\/www.uartes.edu.ec\\\/sitio\\\/\"},{\"@type\":\"ListItem\",\"position\":2,\"name\":\"Taller \u201cSonidos ancestrales\u201d form\u00f3 un ensamble de experimentaci\u00f3n sonora y cre\u00f3 y grab\u00f3 cinco obras acusm\u00e1ticas\"}]},{\"@type\":\"WebSite\",\"@id\":\"https:\\\/\\\/www.uartes.edu.ec\\\/sitio\\\/fr\\\/#website\",\"url\":\"https:\\\/\\\/www.uartes.edu.ec\\\/sitio\\\/fr\\\/\",\"name\":\"Universidad de las Artes\",\"description\":\"Sitio oficial de la Universidad Nacional de las Artes del Ecuador\",\"publisher\":{\"@id\":\"https:\\\/\\\/www.uartes.edu.ec\\\/sitio\\\/fr\\\/#organization\"},\"potentialAction\":[{\"@type\":\"SearchAction\",\"target\":{\"@type\":\"EntryPoint\",\"urlTemplate\":\"https:\\\/\\\/www.uartes.edu.ec\\\/sitio\\\/fr\\\/?s={search_term_string}\"},\"query-input\":{\"@type\":\"PropertyValueSpecification\",\"valueRequired\":true,\"valueName\":\"search_term_string\"}}],\"inLanguage\":\"fr-FR\"},{\"@type\":\"Organization\",\"@id\":\"https:\\\/\\\/www.uartes.edu.ec\\\/sitio\\\/fr\\\/#organization\",\"name\":\"Universidad de las Artes\",\"url\":\"https:\\\/\\\/www.uartes.edu.ec\\\/sitio\\\/fr\\\/\",\"logo\":{\"@type\":\"ImageObject\",\"inLanguage\":\"fr-FR\",\"@id\":\"https:\\\/\\\/www.uartes.edu.ec\\\/sitio\\\/fr\\\/#\\\/schema\\\/logo\\\/image\\\/\",\"url\":\"https:\\\/\\\/www.uartes.edu.ec\\\/sitio\\\/wp-content\\\/uploads\\\/2022\\\/07\\\/logo-ua-horizontal.png\",\"contentUrl\":\"https:\\\/\\\/www.uartes.edu.ec\\\/sitio\\\/wp-content\\\/uploads\\\/2022\\\/07\\\/logo-ua-horizontal.png\",\"width\":800,\"height\":276,\"caption\":\"Universidad de las Artes\"},\"image\":{\"@id\":\"https:\\\/\\\/www.uartes.edu.ec\\\/sitio\\\/fr\\\/#\\\/schema\\\/logo\\\/image\\\/\"},\"sameAs\":[\"https:\\\/\\\/www.facebook.com\\\/uartesec\",\"https:\\\/\\\/x.com\\\/uartesec\",\"https:\\\/\\\/www.tiktok.com\\\/@uartesec\"]},{\"@type\":\"Person\",\"@id\":\"https:\\\/\\\/www.uartes.edu.ec\\\/sitio\\\/fr\\\/#\\\/schema\\\/person\\\/efa1b8275797664fd7f13a79ccc0b1f4\",\"name\":\"ccortez\",\"image\":{\"@type\":\"ImageObject\",\"inLanguage\":\"fr-FR\",\"@id\":\"https:\\\/\\\/secure.gravatar.com\\\/avatar\\\/b2a6f664a3ae8e074346ef91775736c5ec479e637ecced6842de9dc98b5da9cd?s=96&d=mm&r=g\",\"url\":\"https:\\\/\\\/secure.gravatar.com\\\/avatar\\\/b2a6f664a3ae8e074346ef91775736c5ec479e637ecced6842de9dc98b5da9cd?s=96&d=mm&r=g\",\"contentUrl\":\"https:\\\/\\\/secure.gravatar.com\\\/avatar\\\/b2a6f664a3ae8e074346ef91775736c5ec479e637ecced6842de9dc98b5da9cd?s=96&d=mm&r=g\",\"caption\":\"ccortez\"},\"url\":\"https:\\\/\\\/www.uartes.edu.ec\\\/sitio\\\/fr\\\/blog\\\/author\\\/ccortez\\\/\"}]}<\/script>\n<!-- \/ Yoast SEO plugin. -->","yoast_head_json":{"title":"Universidad de las Artes - Taller \u201cSonidos ancestrales\u201d form\u00f3 un ensamble de experimentaci\u00f3n sonora y cre\u00f3 y grab\u00f3 cinco obras acusm\u00e1ticas","description":"Universidad de las Artes - Taller \u201cSonidos ancestrales\u201d form\u00f3 un ensamble de experimentaci\u00f3n sonora y cre\u00f3 y grab\u00f3 cinco obras acusm\u00e1ticas","robots":{"index":"index","follow":"follow","max-snippet":"max-snippet:-1","max-image-preview":"max-image-preview:large","max-video-preview":"max-video-preview:-1"},"canonical":"https:\/\/www.uartes.edu.ec\/sitio\/fr\/blog\/2025\/12\/10\/taller-sonidos-ancestrales-formo-un-ensamble-de-experimentacion-sonora-y-creo-y-grabo-cinco-obras-acusmaticas\/","og_locale":"fr_FR","og_type":"article","og_title":"Universidad de las Artes - Taller \u201cSonidos ancestrales\u201d form\u00f3 un ensamble de experimentaci\u00f3n sonora y cre\u00f3 y grab\u00f3 cinco obras acusm\u00e1ticas","og_description":"Universidad de las Artes - Taller \u201cSonidos ancestrales\u201d form\u00f3 un ensamble de experimentaci\u00f3n sonora y cre\u00f3 y grab\u00f3 cinco obras acusm\u00e1ticas","og_url":"https:\/\/www.uartes.edu.ec\/sitio\/fr\/blog\/2025\/12\/10\/taller-sonidos-ancestrales-formo-un-ensamble-de-experimentacion-sonora-y-creo-y-grabo-cinco-obras-acusmaticas\/","og_site_name":"Universidad de las Artes","article_publisher":"https:\/\/www.facebook.com\/uartesec","article_published_time":"2025-12-10T23:20:47+00:00","article_modified_time":"2025-12-11T23:30:08+00:00","og_image":[{"width":2000,"height":1333,"url":"https:\/\/www.uartes.edu.ec\/sitio\/wp-content\/uploads\/2025\/12\/Proyecto-Cambiar-tamano-de-imagen-2025-12-10T135930.005.jpeg","type":"image\/jpeg"}],"author":"ccortez","twitter_card":"summary_large_image","twitter_creator":"@uartesec","twitter_site":"@uartesec","twitter_misc":{"\u00c9crit par":"ccortez","Dur\u00e9e de lecture estim\u00e9e":"5 minutes"},"schema":{"@context":"https:\/\/schema.org","@graph":[{"@type":"Article","@id":"https:\/\/www.uartes.edu.ec\/sitio\/fr\/blog\/2025\/12\/10\/taller-sonidos-ancestrales-formo-un-ensamble-de-experimentacion-sonora-y-creo-y-grabo-cinco-obras-acusmaticas\/#article","isPartOf":{"@id":"https:\/\/www.uartes.edu.ec\/sitio\/fr\/blog\/2025\/12\/10\/taller-sonidos-ancestrales-formo-un-ensamble-de-experimentacion-sonora-y-creo-y-grabo-cinco-obras-acusmaticas\/"},"author":{"name":"ccortez","@id":"https:\/\/www.uartes.edu.ec\/sitio\/fr\/#\/schema\/person\/efa1b8275797664fd7f13a79ccc0b1f4"},"headline":"Taller \u201cSonidos ancestrales\u201d form\u00f3 un ensamble de experimentaci\u00f3n sonora y cre\u00f3 y grab\u00f3 cinco obras acusm\u00e1ticas","datePublished":"2025-12-10T23:20:47+00:00","dateModified":"2025-12-11T23:30:08+00:00","mainEntityOfPage":{"@id":"https:\/\/www.uartes.edu.ec\/sitio\/fr\/blog\/2025\/12\/10\/taller-sonidos-ancestrales-formo-un-ensamble-de-experimentacion-sonora-y-creo-y-grabo-cinco-obras-acusmaticas\/"},"wordCount":1114,"commentCount":0,"publisher":{"@id":"https:\/\/www.uartes.edu.ec\/sitio\/fr\/#organization"},"image":{"@id":"https:\/\/www.uartes.edu.ec\/sitio\/fr\/blog\/2025\/12\/10\/taller-sonidos-ancestrales-formo-un-ensamble-de-experimentacion-sonora-y-creo-y-grabo-cinco-obras-acusmaticas\/#primaryimage"},"thumbnailUrl":"https:\/\/www.uartes.edu.ec\/sitio\/wp-content\/uploads\/2025\/12\/Proyecto-Cambiar-tamano-de-imagen-2025-12-10T135930.005.jpeg","keywords":["proyecto"],"articleSection":["Artes","V\u00ednculo"],"inLanguage":"fr-FR","potentialAction":[{"@type":"CommentAction","name":"Comment","target":["https:\/\/www.uartes.edu.ec\/sitio\/fr\/blog\/2025\/12\/10\/taller-sonidos-ancestrales-formo-un-ensamble-de-experimentacion-sonora-y-creo-y-grabo-cinco-obras-acusmaticas\/#respond"]}]},{"@type":["WebPage","ItemPage"],"@id":"https:\/\/www.uartes.edu.ec\/sitio\/fr\/blog\/2025\/12\/10\/taller-sonidos-ancestrales-formo-un-ensamble-de-experimentacion-sonora-y-creo-y-grabo-cinco-obras-acusmaticas\/","url":"https:\/\/www.uartes.edu.ec\/sitio\/fr\/blog\/2025\/12\/10\/taller-sonidos-ancestrales-formo-un-ensamble-de-experimentacion-sonora-y-creo-y-grabo-cinco-obras-acusmaticas\/","name":"Universidad de las Artes - Taller \u201cSonidos ancestrales\u201d form\u00f3 un ensamble de experimentaci\u00f3n sonora y cre\u00f3 y grab\u00f3 cinco obras acusm\u00e1ticas","isPartOf":{"@id":"https:\/\/www.uartes.edu.ec\/sitio\/fr\/#website"},"primaryImageOfPage":{"@id":"https:\/\/www.uartes.edu.ec\/sitio\/fr\/blog\/2025\/12\/10\/taller-sonidos-ancestrales-formo-un-ensamble-de-experimentacion-sonora-y-creo-y-grabo-cinco-obras-acusmaticas\/#primaryimage"},"image":{"@id":"https:\/\/www.uartes.edu.ec\/sitio\/fr\/blog\/2025\/12\/10\/taller-sonidos-ancestrales-formo-un-ensamble-de-experimentacion-sonora-y-creo-y-grabo-cinco-obras-acusmaticas\/#primaryimage"},"thumbnailUrl":"https:\/\/www.uartes.edu.ec\/sitio\/wp-content\/uploads\/2025\/12\/Proyecto-Cambiar-tamano-de-imagen-2025-12-10T135930.005.jpeg","datePublished":"2025-12-10T23:20:47+00:00","dateModified":"2025-12-11T23:30:08+00:00","description":"Universidad de las Artes - Taller \u201cSonidos ancestrales\u201d form\u00f3 un ensamble de experimentaci\u00f3n sonora y cre\u00f3 y grab\u00f3 cinco obras acusm\u00e1ticas","breadcrumb":{"@id":"https:\/\/www.uartes.edu.ec\/sitio\/fr\/blog\/2025\/12\/10\/taller-sonidos-ancestrales-formo-un-ensamble-de-experimentacion-sonora-y-creo-y-grabo-cinco-obras-acusmaticas\/#breadcrumb"},"inLanguage":"fr-FR","potentialAction":[{"@type":"ReadAction","target":["https:\/\/www.uartes.edu.ec\/sitio\/fr\/blog\/2025\/12\/10\/taller-sonidos-ancestrales-formo-un-ensamble-de-experimentacion-sonora-y-creo-y-grabo-cinco-obras-acusmaticas\/"]}]},{"@type":"ImageObject","inLanguage":"fr-FR","@id":"https:\/\/www.uartes.edu.ec\/sitio\/fr\/blog\/2025\/12\/10\/taller-sonidos-ancestrales-formo-un-ensamble-de-experimentacion-sonora-y-creo-y-grabo-cinco-obras-acusmaticas\/#primaryimage","url":"https:\/\/www.uartes.edu.ec\/sitio\/wp-content\/uploads\/2025\/12\/Proyecto-Cambiar-tamano-de-imagen-2025-12-10T135930.005.jpeg","contentUrl":"https:\/\/www.uartes.edu.ec\/sitio\/wp-content\/uploads\/2025\/12\/Proyecto-Cambiar-tamano-de-imagen-2025-12-10T135930.005.jpeg","width":2000,"height":1333},{"@type":"BreadcrumbList","@id":"https:\/\/www.uartes.edu.ec\/sitio\/fr\/blog\/2025\/12\/10\/taller-sonidos-ancestrales-formo-un-ensamble-de-experimentacion-sonora-y-creo-y-grabo-cinco-obras-acusmaticas\/#breadcrumb","itemListElement":[{"@type":"ListItem","position":1,"name":"Inicio","item":"https:\/\/www.uartes.edu.ec\/sitio\/"},{"@type":"ListItem","position":2,"name":"Taller \u201cSonidos ancestrales\u201d form\u00f3 un ensamble de experimentaci\u00f3n sonora y cre\u00f3 y grab\u00f3 cinco obras acusm\u00e1ticas"}]},{"@type":"WebSite","@id":"https:\/\/www.uartes.edu.ec\/sitio\/fr\/#website","url":"https:\/\/www.uartes.edu.ec\/sitio\/fr\/","name":"Universidad de las Artes","description":"Sitio oficial de la Universidad Nacional de las Artes del Ecuador","publisher":{"@id":"https:\/\/www.uartes.edu.ec\/sitio\/fr\/#organization"},"potentialAction":[{"@type":"SearchAction","target":{"@type":"EntryPoint","urlTemplate":"https:\/\/www.uartes.edu.ec\/sitio\/fr\/?s={search_term_string}"},"query-input":{"@type":"PropertyValueSpecification","valueRequired":true,"valueName":"search_term_string"}}],"inLanguage":"fr-FR"},{"@type":"Organization","@id":"https:\/\/www.uartes.edu.ec\/sitio\/fr\/#organization","name":"Universidad de las Artes","url":"https:\/\/www.uartes.edu.ec\/sitio\/fr\/","logo":{"@type":"ImageObject","inLanguage":"fr-FR","@id":"https:\/\/www.uartes.edu.ec\/sitio\/fr\/#\/schema\/logo\/image\/","url":"https:\/\/www.uartes.edu.ec\/sitio\/wp-content\/uploads\/2022\/07\/logo-ua-horizontal.png","contentUrl":"https:\/\/www.uartes.edu.ec\/sitio\/wp-content\/uploads\/2022\/07\/logo-ua-horizontal.png","width":800,"height":276,"caption":"Universidad de las Artes"},"image":{"@id":"https:\/\/www.uartes.edu.ec\/sitio\/fr\/#\/schema\/logo\/image\/"},"sameAs":["https:\/\/www.facebook.com\/uartesec","https:\/\/x.com\/uartesec","https:\/\/www.tiktok.com\/@uartesec"]},{"@type":"Person","@id":"https:\/\/www.uartes.edu.ec\/sitio\/fr\/#\/schema\/person\/efa1b8275797664fd7f13a79ccc0b1f4","name":"ccortez","image":{"@type":"ImageObject","inLanguage":"fr-FR","@id":"https:\/\/secure.gravatar.com\/avatar\/b2a6f664a3ae8e074346ef91775736c5ec479e637ecced6842de9dc98b5da9cd?s=96&d=mm&r=g","url":"https:\/\/secure.gravatar.com\/avatar\/b2a6f664a3ae8e074346ef91775736c5ec479e637ecced6842de9dc98b5da9cd?s=96&d=mm&r=g","contentUrl":"https:\/\/secure.gravatar.com\/avatar\/b2a6f664a3ae8e074346ef91775736c5ec479e637ecced6842de9dc98b5da9cd?s=96&d=mm&r=g","caption":"ccortez"},"url":"https:\/\/www.uartes.edu.ec\/sitio\/fr\/blog\/author\/ccortez\/"}]}},"uagb_featured_image_src":{"full":["https:\/\/www.uartes.edu.ec\/sitio\/wp-content\/uploads\/2025\/12\/Proyecto-Cambiar-tamano-de-imagen-2025-12-10T135930.005.jpeg",2000,1333,false],"thumbnail":["https:\/\/www.uartes.edu.ec\/sitio\/wp-content\/uploads\/2025\/12\/Proyecto-Cambiar-tamano-de-imagen-2025-12-10T135930.005-150x150.jpeg",150,150,true],"medium":["https:\/\/www.uartes.edu.ec\/sitio\/wp-content\/uploads\/2025\/12\/Proyecto-Cambiar-tamano-de-imagen-2025-12-10T135930.005-300x200.jpeg",300,200,true],"medium_large":["https:\/\/www.uartes.edu.ec\/sitio\/wp-content\/uploads\/2025\/12\/Proyecto-Cambiar-tamano-de-imagen-2025-12-10T135930.005-768x512.jpeg",768,512,true],"large":["https:\/\/www.uartes.edu.ec\/sitio\/wp-content\/uploads\/2025\/12\/Proyecto-Cambiar-tamano-de-imagen-2025-12-10T135930.005-644x429.jpeg",644,429,true],"1536x1536":["https:\/\/www.uartes.edu.ec\/sitio\/wp-content\/uploads\/2025\/12\/Proyecto-Cambiar-tamano-de-imagen-2025-12-10T135930.005-1536x1024.jpeg",1536,1024,true],"2048x2048":["https:\/\/www.uartes.edu.ec\/sitio\/wp-content\/uploads\/2025\/12\/Proyecto-Cambiar-tamano-de-imagen-2025-12-10T135930.005.jpeg",2000,1333,false],"trp-custom-language-flag":["https:\/\/www.uartes.edu.ec\/sitio\/wp-content\/uploads\/2025\/12\/Proyecto-Cambiar-tamano-de-imagen-2025-12-10T135930.005-18x12.jpeg",18,12,true],"htmega_size_585x295":["https:\/\/www.uartes.edu.ec\/sitio\/wp-content\/uploads\/2025\/12\/Proyecto-Cambiar-tamano-de-imagen-2025-12-10T135930.005-585x295.jpeg",585,295,true],"htmega_size_1170x536":["https:\/\/www.uartes.edu.ec\/sitio\/wp-content\/uploads\/2025\/12\/Proyecto-Cambiar-tamano-de-imagen-2025-12-10T135930.005-1170x536.jpeg",1170,536,true],"htmega_size_396x360":["https:\/\/www.uartes.edu.ec\/sitio\/wp-content\/uploads\/2025\/12\/Proyecto-Cambiar-tamano-de-imagen-2025-12-10T135930.005-396x360.jpeg",396,360,true],"gb-block-post-grid-landscape":["https:\/\/www.uartes.edu.ec\/sitio\/wp-content\/uploads\/2025\/12\/Proyecto-Cambiar-tamano-de-imagen-2025-12-10T135930.005-600x400.jpeg",600,400,true],"gb-block-post-grid-square":["https:\/\/www.uartes.edu.ec\/sitio\/wp-content\/uploads\/2025\/12\/Proyecto-Cambiar-tamano-de-imagen-2025-12-10T135930.005-600x600.jpeg",600,600,true],"university-hub-thumb":["https:\/\/www.uartes.edu.ec\/sitio\/wp-content\/uploads\/2025\/12\/Proyecto-Cambiar-tamano-de-imagen-2025-12-10T135930.005-400x267.jpeg",400,267,true]},"uagb_author_info":{"display_name":"ccortez","author_link":"https:\/\/www.uartes.edu.ec\/sitio\/fr\/blog\/author\/ccortez\/"},"uagb_comment_info":0,"uagb_excerpt":"El taller \u201cSonidos ancestrales\u201d del proyecto de v\u00ednculo Escuela de las Artes concluy\u00f3 sus sesiones, desarrolladas en el Museo Presley Norton, con la formaci\u00f3n de un ensamble de experimentaci\u00f3n sonora y la creaci\u00f3n y grabaci\u00f3n de cinco obras acusm\u00e1ticas. Estos resultados fueron presentados con un concierto y una muestra por su facilitador, \u00c1lex Hincapi\u00e9, estudiantes\u2026","featured_image_src":"https:\/\/www.uartes.edu.ec\/sitio\/wp-content\/uploads\/2025\/12\/Proyecto-Cambiar-tamano-de-imagen-2025-12-10T135930.005-600x400.jpeg","featured_image_src_square":"https:\/\/www.uartes.edu.ec\/sitio\/wp-content\/uploads\/2025\/12\/Proyecto-Cambiar-tamano-de-imagen-2025-12-10T135930.005-600x600.jpeg","author_info":{"display_name":"ccortez","author_link":"https:\/\/www.uartes.edu.ec\/sitio\/fr\/blog\/author\/ccortez\/"},"publishpress_future_workflow_manual_trigger":{"enabledWorkflows":[]},"distributor_meta":false,"distributor_terms":false,"distributor_media":false,"distributor_original_site_name":"Universidad de las Artes","distributor_original_site_url":"https:\/\/www.uartes.edu.ec\/sitio\/fr","push-errors":false,"_links":{"self":[{"href":"https:\/\/www.uartes.edu.ec\/sitio\/fr\/wp-json\/wp\/v2\/posts\/83248","targetHints":{"allow":["GET"]}}],"collection":[{"href":"https:\/\/www.uartes.edu.ec\/sitio\/fr\/wp-json\/wp\/v2\/posts"}],"about":[{"href":"https:\/\/www.uartes.edu.ec\/sitio\/fr\/wp-json\/wp\/v2\/types\/post"}],"author":[{"embeddable":true,"href":"https:\/\/www.uartes.edu.ec\/sitio\/fr\/wp-json\/wp\/v2\/users\/10"}],"replies":[{"embeddable":true,"href":"https:\/\/www.uartes.edu.ec\/sitio\/fr\/wp-json\/wp\/v2\/comments?post=83248"}],"version-history":[{"count":2,"href":"https:\/\/www.uartes.edu.ec\/sitio\/fr\/wp-json\/wp\/v2\/posts\/83248\/revisions"}],"predecessor-version":[{"id":83257,"href":"https:\/\/www.uartes.edu.ec\/sitio\/fr\/wp-json\/wp\/v2\/posts\/83248\/revisions\/83257"}],"wp:featuredmedia":[{"embeddable":true,"href":"https:\/\/www.uartes.edu.ec\/sitio\/fr\/wp-json\/wp\/v2\/media\/83249"}],"wp:attachment":[{"href":"https:\/\/www.uartes.edu.ec\/sitio\/fr\/wp-json\/wp\/v2\/media?parent=83248"}],"wp:term":[{"taxonomy":"category","embeddable":true,"href":"https:\/\/www.uartes.edu.ec\/sitio\/fr\/wp-json\/wp\/v2\/categories?post=83248"},{"taxonomy":"post_tag","embeddable":true,"href":"https:\/\/www.uartes.edu.ec\/sitio\/fr\/wp-json\/wp\/v2\/tags?post=83248"},{"taxonomy":"infouartes","embeddable":true,"href":"https:\/\/www.uartes.edu.ec\/sitio\/fr\/wp-json\/wp\/v2\/infouartes?post=83248"}],"curies":[{"name":"wp","href":"https:\/\/api.w.org\/{rel}","templated":true}]}}