{"id":83810,"date":"2025-12-16T19:13:00","date_gmt":"2025-12-17T00:13:00","guid":{"rendered":"https:\/\/www.uartes.edu.ec\/sitio\/?p=83810"},"modified":"2025-12-26T10:55:07","modified_gmt":"2025-12-26T15:55:07","slug":"ii-concurso-nacional-de-interpretacion-musical-piano-ma-non-solo-2025-ya-tiene-finalistas","status":"publish","type":"post","link":"https:\/\/www.uartes.edu.ec\/sitio\/fr\/blog\/2025\/12\/16\/ii-concurso-nacional-de-interpretacion-musical-piano-ma-non-solo-2025-ya-tiene-finalistas\/","title":{"rendered":"II Concurso Nacional de Interpretaci\u00f3n Musical \u201cPiano ma non solo 2025\u201d"},"content":{"rendered":"<p>Organizado por la Escuela de Artes Sonoras de la Universidad de las Artes, el II Concurso Nacional de Interpretaci\u00f3n Musical \u201cPiano ma non solo 2025\u201d tiene ya a los participantes que pasaron a la fase final de la cita, la cual ser\u00e1 presencial y tendr\u00e1 lugar el 19 y 20 de diciembre en las instalaciones de la Universidad de las Artes.<\/p>\n\n\n\n<p>En Formato Acad\u00e9mico Solista, son tres las categor\u00edas, determinadas por edades. En la primera, de 9 a 13 a\u00f1os, los finalistas son Aar\u00f3n Leiner Pincay Santos, Gabriel Fernando P\u00e9rez Solano de la Sala, Mat\u00edas Alexander Andino G\u00f3mez y Theo Samir Castro Mieles.<\/p>\n\n\n\n<p>En la categor\u00eda 2, edades 14-18 a\u00f1os: Mayte Emilia Pillajo Ramos, Lucas Ismael Bueno V\u00e1squez, Sof\u00eda Bel\u00e9n Orellana Hern\u00e1ndez, Camila Victoria Poma Figueroa y Cristian Benjam\u00edn Troya Tomal\u00e1.<\/p>\n\n\n\n<p>Y, en la categor\u00eda 3, edades 19-25 a\u00f1os: Adrien David Coronado Vergara, Juan Sebasti\u00e1n Pincay Benalc\u00e1zar, Andr\u00e9s Alejandro Yuniz Naranjo, Mateo Israel Bravo Lituma y Samuel Andr\u00e9s Pl\u00faas Fern\u00e1ndez.<\/p>\n\n\n\n<p>Vale anotar que la convocatoria del concurso estuvo dirigida a ni\u00f1os y j\u00f3venes ecuatorianos y extranjeros radicados en el pa\u00eds, quienes pod\u00edan postularse cumpliendo con la edad reglamentaria para cada categor\u00eda. Inicialmente fueron Formato Acad\u00e9mico Solista y Formato M\u00fasica de C\u00e1mara, no obstante, debido a que no hubo el m\u00ednimo de inscritos para el segundo de los formatos mencionados, tampoco huno finalistas para este formato y, por esa raz\u00f3n, se abrieron unos cupos para la final en cada categor\u00eda solista, tomando en cuenta los mayores puntajes.<\/p>\n\n\n\n<p>La primera ronda del certamen fue virtual y a los participantes se les pidi\u00f3 enviar videos, con condiciones espec\u00edficas, de su interpretaci\u00f3n, a fin de ser escuchados y evaluados por el jurado. Acorde a lo se\u00f1alado por el comit\u00e9 organizador del concurso en sus redes sociales: habi\u00e9ndose reunido el jurado calificador del II Concurso Nacional de Interpretaci\u00f3n Musical, conformado por los maestros Claudia Mart\u00ednez, David de los Reyes, Meining Cheung, Zilia Marrero, Jos\u00e9 Antonio Cepeda y Diego Uyana, y revisado un total de 61 videos, se comparte la lista de los participantes que pasan a la segunda fase presencial.<\/p>\n\n\n\n<p>Acerca del concurso, desde su concepci\u00f3n en la primera edici\u00f3n y el enfoque actual, InfoUArtes dialog\u00f3 con el reconocido m\u00fasico doctor Javier Ocampo, director de la Escuela de Artes Sonoras. Indic\u00f3 que para la presente se decidi\u00f3 abrir espacio para m\u00fasicas acad\u00e9micas y m\u00fasicas populares, pensando en los ni\u00f1os y j\u00f3venes que est\u00e1n buscando d\u00f3nde mostrarse y consideramos muy importante que puedan hacerlo\u201d.<\/p>\n\n\n\n<p>Record\u00f3 que \u201cPiano ma non solo\u201d no hace referencia solo al piano, sino a todos los instrumentos, como viento, percusi\u00f3n, cantantes, etc\u00e9tera, y que, a diferencia de la primera edici\u00f3n que fue local, solamente Guayaquil, en la presente, \u201caunque suene presuntuoso\u201d, a petici\u00f3n del p\u00fablico, de los profesores y de los estudiantes abrimos la convocatoria a nivel nacional.<\/p>\n\n\n\n<p>Anot\u00f3 que con el concurso se busca que los artistas encuentren en la UArtes un espacio de reconocimiento y de apreciaci\u00f3n sobre el trabajo que est\u00e1n haciendo, que se les pueda abrir oportunidades y, sobre todo, visualizar lo que est\u00e1 pasando a nivel pa\u00eds. Mencion\u00f3 tambi\u00e9n el entusiasmo de atraer a estudiantes, que la gente encuentre en la universidad una posibilidad real de formarse como profesionales en la m\u00fasica. \u201cTiene como fin tener un encuentro con la sociedad, con los estudiantes, que los vean sus pares, sus compa\u00f1eros de otras provincias con quienes no tienen la oportunidad de encontrarse, que vean lo que est\u00e1n haciendo, que se planteen una meta y trabajen para ello, y que durante estos meses de preparaci\u00f3n digan tenemos un objetivo, pues all\u00ed es donde est\u00e1 el crecimiento\u201d.<\/p>\n\n\n\n<p>El II Concurso Nacional de Interpretaci\u00f3n Musical \u201cPiano ma non solo 2025\u201d tiene un ganador, \u201cpero si todos se preparan a conciencia creo que van a haber muchos ganadores y va a ser en pro del arte y de la m\u00fasica en el Ecuador. Buscamos, crear estas motivaciones para que haya encuentros y para promover la concentraci\u00f3n y el hacer dentro de nuestros estudiantes, que no sea solamente objetivos tener una nota o aprobar una materia, sino que haya algo que realmente los motive y que tenga que ver con su carrera a futuro\u201d.<\/p>\n\n\n\n<p>El certamen lo organiza la Escuela de Artes Sonoras conjuntamente con docentes como Zoila Ceballos. \u201cTodas las decisiones las estamos tomando juntos y el profesor Manuel Larrea tambi\u00e9n es apoyo y en la medida que avance el certamen vamos a ir encontrando m\u00e1s profesores uni\u00e9ndose al equipo con tareas, actividades y responsabilidades diferentes\u201d refiri\u00f3.&nbsp;<\/p>","protected":false},"excerpt":{"rendered":"<p>Organizado por la Escuela de Artes Sonoras de la Universidad de las Artes, el II Concurso Nacional de Interpretaci\u00f3n Musical \u201cPiano ma non solo 2025\u201d tiene ya a los participantes que pasaron a la fase final de la cita, la cual ser\u00e1 presencial y tendr\u00e1 lugar el 19 y 20 de diciembre en las instalaciones de la Universidad de las Artes. En Formato Acad\u00e9mico Solista, son tres las categor\u00edas, determinadas por edades: de 9 a 13 a\u00f1os, de 14 a 18 a\u00f1os y de 19 a 25 a\u00f1os.<\/p>","protected":false},"author":10,"featured_media":83823,"comment_status":"open","ping_status":"open","sticky":false,"template":"","format":"standard","meta":{"_acf_changed":false,"_uag_custom_page_level_css":"","_monsterinsights_skip_tracking":false,"_monsterinsights_sitenote_active":false,"_monsterinsights_sitenote_note":"","_monsterinsights_sitenote_category":0,"cybocfi_hide_featured_image":"","footnotes":""},"categories":[80,150,77,83],"tags":[518],"infouartes":[],"class_list":["post-83810","post","type-post","status-publish","format-standard","has-post-thumbnail","hentry","category-academico","category-artes-sonoras","category-gestion","category-sedes","tag-produccion"],"acf":[],"yoast_head":"<!-- This site is optimized with the Yoast SEO plugin v27.4 - https:\/\/yoast.com\/product\/yoast-seo-wordpress\/ -->\n<title>Universidad de las Artes - II Concurso Nacional de Interpretaci\u00f3n Musical \u201cPiano ma non solo 2025\u201d<\/title>\n<meta name=\"description\" content=\"Universidad de las Artes - II Concurso Nacional de Interpretaci\u00f3n Musical \u201cPiano ma non solo 2025\u201d\" \/>\n<meta name=\"robots\" content=\"index, follow, max-snippet:-1, max-image-preview:large, max-video-preview:-1\" \/>\n<link rel=\"canonical\" href=\"https:\/\/www.uartes.edu.ec\/sitio\/fr\/blog\/2025\/12\/16\/ii-concurso-nacional-de-interpretacion-musical-piano-ma-non-solo-2025-ya-tiene-finalistas\/\" \/>\n<meta property=\"og:locale\" content=\"fr_FR\" \/>\n<meta property=\"og:type\" content=\"article\" \/>\n<meta property=\"og:title\" content=\"Universidad de las Artes - II Concurso Nacional de Interpretaci\u00f3n Musical \u201cPiano ma non solo 2025\u201d\" \/>\n<meta property=\"og:description\" content=\"Universidad de las Artes - II Concurso Nacional de Interpretaci\u00f3n Musical \u201cPiano ma non solo 2025\u201d\" \/>\n<meta property=\"og:url\" content=\"https:\/\/www.uartes.edu.ec\/sitio\/fr\/blog\/2025\/12\/16\/ii-concurso-nacional-de-interpretacion-musical-piano-ma-non-solo-2025-ya-tiene-finalistas\/\" \/>\n<meta property=\"og:site_name\" content=\"Universidad de las Artes\" \/>\n<meta property=\"article:publisher\" content=\"https:\/\/www.facebook.com\/uartesec\" \/>\n<meta property=\"article:published_time\" content=\"2025-12-17T00:13:00+00:00\" \/>\n<meta property=\"article:modified_time\" content=\"2025-12-26T15:55:07+00:00\" \/>\n<meta property=\"og:image\" content=\"https:\/\/www.uartes.edu.ec\/sitio\/wp-content\/uploads\/2025\/12\/II-CONCURSO-PIANO-MA-NON-SOLO-WEB-1.jpg\" \/>\n\t<meta property=\"og:image:width\" content=\"2000\" \/>\n\t<meta property=\"og:image:height\" content=\"1333\" \/>\n\t<meta property=\"og:image:type\" content=\"image\/jpeg\" \/>\n<meta name=\"author\" content=\"ccortez\" \/>\n<meta name=\"twitter:card\" content=\"summary_large_image\" \/>\n<meta name=\"twitter:creator\" content=\"@uartesec\" \/>\n<meta name=\"twitter:site\" content=\"@uartesec\" \/>\n<meta name=\"twitter:label1\" content=\"\u00c9crit par\" \/>\n\t<meta name=\"twitter:data1\" content=\"ccortez\" \/>\n\t<meta name=\"twitter:label2\" content=\"Dur\u00e9e de lecture estim\u00e9e\" \/>\n\t<meta name=\"twitter:data2\" content=\"4 minutes\" \/>\n<script type=\"application\/ld+json\" class=\"yoast-schema-graph\">{\"@context\":\"https:\\\/\\\/schema.org\",\"@graph\":[{\"@type\":\"Article\",\"@id\":\"https:\\\/\\\/www.uartes.edu.ec\\\/sitio\\\/fr\\\/blog\\\/2025\\\/12\\\/16\\\/ii-concurso-nacional-de-interpretacion-musical-piano-ma-non-solo-2025-ya-tiene-finalistas\\\/#article\",\"isPartOf\":{\"@id\":\"https:\\\/\\\/www.uartes.edu.ec\\\/sitio\\\/fr\\\/blog\\\/2025\\\/12\\\/16\\\/ii-concurso-nacional-de-interpretacion-musical-piano-ma-non-solo-2025-ya-tiene-finalistas\\\/\"},\"author\":{\"name\":\"ccortez\",\"@id\":\"https:\\\/\\\/www.uartes.edu.ec\\\/sitio\\\/fr\\\/#\\\/schema\\\/person\\\/efa1b8275797664fd7f13a79ccc0b1f4\"},\"headline\":\"II Concurso Nacional de Interpretaci\u00f3n Musical \u201cPiano ma non solo 2025\u201d\",\"datePublished\":\"2025-12-17T00:13:00+00:00\",\"dateModified\":\"2025-12-26T15:55:07+00:00\",\"mainEntityOfPage\":{\"@id\":\"https:\\\/\\\/www.uartes.edu.ec\\\/sitio\\\/fr\\\/blog\\\/2025\\\/12\\\/16\\\/ii-concurso-nacional-de-interpretacion-musical-piano-ma-non-solo-2025-ya-tiene-finalistas\\\/\"},\"wordCount\":818,\"commentCount\":0,\"publisher\":{\"@id\":\"https:\\\/\\\/www.uartes.edu.ec\\\/sitio\\\/fr\\\/#organization\"},\"image\":{\"@id\":\"https:\\\/\\\/www.uartes.edu.ec\\\/sitio\\\/fr\\\/blog\\\/2025\\\/12\\\/16\\\/ii-concurso-nacional-de-interpretacion-musical-piano-ma-non-solo-2025-ya-tiene-finalistas\\\/#primaryimage\"},\"thumbnailUrl\":\"https:\\\/\\\/www.uartes.edu.ec\\\/sitio\\\/wp-content\\\/uploads\\\/2025\\\/12\\\/II-CONCURSO-PIANO-MA-NON-SOLO-WEB-1.jpg\",\"keywords\":[\"producci\u00f3n\"],\"articleSection\":[\"Acad\u00e9mico\",\"Artes Sonoras\",\"Gesti\u00f3n\",\"Sedes\"],\"inLanguage\":\"fr-FR\",\"potentialAction\":[{\"@type\":\"CommentAction\",\"name\":\"Comment\",\"target\":[\"https:\\\/\\\/www.uartes.edu.ec\\\/sitio\\\/fr\\\/blog\\\/2025\\\/12\\\/16\\\/ii-concurso-nacional-de-interpretacion-musical-piano-ma-non-solo-2025-ya-tiene-finalistas\\\/#respond\"]}]},{\"@type\":[\"WebPage\",\"ItemPage\"],\"@id\":\"https:\\\/\\\/www.uartes.edu.ec\\\/sitio\\\/fr\\\/blog\\\/2025\\\/12\\\/16\\\/ii-concurso-nacional-de-interpretacion-musical-piano-ma-non-solo-2025-ya-tiene-finalistas\\\/\",\"url\":\"https:\\\/\\\/www.uartes.edu.ec\\\/sitio\\\/fr\\\/blog\\\/2025\\\/12\\\/16\\\/ii-concurso-nacional-de-interpretacion-musical-piano-ma-non-solo-2025-ya-tiene-finalistas\\\/\",\"name\":\"Universidad de las Artes - II Concurso Nacional de Interpretaci\u00f3n Musical \u201cPiano ma non solo 2025\u201d\",\"isPartOf\":{\"@id\":\"https:\\\/\\\/www.uartes.edu.ec\\\/sitio\\\/fr\\\/#website\"},\"primaryImageOfPage\":{\"@id\":\"https:\\\/\\\/www.uartes.edu.ec\\\/sitio\\\/fr\\\/blog\\\/2025\\\/12\\\/16\\\/ii-concurso-nacional-de-interpretacion-musical-piano-ma-non-solo-2025-ya-tiene-finalistas\\\/#primaryimage\"},\"image\":{\"@id\":\"https:\\\/\\\/www.uartes.edu.ec\\\/sitio\\\/fr\\\/blog\\\/2025\\\/12\\\/16\\\/ii-concurso-nacional-de-interpretacion-musical-piano-ma-non-solo-2025-ya-tiene-finalistas\\\/#primaryimage\"},\"thumbnailUrl\":\"https:\\\/\\\/www.uartes.edu.ec\\\/sitio\\\/wp-content\\\/uploads\\\/2025\\\/12\\\/II-CONCURSO-PIANO-MA-NON-SOLO-WEB-1.jpg\",\"datePublished\":\"2025-12-17T00:13:00+00:00\",\"dateModified\":\"2025-12-26T15:55:07+00:00\",\"description\":\"Universidad de las Artes - II Concurso Nacional de Interpretaci\u00f3n Musical \u201cPiano ma non solo 2025\u201d\",\"breadcrumb\":{\"@id\":\"https:\\\/\\\/www.uartes.edu.ec\\\/sitio\\\/fr\\\/blog\\\/2025\\\/12\\\/16\\\/ii-concurso-nacional-de-interpretacion-musical-piano-ma-non-solo-2025-ya-tiene-finalistas\\\/#breadcrumb\"},\"inLanguage\":\"fr-FR\",\"potentialAction\":[{\"@type\":\"ReadAction\",\"target\":[\"https:\\\/\\\/www.uartes.edu.ec\\\/sitio\\\/fr\\\/blog\\\/2025\\\/12\\\/16\\\/ii-concurso-nacional-de-interpretacion-musical-piano-ma-non-solo-2025-ya-tiene-finalistas\\\/\"]}]},{\"@type\":\"ImageObject\",\"inLanguage\":\"fr-FR\",\"@id\":\"https:\\\/\\\/www.uartes.edu.ec\\\/sitio\\\/fr\\\/blog\\\/2025\\\/12\\\/16\\\/ii-concurso-nacional-de-interpretacion-musical-piano-ma-non-solo-2025-ya-tiene-finalistas\\\/#primaryimage\",\"url\":\"https:\\\/\\\/www.uartes.edu.ec\\\/sitio\\\/wp-content\\\/uploads\\\/2025\\\/12\\\/II-CONCURSO-PIANO-MA-NON-SOLO-WEB-1.jpg\",\"contentUrl\":\"https:\\\/\\\/www.uartes.edu.ec\\\/sitio\\\/wp-content\\\/uploads\\\/2025\\\/12\\\/II-CONCURSO-PIANO-MA-NON-SOLO-WEB-1.jpg\",\"width\":2000,\"height\":1333},{\"@type\":\"BreadcrumbList\",\"@id\":\"https:\\\/\\\/www.uartes.edu.ec\\\/sitio\\\/fr\\\/blog\\\/2025\\\/12\\\/16\\\/ii-concurso-nacional-de-interpretacion-musical-piano-ma-non-solo-2025-ya-tiene-finalistas\\\/#breadcrumb\",\"itemListElement\":[{\"@type\":\"ListItem\",\"position\":1,\"name\":\"Inicio\",\"item\":\"https:\\\/\\\/www.uartes.edu.ec\\\/sitio\\\/\"},{\"@type\":\"ListItem\",\"position\":2,\"name\":\"II Concurso Nacional de Interpretaci\u00f3n Musical \u201cPiano ma non solo 2025\u201d\"}]},{\"@type\":\"WebSite\",\"@id\":\"https:\\\/\\\/www.uartes.edu.ec\\\/sitio\\\/fr\\\/#website\",\"url\":\"https:\\\/\\\/www.uartes.edu.ec\\\/sitio\\\/fr\\\/\",\"name\":\"Universidad de las Artes\",\"description\":\"Sitio oficial de la Universidad Nacional de las Artes del Ecuador\",\"publisher\":{\"@id\":\"https:\\\/\\\/www.uartes.edu.ec\\\/sitio\\\/fr\\\/#organization\"},\"potentialAction\":[{\"@type\":\"SearchAction\",\"target\":{\"@type\":\"EntryPoint\",\"urlTemplate\":\"https:\\\/\\\/www.uartes.edu.ec\\\/sitio\\\/fr\\\/?s={search_term_string}\"},\"query-input\":{\"@type\":\"PropertyValueSpecification\",\"valueRequired\":true,\"valueName\":\"search_term_string\"}}],\"inLanguage\":\"fr-FR\"},{\"@type\":\"Organization\",\"@id\":\"https:\\\/\\\/www.uartes.edu.ec\\\/sitio\\\/fr\\\/#organization\",\"name\":\"Universidad de las Artes\",\"url\":\"https:\\\/\\\/www.uartes.edu.ec\\\/sitio\\\/fr\\\/\",\"logo\":{\"@type\":\"ImageObject\",\"inLanguage\":\"fr-FR\",\"@id\":\"https:\\\/\\\/www.uartes.edu.ec\\\/sitio\\\/fr\\\/#\\\/schema\\\/logo\\\/image\\\/\",\"url\":\"https:\\\/\\\/www.uartes.edu.ec\\\/sitio\\\/wp-content\\\/uploads\\\/2022\\\/07\\\/logo-ua-horizontal.png\",\"contentUrl\":\"https:\\\/\\\/www.uartes.edu.ec\\\/sitio\\\/wp-content\\\/uploads\\\/2022\\\/07\\\/logo-ua-horizontal.png\",\"width\":800,\"height\":276,\"caption\":\"Universidad de las Artes\"},\"image\":{\"@id\":\"https:\\\/\\\/www.uartes.edu.ec\\\/sitio\\\/fr\\\/#\\\/schema\\\/logo\\\/image\\\/\"},\"sameAs\":[\"https:\\\/\\\/www.facebook.com\\\/uartesec\",\"https:\\\/\\\/x.com\\\/uartesec\",\"https:\\\/\\\/www.tiktok.com\\\/@uartesec\"]},{\"@type\":\"Person\",\"@id\":\"https:\\\/\\\/www.uartes.edu.ec\\\/sitio\\\/fr\\\/#\\\/schema\\\/person\\\/efa1b8275797664fd7f13a79ccc0b1f4\",\"name\":\"ccortez\",\"image\":{\"@type\":\"ImageObject\",\"inLanguage\":\"fr-FR\",\"@id\":\"https:\\\/\\\/secure.gravatar.com\\\/avatar\\\/b2a6f664a3ae8e074346ef91775736c5ec479e637ecced6842de9dc98b5da9cd?s=96&d=mm&r=g\",\"url\":\"https:\\\/\\\/secure.gravatar.com\\\/avatar\\\/b2a6f664a3ae8e074346ef91775736c5ec479e637ecced6842de9dc98b5da9cd?s=96&d=mm&r=g\",\"contentUrl\":\"https:\\\/\\\/secure.gravatar.com\\\/avatar\\\/b2a6f664a3ae8e074346ef91775736c5ec479e637ecced6842de9dc98b5da9cd?s=96&d=mm&r=g\",\"caption\":\"ccortez\"},\"url\":\"https:\\\/\\\/www.uartes.edu.ec\\\/sitio\\\/fr\\\/blog\\\/author\\\/ccortez\\\/\"}]}<\/script>\n<!-- \/ Yoast SEO plugin. -->","yoast_head_json":{"title":"Universidad de las Artes - II Concurso Nacional de Interpretaci\u00f3n Musical \u201cPiano ma non solo 2025\u201d","description":"Universidad de las Artes - II Concurso Nacional de Interpretaci\u00f3n Musical \u201cPiano ma non solo 2025\u201d","robots":{"index":"index","follow":"follow","max-snippet":"max-snippet:-1","max-image-preview":"max-image-preview:large","max-video-preview":"max-video-preview:-1"},"canonical":"https:\/\/www.uartes.edu.ec\/sitio\/fr\/blog\/2025\/12\/16\/ii-concurso-nacional-de-interpretacion-musical-piano-ma-non-solo-2025-ya-tiene-finalistas\/","og_locale":"fr_FR","og_type":"article","og_title":"Universidad de las Artes - II Concurso Nacional de Interpretaci\u00f3n Musical \u201cPiano ma non solo 2025\u201d","og_description":"Universidad de las Artes - II Concurso Nacional de Interpretaci\u00f3n Musical \u201cPiano ma non solo 2025\u201d","og_url":"https:\/\/www.uartes.edu.ec\/sitio\/fr\/blog\/2025\/12\/16\/ii-concurso-nacional-de-interpretacion-musical-piano-ma-non-solo-2025-ya-tiene-finalistas\/","og_site_name":"Universidad de las Artes","article_publisher":"https:\/\/www.facebook.com\/uartesec","article_published_time":"2025-12-17T00:13:00+00:00","article_modified_time":"2025-12-26T15:55:07+00:00","og_image":[{"width":2000,"height":1333,"url":"https:\/\/www.uartes.edu.ec\/sitio\/wp-content\/uploads\/2025\/12\/II-CONCURSO-PIANO-MA-NON-SOLO-WEB-1.jpg","type":"image\/jpeg"}],"author":"ccortez","twitter_card":"summary_large_image","twitter_creator":"@uartesec","twitter_site":"@uartesec","twitter_misc":{"\u00c9crit par":"ccortez","Dur\u00e9e de lecture estim\u00e9e":"4 minutes"},"schema":{"@context":"https:\/\/schema.org","@graph":[{"@type":"Article","@id":"https:\/\/www.uartes.edu.ec\/sitio\/fr\/blog\/2025\/12\/16\/ii-concurso-nacional-de-interpretacion-musical-piano-ma-non-solo-2025-ya-tiene-finalistas\/#article","isPartOf":{"@id":"https:\/\/www.uartes.edu.ec\/sitio\/fr\/blog\/2025\/12\/16\/ii-concurso-nacional-de-interpretacion-musical-piano-ma-non-solo-2025-ya-tiene-finalistas\/"},"author":{"name":"ccortez","@id":"https:\/\/www.uartes.edu.ec\/sitio\/fr\/#\/schema\/person\/efa1b8275797664fd7f13a79ccc0b1f4"},"headline":"II Concurso Nacional de Interpretaci\u00f3n Musical \u201cPiano ma non solo 2025\u201d","datePublished":"2025-12-17T00:13:00+00:00","dateModified":"2025-12-26T15:55:07+00:00","mainEntityOfPage":{"@id":"https:\/\/www.uartes.edu.ec\/sitio\/fr\/blog\/2025\/12\/16\/ii-concurso-nacional-de-interpretacion-musical-piano-ma-non-solo-2025-ya-tiene-finalistas\/"},"wordCount":818,"commentCount":0,"publisher":{"@id":"https:\/\/www.uartes.edu.ec\/sitio\/fr\/#organization"},"image":{"@id":"https:\/\/www.uartes.edu.ec\/sitio\/fr\/blog\/2025\/12\/16\/ii-concurso-nacional-de-interpretacion-musical-piano-ma-non-solo-2025-ya-tiene-finalistas\/#primaryimage"},"thumbnailUrl":"https:\/\/www.uartes.edu.ec\/sitio\/wp-content\/uploads\/2025\/12\/II-CONCURSO-PIANO-MA-NON-SOLO-WEB-1.jpg","keywords":["producci\u00f3n"],"articleSection":["Acad\u00e9mico","Artes Sonoras","Gesti\u00f3n","Sedes"],"inLanguage":"fr-FR","potentialAction":[{"@type":"CommentAction","name":"Comment","target":["https:\/\/www.uartes.edu.ec\/sitio\/fr\/blog\/2025\/12\/16\/ii-concurso-nacional-de-interpretacion-musical-piano-ma-non-solo-2025-ya-tiene-finalistas\/#respond"]}]},{"@type":["WebPage","ItemPage"],"@id":"https:\/\/www.uartes.edu.ec\/sitio\/fr\/blog\/2025\/12\/16\/ii-concurso-nacional-de-interpretacion-musical-piano-ma-non-solo-2025-ya-tiene-finalistas\/","url":"https:\/\/www.uartes.edu.ec\/sitio\/fr\/blog\/2025\/12\/16\/ii-concurso-nacional-de-interpretacion-musical-piano-ma-non-solo-2025-ya-tiene-finalistas\/","name":"Universidad de las Artes - II Concurso Nacional de Interpretaci\u00f3n Musical \u201cPiano ma non solo 2025\u201d","isPartOf":{"@id":"https:\/\/www.uartes.edu.ec\/sitio\/fr\/#website"},"primaryImageOfPage":{"@id":"https:\/\/www.uartes.edu.ec\/sitio\/fr\/blog\/2025\/12\/16\/ii-concurso-nacional-de-interpretacion-musical-piano-ma-non-solo-2025-ya-tiene-finalistas\/#primaryimage"},"image":{"@id":"https:\/\/www.uartes.edu.ec\/sitio\/fr\/blog\/2025\/12\/16\/ii-concurso-nacional-de-interpretacion-musical-piano-ma-non-solo-2025-ya-tiene-finalistas\/#primaryimage"},"thumbnailUrl":"https:\/\/www.uartes.edu.ec\/sitio\/wp-content\/uploads\/2025\/12\/II-CONCURSO-PIANO-MA-NON-SOLO-WEB-1.jpg","datePublished":"2025-12-17T00:13:00+00:00","dateModified":"2025-12-26T15:55:07+00:00","description":"Universidad de las Artes - II Concurso Nacional de Interpretaci\u00f3n Musical \u201cPiano ma non solo 2025\u201d","breadcrumb":{"@id":"https:\/\/www.uartes.edu.ec\/sitio\/fr\/blog\/2025\/12\/16\/ii-concurso-nacional-de-interpretacion-musical-piano-ma-non-solo-2025-ya-tiene-finalistas\/#breadcrumb"},"inLanguage":"fr-FR","potentialAction":[{"@type":"ReadAction","target":["https:\/\/www.uartes.edu.ec\/sitio\/fr\/blog\/2025\/12\/16\/ii-concurso-nacional-de-interpretacion-musical-piano-ma-non-solo-2025-ya-tiene-finalistas\/"]}]},{"@type":"ImageObject","inLanguage":"fr-FR","@id":"https:\/\/www.uartes.edu.ec\/sitio\/fr\/blog\/2025\/12\/16\/ii-concurso-nacional-de-interpretacion-musical-piano-ma-non-solo-2025-ya-tiene-finalistas\/#primaryimage","url":"https:\/\/www.uartes.edu.ec\/sitio\/wp-content\/uploads\/2025\/12\/II-CONCURSO-PIANO-MA-NON-SOLO-WEB-1.jpg","contentUrl":"https:\/\/www.uartes.edu.ec\/sitio\/wp-content\/uploads\/2025\/12\/II-CONCURSO-PIANO-MA-NON-SOLO-WEB-1.jpg","width":2000,"height":1333},{"@type":"BreadcrumbList","@id":"https:\/\/www.uartes.edu.ec\/sitio\/fr\/blog\/2025\/12\/16\/ii-concurso-nacional-de-interpretacion-musical-piano-ma-non-solo-2025-ya-tiene-finalistas\/#breadcrumb","itemListElement":[{"@type":"ListItem","position":1,"name":"Inicio","item":"https:\/\/www.uartes.edu.ec\/sitio\/"},{"@type":"ListItem","position":2,"name":"II Concurso Nacional de Interpretaci\u00f3n Musical \u201cPiano ma non solo 2025\u201d"}]},{"@type":"WebSite","@id":"https:\/\/www.uartes.edu.ec\/sitio\/fr\/#website","url":"https:\/\/www.uartes.edu.ec\/sitio\/fr\/","name":"Universidad de las Artes","description":"Sitio oficial de la Universidad Nacional de las Artes del Ecuador","publisher":{"@id":"https:\/\/www.uartes.edu.ec\/sitio\/fr\/#organization"},"potentialAction":[{"@type":"SearchAction","target":{"@type":"EntryPoint","urlTemplate":"https:\/\/www.uartes.edu.ec\/sitio\/fr\/?s={search_term_string}"},"query-input":{"@type":"PropertyValueSpecification","valueRequired":true,"valueName":"search_term_string"}}],"inLanguage":"fr-FR"},{"@type":"Organization","@id":"https:\/\/www.uartes.edu.ec\/sitio\/fr\/#organization","name":"Universidad de las Artes","url":"https:\/\/www.uartes.edu.ec\/sitio\/fr\/","logo":{"@type":"ImageObject","inLanguage":"fr-FR","@id":"https:\/\/www.uartes.edu.ec\/sitio\/fr\/#\/schema\/logo\/image\/","url":"https:\/\/www.uartes.edu.ec\/sitio\/wp-content\/uploads\/2022\/07\/logo-ua-horizontal.png","contentUrl":"https:\/\/www.uartes.edu.ec\/sitio\/wp-content\/uploads\/2022\/07\/logo-ua-horizontal.png","width":800,"height":276,"caption":"Universidad de las Artes"},"image":{"@id":"https:\/\/www.uartes.edu.ec\/sitio\/fr\/#\/schema\/logo\/image\/"},"sameAs":["https:\/\/www.facebook.com\/uartesec","https:\/\/x.com\/uartesec","https:\/\/www.tiktok.com\/@uartesec"]},{"@type":"Person","@id":"https:\/\/www.uartes.edu.ec\/sitio\/fr\/#\/schema\/person\/efa1b8275797664fd7f13a79ccc0b1f4","name":"ccortez","image":{"@type":"ImageObject","inLanguage":"fr-FR","@id":"https:\/\/secure.gravatar.com\/avatar\/b2a6f664a3ae8e074346ef91775736c5ec479e637ecced6842de9dc98b5da9cd?s=96&d=mm&r=g","url":"https:\/\/secure.gravatar.com\/avatar\/b2a6f664a3ae8e074346ef91775736c5ec479e637ecced6842de9dc98b5da9cd?s=96&d=mm&r=g","contentUrl":"https:\/\/secure.gravatar.com\/avatar\/b2a6f664a3ae8e074346ef91775736c5ec479e637ecced6842de9dc98b5da9cd?s=96&d=mm&r=g","caption":"ccortez"},"url":"https:\/\/www.uartes.edu.ec\/sitio\/fr\/blog\/author\/ccortez\/"}]}},"uagb_featured_image_src":{"full":["https:\/\/www.uartes.edu.ec\/sitio\/wp-content\/uploads\/2025\/12\/II-CONCURSO-PIANO-MA-NON-SOLO-WEB-1.jpg",2000,1333,false],"thumbnail":["https:\/\/www.uartes.edu.ec\/sitio\/wp-content\/uploads\/2025\/12\/II-CONCURSO-PIANO-MA-NON-SOLO-WEB-1-150x150.jpg",150,150,true],"medium":["https:\/\/www.uartes.edu.ec\/sitio\/wp-content\/uploads\/2025\/12\/II-CONCURSO-PIANO-MA-NON-SOLO-WEB-1-300x200.jpg",300,200,true],"medium_large":["https:\/\/www.uartes.edu.ec\/sitio\/wp-content\/uploads\/2025\/12\/II-CONCURSO-PIANO-MA-NON-SOLO-WEB-1-768x512.jpg",768,512,true],"large":["https:\/\/www.uartes.edu.ec\/sitio\/wp-content\/uploads\/2025\/12\/II-CONCURSO-PIANO-MA-NON-SOLO-WEB-1-644x429.jpg",644,429,true],"1536x1536":["https:\/\/www.uartes.edu.ec\/sitio\/wp-content\/uploads\/2025\/12\/II-CONCURSO-PIANO-MA-NON-SOLO-WEB-1-1536x1024.jpg",1536,1024,true],"2048x2048":["https:\/\/www.uartes.edu.ec\/sitio\/wp-content\/uploads\/2025\/12\/II-CONCURSO-PIANO-MA-NON-SOLO-WEB-1.jpg",2000,1333,false],"trp-custom-language-flag":["https:\/\/www.uartes.edu.ec\/sitio\/wp-content\/uploads\/2025\/12\/II-CONCURSO-PIANO-MA-NON-SOLO-WEB-1-18x12.jpg",18,12,true],"htmega_size_585x295":["https:\/\/www.uartes.edu.ec\/sitio\/wp-content\/uploads\/2025\/12\/II-CONCURSO-PIANO-MA-NON-SOLO-WEB-1-585x295.jpg",585,295,true],"htmega_size_1170x536":["https:\/\/www.uartes.edu.ec\/sitio\/wp-content\/uploads\/2025\/12\/II-CONCURSO-PIANO-MA-NON-SOLO-WEB-1-1170x536.jpg",1170,536,true],"htmega_size_396x360":["https:\/\/www.uartes.edu.ec\/sitio\/wp-content\/uploads\/2025\/12\/II-CONCURSO-PIANO-MA-NON-SOLO-WEB-1-396x360.jpg",396,360,true],"gb-block-post-grid-landscape":["https:\/\/www.uartes.edu.ec\/sitio\/wp-content\/uploads\/2025\/12\/II-CONCURSO-PIANO-MA-NON-SOLO-WEB-1-600x400.jpg",600,400,true],"gb-block-post-grid-square":["https:\/\/www.uartes.edu.ec\/sitio\/wp-content\/uploads\/2025\/12\/II-CONCURSO-PIANO-MA-NON-SOLO-WEB-1-600x600.jpg",600,600,true],"university-hub-thumb":["https:\/\/www.uartes.edu.ec\/sitio\/wp-content\/uploads\/2025\/12\/II-CONCURSO-PIANO-MA-NON-SOLO-WEB-1-400x267.jpg",400,267,true]},"uagb_author_info":{"display_name":"ccortez","author_link":"https:\/\/www.uartes.edu.ec\/sitio\/fr\/blog\/author\/ccortez\/"},"uagb_comment_info":0,"uagb_excerpt":"Organizado por la Escuela de Artes Sonoras de la Universidad de las Artes, el II Concurso Nacional de Interpretaci\u00f3n Musical \u201cPiano ma non solo 2025\u201d tiene ya a los participantes que pasaron a la fase final de la cita, la cual ser\u00e1 presencial y tendr\u00e1 lugar el 19 y 20 de diciembre en las instalaciones\u2026","featured_image_src":"https:\/\/www.uartes.edu.ec\/sitio\/wp-content\/uploads\/2025\/12\/II-CONCURSO-PIANO-MA-NON-SOLO-WEB-1-600x400.jpg","featured_image_src_square":"https:\/\/www.uartes.edu.ec\/sitio\/wp-content\/uploads\/2025\/12\/II-CONCURSO-PIANO-MA-NON-SOLO-WEB-1-600x600.jpg","author_info":{"display_name":"ccortez","author_link":"https:\/\/www.uartes.edu.ec\/sitio\/fr\/blog\/author\/ccortez\/"},"publishpress_future_workflow_manual_trigger":{"enabledWorkflows":[]},"distributor_meta":false,"distributor_terms":false,"distributor_media":false,"distributor_original_site_name":"Universidad de las Artes","distributor_original_site_url":"https:\/\/www.uartes.edu.ec\/sitio\/fr","push-errors":false,"_links":{"self":[{"href":"https:\/\/www.uartes.edu.ec\/sitio\/fr\/wp-json\/wp\/v2\/posts\/83810","targetHints":{"allow":["GET"]}}],"collection":[{"href":"https:\/\/www.uartes.edu.ec\/sitio\/fr\/wp-json\/wp\/v2\/posts"}],"about":[{"href":"https:\/\/www.uartes.edu.ec\/sitio\/fr\/wp-json\/wp\/v2\/types\/post"}],"author":[{"embeddable":true,"href":"https:\/\/www.uartes.edu.ec\/sitio\/fr\/wp-json\/wp\/v2\/users\/10"}],"replies":[{"embeddable":true,"href":"https:\/\/www.uartes.edu.ec\/sitio\/fr\/wp-json\/wp\/v2\/comments?post=83810"}],"version-history":[{"count":3,"href":"https:\/\/www.uartes.edu.ec\/sitio\/fr\/wp-json\/wp\/v2\/posts\/83810\/revisions"}],"predecessor-version":[{"id":83828,"href":"https:\/\/www.uartes.edu.ec\/sitio\/fr\/wp-json\/wp\/v2\/posts\/83810\/revisions\/83828"}],"wp:featuredmedia":[{"embeddable":true,"href":"https:\/\/www.uartes.edu.ec\/sitio\/fr\/wp-json\/wp\/v2\/media\/83823"}],"wp:attachment":[{"href":"https:\/\/www.uartes.edu.ec\/sitio\/fr\/wp-json\/wp\/v2\/media?parent=83810"}],"wp:term":[{"taxonomy":"category","embeddable":true,"href":"https:\/\/www.uartes.edu.ec\/sitio\/fr\/wp-json\/wp\/v2\/categories?post=83810"},{"taxonomy":"post_tag","embeddable":true,"href":"https:\/\/www.uartes.edu.ec\/sitio\/fr\/wp-json\/wp\/v2\/tags?post=83810"},{"taxonomy":"infouartes","embeddable":true,"href":"https:\/\/www.uartes.edu.ec\/sitio\/fr\/wp-json\/wp\/v2\/infouartes?post=83810"}],"curies":[{"name":"wp","href":"https:\/\/api.w.org\/{rel}","templated":true}]}}