{"id":85165,"date":"2026-01-19T15:08:00","date_gmt":"2026-01-19T20:08:00","guid":{"rendered":"https:\/\/www.uartes.edu.ec\/sitio\/?p=85165"},"modified":"2026-01-24T18:26:35","modified_gmt":"2026-01-24T23:26:35","slug":"daea-apunta-a-conformar-un-club-de-senas-y-continuar-con-cursos-y-un-taller-de-cuentos-en-braille-para-la-comunidad-universitaria","status":"publish","type":"post","link":"https:\/\/www.uartes.edu.ec\/sitio\/fr\/blog\/2026\/01\/19\/daea-apunta-a-conformar-un-club-de-senas-y-continuar-con-cursos-y-un-taller-de-cuentos-en-braille-para-la-comunidad-universitaria\/","title":{"rendered":"DAEA apunta a conformar un Club de Se\u00f1as y continuar con cursos y taller de cuentos en Braille para la comunidad UArtes"},"content":{"rendered":"<p>La creaci\u00f3n de un Club de Se\u00f1as de la Universidad de las Artes est\u00e1 en an\u00e1lisis. Desde nuestra Direcci\u00f3n de Acompa\u00f1amiento al \u00c9xito Acad\u00e9mico (DAEA) se da cuenta de esa posibilidad e indica que el objetivo es generar espacios de pr\u00e1ctica constante para que alumnos, docentes, funcionarios y estudiantes sordos puedan interactuar, reforzar la estructura gramatical, ampliar el vocabulario y fortalecer la fluidez y precisi\u00f3n en la comunicaci\u00f3n.<\/p>\n\n\n\n<p>Recientemente, miembros de la comunidad universitaria que han participado en los cursos de Lengua de Se\u00f1as Ecuatoriana que la DAEA ha desarrollado tuvieron una experiencia vivencial y pr\u00e1ctica comunicativa con la comunidad sorda de Guayaquil. Antes, intervinieron en una pr\u00e1ctica pedag\u00f3gica art\u00edstica y quienes son parte del Coro de Lengua de Se\u00f1as han tenido presentaciones en instituciones como ASENIR (Asociaci\u00f3n Ecuatoriana para Ni\u00f1os con y sin Discapacidad).<\/p>\n\n\n\n<p>En di\u00e1logo con InfoUArtes, la economista y mag\u00edster Giovanna Ricaurte, analista de seguimiento y avaluaci\u00f3n de la DAEA, destac\u00f3 que existe el inter\u00e9s por continuar con los aprendizajes en torno a la Lengua de Se\u00f1as Ecuatoriana. Para este a\u00f1o se est\u00e1 preparando un curso dirigido a funcionarios p\u00fablicos sobre inclusi\u00f3n con vocabulario b\u00e1sico y un taller de cuentos en Braille dirigido a la comunidad universitaria.<\/p>\n\n\n\n<p>Record\u00f3 que, del 4 de junio al 1 de agosto de 2025 con una duraci\u00f3n de 40 horas, se efectu\u00f3 el curso b\u00e1sico de Lengua de Se\u00f1as Ecuatoriana \u201cHerramientas b\u00e1sicas en entornos universitarios\u201d nivel 1 m\u00f3dulo 2, dirigido a los docentes y funcionarios p\u00fablicos de la UArtes que hab\u00edan aprobado el m\u00f3dulo 1.<\/p>\n\n\n\t\t\t\t\t<div\n\t\t\t\t\t\tclass=\"wp-block-uagb-image-gallery uagb-block-748f3009\"\n\t\t\t\t\t\tstyle=\"\"\n\t\t\t\t\t>\n\t\t\t\t\t\t\t\t\t\t\t<div class=\"spectra-image-gallery spectra-image-gallery__layout--masonry spectra-image-gallery__layout--masonry-col-2 spectra-image-gallery__layout--masonry-col-tab-3 spectra-image-gallery__layout--masonry-col-mob-2\">\n\t\t\t\t\t\t\t\t\t\t\t<div class='spectra-image-gallery__media-wrapper--isotope'>\n\t\t\t\t\t\t\t<div class='spectra-image-gallery__media-wrapper' data-spectra-gallery-image-id='85170' tabindex=\"0\">\n\t\t\t\t\t\t\t<div class=\"spectra-image-gallery__media spectra-image-gallery__media--masonry\">\n\t\t\t\t<picture>\n\t\t\t\t\t<source media=\"(min-width: 1024px)\" srcset=\"https:\/\/www.uartes.edu.ec\/sitio\/wp-content\/uploads\/2026\/01\/lengua-de-senas-experiencia-vivencial6-300x200.jpeg\">\n\t\t\t\t\t<source media=\"(min-width: 768px)\" srcset=\"https:\/\/www.uartes.edu.ec\/sitio\/wp-content\/uploads\/2026\/01\/lengua-de-senas-experiencia-vivencial6-644x429.jpeg\">\n\t\t\t\t\t<img decoding=\"async\" class=\"spectra-image-gallery__media-thumbnail spectra-image-gallery__media-thumbnail--masonry\" src=\"https:\/\/www.uartes.edu.ec\/sitio\/wp-content\/uploads\/2026\/01\/lengua-de-senas-experiencia-vivencial6-300x200.jpeg\" alt=\"\" loading=\"lazy\" \/>\n\t\t\t\t<\/picture>\n\t\t\t\t<div class=\"spectra-image-gallery__media-thumbnail-blurrer\"><\/div>\n\t\t\t\t\t\t\t\t\t\t\t<div class=\"spectra-image-gallery__media-thumbnail-caption-wrapper spectra-image-gallery__media-thumbnail-caption-wrapper--overlay\">\n\t\t\t\t\t\t\t\t\t\t\t<div class=\"spectra-image-gallery__media-thumbnail-caption spectra-image-gallery__media-thumbnail-caption--overlay\">\n\t\t\t\t\tAucune l\u00e9gende\t\t\t\t<\/div>\n\t\t\t\t\t\t\t\t\t\t<\/div>\n\t\t\t\t\t\t\t\t\t<\/div>\n\t\t\t\t\t\t<\/div>\n\t\t\t\t\t\t<\/div>\n\t\t\t\t\t\t<div class='spectra-image-gallery__media-wrapper--isotope'>\n\t\t\t\t\t\t\t<div class='spectra-image-gallery__media-wrapper' data-spectra-gallery-image-id='85169' tabindex=\"0\">\n\t\t\t\t\t\t\t<div class=\"spectra-image-gallery__media spectra-image-gallery__media--masonry\">\n\t\t\t\t<picture>\n\t\t\t\t\t<source media=\"(min-width: 1024px)\" srcset=\"https:\/\/www.uartes.edu.ec\/sitio\/wp-content\/uploads\/2026\/01\/lengua-de-senas-experiencia-vivencial7-300x200.jpeg\">\n\t\t\t\t\t<source media=\"(min-width: 768px)\" srcset=\"https:\/\/www.uartes.edu.ec\/sitio\/wp-content\/uploads\/2026\/01\/lengua-de-senas-experiencia-vivencial7-644x429.jpeg\">\n\t\t\t\t\t<img decoding=\"async\" class=\"spectra-image-gallery__media-thumbnail spectra-image-gallery__media-thumbnail--masonry\" src=\"https:\/\/www.uartes.edu.ec\/sitio\/wp-content\/uploads\/2026\/01\/lengua-de-senas-experiencia-vivencial7-300x200.jpeg\" alt=\"\" loading=\"lazy\" \/>\n\t\t\t\t<\/picture>\n\t\t\t\t<div class=\"spectra-image-gallery__media-thumbnail-blurrer\"><\/div>\n\t\t\t\t\t\t\t\t\t\t\t<div class=\"spectra-image-gallery__media-thumbnail-caption-wrapper spectra-image-gallery__media-thumbnail-caption-wrapper--overlay\">\n\t\t\t\t\t\t\t\t\t\t\t<div class=\"spectra-image-gallery__media-thumbnail-caption spectra-image-gallery__media-thumbnail-caption--overlay\">\n\t\t\t\t\tAucune l\u00e9gende\t\t\t\t<\/div>\n\t\t\t\t\t\t\t\t\t\t<\/div>\n\t\t\t\t\t\t\t\t\t<\/div>\n\t\t\t\t\t\t<\/div>\n\t\t\t\t\t\t<\/div>\n\t\t\t\t\t\t\t\t\t\t<\/div>\n\t\t\t\t\t\t\t\t\t\t\t\t\t\t\t\t\t\t<\/div>\n\t\t\t\t\t\t\t\t\t\n\n\t\t\t\t\t<div\n\t\t\t\t\t\tclass=\"wp-block-uagb-image-gallery uagb-block-4367ea0f\"\n\t\t\t\t\t\tstyle=\"\"\n\t\t\t\t\t>\n\t\t\t\t\t\t\t\t\t\t\t<div class=\"spectra-image-gallery spectra-image-gallery__layout--masonry spectra-image-gallery__layout--masonry-col-2 spectra-image-gallery__layout--masonry-col-tab-3 spectra-image-gallery__layout--masonry-col-mob-2\">\n\t\t\t\t\t\t\t\t\t\t\t<div class='spectra-image-gallery__media-wrapper--isotope'>\n\t\t\t\t\t\t\t<div class='spectra-image-gallery__media-wrapper' data-spectra-gallery-image-id='85168' tabindex=\"0\">\n\t\t\t\t\t\t\t<div class=\"spectra-image-gallery__media spectra-image-gallery__media--masonry\">\n\t\t\t\t<picture>\n\t\t\t\t\t<source media=\"(min-width: 1024px)\" srcset=\"https:\/\/www.uartes.edu.ec\/sitio\/wp-content\/uploads\/2026\/01\/lengua-de-senas-experiencia-vivencial8-300x200.jpeg\">\n\t\t\t\t\t<source media=\"(min-width: 768px)\" srcset=\"https:\/\/www.uartes.edu.ec\/sitio\/wp-content\/uploads\/2026\/01\/lengua-de-senas-experiencia-vivencial8-644x429.jpeg\">\n\t\t\t\t\t<img decoding=\"async\" class=\"spectra-image-gallery__media-thumbnail spectra-image-gallery__media-thumbnail--masonry\" src=\"https:\/\/www.uartes.edu.ec\/sitio\/wp-content\/uploads\/2026\/01\/lengua-de-senas-experiencia-vivencial8-300x200.jpeg\" alt=\"\" loading=\"lazy\" \/>\n\t\t\t\t<\/picture>\n\t\t\t\t<div class=\"spectra-image-gallery__media-thumbnail-blurrer\"><\/div>\n\t\t\t\t\t\t\t\t\t\t\t<div class=\"spectra-image-gallery__media-thumbnail-caption-wrapper spectra-image-gallery__media-thumbnail-caption-wrapper--overlay\">\n\t\t\t\t\t\t\t\t\t\t\t<div class=\"spectra-image-gallery__media-thumbnail-caption spectra-image-gallery__media-thumbnail-caption--overlay\">\n\t\t\t\t\tAucune l\u00e9gende\t\t\t\t<\/div>\n\t\t\t\t\t\t\t\t\t\t<\/div>\n\t\t\t\t\t\t\t\t\t<\/div>\n\t\t\t\t\t\t<\/div>\n\t\t\t\t\t\t<\/div>\n\t\t\t\t\t\t<div class='spectra-image-gallery__media-wrapper--isotope'>\n\t\t\t\t\t\t\t<div class='spectra-image-gallery__media-wrapper' data-spectra-gallery-image-id='85167' tabindex=\"0\">\n\t\t\t\t\t\t\t<div class=\"spectra-image-gallery__media spectra-image-gallery__media--masonry\">\n\t\t\t\t<picture>\n\t\t\t\t\t<source media=\"(min-width: 1024px)\" srcset=\"https:\/\/www.uartes.edu.ec\/sitio\/wp-content\/uploads\/2026\/01\/lengua-de-senas-experiencia-vivencial10-300x200.jpeg\">\n\t\t\t\t\t<source media=\"(min-width: 768px)\" srcset=\"https:\/\/www.uartes.edu.ec\/sitio\/wp-content\/uploads\/2026\/01\/lengua-de-senas-experiencia-vivencial10-644x429.jpeg\">\n\t\t\t\t\t<img decoding=\"async\" class=\"spectra-image-gallery__media-thumbnail spectra-image-gallery__media-thumbnail--masonry\" src=\"https:\/\/www.uartes.edu.ec\/sitio\/wp-content\/uploads\/2026\/01\/lengua-de-senas-experiencia-vivencial10-300x200.jpeg\" alt=\"\" loading=\"lazy\" \/>\n\t\t\t\t<\/picture>\n\t\t\t\t<div class=\"spectra-image-gallery__media-thumbnail-blurrer\"><\/div>\n\t\t\t\t\t\t\t\t\t\t\t<div class=\"spectra-image-gallery__media-thumbnail-caption-wrapper spectra-image-gallery__media-thumbnail-caption-wrapper--overlay\">\n\t\t\t\t\t\t\t\t\t\t\t<div class=\"spectra-image-gallery__media-thumbnail-caption spectra-image-gallery__media-thumbnail-caption--overlay\">\n\t\t\t\t\tAucune l\u00e9gende\t\t\t\t<\/div>\n\t\t\t\t\t\t\t\t\t\t<\/div>\n\t\t\t\t\t\t\t\t\t<\/div>\n\t\t\t\t\t\t<\/div>\n\t\t\t\t\t\t<\/div>\n\t\t\t\t\t\t\t\t\t\t<\/div>\n\t\t\t\t\t\t\t\t\t\t\t\t\t\t\t\t\t\t<\/div>\n\t\t\t\t\t\t\t\t\t\n\n\n<p><\/p>\n\n\n\n<p>\u201cLas actividades desarrolladas en el m\u00f3dulo 2 fortalecieron las competencias gramaticales y comunicativas de los docentes en Lengua de Se\u00f1as Ecuatoriana, permitiendo una mayor comprensi\u00f3n de la estructura sint\u00e1ctica y su aplicaci\u00f3n en situaciones reales de interacci\u00f3n\u201d, indic\u00f3, mencionando tambi\u00e9n que el trabajo pr\u00e1ctico, complementado con experiencias art\u00edsticas y pedag\u00f3gicas junto a miembros y estudiantes de la comunidad sorda en diferentes grupos de edades, consolid\u00f3 el aprendizaje adquirido y foment\u00f3 una comunicaci\u00f3n m\u00e1s natural, expresiva y significativa en distintos contextos sociales y educativos.<\/p>\n\n\n\n<p>Reiter\u00f3 que el desarrollo del curso y sus m\u00f3dulos han tenido actividades pedag\u00f3gicas art\u00edsticas con ni\u00f1os sordos de 12 a\u00f1os de la Escuela Municipal Audici\u00f3n y Lenguaje. \u201cEn estos encuentros, la lengua de se\u00f1as cobra vida y se convierte en expresi\u00f3n art\u00edstica a trav\u00e9s del movimiento corporal\u201d.<\/p>\n\n\n\n<p>Cit\u00f3 tambi\u00e9n una actividad de Braille con miembros de la comunidad sorda de Guayaquil. Participaron docentes, dijo, destacando que el prop\u00f3sito fue proporcionarles herramientas para saber c\u00f3mo planificar y dar una clase y ponerse en la realidad \u201cporque una cosa es aprender la lengua de se\u00f1as y otra es su pr\u00e1ctica y desarrollo de esta forma de comunicaci\u00f3n\u201d.<\/p>\n\n\n\n<p>Los docentes tuvieron el escenario real,&nbsp;la experiencia vivencial&nbsp;de dar su clase, a\u00f1adi\u00f3. De esa actividad se grab\u00f3 un video que mostr\u00f3 el movimiento y&nbsp;las palabras&nbsp;en lengua de se\u00f1as convertidas&nbsp;en movimientos corporales, concluy\u00f3 Giovanna Ricaurte.<\/p>\n\n\n\t\t\t\t\t<div\n\t\t\t\t\t\tclass=\"wp-block-uagb-image-gallery uagb-block-e7ba7711\"\n\t\t\t\t\t\tstyle=\"\"\n\t\t\t\t\t>\n\t\t\t\t\t\t\t\t\t\t\t<div class=\"spectra-image-gallery spectra-image-gallery__layout--masonry spectra-image-gallery__layout--masonry-col-2 spectra-image-gallery__layout--masonry-col-tab-3 spectra-image-gallery__layout--masonry-col-mob-2\">\n\t\t\t\t\t\t\t\t\t\t\t<div class='spectra-image-gallery__media-wrapper--isotope'>\n\t\t\t\t\t\t\t<div class='spectra-image-gallery__media-wrapper' data-spectra-gallery-image-id='85171' tabindex=\"0\">\n\t\t\t\t\t\t\t<div class=\"spectra-image-gallery__media spectra-image-gallery__media--masonry\">\n\t\t\t\t<picture>\n\t\t\t\t\t<source media=\"(min-width: 1024px)\" srcset=\"https:\/\/www.uartes.edu.ec\/sitio\/wp-content\/uploads\/2026\/01\/lengua-de-senas-con-ninos5-644x429.jpg\">\n\t\t\t\t\t<source media=\"(min-width: 768px)\" srcset=\"https:\/\/www.uartes.edu.ec\/sitio\/wp-content\/uploads\/2026\/01\/lengua-de-senas-con-ninos5-644x429.jpg\">\n\t\t\t\t\t<img decoding=\"async\" class=\"spectra-image-gallery__media-thumbnail spectra-image-gallery__media-thumbnail--masonry\" src=\"https:\/\/www.uartes.edu.ec\/sitio\/wp-content\/uploads\/2026\/01\/lengua-de-senas-con-ninos5-300x200.jpg\" alt=\"\" loading=\"lazy\" \/>\n\t\t\t\t<\/picture>\n\t\t\t\t<div class=\"spectra-image-gallery__media-thumbnail-blurrer\"><\/div>\n\t\t\t\t\t\t\t\t\t\t\t<div class=\"spectra-image-gallery__media-thumbnail-caption-wrapper spectra-image-gallery__media-thumbnail-caption-wrapper--overlay\">\n\t\t\t\t\t\t\t\t\t\t\t<div class=\"spectra-image-gallery__media-thumbnail-caption spectra-image-gallery__media-thumbnail-caption--overlay\">\n\t\t\t\t\tAucune l\u00e9gende\t\t\t\t<\/div>\n\t\t\t\t\t\t\t\t\t\t<\/div>\n\t\t\t\t\t\t\t\t\t<\/div>\n\t\t\t\t\t\t<\/div>\n\t\t\t\t\t\t<\/div>\n\t\t\t\t\t\t<div class='spectra-image-gallery__media-wrapper--isotope'>\n\t\t\t\t\t\t\t<div class='spectra-image-gallery__media-wrapper' data-spectra-gallery-image-id='85172' tabindex=\"0\">\n\t\t\t\t\t\t\t<div class=\"spectra-image-gallery__media spectra-image-gallery__media--masonry\">\n\t\t\t\t<picture>\n\t\t\t\t\t<source media=\"(min-width: 1024px)\" srcset=\"https:\/\/www.uartes.edu.ec\/sitio\/wp-content\/uploads\/2026\/01\/lengua-de-senas-con-ninos4-644x429.jpg\">\n\t\t\t\t\t<source media=\"(min-width: 768px)\" srcset=\"https:\/\/www.uartes.edu.ec\/sitio\/wp-content\/uploads\/2026\/01\/lengua-de-senas-con-ninos4-644x429.jpg\">\n\t\t\t\t\t<img decoding=\"async\" class=\"spectra-image-gallery__media-thumbnail spectra-image-gallery__media-thumbnail--masonry\" src=\"https:\/\/www.uartes.edu.ec\/sitio\/wp-content\/uploads\/2026\/01\/lengua-de-senas-con-ninos4-300x200.jpg\" alt=\"\" loading=\"lazy\" \/>\n\t\t\t\t<\/picture>\n\t\t\t\t<div class=\"spectra-image-gallery__media-thumbnail-blurrer\"><\/div>\n\t\t\t\t\t\t\t\t\t\t\t<div class=\"spectra-image-gallery__media-thumbnail-caption-wrapper spectra-image-gallery__media-thumbnail-caption-wrapper--overlay\">\n\t\t\t\t\t\t\t\t\t\t\t<div class=\"spectra-image-gallery__media-thumbnail-caption spectra-image-gallery__media-thumbnail-caption--overlay\">\n\t\t\t\t\tAucune l\u00e9gende\t\t\t\t<\/div>\n\t\t\t\t\t\t\t\t\t\t<\/div>\n\t\t\t\t\t\t\t\t\t<\/div>\n\t\t\t\t\t\t<\/div>\n\t\t\t\t\t\t<\/div>\n\t\t\t\t\t\t\t\t\t\t<\/div>\n\t\t\t\t\t\t\t\t\t\t\t\t\t\t\t\t\t\t<\/div>\n\t\t\t\t\t\t\t\t\t\n\n<div class=\"wp-block-image\">\n<figure class=\"aligncenter size-large\"><img fetchpriority=\"high\" decoding=\"async\" width=\"644\" height=\"429\" src=\"https:\/\/www.uartes.edu.ec\/sitio\/wp-content\/uploads\/2026\/01\/lengua-de-senas-clase-practica10-644x429.jpg\" alt=\"\" class=\"wp-image-85173\" srcset=\"https:\/\/www.uartes.edu.ec\/sitio\/wp-content\/uploads\/2026\/01\/lengua-de-senas-clase-practica10-644x429.jpg 644w, https:\/\/www.uartes.edu.ec\/sitio\/wp-content\/uploads\/2026\/01\/lengua-de-senas-clase-practica10-300x200.jpg 300w, https:\/\/www.uartes.edu.ec\/sitio\/wp-content\/uploads\/2026\/01\/lengua-de-senas-clase-practica10-768x512.jpg 768w, https:\/\/www.uartes.edu.ec\/sitio\/wp-content\/uploads\/2026\/01\/lengua-de-senas-clase-practica10-1536x1024.jpg 1536w, https:\/\/www.uartes.edu.ec\/sitio\/wp-content\/uploads\/2026\/01\/lengua-de-senas-clase-practica10-18x12.jpg 18w, https:\/\/www.uartes.edu.ec\/sitio\/wp-content\/uploads\/2026\/01\/lengua-de-senas-clase-practica10-600x400.jpg 600w, https:\/\/www.uartes.edu.ec\/sitio\/wp-content\/uploads\/2026\/01\/lengua-de-senas-clase-practica10-400x267.jpg 400w, https:\/\/www.uartes.edu.ec\/sitio\/wp-content\/uploads\/2026\/01\/lengua-de-senas-clase-practica10.jpg 2000w\" sizes=\"(max-width: 644px) 100vw, 644px\" \/><\/figure>\n<\/div>\n\n\n<p>Texto y fotos: con la colaboraci\u00f3n de Giovanna Ricaurte\/DAEA UArtes. En las im\u00e1genes constan varias de las actividades pr\u00e1cticas y vivenciales desarrolladas en el marco del curso b\u00e1sico de Lengua de Se\u00f1as Ecuatoriana \u201cHerramientas b\u00e1sicas en entornos universitarios\u201d <\/p>\n\n\n\n<p><\/p>","protected":false},"excerpt":{"rendered":"<p>La creaci\u00f3n de un Club de Se\u00f1as de la UArtes est\u00e1 en an\u00e1lisis. Desde nuestra Direcci\u00f3n de Acompa\u00f1amiento al \u00c9xito Acad\u00e9mico (DAEA) se da cuenta de esa posibilidad e indica que el objetivo es generar espacios de pr\u00e1ctica constante para que alumnos, docentes, funcionarios y estudiantes sordos puedan interactuar, reforzar la estructura gramatical, ampliar el vocabulario y fortalecer la fluidez y precisi\u00f3n en la comunicaci\u00f3n.<\/p>","protected":false},"author":10,"featured_media":85166,"comment_status":"open","ping_status":"open","sticky":false,"template":"","format":"standard","meta":{"_acf_changed":false,"_uag_custom_page_level_css":"","_monsterinsights_skip_tracking":false,"_monsterinsights_sitenote_active":false,"_monsterinsights_sitenote_note":"","_monsterinsights_sitenote_category":0,"cybocfi_hide_featured_image":"","footnotes":""},"categories":[438,75,76,77],"tags":[538],"infouartes":[],"class_list":["post-85165","post","type-post","status-publish","format-standard","has-post-thumbnail","hentry","category-administrativos","category-docentes","category-estudiantes","category-gestion","tag-capacitacion"],"acf":[],"yoast_head":"<!-- This site is optimized with the Yoast SEO plugin v27.4 - https:\/\/yoast.com\/product\/yoast-seo-wordpress\/ -->\n<title>Universidad de las Artes - DAEA apunta a conformar un Club de Se\u00f1as y continuar con cursos y taller de cuentos en Braille para la comunidad UArtes<\/title>\n<meta name=\"description\" content=\"Universidad de las Artes - DAEA apunta a conformar un Club de Se\u00f1as y continuar con cursos y taller de cuentos en Braille para la comunidad UArtes\" \/>\n<meta name=\"robots\" content=\"index, follow, max-snippet:-1, max-image-preview:large, max-video-preview:-1\" \/>\n<link rel=\"canonical\" href=\"https:\/\/www.uartes.edu.ec\/sitio\/fr\/blog\/2026\/01\/19\/daea-apunta-a-conformar-un-club-de-senas-y-continuar-con-cursos-y-un-taller-de-cuentos-en-braille-para-la-comunidad-universitaria\/\" \/>\n<meta property=\"og:locale\" content=\"fr_FR\" \/>\n<meta property=\"og:type\" content=\"article\" \/>\n<meta property=\"og:title\" content=\"Universidad de las Artes - DAEA apunta a conformar un Club de Se\u00f1as y continuar con cursos y taller de cuentos en Braille para la comunidad UArtes\" \/>\n<meta property=\"og:description\" content=\"Universidad de las Artes - DAEA apunta a conformar un Club de Se\u00f1as y continuar con cursos y taller de cuentos en Braille para la comunidad UArtes\" \/>\n<meta property=\"og:url\" content=\"https:\/\/www.uartes.edu.ec\/sitio\/fr\/blog\/2026\/01\/19\/daea-apunta-a-conformar-un-club-de-senas-y-continuar-con-cursos-y-un-taller-de-cuentos-en-braille-para-la-comunidad-universitaria\/\" \/>\n<meta property=\"og:site_name\" content=\"Universidad de las Artes\" \/>\n<meta property=\"article:publisher\" content=\"https:\/\/www.facebook.com\/uartesec\" \/>\n<meta property=\"article:published_time\" content=\"2026-01-19T20:08:00+00:00\" \/>\n<meta property=\"article:modified_time\" content=\"2026-01-24T23:26:35+00:00\" \/>\n<meta property=\"og:image\" content=\"https:\/\/www.uartes.edu.ec\/sitio\/wp-content\/uploads\/2026\/01\/lengua-de-senas-clase-practica11.jpg\" \/>\n\t<meta property=\"og:image:width\" content=\"2000\" \/>\n\t<meta property=\"og:image:height\" content=\"1333\" \/>\n\t<meta property=\"og:image:type\" content=\"image\/jpeg\" \/>\n<meta name=\"author\" content=\"ccortez\" \/>\n<meta name=\"twitter:card\" content=\"summary_large_image\" \/>\n<meta name=\"twitter:creator\" content=\"@uartesec\" \/>\n<meta name=\"twitter:site\" content=\"@uartesec\" \/>\n<meta name=\"twitter:label1\" content=\"\u00c9crit par\" \/>\n\t<meta name=\"twitter:data1\" content=\"ccortez\" \/>\n\t<meta name=\"twitter:label2\" content=\"Dur\u00e9e de lecture estim\u00e9e\" \/>\n\t<meta name=\"twitter:data2\" content=\"3 minutes\" \/>\n<script type=\"application\/ld+json\" class=\"yoast-schema-graph\">{\"@context\":\"https:\\\/\\\/schema.org\",\"@graph\":[{\"@type\":\"Article\",\"@id\":\"https:\\\/\\\/www.uartes.edu.ec\\\/sitio\\\/fr\\\/blog\\\/2026\\\/01\\\/19\\\/daea-apunta-a-conformar-un-club-de-senas-y-continuar-con-cursos-y-un-taller-de-cuentos-en-braille-para-la-comunidad-universitaria\\\/#article\",\"isPartOf\":{\"@id\":\"https:\\\/\\\/www.uartes.edu.ec\\\/sitio\\\/fr\\\/blog\\\/2026\\\/01\\\/19\\\/daea-apunta-a-conformar-un-club-de-senas-y-continuar-con-cursos-y-un-taller-de-cuentos-en-braille-para-la-comunidad-universitaria\\\/\"},\"author\":{\"name\":\"ccortez\",\"@id\":\"https:\\\/\\\/www.uartes.edu.ec\\\/sitio\\\/fr\\\/#\\\/schema\\\/person\\\/efa1b8275797664fd7f13a79ccc0b1f4\"},\"headline\":\"DAEA apunta a conformar un Club de Se\u00f1as y continuar con cursos y taller de cuentos en Braille para la comunidad UArtes\",\"datePublished\":\"2026-01-19T20:08:00+00:00\",\"dateModified\":\"2026-01-24T23:26:35+00:00\",\"mainEntityOfPage\":{\"@id\":\"https:\\\/\\\/www.uartes.edu.ec\\\/sitio\\\/fr\\\/blog\\\/2026\\\/01\\\/19\\\/daea-apunta-a-conformar-un-club-de-senas-y-continuar-con-cursos-y-un-taller-de-cuentos-en-braille-para-la-comunidad-universitaria\\\/\"},\"wordCount\":608,\"commentCount\":0,\"publisher\":{\"@id\":\"https:\\\/\\\/www.uartes.edu.ec\\\/sitio\\\/fr\\\/#organization\"},\"image\":{\"@id\":\"https:\\\/\\\/www.uartes.edu.ec\\\/sitio\\\/fr\\\/blog\\\/2026\\\/01\\\/19\\\/daea-apunta-a-conformar-un-club-de-senas-y-continuar-con-cursos-y-un-taller-de-cuentos-en-braille-para-la-comunidad-universitaria\\\/#primaryimage\"},\"thumbnailUrl\":\"https:\\\/\\\/www.uartes.edu.ec\\\/sitio\\\/wp-content\\\/uploads\\\/2026\\\/01\\\/lengua-de-senas-clase-practica11.jpg\",\"keywords\":[\"capacitaci\u00f3n\"],\"articleSection\":[\"Administrativos\",\"Docentes\",\"Estudiantes\",\"Gesti\u00f3n\"],\"inLanguage\":\"fr-FR\",\"potentialAction\":[{\"@type\":\"CommentAction\",\"name\":\"Comment\",\"target\":[\"https:\\\/\\\/www.uartes.edu.ec\\\/sitio\\\/fr\\\/blog\\\/2026\\\/01\\\/19\\\/daea-apunta-a-conformar-un-club-de-senas-y-continuar-con-cursos-y-un-taller-de-cuentos-en-braille-para-la-comunidad-universitaria\\\/#respond\"]}]},{\"@type\":[\"WebPage\",\"ItemPage\"],\"@id\":\"https:\\\/\\\/www.uartes.edu.ec\\\/sitio\\\/fr\\\/blog\\\/2026\\\/01\\\/19\\\/daea-apunta-a-conformar-un-club-de-senas-y-continuar-con-cursos-y-un-taller-de-cuentos-en-braille-para-la-comunidad-universitaria\\\/\",\"url\":\"https:\\\/\\\/www.uartes.edu.ec\\\/sitio\\\/fr\\\/blog\\\/2026\\\/01\\\/19\\\/daea-apunta-a-conformar-un-club-de-senas-y-continuar-con-cursos-y-un-taller-de-cuentos-en-braille-para-la-comunidad-universitaria\\\/\",\"name\":\"Universidad de las Artes - DAEA apunta a conformar un Club de Se\u00f1as y continuar con cursos y taller de cuentos en Braille para la comunidad UArtes\",\"isPartOf\":{\"@id\":\"https:\\\/\\\/www.uartes.edu.ec\\\/sitio\\\/fr\\\/#website\"},\"primaryImageOfPage\":{\"@id\":\"https:\\\/\\\/www.uartes.edu.ec\\\/sitio\\\/fr\\\/blog\\\/2026\\\/01\\\/19\\\/daea-apunta-a-conformar-un-club-de-senas-y-continuar-con-cursos-y-un-taller-de-cuentos-en-braille-para-la-comunidad-universitaria\\\/#primaryimage\"},\"image\":{\"@id\":\"https:\\\/\\\/www.uartes.edu.ec\\\/sitio\\\/fr\\\/blog\\\/2026\\\/01\\\/19\\\/daea-apunta-a-conformar-un-club-de-senas-y-continuar-con-cursos-y-un-taller-de-cuentos-en-braille-para-la-comunidad-universitaria\\\/#primaryimage\"},\"thumbnailUrl\":\"https:\\\/\\\/www.uartes.edu.ec\\\/sitio\\\/wp-content\\\/uploads\\\/2026\\\/01\\\/lengua-de-senas-clase-practica11.jpg\",\"datePublished\":\"2026-01-19T20:08:00+00:00\",\"dateModified\":\"2026-01-24T23:26:35+00:00\",\"description\":\"Universidad de las Artes - DAEA apunta a conformar un Club de Se\u00f1as y continuar con cursos y taller de cuentos en Braille para la comunidad UArtes\",\"breadcrumb\":{\"@id\":\"https:\\\/\\\/www.uartes.edu.ec\\\/sitio\\\/fr\\\/blog\\\/2026\\\/01\\\/19\\\/daea-apunta-a-conformar-un-club-de-senas-y-continuar-con-cursos-y-un-taller-de-cuentos-en-braille-para-la-comunidad-universitaria\\\/#breadcrumb\"},\"inLanguage\":\"fr-FR\",\"potentialAction\":[{\"@type\":\"ReadAction\",\"target\":[\"https:\\\/\\\/www.uartes.edu.ec\\\/sitio\\\/fr\\\/blog\\\/2026\\\/01\\\/19\\\/daea-apunta-a-conformar-un-club-de-senas-y-continuar-con-cursos-y-un-taller-de-cuentos-en-braille-para-la-comunidad-universitaria\\\/\"]}]},{\"@type\":\"ImageObject\",\"inLanguage\":\"fr-FR\",\"@id\":\"https:\\\/\\\/www.uartes.edu.ec\\\/sitio\\\/fr\\\/blog\\\/2026\\\/01\\\/19\\\/daea-apunta-a-conformar-un-club-de-senas-y-continuar-con-cursos-y-un-taller-de-cuentos-en-braille-para-la-comunidad-universitaria\\\/#primaryimage\",\"url\":\"https:\\\/\\\/www.uartes.edu.ec\\\/sitio\\\/wp-content\\\/uploads\\\/2026\\\/01\\\/lengua-de-senas-clase-practica11.jpg\",\"contentUrl\":\"https:\\\/\\\/www.uartes.edu.ec\\\/sitio\\\/wp-content\\\/uploads\\\/2026\\\/01\\\/lengua-de-senas-clase-practica11.jpg\",\"width\":2000,\"height\":1333},{\"@type\":\"BreadcrumbList\",\"@id\":\"https:\\\/\\\/www.uartes.edu.ec\\\/sitio\\\/fr\\\/blog\\\/2026\\\/01\\\/19\\\/daea-apunta-a-conformar-un-club-de-senas-y-continuar-con-cursos-y-un-taller-de-cuentos-en-braille-para-la-comunidad-universitaria\\\/#breadcrumb\",\"itemListElement\":[{\"@type\":\"ListItem\",\"position\":1,\"name\":\"Inicio\",\"item\":\"https:\\\/\\\/www.uartes.edu.ec\\\/sitio\\\/\"},{\"@type\":\"ListItem\",\"position\":2,\"name\":\"DAEA apunta a conformar un Club de Se\u00f1as y continuar con cursos y taller de cuentos en Braille para la comunidad UArtes\"}]},{\"@type\":\"WebSite\",\"@id\":\"https:\\\/\\\/www.uartes.edu.ec\\\/sitio\\\/fr\\\/#website\",\"url\":\"https:\\\/\\\/www.uartes.edu.ec\\\/sitio\\\/fr\\\/\",\"name\":\"Universidad de las Artes\",\"description\":\"Sitio oficial de la Universidad Nacional de las Artes del Ecuador\",\"publisher\":{\"@id\":\"https:\\\/\\\/www.uartes.edu.ec\\\/sitio\\\/fr\\\/#organization\"},\"potentialAction\":[{\"@type\":\"SearchAction\",\"target\":{\"@type\":\"EntryPoint\",\"urlTemplate\":\"https:\\\/\\\/www.uartes.edu.ec\\\/sitio\\\/fr\\\/?s={search_term_string}\"},\"query-input\":{\"@type\":\"PropertyValueSpecification\",\"valueRequired\":true,\"valueName\":\"search_term_string\"}}],\"inLanguage\":\"fr-FR\"},{\"@type\":\"Organization\",\"@id\":\"https:\\\/\\\/www.uartes.edu.ec\\\/sitio\\\/fr\\\/#organization\",\"name\":\"Universidad de las Artes\",\"url\":\"https:\\\/\\\/www.uartes.edu.ec\\\/sitio\\\/fr\\\/\",\"logo\":{\"@type\":\"ImageObject\",\"inLanguage\":\"fr-FR\",\"@id\":\"https:\\\/\\\/www.uartes.edu.ec\\\/sitio\\\/fr\\\/#\\\/schema\\\/logo\\\/image\\\/\",\"url\":\"https:\\\/\\\/www.uartes.edu.ec\\\/sitio\\\/wp-content\\\/uploads\\\/2022\\\/07\\\/logo-ua-horizontal.png\",\"contentUrl\":\"https:\\\/\\\/www.uartes.edu.ec\\\/sitio\\\/wp-content\\\/uploads\\\/2022\\\/07\\\/logo-ua-horizontal.png\",\"width\":800,\"height\":276,\"caption\":\"Universidad de las Artes\"},\"image\":{\"@id\":\"https:\\\/\\\/www.uartes.edu.ec\\\/sitio\\\/fr\\\/#\\\/schema\\\/logo\\\/image\\\/\"},\"sameAs\":[\"https:\\\/\\\/www.facebook.com\\\/uartesec\",\"https:\\\/\\\/x.com\\\/uartesec\",\"https:\\\/\\\/www.tiktok.com\\\/@uartesec\"]},{\"@type\":\"Person\",\"@id\":\"https:\\\/\\\/www.uartes.edu.ec\\\/sitio\\\/fr\\\/#\\\/schema\\\/person\\\/efa1b8275797664fd7f13a79ccc0b1f4\",\"name\":\"ccortez\",\"image\":{\"@type\":\"ImageObject\",\"inLanguage\":\"fr-FR\",\"@id\":\"https:\\\/\\\/secure.gravatar.com\\\/avatar\\\/b2a6f664a3ae8e074346ef91775736c5ec479e637ecced6842de9dc98b5da9cd?s=96&d=mm&r=g\",\"url\":\"https:\\\/\\\/secure.gravatar.com\\\/avatar\\\/b2a6f664a3ae8e074346ef91775736c5ec479e637ecced6842de9dc98b5da9cd?s=96&d=mm&r=g\",\"contentUrl\":\"https:\\\/\\\/secure.gravatar.com\\\/avatar\\\/b2a6f664a3ae8e074346ef91775736c5ec479e637ecced6842de9dc98b5da9cd?s=96&d=mm&r=g\",\"caption\":\"ccortez\"},\"url\":\"https:\\\/\\\/www.uartes.edu.ec\\\/sitio\\\/fr\\\/blog\\\/author\\\/ccortez\\\/\"}]}<\/script>\n<!-- \/ Yoast SEO plugin. -->","yoast_head_json":{"title":"Universidad de las Artes - DAEA apunta a conformar un Club de Se\u00f1as y continuar con cursos y taller de cuentos en Braille para la comunidad UArtes","description":"Universidad de las Artes - DAEA apunta a conformar un Club de Se\u00f1as y continuar con cursos y taller de cuentos en Braille para la comunidad UArtes","robots":{"index":"index","follow":"follow","max-snippet":"max-snippet:-1","max-image-preview":"max-image-preview:large","max-video-preview":"max-video-preview:-1"},"canonical":"https:\/\/www.uartes.edu.ec\/sitio\/fr\/blog\/2026\/01\/19\/daea-apunta-a-conformar-un-club-de-senas-y-continuar-con-cursos-y-un-taller-de-cuentos-en-braille-para-la-comunidad-universitaria\/","og_locale":"fr_FR","og_type":"article","og_title":"Universidad de las Artes - DAEA apunta a conformar un Club de Se\u00f1as y continuar con cursos y taller de cuentos en Braille para la comunidad UArtes","og_description":"Universidad de las Artes - DAEA apunta a conformar un Club de Se\u00f1as y continuar con cursos y taller de cuentos en Braille para la comunidad UArtes","og_url":"https:\/\/www.uartes.edu.ec\/sitio\/fr\/blog\/2026\/01\/19\/daea-apunta-a-conformar-un-club-de-senas-y-continuar-con-cursos-y-un-taller-de-cuentos-en-braille-para-la-comunidad-universitaria\/","og_site_name":"Universidad de las Artes","article_publisher":"https:\/\/www.facebook.com\/uartesec","article_published_time":"2026-01-19T20:08:00+00:00","article_modified_time":"2026-01-24T23:26:35+00:00","og_image":[{"width":2000,"height":1333,"url":"https:\/\/www.uartes.edu.ec\/sitio\/wp-content\/uploads\/2026\/01\/lengua-de-senas-clase-practica11.jpg","type":"image\/jpeg"}],"author":"ccortez","twitter_card":"summary_large_image","twitter_creator":"@uartesec","twitter_site":"@uartesec","twitter_misc":{"\u00c9crit par":"ccortez","Dur\u00e9e de lecture estim\u00e9e":"3 minutes"},"schema":{"@context":"https:\/\/schema.org","@graph":[{"@type":"Article","@id":"https:\/\/www.uartes.edu.ec\/sitio\/fr\/blog\/2026\/01\/19\/daea-apunta-a-conformar-un-club-de-senas-y-continuar-con-cursos-y-un-taller-de-cuentos-en-braille-para-la-comunidad-universitaria\/#article","isPartOf":{"@id":"https:\/\/www.uartes.edu.ec\/sitio\/fr\/blog\/2026\/01\/19\/daea-apunta-a-conformar-un-club-de-senas-y-continuar-con-cursos-y-un-taller-de-cuentos-en-braille-para-la-comunidad-universitaria\/"},"author":{"name":"ccortez","@id":"https:\/\/www.uartes.edu.ec\/sitio\/fr\/#\/schema\/person\/efa1b8275797664fd7f13a79ccc0b1f4"},"headline":"DAEA apunta a conformar un Club de Se\u00f1as y continuar con cursos y taller de cuentos en Braille para la comunidad UArtes","datePublished":"2026-01-19T20:08:00+00:00","dateModified":"2026-01-24T23:26:35+00:00","mainEntityOfPage":{"@id":"https:\/\/www.uartes.edu.ec\/sitio\/fr\/blog\/2026\/01\/19\/daea-apunta-a-conformar-un-club-de-senas-y-continuar-con-cursos-y-un-taller-de-cuentos-en-braille-para-la-comunidad-universitaria\/"},"wordCount":608,"commentCount":0,"publisher":{"@id":"https:\/\/www.uartes.edu.ec\/sitio\/fr\/#organization"},"image":{"@id":"https:\/\/www.uartes.edu.ec\/sitio\/fr\/blog\/2026\/01\/19\/daea-apunta-a-conformar-un-club-de-senas-y-continuar-con-cursos-y-un-taller-de-cuentos-en-braille-para-la-comunidad-universitaria\/#primaryimage"},"thumbnailUrl":"https:\/\/www.uartes.edu.ec\/sitio\/wp-content\/uploads\/2026\/01\/lengua-de-senas-clase-practica11.jpg","keywords":["capacitaci\u00f3n"],"articleSection":["Administrativos","Docentes","Estudiantes","Gesti\u00f3n"],"inLanguage":"fr-FR","potentialAction":[{"@type":"CommentAction","name":"Comment","target":["https:\/\/www.uartes.edu.ec\/sitio\/fr\/blog\/2026\/01\/19\/daea-apunta-a-conformar-un-club-de-senas-y-continuar-con-cursos-y-un-taller-de-cuentos-en-braille-para-la-comunidad-universitaria\/#respond"]}]},{"@type":["WebPage","ItemPage"],"@id":"https:\/\/www.uartes.edu.ec\/sitio\/fr\/blog\/2026\/01\/19\/daea-apunta-a-conformar-un-club-de-senas-y-continuar-con-cursos-y-un-taller-de-cuentos-en-braille-para-la-comunidad-universitaria\/","url":"https:\/\/www.uartes.edu.ec\/sitio\/fr\/blog\/2026\/01\/19\/daea-apunta-a-conformar-un-club-de-senas-y-continuar-con-cursos-y-un-taller-de-cuentos-en-braille-para-la-comunidad-universitaria\/","name":"Universidad de las Artes - DAEA apunta a conformar un Club de Se\u00f1as y continuar con cursos y taller de cuentos en Braille para la comunidad UArtes","isPartOf":{"@id":"https:\/\/www.uartes.edu.ec\/sitio\/fr\/#website"},"primaryImageOfPage":{"@id":"https:\/\/www.uartes.edu.ec\/sitio\/fr\/blog\/2026\/01\/19\/daea-apunta-a-conformar-un-club-de-senas-y-continuar-con-cursos-y-un-taller-de-cuentos-en-braille-para-la-comunidad-universitaria\/#primaryimage"},"image":{"@id":"https:\/\/www.uartes.edu.ec\/sitio\/fr\/blog\/2026\/01\/19\/daea-apunta-a-conformar-un-club-de-senas-y-continuar-con-cursos-y-un-taller-de-cuentos-en-braille-para-la-comunidad-universitaria\/#primaryimage"},"thumbnailUrl":"https:\/\/www.uartes.edu.ec\/sitio\/wp-content\/uploads\/2026\/01\/lengua-de-senas-clase-practica11.jpg","datePublished":"2026-01-19T20:08:00+00:00","dateModified":"2026-01-24T23:26:35+00:00","description":"Universidad de las Artes - DAEA apunta a conformar un Club de Se\u00f1as y continuar con cursos y taller de cuentos en Braille para la comunidad UArtes","breadcrumb":{"@id":"https:\/\/www.uartes.edu.ec\/sitio\/fr\/blog\/2026\/01\/19\/daea-apunta-a-conformar-un-club-de-senas-y-continuar-con-cursos-y-un-taller-de-cuentos-en-braille-para-la-comunidad-universitaria\/#breadcrumb"},"inLanguage":"fr-FR","potentialAction":[{"@type":"ReadAction","target":["https:\/\/www.uartes.edu.ec\/sitio\/fr\/blog\/2026\/01\/19\/daea-apunta-a-conformar-un-club-de-senas-y-continuar-con-cursos-y-un-taller-de-cuentos-en-braille-para-la-comunidad-universitaria\/"]}]},{"@type":"ImageObject","inLanguage":"fr-FR","@id":"https:\/\/www.uartes.edu.ec\/sitio\/fr\/blog\/2026\/01\/19\/daea-apunta-a-conformar-un-club-de-senas-y-continuar-con-cursos-y-un-taller-de-cuentos-en-braille-para-la-comunidad-universitaria\/#primaryimage","url":"https:\/\/www.uartes.edu.ec\/sitio\/wp-content\/uploads\/2026\/01\/lengua-de-senas-clase-practica11.jpg","contentUrl":"https:\/\/www.uartes.edu.ec\/sitio\/wp-content\/uploads\/2026\/01\/lengua-de-senas-clase-practica11.jpg","width":2000,"height":1333},{"@type":"BreadcrumbList","@id":"https:\/\/www.uartes.edu.ec\/sitio\/fr\/blog\/2026\/01\/19\/daea-apunta-a-conformar-un-club-de-senas-y-continuar-con-cursos-y-un-taller-de-cuentos-en-braille-para-la-comunidad-universitaria\/#breadcrumb","itemListElement":[{"@type":"ListItem","position":1,"name":"Inicio","item":"https:\/\/www.uartes.edu.ec\/sitio\/"},{"@type":"ListItem","position":2,"name":"DAEA apunta a conformar un Club de Se\u00f1as y continuar con cursos y taller de cuentos en Braille para la comunidad UArtes"}]},{"@type":"WebSite","@id":"https:\/\/www.uartes.edu.ec\/sitio\/fr\/#website","url":"https:\/\/www.uartes.edu.ec\/sitio\/fr\/","name":"Universidad de las Artes","description":"Sitio oficial de la Universidad Nacional de las Artes del Ecuador","publisher":{"@id":"https:\/\/www.uartes.edu.ec\/sitio\/fr\/#organization"},"potentialAction":[{"@type":"SearchAction","target":{"@type":"EntryPoint","urlTemplate":"https:\/\/www.uartes.edu.ec\/sitio\/fr\/?s={search_term_string}"},"query-input":{"@type":"PropertyValueSpecification","valueRequired":true,"valueName":"search_term_string"}}],"inLanguage":"fr-FR"},{"@type":"Organization","@id":"https:\/\/www.uartes.edu.ec\/sitio\/fr\/#organization","name":"Universidad de las Artes","url":"https:\/\/www.uartes.edu.ec\/sitio\/fr\/","logo":{"@type":"ImageObject","inLanguage":"fr-FR","@id":"https:\/\/www.uartes.edu.ec\/sitio\/fr\/#\/schema\/logo\/image\/","url":"https:\/\/www.uartes.edu.ec\/sitio\/wp-content\/uploads\/2022\/07\/logo-ua-horizontal.png","contentUrl":"https:\/\/www.uartes.edu.ec\/sitio\/wp-content\/uploads\/2022\/07\/logo-ua-horizontal.png","width":800,"height":276,"caption":"Universidad de las Artes"},"image":{"@id":"https:\/\/www.uartes.edu.ec\/sitio\/fr\/#\/schema\/logo\/image\/"},"sameAs":["https:\/\/www.facebook.com\/uartesec","https:\/\/x.com\/uartesec","https:\/\/www.tiktok.com\/@uartesec"]},{"@type":"Person","@id":"https:\/\/www.uartes.edu.ec\/sitio\/fr\/#\/schema\/person\/efa1b8275797664fd7f13a79ccc0b1f4","name":"ccortez","image":{"@type":"ImageObject","inLanguage":"fr-FR","@id":"https:\/\/secure.gravatar.com\/avatar\/b2a6f664a3ae8e074346ef91775736c5ec479e637ecced6842de9dc98b5da9cd?s=96&d=mm&r=g","url":"https:\/\/secure.gravatar.com\/avatar\/b2a6f664a3ae8e074346ef91775736c5ec479e637ecced6842de9dc98b5da9cd?s=96&d=mm&r=g","contentUrl":"https:\/\/secure.gravatar.com\/avatar\/b2a6f664a3ae8e074346ef91775736c5ec479e637ecced6842de9dc98b5da9cd?s=96&d=mm&r=g","caption":"ccortez"},"url":"https:\/\/www.uartes.edu.ec\/sitio\/fr\/blog\/author\/ccortez\/"}]}},"uagb_featured_image_src":{"full":["https:\/\/www.uartes.edu.ec\/sitio\/wp-content\/uploads\/2026\/01\/lengua-de-senas-clase-practica11.jpg",2000,1333,false],"thumbnail":["https:\/\/www.uartes.edu.ec\/sitio\/wp-content\/uploads\/2026\/01\/lengua-de-senas-clase-practica11-150x150.jpg",150,150,true],"medium":["https:\/\/www.uartes.edu.ec\/sitio\/wp-content\/uploads\/2026\/01\/lengua-de-senas-clase-practica11-300x200.jpg",300,200,true],"medium_large":["https:\/\/www.uartes.edu.ec\/sitio\/wp-content\/uploads\/2026\/01\/lengua-de-senas-clase-practica11-768x512.jpg",768,512,true],"large":["https:\/\/www.uartes.edu.ec\/sitio\/wp-content\/uploads\/2026\/01\/lengua-de-senas-clase-practica11-644x429.jpg",644,429,true],"1536x1536":["https:\/\/www.uartes.edu.ec\/sitio\/wp-content\/uploads\/2026\/01\/lengua-de-senas-clase-practica11-1536x1024.jpg",1536,1024,true],"2048x2048":["https:\/\/www.uartes.edu.ec\/sitio\/wp-content\/uploads\/2026\/01\/lengua-de-senas-clase-practica11.jpg",2000,1333,false],"trp-custom-language-flag":["https:\/\/www.uartes.edu.ec\/sitio\/wp-content\/uploads\/2026\/01\/lengua-de-senas-clase-practica11-18x12.jpg",18,12,true],"htmega_size_585x295":["https:\/\/www.uartes.edu.ec\/sitio\/wp-content\/uploads\/2026\/01\/lengua-de-senas-clase-practica11-585x295.jpg",585,295,true],"htmega_size_1170x536":["https:\/\/www.uartes.edu.ec\/sitio\/wp-content\/uploads\/2026\/01\/lengua-de-senas-clase-practica11-1170x536.jpg",1170,536,true],"htmega_size_396x360":["https:\/\/www.uartes.edu.ec\/sitio\/wp-content\/uploads\/2026\/01\/lengua-de-senas-clase-practica11-396x360.jpg",396,360,true],"gb-block-post-grid-landscape":["https:\/\/www.uartes.edu.ec\/sitio\/wp-content\/uploads\/2026\/01\/lengua-de-senas-clase-practica11-600x400.jpg",600,400,true],"gb-block-post-grid-square":["https:\/\/www.uartes.edu.ec\/sitio\/wp-content\/uploads\/2026\/01\/lengua-de-senas-clase-practica11-600x600.jpg",600,600,true],"university-hub-thumb":["https:\/\/www.uartes.edu.ec\/sitio\/wp-content\/uploads\/2026\/01\/lengua-de-senas-clase-practica11-400x267.jpg",400,267,true]},"uagb_author_info":{"display_name":"ccortez","author_link":"https:\/\/www.uartes.edu.ec\/sitio\/fr\/blog\/author\/ccortez\/"},"uagb_comment_info":0,"uagb_excerpt":"La creaci\u00f3n de un Club de Se\u00f1as de la UArtes est\u00e1 en an\u00e1lisis. Desde nuestra Direcci\u00f3n de Acompa\u00f1amiento al \u00c9xito Acad\u00e9mico (DAEA) se da cuenta de esa posibilidad e indica que el objetivo es generar espacios de pr\u00e1ctica constante para que alumnos, docentes, funcionarios y estudiantes sordos puedan interactuar, reforzar la estructura gramatical, ampliar el\u2026","featured_image_src":"https:\/\/www.uartes.edu.ec\/sitio\/wp-content\/uploads\/2026\/01\/lengua-de-senas-clase-practica11-600x400.jpg","featured_image_src_square":"https:\/\/www.uartes.edu.ec\/sitio\/wp-content\/uploads\/2026\/01\/lengua-de-senas-clase-practica11-600x600.jpg","author_info":{"display_name":"ccortez","author_link":"https:\/\/www.uartes.edu.ec\/sitio\/fr\/blog\/author\/ccortez\/"},"publishpress_future_workflow_manual_trigger":{"enabledWorkflows":[]},"distributor_meta":false,"distributor_terms":false,"distributor_media":false,"distributor_original_site_name":"Universidad de las Artes","distributor_original_site_url":"https:\/\/www.uartes.edu.ec\/sitio\/fr","push-errors":false,"_links":{"self":[{"href":"https:\/\/www.uartes.edu.ec\/sitio\/fr\/wp-json\/wp\/v2\/posts\/85165","targetHints":{"allow":["GET"]}}],"collection":[{"href":"https:\/\/www.uartes.edu.ec\/sitio\/fr\/wp-json\/wp\/v2\/posts"}],"about":[{"href":"https:\/\/www.uartes.edu.ec\/sitio\/fr\/wp-json\/wp\/v2\/types\/post"}],"author":[{"embeddable":true,"href":"https:\/\/www.uartes.edu.ec\/sitio\/fr\/wp-json\/wp\/v2\/users\/10"}],"replies":[{"embeddable":true,"href":"https:\/\/www.uartes.edu.ec\/sitio\/fr\/wp-json\/wp\/v2\/comments?post=85165"}],"version-history":[{"count":4,"href":"https:\/\/www.uartes.edu.ec\/sitio\/fr\/wp-json\/wp\/v2\/posts\/85165\/revisions"}],"predecessor-version":[{"id":85185,"href":"https:\/\/www.uartes.edu.ec\/sitio\/fr\/wp-json\/wp\/v2\/posts\/85165\/revisions\/85185"}],"wp:featuredmedia":[{"embeddable":true,"href":"https:\/\/www.uartes.edu.ec\/sitio\/fr\/wp-json\/wp\/v2\/media\/85166"}],"wp:attachment":[{"href":"https:\/\/www.uartes.edu.ec\/sitio\/fr\/wp-json\/wp\/v2\/media?parent=85165"}],"wp:term":[{"taxonomy":"category","embeddable":true,"href":"https:\/\/www.uartes.edu.ec\/sitio\/fr\/wp-json\/wp\/v2\/categories?post=85165"},{"taxonomy":"post_tag","embeddable":true,"href":"https:\/\/www.uartes.edu.ec\/sitio\/fr\/wp-json\/wp\/v2\/tags?post=85165"},{"taxonomy":"infouartes","embeddable":true,"href":"https:\/\/www.uartes.edu.ec\/sitio\/fr\/wp-json\/wp\/v2\/infouartes?post=85165"}],"curies":[{"name":"wp","href":"https:\/\/api.w.org\/{rel}","templated":true}]}}