{"id":85251,"date":"2026-01-26T15:36:00","date_gmt":"2026-01-26T20:36:00","guid":{"rendered":"https:\/\/www.uartes.edu.ec\/sitio\/?p=85251"},"modified":"2026-01-28T14:18:28","modified_gmt":"2026-01-28T19:18:28","slug":"uartes-presente-en-la-i-feria-regional-de-proyectos-de-vinculacion-que-realizo-la-universidad-tecnica-de-cotopaxi","status":"publish","type":"post","link":"https:\/\/www.uartes.edu.ec\/sitio\/fr\/blog\/2026\/01\/26\/uartes-presente-en-la-i-feria-regional-de-proyectos-de-vinculacion-que-realizo-la-universidad-tecnica-de-cotopaxi\/","title":{"rendered":"UArtes, presente en la I Feria Regional de Proyectos de Vinculaci\u00f3n que realiz\u00f3 con las IES la Universidad T\u00e9cnica de Cotopaxi"},"content":{"rendered":"<p>: La Universidad de las Artes estuvo presente en la I Feria Regional de Proyectos de Vinculaci\u00f3n que organiz\u00f3 la Universidad T\u00e9cnica de Cotopaxi (UTC) el jueves 22 de enero de 2026, en el marco de las actividades por su trig\u00e9simo primer aniversario. La cita convoc\u00f3 a ocho instituciones de educaci\u00f3n superior de varias ciudades del pa\u00eds.<\/p>\n\n\n\n<p>La delegaci\u00f3n UArtes estuvo conformada por Janina Su\u00e1rez, jefa de Pr\u00e1cticas Preprofesionales y directora del proyecto de vinculaci\u00f3n \u201cEscuela de las Artes\u201d; Patricio S\u00e1nchez, especialista en seguimiento de proyectos de vinculaci\u00f3n; y, Ronny Ramos, analista de convenios nacionales, ambos de la Direcci\u00f3n de Vinculaci\u00f3n con la Sociedad.<\/p>\n\n\n\n<p>Durante la jornada, los representantes de las IES fueron entrevistados por medios locales y presentados ante la comunidad asistente. Tambi\u00e9n mantuvieron un di\u00e1logo con el director general de Vinculaci\u00f3n con la Sociedad de la UTC, Ing. Vladimir Ortiz, responsable de la organizaci\u00f3n de la feria, cuyo recinto \u2013con varios stands donde las universidades invitadas dieron informaci\u00f3n de los proyectos ejecutados en territorio\u2013 estuvo ubicado en el parqueadero del campus San Felipe de la instituci\u00f3n anfitriona, en Latacunga.<\/p>\n\n\n<div class=\"wp-block-image\">\n<figure class=\"aligncenter size-large\"><img fetchpriority=\"high\" decoding=\"async\" width=\"644\" height=\"429\" src=\"https:\/\/www.uartes.edu.ec\/sitio\/wp-content\/uploads\/2026\/01\/Proyecto-Cambiar-tamano-de-imagen-2026-01-26T180749.003-644x429.jpeg\" alt=\"\" class=\"wp-image-85253\" srcset=\"https:\/\/www.uartes.edu.ec\/sitio\/wp-content\/uploads\/2026\/01\/Proyecto-Cambiar-tamano-de-imagen-2026-01-26T180749.003-644x429.jpeg 644w, https:\/\/www.uartes.edu.ec\/sitio\/wp-content\/uploads\/2026\/01\/Proyecto-Cambiar-tamano-de-imagen-2026-01-26T180749.003-300x200.jpeg 300w, https:\/\/www.uartes.edu.ec\/sitio\/wp-content\/uploads\/2026\/01\/Proyecto-Cambiar-tamano-de-imagen-2026-01-26T180749.003-768x512.jpeg 768w, https:\/\/www.uartes.edu.ec\/sitio\/wp-content\/uploads\/2026\/01\/Proyecto-Cambiar-tamano-de-imagen-2026-01-26T180749.003-1536x1024.jpeg 1536w, https:\/\/www.uartes.edu.ec\/sitio\/wp-content\/uploads\/2026\/01\/Proyecto-Cambiar-tamano-de-imagen-2026-01-26T180749.003-18x12.jpeg 18w, https:\/\/www.uartes.edu.ec\/sitio\/wp-content\/uploads\/2026\/01\/Proyecto-Cambiar-tamano-de-imagen-2026-01-26T180749.003-600x400.jpeg 600w, https:\/\/www.uartes.edu.ec\/sitio\/wp-content\/uploads\/2026\/01\/Proyecto-Cambiar-tamano-de-imagen-2026-01-26T180749.003-400x267.jpeg 400w, https:\/\/www.uartes.edu.ec\/sitio\/wp-content\/uploads\/2026\/01\/Proyecto-Cambiar-tamano-de-imagen-2026-01-26T180749.003.jpeg 2000w\" sizes=\"(max-width: 644px) 100vw, 644px\" \/><\/figure>\n<\/div>\n\n\n<figure class=\"wp-block-gallery has-nested-images columns-default is-cropped wp-block-gallery-1 is-layout-flex wp-block-gallery-is-layout-flex\">\n<figure class=\"wp-block-image size-large\"><img decoding=\"async\" width=\"644\" height=\"429\" data-id=\"85255\" src=\"https:\/\/www.uartes.edu.ec\/sitio\/wp-content\/uploads\/2026\/01\/Proyecto-Cambiar-tamano-de-imagen-2026-01-26T175726.529-644x429.jpeg\" alt=\"\" class=\"wp-image-85255\" srcset=\"https:\/\/www.uartes.edu.ec\/sitio\/wp-content\/uploads\/2026\/01\/Proyecto-Cambiar-tamano-de-imagen-2026-01-26T175726.529-644x429.jpeg 644w, https:\/\/www.uartes.edu.ec\/sitio\/wp-content\/uploads\/2026\/01\/Proyecto-Cambiar-tamano-de-imagen-2026-01-26T175726.529-300x200.jpeg 300w, https:\/\/www.uartes.edu.ec\/sitio\/wp-content\/uploads\/2026\/01\/Proyecto-Cambiar-tamano-de-imagen-2026-01-26T175726.529-768x512.jpeg 768w, https:\/\/www.uartes.edu.ec\/sitio\/wp-content\/uploads\/2026\/01\/Proyecto-Cambiar-tamano-de-imagen-2026-01-26T175726.529-1536x1024.jpeg 1536w, https:\/\/www.uartes.edu.ec\/sitio\/wp-content\/uploads\/2026\/01\/Proyecto-Cambiar-tamano-de-imagen-2026-01-26T175726.529-18x12.jpeg 18w, https:\/\/www.uartes.edu.ec\/sitio\/wp-content\/uploads\/2026\/01\/Proyecto-Cambiar-tamano-de-imagen-2026-01-26T175726.529-600x400.jpeg 600w, https:\/\/www.uartes.edu.ec\/sitio\/wp-content\/uploads\/2026\/01\/Proyecto-Cambiar-tamano-de-imagen-2026-01-26T175726.529-400x267.jpeg 400w, https:\/\/www.uartes.edu.ec\/sitio\/wp-content\/uploads\/2026\/01\/Proyecto-Cambiar-tamano-de-imagen-2026-01-26T175726.529.jpeg 2000w\" sizes=\"(max-width: 644px) 100vw, 644px\" \/><\/figure>\n\n\n\n<figure class=\"wp-block-image size-large\"><img decoding=\"async\" width=\"644\" height=\"429\" data-id=\"85254\" src=\"https:\/\/www.uartes.edu.ec\/sitio\/wp-content\/uploads\/2026\/01\/Proyecto-Cambiar-tamano-de-imagen-2026-01-26T175518.981-644x429.jpeg\" alt=\"\" class=\"wp-image-85254\" srcset=\"https:\/\/www.uartes.edu.ec\/sitio\/wp-content\/uploads\/2026\/01\/Proyecto-Cambiar-tamano-de-imagen-2026-01-26T175518.981-644x429.jpeg 644w, https:\/\/www.uartes.edu.ec\/sitio\/wp-content\/uploads\/2026\/01\/Proyecto-Cambiar-tamano-de-imagen-2026-01-26T175518.981-300x200.jpeg 300w, https:\/\/www.uartes.edu.ec\/sitio\/wp-content\/uploads\/2026\/01\/Proyecto-Cambiar-tamano-de-imagen-2026-01-26T175518.981-768x512.jpeg 768w, https:\/\/www.uartes.edu.ec\/sitio\/wp-content\/uploads\/2026\/01\/Proyecto-Cambiar-tamano-de-imagen-2026-01-26T175518.981-1536x1024.jpeg 1536w, https:\/\/www.uartes.edu.ec\/sitio\/wp-content\/uploads\/2026\/01\/Proyecto-Cambiar-tamano-de-imagen-2026-01-26T175518.981-18x12.jpeg 18w, https:\/\/www.uartes.edu.ec\/sitio\/wp-content\/uploads\/2026\/01\/Proyecto-Cambiar-tamano-de-imagen-2026-01-26T175518.981-600x400.jpeg 600w, https:\/\/www.uartes.edu.ec\/sitio\/wp-content\/uploads\/2026\/01\/Proyecto-Cambiar-tamano-de-imagen-2026-01-26T175518.981-400x267.jpeg 400w, https:\/\/www.uartes.edu.ec\/sitio\/wp-content\/uploads\/2026\/01\/Proyecto-Cambiar-tamano-de-imagen-2026-01-26T175518.981.jpeg 2000w\" sizes=\"(max-width: 644px) 100vw, 644px\" \/><\/figure>\n<\/figure>\n\n\n\n<p><\/p>\n\n\n\n<p>En entrevista con medios de comunicaci\u00f3n, la doctora Janina Su\u00e1rez Pinz\u00f3n, jefa de Pr\u00e1cticas Preprofesionales UArtes, destac\u00f3 que es indispensable que las diferentes universidades puedan hablar sobre los proyectos de vinculaci\u00f3n con sociedad que ejecutan y mostrar los resultados obtenidos en todos sus procesos.<\/p>\n\n\n\n<p>Agreg\u00f3 que, a la feria, la Universidad de las Artes llev\u00f3 un compilado de proyectos de vinculaci\u00f3n con la sociedad, en especial la \u201cEscuela de las Artes\u201d que se puso en pr\u00e1ctica en 2025. \u201cFueron m\u00e1s de 40 talleres art\u00edsticos que realizamos en la provincia del Guayas, los cuales fueron impartidos por las y los alumnos de la universidad en comunidades en vulnerabilidad social\u201d.<\/p>\n\n\n<div class=\"wp-block-image\">\n<figure class=\"aligncenter size-large\"><img loading=\"lazy\" decoding=\"async\" width=\"644\" height=\"429\" src=\"https:\/\/www.uartes.edu.ec\/sitio\/wp-content\/uploads\/2026\/01\/Proyecto-Cambiar-tamano-de-imagen-2026-01-28T122953.420-644x429.jpeg\" alt=\"\" class=\"wp-image-85328\" srcset=\"https:\/\/www.uartes.edu.ec\/sitio\/wp-content\/uploads\/2026\/01\/Proyecto-Cambiar-tamano-de-imagen-2026-01-28T122953.420-644x429.jpeg 644w, https:\/\/www.uartes.edu.ec\/sitio\/wp-content\/uploads\/2026\/01\/Proyecto-Cambiar-tamano-de-imagen-2026-01-28T122953.420-300x200.jpeg 300w, https:\/\/www.uartes.edu.ec\/sitio\/wp-content\/uploads\/2026\/01\/Proyecto-Cambiar-tamano-de-imagen-2026-01-28T122953.420-768x512.jpeg 768w, https:\/\/www.uartes.edu.ec\/sitio\/wp-content\/uploads\/2026\/01\/Proyecto-Cambiar-tamano-de-imagen-2026-01-28T122953.420-1536x1024.jpeg 1536w, https:\/\/www.uartes.edu.ec\/sitio\/wp-content\/uploads\/2026\/01\/Proyecto-Cambiar-tamano-de-imagen-2026-01-28T122953.420-18x12.jpeg 18w, https:\/\/www.uartes.edu.ec\/sitio\/wp-content\/uploads\/2026\/01\/Proyecto-Cambiar-tamano-de-imagen-2026-01-28T122953.420-600x400.jpeg 600w, https:\/\/www.uartes.edu.ec\/sitio\/wp-content\/uploads\/2026\/01\/Proyecto-Cambiar-tamano-de-imagen-2026-01-28T122953.420-400x267.jpeg 400w, https:\/\/www.uartes.edu.ec\/sitio\/wp-content\/uploads\/2026\/01\/Proyecto-Cambiar-tamano-de-imagen-2026-01-28T122953.420.jpeg 2000w\" sizes=\"(max-width: 644px) 100vw, 644px\" \/><\/figure>\n<\/div>\n\n\n<p>En su intervenci\u00f3n, el director general de Vinculaci\u00f3n con la Sociedad de la UTC se\u00f1al\u00f3 que ocho instituciones de educaci\u00f3n superior, entre institutos, universidades y escuelas polit\u00e9cnicas, se sumaron a la iniciativa y llegaron a la capital de la provincia de Cotopaxi con resultados de las acciones de v\u00ednculo que vienen desarrollando en diferentes territorios de sus ciudades. Tambi\u00e9n expres\u00f3 la satisfacci\u00f3n de congregar a las IES del pa\u00eds para difundir lo que se hace como responsabilidad social y vinculaci\u00f3n con la sociedad.<\/p>\n\n\n\n<p>Al t\u00e9rmino de la I Feria Regional de Proyectos de Vinculaci\u00f3n, la UTC entreg\u00f3 certificados de participaci\u00f3n a todas las universidades e institutos presentes y la Dra. Janina Su\u00e1rez fue seleccionada entre sus representantes para ofrecer unas palabras de cierre y agradecimiento.<\/p>\n\n\n<div class=\"wp-block-image\">\n<figure class=\"aligncenter size-large\"><img loading=\"lazy\" decoding=\"async\" width=\"644\" height=\"429\" src=\"https:\/\/www.uartes.edu.ec\/sitio\/wp-content\/uploads\/2026\/01\/Proyecto-Cambiar-tamano-de-imagen-2026-01-26T180247.652-644x429.jpeg\" alt=\"\" class=\"wp-image-85258\" srcset=\"https:\/\/www.uartes.edu.ec\/sitio\/wp-content\/uploads\/2026\/01\/Proyecto-Cambiar-tamano-de-imagen-2026-01-26T180247.652-644x429.jpeg 644w, https:\/\/www.uartes.edu.ec\/sitio\/wp-content\/uploads\/2026\/01\/Proyecto-Cambiar-tamano-de-imagen-2026-01-26T180247.652-300x200.jpeg 300w, https:\/\/www.uartes.edu.ec\/sitio\/wp-content\/uploads\/2026\/01\/Proyecto-Cambiar-tamano-de-imagen-2026-01-26T180247.652-768x512.jpeg 768w, https:\/\/www.uartes.edu.ec\/sitio\/wp-content\/uploads\/2026\/01\/Proyecto-Cambiar-tamano-de-imagen-2026-01-26T180247.652-1536x1024.jpeg 1536w, https:\/\/www.uartes.edu.ec\/sitio\/wp-content\/uploads\/2026\/01\/Proyecto-Cambiar-tamano-de-imagen-2026-01-26T180247.652-18x12.jpeg 18w, https:\/\/www.uartes.edu.ec\/sitio\/wp-content\/uploads\/2026\/01\/Proyecto-Cambiar-tamano-de-imagen-2026-01-26T180247.652-600x400.jpeg 600w, https:\/\/www.uartes.edu.ec\/sitio\/wp-content\/uploads\/2026\/01\/Proyecto-Cambiar-tamano-de-imagen-2026-01-26T180247.652-400x267.jpeg 400w, https:\/\/www.uartes.edu.ec\/sitio\/wp-content\/uploads\/2026\/01\/Proyecto-Cambiar-tamano-de-imagen-2026-01-26T180247.652.jpeg 2000w\" sizes=\"(max-width: 644px) 100vw, 644px\" \/><\/figure>\n<\/div>\n\n\n<p>Texto y fotos: con la colaboraci\u00f3n de Ronny Ramos\/Direcci\u00f3n de Vinculaci\u00f3n con la Sociedad. Edici\u00f3n: Carmen Cortez\/Dircom. Las im\u00e1genes corresponden a la participaci\u00f3n de la UArtes en la feria; Janina Su\u00e1rez en las varias intervenciones que tuvo, as\u00ed como Patricio S\u00e1nchez en el stand de nuestra instituci\u00f3n; sobre estas l\u00edneas, en la gr\u00e1fica constan tambi\u00e9n Ronny Ramos (d) y Rub\u00e9n Guevara (segundo, d).<\/p>","protected":false},"excerpt":{"rendered":"<p>Con el prop\u00f3sito de mostrar a la comunidad universitaria y ciudadan\u00eda en general los proyectos de v\u00ednculo que vienen desarrollando las instituciones de educaci\u00f3n superior del pa\u00eds, la Universidad T\u00e9cnica de Cotopaxi organiz\u00f3 la I Feria Regional de Proyectos de Vinculaci\u00f3n. La Universidad de las Artes estuvo presente en la cita y dio a conocer el trabajo que nuestros docentes y estudiantes realizan en territorio.<\/p>","protected":false},"author":10,"featured_media":85252,"comment_status":"open","ping_status":"open","sticky":false,"template":"","format":"standard","meta":{"_acf_changed":false,"_uag_custom_page_level_css":"","_monsterinsights_skip_tracking":false,"_monsterinsights_sitenote_active":false,"_monsterinsights_sitenote_note":"","_monsterinsights_sitenote_category":0,"cybocfi_hide_featured_image":"","footnotes":""},"categories":[80,438,82,75,77,79],"tags":[517],"infouartes":[],"class_list":["post-85251","post","type-post","status-publish","format-standard","has-post-thumbnail","hentry","category-academico","category-administrativos","category-artes","category-docentes","category-gestion","category-vinculo","tag-exposicion"],"acf":[],"yoast_head":"<!-- This site is optimized with the Yoast SEO plugin v27.4 - https:\/\/yoast.com\/product\/yoast-seo-wordpress\/ -->\n<title>Universidad de las Artes - UArtes, presente en la I Feria Regional de Proyectos de Vinculaci\u00f3n que realiz\u00f3 con las IES la Universidad T\u00e9cnica de Cotopaxi<\/title>\n<meta name=\"description\" content=\"Universidad de las Artes - UArtes, presente en la I Feria Regional de Proyectos de Vinculaci\u00f3n que realiz\u00f3 con las IES la Universidad T\u00e9cnica de Cotopaxi\" \/>\n<meta name=\"robots\" content=\"index, follow, max-snippet:-1, max-image-preview:large, max-video-preview:-1\" \/>\n<link rel=\"canonical\" href=\"https:\/\/www.uartes.edu.ec\/sitio\/fr\/blog\/2026\/01\/26\/uartes-presente-en-la-i-feria-regional-de-proyectos-de-vinculacion-que-realizo-la-universidad-tecnica-de-cotopaxi\/\" \/>\n<meta property=\"og:locale\" content=\"fr_FR\" \/>\n<meta property=\"og:type\" content=\"article\" \/>\n<meta property=\"og:title\" content=\"Universidad de las Artes - UArtes, presente en la I Feria Regional de Proyectos de Vinculaci\u00f3n que realiz\u00f3 con las IES la Universidad T\u00e9cnica de Cotopaxi\" \/>\n<meta property=\"og:description\" content=\"Universidad de las Artes - UArtes, presente en la I Feria Regional de Proyectos de Vinculaci\u00f3n que realiz\u00f3 con las IES la Universidad T\u00e9cnica de Cotopaxi\" \/>\n<meta property=\"og:url\" content=\"https:\/\/www.uartes.edu.ec\/sitio\/fr\/blog\/2026\/01\/26\/uartes-presente-en-la-i-feria-regional-de-proyectos-de-vinculacion-que-realizo-la-universidad-tecnica-de-cotopaxi\/\" \/>\n<meta property=\"og:site_name\" content=\"Universidad de las Artes\" \/>\n<meta property=\"article:publisher\" content=\"https:\/\/www.facebook.com\/uartesec\" \/>\n<meta property=\"article:published_time\" content=\"2026-01-26T20:36:00+00:00\" \/>\n<meta property=\"article:modified_time\" content=\"2026-01-28T19:18:28+00:00\" \/>\n<meta property=\"og:image\" content=\"https:\/\/www.uartes.edu.ec\/sitio\/wp-content\/uploads\/2026\/01\/Proyecto-Cambiar-tamano-de-imagen-2026-01-26T180025.349.jpeg\" \/>\n\t<meta property=\"og:image:width\" content=\"2000\" \/>\n\t<meta property=\"og:image:height\" content=\"1333\" \/>\n\t<meta property=\"og:image:type\" content=\"image\/jpeg\" \/>\n<meta name=\"author\" content=\"ccortez\" \/>\n<meta name=\"twitter:card\" content=\"summary_large_image\" \/>\n<meta name=\"twitter:creator\" content=\"@uartesec\" \/>\n<meta name=\"twitter:site\" content=\"@uartesec\" \/>\n<meta name=\"twitter:label1\" content=\"\u00c9crit par\" \/>\n\t<meta name=\"twitter:data1\" content=\"ccortez\" \/>\n\t<meta name=\"twitter:label2\" content=\"Dur\u00e9e de lecture estim\u00e9e\" \/>\n\t<meta name=\"twitter:data2\" content=\"3 minutes\" \/>\n<script type=\"application\/ld+json\" class=\"yoast-schema-graph\">{\"@context\":\"https:\\\/\\\/schema.org\",\"@graph\":[{\"@type\":\"Article\",\"@id\":\"https:\\\/\\\/www.uartes.edu.ec\\\/sitio\\\/fr\\\/blog\\\/2026\\\/01\\\/26\\\/uartes-presente-en-la-i-feria-regional-de-proyectos-de-vinculacion-que-realizo-la-universidad-tecnica-de-cotopaxi\\\/#article\",\"isPartOf\":{\"@id\":\"https:\\\/\\\/www.uartes.edu.ec\\\/sitio\\\/fr\\\/blog\\\/2026\\\/01\\\/26\\\/uartes-presente-en-la-i-feria-regional-de-proyectos-de-vinculacion-que-realizo-la-universidad-tecnica-de-cotopaxi\\\/\"},\"author\":{\"name\":\"ccortez\",\"@id\":\"https:\\\/\\\/www.uartes.edu.ec\\\/sitio\\\/fr\\\/#\\\/schema\\\/person\\\/efa1b8275797664fd7f13a79ccc0b1f4\"},\"headline\":\"UArtes, presente en la I Feria Regional de Proyectos de Vinculaci\u00f3n que realiz\u00f3 con las IES la Universidad T\u00e9cnica de Cotopaxi\",\"datePublished\":\"2026-01-26T20:36:00+00:00\",\"dateModified\":\"2026-01-28T19:18:28+00:00\",\"mainEntityOfPage\":{\"@id\":\"https:\\\/\\\/www.uartes.edu.ec\\\/sitio\\\/fr\\\/blog\\\/2026\\\/01\\\/26\\\/uartes-presente-en-la-i-feria-regional-de-proyectos-de-vinculacion-que-realizo-la-universidad-tecnica-de-cotopaxi\\\/\"},\"wordCount\":552,\"commentCount\":0,\"publisher\":{\"@id\":\"https:\\\/\\\/www.uartes.edu.ec\\\/sitio\\\/fr\\\/#organization\"},\"image\":{\"@id\":\"https:\\\/\\\/www.uartes.edu.ec\\\/sitio\\\/fr\\\/blog\\\/2026\\\/01\\\/26\\\/uartes-presente-en-la-i-feria-regional-de-proyectos-de-vinculacion-que-realizo-la-universidad-tecnica-de-cotopaxi\\\/#primaryimage\"},\"thumbnailUrl\":\"https:\\\/\\\/www.uartes.edu.ec\\\/sitio\\\/wp-content\\\/uploads\\\/2026\\\/01\\\/Proyecto-Cambiar-tamano-de-imagen-2026-01-26T180025.349.jpeg\",\"keywords\":[\"exposici\u00f3n\"],\"articleSection\":[\"Acad\u00e9mico\",\"Administrativos\",\"Artes\",\"Docentes\",\"Gesti\u00f3n\",\"V\u00ednculo\"],\"inLanguage\":\"fr-FR\",\"potentialAction\":[{\"@type\":\"CommentAction\",\"name\":\"Comment\",\"target\":[\"https:\\\/\\\/www.uartes.edu.ec\\\/sitio\\\/fr\\\/blog\\\/2026\\\/01\\\/26\\\/uartes-presente-en-la-i-feria-regional-de-proyectos-de-vinculacion-que-realizo-la-universidad-tecnica-de-cotopaxi\\\/#respond\"]}]},{\"@type\":[\"WebPage\",\"ItemPage\"],\"@id\":\"https:\\\/\\\/www.uartes.edu.ec\\\/sitio\\\/fr\\\/blog\\\/2026\\\/01\\\/26\\\/uartes-presente-en-la-i-feria-regional-de-proyectos-de-vinculacion-que-realizo-la-universidad-tecnica-de-cotopaxi\\\/\",\"url\":\"https:\\\/\\\/www.uartes.edu.ec\\\/sitio\\\/fr\\\/blog\\\/2026\\\/01\\\/26\\\/uartes-presente-en-la-i-feria-regional-de-proyectos-de-vinculacion-que-realizo-la-universidad-tecnica-de-cotopaxi\\\/\",\"name\":\"Universidad de las Artes - UArtes, presente en la I Feria Regional de Proyectos de Vinculaci\u00f3n que realiz\u00f3 con las IES la Universidad T\u00e9cnica de Cotopaxi\",\"isPartOf\":{\"@id\":\"https:\\\/\\\/www.uartes.edu.ec\\\/sitio\\\/fr\\\/#website\"},\"primaryImageOfPage\":{\"@id\":\"https:\\\/\\\/www.uartes.edu.ec\\\/sitio\\\/fr\\\/blog\\\/2026\\\/01\\\/26\\\/uartes-presente-en-la-i-feria-regional-de-proyectos-de-vinculacion-que-realizo-la-universidad-tecnica-de-cotopaxi\\\/#primaryimage\"},\"image\":{\"@id\":\"https:\\\/\\\/www.uartes.edu.ec\\\/sitio\\\/fr\\\/blog\\\/2026\\\/01\\\/26\\\/uartes-presente-en-la-i-feria-regional-de-proyectos-de-vinculacion-que-realizo-la-universidad-tecnica-de-cotopaxi\\\/#primaryimage\"},\"thumbnailUrl\":\"https:\\\/\\\/www.uartes.edu.ec\\\/sitio\\\/wp-content\\\/uploads\\\/2026\\\/01\\\/Proyecto-Cambiar-tamano-de-imagen-2026-01-26T180025.349.jpeg\",\"datePublished\":\"2026-01-26T20:36:00+00:00\",\"dateModified\":\"2026-01-28T19:18:28+00:00\",\"description\":\"Universidad de las Artes - UArtes, presente en la I Feria Regional de Proyectos de Vinculaci\u00f3n que realiz\u00f3 con las IES la Universidad T\u00e9cnica de Cotopaxi\",\"breadcrumb\":{\"@id\":\"https:\\\/\\\/www.uartes.edu.ec\\\/sitio\\\/fr\\\/blog\\\/2026\\\/01\\\/26\\\/uartes-presente-en-la-i-feria-regional-de-proyectos-de-vinculacion-que-realizo-la-universidad-tecnica-de-cotopaxi\\\/#breadcrumb\"},\"inLanguage\":\"fr-FR\",\"potentialAction\":[{\"@type\":\"ReadAction\",\"target\":[\"https:\\\/\\\/www.uartes.edu.ec\\\/sitio\\\/fr\\\/blog\\\/2026\\\/01\\\/26\\\/uartes-presente-en-la-i-feria-regional-de-proyectos-de-vinculacion-que-realizo-la-universidad-tecnica-de-cotopaxi\\\/\"]}]},{\"@type\":\"ImageObject\",\"inLanguage\":\"fr-FR\",\"@id\":\"https:\\\/\\\/www.uartes.edu.ec\\\/sitio\\\/fr\\\/blog\\\/2026\\\/01\\\/26\\\/uartes-presente-en-la-i-feria-regional-de-proyectos-de-vinculacion-que-realizo-la-universidad-tecnica-de-cotopaxi\\\/#primaryimage\",\"url\":\"https:\\\/\\\/www.uartes.edu.ec\\\/sitio\\\/wp-content\\\/uploads\\\/2026\\\/01\\\/Proyecto-Cambiar-tamano-de-imagen-2026-01-26T180025.349.jpeg\",\"contentUrl\":\"https:\\\/\\\/www.uartes.edu.ec\\\/sitio\\\/wp-content\\\/uploads\\\/2026\\\/01\\\/Proyecto-Cambiar-tamano-de-imagen-2026-01-26T180025.349.jpeg\",\"width\":2000,\"height\":1333},{\"@type\":\"BreadcrumbList\",\"@id\":\"https:\\\/\\\/www.uartes.edu.ec\\\/sitio\\\/fr\\\/blog\\\/2026\\\/01\\\/26\\\/uartes-presente-en-la-i-feria-regional-de-proyectos-de-vinculacion-que-realizo-la-universidad-tecnica-de-cotopaxi\\\/#breadcrumb\",\"itemListElement\":[{\"@type\":\"ListItem\",\"position\":1,\"name\":\"Inicio\",\"item\":\"https:\\\/\\\/www.uartes.edu.ec\\\/sitio\\\/\"},{\"@type\":\"ListItem\",\"position\":2,\"name\":\"UArtes, presente en la I Feria Regional de Proyectos de Vinculaci\u00f3n que realiz\u00f3 con las IES la Universidad T\u00e9cnica de Cotopaxi\"}]},{\"@type\":\"WebSite\",\"@id\":\"https:\\\/\\\/www.uartes.edu.ec\\\/sitio\\\/fr\\\/#website\",\"url\":\"https:\\\/\\\/www.uartes.edu.ec\\\/sitio\\\/fr\\\/\",\"name\":\"Universidad de las Artes\",\"description\":\"Sitio oficial de la Universidad Nacional de las Artes del Ecuador\",\"publisher\":{\"@id\":\"https:\\\/\\\/www.uartes.edu.ec\\\/sitio\\\/fr\\\/#organization\"},\"potentialAction\":[{\"@type\":\"SearchAction\",\"target\":{\"@type\":\"EntryPoint\",\"urlTemplate\":\"https:\\\/\\\/www.uartes.edu.ec\\\/sitio\\\/fr\\\/?s={search_term_string}\"},\"query-input\":{\"@type\":\"PropertyValueSpecification\",\"valueRequired\":true,\"valueName\":\"search_term_string\"}}],\"inLanguage\":\"fr-FR\"},{\"@type\":\"Organization\",\"@id\":\"https:\\\/\\\/www.uartes.edu.ec\\\/sitio\\\/fr\\\/#organization\",\"name\":\"Universidad de las Artes\",\"url\":\"https:\\\/\\\/www.uartes.edu.ec\\\/sitio\\\/fr\\\/\",\"logo\":{\"@type\":\"ImageObject\",\"inLanguage\":\"fr-FR\",\"@id\":\"https:\\\/\\\/www.uartes.edu.ec\\\/sitio\\\/fr\\\/#\\\/schema\\\/logo\\\/image\\\/\",\"url\":\"https:\\\/\\\/www.uartes.edu.ec\\\/sitio\\\/wp-content\\\/uploads\\\/2022\\\/07\\\/logo-ua-horizontal.png\",\"contentUrl\":\"https:\\\/\\\/www.uartes.edu.ec\\\/sitio\\\/wp-content\\\/uploads\\\/2022\\\/07\\\/logo-ua-horizontal.png\",\"width\":800,\"height\":276,\"caption\":\"Universidad de las Artes\"},\"image\":{\"@id\":\"https:\\\/\\\/www.uartes.edu.ec\\\/sitio\\\/fr\\\/#\\\/schema\\\/logo\\\/image\\\/\"},\"sameAs\":[\"https:\\\/\\\/www.facebook.com\\\/uartesec\",\"https:\\\/\\\/x.com\\\/uartesec\",\"https:\\\/\\\/www.tiktok.com\\\/@uartesec\"]},{\"@type\":\"Person\",\"@id\":\"https:\\\/\\\/www.uartes.edu.ec\\\/sitio\\\/fr\\\/#\\\/schema\\\/person\\\/efa1b8275797664fd7f13a79ccc0b1f4\",\"name\":\"ccortez\",\"image\":{\"@type\":\"ImageObject\",\"inLanguage\":\"fr-FR\",\"@id\":\"https:\\\/\\\/secure.gravatar.com\\\/avatar\\\/b2a6f664a3ae8e074346ef91775736c5ec479e637ecced6842de9dc98b5da9cd?s=96&d=mm&r=g\",\"url\":\"https:\\\/\\\/secure.gravatar.com\\\/avatar\\\/b2a6f664a3ae8e074346ef91775736c5ec479e637ecced6842de9dc98b5da9cd?s=96&d=mm&r=g\",\"contentUrl\":\"https:\\\/\\\/secure.gravatar.com\\\/avatar\\\/b2a6f664a3ae8e074346ef91775736c5ec479e637ecced6842de9dc98b5da9cd?s=96&d=mm&r=g\",\"caption\":\"ccortez\"},\"url\":\"https:\\\/\\\/www.uartes.edu.ec\\\/sitio\\\/fr\\\/blog\\\/author\\\/ccortez\\\/\"}]}<\/script>\n<!-- \/ Yoast SEO plugin. -->","yoast_head_json":{"title":"Universidad de las Artes - UArtes, presente en la I Feria Regional de Proyectos de Vinculaci\u00f3n que realiz\u00f3 con las IES la Universidad T\u00e9cnica de Cotopaxi","description":"Universidad de las Artes - UArtes, presente en la I Feria Regional de Proyectos de Vinculaci\u00f3n que realiz\u00f3 con las IES la Universidad T\u00e9cnica de Cotopaxi","robots":{"index":"index","follow":"follow","max-snippet":"max-snippet:-1","max-image-preview":"max-image-preview:large","max-video-preview":"max-video-preview:-1"},"canonical":"https:\/\/www.uartes.edu.ec\/sitio\/fr\/blog\/2026\/01\/26\/uartes-presente-en-la-i-feria-regional-de-proyectos-de-vinculacion-que-realizo-la-universidad-tecnica-de-cotopaxi\/","og_locale":"fr_FR","og_type":"article","og_title":"Universidad de las Artes - UArtes, presente en la I Feria Regional de Proyectos de Vinculaci\u00f3n que realiz\u00f3 con las IES la Universidad T\u00e9cnica de Cotopaxi","og_description":"Universidad de las Artes - UArtes, presente en la I Feria Regional de Proyectos de Vinculaci\u00f3n que realiz\u00f3 con las IES la Universidad T\u00e9cnica de Cotopaxi","og_url":"https:\/\/www.uartes.edu.ec\/sitio\/fr\/blog\/2026\/01\/26\/uartes-presente-en-la-i-feria-regional-de-proyectos-de-vinculacion-que-realizo-la-universidad-tecnica-de-cotopaxi\/","og_site_name":"Universidad de las Artes","article_publisher":"https:\/\/www.facebook.com\/uartesec","article_published_time":"2026-01-26T20:36:00+00:00","article_modified_time":"2026-01-28T19:18:28+00:00","og_image":[{"width":2000,"height":1333,"url":"https:\/\/www.uartes.edu.ec\/sitio\/wp-content\/uploads\/2026\/01\/Proyecto-Cambiar-tamano-de-imagen-2026-01-26T180025.349.jpeg","type":"image\/jpeg"}],"author":"ccortez","twitter_card":"summary_large_image","twitter_creator":"@uartesec","twitter_site":"@uartesec","twitter_misc":{"\u00c9crit par":"ccortez","Dur\u00e9e de lecture estim\u00e9e":"3 minutes"},"schema":{"@context":"https:\/\/schema.org","@graph":[{"@type":"Article","@id":"https:\/\/www.uartes.edu.ec\/sitio\/fr\/blog\/2026\/01\/26\/uartes-presente-en-la-i-feria-regional-de-proyectos-de-vinculacion-que-realizo-la-universidad-tecnica-de-cotopaxi\/#article","isPartOf":{"@id":"https:\/\/www.uartes.edu.ec\/sitio\/fr\/blog\/2026\/01\/26\/uartes-presente-en-la-i-feria-regional-de-proyectos-de-vinculacion-que-realizo-la-universidad-tecnica-de-cotopaxi\/"},"author":{"name":"ccortez","@id":"https:\/\/www.uartes.edu.ec\/sitio\/fr\/#\/schema\/person\/efa1b8275797664fd7f13a79ccc0b1f4"},"headline":"UArtes, presente en la I Feria Regional de Proyectos de Vinculaci\u00f3n que realiz\u00f3 con las IES la Universidad T\u00e9cnica de Cotopaxi","datePublished":"2026-01-26T20:36:00+00:00","dateModified":"2026-01-28T19:18:28+00:00","mainEntityOfPage":{"@id":"https:\/\/www.uartes.edu.ec\/sitio\/fr\/blog\/2026\/01\/26\/uartes-presente-en-la-i-feria-regional-de-proyectos-de-vinculacion-que-realizo-la-universidad-tecnica-de-cotopaxi\/"},"wordCount":552,"commentCount":0,"publisher":{"@id":"https:\/\/www.uartes.edu.ec\/sitio\/fr\/#organization"},"image":{"@id":"https:\/\/www.uartes.edu.ec\/sitio\/fr\/blog\/2026\/01\/26\/uartes-presente-en-la-i-feria-regional-de-proyectos-de-vinculacion-que-realizo-la-universidad-tecnica-de-cotopaxi\/#primaryimage"},"thumbnailUrl":"https:\/\/www.uartes.edu.ec\/sitio\/wp-content\/uploads\/2026\/01\/Proyecto-Cambiar-tamano-de-imagen-2026-01-26T180025.349.jpeg","keywords":["exposici\u00f3n"],"articleSection":["Acad\u00e9mico","Administrativos","Artes","Docentes","Gesti\u00f3n","V\u00ednculo"],"inLanguage":"fr-FR","potentialAction":[{"@type":"CommentAction","name":"Comment","target":["https:\/\/www.uartes.edu.ec\/sitio\/fr\/blog\/2026\/01\/26\/uartes-presente-en-la-i-feria-regional-de-proyectos-de-vinculacion-que-realizo-la-universidad-tecnica-de-cotopaxi\/#respond"]}]},{"@type":["WebPage","ItemPage"],"@id":"https:\/\/www.uartes.edu.ec\/sitio\/fr\/blog\/2026\/01\/26\/uartes-presente-en-la-i-feria-regional-de-proyectos-de-vinculacion-que-realizo-la-universidad-tecnica-de-cotopaxi\/","url":"https:\/\/www.uartes.edu.ec\/sitio\/fr\/blog\/2026\/01\/26\/uartes-presente-en-la-i-feria-regional-de-proyectos-de-vinculacion-que-realizo-la-universidad-tecnica-de-cotopaxi\/","name":"Universidad de las Artes - UArtes, presente en la I Feria Regional de Proyectos de Vinculaci\u00f3n que realiz\u00f3 con las IES la Universidad T\u00e9cnica de Cotopaxi","isPartOf":{"@id":"https:\/\/www.uartes.edu.ec\/sitio\/fr\/#website"},"primaryImageOfPage":{"@id":"https:\/\/www.uartes.edu.ec\/sitio\/fr\/blog\/2026\/01\/26\/uartes-presente-en-la-i-feria-regional-de-proyectos-de-vinculacion-que-realizo-la-universidad-tecnica-de-cotopaxi\/#primaryimage"},"image":{"@id":"https:\/\/www.uartes.edu.ec\/sitio\/fr\/blog\/2026\/01\/26\/uartes-presente-en-la-i-feria-regional-de-proyectos-de-vinculacion-que-realizo-la-universidad-tecnica-de-cotopaxi\/#primaryimage"},"thumbnailUrl":"https:\/\/www.uartes.edu.ec\/sitio\/wp-content\/uploads\/2026\/01\/Proyecto-Cambiar-tamano-de-imagen-2026-01-26T180025.349.jpeg","datePublished":"2026-01-26T20:36:00+00:00","dateModified":"2026-01-28T19:18:28+00:00","description":"Universidad de las Artes - UArtes, presente en la I Feria Regional de Proyectos de Vinculaci\u00f3n que realiz\u00f3 con las IES la Universidad T\u00e9cnica de Cotopaxi","breadcrumb":{"@id":"https:\/\/www.uartes.edu.ec\/sitio\/fr\/blog\/2026\/01\/26\/uartes-presente-en-la-i-feria-regional-de-proyectos-de-vinculacion-que-realizo-la-universidad-tecnica-de-cotopaxi\/#breadcrumb"},"inLanguage":"fr-FR","potentialAction":[{"@type":"ReadAction","target":["https:\/\/www.uartes.edu.ec\/sitio\/fr\/blog\/2026\/01\/26\/uartes-presente-en-la-i-feria-regional-de-proyectos-de-vinculacion-que-realizo-la-universidad-tecnica-de-cotopaxi\/"]}]},{"@type":"ImageObject","inLanguage":"fr-FR","@id":"https:\/\/www.uartes.edu.ec\/sitio\/fr\/blog\/2026\/01\/26\/uartes-presente-en-la-i-feria-regional-de-proyectos-de-vinculacion-que-realizo-la-universidad-tecnica-de-cotopaxi\/#primaryimage","url":"https:\/\/www.uartes.edu.ec\/sitio\/wp-content\/uploads\/2026\/01\/Proyecto-Cambiar-tamano-de-imagen-2026-01-26T180025.349.jpeg","contentUrl":"https:\/\/www.uartes.edu.ec\/sitio\/wp-content\/uploads\/2026\/01\/Proyecto-Cambiar-tamano-de-imagen-2026-01-26T180025.349.jpeg","width":2000,"height":1333},{"@type":"BreadcrumbList","@id":"https:\/\/www.uartes.edu.ec\/sitio\/fr\/blog\/2026\/01\/26\/uartes-presente-en-la-i-feria-regional-de-proyectos-de-vinculacion-que-realizo-la-universidad-tecnica-de-cotopaxi\/#breadcrumb","itemListElement":[{"@type":"ListItem","position":1,"name":"Inicio","item":"https:\/\/www.uartes.edu.ec\/sitio\/"},{"@type":"ListItem","position":2,"name":"UArtes, presente en la I Feria Regional de Proyectos de Vinculaci\u00f3n que realiz\u00f3 con las IES la Universidad T\u00e9cnica de Cotopaxi"}]},{"@type":"WebSite","@id":"https:\/\/www.uartes.edu.ec\/sitio\/fr\/#website","url":"https:\/\/www.uartes.edu.ec\/sitio\/fr\/","name":"Universidad de las Artes","description":"Sitio oficial de la Universidad Nacional de las Artes del Ecuador","publisher":{"@id":"https:\/\/www.uartes.edu.ec\/sitio\/fr\/#organization"},"potentialAction":[{"@type":"SearchAction","target":{"@type":"EntryPoint","urlTemplate":"https:\/\/www.uartes.edu.ec\/sitio\/fr\/?s={search_term_string}"},"query-input":{"@type":"PropertyValueSpecification","valueRequired":true,"valueName":"search_term_string"}}],"inLanguage":"fr-FR"},{"@type":"Organization","@id":"https:\/\/www.uartes.edu.ec\/sitio\/fr\/#organization","name":"Universidad de las Artes","url":"https:\/\/www.uartes.edu.ec\/sitio\/fr\/","logo":{"@type":"ImageObject","inLanguage":"fr-FR","@id":"https:\/\/www.uartes.edu.ec\/sitio\/fr\/#\/schema\/logo\/image\/","url":"https:\/\/www.uartes.edu.ec\/sitio\/wp-content\/uploads\/2022\/07\/logo-ua-horizontal.png","contentUrl":"https:\/\/www.uartes.edu.ec\/sitio\/wp-content\/uploads\/2022\/07\/logo-ua-horizontal.png","width":800,"height":276,"caption":"Universidad de las Artes"},"image":{"@id":"https:\/\/www.uartes.edu.ec\/sitio\/fr\/#\/schema\/logo\/image\/"},"sameAs":["https:\/\/www.facebook.com\/uartesec","https:\/\/x.com\/uartesec","https:\/\/www.tiktok.com\/@uartesec"]},{"@type":"Person","@id":"https:\/\/www.uartes.edu.ec\/sitio\/fr\/#\/schema\/person\/efa1b8275797664fd7f13a79ccc0b1f4","name":"ccortez","image":{"@type":"ImageObject","inLanguage":"fr-FR","@id":"https:\/\/secure.gravatar.com\/avatar\/b2a6f664a3ae8e074346ef91775736c5ec479e637ecced6842de9dc98b5da9cd?s=96&d=mm&r=g","url":"https:\/\/secure.gravatar.com\/avatar\/b2a6f664a3ae8e074346ef91775736c5ec479e637ecced6842de9dc98b5da9cd?s=96&d=mm&r=g","contentUrl":"https:\/\/secure.gravatar.com\/avatar\/b2a6f664a3ae8e074346ef91775736c5ec479e637ecced6842de9dc98b5da9cd?s=96&d=mm&r=g","caption":"ccortez"},"url":"https:\/\/www.uartes.edu.ec\/sitio\/fr\/blog\/author\/ccortez\/"}]}},"uagb_featured_image_src":{"full":["https:\/\/www.uartes.edu.ec\/sitio\/wp-content\/uploads\/2026\/01\/Proyecto-Cambiar-tamano-de-imagen-2026-01-26T180025.349.jpeg",2000,1333,false],"thumbnail":["https:\/\/www.uartes.edu.ec\/sitio\/wp-content\/uploads\/2026\/01\/Proyecto-Cambiar-tamano-de-imagen-2026-01-26T180025.349-150x150.jpeg",150,150,true],"medium":["https:\/\/www.uartes.edu.ec\/sitio\/wp-content\/uploads\/2026\/01\/Proyecto-Cambiar-tamano-de-imagen-2026-01-26T180025.349-300x200.jpeg",300,200,true],"medium_large":["https:\/\/www.uartes.edu.ec\/sitio\/wp-content\/uploads\/2026\/01\/Proyecto-Cambiar-tamano-de-imagen-2026-01-26T180025.349-768x512.jpeg",768,512,true],"large":["https:\/\/www.uartes.edu.ec\/sitio\/wp-content\/uploads\/2026\/01\/Proyecto-Cambiar-tamano-de-imagen-2026-01-26T180025.349-644x429.jpeg",644,429,true],"1536x1536":["https:\/\/www.uartes.edu.ec\/sitio\/wp-content\/uploads\/2026\/01\/Proyecto-Cambiar-tamano-de-imagen-2026-01-26T180025.349-1536x1024.jpeg",1536,1024,true],"2048x2048":["https:\/\/www.uartes.edu.ec\/sitio\/wp-content\/uploads\/2026\/01\/Proyecto-Cambiar-tamano-de-imagen-2026-01-26T180025.349.jpeg",2000,1333,false],"trp-custom-language-flag":["https:\/\/www.uartes.edu.ec\/sitio\/wp-content\/uploads\/2026\/01\/Proyecto-Cambiar-tamano-de-imagen-2026-01-26T180025.349-18x12.jpeg",18,12,true],"htmega_size_585x295":["https:\/\/www.uartes.edu.ec\/sitio\/wp-content\/uploads\/2026\/01\/Proyecto-Cambiar-tamano-de-imagen-2026-01-26T180025.349-585x295.jpeg",585,295,true],"htmega_size_1170x536":["https:\/\/www.uartes.edu.ec\/sitio\/wp-content\/uploads\/2026\/01\/Proyecto-Cambiar-tamano-de-imagen-2026-01-26T180025.349-1170x536.jpeg",1170,536,true],"htmega_size_396x360":["https:\/\/www.uartes.edu.ec\/sitio\/wp-content\/uploads\/2026\/01\/Proyecto-Cambiar-tamano-de-imagen-2026-01-26T180025.349-396x360.jpeg",396,360,true],"gb-block-post-grid-landscape":["https:\/\/www.uartes.edu.ec\/sitio\/wp-content\/uploads\/2026\/01\/Proyecto-Cambiar-tamano-de-imagen-2026-01-26T180025.349-600x400.jpeg",600,400,true],"gb-block-post-grid-square":["https:\/\/www.uartes.edu.ec\/sitio\/wp-content\/uploads\/2026\/01\/Proyecto-Cambiar-tamano-de-imagen-2026-01-26T180025.349-600x600.jpeg",600,600,true],"university-hub-thumb":["https:\/\/www.uartes.edu.ec\/sitio\/wp-content\/uploads\/2026\/01\/Proyecto-Cambiar-tamano-de-imagen-2026-01-26T180025.349-400x267.jpeg",400,267,true]},"uagb_author_info":{"display_name":"ccortez","author_link":"https:\/\/www.uartes.edu.ec\/sitio\/fr\/blog\/author\/ccortez\/"},"uagb_comment_info":0,"uagb_excerpt":"Con el prop\u00f3sito de mostrar a la comunidad universitaria y ciudadan\u00eda en general los proyectos de v\u00ednculo que vienen desarrollando las instituciones de educaci\u00f3n superior del pa\u00eds, la Universidad T\u00e9cnica de Cotopaxi organiz\u00f3 la I Feria Regional de Proyectos de Vinculaci\u00f3n. La Universidad de las Artes estuvo presente en la cita y dio a conocer\u2026","featured_image_src":"https:\/\/www.uartes.edu.ec\/sitio\/wp-content\/uploads\/2026\/01\/Proyecto-Cambiar-tamano-de-imagen-2026-01-26T180025.349-600x400.jpeg","featured_image_src_square":"https:\/\/www.uartes.edu.ec\/sitio\/wp-content\/uploads\/2026\/01\/Proyecto-Cambiar-tamano-de-imagen-2026-01-26T180025.349-600x600.jpeg","author_info":{"display_name":"ccortez","author_link":"https:\/\/www.uartes.edu.ec\/sitio\/fr\/blog\/author\/ccortez\/"},"publishpress_future_workflow_manual_trigger":{"enabledWorkflows":[]},"distributor_meta":false,"distributor_terms":false,"distributor_media":false,"distributor_original_site_name":"Universidad de las Artes","distributor_original_site_url":"https:\/\/www.uartes.edu.ec\/sitio\/fr","push-errors":false,"_links":{"self":[{"href":"https:\/\/www.uartes.edu.ec\/sitio\/fr\/wp-json\/wp\/v2\/posts\/85251","targetHints":{"allow":["GET"]}}],"collection":[{"href":"https:\/\/www.uartes.edu.ec\/sitio\/fr\/wp-json\/wp\/v2\/posts"}],"about":[{"href":"https:\/\/www.uartes.edu.ec\/sitio\/fr\/wp-json\/wp\/v2\/types\/post"}],"author":[{"embeddable":true,"href":"https:\/\/www.uartes.edu.ec\/sitio\/fr\/wp-json\/wp\/v2\/users\/10"}],"replies":[{"embeddable":true,"href":"https:\/\/www.uartes.edu.ec\/sitio\/fr\/wp-json\/wp\/v2\/comments?post=85251"}],"version-history":[{"count":5,"href":"https:\/\/www.uartes.edu.ec\/sitio\/fr\/wp-json\/wp\/v2\/posts\/85251\/revisions"}],"predecessor-version":[{"id":85330,"href":"https:\/\/www.uartes.edu.ec\/sitio\/fr\/wp-json\/wp\/v2\/posts\/85251\/revisions\/85330"}],"wp:featuredmedia":[{"embeddable":true,"href":"https:\/\/www.uartes.edu.ec\/sitio\/fr\/wp-json\/wp\/v2\/media\/85252"}],"wp:attachment":[{"href":"https:\/\/www.uartes.edu.ec\/sitio\/fr\/wp-json\/wp\/v2\/media?parent=85251"}],"wp:term":[{"taxonomy":"category","embeddable":true,"href":"https:\/\/www.uartes.edu.ec\/sitio\/fr\/wp-json\/wp\/v2\/categories?post=85251"},{"taxonomy":"post_tag","embeddable":true,"href":"https:\/\/www.uartes.edu.ec\/sitio\/fr\/wp-json\/wp\/v2\/tags?post=85251"},{"taxonomy":"infouartes","embeddable":true,"href":"https:\/\/www.uartes.edu.ec\/sitio\/fr\/wp-json\/wp\/v2\/infouartes?post=85251"}],"curies":[{"name":"wp","href":"https:\/\/api.w.org\/{rel}","templated":true}]}}