{"id":85274,"date":"2026-01-27T19:05:38","date_gmt":"2026-01-28T00:05:38","guid":{"rendered":"https:\/\/www.uartes.edu.ec\/sitio\/?p=85274"},"modified":"2026-01-27T19:08:22","modified_gmt":"2026-01-28T00:08:22","slug":"el-arte-en-la-prevencion-de-las-violencias-el-tema-lo-trato-la-uartes-en-conversatorio-de-la-cce-nucleo-de-chimborazo","status":"publish","type":"post","link":"https:\/\/www.uartes.edu.ec\/sitio\/fr\/blog\/2026\/01\/27\/el-arte-en-la-prevencion-de-las-violencias-el-tema-lo-trato-la-uartes-en-conversatorio-de-la-cce-nucleo-de-chimborazo\/","title":{"rendered":"El arte en la prevenci\u00f3n de las violencias; el tema lo trat\u00f3 la UArtes en conversatorio que organiz\u00f3 la CCE N\u00facleo de Chimborazo"},"content":{"rendered":"<p>\u201cLas pr\u00e1cticas art\u00edsticas como estrategia de cohesi\u00f3n social y prevenci\u00f3n de las violencias\u201d es el tema que se abord\u00f3 en el conversatorio acad\u00e9mico-cultural organizado por la Casa de la Cultura Ecuatoriana N\u00facleo de Chimborazo (CCE-NCh) en su sede, ubicada en la ciudad de Riobamba.<\/p>\n\n\n\n<p>Tuvo lugar el jueves 22 de enero del 2026 y en representaci\u00f3n de nuestra instituci\u00f3n de educaci\u00f3n superior participaron Janina Su\u00e1rez, jefa de pr\u00e1cticas preprofesionales; Patricio S\u00e1nchez, especialista en seguimiento de proyectos de vinculaci\u00f3n, y Ronny Ramos, analista de convenios nacionales, ambos de la Direcci\u00f3n de Vinculaci\u00f3n con la Sociedad.<\/p>\n\n\n\n<p>En sus intervenciones, nuestros funcionarios mostraron un producto audiovisual del proyecto de vinculaci\u00f3n con la sociedad \u201cPacha\u201d, del cual dieron a conocer las experiencias en territorio, las metodolog\u00edas, los desaf\u00edos y resultados obtenidos desde la aplicaci\u00f3n de las pr\u00e1cticas art\u00edsticas comunitarias en sectores vulnerables para reflexionar sobre el arte como herramienta de reconstrucci\u00f3n del tejido social&nbsp;y de prevenci\u00f3n del crecimiento de las violencias que afectan a los ni\u00f1os, ni\u00f1as y adolescentes.<\/p>\n\n\n<div class=\"wp-block-image\">\n<figure class=\"aligncenter size-large\"><img fetchpriority=\"high\" decoding=\"async\" width=\"644\" height=\"429\" src=\"https:\/\/www.uartes.edu.ec\/sitio\/wp-content\/uploads\/2026\/01\/Proyecto-Cambiar-tamano-de-imagen-2026-01-26T162151.420-644x429.jpeg\" alt=\"\" class=\"wp-image-85276\" srcset=\"https:\/\/www.uartes.edu.ec\/sitio\/wp-content\/uploads\/2026\/01\/Proyecto-Cambiar-tamano-de-imagen-2026-01-26T162151.420-644x429.jpeg 644w, https:\/\/www.uartes.edu.ec\/sitio\/wp-content\/uploads\/2026\/01\/Proyecto-Cambiar-tamano-de-imagen-2026-01-26T162151.420-300x200.jpeg 300w, https:\/\/www.uartes.edu.ec\/sitio\/wp-content\/uploads\/2026\/01\/Proyecto-Cambiar-tamano-de-imagen-2026-01-26T162151.420-768x512.jpeg 768w, https:\/\/www.uartes.edu.ec\/sitio\/wp-content\/uploads\/2026\/01\/Proyecto-Cambiar-tamano-de-imagen-2026-01-26T162151.420-1536x1024.jpeg 1536w, https:\/\/www.uartes.edu.ec\/sitio\/wp-content\/uploads\/2026\/01\/Proyecto-Cambiar-tamano-de-imagen-2026-01-26T162151.420-18x12.jpeg 18w, https:\/\/www.uartes.edu.ec\/sitio\/wp-content\/uploads\/2026\/01\/Proyecto-Cambiar-tamano-de-imagen-2026-01-26T162151.420-600x400.jpeg 600w, https:\/\/www.uartes.edu.ec\/sitio\/wp-content\/uploads\/2026\/01\/Proyecto-Cambiar-tamano-de-imagen-2026-01-26T162151.420-400x267.jpeg 400w, https:\/\/www.uartes.edu.ec\/sitio\/wp-content\/uploads\/2026\/01\/Proyecto-Cambiar-tamano-de-imagen-2026-01-26T162151.420.jpeg 2000w\" sizes=\"(max-width: 644px) 100vw, 644px\" \/><\/figure>\n<\/div>\n\n\n<p>El evento cont\u00f3 con la participaci\u00f3n del presidente de la CCE N\u00facleo de Chimborazo, Ing. Juan Carlos Guaraca, y del artista restaurador, Mario Moreno. Intervinieron tambi\u00e9n artistas locales, miembros del ente cultural, docentes y estudiantes del Instituto Superior Tecnol\u00f3gico Riobamba, y ciudadan\u00eda en general de la llamada Sultana de los Andes.<\/p>\n\n\n\n<p>Patricio S\u00e1nchez comparti\u00f3 su experiencia como docente de la asignatura de Laboratorio de la Comunidad en los sectores de Isla Trinitaria y el suburbio Oeste de Guayaquil, donde ha trabajado esta sistematizaci\u00f3n de c\u00f3mo las pr\u00e1cticas y los lenguajes art\u00edsticos del cine y de las artes sonoras, esc\u00e9nicas y visuales pueden lograr una dinamizaci\u00f3n y movilizaci\u00f3n de la comunidad, a partir de las relaciones que se retoman entre familias, miembros de la comunidad, del barrio y del territorio.<\/p>\n\n\n\n<p>Todo en torno a las pr\u00e1cticas art\u00edsticas que desarrollan sus hijos, ni\u00f1os, ni\u00f1as, adolescentes y j\u00f3venes. Las familias se juntan en el barrio para darles soporte y acompa\u00f1arlos, y esto va generando una dinamizaci\u00f3n comunitaria que, finalmente, termina en algunas intervenciones o en algunas acciones en territorio, se\u00f1al\u00f3 S\u00e1nchez.<\/p>\n\n\n<div class=\"wp-block-image\">\n<figure class=\"aligncenter size-large\"><img decoding=\"async\" width=\"644\" height=\"429\" src=\"https:\/\/www.uartes.edu.ec\/sitio\/wp-content\/uploads\/2026\/01\/Proyecto-Cambiar-tamano-de-imagen-2026-01-26T161936.506-644x429.jpeg\" alt=\"\" class=\"wp-image-85277\" srcset=\"https:\/\/www.uartes.edu.ec\/sitio\/wp-content\/uploads\/2026\/01\/Proyecto-Cambiar-tamano-de-imagen-2026-01-26T161936.506-644x429.jpeg 644w, https:\/\/www.uartes.edu.ec\/sitio\/wp-content\/uploads\/2026\/01\/Proyecto-Cambiar-tamano-de-imagen-2026-01-26T161936.506-300x200.jpeg 300w, https:\/\/www.uartes.edu.ec\/sitio\/wp-content\/uploads\/2026\/01\/Proyecto-Cambiar-tamano-de-imagen-2026-01-26T161936.506-768x512.jpeg 768w, https:\/\/www.uartes.edu.ec\/sitio\/wp-content\/uploads\/2026\/01\/Proyecto-Cambiar-tamano-de-imagen-2026-01-26T161936.506-1536x1024.jpeg 1536w, https:\/\/www.uartes.edu.ec\/sitio\/wp-content\/uploads\/2026\/01\/Proyecto-Cambiar-tamano-de-imagen-2026-01-26T161936.506-18x12.jpeg 18w, https:\/\/www.uartes.edu.ec\/sitio\/wp-content\/uploads\/2026\/01\/Proyecto-Cambiar-tamano-de-imagen-2026-01-26T161936.506-600x400.jpeg 600w, https:\/\/www.uartes.edu.ec\/sitio\/wp-content\/uploads\/2026\/01\/Proyecto-Cambiar-tamano-de-imagen-2026-01-26T161936.506-400x267.jpeg 400w, https:\/\/www.uartes.edu.ec\/sitio\/wp-content\/uploads\/2026\/01\/Proyecto-Cambiar-tamano-de-imagen-2026-01-26T161936.506.jpeg 2000w\" sizes=\"(max-width: 644px) 100vw, 644px\" \/><\/figure>\n<\/div>\n\n\n<figure class=\"wp-block-gallery has-nested-images columns-default is-cropped wp-block-gallery-1 is-layout-flex wp-block-gallery-is-layout-flex\">\n<figure class=\"wp-block-image size-large\"><img decoding=\"async\" width=\"644\" height=\"429\" data-id=\"85278\" src=\"https:\/\/www.uartes.edu.ec\/sitio\/wp-content\/uploads\/2026\/01\/Proyecto-Cambiar-tamano-de-imagen-2026-01-26T154403.969-644x429.jpeg\" alt=\"\" class=\"wp-image-85278\" srcset=\"https:\/\/www.uartes.edu.ec\/sitio\/wp-content\/uploads\/2026\/01\/Proyecto-Cambiar-tamano-de-imagen-2026-01-26T154403.969-644x429.jpeg 644w, https:\/\/www.uartes.edu.ec\/sitio\/wp-content\/uploads\/2026\/01\/Proyecto-Cambiar-tamano-de-imagen-2026-01-26T154403.969-300x200.jpeg 300w, https:\/\/www.uartes.edu.ec\/sitio\/wp-content\/uploads\/2026\/01\/Proyecto-Cambiar-tamano-de-imagen-2026-01-26T154403.969-768x512.jpeg 768w, https:\/\/www.uartes.edu.ec\/sitio\/wp-content\/uploads\/2026\/01\/Proyecto-Cambiar-tamano-de-imagen-2026-01-26T154403.969-1536x1024.jpeg 1536w, https:\/\/www.uartes.edu.ec\/sitio\/wp-content\/uploads\/2026\/01\/Proyecto-Cambiar-tamano-de-imagen-2026-01-26T154403.969-18x12.jpeg 18w, https:\/\/www.uartes.edu.ec\/sitio\/wp-content\/uploads\/2026\/01\/Proyecto-Cambiar-tamano-de-imagen-2026-01-26T154403.969-600x400.jpeg 600w, https:\/\/www.uartes.edu.ec\/sitio\/wp-content\/uploads\/2026\/01\/Proyecto-Cambiar-tamano-de-imagen-2026-01-26T154403.969-400x267.jpeg 400w, https:\/\/www.uartes.edu.ec\/sitio\/wp-content\/uploads\/2026\/01\/Proyecto-Cambiar-tamano-de-imagen-2026-01-26T154403.969.jpeg 2000w\" sizes=\"(max-width: 644px) 100vw, 644px\" \/><\/figure>\n\n\n\n<figure class=\"wp-block-image size-large\"><img loading=\"lazy\" decoding=\"async\" width=\"644\" height=\"429\" data-id=\"85279\" src=\"https:\/\/www.uartes.edu.ec\/sitio\/wp-content\/uploads\/2026\/01\/Proyecto-Cambiar-tamano-de-imagen-2026-01-26T162052.976-644x429.jpeg\" alt=\"\" class=\"wp-image-85279\" srcset=\"https:\/\/www.uartes.edu.ec\/sitio\/wp-content\/uploads\/2026\/01\/Proyecto-Cambiar-tamano-de-imagen-2026-01-26T162052.976-644x429.jpeg 644w, https:\/\/www.uartes.edu.ec\/sitio\/wp-content\/uploads\/2026\/01\/Proyecto-Cambiar-tamano-de-imagen-2026-01-26T162052.976-300x200.jpeg 300w, https:\/\/www.uartes.edu.ec\/sitio\/wp-content\/uploads\/2026\/01\/Proyecto-Cambiar-tamano-de-imagen-2026-01-26T162052.976-768x512.jpeg 768w, https:\/\/www.uartes.edu.ec\/sitio\/wp-content\/uploads\/2026\/01\/Proyecto-Cambiar-tamano-de-imagen-2026-01-26T162052.976-1536x1024.jpeg 1536w, https:\/\/www.uartes.edu.ec\/sitio\/wp-content\/uploads\/2026\/01\/Proyecto-Cambiar-tamano-de-imagen-2026-01-26T162052.976-18x12.jpeg 18w, https:\/\/www.uartes.edu.ec\/sitio\/wp-content\/uploads\/2026\/01\/Proyecto-Cambiar-tamano-de-imagen-2026-01-26T162052.976-600x400.jpeg 600w, https:\/\/www.uartes.edu.ec\/sitio\/wp-content\/uploads\/2026\/01\/Proyecto-Cambiar-tamano-de-imagen-2026-01-26T162052.976-400x267.jpeg 400w, https:\/\/www.uartes.edu.ec\/sitio\/wp-content\/uploads\/2026\/01\/Proyecto-Cambiar-tamano-de-imagen-2026-01-26T162052.976.jpeg 2000w\" sizes=\"(max-width: 644px) 100vw, 644px\" \/><\/figure>\n<\/figure>\n\n\n\n<p><\/p>\n\n\n\n<p>En su exposici\u00f3n, mostr\u00f3 im\u00e1genes de la Isla Trinitaria, ubicada al sur de Guayaquil, y el parque del embarcadero de canoas, el cual estuvo abandonado. \u201cPor acci\u00f3n de ni\u00f1os, ni\u00f1as, j\u00f3venes, as\u00ed como de los estudiantes y docentes de la UArtes y artistas locales, fue recuperado, convirti\u00e9ndose en un espacio lleno de murales de colores y limpio, resultado todo de las mingas realizadas con la comunidad y la Asociaci\u00f3n Comunitaria Hilarte\u201d, dijo.<\/p>\n\n\n\n<p>A\u00f1adi\u00f3 que el parque cobr\u00f3 vida y aviv\u00f3 el turismo local, pues la gente va al sector a tomarse fotos. \u201cLo que antes era un parque peligroso, ahora es un espacio p\u00fablico recuperado por el mismo barrio\u201d, concluy\u00f3.<\/p>\n\n\n\n<p>La universidad plante\u00f3 la iniciativa de recuperaci\u00f3n del lugar y se impuls\u00f3 un trabajo conjunto en el que intervinieron docentes, estudiantes, artistas locales y la Asociaci\u00f3n Comunitaria Hilarte, con su personal de educadores populares y comunitarios, as\u00ed como madres y padres de familia del sector. \u201cEs un ejemplo concreto de c\u00f3mo la gente se articula. Los ni\u00f1os, ni\u00f1as y adolescentes utilizan el tiempo para generar proyectos de vida, para incidir en los proyectos de vida a partir de las pr\u00e1cticas art\u00edsticas. \u201cDe lograr, de alguna forma, que chicos y chicas no sean cooptados por las bandas o actividades il\u00edcitas. Se los anima as\u00ed a dedicar su tiempo a estas pr\u00e1cticas art\u00edsticas que, de alguna forma, son una opci\u00f3n, una oportunidad para expresar con lenguajes simb\u00f3licos sus ambiciones, anhelos, necesidades y problem\u00e1ticas a partir de estas pr\u00e1cticas art\u00edsticas\u201d.<\/p>\n\n\n\n<p>Texto y fotos: con la colaboraci\u00f3n de Ronny Ramos\/Direcci\u00f3n de Vinculaci\u00f3n con la Sociedad. Edici\u00f3n: Carmen Cortez\/Dircom.<\/p>\n\n\n\n<p><\/p>","protected":false},"excerpt":{"rendered":"<p>La Universidad de la Artes particip\u00f3 en el conversatorio acad\u00e9mico-cultural \u201cLas pr\u00e1cticas art\u00edsticas como estrategia de cohesi\u00f3n social y prevenci\u00f3n de las violencias\u201d que organiz\u00f3 la Casa de la Cultura Ecuatoriana N\u00facleo de Chimborazo (CCE-NCh). Nos representaron en la cita Janina Su\u00e1rez, jefa de PPP; Patricio S\u00e1nchez y Ronny Ramos, funcionarios de la Direcci\u00f3n de Vinculaci\u00f3n con la Sociedad.<\/p>","protected":false},"author":10,"featured_media":85275,"comment_status":"open","ping_status":"open","sticky":false,"template":"","format":"standard","meta":{"_acf_changed":false,"_uag_custom_page_level_css":"","_monsterinsights_skip_tracking":false,"_monsterinsights_sitenote_active":false,"_monsterinsights_sitenote_note":"","_monsterinsights_sitenote_category":0,"cybocfi_hide_featured_image":"","footnotes":""},"categories":[80,438,75,77,79],"tags":[517],"infouartes":[],"class_list":["post-85274","post","type-post","status-publish","format-standard","has-post-thumbnail","hentry","category-academico","category-administrativos","category-docentes","category-gestion","category-vinculo","tag-exposicion"],"acf":[],"yoast_head":"<!-- This site is optimized with the Yoast SEO plugin v27.4 - https:\/\/yoast.com\/product\/yoast-seo-wordpress\/ -->\n<title>Universidad de las Artes - El arte en la prevenci\u00f3n de las violencias; el tema lo trat\u00f3 la UArtes en conversatorio que organiz\u00f3 la CCE N\u00facleo de Chimborazo<\/title>\n<meta name=\"description\" content=\"Universidad de las Artes - El arte en la prevenci\u00f3n de las violencias; el tema lo trat\u00f3 la UArtes en conversatorio que organiz\u00f3 la CCE N\u00facleo de Chimborazo\" \/>\n<meta name=\"robots\" content=\"index, follow, max-snippet:-1, max-image-preview:large, max-video-preview:-1\" \/>\n<link rel=\"canonical\" href=\"https:\/\/www.uartes.edu.ec\/sitio\/fr\/blog\/2026\/01\/27\/el-arte-en-la-prevencion-de-las-violencias-el-tema-lo-trato-la-uartes-en-conversatorio-de-la-cce-nucleo-de-chimborazo\/\" \/>\n<meta property=\"og:locale\" content=\"fr_FR\" \/>\n<meta property=\"og:type\" content=\"article\" \/>\n<meta property=\"og:title\" content=\"Universidad de las Artes - El arte en la prevenci\u00f3n de las violencias; el tema lo trat\u00f3 la UArtes en conversatorio que organiz\u00f3 la CCE N\u00facleo de Chimborazo\" \/>\n<meta property=\"og:description\" content=\"Universidad de las Artes - El arte en la prevenci\u00f3n de las violencias; el tema lo trat\u00f3 la UArtes en conversatorio que organiz\u00f3 la CCE N\u00facleo de Chimborazo\" \/>\n<meta property=\"og:url\" content=\"https:\/\/www.uartes.edu.ec\/sitio\/fr\/blog\/2026\/01\/27\/el-arte-en-la-prevencion-de-las-violencias-el-tema-lo-trato-la-uartes-en-conversatorio-de-la-cce-nucleo-de-chimborazo\/\" \/>\n<meta property=\"og:site_name\" content=\"Universidad de las Artes\" \/>\n<meta property=\"article:publisher\" content=\"https:\/\/www.facebook.com\/uartesec\" \/>\n<meta property=\"article:published_time\" content=\"2026-01-28T00:05:38+00:00\" \/>\n<meta property=\"article:modified_time\" content=\"2026-01-28T00:08:22+00:00\" \/>\n<meta property=\"og:image\" content=\"https:\/\/www.uartes.edu.ec\/sitio\/wp-content\/uploads\/2026\/01\/Proyecto-Cambiar-tamano-de-imagen-2026-01-26T161816.112.jpeg\" \/>\n\t<meta property=\"og:image:width\" content=\"2000\" \/>\n\t<meta property=\"og:image:height\" content=\"1333\" \/>\n\t<meta property=\"og:image:type\" content=\"image\/jpeg\" \/>\n<meta name=\"author\" content=\"ccortez\" \/>\n<meta name=\"twitter:card\" content=\"summary_large_image\" \/>\n<meta name=\"twitter:creator\" content=\"@uartesec\" \/>\n<meta name=\"twitter:site\" content=\"@uartesec\" \/>\n<meta name=\"twitter:label1\" content=\"\u00c9crit par\" \/>\n\t<meta name=\"twitter:data1\" content=\"ccortez\" \/>\n\t<meta name=\"twitter:label2\" content=\"Dur\u00e9e de lecture estim\u00e9e\" \/>\n\t<meta name=\"twitter:data2\" content=\"3 minutes\" \/>\n<script type=\"application\/ld+json\" class=\"yoast-schema-graph\">{\"@context\":\"https:\\\/\\\/schema.org\",\"@graph\":[{\"@type\":\"Article\",\"@id\":\"https:\\\/\\\/www.uartes.edu.ec\\\/sitio\\\/fr\\\/blog\\\/2026\\\/01\\\/27\\\/el-arte-en-la-prevencion-de-las-violencias-el-tema-lo-trato-la-uartes-en-conversatorio-de-la-cce-nucleo-de-chimborazo\\\/#article\",\"isPartOf\":{\"@id\":\"https:\\\/\\\/www.uartes.edu.ec\\\/sitio\\\/fr\\\/blog\\\/2026\\\/01\\\/27\\\/el-arte-en-la-prevencion-de-las-violencias-el-tema-lo-trato-la-uartes-en-conversatorio-de-la-cce-nucleo-de-chimborazo\\\/\"},\"author\":{\"name\":\"ccortez\",\"@id\":\"https:\\\/\\\/www.uartes.edu.ec\\\/sitio\\\/fr\\\/#\\\/schema\\\/person\\\/efa1b8275797664fd7f13a79ccc0b1f4\"},\"headline\":\"El arte en la prevenci\u00f3n de las violencias; el tema lo trat\u00f3 la UArtes en conversatorio que organiz\u00f3 la CCE N\u00facleo de Chimborazo\",\"datePublished\":\"2026-01-28T00:05:38+00:00\",\"dateModified\":\"2026-01-28T00:08:22+00:00\",\"mainEntityOfPage\":{\"@id\":\"https:\\\/\\\/www.uartes.edu.ec\\\/sitio\\\/fr\\\/blog\\\/2026\\\/01\\\/27\\\/el-arte-en-la-prevencion-de-las-violencias-el-tema-lo-trato-la-uartes-en-conversatorio-de-la-cce-nucleo-de-chimborazo\\\/\"},\"wordCount\":710,\"commentCount\":0,\"publisher\":{\"@id\":\"https:\\\/\\\/www.uartes.edu.ec\\\/sitio\\\/fr\\\/#organization\"},\"image\":{\"@id\":\"https:\\\/\\\/www.uartes.edu.ec\\\/sitio\\\/fr\\\/blog\\\/2026\\\/01\\\/27\\\/el-arte-en-la-prevencion-de-las-violencias-el-tema-lo-trato-la-uartes-en-conversatorio-de-la-cce-nucleo-de-chimborazo\\\/#primaryimage\"},\"thumbnailUrl\":\"https:\\\/\\\/www.uartes.edu.ec\\\/sitio\\\/wp-content\\\/uploads\\\/2026\\\/01\\\/Proyecto-Cambiar-tamano-de-imagen-2026-01-26T161816.112.jpeg\",\"keywords\":[\"exposici\u00f3n\"],\"articleSection\":[\"Acad\u00e9mico\",\"Administrativos\",\"Docentes\",\"Gesti\u00f3n\",\"V\u00ednculo\"],\"inLanguage\":\"fr-FR\",\"potentialAction\":[{\"@type\":\"CommentAction\",\"name\":\"Comment\",\"target\":[\"https:\\\/\\\/www.uartes.edu.ec\\\/sitio\\\/fr\\\/blog\\\/2026\\\/01\\\/27\\\/el-arte-en-la-prevencion-de-las-violencias-el-tema-lo-trato-la-uartes-en-conversatorio-de-la-cce-nucleo-de-chimborazo\\\/#respond\"]}]},{\"@type\":[\"WebPage\",\"ItemPage\"],\"@id\":\"https:\\\/\\\/www.uartes.edu.ec\\\/sitio\\\/fr\\\/blog\\\/2026\\\/01\\\/27\\\/el-arte-en-la-prevencion-de-las-violencias-el-tema-lo-trato-la-uartes-en-conversatorio-de-la-cce-nucleo-de-chimborazo\\\/\",\"url\":\"https:\\\/\\\/www.uartes.edu.ec\\\/sitio\\\/fr\\\/blog\\\/2026\\\/01\\\/27\\\/el-arte-en-la-prevencion-de-las-violencias-el-tema-lo-trato-la-uartes-en-conversatorio-de-la-cce-nucleo-de-chimborazo\\\/\",\"name\":\"Universidad de las Artes - El arte en la prevenci\u00f3n de las violencias; el tema lo trat\u00f3 la UArtes en conversatorio que organiz\u00f3 la CCE N\u00facleo de Chimborazo\",\"isPartOf\":{\"@id\":\"https:\\\/\\\/www.uartes.edu.ec\\\/sitio\\\/fr\\\/#website\"},\"primaryImageOfPage\":{\"@id\":\"https:\\\/\\\/www.uartes.edu.ec\\\/sitio\\\/fr\\\/blog\\\/2026\\\/01\\\/27\\\/el-arte-en-la-prevencion-de-las-violencias-el-tema-lo-trato-la-uartes-en-conversatorio-de-la-cce-nucleo-de-chimborazo\\\/#primaryimage\"},\"image\":{\"@id\":\"https:\\\/\\\/www.uartes.edu.ec\\\/sitio\\\/fr\\\/blog\\\/2026\\\/01\\\/27\\\/el-arte-en-la-prevencion-de-las-violencias-el-tema-lo-trato-la-uartes-en-conversatorio-de-la-cce-nucleo-de-chimborazo\\\/#primaryimage\"},\"thumbnailUrl\":\"https:\\\/\\\/www.uartes.edu.ec\\\/sitio\\\/wp-content\\\/uploads\\\/2026\\\/01\\\/Proyecto-Cambiar-tamano-de-imagen-2026-01-26T161816.112.jpeg\",\"datePublished\":\"2026-01-28T00:05:38+00:00\",\"dateModified\":\"2026-01-28T00:08:22+00:00\",\"description\":\"Universidad de las Artes - El arte en la prevenci\u00f3n de las violencias; el tema lo trat\u00f3 la UArtes en conversatorio que organiz\u00f3 la CCE N\u00facleo de Chimborazo\",\"breadcrumb\":{\"@id\":\"https:\\\/\\\/www.uartes.edu.ec\\\/sitio\\\/fr\\\/blog\\\/2026\\\/01\\\/27\\\/el-arte-en-la-prevencion-de-las-violencias-el-tema-lo-trato-la-uartes-en-conversatorio-de-la-cce-nucleo-de-chimborazo\\\/#breadcrumb\"},\"inLanguage\":\"fr-FR\",\"potentialAction\":[{\"@type\":\"ReadAction\",\"target\":[\"https:\\\/\\\/www.uartes.edu.ec\\\/sitio\\\/fr\\\/blog\\\/2026\\\/01\\\/27\\\/el-arte-en-la-prevencion-de-las-violencias-el-tema-lo-trato-la-uartes-en-conversatorio-de-la-cce-nucleo-de-chimborazo\\\/\"]}]},{\"@type\":\"ImageObject\",\"inLanguage\":\"fr-FR\",\"@id\":\"https:\\\/\\\/www.uartes.edu.ec\\\/sitio\\\/fr\\\/blog\\\/2026\\\/01\\\/27\\\/el-arte-en-la-prevencion-de-las-violencias-el-tema-lo-trato-la-uartes-en-conversatorio-de-la-cce-nucleo-de-chimborazo\\\/#primaryimage\",\"url\":\"https:\\\/\\\/www.uartes.edu.ec\\\/sitio\\\/wp-content\\\/uploads\\\/2026\\\/01\\\/Proyecto-Cambiar-tamano-de-imagen-2026-01-26T161816.112.jpeg\",\"contentUrl\":\"https:\\\/\\\/www.uartes.edu.ec\\\/sitio\\\/wp-content\\\/uploads\\\/2026\\\/01\\\/Proyecto-Cambiar-tamano-de-imagen-2026-01-26T161816.112.jpeg\",\"width\":2000,\"height\":1333},{\"@type\":\"BreadcrumbList\",\"@id\":\"https:\\\/\\\/www.uartes.edu.ec\\\/sitio\\\/fr\\\/blog\\\/2026\\\/01\\\/27\\\/el-arte-en-la-prevencion-de-las-violencias-el-tema-lo-trato-la-uartes-en-conversatorio-de-la-cce-nucleo-de-chimborazo\\\/#breadcrumb\",\"itemListElement\":[{\"@type\":\"ListItem\",\"position\":1,\"name\":\"Inicio\",\"item\":\"https:\\\/\\\/www.uartes.edu.ec\\\/sitio\\\/\"},{\"@type\":\"ListItem\",\"position\":2,\"name\":\"El arte en la prevenci\u00f3n de las violencias; el tema lo trat\u00f3 la UArtes en conversatorio que organiz\u00f3 la CCE N\u00facleo de Chimborazo\"}]},{\"@type\":\"WebSite\",\"@id\":\"https:\\\/\\\/www.uartes.edu.ec\\\/sitio\\\/fr\\\/#website\",\"url\":\"https:\\\/\\\/www.uartes.edu.ec\\\/sitio\\\/fr\\\/\",\"name\":\"Universidad de las Artes\",\"description\":\"Sitio oficial de la Universidad Nacional de las Artes del Ecuador\",\"publisher\":{\"@id\":\"https:\\\/\\\/www.uartes.edu.ec\\\/sitio\\\/fr\\\/#organization\"},\"potentialAction\":[{\"@type\":\"SearchAction\",\"target\":{\"@type\":\"EntryPoint\",\"urlTemplate\":\"https:\\\/\\\/www.uartes.edu.ec\\\/sitio\\\/fr\\\/?s={search_term_string}\"},\"query-input\":{\"@type\":\"PropertyValueSpecification\",\"valueRequired\":true,\"valueName\":\"search_term_string\"}}],\"inLanguage\":\"fr-FR\"},{\"@type\":\"Organization\",\"@id\":\"https:\\\/\\\/www.uartes.edu.ec\\\/sitio\\\/fr\\\/#organization\",\"name\":\"Universidad de las Artes\",\"url\":\"https:\\\/\\\/www.uartes.edu.ec\\\/sitio\\\/fr\\\/\",\"logo\":{\"@type\":\"ImageObject\",\"inLanguage\":\"fr-FR\",\"@id\":\"https:\\\/\\\/www.uartes.edu.ec\\\/sitio\\\/fr\\\/#\\\/schema\\\/logo\\\/image\\\/\",\"url\":\"https:\\\/\\\/www.uartes.edu.ec\\\/sitio\\\/wp-content\\\/uploads\\\/2022\\\/07\\\/logo-ua-horizontal.png\",\"contentUrl\":\"https:\\\/\\\/www.uartes.edu.ec\\\/sitio\\\/wp-content\\\/uploads\\\/2022\\\/07\\\/logo-ua-horizontal.png\",\"width\":800,\"height\":276,\"caption\":\"Universidad de las Artes\"},\"image\":{\"@id\":\"https:\\\/\\\/www.uartes.edu.ec\\\/sitio\\\/fr\\\/#\\\/schema\\\/logo\\\/image\\\/\"},\"sameAs\":[\"https:\\\/\\\/www.facebook.com\\\/uartesec\",\"https:\\\/\\\/x.com\\\/uartesec\",\"https:\\\/\\\/www.tiktok.com\\\/@uartesec\"]},{\"@type\":\"Person\",\"@id\":\"https:\\\/\\\/www.uartes.edu.ec\\\/sitio\\\/fr\\\/#\\\/schema\\\/person\\\/efa1b8275797664fd7f13a79ccc0b1f4\",\"name\":\"ccortez\",\"image\":{\"@type\":\"ImageObject\",\"inLanguage\":\"fr-FR\",\"@id\":\"https:\\\/\\\/secure.gravatar.com\\\/avatar\\\/b2a6f664a3ae8e074346ef91775736c5ec479e637ecced6842de9dc98b5da9cd?s=96&d=mm&r=g\",\"url\":\"https:\\\/\\\/secure.gravatar.com\\\/avatar\\\/b2a6f664a3ae8e074346ef91775736c5ec479e637ecced6842de9dc98b5da9cd?s=96&d=mm&r=g\",\"contentUrl\":\"https:\\\/\\\/secure.gravatar.com\\\/avatar\\\/b2a6f664a3ae8e074346ef91775736c5ec479e637ecced6842de9dc98b5da9cd?s=96&d=mm&r=g\",\"caption\":\"ccortez\"},\"url\":\"https:\\\/\\\/www.uartes.edu.ec\\\/sitio\\\/fr\\\/blog\\\/author\\\/ccortez\\\/\"}]}<\/script>\n<!-- \/ Yoast SEO plugin. -->","yoast_head_json":{"title":"Universidad de las Artes - El arte en la prevenci\u00f3n de las violencias; el tema lo trat\u00f3 la UArtes en conversatorio que organiz\u00f3 la CCE N\u00facleo de Chimborazo","description":"Universidad de las Artes - El arte en la prevenci\u00f3n de las violencias; el tema lo trat\u00f3 la UArtes en conversatorio que organiz\u00f3 la CCE N\u00facleo de Chimborazo","robots":{"index":"index","follow":"follow","max-snippet":"max-snippet:-1","max-image-preview":"max-image-preview:large","max-video-preview":"max-video-preview:-1"},"canonical":"https:\/\/www.uartes.edu.ec\/sitio\/fr\/blog\/2026\/01\/27\/el-arte-en-la-prevencion-de-las-violencias-el-tema-lo-trato-la-uartes-en-conversatorio-de-la-cce-nucleo-de-chimborazo\/","og_locale":"fr_FR","og_type":"article","og_title":"Universidad de las Artes - El arte en la prevenci\u00f3n de las violencias; el tema lo trat\u00f3 la UArtes en conversatorio que organiz\u00f3 la CCE N\u00facleo de Chimborazo","og_description":"Universidad de las Artes - El arte en la prevenci\u00f3n de las violencias; el tema lo trat\u00f3 la UArtes en conversatorio que organiz\u00f3 la CCE N\u00facleo de Chimborazo","og_url":"https:\/\/www.uartes.edu.ec\/sitio\/fr\/blog\/2026\/01\/27\/el-arte-en-la-prevencion-de-las-violencias-el-tema-lo-trato-la-uartes-en-conversatorio-de-la-cce-nucleo-de-chimborazo\/","og_site_name":"Universidad de las Artes","article_publisher":"https:\/\/www.facebook.com\/uartesec","article_published_time":"2026-01-28T00:05:38+00:00","article_modified_time":"2026-01-28T00:08:22+00:00","og_image":[{"width":2000,"height":1333,"url":"https:\/\/www.uartes.edu.ec\/sitio\/wp-content\/uploads\/2026\/01\/Proyecto-Cambiar-tamano-de-imagen-2026-01-26T161816.112.jpeg","type":"image\/jpeg"}],"author":"ccortez","twitter_card":"summary_large_image","twitter_creator":"@uartesec","twitter_site":"@uartesec","twitter_misc":{"\u00c9crit par":"ccortez","Dur\u00e9e de lecture estim\u00e9e":"3 minutes"},"schema":{"@context":"https:\/\/schema.org","@graph":[{"@type":"Article","@id":"https:\/\/www.uartes.edu.ec\/sitio\/fr\/blog\/2026\/01\/27\/el-arte-en-la-prevencion-de-las-violencias-el-tema-lo-trato-la-uartes-en-conversatorio-de-la-cce-nucleo-de-chimborazo\/#article","isPartOf":{"@id":"https:\/\/www.uartes.edu.ec\/sitio\/fr\/blog\/2026\/01\/27\/el-arte-en-la-prevencion-de-las-violencias-el-tema-lo-trato-la-uartes-en-conversatorio-de-la-cce-nucleo-de-chimborazo\/"},"author":{"name":"ccortez","@id":"https:\/\/www.uartes.edu.ec\/sitio\/fr\/#\/schema\/person\/efa1b8275797664fd7f13a79ccc0b1f4"},"headline":"El arte en la prevenci\u00f3n de las violencias; el tema lo trat\u00f3 la UArtes en conversatorio que organiz\u00f3 la CCE N\u00facleo de Chimborazo","datePublished":"2026-01-28T00:05:38+00:00","dateModified":"2026-01-28T00:08:22+00:00","mainEntityOfPage":{"@id":"https:\/\/www.uartes.edu.ec\/sitio\/fr\/blog\/2026\/01\/27\/el-arte-en-la-prevencion-de-las-violencias-el-tema-lo-trato-la-uartes-en-conversatorio-de-la-cce-nucleo-de-chimborazo\/"},"wordCount":710,"commentCount":0,"publisher":{"@id":"https:\/\/www.uartes.edu.ec\/sitio\/fr\/#organization"},"image":{"@id":"https:\/\/www.uartes.edu.ec\/sitio\/fr\/blog\/2026\/01\/27\/el-arte-en-la-prevencion-de-las-violencias-el-tema-lo-trato-la-uartes-en-conversatorio-de-la-cce-nucleo-de-chimborazo\/#primaryimage"},"thumbnailUrl":"https:\/\/www.uartes.edu.ec\/sitio\/wp-content\/uploads\/2026\/01\/Proyecto-Cambiar-tamano-de-imagen-2026-01-26T161816.112.jpeg","keywords":["exposici\u00f3n"],"articleSection":["Acad\u00e9mico","Administrativos","Docentes","Gesti\u00f3n","V\u00ednculo"],"inLanguage":"fr-FR","potentialAction":[{"@type":"CommentAction","name":"Comment","target":["https:\/\/www.uartes.edu.ec\/sitio\/fr\/blog\/2026\/01\/27\/el-arte-en-la-prevencion-de-las-violencias-el-tema-lo-trato-la-uartes-en-conversatorio-de-la-cce-nucleo-de-chimborazo\/#respond"]}]},{"@type":["WebPage","ItemPage"],"@id":"https:\/\/www.uartes.edu.ec\/sitio\/fr\/blog\/2026\/01\/27\/el-arte-en-la-prevencion-de-las-violencias-el-tema-lo-trato-la-uartes-en-conversatorio-de-la-cce-nucleo-de-chimborazo\/","url":"https:\/\/www.uartes.edu.ec\/sitio\/fr\/blog\/2026\/01\/27\/el-arte-en-la-prevencion-de-las-violencias-el-tema-lo-trato-la-uartes-en-conversatorio-de-la-cce-nucleo-de-chimborazo\/","name":"Universidad de las Artes - El arte en la prevenci\u00f3n de las violencias; el tema lo trat\u00f3 la UArtes en conversatorio que organiz\u00f3 la CCE N\u00facleo de Chimborazo","isPartOf":{"@id":"https:\/\/www.uartes.edu.ec\/sitio\/fr\/#website"},"primaryImageOfPage":{"@id":"https:\/\/www.uartes.edu.ec\/sitio\/fr\/blog\/2026\/01\/27\/el-arte-en-la-prevencion-de-las-violencias-el-tema-lo-trato-la-uartes-en-conversatorio-de-la-cce-nucleo-de-chimborazo\/#primaryimage"},"image":{"@id":"https:\/\/www.uartes.edu.ec\/sitio\/fr\/blog\/2026\/01\/27\/el-arte-en-la-prevencion-de-las-violencias-el-tema-lo-trato-la-uartes-en-conversatorio-de-la-cce-nucleo-de-chimborazo\/#primaryimage"},"thumbnailUrl":"https:\/\/www.uartes.edu.ec\/sitio\/wp-content\/uploads\/2026\/01\/Proyecto-Cambiar-tamano-de-imagen-2026-01-26T161816.112.jpeg","datePublished":"2026-01-28T00:05:38+00:00","dateModified":"2026-01-28T00:08:22+00:00","description":"Universidad de las Artes - El arte en la prevenci\u00f3n de las violencias; el tema lo trat\u00f3 la UArtes en conversatorio que organiz\u00f3 la CCE N\u00facleo de Chimborazo","breadcrumb":{"@id":"https:\/\/www.uartes.edu.ec\/sitio\/fr\/blog\/2026\/01\/27\/el-arte-en-la-prevencion-de-las-violencias-el-tema-lo-trato-la-uartes-en-conversatorio-de-la-cce-nucleo-de-chimborazo\/#breadcrumb"},"inLanguage":"fr-FR","potentialAction":[{"@type":"ReadAction","target":["https:\/\/www.uartes.edu.ec\/sitio\/fr\/blog\/2026\/01\/27\/el-arte-en-la-prevencion-de-las-violencias-el-tema-lo-trato-la-uartes-en-conversatorio-de-la-cce-nucleo-de-chimborazo\/"]}]},{"@type":"ImageObject","inLanguage":"fr-FR","@id":"https:\/\/www.uartes.edu.ec\/sitio\/fr\/blog\/2026\/01\/27\/el-arte-en-la-prevencion-de-las-violencias-el-tema-lo-trato-la-uartes-en-conversatorio-de-la-cce-nucleo-de-chimborazo\/#primaryimage","url":"https:\/\/www.uartes.edu.ec\/sitio\/wp-content\/uploads\/2026\/01\/Proyecto-Cambiar-tamano-de-imagen-2026-01-26T161816.112.jpeg","contentUrl":"https:\/\/www.uartes.edu.ec\/sitio\/wp-content\/uploads\/2026\/01\/Proyecto-Cambiar-tamano-de-imagen-2026-01-26T161816.112.jpeg","width":2000,"height":1333},{"@type":"BreadcrumbList","@id":"https:\/\/www.uartes.edu.ec\/sitio\/fr\/blog\/2026\/01\/27\/el-arte-en-la-prevencion-de-las-violencias-el-tema-lo-trato-la-uartes-en-conversatorio-de-la-cce-nucleo-de-chimborazo\/#breadcrumb","itemListElement":[{"@type":"ListItem","position":1,"name":"Inicio","item":"https:\/\/www.uartes.edu.ec\/sitio\/"},{"@type":"ListItem","position":2,"name":"El arte en la prevenci\u00f3n de las violencias; el tema lo trat\u00f3 la UArtes en conversatorio que organiz\u00f3 la CCE N\u00facleo de Chimborazo"}]},{"@type":"WebSite","@id":"https:\/\/www.uartes.edu.ec\/sitio\/fr\/#website","url":"https:\/\/www.uartes.edu.ec\/sitio\/fr\/","name":"Universidad de las Artes","description":"Sitio oficial de la Universidad Nacional de las Artes del Ecuador","publisher":{"@id":"https:\/\/www.uartes.edu.ec\/sitio\/fr\/#organization"},"potentialAction":[{"@type":"SearchAction","target":{"@type":"EntryPoint","urlTemplate":"https:\/\/www.uartes.edu.ec\/sitio\/fr\/?s={search_term_string}"},"query-input":{"@type":"PropertyValueSpecification","valueRequired":true,"valueName":"search_term_string"}}],"inLanguage":"fr-FR"},{"@type":"Organization","@id":"https:\/\/www.uartes.edu.ec\/sitio\/fr\/#organization","name":"Universidad de las Artes","url":"https:\/\/www.uartes.edu.ec\/sitio\/fr\/","logo":{"@type":"ImageObject","inLanguage":"fr-FR","@id":"https:\/\/www.uartes.edu.ec\/sitio\/fr\/#\/schema\/logo\/image\/","url":"https:\/\/www.uartes.edu.ec\/sitio\/wp-content\/uploads\/2022\/07\/logo-ua-horizontal.png","contentUrl":"https:\/\/www.uartes.edu.ec\/sitio\/wp-content\/uploads\/2022\/07\/logo-ua-horizontal.png","width":800,"height":276,"caption":"Universidad de las Artes"},"image":{"@id":"https:\/\/www.uartes.edu.ec\/sitio\/fr\/#\/schema\/logo\/image\/"},"sameAs":["https:\/\/www.facebook.com\/uartesec","https:\/\/x.com\/uartesec","https:\/\/www.tiktok.com\/@uartesec"]},{"@type":"Person","@id":"https:\/\/www.uartes.edu.ec\/sitio\/fr\/#\/schema\/person\/efa1b8275797664fd7f13a79ccc0b1f4","name":"ccortez","image":{"@type":"ImageObject","inLanguage":"fr-FR","@id":"https:\/\/secure.gravatar.com\/avatar\/b2a6f664a3ae8e074346ef91775736c5ec479e637ecced6842de9dc98b5da9cd?s=96&d=mm&r=g","url":"https:\/\/secure.gravatar.com\/avatar\/b2a6f664a3ae8e074346ef91775736c5ec479e637ecced6842de9dc98b5da9cd?s=96&d=mm&r=g","contentUrl":"https:\/\/secure.gravatar.com\/avatar\/b2a6f664a3ae8e074346ef91775736c5ec479e637ecced6842de9dc98b5da9cd?s=96&d=mm&r=g","caption":"ccortez"},"url":"https:\/\/www.uartes.edu.ec\/sitio\/fr\/blog\/author\/ccortez\/"}]}},"uagb_featured_image_src":{"full":["https:\/\/www.uartes.edu.ec\/sitio\/wp-content\/uploads\/2026\/01\/Proyecto-Cambiar-tamano-de-imagen-2026-01-26T161816.112.jpeg",2000,1333,false],"thumbnail":["https:\/\/www.uartes.edu.ec\/sitio\/wp-content\/uploads\/2026\/01\/Proyecto-Cambiar-tamano-de-imagen-2026-01-26T161816.112-150x150.jpeg",150,150,true],"medium":["https:\/\/www.uartes.edu.ec\/sitio\/wp-content\/uploads\/2026\/01\/Proyecto-Cambiar-tamano-de-imagen-2026-01-26T161816.112-300x200.jpeg",300,200,true],"medium_large":["https:\/\/www.uartes.edu.ec\/sitio\/wp-content\/uploads\/2026\/01\/Proyecto-Cambiar-tamano-de-imagen-2026-01-26T161816.112-768x512.jpeg",768,512,true],"large":["https:\/\/www.uartes.edu.ec\/sitio\/wp-content\/uploads\/2026\/01\/Proyecto-Cambiar-tamano-de-imagen-2026-01-26T161816.112-644x429.jpeg",644,429,true],"1536x1536":["https:\/\/www.uartes.edu.ec\/sitio\/wp-content\/uploads\/2026\/01\/Proyecto-Cambiar-tamano-de-imagen-2026-01-26T161816.112-1536x1024.jpeg",1536,1024,true],"2048x2048":["https:\/\/www.uartes.edu.ec\/sitio\/wp-content\/uploads\/2026\/01\/Proyecto-Cambiar-tamano-de-imagen-2026-01-26T161816.112.jpeg",2000,1333,false],"trp-custom-language-flag":["https:\/\/www.uartes.edu.ec\/sitio\/wp-content\/uploads\/2026\/01\/Proyecto-Cambiar-tamano-de-imagen-2026-01-26T161816.112-18x12.jpeg",18,12,true],"htmega_size_585x295":["https:\/\/www.uartes.edu.ec\/sitio\/wp-content\/uploads\/2026\/01\/Proyecto-Cambiar-tamano-de-imagen-2026-01-26T161816.112-585x295.jpeg",585,295,true],"htmega_size_1170x536":["https:\/\/www.uartes.edu.ec\/sitio\/wp-content\/uploads\/2026\/01\/Proyecto-Cambiar-tamano-de-imagen-2026-01-26T161816.112-1170x536.jpeg",1170,536,true],"htmega_size_396x360":["https:\/\/www.uartes.edu.ec\/sitio\/wp-content\/uploads\/2026\/01\/Proyecto-Cambiar-tamano-de-imagen-2026-01-26T161816.112-396x360.jpeg",396,360,true],"gb-block-post-grid-landscape":["https:\/\/www.uartes.edu.ec\/sitio\/wp-content\/uploads\/2026\/01\/Proyecto-Cambiar-tamano-de-imagen-2026-01-26T161816.112-600x400.jpeg",600,400,true],"gb-block-post-grid-square":["https:\/\/www.uartes.edu.ec\/sitio\/wp-content\/uploads\/2026\/01\/Proyecto-Cambiar-tamano-de-imagen-2026-01-26T161816.112-600x600.jpeg",600,600,true],"university-hub-thumb":["https:\/\/www.uartes.edu.ec\/sitio\/wp-content\/uploads\/2026\/01\/Proyecto-Cambiar-tamano-de-imagen-2026-01-26T161816.112-400x267.jpeg",400,267,true]},"uagb_author_info":{"display_name":"ccortez","author_link":"https:\/\/www.uartes.edu.ec\/sitio\/fr\/blog\/author\/ccortez\/"},"uagb_comment_info":0,"uagb_excerpt":"La Universidad de la Artes particip\u00f3 en el conversatorio acad\u00e9mico-cultural \u201cLas pr\u00e1cticas art\u00edsticas como estrategia de cohesi\u00f3n social y prevenci\u00f3n de las violencias\u201d que organiz\u00f3 la Casa de la Cultura Ecuatoriana N\u00facleo de Chimborazo (CCE-NCh). Nos representaron en la cita Janina Su\u00e1rez, jefa de PPP; Patricio S\u00e1nchez y Ronny Ramos, funcionarios de la Direcci\u00f3n de\u2026","featured_image_src":"https:\/\/www.uartes.edu.ec\/sitio\/wp-content\/uploads\/2026\/01\/Proyecto-Cambiar-tamano-de-imagen-2026-01-26T161816.112-600x400.jpeg","featured_image_src_square":"https:\/\/www.uartes.edu.ec\/sitio\/wp-content\/uploads\/2026\/01\/Proyecto-Cambiar-tamano-de-imagen-2026-01-26T161816.112-600x600.jpeg","author_info":{"display_name":"ccortez","author_link":"https:\/\/www.uartes.edu.ec\/sitio\/fr\/blog\/author\/ccortez\/"},"publishpress_future_workflow_manual_trigger":{"enabledWorkflows":[]},"distributor_meta":false,"distributor_terms":false,"distributor_media":false,"distributor_original_site_name":"Universidad de las Artes","distributor_original_site_url":"https:\/\/www.uartes.edu.ec\/sitio\/fr","push-errors":false,"_links":{"self":[{"href":"https:\/\/www.uartes.edu.ec\/sitio\/fr\/wp-json\/wp\/v2\/posts\/85274","targetHints":{"allow":["GET"]}}],"collection":[{"href":"https:\/\/www.uartes.edu.ec\/sitio\/fr\/wp-json\/wp\/v2\/posts"}],"about":[{"href":"https:\/\/www.uartes.edu.ec\/sitio\/fr\/wp-json\/wp\/v2\/types\/post"}],"author":[{"embeddable":true,"href":"https:\/\/www.uartes.edu.ec\/sitio\/fr\/wp-json\/wp\/v2\/users\/10"}],"replies":[{"embeddable":true,"href":"https:\/\/www.uartes.edu.ec\/sitio\/fr\/wp-json\/wp\/v2\/comments?post=85274"}],"version-history":[{"count":3,"href":"https:\/\/www.uartes.edu.ec\/sitio\/fr\/wp-json\/wp\/v2\/posts\/85274\/revisions"}],"predecessor-version":[{"id":85287,"href":"https:\/\/www.uartes.edu.ec\/sitio\/fr\/wp-json\/wp\/v2\/posts\/85274\/revisions\/85287"}],"wp:featuredmedia":[{"embeddable":true,"href":"https:\/\/www.uartes.edu.ec\/sitio\/fr\/wp-json\/wp\/v2\/media\/85275"}],"wp:attachment":[{"href":"https:\/\/www.uartes.edu.ec\/sitio\/fr\/wp-json\/wp\/v2\/media?parent=85274"}],"wp:term":[{"taxonomy":"category","embeddable":true,"href":"https:\/\/www.uartes.edu.ec\/sitio\/fr\/wp-json\/wp\/v2\/categories?post=85274"},{"taxonomy":"post_tag","embeddable":true,"href":"https:\/\/www.uartes.edu.ec\/sitio\/fr\/wp-json\/wp\/v2\/tags?post=85274"},{"taxonomy":"infouartes","embeddable":true,"href":"https:\/\/www.uartes.edu.ec\/sitio\/fr\/wp-json\/wp\/v2\/infouartes?post=85274"}],"curies":[{"name":"wp","href":"https:\/\/api.w.org\/{rel}","templated":true}]}}