{"id":85426,"date":"2026-01-27T16:27:00","date_gmt":"2026-01-27T21:27:00","guid":{"rendered":"https:\/\/www.uartes.edu.ec\/sitio\/?p=85426"},"modified":"2026-01-29T19:39:50","modified_gmt":"2026-01-30T00:39:50","slug":"relatos-sonoros-libro-objeto-y-juego-interactivo-entre-productos-artisticos-creados-tras-capacitaciones-del-cpccs","status":"publish","type":"post","link":"https:\/\/www.uartes.edu.ec\/sitio\/fr\/blog\/2026\/01\/27\/relatos-sonoros-libro-objeto-y-juego-interactivo-entre-productos-artisticos-creados-tras-capacitaciones-del-cpccs\/","title":{"rendered":"Relatos sonoros, libro-objeto y juego interactivo entre productos art\u00edsticos creados tras capacitaciones del CPCCS"},"content":{"rendered":"<p>Tres de los productos art\u00edsticos que los estudiantes que participan en el proyecto de vinculaci\u00f3n con la sociedad \u201cPAZ: Pedagog\u00eda en artes para la transformaci\u00f3n social en sectores en condici\u00f3n de vulnerabilidad\u201d han desarrollado tras los cursos recibidos por el Consejo de Participaci\u00f3n Ciudadana y Control Social (CPCCS) fueron expuestos en una muestra a la que asistieron los representantes del mencionado ente.<\/p>\n\n\n\n<p>Tanto las capacitaciones como la elaboraci\u00f3n de los productos art\u00edsticos se dieron en el marco del convenio de cooperaci\u00f3n interinstitucional que la UArtes firm\u00f3 con el CPCCS. El docente Jorge Tigrero, director del proyecto de v\u00ednculo en menci\u00f3n, indic\u00f3 que de manera conjunta se han venido desarrollando una serie de procesos en los que sus alumnos de la asignatura Pedagog\u00eda de la Inclusi\u00f3n, la cual \u00e9l imparte, se formado en temas de&nbsp;participaci\u00f3n, derecho e igualdad.<\/p>\n\n\n\n<p>En ese contexto, se elaboraron productos como \u201cRelatos Sonoros\u201d, una metodolog\u00eda de aprendizaje para la comunidad concebida por estudiantes de la carrera de Producci\u00f3n Musical y Sonora;&nbsp;un libro-objeto y un juego interactivo denominado \u201cParch\u00eds Literario por la Transparencia\u201d, ambos dirigidos por los estudiantes de Literatura.<\/p>\n\n\n<div class=\"wp-block-image\">\n<figure class=\"aligncenter size-large\"><img fetchpriority=\"high\" decoding=\"async\" width=\"644\" height=\"429\" src=\"https:\/\/www.uartes.edu.ec\/sitio\/wp-content\/uploads\/2026\/01\/Proyecto-Cambiar-tamano-de-imagen-2026-01-26T170234.044-644x429.jpeg\" alt=\"\" class=\"wp-image-85428\" srcset=\"https:\/\/www.uartes.edu.ec\/sitio\/wp-content\/uploads\/2026\/01\/Proyecto-Cambiar-tamano-de-imagen-2026-01-26T170234.044-644x429.jpeg 644w, https:\/\/www.uartes.edu.ec\/sitio\/wp-content\/uploads\/2026\/01\/Proyecto-Cambiar-tamano-de-imagen-2026-01-26T170234.044-300x200.jpeg 300w, https:\/\/www.uartes.edu.ec\/sitio\/wp-content\/uploads\/2026\/01\/Proyecto-Cambiar-tamano-de-imagen-2026-01-26T170234.044-768x512.jpeg 768w, https:\/\/www.uartes.edu.ec\/sitio\/wp-content\/uploads\/2026\/01\/Proyecto-Cambiar-tamano-de-imagen-2026-01-26T170234.044-1536x1024.jpeg 1536w, https:\/\/www.uartes.edu.ec\/sitio\/wp-content\/uploads\/2026\/01\/Proyecto-Cambiar-tamano-de-imagen-2026-01-26T170234.044-18x12.jpeg 18w, https:\/\/www.uartes.edu.ec\/sitio\/wp-content\/uploads\/2026\/01\/Proyecto-Cambiar-tamano-de-imagen-2026-01-26T170234.044-600x400.jpeg 600w, https:\/\/www.uartes.edu.ec\/sitio\/wp-content\/uploads\/2026\/01\/Proyecto-Cambiar-tamano-de-imagen-2026-01-26T170234.044-400x267.jpeg 400w, https:\/\/www.uartes.edu.ec\/sitio\/wp-content\/uploads\/2026\/01\/Proyecto-Cambiar-tamano-de-imagen-2026-01-26T170234.044.jpeg 2000w\" sizes=\"(max-width: 644px) 100vw, 644px\" \/><\/figure>\n<\/div>\n\n<div class=\"wp-block-image\">\n<figure class=\"aligncenter size-large is-resized\"><img decoding=\"async\" src=\"https:\/\/www.uartes.edu.ec\/sitio\/wp-content\/uploads\/2026\/01\/Proyecto-Cambiar-tamano-de-imagen-2026-01-26T162931.435-1-644x429.jpeg\" alt=\"\" class=\"wp-image-85435\" style=\"width:480px;height:auto\" \/><\/figure>\n<\/div>\n\n\n<p>De los cursos recibidos, los alumnos UArtes recibieron certificados&nbsp;v\u00e1lidos por horas profesionales para su curr\u00edculo, mencion\u00f3 Jorge Tigrero. A la presentaci\u00f3n, efectuada el 21 de enero en el aula 204 del Pabell\u00f3n Pablo Palacio, asistieron del CPCCS Viviana Garc\u00eda y Maggie Tigua, quienes han estado en contacto con el director del proyecto \u201cPAZ\u201d para las capacitaciones.<\/p>\n\n\n\n<p>De los cursos, los estudiantes Mar\u00eda Fernanda Fajardo, Robinson Espinoza y Alan L\u00f3pez se propusieron desarrollar un dispositivo l\u00fadico\u2013pedag\u00f3gico con el mismo formato del popular juego de mesa de origen indio, a fin de abordar temas como transparencia, control social, \u00e9tica e integridad mediante retos creativos, corporales y narrativos.<\/p>\n\n\n\n<p>En ese contexto crearon el juego interactivo \u201cParch\u00eds Literario por la Transparencia\u201d, que lleva a los participantes a aprender desde la experiencia, el di\u00e1logo y la participaci\u00f3n, m\u00e1s que desde respuestas cerradas. Fajardo plante\u00f3 la propuesta conceptual inicial del juego, el cual se fue construyendo y materializando de manera conjunta. El dise\u00f1o del tablero, las tarjetas, la din\u00e1mica del juego y su enfoque pedag\u00f3gico se desarrollaron de forma colaborativa entre los integrantes del grupo, coment\u00f3.<\/p>\n\n\n\n<p>Tras la primera presentaci\u00f3n, el proyecto de los estudiantes de Literatura tendr\u00e1n en las pr\u00f3ximas semanas nuevas muestras en el CPCCS.<\/p>\n\n\n<div class=\"wp-block-image\">\n<figure class=\"aligncenter size-large\"><img decoding=\"async\" width=\"644\" height=\"429\" src=\"https:\/\/www.uartes.edu.ec\/sitio\/wp-content\/uploads\/2026\/01\/Proyecto-Cambiar-tamano-de-imagen-2026-01-26T172224.906-644x429.jpeg\" alt=\"\" class=\"wp-image-85432\" srcset=\"https:\/\/www.uartes.edu.ec\/sitio\/wp-content\/uploads\/2026\/01\/Proyecto-Cambiar-tamano-de-imagen-2026-01-26T172224.906-644x429.jpeg 644w, https:\/\/www.uartes.edu.ec\/sitio\/wp-content\/uploads\/2026\/01\/Proyecto-Cambiar-tamano-de-imagen-2026-01-26T172224.906-300x200.jpeg 300w, https:\/\/www.uartes.edu.ec\/sitio\/wp-content\/uploads\/2026\/01\/Proyecto-Cambiar-tamano-de-imagen-2026-01-26T172224.906-768x512.jpeg 768w, https:\/\/www.uartes.edu.ec\/sitio\/wp-content\/uploads\/2026\/01\/Proyecto-Cambiar-tamano-de-imagen-2026-01-26T172224.906-1536x1024.jpeg 1536w, https:\/\/www.uartes.edu.ec\/sitio\/wp-content\/uploads\/2026\/01\/Proyecto-Cambiar-tamano-de-imagen-2026-01-26T172224.906-18x12.jpeg 18w, https:\/\/www.uartes.edu.ec\/sitio\/wp-content\/uploads\/2026\/01\/Proyecto-Cambiar-tamano-de-imagen-2026-01-26T172224.906-600x400.jpeg 600w, https:\/\/www.uartes.edu.ec\/sitio\/wp-content\/uploads\/2026\/01\/Proyecto-Cambiar-tamano-de-imagen-2026-01-26T172224.906-400x267.jpeg 400w, https:\/\/www.uartes.edu.ec\/sitio\/wp-content\/uploads\/2026\/01\/Proyecto-Cambiar-tamano-de-imagen-2026-01-26T172224.906.jpeg 2000w\" sizes=\"(max-width: 644px) 100vw, 644px\" \/><\/figure>\n<\/div>\n\n<div class=\"wp-block-image\">\n<figure class=\"aligncenter size-large is-resized\"><img decoding=\"async\" width=\"644\" height=\"429\" src=\"https:\/\/www.uartes.edu.ec\/sitio\/wp-content\/uploads\/2026\/01\/Proyecto-Cambiar-tamano-de-imagen-2026-01-29T191712.923-644x429.jpeg\" alt=\"\" class=\"wp-image-85437\" style=\"aspect-ratio:1.5012059816690786;width:485px;height:auto\" srcset=\"https:\/\/www.uartes.edu.ec\/sitio\/wp-content\/uploads\/2026\/01\/Proyecto-Cambiar-tamano-de-imagen-2026-01-29T191712.923-644x429.jpeg 644w, https:\/\/www.uartes.edu.ec\/sitio\/wp-content\/uploads\/2026\/01\/Proyecto-Cambiar-tamano-de-imagen-2026-01-29T191712.923-300x200.jpeg 300w, https:\/\/www.uartes.edu.ec\/sitio\/wp-content\/uploads\/2026\/01\/Proyecto-Cambiar-tamano-de-imagen-2026-01-29T191712.923-768x512.jpeg 768w, https:\/\/www.uartes.edu.ec\/sitio\/wp-content\/uploads\/2026\/01\/Proyecto-Cambiar-tamano-de-imagen-2026-01-29T191712.923-1536x1024.jpeg 1536w, https:\/\/www.uartes.edu.ec\/sitio\/wp-content\/uploads\/2026\/01\/Proyecto-Cambiar-tamano-de-imagen-2026-01-29T191712.923-18x12.jpeg 18w, https:\/\/www.uartes.edu.ec\/sitio\/wp-content\/uploads\/2026\/01\/Proyecto-Cambiar-tamano-de-imagen-2026-01-29T191712.923-600x400.jpeg 600w, https:\/\/www.uartes.edu.ec\/sitio\/wp-content\/uploads\/2026\/01\/Proyecto-Cambiar-tamano-de-imagen-2026-01-29T191712.923-400x267.jpeg 400w, https:\/\/www.uartes.edu.ec\/sitio\/wp-content\/uploads\/2026\/01\/Proyecto-Cambiar-tamano-de-imagen-2026-01-29T191712.923.jpeg 2000w\" sizes=\"(max-width: 644px) 100vw, 644px\" \/><\/figure>\n<\/div>\n\n\n<p>Texto: Carmen Cortez\/Dircom. Fotos: docente Jorge Tigrero y Ronny Ramos\/Direcci\u00f3n de Vinculaci\u00f3n con la Sociedad. <\/p>","protected":false},"excerpt":{"rendered":"<p>Tres de los productos art\u00edsticos que los estudiantes que participan en el proyecto de vinculaci\u00f3n con la sociedad \u201cPAZ: Pedagog\u00eda en artes para la transformaci\u00f3n social en sectores en condici\u00f3n de vulnerabilidad\u201d han desarrollado tras los cursos recibidos por el Consejo de Participaci\u00f3n Ciudadana y Control Social (CPCCS) fueron expuestos en una muestra ante los representantes de la instituci\u00f3n con la que tenemos convenio.<\/p>","protected":false},"author":10,"featured_media":85428,"comment_status":"open","ping_status":"open","sticky":false,"template":"","format":"standard","meta":{"_acf_changed":false,"_uag_custom_page_level_css":"","_monsterinsights_skip_tracking":false,"_monsterinsights_sitenote_active":false,"_monsterinsights_sitenote_note":"","_monsterinsights_sitenote_category":0,"cybocfi_hide_featured_image":"","footnotes":""},"categories":[80,159,150,157,147,75,76,77,175,83,79],"tags":[517],"infouartes":[],"class_list":["post-85426","post","type-post","status-publish","format-standard","has-post-thumbnail","hentry","category-academico","category-artes-escenicas","category-artes-sonoras","category-artes-visuales","category-cine","category-docentes","category-estudiantes","category-gestion","category-literatura","category-sedes","category-vinculo","tag-exposicion"],"acf":[],"yoast_head":"<!-- This site is optimized with the Yoast SEO plugin v27.4 - https:\/\/yoast.com\/product\/yoast-seo-wordpress\/ -->\n<title>Universidad de las Artes - Relatos sonoros, libro-objeto y juego interactivo entre productos art\u00edsticos creados tras capacitaciones del CPCCS<\/title>\n<meta name=\"description\" content=\"Universidad de las Artes - Relatos sonoros, libro-objeto y juego interactivo entre productos art\u00edsticos creados tras capacitaciones del CPCCS\" \/>\n<meta name=\"robots\" content=\"index, follow, max-snippet:-1, max-image-preview:large, max-video-preview:-1\" \/>\n<link rel=\"canonical\" href=\"https:\/\/www.uartes.edu.ec\/sitio\/fr\/blog\/2026\/01\/27\/relatos-sonoros-libro-objeto-y-juego-interactivo-entre-productos-artisticos-creados-tras-capacitaciones-del-cpccs\/\" \/>\n<meta property=\"og:locale\" content=\"fr_FR\" \/>\n<meta property=\"og:type\" content=\"article\" \/>\n<meta property=\"og:title\" content=\"Universidad de las Artes - Relatos sonoros, libro-objeto y juego interactivo entre productos art\u00edsticos creados tras capacitaciones del CPCCS\" \/>\n<meta property=\"og:description\" content=\"Universidad de las Artes - Relatos sonoros, libro-objeto y juego interactivo entre productos art\u00edsticos creados tras capacitaciones del CPCCS\" \/>\n<meta property=\"og:url\" content=\"https:\/\/www.uartes.edu.ec\/sitio\/fr\/blog\/2026\/01\/27\/relatos-sonoros-libro-objeto-y-juego-interactivo-entre-productos-artisticos-creados-tras-capacitaciones-del-cpccs\/\" \/>\n<meta property=\"og:site_name\" content=\"Universidad de las Artes\" \/>\n<meta property=\"article:publisher\" content=\"https:\/\/www.facebook.com\/uartesec\" \/>\n<meta property=\"article:published_time\" content=\"2026-01-27T21:27:00+00:00\" \/>\n<meta property=\"article:modified_time\" content=\"2026-01-30T00:39:50+00:00\" \/>\n<meta property=\"og:image\" content=\"https:\/\/www.uartes.edu.ec\/sitio\/wp-content\/uploads\/2026\/01\/Proyecto-Cambiar-tamano-de-imagen-2026-01-26T170234.044.jpeg\" \/>\n\t<meta property=\"og:image:width\" content=\"2000\" \/>\n\t<meta property=\"og:image:height\" content=\"1333\" \/>\n\t<meta property=\"og:image:type\" content=\"image\/jpeg\" \/>\n<meta name=\"author\" content=\"ccortez\" \/>\n<meta name=\"twitter:card\" content=\"summary_large_image\" \/>\n<meta name=\"twitter:creator\" content=\"@uartesec\" \/>\n<meta name=\"twitter:site\" content=\"@uartesec\" \/>\n<meta name=\"twitter:label1\" content=\"\u00c9crit par\" \/>\n\t<meta name=\"twitter:data1\" content=\"ccortez\" \/>\n\t<meta name=\"twitter:label2\" content=\"Dur\u00e9e de lecture estim\u00e9e\" \/>\n\t<meta name=\"twitter:data2\" content=\"2 minutes\" \/>\n<script type=\"application\/ld+json\" class=\"yoast-schema-graph\">{\"@context\":\"https:\\\/\\\/schema.org\",\"@graph\":[{\"@type\":\"Article\",\"@id\":\"https:\\\/\\\/www.uartes.edu.ec\\\/sitio\\\/fr\\\/blog\\\/2026\\\/01\\\/27\\\/relatos-sonoros-libro-objeto-y-juego-interactivo-entre-productos-artisticos-creados-tras-capacitaciones-del-cpccs\\\/#article\",\"isPartOf\":{\"@id\":\"https:\\\/\\\/www.uartes.edu.ec\\\/sitio\\\/fr\\\/blog\\\/2026\\\/01\\\/27\\\/relatos-sonoros-libro-objeto-y-juego-interactivo-entre-productos-artisticos-creados-tras-capacitaciones-del-cpccs\\\/\"},\"author\":{\"name\":\"ccortez\",\"@id\":\"https:\\\/\\\/www.uartes.edu.ec\\\/sitio\\\/fr\\\/#\\\/schema\\\/person\\\/efa1b8275797664fd7f13a79ccc0b1f4\"},\"headline\":\"Relatos sonoros, libro-objeto y juego interactivo entre productos art\u00edsticos creados tras capacitaciones del CPCCS\",\"datePublished\":\"2026-01-27T21:27:00+00:00\",\"dateModified\":\"2026-01-30T00:39:50+00:00\",\"mainEntityOfPage\":{\"@id\":\"https:\\\/\\\/www.uartes.edu.ec\\\/sitio\\\/fr\\\/blog\\\/2026\\\/01\\\/27\\\/relatos-sonoros-libro-objeto-y-juego-interactivo-entre-productos-artisticos-creados-tras-capacitaciones-del-cpccs\\\/\"},\"wordCount\":458,\"commentCount\":0,\"publisher\":{\"@id\":\"https:\\\/\\\/www.uartes.edu.ec\\\/sitio\\\/fr\\\/#organization\"},\"image\":{\"@id\":\"https:\\\/\\\/www.uartes.edu.ec\\\/sitio\\\/fr\\\/blog\\\/2026\\\/01\\\/27\\\/relatos-sonoros-libro-objeto-y-juego-interactivo-entre-productos-artisticos-creados-tras-capacitaciones-del-cpccs\\\/#primaryimage\"},\"thumbnailUrl\":\"https:\\\/\\\/www.uartes.edu.ec\\\/sitio\\\/wp-content\\\/uploads\\\/2026\\\/01\\\/Proyecto-Cambiar-tamano-de-imagen-2026-01-26T170234.044.jpeg\",\"keywords\":[\"exposici\u00f3n\"],\"articleSection\":[\"Acad\u00e9mico\",\"Artes Esc\u00e9nicas\",\"Artes Sonoras\",\"Artes Visuales\",\"Cine\",\"Docentes\",\"Estudiantes\",\"Gesti\u00f3n\",\"Literatura\",\"Sedes\",\"V\u00ednculo\"],\"inLanguage\":\"fr-FR\",\"potentialAction\":[{\"@type\":\"CommentAction\",\"name\":\"Comment\",\"target\":[\"https:\\\/\\\/www.uartes.edu.ec\\\/sitio\\\/fr\\\/blog\\\/2026\\\/01\\\/27\\\/relatos-sonoros-libro-objeto-y-juego-interactivo-entre-productos-artisticos-creados-tras-capacitaciones-del-cpccs\\\/#respond\"]}]},{\"@type\":[\"WebPage\",\"ItemPage\"],\"@id\":\"https:\\\/\\\/www.uartes.edu.ec\\\/sitio\\\/fr\\\/blog\\\/2026\\\/01\\\/27\\\/relatos-sonoros-libro-objeto-y-juego-interactivo-entre-productos-artisticos-creados-tras-capacitaciones-del-cpccs\\\/\",\"url\":\"https:\\\/\\\/www.uartes.edu.ec\\\/sitio\\\/fr\\\/blog\\\/2026\\\/01\\\/27\\\/relatos-sonoros-libro-objeto-y-juego-interactivo-entre-productos-artisticos-creados-tras-capacitaciones-del-cpccs\\\/\",\"name\":\"Universidad de las Artes - Relatos sonoros, libro-objeto y juego interactivo entre productos art\u00edsticos creados tras capacitaciones del CPCCS\",\"isPartOf\":{\"@id\":\"https:\\\/\\\/www.uartes.edu.ec\\\/sitio\\\/fr\\\/#website\"},\"primaryImageOfPage\":{\"@id\":\"https:\\\/\\\/www.uartes.edu.ec\\\/sitio\\\/fr\\\/blog\\\/2026\\\/01\\\/27\\\/relatos-sonoros-libro-objeto-y-juego-interactivo-entre-productos-artisticos-creados-tras-capacitaciones-del-cpccs\\\/#primaryimage\"},\"image\":{\"@id\":\"https:\\\/\\\/www.uartes.edu.ec\\\/sitio\\\/fr\\\/blog\\\/2026\\\/01\\\/27\\\/relatos-sonoros-libro-objeto-y-juego-interactivo-entre-productos-artisticos-creados-tras-capacitaciones-del-cpccs\\\/#primaryimage\"},\"thumbnailUrl\":\"https:\\\/\\\/www.uartes.edu.ec\\\/sitio\\\/wp-content\\\/uploads\\\/2026\\\/01\\\/Proyecto-Cambiar-tamano-de-imagen-2026-01-26T170234.044.jpeg\",\"datePublished\":\"2026-01-27T21:27:00+00:00\",\"dateModified\":\"2026-01-30T00:39:50+00:00\",\"description\":\"Universidad de las Artes - Relatos sonoros, libro-objeto y juego interactivo entre productos art\u00edsticos creados tras capacitaciones del CPCCS\",\"breadcrumb\":{\"@id\":\"https:\\\/\\\/www.uartes.edu.ec\\\/sitio\\\/fr\\\/blog\\\/2026\\\/01\\\/27\\\/relatos-sonoros-libro-objeto-y-juego-interactivo-entre-productos-artisticos-creados-tras-capacitaciones-del-cpccs\\\/#breadcrumb\"},\"inLanguage\":\"fr-FR\",\"potentialAction\":[{\"@type\":\"ReadAction\",\"target\":[\"https:\\\/\\\/www.uartes.edu.ec\\\/sitio\\\/fr\\\/blog\\\/2026\\\/01\\\/27\\\/relatos-sonoros-libro-objeto-y-juego-interactivo-entre-productos-artisticos-creados-tras-capacitaciones-del-cpccs\\\/\"]}]},{\"@type\":\"ImageObject\",\"inLanguage\":\"fr-FR\",\"@id\":\"https:\\\/\\\/www.uartes.edu.ec\\\/sitio\\\/fr\\\/blog\\\/2026\\\/01\\\/27\\\/relatos-sonoros-libro-objeto-y-juego-interactivo-entre-productos-artisticos-creados-tras-capacitaciones-del-cpccs\\\/#primaryimage\",\"url\":\"https:\\\/\\\/www.uartes.edu.ec\\\/sitio\\\/wp-content\\\/uploads\\\/2026\\\/01\\\/Proyecto-Cambiar-tamano-de-imagen-2026-01-26T170234.044.jpeg\",\"contentUrl\":\"https:\\\/\\\/www.uartes.edu.ec\\\/sitio\\\/wp-content\\\/uploads\\\/2026\\\/01\\\/Proyecto-Cambiar-tamano-de-imagen-2026-01-26T170234.044.jpeg\",\"width\":2000,\"height\":1333},{\"@type\":\"BreadcrumbList\",\"@id\":\"https:\\\/\\\/www.uartes.edu.ec\\\/sitio\\\/fr\\\/blog\\\/2026\\\/01\\\/27\\\/relatos-sonoros-libro-objeto-y-juego-interactivo-entre-productos-artisticos-creados-tras-capacitaciones-del-cpccs\\\/#breadcrumb\",\"itemListElement\":[{\"@type\":\"ListItem\",\"position\":1,\"name\":\"Inicio\",\"item\":\"https:\\\/\\\/www.uartes.edu.ec\\\/sitio\\\/\"},{\"@type\":\"ListItem\",\"position\":2,\"name\":\"Relatos sonoros, libro-objeto y juego interactivo entre productos art\u00edsticos creados tras capacitaciones del CPCCS\"}]},{\"@type\":\"WebSite\",\"@id\":\"https:\\\/\\\/www.uartes.edu.ec\\\/sitio\\\/fr\\\/#website\",\"url\":\"https:\\\/\\\/www.uartes.edu.ec\\\/sitio\\\/fr\\\/\",\"name\":\"Universidad de las Artes\",\"description\":\"Sitio oficial de la Universidad Nacional de las Artes del Ecuador\",\"publisher\":{\"@id\":\"https:\\\/\\\/www.uartes.edu.ec\\\/sitio\\\/fr\\\/#organization\"},\"potentialAction\":[{\"@type\":\"SearchAction\",\"target\":{\"@type\":\"EntryPoint\",\"urlTemplate\":\"https:\\\/\\\/www.uartes.edu.ec\\\/sitio\\\/fr\\\/?s={search_term_string}\"},\"query-input\":{\"@type\":\"PropertyValueSpecification\",\"valueRequired\":true,\"valueName\":\"search_term_string\"}}],\"inLanguage\":\"fr-FR\"},{\"@type\":\"Organization\",\"@id\":\"https:\\\/\\\/www.uartes.edu.ec\\\/sitio\\\/fr\\\/#organization\",\"name\":\"Universidad de las Artes\",\"url\":\"https:\\\/\\\/www.uartes.edu.ec\\\/sitio\\\/fr\\\/\",\"logo\":{\"@type\":\"ImageObject\",\"inLanguage\":\"fr-FR\",\"@id\":\"https:\\\/\\\/www.uartes.edu.ec\\\/sitio\\\/fr\\\/#\\\/schema\\\/logo\\\/image\\\/\",\"url\":\"https:\\\/\\\/www.uartes.edu.ec\\\/sitio\\\/wp-content\\\/uploads\\\/2022\\\/07\\\/logo-ua-horizontal.png\",\"contentUrl\":\"https:\\\/\\\/www.uartes.edu.ec\\\/sitio\\\/wp-content\\\/uploads\\\/2022\\\/07\\\/logo-ua-horizontal.png\",\"width\":800,\"height\":276,\"caption\":\"Universidad de las Artes\"},\"image\":{\"@id\":\"https:\\\/\\\/www.uartes.edu.ec\\\/sitio\\\/fr\\\/#\\\/schema\\\/logo\\\/image\\\/\"},\"sameAs\":[\"https:\\\/\\\/www.facebook.com\\\/uartesec\",\"https:\\\/\\\/x.com\\\/uartesec\",\"https:\\\/\\\/www.tiktok.com\\\/@uartesec\"]},{\"@type\":\"Person\",\"@id\":\"https:\\\/\\\/www.uartes.edu.ec\\\/sitio\\\/fr\\\/#\\\/schema\\\/person\\\/efa1b8275797664fd7f13a79ccc0b1f4\",\"name\":\"ccortez\",\"image\":{\"@type\":\"ImageObject\",\"inLanguage\":\"fr-FR\",\"@id\":\"https:\\\/\\\/secure.gravatar.com\\\/avatar\\\/b2a6f664a3ae8e074346ef91775736c5ec479e637ecced6842de9dc98b5da9cd?s=96&d=mm&r=g\",\"url\":\"https:\\\/\\\/secure.gravatar.com\\\/avatar\\\/b2a6f664a3ae8e074346ef91775736c5ec479e637ecced6842de9dc98b5da9cd?s=96&d=mm&r=g\",\"contentUrl\":\"https:\\\/\\\/secure.gravatar.com\\\/avatar\\\/b2a6f664a3ae8e074346ef91775736c5ec479e637ecced6842de9dc98b5da9cd?s=96&d=mm&r=g\",\"caption\":\"ccortez\"},\"url\":\"https:\\\/\\\/www.uartes.edu.ec\\\/sitio\\\/fr\\\/blog\\\/author\\\/ccortez\\\/\"}]}<\/script>\n<!-- \/ Yoast SEO plugin. -->","yoast_head_json":{"title":"Universidad de las Artes - Relatos sonoros, libro-objeto y juego interactivo entre productos art\u00edsticos creados tras capacitaciones del CPCCS","description":"Universidad de las Artes - Relatos sonoros, libro-objeto y juego interactivo entre productos art\u00edsticos creados tras capacitaciones del CPCCS","robots":{"index":"index","follow":"follow","max-snippet":"max-snippet:-1","max-image-preview":"max-image-preview:large","max-video-preview":"max-video-preview:-1"},"canonical":"https:\/\/www.uartes.edu.ec\/sitio\/fr\/blog\/2026\/01\/27\/relatos-sonoros-libro-objeto-y-juego-interactivo-entre-productos-artisticos-creados-tras-capacitaciones-del-cpccs\/","og_locale":"fr_FR","og_type":"article","og_title":"Universidad de las Artes - Relatos sonoros, libro-objeto y juego interactivo entre productos art\u00edsticos creados tras capacitaciones del CPCCS","og_description":"Universidad de las Artes - Relatos sonoros, libro-objeto y juego interactivo entre productos art\u00edsticos creados tras capacitaciones del CPCCS","og_url":"https:\/\/www.uartes.edu.ec\/sitio\/fr\/blog\/2026\/01\/27\/relatos-sonoros-libro-objeto-y-juego-interactivo-entre-productos-artisticos-creados-tras-capacitaciones-del-cpccs\/","og_site_name":"Universidad de las Artes","article_publisher":"https:\/\/www.facebook.com\/uartesec","article_published_time":"2026-01-27T21:27:00+00:00","article_modified_time":"2026-01-30T00:39:50+00:00","og_image":[{"width":2000,"height":1333,"url":"https:\/\/www.uartes.edu.ec\/sitio\/wp-content\/uploads\/2026\/01\/Proyecto-Cambiar-tamano-de-imagen-2026-01-26T170234.044.jpeg","type":"image\/jpeg"}],"author":"ccortez","twitter_card":"summary_large_image","twitter_creator":"@uartesec","twitter_site":"@uartesec","twitter_misc":{"\u00c9crit par":"ccortez","Dur\u00e9e de lecture estim\u00e9e":"2 minutes"},"schema":{"@context":"https:\/\/schema.org","@graph":[{"@type":"Article","@id":"https:\/\/www.uartes.edu.ec\/sitio\/fr\/blog\/2026\/01\/27\/relatos-sonoros-libro-objeto-y-juego-interactivo-entre-productos-artisticos-creados-tras-capacitaciones-del-cpccs\/#article","isPartOf":{"@id":"https:\/\/www.uartes.edu.ec\/sitio\/fr\/blog\/2026\/01\/27\/relatos-sonoros-libro-objeto-y-juego-interactivo-entre-productos-artisticos-creados-tras-capacitaciones-del-cpccs\/"},"author":{"name":"ccortez","@id":"https:\/\/www.uartes.edu.ec\/sitio\/fr\/#\/schema\/person\/efa1b8275797664fd7f13a79ccc0b1f4"},"headline":"Relatos sonoros, libro-objeto y juego interactivo entre productos art\u00edsticos creados tras capacitaciones del CPCCS","datePublished":"2026-01-27T21:27:00+00:00","dateModified":"2026-01-30T00:39:50+00:00","mainEntityOfPage":{"@id":"https:\/\/www.uartes.edu.ec\/sitio\/fr\/blog\/2026\/01\/27\/relatos-sonoros-libro-objeto-y-juego-interactivo-entre-productos-artisticos-creados-tras-capacitaciones-del-cpccs\/"},"wordCount":458,"commentCount":0,"publisher":{"@id":"https:\/\/www.uartes.edu.ec\/sitio\/fr\/#organization"},"image":{"@id":"https:\/\/www.uartes.edu.ec\/sitio\/fr\/blog\/2026\/01\/27\/relatos-sonoros-libro-objeto-y-juego-interactivo-entre-productos-artisticos-creados-tras-capacitaciones-del-cpccs\/#primaryimage"},"thumbnailUrl":"https:\/\/www.uartes.edu.ec\/sitio\/wp-content\/uploads\/2026\/01\/Proyecto-Cambiar-tamano-de-imagen-2026-01-26T170234.044.jpeg","keywords":["exposici\u00f3n"],"articleSection":["Acad\u00e9mico","Artes Esc\u00e9nicas","Artes Sonoras","Artes Visuales","Cine","Docentes","Estudiantes","Gesti\u00f3n","Literatura","Sedes","V\u00ednculo"],"inLanguage":"fr-FR","potentialAction":[{"@type":"CommentAction","name":"Comment","target":["https:\/\/www.uartes.edu.ec\/sitio\/fr\/blog\/2026\/01\/27\/relatos-sonoros-libro-objeto-y-juego-interactivo-entre-productos-artisticos-creados-tras-capacitaciones-del-cpccs\/#respond"]}]},{"@type":["WebPage","ItemPage"],"@id":"https:\/\/www.uartes.edu.ec\/sitio\/fr\/blog\/2026\/01\/27\/relatos-sonoros-libro-objeto-y-juego-interactivo-entre-productos-artisticos-creados-tras-capacitaciones-del-cpccs\/","url":"https:\/\/www.uartes.edu.ec\/sitio\/fr\/blog\/2026\/01\/27\/relatos-sonoros-libro-objeto-y-juego-interactivo-entre-productos-artisticos-creados-tras-capacitaciones-del-cpccs\/","name":"Universidad de las Artes - Relatos sonoros, libro-objeto y juego interactivo entre productos art\u00edsticos creados tras capacitaciones del CPCCS","isPartOf":{"@id":"https:\/\/www.uartes.edu.ec\/sitio\/fr\/#website"},"primaryImageOfPage":{"@id":"https:\/\/www.uartes.edu.ec\/sitio\/fr\/blog\/2026\/01\/27\/relatos-sonoros-libro-objeto-y-juego-interactivo-entre-productos-artisticos-creados-tras-capacitaciones-del-cpccs\/#primaryimage"},"image":{"@id":"https:\/\/www.uartes.edu.ec\/sitio\/fr\/blog\/2026\/01\/27\/relatos-sonoros-libro-objeto-y-juego-interactivo-entre-productos-artisticos-creados-tras-capacitaciones-del-cpccs\/#primaryimage"},"thumbnailUrl":"https:\/\/www.uartes.edu.ec\/sitio\/wp-content\/uploads\/2026\/01\/Proyecto-Cambiar-tamano-de-imagen-2026-01-26T170234.044.jpeg","datePublished":"2026-01-27T21:27:00+00:00","dateModified":"2026-01-30T00:39:50+00:00","description":"Universidad de las Artes - Relatos sonoros, libro-objeto y juego interactivo entre productos art\u00edsticos creados tras capacitaciones del CPCCS","breadcrumb":{"@id":"https:\/\/www.uartes.edu.ec\/sitio\/fr\/blog\/2026\/01\/27\/relatos-sonoros-libro-objeto-y-juego-interactivo-entre-productos-artisticos-creados-tras-capacitaciones-del-cpccs\/#breadcrumb"},"inLanguage":"fr-FR","potentialAction":[{"@type":"ReadAction","target":["https:\/\/www.uartes.edu.ec\/sitio\/fr\/blog\/2026\/01\/27\/relatos-sonoros-libro-objeto-y-juego-interactivo-entre-productos-artisticos-creados-tras-capacitaciones-del-cpccs\/"]}]},{"@type":"ImageObject","inLanguage":"fr-FR","@id":"https:\/\/www.uartes.edu.ec\/sitio\/fr\/blog\/2026\/01\/27\/relatos-sonoros-libro-objeto-y-juego-interactivo-entre-productos-artisticos-creados-tras-capacitaciones-del-cpccs\/#primaryimage","url":"https:\/\/www.uartes.edu.ec\/sitio\/wp-content\/uploads\/2026\/01\/Proyecto-Cambiar-tamano-de-imagen-2026-01-26T170234.044.jpeg","contentUrl":"https:\/\/www.uartes.edu.ec\/sitio\/wp-content\/uploads\/2026\/01\/Proyecto-Cambiar-tamano-de-imagen-2026-01-26T170234.044.jpeg","width":2000,"height":1333},{"@type":"BreadcrumbList","@id":"https:\/\/www.uartes.edu.ec\/sitio\/fr\/blog\/2026\/01\/27\/relatos-sonoros-libro-objeto-y-juego-interactivo-entre-productos-artisticos-creados-tras-capacitaciones-del-cpccs\/#breadcrumb","itemListElement":[{"@type":"ListItem","position":1,"name":"Inicio","item":"https:\/\/www.uartes.edu.ec\/sitio\/"},{"@type":"ListItem","position":2,"name":"Relatos sonoros, libro-objeto y juego interactivo entre productos art\u00edsticos creados tras capacitaciones del CPCCS"}]},{"@type":"WebSite","@id":"https:\/\/www.uartes.edu.ec\/sitio\/fr\/#website","url":"https:\/\/www.uartes.edu.ec\/sitio\/fr\/","name":"Universidad de las Artes","description":"Sitio oficial de la Universidad Nacional de las Artes del Ecuador","publisher":{"@id":"https:\/\/www.uartes.edu.ec\/sitio\/fr\/#organization"},"potentialAction":[{"@type":"SearchAction","target":{"@type":"EntryPoint","urlTemplate":"https:\/\/www.uartes.edu.ec\/sitio\/fr\/?s={search_term_string}"},"query-input":{"@type":"PropertyValueSpecification","valueRequired":true,"valueName":"search_term_string"}}],"inLanguage":"fr-FR"},{"@type":"Organization","@id":"https:\/\/www.uartes.edu.ec\/sitio\/fr\/#organization","name":"Universidad de las Artes","url":"https:\/\/www.uartes.edu.ec\/sitio\/fr\/","logo":{"@type":"ImageObject","inLanguage":"fr-FR","@id":"https:\/\/www.uartes.edu.ec\/sitio\/fr\/#\/schema\/logo\/image\/","url":"https:\/\/www.uartes.edu.ec\/sitio\/wp-content\/uploads\/2022\/07\/logo-ua-horizontal.png","contentUrl":"https:\/\/www.uartes.edu.ec\/sitio\/wp-content\/uploads\/2022\/07\/logo-ua-horizontal.png","width":800,"height":276,"caption":"Universidad de las Artes"},"image":{"@id":"https:\/\/www.uartes.edu.ec\/sitio\/fr\/#\/schema\/logo\/image\/"},"sameAs":["https:\/\/www.facebook.com\/uartesec","https:\/\/x.com\/uartesec","https:\/\/www.tiktok.com\/@uartesec"]},{"@type":"Person","@id":"https:\/\/www.uartes.edu.ec\/sitio\/fr\/#\/schema\/person\/efa1b8275797664fd7f13a79ccc0b1f4","name":"ccortez","image":{"@type":"ImageObject","inLanguage":"fr-FR","@id":"https:\/\/secure.gravatar.com\/avatar\/b2a6f664a3ae8e074346ef91775736c5ec479e637ecced6842de9dc98b5da9cd?s=96&d=mm&r=g","url":"https:\/\/secure.gravatar.com\/avatar\/b2a6f664a3ae8e074346ef91775736c5ec479e637ecced6842de9dc98b5da9cd?s=96&d=mm&r=g","contentUrl":"https:\/\/secure.gravatar.com\/avatar\/b2a6f664a3ae8e074346ef91775736c5ec479e637ecced6842de9dc98b5da9cd?s=96&d=mm&r=g","caption":"ccortez"},"url":"https:\/\/www.uartes.edu.ec\/sitio\/fr\/blog\/author\/ccortez\/"}]}},"uagb_featured_image_src":{"full":["https:\/\/www.uartes.edu.ec\/sitio\/wp-content\/uploads\/2026\/01\/Proyecto-Cambiar-tamano-de-imagen-2026-01-26T170234.044.jpeg",2000,1333,false],"thumbnail":["https:\/\/www.uartes.edu.ec\/sitio\/wp-content\/uploads\/2026\/01\/Proyecto-Cambiar-tamano-de-imagen-2026-01-26T170234.044-150x150.jpeg",150,150,true],"medium":["https:\/\/www.uartes.edu.ec\/sitio\/wp-content\/uploads\/2026\/01\/Proyecto-Cambiar-tamano-de-imagen-2026-01-26T170234.044-300x200.jpeg",300,200,true],"medium_large":["https:\/\/www.uartes.edu.ec\/sitio\/wp-content\/uploads\/2026\/01\/Proyecto-Cambiar-tamano-de-imagen-2026-01-26T170234.044-768x512.jpeg",768,512,true],"large":["https:\/\/www.uartes.edu.ec\/sitio\/wp-content\/uploads\/2026\/01\/Proyecto-Cambiar-tamano-de-imagen-2026-01-26T170234.044-644x429.jpeg",644,429,true],"1536x1536":["https:\/\/www.uartes.edu.ec\/sitio\/wp-content\/uploads\/2026\/01\/Proyecto-Cambiar-tamano-de-imagen-2026-01-26T170234.044-1536x1024.jpeg",1536,1024,true],"2048x2048":["https:\/\/www.uartes.edu.ec\/sitio\/wp-content\/uploads\/2026\/01\/Proyecto-Cambiar-tamano-de-imagen-2026-01-26T170234.044.jpeg",2000,1333,false],"trp-custom-language-flag":["https:\/\/www.uartes.edu.ec\/sitio\/wp-content\/uploads\/2026\/01\/Proyecto-Cambiar-tamano-de-imagen-2026-01-26T170234.044-18x12.jpeg",18,12,true],"htmega_size_585x295":["https:\/\/www.uartes.edu.ec\/sitio\/wp-content\/uploads\/2026\/01\/Proyecto-Cambiar-tamano-de-imagen-2026-01-26T170234.044-585x295.jpeg",585,295,true],"htmega_size_1170x536":["https:\/\/www.uartes.edu.ec\/sitio\/wp-content\/uploads\/2026\/01\/Proyecto-Cambiar-tamano-de-imagen-2026-01-26T170234.044-1170x536.jpeg",1170,536,true],"htmega_size_396x360":["https:\/\/www.uartes.edu.ec\/sitio\/wp-content\/uploads\/2026\/01\/Proyecto-Cambiar-tamano-de-imagen-2026-01-26T170234.044-396x360.jpeg",396,360,true],"gb-block-post-grid-landscape":["https:\/\/www.uartes.edu.ec\/sitio\/wp-content\/uploads\/2026\/01\/Proyecto-Cambiar-tamano-de-imagen-2026-01-26T170234.044-600x400.jpeg",600,400,true],"gb-block-post-grid-square":["https:\/\/www.uartes.edu.ec\/sitio\/wp-content\/uploads\/2026\/01\/Proyecto-Cambiar-tamano-de-imagen-2026-01-26T170234.044-600x600.jpeg",600,600,true],"university-hub-thumb":["https:\/\/www.uartes.edu.ec\/sitio\/wp-content\/uploads\/2026\/01\/Proyecto-Cambiar-tamano-de-imagen-2026-01-26T170234.044-400x267.jpeg",400,267,true]},"uagb_author_info":{"display_name":"ccortez","author_link":"https:\/\/www.uartes.edu.ec\/sitio\/fr\/blog\/author\/ccortez\/"},"uagb_comment_info":0,"uagb_excerpt":"Tres de los productos art\u00edsticos que los estudiantes que participan en el proyecto de vinculaci\u00f3n con la sociedad \u201cPAZ: Pedagog\u00eda en artes para la transformaci\u00f3n social en sectores en condici\u00f3n de vulnerabilidad\u201d han desarrollado tras los cursos recibidos por el Consejo de Participaci\u00f3n Ciudadana y Control Social (CPCCS) fueron expuestos en una muestra ante los\u2026","featured_image_src":"https:\/\/www.uartes.edu.ec\/sitio\/wp-content\/uploads\/2026\/01\/Proyecto-Cambiar-tamano-de-imagen-2026-01-26T170234.044-600x400.jpeg","featured_image_src_square":"https:\/\/www.uartes.edu.ec\/sitio\/wp-content\/uploads\/2026\/01\/Proyecto-Cambiar-tamano-de-imagen-2026-01-26T170234.044-600x600.jpeg","author_info":{"display_name":"ccortez","author_link":"https:\/\/www.uartes.edu.ec\/sitio\/fr\/blog\/author\/ccortez\/"},"publishpress_future_workflow_manual_trigger":{"enabledWorkflows":[]},"distributor_meta":false,"distributor_terms":false,"distributor_media":false,"distributor_original_site_name":"Universidad de las Artes","distributor_original_site_url":"https:\/\/www.uartes.edu.ec\/sitio\/fr","push-errors":false,"_links":{"self":[{"href":"https:\/\/www.uartes.edu.ec\/sitio\/fr\/wp-json\/wp\/v2\/posts\/85426","targetHints":{"allow":["GET"]}}],"collection":[{"href":"https:\/\/www.uartes.edu.ec\/sitio\/fr\/wp-json\/wp\/v2\/posts"}],"about":[{"href":"https:\/\/www.uartes.edu.ec\/sitio\/fr\/wp-json\/wp\/v2\/types\/post"}],"author":[{"embeddable":true,"href":"https:\/\/www.uartes.edu.ec\/sitio\/fr\/wp-json\/wp\/v2\/users\/10"}],"replies":[{"embeddable":true,"href":"https:\/\/www.uartes.edu.ec\/sitio\/fr\/wp-json\/wp\/v2\/comments?post=85426"}],"version-history":[{"count":5,"href":"https:\/\/www.uartes.edu.ec\/sitio\/fr\/wp-json\/wp\/v2\/posts\/85426\/revisions"}],"predecessor-version":[{"id":85449,"href":"https:\/\/www.uartes.edu.ec\/sitio\/fr\/wp-json\/wp\/v2\/posts\/85426\/revisions\/85449"}],"wp:featuredmedia":[{"embeddable":true,"href":"https:\/\/www.uartes.edu.ec\/sitio\/fr\/wp-json\/wp\/v2\/media\/85428"}],"wp:attachment":[{"href":"https:\/\/www.uartes.edu.ec\/sitio\/fr\/wp-json\/wp\/v2\/media?parent=85426"}],"wp:term":[{"taxonomy":"category","embeddable":true,"href":"https:\/\/www.uartes.edu.ec\/sitio\/fr\/wp-json\/wp\/v2\/categories?post=85426"},{"taxonomy":"post_tag","embeddable":true,"href":"https:\/\/www.uartes.edu.ec\/sitio\/fr\/wp-json\/wp\/v2\/tags?post=85426"},{"taxonomy":"infouartes","embeddable":true,"href":"https:\/\/www.uartes.edu.ec\/sitio\/fr\/wp-json\/wp\/v2\/infouartes?post=85426"}],"curies":[{"name":"wp","href":"https:\/\/api.w.org\/{rel}","templated":true}]}}