{"id":85908,"date":"2026-02-03T19:24:24","date_gmt":"2026-02-04T00:24:24","guid":{"rendered":"https:\/\/www.uartes.edu.ec\/sitio\/?p=85908"},"modified":"2026-02-09T11:44:58","modified_gmt":"2026-02-09T16:44:58","slug":"diego-zambrano-anthony-cevallos-y-samantha-ortiz-llevaron-sus-muestras-de-titulacion-a-dos-museos","status":"publish","type":"post","link":"https:\/\/www.uartes.edu.ec\/sitio\/fr\/blog\/2026\/02\/03\/diego-zambrano-anthony-cevallos-y-samantha-ortiz-llevaron-sus-muestras-de-titulacion-a-dos-museos\/","title":{"rendered":"Muestras de titulaci\u00f3n de Diego Zambrano, Anthony Cevallos y Samantha Ortiz en los museos Municipal y Nahim Isa\u00edas"},"content":{"rendered":"<p>Diego Zambrano, Anthony Cevallos y Samantha Ortiz son tres de los estudiantes de la Escuela de Artes Visuales que est\u00e1n a un paso de obtener sus licenciaturas y que, como parte de sus procesos acad\u00e9micos y creativos, han inaugurado en los museos Municipal de Guayaquil y Nahim Isa\u00edas sus exposiciones de titulaci\u00f3n.<\/p>\n\n\n\n<p>Al museo del cabildo porte\u00f1o, Diego Zambrano llev\u00f3 \u201cAnotaciones sobre el color\u201d, mientras que Anthony Cevallos y Samantha Ortiz llegaron al Nahim Isa\u00edas con \u201cTripulaci\u00f3n\u201d y \u201cJuegos dom\u00e9sticos: ensayo de una casa\u201d, respectivamente.<\/p>\n\n\n\n<p>En su propuesta expositiva, Zambrano explora, a trav\u00e9s del arte y la filosof\u00eda, la problem\u00e1tica del significado del color y expone las relaciones que hacen posible su entendimiento. \u201cEl color se presenta como una posibilidad, y es en esas \u00e1reas grises de la especulaci\u00f3n y la incertidumbre donde reside su potencia po\u00e9tica\u201d, se lee en la publicaci\u00f3n que hizo en Instagram (@diegozm94)<a href=\"https:\/\/www.instagram.com\/studio.diego.zambrano\/\">,<\/a> dando a conocer, adem\u00e1s, que este s\u00e1bado 7 de febrero realizar\u00e1 una visita guiada.<\/p>\n\n\n<div class=\"wp-block-image\">\n<figure class=\"aligncenter size-large\"><img fetchpriority=\"high\" decoding=\"async\" width=\"644\" height=\"429\" src=\"https:\/\/www.uartes.edu.ec\/sitio\/wp-content\/uploads\/2026\/02\/07-EXPOSICIONES-MAAC-Y-MUSEO-644x429.jpg\" alt=\"\" class=\"wp-image-85912\" srcset=\"https:\/\/www.uartes.edu.ec\/sitio\/wp-content\/uploads\/2026\/02\/07-EXPOSICIONES-MAAC-Y-MUSEO-644x429.jpg 644w, https:\/\/www.uartes.edu.ec\/sitio\/wp-content\/uploads\/2026\/02\/07-EXPOSICIONES-MAAC-Y-MUSEO-300x200.jpg 300w, https:\/\/www.uartes.edu.ec\/sitio\/wp-content\/uploads\/2026\/02\/07-EXPOSICIONES-MAAC-Y-MUSEO-768x512.jpg 768w, https:\/\/www.uartes.edu.ec\/sitio\/wp-content\/uploads\/2026\/02\/07-EXPOSICIONES-MAAC-Y-MUSEO-1536x1024.jpg 1536w, https:\/\/www.uartes.edu.ec\/sitio\/wp-content\/uploads\/2026\/02\/07-EXPOSICIONES-MAAC-Y-MUSEO-18x12.jpg 18w, https:\/\/www.uartes.edu.ec\/sitio\/wp-content\/uploads\/2026\/02\/07-EXPOSICIONES-MAAC-Y-MUSEO-600x400.jpg 600w, https:\/\/www.uartes.edu.ec\/sitio\/wp-content\/uploads\/2026\/02\/07-EXPOSICIONES-MAAC-Y-MUSEO-400x267.jpg 400w, https:\/\/www.uartes.edu.ec\/sitio\/wp-content\/uploads\/2026\/02\/07-EXPOSICIONES-MAAC-Y-MUSEO.jpg 2000w\" sizes=\"(max-width: 644px) 100vw, 644px\" \/><\/figure>\n<\/div>\n\n\n<figure class=\"wp-block-gallery has-nested-images columns-default is-cropped wp-block-gallery-1 is-layout-flex wp-block-gallery-is-layout-flex\">\n<figure class=\"wp-block-image size-large\"><img decoding=\"async\" width=\"644\" height=\"429\" data-id=\"85916\" src=\"https:\/\/www.uartes.edu.ec\/sitio\/wp-content\/uploads\/2026\/02\/05-EXPOSICIONES-MAAC-Y-MUSEO-644x429.jpg\" alt=\"\" class=\"wp-image-85916\" srcset=\"https:\/\/www.uartes.edu.ec\/sitio\/wp-content\/uploads\/2026\/02\/05-EXPOSICIONES-MAAC-Y-MUSEO-644x429.jpg 644w, https:\/\/www.uartes.edu.ec\/sitio\/wp-content\/uploads\/2026\/02\/05-EXPOSICIONES-MAAC-Y-MUSEO-300x200.jpg 300w, https:\/\/www.uartes.edu.ec\/sitio\/wp-content\/uploads\/2026\/02\/05-EXPOSICIONES-MAAC-Y-MUSEO-768x512.jpg 768w, https:\/\/www.uartes.edu.ec\/sitio\/wp-content\/uploads\/2026\/02\/05-EXPOSICIONES-MAAC-Y-MUSEO-1536x1024.jpg 1536w, https:\/\/www.uartes.edu.ec\/sitio\/wp-content\/uploads\/2026\/02\/05-EXPOSICIONES-MAAC-Y-MUSEO-18x12.jpg 18w, https:\/\/www.uartes.edu.ec\/sitio\/wp-content\/uploads\/2026\/02\/05-EXPOSICIONES-MAAC-Y-MUSEO-600x400.jpg 600w, https:\/\/www.uartes.edu.ec\/sitio\/wp-content\/uploads\/2026\/02\/05-EXPOSICIONES-MAAC-Y-MUSEO-400x267.jpg 400w, https:\/\/www.uartes.edu.ec\/sitio\/wp-content\/uploads\/2026\/02\/05-EXPOSICIONES-MAAC-Y-MUSEO.jpg 2000w\" sizes=\"(max-width: 644px) 100vw, 644px\" \/><\/figure>\n\n\n\n<figure class=\"wp-block-image size-large\"><img decoding=\"async\" width=\"644\" height=\"429\" data-id=\"85915\" src=\"https:\/\/www.uartes.edu.ec\/sitio\/wp-content\/uploads\/2026\/02\/10-EXPOSICIONES-MAAC-Y-MUSEO-1-644x429.jpg\" alt=\"\" class=\"wp-image-85915\" srcset=\"https:\/\/www.uartes.edu.ec\/sitio\/wp-content\/uploads\/2026\/02\/10-EXPOSICIONES-MAAC-Y-MUSEO-1-644x429.jpg 644w, https:\/\/www.uartes.edu.ec\/sitio\/wp-content\/uploads\/2026\/02\/10-EXPOSICIONES-MAAC-Y-MUSEO-1-300x200.jpg 300w, https:\/\/www.uartes.edu.ec\/sitio\/wp-content\/uploads\/2026\/02\/10-EXPOSICIONES-MAAC-Y-MUSEO-1-768x512.jpg 768w, https:\/\/www.uartes.edu.ec\/sitio\/wp-content\/uploads\/2026\/02\/10-EXPOSICIONES-MAAC-Y-MUSEO-1-1536x1024.jpg 1536w, https:\/\/www.uartes.edu.ec\/sitio\/wp-content\/uploads\/2026\/02\/10-EXPOSICIONES-MAAC-Y-MUSEO-1-18x12.jpg 18w, https:\/\/www.uartes.edu.ec\/sitio\/wp-content\/uploads\/2026\/02\/10-EXPOSICIONES-MAAC-Y-MUSEO-1-600x400.jpg 600w, https:\/\/www.uartes.edu.ec\/sitio\/wp-content\/uploads\/2026\/02\/10-EXPOSICIONES-MAAC-Y-MUSEO-1-400x267.jpg 400w, https:\/\/www.uartes.edu.ec\/sitio\/wp-content\/uploads\/2026\/02\/10-EXPOSICIONES-MAAC-Y-MUSEO-1.jpg 2000w\" sizes=\"(max-width: 644px) 100vw, 644px\" \/><\/figure>\n\n\n\n<figure class=\"wp-block-image size-large\"><img loading=\"lazy\" decoding=\"async\" width=\"644\" height=\"429\" data-id=\"85914\" src=\"https:\/\/www.uartes.edu.ec\/sitio\/wp-content\/uploads\/2026\/02\/06-EXPOSICIONES-MAAC-Y-MUSEO-644x429.jpg\" alt=\"\" class=\"wp-image-85914\" srcset=\"https:\/\/www.uartes.edu.ec\/sitio\/wp-content\/uploads\/2026\/02\/06-EXPOSICIONES-MAAC-Y-MUSEO-644x429.jpg 644w, https:\/\/www.uartes.edu.ec\/sitio\/wp-content\/uploads\/2026\/02\/06-EXPOSICIONES-MAAC-Y-MUSEO-300x200.jpg 300w, https:\/\/www.uartes.edu.ec\/sitio\/wp-content\/uploads\/2026\/02\/06-EXPOSICIONES-MAAC-Y-MUSEO-768x512.jpg 768w, https:\/\/www.uartes.edu.ec\/sitio\/wp-content\/uploads\/2026\/02\/06-EXPOSICIONES-MAAC-Y-MUSEO-1536x1024.jpg 1536w, https:\/\/www.uartes.edu.ec\/sitio\/wp-content\/uploads\/2026\/02\/06-EXPOSICIONES-MAAC-Y-MUSEO-18x12.jpg 18w, https:\/\/www.uartes.edu.ec\/sitio\/wp-content\/uploads\/2026\/02\/06-EXPOSICIONES-MAAC-Y-MUSEO-600x400.jpg 600w, https:\/\/www.uartes.edu.ec\/sitio\/wp-content\/uploads\/2026\/02\/06-EXPOSICIONES-MAAC-Y-MUSEO-400x267.jpg 400w, https:\/\/www.uartes.edu.ec\/sitio\/wp-content\/uploads\/2026\/02\/06-EXPOSICIONES-MAAC-Y-MUSEO.jpg 2000w\" sizes=\"(max-width: 644px) 100vw, 644px\" \/><\/figure>\n<\/figure>\n\n\n\n<p><\/p>\n\n\n\n<p>En la red social, el estudiante tambi\u00e9n agradece al alumni UArtes Anthony Arrobo (@anthonyarve), jefe del Museo Municipal, por el espacio y al docente Armando Busquets (@busquets_artwork) por guiarlo en su proceso de tesis.<\/p>\n\n\n\n<p>Trabajadas en \u00f3leo y acr\u00edlico sobre lienzo y acuarela, de Zambrano se encuentran obras como \u201c(Des)unificaci\u00f3n sobre el sentido del color\u201d, \u201cAn\u00e1lisis sobre la naturaleza de las estructuras\u201d, \u201cEnsayo sobre el problema de la unificaci\u00f3n del sentido en el color\u201d, \u201cEstudio sobre el color en varios contextos\u201d, \u201cIntenci\u00f3n, voluntad, designio\u201d, \u201cEpitafio\u201d, \u201cAtlas\/Incertidumbre\u201d, entre otras.<\/p>\n\n\n\n<h3 class=\"wp-block-heading\">\u201cTripulaci\u00f3n\u201d y \u201cJuegos dom\u00e9sticos\u201d<\/h3>\n\n\n\n<p>En el Nahim Isa\u00edas, las muestras de titulaci\u00f3n de Anthony Cevallos y Samantha Ortiz, tituladas en ese orden \u201cTripulaci\u00f3n\u201d y \u201cJuegos dom\u00e9sticos: ensayo de una casa\u201d, se exponen en la sala temporal n\u00famero 1 del segundo piso. Cuadros de dimensiones variadas y trabajados en acr\u00edlico, t\u00e9mpera, yeso y resina vinil-acr\u00edlica, as\u00ed como dos instalaciones, figuran entre las propuestas de final de carrera de los artistas estudiantes.<\/p>\n\n\n<div class=\"wp-block-image\">\n<figure class=\"aligncenter size-large\"><img loading=\"lazy\" decoding=\"async\" width=\"644\" height=\"429\" src=\"https:\/\/www.uartes.edu.ec\/sitio\/wp-content\/uploads\/2026\/02\/Anthony-Cevallos9-644x429.jpeg\" alt=\"\" class=\"wp-image-85910\" srcset=\"https:\/\/www.uartes.edu.ec\/sitio\/wp-content\/uploads\/2026\/02\/Anthony-Cevallos9-644x429.jpeg 644w, https:\/\/www.uartes.edu.ec\/sitio\/wp-content\/uploads\/2026\/02\/Anthony-Cevallos9-300x200.jpeg 300w, https:\/\/www.uartes.edu.ec\/sitio\/wp-content\/uploads\/2026\/02\/Anthony-Cevallos9-768x512.jpeg 768w, https:\/\/www.uartes.edu.ec\/sitio\/wp-content\/uploads\/2026\/02\/Anthony-Cevallos9-1536x1024.jpeg 1536w, https:\/\/www.uartes.edu.ec\/sitio\/wp-content\/uploads\/2026\/02\/Anthony-Cevallos9-18x12.jpeg 18w, https:\/\/www.uartes.edu.ec\/sitio\/wp-content\/uploads\/2026\/02\/Anthony-Cevallos9-600x400.jpeg 600w, https:\/\/www.uartes.edu.ec\/sitio\/wp-content\/uploads\/2026\/02\/Anthony-Cevallos9-400x267.jpeg 400w, https:\/\/www.uartes.edu.ec\/sitio\/wp-content\/uploads\/2026\/02\/Anthony-Cevallos9.jpeg 2000w\" sizes=\"(max-width: 644px) 100vw, 644px\" \/><\/figure>\n<\/div>\n\n\n<figure class=\"wp-block-gallery has-nested-images columns-default is-cropped wp-block-gallery-2 is-layout-flex wp-block-gallery-is-layout-flex\">\n<figure class=\"wp-block-image size-large\"><img loading=\"lazy\" decoding=\"async\" width=\"644\" height=\"429\" data-id=\"85917\" src=\"https:\/\/www.uartes.edu.ec\/sitio\/wp-content\/uploads\/2026\/02\/Anthony-Cevallos4-644x429.jpeg\" alt=\"\" class=\"wp-image-85917\" srcset=\"https:\/\/www.uartes.edu.ec\/sitio\/wp-content\/uploads\/2026\/02\/Anthony-Cevallos4-644x429.jpeg 644w, https:\/\/www.uartes.edu.ec\/sitio\/wp-content\/uploads\/2026\/02\/Anthony-Cevallos4-300x200.jpeg 300w, https:\/\/www.uartes.edu.ec\/sitio\/wp-content\/uploads\/2026\/02\/Anthony-Cevallos4-768x512.jpeg 768w, https:\/\/www.uartes.edu.ec\/sitio\/wp-content\/uploads\/2026\/02\/Anthony-Cevallos4-1536x1024.jpeg 1536w, https:\/\/www.uartes.edu.ec\/sitio\/wp-content\/uploads\/2026\/02\/Anthony-Cevallos4-18x12.jpeg 18w, https:\/\/www.uartes.edu.ec\/sitio\/wp-content\/uploads\/2026\/02\/Anthony-Cevallos4-600x400.jpeg 600w, https:\/\/www.uartes.edu.ec\/sitio\/wp-content\/uploads\/2026\/02\/Anthony-Cevallos4-400x267.jpeg 400w, https:\/\/www.uartes.edu.ec\/sitio\/wp-content\/uploads\/2026\/02\/Anthony-Cevallos4.jpeg 2000w\" sizes=\"(max-width: 644px) 100vw, 644px\" \/><\/figure>\n\n\n\n<figure class=\"wp-block-image size-large\"><img loading=\"lazy\" decoding=\"async\" width=\"644\" height=\"429\" data-id=\"85918\" src=\"https:\/\/www.uartes.edu.ec\/sitio\/wp-content\/uploads\/2026\/02\/Anthony-Cevallos5-644x429.jpeg\" alt=\"\" class=\"wp-image-85918\" srcset=\"https:\/\/www.uartes.edu.ec\/sitio\/wp-content\/uploads\/2026\/02\/Anthony-Cevallos5-644x429.jpeg 644w, https:\/\/www.uartes.edu.ec\/sitio\/wp-content\/uploads\/2026\/02\/Anthony-Cevallos5-300x200.jpeg 300w, https:\/\/www.uartes.edu.ec\/sitio\/wp-content\/uploads\/2026\/02\/Anthony-Cevallos5-768x512.jpeg 768w, https:\/\/www.uartes.edu.ec\/sitio\/wp-content\/uploads\/2026\/02\/Anthony-Cevallos5-1536x1024.jpeg 1536w, https:\/\/www.uartes.edu.ec\/sitio\/wp-content\/uploads\/2026\/02\/Anthony-Cevallos5-18x12.jpeg 18w, https:\/\/www.uartes.edu.ec\/sitio\/wp-content\/uploads\/2026\/02\/Anthony-Cevallos5-600x400.jpeg 600w, https:\/\/www.uartes.edu.ec\/sitio\/wp-content\/uploads\/2026\/02\/Anthony-Cevallos5-400x267.jpeg 400w, https:\/\/www.uartes.edu.ec\/sitio\/wp-content\/uploads\/2026\/02\/Anthony-Cevallos5.jpeg 2000w\" sizes=\"(max-width: 644px) 100vw, 644px\" \/><\/figure>\n\n\n\n<figure class=\"wp-block-image size-large\"><img loading=\"lazy\" decoding=\"async\" width=\"644\" height=\"429\" data-id=\"85919\" src=\"https:\/\/www.uartes.edu.ec\/sitio\/wp-content\/uploads\/2026\/02\/Anthony-Cevallos7-644x429.jpeg\" alt=\"\" class=\"wp-image-85919\" srcset=\"https:\/\/www.uartes.edu.ec\/sitio\/wp-content\/uploads\/2026\/02\/Anthony-Cevallos7-644x429.jpeg 644w, https:\/\/www.uartes.edu.ec\/sitio\/wp-content\/uploads\/2026\/02\/Anthony-Cevallos7-300x200.jpeg 300w, https:\/\/www.uartes.edu.ec\/sitio\/wp-content\/uploads\/2026\/02\/Anthony-Cevallos7-768x512.jpeg 768w, https:\/\/www.uartes.edu.ec\/sitio\/wp-content\/uploads\/2026\/02\/Anthony-Cevallos7-1536x1024.jpeg 1536w, https:\/\/www.uartes.edu.ec\/sitio\/wp-content\/uploads\/2026\/02\/Anthony-Cevallos7-18x12.jpeg 18w, https:\/\/www.uartes.edu.ec\/sitio\/wp-content\/uploads\/2026\/02\/Anthony-Cevallos7-600x400.jpeg 600w, https:\/\/www.uartes.edu.ec\/sitio\/wp-content\/uploads\/2026\/02\/Anthony-Cevallos7-400x267.jpeg 400w, https:\/\/www.uartes.edu.ec\/sitio\/wp-content\/uploads\/2026\/02\/Anthony-Cevallos7.jpeg 2000w\" sizes=\"(max-width: 644px) 100vw, 644px\" \/><\/figure>\n<\/figure>\n\n\n\n<p><\/p>\n\n\n\n<p>De \u201cTripulaci\u00f3n\u201d, el texto curatorial destaca la representaci\u00f3n que Anthony Cevallos hace del ser humano a trav\u00e9s de la figura del tripulante, como s\u00edmbolo del encuentro con lo desconocido. \u201cEl inter\u00e9s se sit\u00faa en la manera en que los viajeros, a lo largo de la historia, han interpretado el mundo y en lo que implica desplazarse hacia territorios inciertos. Esta inquietud deriva en una reflexi\u00f3n sobre c\u00f3mo trasladar esa experiencia al lenguaje pict\u00f3rico, imaginando qu\u00e9 suceder\u00eda si estos tripulantes fueran situados en mundos on\u00edricos surgidos de la imaginaci\u00f3n\u201d.<\/p>\n\n\n\n<p>En las escenas llevadas al lienzo, el viaje no se entiende \u00fanicamente como un desplazamiento f\u00edsico, sino como un tr\u00e1nsito emocional y mental. \u201cA trav\u00e9s del tripulante se explora la vulnerabilidad humana frente a la incertidumbre, el miedo, la soledad y la fascinaci\u00f3n que emergen al habitar espacios que desaf\u00edan la percepci\u00f3n. Los paisajes se construyen desde la memoria, el sue\u00f1o y la intuici\u00f3n, dando lugar a escenarios que oscilan entre lo familiar y lo enigm\u00e1tico, donde la frontera entre lo real y lo imaginario se vuelve difusa\u201d.<\/p>\n\n\n\n<p>En acr\u00edlico y t\u00e9mpera sobre lienzo, yeso y resina vinil-acr\u00edlica, Anthony Cevallos trabaj\u00f3 alrededor de quince cuadros con t\u00edtulos como \u201cLejos de casa\u201d, \u201cSusurros\u201d, \u201cHellstar\u201d, \u201cSin t\u00edtulo\u201d, \u201cS\u201d, \u201cX\u201d, \u201cLa \u00faltima esperanza\u201d y \u201cOc\u00e9ano de sombras\u201d.<\/p>\n\n\n<div class=\"wp-block-image\">\n<figure class=\"aligncenter size-large\"><img loading=\"lazy\" decoding=\"async\" width=\"644\" height=\"429\" src=\"https:\/\/www.uartes.edu.ec\/sitio\/wp-content\/uploads\/2026\/02\/04-EXPOSICIONES-MAAC-Y-MUSEO-644x429.jpg\" alt=\"\" class=\"wp-image-85920\" srcset=\"https:\/\/www.uartes.edu.ec\/sitio\/wp-content\/uploads\/2026\/02\/04-EXPOSICIONES-MAAC-Y-MUSEO-644x429.jpg 644w, https:\/\/www.uartes.edu.ec\/sitio\/wp-content\/uploads\/2026\/02\/04-EXPOSICIONES-MAAC-Y-MUSEO-300x200.jpg 300w, https:\/\/www.uartes.edu.ec\/sitio\/wp-content\/uploads\/2026\/02\/04-EXPOSICIONES-MAAC-Y-MUSEO-768x512.jpg 768w, https:\/\/www.uartes.edu.ec\/sitio\/wp-content\/uploads\/2026\/02\/04-EXPOSICIONES-MAAC-Y-MUSEO-1536x1024.jpg 1536w, https:\/\/www.uartes.edu.ec\/sitio\/wp-content\/uploads\/2026\/02\/04-EXPOSICIONES-MAAC-Y-MUSEO-18x12.jpg 18w, https:\/\/www.uartes.edu.ec\/sitio\/wp-content\/uploads\/2026\/02\/04-EXPOSICIONES-MAAC-Y-MUSEO-600x400.jpg 600w, https:\/\/www.uartes.edu.ec\/sitio\/wp-content\/uploads\/2026\/02\/04-EXPOSICIONES-MAAC-Y-MUSEO-400x267.jpg 400w, https:\/\/www.uartes.edu.ec\/sitio\/wp-content\/uploads\/2026\/02\/04-EXPOSICIONES-MAAC-Y-MUSEO.jpg 2000w\" sizes=\"(max-width: 644px) 100vw, 644px\" \/><\/figure>\n<\/div>\n\n\n<figure class=\"wp-block-gallery has-nested-images columns-default is-cropped wp-block-gallery-3 is-layout-flex wp-block-gallery-is-layout-flex\">\n<figure class=\"wp-block-image size-large\"><img loading=\"lazy\" decoding=\"async\" width=\"644\" height=\"429\" data-id=\"85921\" src=\"https:\/\/www.uartes.edu.ec\/sitio\/wp-content\/uploads\/2026\/02\/Samantha-Cruz1-644x429.jpeg\" alt=\"\" class=\"wp-image-85921\" srcset=\"https:\/\/www.uartes.edu.ec\/sitio\/wp-content\/uploads\/2026\/02\/Samantha-Cruz1-644x429.jpeg 644w, https:\/\/www.uartes.edu.ec\/sitio\/wp-content\/uploads\/2026\/02\/Samantha-Cruz1-300x200.jpeg 300w, https:\/\/www.uartes.edu.ec\/sitio\/wp-content\/uploads\/2026\/02\/Samantha-Cruz1-768x512.jpeg 768w, https:\/\/www.uartes.edu.ec\/sitio\/wp-content\/uploads\/2026\/02\/Samantha-Cruz1-1536x1024.jpeg 1536w, https:\/\/www.uartes.edu.ec\/sitio\/wp-content\/uploads\/2026\/02\/Samantha-Cruz1-18x12.jpeg 18w, https:\/\/www.uartes.edu.ec\/sitio\/wp-content\/uploads\/2026\/02\/Samantha-Cruz1-600x400.jpeg 600w, https:\/\/www.uartes.edu.ec\/sitio\/wp-content\/uploads\/2026\/02\/Samantha-Cruz1-400x267.jpeg 400w, https:\/\/www.uartes.edu.ec\/sitio\/wp-content\/uploads\/2026\/02\/Samantha-Cruz1.jpeg 2000w\" sizes=\"(max-width: 644px) 100vw, 644px\" \/><\/figure>\n\n\n\n<figure class=\"wp-block-image size-large\"><img loading=\"lazy\" decoding=\"async\" width=\"644\" height=\"429\" data-id=\"85922\" src=\"https:\/\/www.uartes.edu.ec\/sitio\/wp-content\/uploads\/2026\/02\/Samanrtha-Cruz2-644x429.jpeg\" alt=\"\" class=\"wp-image-85922\" srcset=\"https:\/\/www.uartes.edu.ec\/sitio\/wp-content\/uploads\/2026\/02\/Samanrtha-Cruz2-644x429.jpeg 644w, https:\/\/www.uartes.edu.ec\/sitio\/wp-content\/uploads\/2026\/02\/Samanrtha-Cruz2-300x200.jpeg 300w, https:\/\/www.uartes.edu.ec\/sitio\/wp-content\/uploads\/2026\/02\/Samanrtha-Cruz2-768x512.jpeg 768w, https:\/\/www.uartes.edu.ec\/sitio\/wp-content\/uploads\/2026\/02\/Samanrtha-Cruz2-1536x1024.jpeg 1536w, https:\/\/www.uartes.edu.ec\/sitio\/wp-content\/uploads\/2026\/02\/Samanrtha-Cruz2-18x12.jpeg 18w, https:\/\/www.uartes.edu.ec\/sitio\/wp-content\/uploads\/2026\/02\/Samanrtha-Cruz2-600x400.jpeg 600w, https:\/\/www.uartes.edu.ec\/sitio\/wp-content\/uploads\/2026\/02\/Samanrtha-Cruz2-400x267.jpeg 400w, https:\/\/www.uartes.edu.ec\/sitio\/wp-content\/uploads\/2026\/02\/Samanrtha-Cruz2.jpeg 2000w\" sizes=\"(max-width: 644px) 100vw, 644px\" \/><\/figure>\n\n\n\n<figure class=\"wp-block-image size-large\"><img loading=\"lazy\" decoding=\"async\" width=\"644\" height=\"429\" data-id=\"85923\" src=\"https:\/\/www.uartes.edu.ec\/sitio\/wp-content\/uploads\/2026\/02\/Samantha-Cruz3-644x429.jpeg\" alt=\"\" class=\"wp-image-85923\" srcset=\"https:\/\/www.uartes.edu.ec\/sitio\/wp-content\/uploads\/2026\/02\/Samantha-Cruz3-644x429.jpeg 644w, https:\/\/www.uartes.edu.ec\/sitio\/wp-content\/uploads\/2026\/02\/Samantha-Cruz3-300x200.jpeg 300w, https:\/\/www.uartes.edu.ec\/sitio\/wp-content\/uploads\/2026\/02\/Samantha-Cruz3-768x512.jpeg 768w, https:\/\/www.uartes.edu.ec\/sitio\/wp-content\/uploads\/2026\/02\/Samantha-Cruz3-1536x1024.jpeg 1536w, https:\/\/www.uartes.edu.ec\/sitio\/wp-content\/uploads\/2026\/02\/Samantha-Cruz3-18x12.jpeg 18w, https:\/\/www.uartes.edu.ec\/sitio\/wp-content\/uploads\/2026\/02\/Samantha-Cruz3-600x400.jpeg 600w, https:\/\/www.uartes.edu.ec\/sitio\/wp-content\/uploads\/2026\/02\/Samantha-Cruz3-400x267.jpeg 400w, https:\/\/www.uartes.edu.ec\/sitio\/wp-content\/uploads\/2026\/02\/Samantha-Cruz3.jpeg 2000w\" sizes=\"(max-width: 644px) 100vw, 644px\" \/><\/figure>\n<\/figure>\n\n\n\n<p><\/p>\n\n\n\n<p>En \u201cJuegos dom\u00e9sticos: ensayo de una casa\u201d su autora, Samantha Ortiz, abre las puertas a im\u00e1genes de la cotidianidad dom\u00e9stica. En el texto curatorial de sala, que lleva a una instalaci\u00f3n, se cita a Gast\u00f3n Bachelard y al concepto de que \u201cla casa no es solo un refugio f\u00edsico, sino el lugar donde se localiza nuestra intimidad y se integran nuestros sue\u00f1os. En esta recreaci\u00f3n de dicho cosmos, el tiempo y el espacio se manifiestan a trav\u00e9s de las huellas\u201d.<\/p>\n\n\n\n<p>Las obras que componen la serie se detienen en los vestigios de la permanencia: las marcas de las paredes, las sobras de una comida, la acumulaci\u00f3n descuidada de las cosas; y, a su vez, Ilama a la acci\u00f3n del ser que habita: planifica, dispone y (des)ordena.<\/p>\n\n\n\n<p>\u201cLa recreaci\u00f3n de objetos a trav\u00e9s de la pintura y el dibujo funciona como un mecanismo revelador de fen\u00f3meno que la cultura material produce en nosotros. En di\u00e1logo con las ideas de Igor Kopytoff y Jean Baudrillard, estamos ante objetos de consumo que, m\u00e1s all\u00e1 de su destino utilitario, se han vuelto s\u00edmbolos identitarios. Desde el apego, la rutina y el juego, se postula un ejercicio de rescate. El arte es un gesto necesario que transforma el residuo relato fundamental, ofreciendo cotidiano en un contraimagen a la aparente banalidad de las cosas\u201d.<\/p>\n\n\n\n<p>\u201cBodegones amuebles\u201d, \u201cPunto de partida\u201d (una instalaci\u00f3n de tres piezas, pinturas movibles, cinta magn\u00e9tica y mesa), \u201cCartograf\u00edas ornamentales\u201d (serie de nueve piezas) y obras \u201cSin t\u00edtulo\u201d componen la propuesta de Samantha Ortiz en \u201cJuegos dom\u00e9sticos: ensayo de una casa\u201d.<\/p>\n\n\n\n<p>Texto y fotos: Carmen Cortez\/Dircom.<\/p>\n\n\n\n<p><\/p>","protected":false},"excerpt":{"rendered":"<p>\u201cAnotaciones sobre el color\u201d, de Diego Zambrano; \u201cTripulaci\u00f3n\u201d, de Anthony Cevallos; y \u201cJuegos dom\u00e9sticos: ensayo de una casa\u201d, de Samantha Ortiz. Son las exposiciones de titulaci\u00f3n que los estudiantes de la Escuela de Artes Visuales de la Universidad de las Artes inauguraron en salas del Museo Municipal de Guayaquil y del Museo Nahim Isa\u00edas, donde se han organizado tambi\u00e9n visitas guiadas.  <\/p>","protected":false},"author":10,"featured_media":85909,"comment_status":"open","ping_status":"open","sticky":false,"template":"","format":"standard","meta":{"_acf_changed":false,"_uag_custom_page_level_css":"","_monsterinsights_skip_tracking":false,"_monsterinsights_sitenote_active":false,"_monsterinsights_sitenote_note":"","_monsterinsights_sitenote_category":0,"cybocfi_hide_featured_image":"","footnotes":""},"categories":[1],"tags":[],"infouartes":[],"class_list":["post-85908","post","type-post","status-publish","format-standard","has-post-thumbnail","hentry","category-sin-categoria"],"acf":[],"yoast_head":"<!-- This site is optimized with the Yoast SEO plugin v27.4 - https:\/\/yoast.com\/product\/yoast-seo-wordpress\/ -->\n<title>Universidad de las Artes - Muestras de titulaci\u00f3n de Diego Zambrano, Anthony Cevallos y Samantha Ortiz en los museos Municipal y Nahim Isa\u00edas<\/title>\n<meta name=\"description\" content=\"Universidad de las Artes - Muestras de titulaci\u00f3n de Diego Zambrano, Anthony Cevallos y Samantha Ortiz en los museos Municipal y Nahim Isa\u00edas\" \/>\n<meta name=\"robots\" content=\"index, follow, max-snippet:-1, max-image-preview:large, max-video-preview:-1\" \/>\n<link rel=\"canonical\" href=\"https:\/\/www.uartes.edu.ec\/sitio\/fr\/blog\/2026\/02\/03\/diego-zambrano-anthony-cevallos-y-samantha-ortiz-llevaron-sus-muestras-de-titulacion-a-dos-museos\/\" \/>\n<meta property=\"og:locale\" content=\"fr_FR\" \/>\n<meta property=\"og:type\" content=\"article\" \/>\n<meta property=\"og:title\" content=\"Universidad de las Artes - Muestras de titulaci\u00f3n de Diego Zambrano, Anthony Cevallos y Samantha Ortiz en los museos Municipal y Nahim Isa\u00edas\" \/>\n<meta property=\"og:description\" content=\"Universidad de las Artes - Muestras de titulaci\u00f3n de Diego Zambrano, Anthony Cevallos y Samantha Ortiz en los museos Municipal y Nahim Isa\u00edas\" \/>\n<meta property=\"og:url\" content=\"https:\/\/www.uartes.edu.ec\/sitio\/fr\/blog\/2026\/02\/03\/diego-zambrano-anthony-cevallos-y-samantha-ortiz-llevaron-sus-muestras-de-titulacion-a-dos-museos\/\" \/>\n<meta property=\"og:site_name\" content=\"Universidad de las Artes\" \/>\n<meta property=\"article:publisher\" content=\"https:\/\/www.facebook.com\/uartesec\" \/>\n<meta property=\"article:published_time\" content=\"2026-02-04T00:24:24+00:00\" \/>\n<meta property=\"article:modified_time\" content=\"2026-02-09T16:44:58+00:00\" \/>\n<meta property=\"og:image\" content=\"https:\/\/www.uartes.edu.ec\/sitio\/wp-content\/uploads\/2026\/02\/01-EXPOSICIONES-MAAC-Y-MUSEO.jpg\" \/>\n\t<meta property=\"og:image:width\" content=\"2000\" \/>\n\t<meta property=\"og:image:height\" content=\"1333\" \/>\n\t<meta property=\"og:image:type\" content=\"image\/jpeg\" \/>\n<meta name=\"author\" content=\"ccortez\" \/>\n<meta name=\"twitter:card\" content=\"summary_large_image\" \/>\n<meta name=\"twitter:creator\" content=\"@uartesec\" \/>\n<meta name=\"twitter:site\" content=\"@uartesec\" \/>\n<meta name=\"twitter:label1\" content=\"\u00c9crit par\" \/>\n\t<meta name=\"twitter:data1\" content=\"ccortez\" \/>\n\t<meta name=\"twitter:label2\" content=\"Dur\u00e9e de lecture estim\u00e9e\" \/>\n\t<meta name=\"twitter:data2\" content=\"4 minutes\" \/>\n<script type=\"application\/ld+json\" class=\"yoast-schema-graph\">{\"@context\":\"https:\\\/\\\/schema.org\",\"@graph\":[{\"@type\":\"Article\",\"@id\":\"https:\\\/\\\/www.uartes.edu.ec\\\/sitio\\\/fr\\\/blog\\\/2026\\\/02\\\/03\\\/diego-zambrano-anthony-cevallos-y-samantha-ortiz-llevaron-sus-muestras-de-titulacion-a-dos-museos\\\/#article\",\"isPartOf\":{\"@id\":\"https:\\\/\\\/www.uartes.edu.ec\\\/sitio\\\/fr\\\/blog\\\/2026\\\/02\\\/03\\\/diego-zambrano-anthony-cevallos-y-samantha-ortiz-llevaron-sus-muestras-de-titulacion-a-dos-museos\\\/\"},\"author\":{\"name\":\"ccortez\",\"@id\":\"https:\\\/\\\/www.uartes.edu.ec\\\/sitio\\\/fr\\\/#\\\/schema\\\/person\\\/efa1b8275797664fd7f13a79ccc0b1f4\"},\"headline\":\"Muestras de titulaci\u00f3n de Diego Zambrano, Anthony Cevallos y Samantha Ortiz en los museos Municipal y Nahim Isa\u00edas\",\"datePublished\":\"2026-02-04T00:24:24+00:00\",\"dateModified\":\"2026-02-09T16:44:58+00:00\",\"mainEntityOfPage\":{\"@id\":\"https:\\\/\\\/www.uartes.edu.ec\\\/sitio\\\/fr\\\/blog\\\/2026\\\/02\\\/03\\\/diego-zambrano-anthony-cevallos-y-samantha-ortiz-llevaron-sus-muestras-de-titulacion-a-dos-museos\\\/\"},\"wordCount\":897,\"commentCount\":0,\"publisher\":{\"@id\":\"https:\\\/\\\/www.uartes.edu.ec\\\/sitio\\\/fr\\\/#organization\"},\"image\":{\"@id\":\"https:\\\/\\\/www.uartes.edu.ec\\\/sitio\\\/fr\\\/blog\\\/2026\\\/02\\\/03\\\/diego-zambrano-anthony-cevallos-y-samantha-ortiz-llevaron-sus-muestras-de-titulacion-a-dos-museos\\\/#primaryimage\"},\"thumbnailUrl\":\"https:\\\/\\\/www.uartes.edu.ec\\\/sitio\\\/wp-content\\\/uploads\\\/2026\\\/02\\\/01-EXPOSICIONES-MAAC-Y-MUSEO.jpg\",\"articleSection\":[\"Sin categor\u00eda\"],\"inLanguage\":\"fr-FR\",\"potentialAction\":[{\"@type\":\"CommentAction\",\"name\":\"Comment\",\"target\":[\"https:\\\/\\\/www.uartes.edu.ec\\\/sitio\\\/fr\\\/blog\\\/2026\\\/02\\\/03\\\/diego-zambrano-anthony-cevallos-y-samantha-ortiz-llevaron-sus-muestras-de-titulacion-a-dos-museos\\\/#respond\"]}]},{\"@type\":[\"WebPage\",\"ItemPage\"],\"@id\":\"https:\\\/\\\/www.uartes.edu.ec\\\/sitio\\\/fr\\\/blog\\\/2026\\\/02\\\/03\\\/diego-zambrano-anthony-cevallos-y-samantha-ortiz-llevaron-sus-muestras-de-titulacion-a-dos-museos\\\/\",\"url\":\"https:\\\/\\\/www.uartes.edu.ec\\\/sitio\\\/fr\\\/blog\\\/2026\\\/02\\\/03\\\/diego-zambrano-anthony-cevallos-y-samantha-ortiz-llevaron-sus-muestras-de-titulacion-a-dos-museos\\\/\",\"name\":\"Universidad de las Artes - Muestras de titulaci\u00f3n de Diego Zambrano, Anthony Cevallos y Samantha Ortiz en los museos Municipal y Nahim Isa\u00edas\",\"isPartOf\":{\"@id\":\"https:\\\/\\\/www.uartes.edu.ec\\\/sitio\\\/fr\\\/#website\"},\"primaryImageOfPage\":{\"@id\":\"https:\\\/\\\/www.uartes.edu.ec\\\/sitio\\\/fr\\\/blog\\\/2026\\\/02\\\/03\\\/diego-zambrano-anthony-cevallos-y-samantha-ortiz-llevaron-sus-muestras-de-titulacion-a-dos-museos\\\/#primaryimage\"},\"image\":{\"@id\":\"https:\\\/\\\/www.uartes.edu.ec\\\/sitio\\\/fr\\\/blog\\\/2026\\\/02\\\/03\\\/diego-zambrano-anthony-cevallos-y-samantha-ortiz-llevaron-sus-muestras-de-titulacion-a-dos-museos\\\/#primaryimage\"},\"thumbnailUrl\":\"https:\\\/\\\/www.uartes.edu.ec\\\/sitio\\\/wp-content\\\/uploads\\\/2026\\\/02\\\/01-EXPOSICIONES-MAAC-Y-MUSEO.jpg\",\"datePublished\":\"2026-02-04T00:24:24+00:00\",\"dateModified\":\"2026-02-09T16:44:58+00:00\",\"description\":\"Universidad de las Artes - Muestras de titulaci\u00f3n de Diego Zambrano, Anthony Cevallos y Samantha Ortiz en los museos Municipal y Nahim Isa\u00edas\",\"breadcrumb\":{\"@id\":\"https:\\\/\\\/www.uartes.edu.ec\\\/sitio\\\/fr\\\/blog\\\/2026\\\/02\\\/03\\\/diego-zambrano-anthony-cevallos-y-samantha-ortiz-llevaron-sus-muestras-de-titulacion-a-dos-museos\\\/#breadcrumb\"},\"inLanguage\":\"fr-FR\",\"potentialAction\":[{\"@type\":\"ReadAction\",\"target\":[\"https:\\\/\\\/www.uartes.edu.ec\\\/sitio\\\/fr\\\/blog\\\/2026\\\/02\\\/03\\\/diego-zambrano-anthony-cevallos-y-samantha-ortiz-llevaron-sus-muestras-de-titulacion-a-dos-museos\\\/\"]}]},{\"@type\":\"ImageObject\",\"inLanguage\":\"fr-FR\",\"@id\":\"https:\\\/\\\/www.uartes.edu.ec\\\/sitio\\\/fr\\\/blog\\\/2026\\\/02\\\/03\\\/diego-zambrano-anthony-cevallos-y-samantha-ortiz-llevaron-sus-muestras-de-titulacion-a-dos-museos\\\/#primaryimage\",\"url\":\"https:\\\/\\\/www.uartes.edu.ec\\\/sitio\\\/wp-content\\\/uploads\\\/2026\\\/02\\\/01-EXPOSICIONES-MAAC-Y-MUSEO.jpg\",\"contentUrl\":\"https:\\\/\\\/www.uartes.edu.ec\\\/sitio\\\/wp-content\\\/uploads\\\/2026\\\/02\\\/01-EXPOSICIONES-MAAC-Y-MUSEO.jpg\",\"width\":2000,\"height\":1333},{\"@type\":\"BreadcrumbList\",\"@id\":\"https:\\\/\\\/www.uartes.edu.ec\\\/sitio\\\/fr\\\/blog\\\/2026\\\/02\\\/03\\\/diego-zambrano-anthony-cevallos-y-samantha-ortiz-llevaron-sus-muestras-de-titulacion-a-dos-museos\\\/#breadcrumb\",\"itemListElement\":[{\"@type\":\"ListItem\",\"position\":1,\"name\":\"Inicio\",\"item\":\"https:\\\/\\\/www.uartes.edu.ec\\\/sitio\\\/\"},{\"@type\":\"ListItem\",\"position\":2,\"name\":\"Muestras de titulaci\u00f3n de Diego Zambrano, Anthony Cevallos y Samantha Ortiz en los museos Municipal y Nahim Isa\u00edas\"}]},{\"@type\":\"WebSite\",\"@id\":\"https:\\\/\\\/www.uartes.edu.ec\\\/sitio\\\/fr\\\/#website\",\"url\":\"https:\\\/\\\/www.uartes.edu.ec\\\/sitio\\\/fr\\\/\",\"name\":\"Universidad de las Artes\",\"description\":\"Sitio oficial de la Universidad Nacional de las Artes del Ecuador\",\"publisher\":{\"@id\":\"https:\\\/\\\/www.uartes.edu.ec\\\/sitio\\\/fr\\\/#organization\"},\"potentialAction\":[{\"@type\":\"SearchAction\",\"target\":{\"@type\":\"EntryPoint\",\"urlTemplate\":\"https:\\\/\\\/www.uartes.edu.ec\\\/sitio\\\/fr\\\/?s={search_term_string}\"},\"query-input\":{\"@type\":\"PropertyValueSpecification\",\"valueRequired\":true,\"valueName\":\"search_term_string\"}}],\"inLanguage\":\"fr-FR\"},{\"@type\":\"Organization\",\"@id\":\"https:\\\/\\\/www.uartes.edu.ec\\\/sitio\\\/fr\\\/#organization\",\"name\":\"Universidad de las Artes\",\"url\":\"https:\\\/\\\/www.uartes.edu.ec\\\/sitio\\\/fr\\\/\",\"logo\":{\"@type\":\"ImageObject\",\"inLanguage\":\"fr-FR\",\"@id\":\"https:\\\/\\\/www.uartes.edu.ec\\\/sitio\\\/fr\\\/#\\\/schema\\\/logo\\\/image\\\/\",\"url\":\"https:\\\/\\\/www.uartes.edu.ec\\\/sitio\\\/wp-content\\\/uploads\\\/2022\\\/07\\\/logo-ua-horizontal.png\",\"contentUrl\":\"https:\\\/\\\/www.uartes.edu.ec\\\/sitio\\\/wp-content\\\/uploads\\\/2022\\\/07\\\/logo-ua-horizontal.png\",\"width\":800,\"height\":276,\"caption\":\"Universidad de las Artes\"},\"image\":{\"@id\":\"https:\\\/\\\/www.uartes.edu.ec\\\/sitio\\\/fr\\\/#\\\/schema\\\/logo\\\/image\\\/\"},\"sameAs\":[\"https:\\\/\\\/www.facebook.com\\\/uartesec\",\"https:\\\/\\\/x.com\\\/uartesec\",\"https:\\\/\\\/www.tiktok.com\\\/@uartesec\"]},{\"@type\":\"Person\",\"@id\":\"https:\\\/\\\/www.uartes.edu.ec\\\/sitio\\\/fr\\\/#\\\/schema\\\/person\\\/efa1b8275797664fd7f13a79ccc0b1f4\",\"name\":\"ccortez\",\"image\":{\"@type\":\"ImageObject\",\"inLanguage\":\"fr-FR\",\"@id\":\"https:\\\/\\\/secure.gravatar.com\\\/avatar\\\/b2a6f664a3ae8e074346ef91775736c5ec479e637ecced6842de9dc98b5da9cd?s=96&d=mm&r=g\",\"url\":\"https:\\\/\\\/secure.gravatar.com\\\/avatar\\\/b2a6f664a3ae8e074346ef91775736c5ec479e637ecced6842de9dc98b5da9cd?s=96&d=mm&r=g\",\"contentUrl\":\"https:\\\/\\\/secure.gravatar.com\\\/avatar\\\/b2a6f664a3ae8e074346ef91775736c5ec479e637ecced6842de9dc98b5da9cd?s=96&d=mm&r=g\",\"caption\":\"ccortez\"},\"url\":\"https:\\\/\\\/www.uartes.edu.ec\\\/sitio\\\/fr\\\/blog\\\/author\\\/ccortez\\\/\"}]}<\/script>\n<!-- \/ Yoast SEO plugin. -->","yoast_head_json":{"title":"Universidad de las Artes - Muestras de titulaci\u00f3n de Diego Zambrano, Anthony Cevallos y Samantha Ortiz en los museos Municipal y Nahim Isa\u00edas","description":"Universidad de las Artes - Muestras de titulaci\u00f3n de Diego Zambrano, Anthony Cevallos y Samantha Ortiz en los museos Municipal y Nahim Isa\u00edas","robots":{"index":"index","follow":"follow","max-snippet":"max-snippet:-1","max-image-preview":"max-image-preview:large","max-video-preview":"max-video-preview:-1"},"canonical":"https:\/\/www.uartes.edu.ec\/sitio\/fr\/blog\/2026\/02\/03\/diego-zambrano-anthony-cevallos-y-samantha-ortiz-llevaron-sus-muestras-de-titulacion-a-dos-museos\/","og_locale":"fr_FR","og_type":"article","og_title":"Universidad de las Artes - Muestras de titulaci\u00f3n de Diego Zambrano, Anthony Cevallos y Samantha Ortiz en los museos Municipal y Nahim Isa\u00edas","og_description":"Universidad de las Artes - Muestras de titulaci\u00f3n de Diego Zambrano, Anthony Cevallos y Samantha Ortiz en los museos Municipal y Nahim Isa\u00edas","og_url":"https:\/\/www.uartes.edu.ec\/sitio\/fr\/blog\/2026\/02\/03\/diego-zambrano-anthony-cevallos-y-samantha-ortiz-llevaron-sus-muestras-de-titulacion-a-dos-museos\/","og_site_name":"Universidad de las Artes","article_publisher":"https:\/\/www.facebook.com\/uartesec","article_published_time":"2026-02-04T00:24:24+00:00","article_modified_time":"2026-02-09T16:44:58+00:00","og_image":[{"width":2000,"height":1333,"url":"https:\/\/www.uartes.edu.ec\/sitio\/wp-content\/uploads\/2026\/02\/01-EXPOSICIONES-MAAC-Y-MUSEO.jpg","type":"image\/jpeg"}],"author":"ccortez","twitter_card":"summary_large_image","twitter_creator":"@uartesec","twitter_site":"@uartesec","twitter_misc":{"\u00c9crit par":"ccortez","Dur\u00e9e de lecture estim\u00e9e":"4 minutes"},"schema":{"@context":"https:\/\/schema.org","@graph":[{"@type":"Article","@id":"https:\/\/www.uartes.edu.ec\/sitio\/fr\/blog\/2026\/02\/03\/diego-zambrano-anthony-cevallos-y-samantha-ortiz-llevaron-sus-muestras-de-titulacion-a-dos-museos\/#article","isPartOf":{"@id":"https:\/\/www.uartes.edu.ec\/sitio\/fr\/blog\/2026\/02\/03\/diego-zambrano-anthony-cevallos-y-samantha-ortiz-llevaron-sus-muestras-de-titulacion-a-dos-museos\/"},"author":{"name":"ccortez","@id":"https:\/\/www.uartes.edu.ec\/sitio\/fr\/#\/schema\/person\/efa1b8275797664fd7f13a79ccc0b1f4"},"headline":"Muestras de titulaci\u00f3n de Diego Zambrano, Anthony Cevallos y Samantha Ortiz en los museos Municipal y Nahim Isa\u00edas","datePublished":"2026-02-04T00:24:24+00:00","dateModified":"2026-02-09T16:44:58+00:00","mainEntityOfPage":{"@id":"https:\/\/www.uartes.edu.ec\/sitio\/fr\/blog\/2026\/02\/03\/diego-zambrano-anthony-cevallos-y-samantha-ortiz-llevaron-sus-muestras-de-titulacion-a-dos-museos\/"},"wordCount":897,"commentCount":0,"publisher":{"@id":"https:\/\/www.uartes.edu.ec\/sitio\/fr\/#organization"},"image":{"@id":"https:\/\/www.uartes.edu.ec\/sitio\/fr\/blog\/2026\/02\/03\/diego-zambrano-anthony-cevallos-y-samantha-ortiz-llevaron-sus-muestras-de-titulacion-a-dos-museos\/#primaryimage"},"thumbnailUrl":"https:\/\/www.uartes.edu.ec\/sitio\/wp-content\/uploads\/2026\/02\/01-EXPOSICIONES-MAAC-Y-MUSEO.jpg","articleSection":["Sin categor\u00eda"],"inLanguage":"fr-FR","potentialAction":[{"@type":"CommentAction","name":"Comment","target":["https:\/\/www.uartes.edu.ec\/sitio\/fr\/blog\/2026\/02\/03\/diego-zambrano-anthony-cevallos-y-samantha-ortiz-llevaron-sus-muestras-de-titulacion-a-dos-museos\/#respond"]}]},{"@type":["WebPage","ItemPage"],"@id":"https:\/\/www.uartes.edu.ec\/sitio\/fr\/blog\/2026\/02\/03\/diego-zambrano-anthony-cevallos-y-samantha-ortiz-llevaron-sus-muestras-de-titulacion-a-dos-museos\/","url":"https:\/\/www.uartes.edu.ec\/sitio\/fr\/blog\/2026\/02\/03\/diego-zambrano-anthony-cevallos-y-samantha-ortiz-llevaron-sus-muestras-de-titulacion-a-dos-museos\/","name":"Universidad de las Artes - Muestras de titulaci\u00f3n de Diego Zambrano, Anthony Cevallos y Samantha Ortiz en los museos Municipal y Nahim Isa\u00edas","isPartOf":{"@id":"https:\/\/www.uartes.edu.ec\/sitio\/fr\/#website"},"primaryImageOfPage":{"@id":"https:\/\/www.uartes.edu.ec\/sitio\/fr\/blog\/2026\/02\/03\/diego-zambrano-anthony-cevallos-y-samantha-ortiz-llevaron-sus-muestras-de-titulacion-a-dos-museos\/#primaryimage"},"image":{"@id":"https:\/\/www.uartes.edu.ec\/sitio\/fr\/blog\/2026\/02\/03\/diego-zambrano-anthony-cevallos-y-samantha-ortiz-llevaron-sus-muestras-de-titulacion-a-dos-museos\/#primaryimage"},"thumbnailUrl":"https:\/\/www.uartes.edu.ec\/sitio\/wp-content\/uploads\/2026\/02\/01-EXPOSICIONES-MAAC-Y-MUSEO.jpg","datePublished":"2026-02-04T00:24:24+00:00","dateModified":"2026-02-09T16:44:58+00:00","description":"Universidad de las Artes - Muestras de titulaci\u00f3n de Diego Zambrano, Anthony Cevallos y Samantha Ortiz en los museos Municipal y Nahim Isa\u00edas","breadcrumb":{"@id":"https:\/\/www.uartes.edu.ec\/sitio\/fr\/blog\/2026\/02\/03\/diego-zambrano-anthony-cevallos-y-samantha-ortiz-llevaron-sus-muestras-de-titulacion-a-dos-museos\/#breadcrumb"},"inLanguage":"fr-FR","potentialAction":[{"@type":"ReadAction","target":["https:\/\/www.uartes.edu.ec\/sitio\/fr\/blog\/2026\/02\/03\/diego-zambrano-anthony-cevallos-y-samantha-ortiz-llevaron-sus-muestras-de-titulacion-a-dos-museos\/"]}]},{"@type":"ImageObject","inLanguage":"fr-FR","@id":"https:\/\/www.uartes.edu.ec\/sitio\/fr\/blog\/2026\/02\/03\/diego-zambrano-anthony-cevallos-y-samantha-ortiz-llevaron-sus-muestras-de-titulacion-a-dos-museos\/#primaryimage","url":"https:\/\/www.uartes.edu.ec\/sitio\/wp-content\/uploads\/2026\/02\/01-EXPOSICIONES-MAAC-Y-MUSEO.jpg","contentUrl":"https:\/\/www.uartes.edu.ec\/sitio\/wp-content\/uploads\/2026\/02\/01-EXPOSICIONES-MAAC-Y-MUSEO.jpg","width":2000,"height":1333},{"@type":"BreadcrumbList","@id":"https:\/\/www.uartes.edu.ec\/sitio\/fr\/blog\/2026\/02\/03\/diego-zambrano-anthony-cevallos-y-samantha-ortiz-llevaron-sus-muestras-de-titulacion-a-dos-museos\/#breadcrumb","itemListElement":[{"@type":"ListItem","position":1,"name":"Inicio","item":"https:\/\/www.uartes.edu.ec\/sitio\/"},{"@type":"ListItem","position":2,"name":"Muestras de titulaci\u00f3n de Diego Zambrano, Anthony Cevallos y Samantha Ortiz en los museos Municipal y Nahim Isa\u00edas"}]},{"@type":"WebSite","@id":"https:\/\/www.uartes.edu.ec\/sitio\/fr\/#website","url":"https:\/\/www.uartes.edu.ec\/sitio\/fr\/","name":"Universidad de las Artes","description":"Sitio oficial de la Universidad Nacional de las Artes del Ecuador","publisher":{"@id":"https:\/\/www.uartes.edu.ec\/sitio\/fr\/#organization"},"potentialAction":[{"@type":"SearchAction","target":{"@type":"EntryPoint","urlTemplate":"https:\/\/www.uartes.edu.ec\/sitio\/fr\/?s={search_term_string}"},"query-input":{"@type":"PropertyValueSpecification","valueRequired":true,"valueName":"search_term_string"}}],"inLanguage":"fr-FR"},{"@type":"Organization","@id":"https:\/\/www.uartes.edu.ec\/sitio\/fr\/#organization","name":"Universidad de las Artes","url":"https:\/\/www.uartes.edu.ec\/sitio\/fr\/","logo":{"@type":"ImageObject","inLanguage":"fr-FR","@id":"https:\/\/www.uartes.edu.ec\/sitio\/fr\/#\/schema\/logo\/image\/","url":"https:\/\/www.uartes.edu.ec\/sitio\/wp-content\/uploads\/2022\/07\/logo-ua-horizontal.png","contentUrl":"https:\/\/www.uartes.edu.ec\/sitio\/wp-content\/uploads\/2022\/07\/logo-ua-horizontal.png","width":800,"height":276,"caption":"Universidad de las Artes"},"image":{"@id":"https:\/\/www.uartes.edu.ec\/sitio\/fr\/#\/schema\/logo\/image\/"},"sameAs":["https:\/\/www.facebook.com\/uartesec","https:\/\/x.com\/uartesec","https:\/\/www.tiktok.com\/@uartesec"]},{"@type":"Person","@id":"https:\/\/www.uartes.edu.ec\/sitio\/fr\/#\/schema\/person\/efa1b8275797664fd7f13a79ccc0b1f4","name":"ccortez","image":{"@type":"ImageObject","inLanguage":"fr-FR","@id":"https:\/\/secure.gravatar.com\/avatar\/b2a6f664a3ae8e074346ef91775736c5ec479e637ecced6842de9dc98b5da9cd?s=96&d=mm&r=g","url":"https:\/\/secure.gravatar.com\/avatar\/b2a6f664a3ae8e074346ef91775736c5ec479e637ecced6842de9dc98b5da9cd?s=96&d=mm&r=g","contentUrl":"https:\/\/secure.gravatar.com\/avatar\/b2a6f664a3ae8e074346ef91775736c5ec479e637ecced6842de9dc98b5da9cd?s=96&d=mm&r=g","caption":"ccortez"},"url":"https:\/\/www.uartes.edu.ec\/sitio\/fr\/blog\/author\/ccortez\/"}]}},"uagb_featured_image_src":{"full":["https:\/\/www.uartes.edu.ec\/sitio\/wp-content\/uploads\/2026\/02\/01-EXPOSICIONES-MAAC-Y-MUSEO.jpg",2000,1333,false],"thumbnail":["https:\/\/www.uartes.edu.ec\/sitio\/wp-content\/uploads\/2026\/02\/01-EXPOSICIONES-MAAC-Y-MUSEO-150x150.jpg",150,150,true],"medium":["https:\/\/www.uartes.edu.ec\/sitio\/wp-content\/uploads\/2026\/02\/01-EXPOSICIONES-MAAC-Y-MUSEO-300x200.jpg",300,200,true],"medium_large":["https:\/\/www.uartes.edu.ec\/sitio\/wp-content\/uploads\/2026\/02\/01-EXPOSICIONES-MAAC-Y-MUSEO-768x512.jpg",768,512,true],"large":["https:\/\/www.uartes.edu.ec\/sitio\/wp-content\/uploads\/2026\/02\/01-EXPOSICIONES-MAAC-Y-MUSEO-644x429.jpg",644,429,true],"1536x1536":["https:\/\/www.uartes.edu.ec\/sitio\/wp-content\/uploads\/2026\/02\/01-EXPOSICIONES-MAAC-Y-MUSEO-1536x1024.jpg",1536,1024,true],"2048x2048":["https:\/\/www.uartes.edu.ec\/sitio\/wp-content\/uploads\/2026\/02\/01-EXPOSICIONES-MAAC-Y-MUSEO.jpg",2000,1333,false],"trp-custom-language-flag":["https:\/\/www.uartes.edu.ec\/sitio\/wp-content\/uploads\/2026\/02\/01-EXPOSICIONES-MAAC-Y-MUSEO-18x12.jpg",18,12,true],"htmega_size_585x295":["https:\/\/www.uartes.edu.ec\/sitio\/wp-content\/uploads\/2026\/02\/01-EXPOSICIONES-MAAC-Y-MUSEO-585x295.jpg",585,295,true],"htmega_size_1170x536":["https:\/\/www.uartes.edu.ec\/sitio\/wp-content\/uploads\/2026\/02\/01-EXPOSICIONES-MAAC-Y-MUSEO-1170x536.jpg",1170,536,true],"htmega_size_396x360":["https:\/\/www.uartes.edu.ec\/sitio\/wp-content\/uploads\/2026\/02\/01-EXPOSICIONES-MAAC-Y-MUSEO-396x360.jpg",396,360,true],"gb-block-post-grid-landscape":["https:\/\/www.uartes.edu.ec\/sitio\/wp-content\/uploads\/2026\/02\/01-EXPOSICIONES-MAAC-Y-MUSEO-600x400.jpg",600,400,true],"gb-block-post-grid-square":["https:\/\/www.uartes.edu.ec\/sitio\/wp-content\/uploads\/2026\/02\/01-EXPOSICIONES-MAAC-Y-MUSEO-600x600.jpg",600,600,true],"university-hub-thumb":["https:\/\/www.uartes.edu.ec\/sitio\/wp-content\/uploads\/2026\/02\/01-EXPOSICIONES-MAAC-Y-MUSEO-400x267.jpg",400,267,true]},"uagb_author_info":{"display_name":"ccortez","author_link":"https:\/\/www.uartes.edu.ec\/sitio\/fr\/blog\/author\/ccortez\/"},"uagb_comment_info":0,"uagb_excerpt":"\u201cAnotaciones sobre el color\u201d, de Diego Zambrano; \u201cTripulaci\u00f3n\u201d, de Anthony Cevallos; y \u201cJuegos dom\u00e9sticos: ensayo de una casa\u201d, de Samantha Ortiz. Son las exposiciones de titulaci\u00f3n que los estudiantes de la Escuela de Artes Visuales de la Universidad de las Artes inauguraron en salas del Museo Municipal de Guayaquil y del Museo Nahim Isa\u00edas, donde\u2026","featured_image_src":"https:\/\/www.uartes.edu.ec\/sitio\/wp-content\/uploads\/2026\/02\/01-EXPOSICIONES-MAAC-Y-MUSEO-600x400.jpg","featured_image_src_square":"https:\/\/www.uartes.edu.ec\/sitio\/wp-content\/uploads\/2026\/02\/01-EXPOSICIONES-MAAC-Y-MUSEO-600x600.jpg","author_info":{"display_name":"ccortez","author_link":"https:\/\/www.uartes.edu.ec\/sitio\/fr\/blog\/author\/ccortez\/"},"publishpress_future_workflow_manual_trigger":{"enabledWorkflows":[]},"distributor_meta":false,"distributor_terms":false,"distributor_media":false,"distributor_original_site_name":"Universidad de las Artes","distributor_original_site_url":"https:\/\/www.uartes.edu.ec\/sitio\/fr","push-errors":false,"_links":{"self":[{"href":"https:\/\/www.uartes.edu.ec\/sitio\/fr\/wp-json\/wp\/v2\/posts\/85908","targetHints":{"allow":["GET"]}}],"collection":[{"href":"https:\/\/www.uartes.edu.ec\/sitio\/fr\/wp-json\/wp\/v2\/posts"}],"about":[{"href":"https:\/\/www.uartes.edu.ec\/sitio\/fr\/wp-json\/wp\/v2\/types\/post"}],"author":[{"embeddable":true,"href":"https:\/\/www.uartes.edu.ec\/sitio\/fr\/wp-json\/wp\/v2\/users\/10"}],"replies":[{"embeddable":true,"href":"https:\/\/www.uartes.edu.ec\/sitio\/fr\/wp-json\/wp\/v2\/comments?post=85908"}],"version-history":[{"count":10,"href":"https:\/\/www.uartes.edu.ec\/sitio\/fr\/wp-json\/wp\/v2\/posts\/85908\/revisions"}],"predecessor-version":[{"id":86415,"href":"https:\/\/www.uartes.edu.ec\/sitio\/fr\/wp-json\/wp\/v2\/posts\/85908\/revisions\/86415"}],"wp:featuredmedia":[{"embeddable":true,"href":"https:\/\/www.uartes.edu.ec\/sitio\/fr\/wp-json\/wp\/v2\/media\/85909"}],"wp:attachment":[{"href":"https:\/\/www.uartes.edu.ec\/sitio\/fr\/wp-json\/wp\/v2\/media?parent=85908"}],"wp:term":[{"taxonomy":"category","embeddable":true,"href":"https:\/\/www.uartes.edu.ec\/sitio\/fr\/wp-json\/wp\/v2\/categories?post=85908"},{"taxonomy":"post_tag","embeddable":true,"href":"https:\/\/www.uartes.edu.ec\/sitio\/fr\/wp-json\/wp\/v2\/tags?post=85908"},{"taxonomy":"infouartes","embeddable":true,"href":"https:\/\/www.uartes.edu.ec\/sitio\/fr\/wp-json\/wp\/v2\/infouartes?post=85908"}],"curies":[{"name":"wp","href":"https:\/\/api.w.org\/{rel}","templated":true}]}}