{"id":87519,"date":"2026-02-23T15:47:00","date_gmt":"2026-02-23T20:47:00","guid":{"rendered":"https:\/\/www.uartes.edu.ec\/sitio\/?p=87519"},"modified":"2026-03-11T11:08:58","modified_gmt":"2026-03-11T16:08:58","slug":"fuera-de-juego-miniserie-web-del-alumnus-william-anthony-loor-tuvo-su-preestreno-en-el-cine-del-mz14-uartes","status":"publish","type":"post","link":"https:\/\/www.uartes.edu.ec\/sitio\/fr\/blog\/2026\/02\/23\/fuera-de-juego-miniserie-web-del-alumnus-william-anthony-loor-tuvo-su-preestreno-en-el-cine-del-mz14-uartes\/","title":{"rendered":"\u201cFuera de Juego\u201d, miniserie web del alumnus William Anthony Loor tuvo su preestreno en el Cine del MZ14 UArtes"},"content":{"rendered":"<p>Dirigida por William Anthony Loor, alumnus de la Universidad de las Artes, en la Sala de Cine del MZ14 Centro de Producci\u00f3n e Innovaci\u00f3n se present\u00f3 en <em>avant premiere<\/em> la miniserie ecuatoriana independiente y de ficci\u00f3n \u201cFuera de Juego\u201d, cuyo estreno digital est\u00e1 programado para el pr\u00f3ximo 26 de febrero en su canal de YouTube.<\/p>\n\n\n\n<p>En formato webserie y, hasta el momento, con una temporada de seis episodios de 20 minutos de duraci\u00f3n cada uno, esta propuesta audiovisual concebida en g\u00e9nero de drama rom\u00e1ntico explora la diversidad, la identidad y los afectos masculinos desde un entorno poco representado en pantalla: las canchas barriales de Guayaquil.<\/p>\n\n\n\n<p>\u201cCon un enfoque \u00edntimo y realista, la serie propone una mirada honesta sobre el deseo, el miedo y la autoaceptaci\u00f3n, alej\u00e1ndose de estereotipos y discursos aleccionadores. La historia apuesta por la emoci\u00f3n y la cotidianidad para conectar con nuevas audiencias digitales\u201d, se indic\u00f3 en la funci\u00f3n de preestreno, a la cual asisti\u00f3 su equipo actoral y t\u00e9cnico, integrado por m\u00e1s de 35 profesionales. Encabezaron la velada sus protagonistas, Calet Su\u00e1rez Sol\u00eds y Lennyn Guimpelevich; William Loor, quien, adem\u00e1s de dirigirla, es su cocreador y coproductor; y Marlon Freire, su productor y coguionista.<\/p>\n\n\n<div class=\"wp-block-image\">\n<figure class=\"aligncenter size-large\"><img fetchpriority=\"high\" decoding=\"async\" width=\"644\" height=\"429\" src=\"https:\/\/www.uartes.edu.ec\/sitio\/wp-content\/uploads\/2026\/03\/Proyecto-Cambiar-tamano-de-imagen-2026-02-23T153758.562-644x429.jpeg\" alt=\"\" class=\"wp-image-87527\" srcset=\"https:\/\/www.uartes.edu.ec\/sitio\/wp-content\/uploads\/2026\/03\/Proyecto-Cambiar-tamano-de-imagen-2026-02-23T153758.562-644x429.jpeg 644w, https:\/\/www.uartes.edu.ec\/sitio\/wp-content\/uploads\/2026\/03\/Proyecto-Cambiar-tamano-de-imagen-2026-02-23T153758.562-300x200.jpeg 300w, https:\/\/www.uartes.edu.ec\/sitio\/wp-content\/uploads\/2026\/03\/Proyecto-Cambiar-tamano-de-imagen-2026-02-23T153758.562-768x512.jpeg 768w, https:\/\/www.uartes.edu.ec\/sitio\/wp-content\/uploads\/2026\/03\/Proyecto-Cambiar-tamano-de-imagen-2026-02-23T153758.562-1536x1024.jpeg 1536w, https:\/\/www.uartes.edu.ec\/sitio\/wp-content\/uploads\/2026\/03\/Proyecto-Cambiar-tamano-de-imagen-2026-02-23T153758.562-18x12.jpeg 18w, https:\/\/www.uartes.edu.ec\/sitio\/wp-content\/uploads\/2026\/03\/Proyecto-Cambiar-tamano-de-imagen-2026-02-23T153758.562-600x400.jpeg 600w, https:\/\/www.uartes.edu.ec\/sitio\/wp-content\/uploads\/2026\/03\/Proyecto-Cambiar-tamano-de-imagen-2026-02-23T153758.562-400x267.jpeg 400w, https:\/\/www.uartes.edu.ec\/sitio\/wp-content\/uploads\/2026\/03\/Proyecto-Cambiar-tamano-de-imagen-2026-02-23T153758.562.jpeg 2000w\" sizes=\"(max-width: 644px) 100vw, 644px\" \/><\/figure>\n<\/div>\n\n<div class=\"wp-block-image\">\n<figure class=\"aligncenter size-large is-resized\"><img decoding=\"async\" width=\"644\" height=\"429\" src=\"https:\/\/www.uartes.edu.ec\/sitio\/wp-content\/uploads\/2026\/03\/Proyecto-Cambiar-tamano-de-imagen-2026-02-23T153853.528-644x429.jpeg\" alt=\"\" class=\"wp-image-87528\" style=\"aspect-ratio:1.5011837552358405;width:482px;height:auto\" srcset=\"https:\/\/www.uartes.edu.ec\/sitio\/wp-content\/uploads\/2026\/03\/Proyecto-Cambiar-tamano-de-imagen-2026-02-23T153853.528-644x429.jpeg 644w, https:\/\/www.uartes.edu.ec\/sitio\/wp-content\/uploads\/2026\/03\/Proyecto-Cambiar-tamano-de-imagen-2026-02-23T153853.528-300x200.jpeg 300w, https:\/\/www.uartes.edu.ec\/sitio\/wp-content\/uploads\/2026\/03\/Proyecto-Cambiar-tamano-de-imagen-2026-02-23T153853.528-768x512.jpeg 768w, https:\/\/www.uartes.edu.ec\/sitio\/wp-content\/uploads\/2026\/03\/Proyecto-Cambiar-tamano-de-imagen-2026-02-23T153853.528-1536x1024.jpeg 1536w, https:\/\/www.uartes.edu.ec\/sitio\/wp-content\/uploads\/2026\/03\/Proyecto-Cambiar-tamano-de-imagen-2026-02-23T153853.528-18x12.jpeg 18w, https:\/\/www.uartes.edu.ec\/sitio\/wp-content\/uploads\/2026\/03\/Proyecto-Cambiar-tamano-de-imagen-2026-02-23T153853.528-600x400.jpeg 600w, https:\/\/www.uartes.edu.ec\/sitio\/wp-content\/uploads\/2026\/03\/Proyecto-Cambiar-tamano-de-imagen-2026-02-23T153853.528-400x267.jpeg 400w, https:\/\/www.uartes.edu.ec\/sitio\/wp-content\/uploads\/2026\/03\/Proyecto-Cambiar-tamano-de-imagen-2026-02-23T153853.528.jpeg 2000w\" sizes=\"(max-width: 644px) 100vw, 644px\" \/><\/figure>\n<\/div>\n\n\n<p>Le <em>avant premiere,<\/em> registrado el pasado jueves 19 de febrero, tuvo un <em>meet and greet<\/em> que permiti\u00f3 la interacci\u00f3n del p\u00fablico con el elenco y equipo creativo, generando un espacio de di\u00e1logo en torno a los principales ejes de la serie: la construcci\u00f3n de la masculinidad en contextos populares y la necesidad de nuevas narrativas latinoamericanas en el audiovisual contempor\u00e1neo, lo cual fue ponderado por los representantes de la comunidad GLBTIQ+.<\/p>\n\n\n\n<p>En su contenido, \u201cFuera de Juego\u201d narra la historia de dos j\u00f3venes profesionales que se conocen jugando f\u00fatbol y desarrollan una conexi\u00f3n que desaf\u00eda las reglas no escritas de la masculinidad. En su presentaci\u00f3n, el director destac\u00f3 que la producci\u00f3n apuesta por impulsar historias latinoamericanas con identidad propia y ampliar su alcance m\u00e1s all\u00e1 del \u00e1mbito local.<\/p>\n\n\n\n<p>Loor y Freire comentaron que el proyecto tendr\u00e1 presencia en el Festival Internacional de Cine de Tequila (M\u00e9xico) y que, as\u00ed como tuvo su preestreno en Guayaquil, tendr\u00e1 uno similar el 24 de febrero en Quito, en la Cinemateca Nacional del Ecuador Ulises Estrella.<\/p>\n\n\n\n<p>Indicaron, adem\u00e1s, que detr\u00e1s de cada escena de \u201cFuera de Juego\u201d hay trabajo en equipo, risas y nervios porque no solo grabaron una historia, sino que crearon recuerdos. M\u00e1s que un equipo, se convirtieron en una familia que tiene algo impactante que contar y que, a veces, el riesgo m\u00e1s grande es no decir nada. &nbsp;&nbsp;<\/p>\n\n\n\n<figure class=\"wp-block-gallery has-nested-images columns-default is-cropped wp-block-gallery-1 is-layout-flex wp-block-gallery-is-layout-flex\">\n<figure class=\"wp-block-image size-large\"><img decoding=\"async\" width=\"644\" height=\"429\" data-id=\"87533\" src=\"https:\/\/www.uartes.edu.ec\/sitio\/wp-content\/uploads\/2026\/03\/Proyecto-Cambiar-tamano-de-imagen-2026-02-23T150214.425-644x429.jpeg\" alt=\"\" class=\"wp-image-87533\" srcset=\"https:\/\/www.uartes.edu.ec\/sitio\/wp-content\/uploads\/2026\/03\/Proyecto-Cambiar-tamano-de-imagen-2026-02-23T150214.425-644x429.jpeg 644w, https:\/\/www.uartes.edu.ec\/sitio\/wp-content\/uploads\/2026\/03\/Proyecto-Cambiar-tamano-de-imagen-2026-02-23T150214.425-300x200.jpeg 300w, https:\/\/www.uartes.edu.ec\/sitio\/wp-content\/uploads\/2026\/03\/Proyecto-Cambiar-tamano-de-imagen-2026-02-23T150214.425-768x512.jpeg 768w, https:\/\/www.uartes.edu.ec\/sitio\/wp-content\/uploads\/2026\/03\/Proyecto-Cambiar-tamano-de-imagen-2026-02-23T150214.425-1536x1024.jpeg 1536w, https:\/\/www.uartes.edu.ec\/sitio\/wp-content\/uploads\/2026\/03\/Proyecto-Cambiar-tamano-de-imagen-2026-02-23T150214.425-18x12.jpeg 18w, https:\/\/www.uartes.edu.ec\/sitio\/wp-content\/uploads\/2026\/03\/Proyecto-Cambiar-tamano-de-imagen-2026-02-23T150214.425-600x400.jpeg 600w, https:\/\/www.uartes.edu.ec\/sitio\/wp-content\/uploads\/2026\/03\/Proyecto-Cambiar-tamano-de-imagen-2026-02-23T150214.425-400x267.jpeg 400w, https:\/\/www.uartes.edu.ec\/sitio\/wp-content\/uploads\/2026\/03\/Proyecto-Cambiar-tamano-de-imagen-2026-02-23T150214.425.jpeg 2000w\" sizes=\"(max-width: 644px) 100vw, 644px\" \/><\/figure>\n\n\n\n<figure class=\"wp-block-image size-large\"><img loading=\"lazy\" decoding=\"async\" width=\"644\" height=\"429\" data-id=\"87532\" src=\"https:\/\/www.uartes.edu.ec\/sitio\/wp-content\/uploads\/2026\/03\/Proyecto-Cambiar-tamano-de-imagen-2026-02-23T145942.992-1-644x429.jpeg\" alt=\"\" class=\"wp-image-87532\" srcset=\"https:\/\/www.uartes.edu.ec\/sitio\/wp-content\/uploads\/2026\/03\/Proyecto-Cambiar-tamano-de-imagen-2026-02-23T145942.992-1-644x429.jpeg 644w, https:\/\/www.uartes.edu.ec\/sitio\/wp-content\/uploads\/2026\/03\/Proyecto-Cambiar-tamano-de-imagen-2026-02-23T145942.992-1-300x200.jpeg 300w, https:\/\/www.uartes.edu.ec\/sitio\/wp-content\/uploads\/2026\/03\/Proyecto-Cambiar-tamano-de-imagen-2026-02-23T145942.992-1-768x512.jpeg 768w, https:\/\/www.uartes.edu.ec\/sitio\/wp-content\/uploads\/2026\/03\/Proyecto-Cambiar-tamano-de-imagen-2026-02-23T145942.992-1-1536x1024.jpeg 1536w, https:\/\/www.uartes.edu.ec\/sitio\/wp-content\/uploads\/2026\/03\/Proyecto-Cambiar-tamano-de-imagen-2026-02-23T145942.992-1-18x12.jpeg 18w, https:\/\/www.uartes.edu.ec\/sitio\/wp-content\/uploads\/2026\/03\/Proyecto-Cambiar-tamano-de-imagen-2026-02-23T145942.992-1-600x400.jpeg 600w, https:\/\/www.uartes.edu.ec\/sitio\/wp-content\/uploads\/2026\/03\/Proyecto-Cambiar-tamano-de-imagen-2026-02-23T145942.992-1-400x267.jpeg 400w, https:\/\/www.uartes.edu.ec\/sitio\/wp-content\/uploads\/2026\/03\/Proyecto-Cambiar-tamano-de-imagen-2026-02-23T145942.992-1.jpeg 2000w\" sizes=\"(max-width: 644px) 100vw, 644px\" \/><\/figure>\n\n\n\n<figure class=\"wp-block-image size-large\"><img loading=\"lazy\" decoding=\"async\" width=\"644\" height=\"429\" data-id=\"87531\" src=\"https:\/\/www.uartes.edu.ec\/sitio\/wp-content\/uploads\/2026\/03\/Proyecto-Cambiar-tamano-de-imagen-2026-02-23T145713.994-644x429.jpeg\" alt=\"\" class=\"wp-image-87531\" srcset=\"https:\/\/www.uartes.edu.ec\/sitio\/wp-content\/uploads\/2026\/03\/Proyecto-Cambiar-tamano-de-imagen-2026-02-23T145713.994-644x429.jpeg 644w, https:\/\/www.uartes.edu.ec\/sitio\/wp-content\/uploads\/2026\/03\/Proyecto-Cambiar-tamano-de-imagen-2026-02-23T145713.994-300x200.jpeg 300w, https:\/\/www.uartes.edu.ec\/sitio\/wp-content\/uploads\/2026\/03\/Proyecto-Cambiar-tamano-de-imagen-2026-02-23T145713.994-768x512.jpeg 768w, https:\/\/www.uartes.edu.ec\/sitio\/wp-content\/uploads\/2026\/03\/Proyecto-Cambiar-tamano-de-imagen-2026-02-23T145713.994-1536x1024.jpeg 1536w, https:\/\/www.uartes.edu.ec\/sitio\/wp-content\/uploads\/2026\/03\/Proyecto-Cambiar-tamano-de-imagen-2026-02-23T145713.994-18x12.jpeg 18w, https:\/\/www.uartes.edu.ec\/sitio\/wp-content\/uploads\/2026\/03\/Proyecto-Cambiar-tamano-de-imagen-2026-02-23T145713.994-600x400.jpeg 600w, https:\/\/www.uartes.edu.ec\/sitio\/wp-content\/uploads\/2026\/03\/Proyecto-Cambiar-tamano-de-imagen-2026-02-23T145713.994-400x267.jpeg 400w, https:\/\/www.uartes.edu.ec\/sitio\/wp-content\/uploads\/2026\/03\/Proyecto-Cambiar-tamano-de-imagen-2026-02-23T145713.994.jpeg 2000w\" sizes=\"(max-width: 644px) 100vw, 644px\" \/><\/figure>\n<\/figure>\n\n\n<div class=\"wp-block-image\">\n<figure class=\"aligncenter size-large\"><img loading=\"lazy\" decoding=\"async\" width=\"644\" height=\"429\" src=\"https:\/\/www.uartes.edu.ec\/sitio\/wp-content\/uploads\/2026\/03\/Proyecto-Cambiar-tamano-de-imagen-2026-02-23T150057.658-644x429.jpeg\" alt=\"\" class=\"wp-image-87529\" srcset=\"https:\/\/www.uartes.edu.ec\/sitio\/wp-content\/uploads\/2026\/03\/Proyecto-Cambiar-tamano-de-imagen-2026-02-23T150057.658-644x429.jpeg 644w, https:\/\/www.uartes.edu.ec\/sitio\/wp-content\/uploads\/2026\/03\/Proyecto-Cambiar-tamano-de-imagen-2026-02-23T150057.658-300x200.jpeg 300w, https:\/\/www.uartes.edu.ec\/sitio\/wp-content\/uploads\/2026\/03\/Proyecto-Cambiar-tamano-de-imagen-2026-02-23T150057.658-768x512.jpeg 768w, https:\/\/www.uartes.edu.ec\/sitio\/wp-content\/uploads\/2026\/03\/Proyecto-Cambiar-tamano-de-imagen-2026-02-23T150057.658-1536x1024.jpeg 1536w, https:\/\/www.uartes.edu.ec\/sitio\/wp-content\/uploads\/2026\/03\/Proyecto-Cambiar-tamano-de-imagen-2026-02-23T150057.658-18x12.jpeg 18w, https:\/\/www.uartes.edu.ec\/sitio\/wp-content\/uploads\/2026\/03\/Proyecto-Cambiar-tamano-de-imagen-2026-02-23T150057.658-600x400.jpeg 600w, https:\/\/www.uartes.edu.ec\/sitio\/wp-content\/uploads\/2026\/03\/Proyecto-Cambiar-tamano-de-imagen-2026-02-23T150057.658-400x267.jpeg 400w, https:\/\/www.uartes.edu.ec\/sitio\/wp-content\/uploads\/2026\/03\/Proyecto-Cambiar-tamano-de-imagen-2026-02-23T150057.658.jpeg 2000w\" sizes=\"(max-width: 644px) 100vw, 644px\" \/><\/figure>\n<\/div>\n\n\n<p>Contacto de prensa: Marlon Freire (<a href=\"mailto:fueradejuegoecuador@gmail.com\">fueradejuegoecuador@gmail.com<\/a>). Fotos: cortes\u00eda de la producci\u00f3n.<\/p>\n\n\n\n<p>El link de la producci\u00f3n en el canal de YouTube: <a href=\"https:\/\/youtube.com\/@secretos2000ecuador?si=b0R1ua4obQzrpBNv\">https:\/\/youtube.com\/@secretos2000ecuador?si=b0R1ua4obQzrpBNv<\/a><\/p>","protected":false},"excerpt":{"rendered":"<p>Dirigida por William Anthony Loor, alumnus UArtes, en la Sala de Cine del MZ14 se present\u00f3 en preestreno la miniserie ecuatoriana independiente y de ficci\u00f3n \u201cFuera de Juego\u201d, cuyo estreno digital ser\u00e1 este 26 de febrero en su canal de YouTube. En formato webserie y, hasta el momento, con seis episodios, este drama explora la diversidad y los afectos masculinos desde un entorno poco representado en pantalla: las canchas barriales. <\/p>","protected":false},"author":10,"featured_media":87523,"comment_status":"open","ping_status":"open","sticky":false,"template":"","format":"standard","meta":{"_acf_changed":false,"_uag_custom_page_level_css":"","_monsterinsights_skip_tracking":false,"_monsterinsights_sitenote_active":false,"_monsterinsights_sitenote_note":"","_monsterinsights_sitenote_category":0,"cybocfi_hide_featured_image":"","footnotes":""},"categories":[80,490,82,147],"tags":[518],"infouartes":[],"class_list":["post-87519","post","type-post","status-publish","format-standard","has-post-thumbnail","hentry","category-academico","category-alumni","category-artes","category-cine","tag-produccion"],"acf":[],"yoast_head":"<!-- This site is optimized with the Yoast SEO plugin v27.4 - https:\/\/yoast.com\/product\/yoast-seo-wordpress\/ -->\n<title>Universidad de las Artes - \u201cFuera de Juego\u201d, miniserie web del alumnus William Anthony Loor tuvo su preestreno en el Cine del MZ14 UArtes<\/title>\n<meta name=\"description\" content=\"Universidad de las Artes - \u201cFuera de Juego\u201d, miniserie web del alumnus William Anthony Loor tuvo su preestreno en el Cine del MZ14 UArtes\" \/>\n<meta name=\"robots\" content=\"index, follow, max-snippet:-1, max-image-preview:large, max-video-preview:-1\" \/>\n<link rel=\"canonical\" href=\"https:\/\/www.uartes.edu.ec\/sitio\/fr\/blog\/2026\/02\/23\/fuera-de-juego-miniserie-web-del-alumnus-william-anthony-loor-tuvo-su-preestreno-en-el-cine-del-mz14-uartes\/\" \/>\n<meta property=\"og:locale\" content=\"fr_FR\" \/>\n<meta property=\"og:type\" content=\"article\" \/>\n<meta property=\"og:title\" content=\"Universidad de las Artes - \u201cFuera de Juego\u201d, miniserie web del alumnus William Anthony Loor tuvo su preestreno en el Cine del MZ14 UArtes\" \/>\n<meta property=\"og:description\" content=\"Universidad de las Artes - \u201cFuera de Juego\u201d, miniserie web del alumnus William Anthony Loor tuvo su preestreno en el Cine del MZ14 UArtes\" \/>\n<meta property=\"og:url\" content=\"https:\/\/www.uartes.edu.ec\/sitio\/fr\/blog\/2026\/02\/23\/fuera-de-juego-miniserie-web-del-alumnus-william-anthony-loor-tuvo-su-preestreno-en-el-cine-del-mz14-uartes\/\" \/>\n<meta property=\"og:site_name\" content=\"Universidad de las Artes\" \/>\n<meta property=\"article:publisher\" content=\"https:\/\/www.facebook.com\/uartesec\" \/>\n<meta property=\"article:published_time\" content=\"2026-02-23T20:47:00+00:00\" \/>\n<meta property=\"article:modified_time\" content=\"2026-03-11T16:08:58+00:00\" \/>\n<meta property=\"og:image\" content=\"https:\/\/www.uartes.edu.ec\/sitio\/wp-content\/uploads\/2026\/03\/Proyecto-Cambiar-tamano-de-imagen-2026-02-23T145942.992.jpeg\" \/>\n\t<meta property=\"og:image:width\" content=\"2000\" \/>\n\t<meta property=\"og:image:height\" content=\"1333\" \/>\n\t<meta property=\"og:image:type\" content=\"image\/jpeg\" \/>\n<meta name=\"author\" content=\"ccortez\" \/>\n<meta name=\"twitter:card\" content=\"summary_large_image\" \/>\n<meta name=\"twitter:creator\" content=\"@uartesec\" \/>\n<meta name=\"twitter:site\" content=\"@uartesec\" \/>\n<meta name=\"twitter:label1\" content=\"\u00c9crit par\" \/>\n\t<meta name=\"twitter:data1\" content=\"ccortez\" \/>\n\t<meta name=\"twitter:label2\" content=\"Dur\u00e9e de lecture estim\u00e9e\" \/>\n\t<meta name=\"twitter:data2\" content=\"2 minutes\" \/>\n<script type=\"application\/ld+json\" class=\"yoast-schema-graph\">{\"@context\":\"https:\\\/\\\/schema.org\",\"@graph\":[{\"@type\":\"Article\",\"@id\":\"https:\\\/\\\/www.uartes.edu.ec\\\/sitio\\\/fr\\\/blog\\\/2026\\\/02\\\/23\\\/fuera-de-juego-miniserie-web-del-alumnus-william-anthony-loor-tuvo-su-preestreno-en-el-cine-del-mz14-uartes\\\/#article\",\"isPartOf\":{\"@id\":\"https:\\\/\\\/www.uartes.edu.ec\\\/sitio\\\/fr\\\/blog\\\/2026\\\/02\\\/23\\\/fuera-de-juego-miniserie-web-del-alumnus-william-anthony-loor-tuvo-su-preestreno-en-el-cine-del-mz14-uartes\\\/\"},\"author\":{\"name\":\"ccortez\",\"@id\":\"https:\\\/\\\/www.uartes.edu.ec\\\/sitio\\\/fr\\\/#\\\/schema\\\/person\\\/efa1b8275797664fd7f13a79ccc0b1f4\"},\"headline\":\"\u201cFuera de Juego\u201d, miniserie web del alumnus William Anthony Loor tuvo su preestreno en el Cine del MZ14 UArtes\",\"datePublished\":\"2026-02-23T20:47:00+00:00\",\"dateModified\":\"2026-03-11T16:08:58+00:00\",\"mainEntityOfPage\":{\"@id\":\"https:\\\/\\\/www.uartes.edu.ec\\\/sitio\\\/fr\\\/blog\\\/2026\\\/02\\\/23\\\/fuera-de-juego-miniserie-web-del-alumnus-william-anthony-loor-tuvo-su-preestreno-en-el-cine-del-mz14-uartes\\\/\"},\"wordCount\":509,\"commentCount\":0,\"publisher\":{\"@id\":\"https:\\\/\\\/www.uartes.edu.ec\\\/sitio\\\/fr\\\/#organization\"},\"image\":{\"@id\":\"https:\\\/\\\/www.uartes.edu.ec\\\/sitio\\\/fr\\\/blog\\\/2026\\\/02\\\/23\\\/fuera-de-juego-miniserie-web-del-alumnus-william-anthony-loor-tuvo-su-preestreno-en-el-cine-del-mz14-uartes\\\/#primaryimage\"},\"thumbnailUrl\":\"https:\\\/\\\/www.uartes.edu.ec\\\/sitio\\\/wp-content\\\/uploads\\\/2026\\\/03\\\/Proyecto-Cambiar-tamano-de-imagen-2026-02-23T145942.992.jpeg\",\"keywords\":[\"producci\u00f3n\"],\"articleSection\":[\"Acad\u00e9mico\",\"Alumni\",\"Artes\",\"Cine\"],\"inLanguage\":\"fr-FR\",\"potentialAction\":[{\"@type\":\"CommentAction\",\"name\":\"Comment\",\"target\":[\"https:\\\/\\\/www.uartes.edu.ec\\\/sitio\\\/fr\\\/blog\\\/2026\\\/02\\\/23\\\/fuera-de-juego-miniserie-web-del-alumnus-william-anthony-loor-tuvo-su-preestreno-en-el-cine-del-mz14-uartes\\\/#respond\"]}]},{\"@type\":[\"WebPage\",\"ItemPage\"],\"@id\":\"https:\\\/\\\/www.uartes.edu.ec\\\/sitio\\\/fr\\\/blog\\\/2026\\\/02\\\/23\\\/fuera-de-juego-miniserie-web-del-alumnus-william-anthony-loor-tuvo-su-preestreno-en-el-cine-del-mz14-uartes\\\/\",\"url\":\"https:\\\/\\\/www.uartes.edu.ec\\\/sitio\\\/fr\\\/blog\\\/2026\\\/02\\\/23\\\/fuera-de-juego-miniserie-web-del-alumnus-william-anthony-loor-tuvo-su-preestreno-en-el-cine-del-mz14-uartes\\\/\",\"name\":\"Universidad de las Artes - \u201cFuera de Juego\u201d, miniserie web del alumnus William Anthony Loor tuvo su preestreno en el Cine del MZ14 UArtes\",\"isPartOf\":{\"@id\":\"https:\\\/\\\/www.uartes.edu.ec\\\/sitio\\\/fr\\\/#website\"},\"primaryImageOfPage\":{\"@id\":\"https:\\\/\\\/www.uartes.edu.ec\\\/sitio\\\/fr\\\/blog\\\/2026\\\/02\\\/23\\\/fuera-de-juego-miniserie-web-del-alumnus-william-anthony-loor-tuvo-su-preestreno-en-el-cine-del-mz14-uartes\\\/#primaryimage\"},\"image\":{\"@id\":\"https:\\\/\\\/www.uartes.edu.ec\\\/sitio\\\/fr\\\/blog\\\/2026\\\/02\\\/23\\\/fuera-de-juego-miniserie-web-del-alumnus-william-anthony-loor-tuvo-su-preestreno-en-el-cine-del-mz14-uartes\\\/#primaryimage\"},\"thumbnailUrl\":\"https:\\\/\\\/www.uartes.edu.ec\\\/sitio\\\/wp-content\\\/uploads\\\/2026\\\/03\\\/Proyecto-Cambiar-tamano-de-imagen-2026-02-23T145942.992.jpeg\",\"datePublished\":\"2026-02-23T20:47:00+00:00\",\"dateModified\":\"2026-03-11T16:08:58+00:00\",\"description\":\"Universidad de las Artes - \u201cFuera de Juego\u201d, miniserie web del alumnus William Anthony Loor tuvo su preestreno en el Cine del MZ14 UArtes\",\"breadcrumb\":{\"@id\":\"https:\\\/\\\/www.uartes.edu.ec\\\/sitio\\\/fr\\\/blog\\\/2026\\\/02\\\/23\\\/fuera-de-juego-miniserie-web-del-alumnus-william-anthony-loor-tuvo-su-preestreno-en-el-cine-del-mz14-uartes\\\/#breadcrumb\"},\"inLanguage\":\"fr-FR\",\"potentialAction\":[{\"@type\":\"ReadAction\",\"target\":[\"https:\\\/\\\/www.uartes.edu.ec\\\/sitio\\\/fr\\\/blog\\\/2026\\\/02\\\/23\\\/fuera-de-juego-miniserie-web-del-alumnus-william-anthony-loor-tuvo-su-preestreno-en-el-cine-del-mz14-uartes\\\/\"]}]},{\"@type\":\"ImageObject\",\"inLanguage\":\"fr-FR\",\"@id\":\"https:\\\/\\\/www.uartes.edu.ec\\\/sitio\\\/fr\\\/blog\\\/2026\\\/02\\\/23\\\/fuera-de-juego-miniserie-web-del-alumnus-william-anthony-loor-tuvo-su-preestreno-en-el-cine-del-mz14-uartes\\\/#primaryimage\",\"url\":\"https:\\\/\\\/www.uartes.edu.ec\\\/sitio\\\/wp-content\\\/uploads\\\/2026\\\/03\\\/Proyecto-Cambiar-tamano-de-imagen-2026-02-23T145942.992.jpeg\",\"contentUrl\":\"https:\\\/\\\/www.uartes.edu.ec\\\/sitio\\\/wp-content\\\/uploads\\\/2026\\\/03\\\/Proyecto-Cambiar-tamano-de-imagen-2026-02-23T145942.992.jpeg\",\"width\":2000,\"height\":1333},{\"@type\":\"BreadcrumbList\",\"@id\":\"https:\\\/\\\/www.uartes.edu.ec\\\/sitio\\\/fr\\\/blog\\\/2026\\\/02\\\/23\\\/fuera-de-juego-miniserie-web-del-alumnus-william-anthony-loor-tuvo-su-preestreno-en-el-cine-del-mz14-uartes\\\/#breadcrumb\",\"itemListElement\":[{\"@type\":\"ListItem\",\"position\":1,\"name\":\"Inicio\",\"item\":\"https:\\\/\\\/www.uartes.edu.ec\\\/sitio\\\/\"},{\"@type\":\"ListItem\",\"position\":2,\"name\":\"\u201cFuera de Juego\u201d, miniserie web del alumnus William Anthony Loor tuvo su preestreno en el Cine del MZ14 UArtes\"}]},{\"@type\":\"WebSite\",\"@id\":\"https:\\\/\\\/www.uartes.edu.ec\\\/sitio\\\/fr\\\/#website\",\"url\":\"https:\\\/\\\/www.uartes.edu.ec\\\/sitio\\\/fr\\\/\",\"name\":\"Universidad de las Artes\",\"description\":\"Sitio oficial de la Universidad Nacional de las Artes del Ecuador\",\"publisher\":{\"@id\":\"https:\\\/\\\/www.uartes.edu.ec\\\/sitio\\\/fr\\\/#organization\"},\"potentialAction\":[{\"@type\":\"SearchAction\",\"target\":{\"@type\":\"EntryPoint\",\"urlTemplate\":\"https:\\\/\\\/www.uartes.edu.ec\\\/sitio\\\/fr\\\/?s={search_term_string}\"},\"query-input\":{\"@type\":\"PropertyValueSpecification\",\"valueRequired\":true,\"valueName\":\"search_term_string\"}}],\"inLanguage\":\"fr-FR\"},{\"@type\":\"Organization\",\"@id\":\"https:\\\/\\\/www.uartes.edu.ec\\\/sitio\\\/fr\\\/#organization\",\"name\":\"Universidad de las Artes\",\"url\":\"https:\\\/\\\/www.uartes.edu.ec\\\/sitio\\\/fr\\\/\",\"logo\":{\"@type\":\"ImageObject\",\"inLanguage\":\"fr-FR\",\"@id\":\"https:\\\/\\\/www.uartes.edu.ec\\\/sitio\\\/fr\\\/#\\\/schema\\\/logo\\\/image\\\/\",\"url\":\"https:\\\/\\\/www.uartes.edu.ec\\\/sitio\\\/wp-content\\\/uploads\\\/2022\\\/07\\\/logo-ua-horizontal.png\",\"contentUrl\":\"https:\\\/\\\/www.uartes.edu.ec\\\/sitio\\\/wp-content\\\/uploads\\\/2022\\\/07\\\/logo-ua-horizontal.png\",\"width\":800,\"height\":276,\"caption\":\"Universidad de las Artes\"},\"image\":{\"@id\":\"https:\\\/\\\/www.uartes.edu.ec\\\/sitio\\\/fr\\\/#\\\/schema\\\/logo\\\/image\\\/\"},\"sameAs\":[\"https:\\\/\\\/www.facebook.com\\\/uartesec\",\"https:\\\/\\\/x.com\\\/uartesec\",\"https:\\\/\\\/www.tiktok.com\\\/@uartesec\"]},{\"@type\":\"Person\",\"@id\":\"https:\\\/\\\/www.uartes.edu.ec\\\/sitio\\\/fr\\\/#\\\/schema\\\/person\\\/efa1b8275797664fd7f13a79ccc0b1f4\",\"name\":\"ccortez\",\"image\":{\"@type\":\"ImageObject\",\"inLanguage\":\"fr-FR\",\"@id\":\"https:\\\/\\\/secure.gravatar.com\\\/avatar\\\/b2a6f664a3ae8e074346ef91775736c5ec479e637ecced6842de9dc98b5da9cd?s=96&d=mm&r=g\",\"url\":\"https:\\\/\\\/secure.gravatar.com\\\/avatar\\\/b2a6f664a3ae8e074346ef91775736c5ec479e637ecced6842de9dc98b5da9cd?s=96&d=mm&r=g\",\"contentUrl\":\"https:\\\/\\\/secure.gravatar.com\\\/avatar\\\/b2a6f664a3ae8e074346ef91775736c5ec479e637ecced6842de9dc98b5da9cd?s=96&d=mm&r=g\",\"caption\":\"ccortez\"},\"url\":\"https:\\\/\\\/www.uartes.edu.ec\\\/sitio\\\/fr\\\/blog\\\/author\\\/ccortez\\\/\"}]}<\/script>\n<!-- \/ Yoast SEO plugin. -->","yoast_head_json":{"title":"Universidad de las Artes - \u201cFuera de Juego\u201d, miniserie web del alumnus William Anthony Loor tuvo su preestreno en el Cine del MZ14 UArtes","description":"Universidad de las Artes - \u201cFuera de Juego\u201d, miniserie web del alumnus William Anthony Loor tuvo su preestreno en el Cine del MZ14 UArtes","robots":{"index":"index","follow":"follow","max-snippet":"max-snippet:-1","max-image-preview":"max-image-preview:large","max-video-preview":"max-video-preview:-1"},"canonical":"https:\/\/www.uartes.edu.ec\/sitio\/fr\/blog\/2026\/02\/23\/fuera-de-juego-miniserie-web-del-alumnus-william-anthony-loor-tuvo-su-preestreno-en-el-cine-del-mz14-uartes\/","og_locale":"fr_FR","og_type":"article","og_title":"Universidad de las Artes - \u201cFuera de Juego\u201d, miniserie web del alumnus William Anthony Loor tuvo su preestreno en el Cine del MZ14 UArtes","og_description":"Universidad de las Artes - \u201cFuera de Juego\u201d, miniserie web del alumnus William Anthony Loor tuvo su preestreno en el Cine del MZ14 UArtes","og_url":"https:\/\/www.uartes.edu.ec\/sitio\/fr\/blog\/2026\/02\/23\/fuera-de-juego-miniserie-web-del-alumnus-william-anthony-loor-tuvo-su-preestreno-en-el-cine-del-mz14-uartes\/","og_site_name":"Universidad de las Artes","article_publisher":"https:\/\/www.facebook.com\/uartesec","article_published_time":"2026-02-23T20:47:00+00:00","article_modified_time":"2026-03-11T16:08:58+00:00","og_image":[{"width":2000,"height":1333,"url":"https:\/\/www.uartes.edu.ec\/sitio\/wp-content\/uploads\/2026\/03\/Proyecto-Cambiar-tamano-de-imagen-2026-02-23T145942.992.jpeg","type":"image\/jpeg"}],"author":"ccortez","twitter_card":"summary_large_image","twitter_creator":"@uartesec","twitter_site":"@uartesec","twitter_misc":{"\u00c9crit par":"ccortez","Dur\u00e9e de lecture estim\u00e9e":"2 minutes"},"schema":{"@context":"https:\/\/schema.org","@graph":[{"@type":"Article","@id":"https:\/\/www.uartes.edu.ec\/sitio\/fr\/blog\/2026\/02\/23\/fuera-de-juego-miniserie-web-del-alumnus-william-anthony-loor-tuvo-su-preestreno-en-el-cine-del-mz14-uartes\/#article","isPartOf":{"@id":"https:\/\/www.uartes.edu.ec\/sitio\/fr\/blog\/2026\/02\/23\/fuera-de-juego-miniserie-web-del-alumnus-william-anthony-loor-tuvo-su-preestreno-en-el-cine-del-mz14-uartes\/"},"author":{"name":"ccortez","@id":"https:\/\/www.uartes.edu.ec\/sitio\/fr\/#\/schema\/person\/efa1b8275797664fd7f13a79ccc0b1f4"},"headline":"\u201cFuera de Juego\u201d, miniserie web del alumnus William Anthony Loor tuvo su preestreno en el Cine del MZ14 UArtes","datePublished":"2026-02-23T20:47:00+00:00","dateModified":"2026-03-11T16:08:58+00:00","mainEntityOfPage":{"@id":"https:\/\/www.uartes.edu.ec\/sitio\/fr\/blog\/2026\/02\/23\/fuera-de-juego-miniserie-web-del-alumnus-william-anthony-loor-tuvo-su-preestreno-en-el-cine-del-mz14-uartes\/"},"wordCount":509,"commentCount":0,"publisher":{"@id":"https:\/\/www.uartes.edu.ec\/sitio\/fr\/#organization"},"image":{"@id":"https:\/\/www.uartes.edu.ec\/sitio\/fr\/blog\/2026\/02\/23\/fuera-de-juego-miniserie-web-del-alumnus-william-anthony-loor-tuvo-su-preestreno-en-el-cine-del-mz14-uartes\/#primaryimage"},"thumbnailUrl":"https:\/\/www.uartes.edu.ec\/sitio\/wp-content\/uploads\/2026\/03\/Proyecto-Cambiar-tamano-de-imagen-2026-02-23T145942.992.jpeg","keywords":["producci\u00f3n"],"articleSection":["Acad\u00e9mico","Alumni","Artes","Cine"],"inLanguage":"fr-FR","potentialAction":[{"@type":"CommentAction","name":"Comment","target":["https:\/\/www.uartes.edu.ec\/sitio\/fr\/blog\/2026\/02\/23\/fuera-de-juego-miniserie-web-del-alumnus-william-anthony-loor-tuvo-su-preestreno-en-el-cine-del-mz14-uartes\/#respond"]}]},{"@type":["WebPage","ItemPage"],"@id":"https:\/\/www.uartes.edu.ec\/sitio\/fr\/blog\/2026\/02\/23\/fuera-de-juego-miniserie-web-del-alumnus-william-anthony-loor-tuvo-su-preestreno-en-el-cine-del-mz14-uartes\/","url":"https:\/\/www.uartes.edu.ec\/sitio\/fr\/blog\/2026\/02\/23\/fuera-de-juego-miniserie-web-del-alumnus-william-anthony-loor-tuvo-su-preestreno-en-el-cine-del-mz14-uartes\/","name":"Universidad de las Artes - \u201cFuera de Juego\u201d, miniserie web del alumnus William Anthony Loor tuvo su preestreno en el Cine del MZ14 UArtes","isPartOf":{"@id":"https:\/\/www.uartes.edu.ec\/sitio\/fr\/#website"},"primaryImageOfPage":{"@id":"https:\/\/www.uartes.edu.ec\/sitio\/fr\/blog\/2026\/02\/23\/fuera-de-juego-miniserie-web-del-alumnus-william-anthony-loor-tuvo-su-preestreno-en-el-cine-del-mz14-uartes\/#primaryimage"},"image":{"@id":"https:\/\/www.uartes.edu.ec\/sitio\/fr\/blog\/2026\/02\/23\/fuera-de-juego-miniserie-web-del-alumnus-william-anthony-loor-tuvo-su-preestreno-en-el-cine-del-mz14-uartes\/#primaryimage"},"thumbnailUrl":"https:\/\/www.uartes.edu.ec\/sitio\/wp-content\/uploads\/2026\/03\/Proyecto-Cambiar-tamano-de-imagen-2026-02-23T145942.992.jpeg","datePublished":"2026-02-23T20:47:00+00:00","dateModified":"2026-03-11T16:08:58+00:00","description":"Universidad de las Artes - \u201cFuera de Juego\u201d, miniserie web del alumnus William Anthony Loor tuvo su preestreno en el Cine del MZ14 UArtes","breadcrumb":{"@id":"https:\/\/www.uartes.edu.ec\/sitio\/fr\/blog\/2026\/02\/23\/fuera-de-juego-miniserie-web-del-alumnus-william-anthony-loor-tuvo-su-preestreno-en-el-cine-del-mz14-uartes\/#breadcrumb"},"inLanguage":"fr-FR","potentialAction":[{"@type":"ReadAction","target":["https:\/\/www.uartes.edu.ec\/sitio\/fr\/blog\/2026\/02\/23\/fuera-de-juego-miniserie-web-del-alumnus-william-anthony-loor-tuvo-su-preestreno-en-el-cine-del-mz14-uartes\/"]}]},{"@type":"ImageObject","inLanguage":"fr-FR","@id":"https:\/\/www.uartes.edu.ec\/sitio\/fr\/blog\/2026\/02\/23\/fuera-de-juego-miniserie-web-del-alumnus-william-anthony-loor-tuvo-su-preestreno-en-el-cine-del-mz14-uartes\/#primaryimage","url":"https:\/\/www.uartes.edu.ec\/sitio\/wp-content\/uploads\/2026\/03\/Proyecto-Cambiar-tamano-de-imagen-2026-02-23T145942.992.jpeg","contentUrl":"https:\/\/www.uartes.edu.ec\/sitio\/wp-content\/uploads\/2026\/03\/Proyecto-Cambiar-tamano-de-imagen-2026-02-23T145942.992.jpeg","width":2000,"height":1333},{"@type":"BreadcrumbList","@id":"https:\/\/www.uartes.edu.ec\/sitio\/fr\/blog\/2026\/02\/23\/fuera-de-juego-miniserie-web-del-alumnus-william-anthony-loor-tuvo-su-preestreno-en-el-cine-del-mz14-uartes\/#breadcrumb","itemListElement":[{"@type":"ListItem","position":1,"name":"Inicio","item":"https:\/\/www.uartes.edu.ec\/sitio\/"},{"@type":"ListItem","position":2,"name":"\u201cFuera de Juego\u201d, miniserie web del alumnus William Anthony Loor tuvo su preestreno en el Cine del MZ14 UArtes"}]},{"@type":"WebSite","@id":"https:\/\/www.uartes.edu.ec\/sitio\/fr\/#website","url":"https:\/\/www.uartes.edu.ec\/sitio\/fr\/","name":"Universidad de las Artes","description":"Sitio oficial de la Universidad Nacional de las Artes del Ecuador","publisher":{"@id":"https:\/\/www.uartes.edu.ec\/sitio\/fr\/#organization"},"potentialAction":[{"@type":"SearchAction","target":{"@type":"EntryPoint","urlTemplate":"https:\/\/www.uartes.edu.ec\/sitio\/fr\/?s={search_term_string}"},"query-input":{"@type":"PropertyValueSpecification","valueRequired":true,"valueName":"search_term_string"}}],"inLanguage":"fr-FR"},{"@type":"Organization","@id":"https:\/\/www.uartes.edu.ec\/sitio\/fr\/#organization","name":"Universidad de las Artes","url":"https:\/\/www.uartes.edu.ec\/sitio\/fr\/","logo":{"@type":"ImageObject","inLanguage":"fr-FR","@id":"https:\/\/www.uartes.edu.ec\/sitio\/fr\/#\/schema\/logo\/image\/","url":"https:\/\/www.uartes.edu.ec\/sitio\/wp-content\/uploads\/2022\/07\/logo-ua-horizontal.png","contentUrl":"https:\/\/www.uartes.edu.ec\/sitio\/wp-content\/uploads\/2022\/07\/logo-ua-horizontal.png","width":800,"height":276,"caption":"Universidad de las Artes"},"image":{"@id":"https:\/\/www.uartes.edu.ec\/sitio\/fr\/#\/schema\/logo\/image\/"},"sameAs":["https:\/\/www.facebook.com\/uartesec","https:\/\/x.com\/uartesec","https:\/\/www.tiktok.com\/@uartesec"]},{"@type":"Person","@id":"https:\/\/www.uartes.edu.ec\/sitio\/fr\/#\/schema\/person\/efa1b8275797664fd7f13a79ccc0b1f4","name":"ccortez","image":{"@type":"ImageObject","inLanguage":"fr-FR","@id":"https:\/\/secure.gravatar.com\/avatar\/b2a6f664a3ae8e074346ef91775736c5ec479e637ecced6842de9dc98b5da9cd?s=96&d=mm&r=g","url":"https:\/\/secure.gravatar.com\/avatar\/b2a6f664a3ae8e074346ef91775736c5ec479e637ecced6842de9dc98b5da9cd?s=96&d=mm&r=g","contentUrl":"https:\/\/secure.gravatar.com\/avatar\/b2a6f664a3ae8e074346ef91775736c5ec479e637ecced6842de9dc98b5da9cd?s=96&d=mm&r=g","caption":"ccortez"},"url":"https:\/\/www.uartes.edu.ec\/sitio\/fr\/blog\/author\/ccortez\/"}]}},"uagb_featured_image_src":{"full":["https:\/\/www.uartes.edu.ec\/sitio\/wp-content\/uploads\/2026\/03\/Proyecto-Cambiar-tamano-de-imagen-2026-02-23T145942.992.jpeg",2000,1333,false],"thumbnail":["https:\/\/www.uartes.edu.ec\/sitio\/wp-content\/uploads\/2026\/03\/Proyecto-Cambiar-tamano-de-imagen-2026-02-23T145942.992-150x150.jpeg",150,150,true],"medium":["https:\/\/www.uartes.edu.ec\/sitio\/wp-content\/uploads\/2026\/03\/Proyecto-Cambiar-tamano-de-imagen-2026-02-23T145942.992-300x200.jpeg",300,200,true],"medium_large":["https:\/\/www.uartes.edu.ec\/sitio\/wp-content\/uploads\/2026\/03\/Proyecto-Cambiar-tamano-de-imagen-2026-02-23T145942.992-768x512.jpeg",768,512,true],"large":["https:\/\/www.uartes.edu.ec\/sitio\/wp-content\/uploads\/2026\/03\/Proyecto-Cambiar-tamano-de-imagen-2026-02-23T145942.992-644x429.jpeg",644,429,true],"1536x1536":["https:\/\/www.uartes.edu.ec\/sitio\/wp-content\/uploads\/2026\/03\/Proyecto-Cambiar-tamano-de-imagen-2026-02-23T145942.992-1536x1024.jpeg",1536,1024,true],"2048x2048":["https:\/\/www.uartes.edu.ec\/sitio\/wp-content\/uploads\/2026\/03\/Proyecto-Cambiar-tamano-de-imagen-2026-02-23T145942.992.jpeg",2000,1333,false],"trp-custom-language-flag":["https:\/\/www.uartes.edu.ec\/sitio\/wp-content\/uploads\/2026\/03\/Proyecto-Cambiar-tamano-de-imagen-2026-02-23T145942.992-18x12.jpeg",18,12,true],"htmega_size_585x295":["https:\/\/www.uartes.edu.ec\/sitio\/wp-content\/uploads\/2026\/03\/Proyecto-Cambiar-tamano-de-imagen-2026-02-23T145942.992-585x295.jpeg",585,295,true],"htmega_size_1170x536":["https:\/\/www.uartes.edu.ec\/sitio\/wp-content\/uploads\/2026\/03\/Proyecto-Cambiar-tamano-de-imagen-2026-02-23T145942.992-1170x536.jpeg",1170,536,true],"htmega_size_396x360":["https:\/\/www.uartes.edu.ec\/sitio\/wp-content\/uploads\/2026\/03\/Proyecto-Cambiar-tamano-de-imagen-2026-02-23T145942.992-396x360.jpeg",396,360,true],"gb-block-post-grid-landscape":["https:\/\/www.uartes.edu.ec\/sitio\/wp-content\/uploads\/2026\/03\/Proyecto-Cambiar-tamano-de-imagen-2026-02-23T145942.992-600x400.jpeg",600,400,true],"gb-block-post-grid-square":["https:\/\/www.uartes.edu.ec\/sitio\/wp-content\/uploads\/2026\/03\/Proyecto-Cambiar-tamano-de-imagen-2026-02-23T145942.992-600x600.jpeg",600,600,true],"university-hub-thumb":["https:\/\/www.uartes.edu.ec\/sitio\/wp-content\/uploads\/2026\/03\/Proyecto-Cambiar-tamano-de-imagen-2026-02-23T145942.992-400x267.jpeg",400,267,true]},"uagb_author_info":{"display_name":"ccortez","author_link":"https:\/\/www.uartes.edu.ec\/sitio\/fr\/blog\/author\/ccortez\/"},"uagb_comment_info":0,"uagb_excerpt":"Dirigida por William Anthony Loor, alumnus UArtes, en la Sala de Cine del MZ14 se present\u00f3 en preestreno la miniserie ecuatoriana independiente y de ficci\u00f3n \u201cFuera de Juego\u201d, cuyo estreno digital ser\u00e1 este 26 de febrero en su canal de YouTube. En formato webserie y, hasta el momento, con seis episodios, este drama explora la\u2026","featured_image_src":"https:\/\/www.uartes.edu.ec\/sitio\/wp-content\/uploads\/2026\/03\/Proyecto-Cambiar-tamano-de-imagen-2026-02-23T145942.992-600x400.jpeg","featured_image_src_square":"https:\/\/www.uartes.edu.ec\/sitio\/wp-content\/uploads\/2026\/03\/Proyecto-Cambiar-tamano-de-imagen-2026-02-23T145942.992-600x600.jpeg","author_info":{"display_name":"ccortez","author_link":"https:\/\/www.uartes.edu.ec\/sitio\/fr\/blog\/author\/ccortez\/"},"publishpress_future_workflow_manual_trigger":{"enabledWorkflows":[]},"distributor_meta":false,"distributor_terms":false,"distributor_media":false,"distributor_original_site_name":"Universidad de las Artes","distributor_original_site_url":"https:\/\/www.uartes.edu.ec\/sitio\/fr","push-errors":false,"_links":{"self":[{"href":"https:\/\/www.uartes.edu.ec\/sitio\/fr\/wp-json\/wp\/v2\/posts\/87519","targetHints":{"allow":["GET"]}}],"collection":[{"href":"https:\/\/www.uartes.edu.ec\/sitio\/fr\/wp-json\/wp\/v2\/posts"}],"about":[{"href":"https:\/\/www.uartes.edu.ec\/sitio\/fr\/wp-json\/wp\/v2\/types\/post"}],"author":[{"embeddable":true,"href":"https:\/\/www.uartes.edu.ec\/sitio\/fr\/wp-json\/wp\/v2\/users\/10"}],"replies":[{"embeddable":true,"href":"https:\/\/www.uartes.edu.ec\/sitio\/fr\/wp-json\/wp\/v2\/comments?post=87519"}],"version-history":[{"count":4,"href":"https:\/\/www.uartes.edu.ec\/sitio\/fr\/wp-json\/wp\/v2\/posts\/87519\/revisions"}],"predecessor-version":[{"id":87545,"href":"https:\/\/www.uartes.edu.ec\/sitio\/fr\/wp-json\/wp\/v2\/posts\/87519\/revisions\/87545"}],"wp:featuredmedia":[{"embeddable":true,"href":"https:\/\/www.uartes.edu.ec\/sitio\/fr\/wp-json\/wp\/v2\/media\/87523"}],"wp:attachment":[{"href":"https:\/\/www.uartes.edu.ec\/sitio\/fr\/wp-json\/wp\/v2\/media?parent=87519"}],"wp:term":[{"taxonomy":"category","embeddable":true,"href":"https:\/\/www.uartes.edu.ec\/sitio\/fr\/wp-json\/wp\/v2\/categories?post=87519"},{"taxonomy":"post_tag","embeddable":true,"href":"https:\/\/www.uartes.edu.ec\/sitio\/fr\/wp-json\/wp\/v2\/tags?post=87519"},{"taxonomy":"infouartes","embeddable":true,"href":"https:\/\/www.uartes.edu.ec\/sitio\/fr\/wp-json\/wp\/v2\/infouartes?post=87519"}],"curies":[{"name":"wp","href":"https:\/\/api.w.org\/{rel}","templated":true}]}}