{"id":87549,"date":"2026-02-27T20:15:00","date_gmt":"2026-02-28T01:15:00","guid":{"rendered":"https:\/\/www.uartes.edu.ec\/sitio\/?p=87549"},"modified":"2026-03-11T17:17:24","modified_gmt":"2026-03-11T22:17:24","slug":"en-la-recta-final-de-sus-carreras-con-las-sustentaciones-de-tesis","status":"publish","type":"post","link":"https:\/\/www.uartes.edu.ec\/sitio\/fr\/blog\/2026\/02\/27\/en-la-recta-final-de-sus-carreras-con-las-sustentaciones-de-tesis\/","title":{"rendered":"En la recta final de sus carreras con las sustentaciones de sus proyectos de tesis"},"content":{"rendered":"<p>Kiersten Jungbluth Pienknagura, de la Escuela de Literatura, fue la primera estudiante en sustentar su proyecto de titulaci\u00f3n en el presente periodo de defensas que lleva adelante la Universidad de las Artes. La hoy egresada se present\u00f3 ante el comit\u00e9 de tesis el pasado 10 de febrero; lo hizo con la investigaci\u00f3n \u201cEl vac\u00edo como representaci\u00f3n de la paternidad en dos novelas de Alejandro Zambra\u201d.<\/p>\n\n\n\n<p>En este mes que pr\u00e1cticamente culmina tambi\u00e9n rindieron sus defensas: Guillermo Argudo Montenegro, el proyecto \u201cPensamiento M\u00e1gico y Madera: gu\u00eda para el dise\u00f1o y uso de la madera en escena\u201d; y Daniela Paola Ruiz Rivas, con \u201cExperiencias del Respirar: Laboratorio para activar la conciencia respiratoria en actores y actrices en formaci\u00f3n\u201d. Ambos estudiantes de la carrera de Creaci\u00f3n Teatral, se presentaron el 13 de febrero.<\/p>\n\n\n\n<p>El 18 lo hicieron los alumnos de Producci\u00f3n Musical y Sonora: Hermes Argudo Montenegro, con \u201cEcos de Leyendas\u201d; N\u00e9stor Morocho Jim\u00e9nez, con el tema \u201cDe m\u00ed\u201d; Ariel Orbe Echeverr\u00eda, con \u201cLo que suena en las venas\u201d; Jes\u00fas Su\u00e1rez Urgil\u00e9s, con \u201cDivagaci\u00f3n\u201d, EP basado en g\u00e9neros musicales como bossa nova, balada pop, synth pop y samba; y Juan Subia Garc\u00eda, con un <em>Extended Play<\/em> de pop contempor\u00e1neo con influencias del R&amp;B alternativo estadounidense.<\/p>\n\n\n<div class=\"wp-block-image\">\n<figure class=\"aligncenter size-large\"><img fetchpriority=\"high\" decoding=\"async\" width=\"644\" height=\"429\" src=\"https:\/\/www.uartes.edu.ec\/sitio\/wp-content\/uploads\/2026\/02\/01-Defensa-Tesis-644x429.jpg\" alt=\"\" class=\"wp-image-87552\" srcset=\"https:\/\/www.uartes.edu.ec\/sitio\/wp-content\/uploads\/2026\/02\/01-Defensa-Tesis-644x429.jpg 644w, https:\/\/www.uartes.edu.ec\/sitio\/wp-content\/uploads\/2026\/02\/01-Defensa-Tesis-300x200.jpg 300w, https:\/\/www.uartes.edu.ec\/sitio\/wp-content\/uploads\/2026\/02\/01-Defensa-Tesis-768x512.jpg 768w, https:\/\/www.uartes.edu.ec\/sitio\/wp-content\/uploads\/2026\/02\/01-Defensa-Tesis-1536x1024.jpg 1536w, https:\/\/www.uartes.edu.ec\/sitio\/wp-content\/uploads\/2026\/02\/01-Defensa-Tesis-18x12.jpg 18w, https:\/\/www.uartes.edu.ec\/sitio\/wp-content\/uploads\/2026\/02\/01-Defensa-Tesis-600x400.jpg 600w, https:\/\/www.uartes.edu.ec\/sitio\/wp-content\/uploads\/2026\/02\/01-Defensa-Tesis-400x267.jpg 400w, https:\/\/www.uartes.edu.ec\/sitio\/wp-content\/uploads\/2026\/02\/01-Defensa-Tesis.jpg 2000w\" sizes=\"(max-width: 644px) 100vw, 644px\" \/><\/figure>\n<\/div>\n\n<div class=\"wp-block-image\">\n<figure class=\"aligncenter size-large is-resized\"><img decoding=\"async\" width=\"644\" height=\"429\" src=\"https:\/\/www.uartes.edu.ec\/sitio\/wp-content\/uploads\/2026\/02\/Proyecto-Cambiar-tamano-de-imagen-2026-03-11T152516.538-644x429.jpeg\" alt=\"\" class=\"wp-image-87561\" style=\"aspect-ratio:1.5011837552358405;width:497px;height:auto\" srcset=\"https:\/\/www.uartes.edu.ec\/sitio\/wp-content\/uploads\/2026\/02\/Proyecto-Cambiar-tamano-de-imagen-2026-03-11T152516.538-644x429.jpeg 644w, https:\/\/www.uartes.edu.ec\/sitio\/wp-content\/uploads\/2026\/02\/Proyecto-Cambiar-tamano-de-imagen-2026-03-11T152516.538-300x200.jpeg 300w, https:\/\/www.uartes.edu.ec\/sitio\/wp-content\/uploads\/2026\/02\/Proyecto-Cambiar-tamano-de-imagen-2026-03-11T152516.538-768x512.jpeg 768w, https:\/\/www.uartes.edu.ec\/sitio\/wp-content\/uploads\/2026\/02\/Proyecto-Cambiar-tamano-de-imagen-2026-03-11T152516.538-1536x1024.jpeg 1536w, https:\/\/www.uartes.edu.ec\/sitio\/wp-content\/uploads\/2026\/02\/Proyecto-Cambiar-tamano-de-imagen-2026-03-11T152516.538-18x12.jpeg 18w, https:\/\/www.uartes.edu.ec\/sitio\/wp-content\/uploads\/2026\/02\/Proyecto-Cambiar-tamano-de-imagen-2026-03-11T152516.538-600x400.jpeg 600w, https:\/\/www.uartes.edu.ec\/sitio\/wp-content\/uploads\/2026\/02\/Proyecto-Cambiar-tamano-de-imagen-2026-03-11T152516.538-400x267.jpeg 400w, https:\/\/www.uartes.edu.ec\/sitio\/wp-content\/uploads\/2026\/02\/Proyecto-Cambiar-tamano-de-imagen-2026-03-11T152516.538.jpeg 2000w\" sizes=\"(max-width: 644px) 100vw, 644px\" \/><\/figure>\n<\/div>\n\n\n<p>Tambi\u00e9n de Producci\u00f3n Musical y Sonora, el 19 de febrero sustentaron: Ricardo Ben\u00edtez Ramos, sobre el EP Conceptuall \u201cDynamo\u201d, cuya narrativa se basa en el proceso de la depresi\u00f3n: Steven Le\u00f3n Pab\u00f3n, un EP de m\u00fasica fusi\u00f3n entre m\u00fasica urbana &amp; hyperpop (<em>backscatter<\/em>); Elizabeth Mazzini Chila, el minidocumental \u201cAVE\u201d; y Ver\u00f3nica P\u00e9rez Sibada, un EP de arte sonoro, utilizando partituras gr\u00e1ficas como herramienta de composici\u00f3n.<\/p>\n\n\n\n<p>De Danza: Aar\u00f3n Camacho Salazar, la \u201cConstrucci\u00f3n de Atm\u00f3sferas Energ\u00e9ticas, a partir de los recursos expresivos del bailar\u00edn y la relaci\u00f3n int\u00e9rprete\u2013espectador\u201d. De Creaci\u00f3n Teatral, Dana Rosado V\u00e1squez, el \u201cMaquillaje creador\u201d. Y de Artes Visuales, Mar\u00eda Cede\u00f1o Le\u00f3n, el tema \u201cEvocaci\u00f3n de la ausencia\u201d.<\/p>\n\n\n\n<p>Igualmente, de la Escuela de Artes Sonoras, el 20 de febrero sustentaron: Azalea Carrera Fajardo sobre la producci\u00f3n del EP Conceptual \u201cDesde adentro\u201d, basado en los g\u00e9neros musicales huayno, bolero, guajira y zamba argentina; Jona Cede\u00f1o Palacios, \u201cLa est\u00e9tica indie y su influencia en la producci\u00f3n musical de la escena ecuatoriana\u201d; y Juliette Su\u00e1rez Bone, \u201cSon Sure\u00f1o\u201d, un EP colaborativo de pop latino con ra\u00edces afroecuatorianas.<\/p>\n\n\n<div class=\"wp-block-image\">\n<figure class=\"aligncenter size-large\"><img decoding=\"async\" width=\"644\" height=\"429\" src=\"https:\/\/www.uartes.edu.ec\/sitio\/wp-content\/uploads\/2026\/02\/04-Defensa-Tesis-644x429.jpg\" alt=\"\" class=\"wp-image-87553\" srcset=\"https:\/\/www.uartes.edu.ec\/sitio\/wp-content\/uploads\/2026\/02\/04-Defensa-Tesis-644x429.jpg 644w, https:\/\/www.uartes.edu.ec\/sitio\/wp-content\/uploads\/2026\/02\/04-Defensa-Tesis-300x200.jpg 300w, https:\/\/www.uartes.edu.ec\/sitio\/wp-content\/uploads\/2026\/02\/04-Defensa-Tesis-768x512.jpg 768w, https:\/\/www.uartes.edu.ec\/sitio\/wp-content\/uploads\/2026\/02\/04-Defensa-Tesis-1536x1024.jpg 1536w, https:\/\/www.uartes.edu.ec\/sitio\/wp-content\/uploads\/2026\/02\/04-Defensa-Tesis-18x12.jpg 18w, https:\/\/www.uartes.edu.ec\/sitio\/wp-content\/uploads\/2026\/02\/04-Defensa-Tesis-600x400.jpg 600w, https:\/\/www.uartes.edu.ec\/sitio\/wp-content\/uploads\/2026\/02\/04-Defensa-Tesis-400x267.jpg 400w, https:\/\/www.uartes.edu.ec\/sitio\/wp-content\/uploads\/2026\/02\/04-Defensa-Tesis.jpg 2000w\" sizes=\"(max-width: 644px) 100vw, 644px\" \/><\/figure>\n<\/div>\n\n<div class=\"wp-block-image\">\n<figure class=\"aligncenter size-large is-resized\"><img loading=\"lazy\" decoding=\"async\" width=\"644\" height=\"429\" src=\"https:\/\/www.uartes.edu.ec\/sitio\/wp-content\/uploads\/2026\/02\/08-Defensa-Tesis-1-644x429.jpg\" alt=\"\" class=\"wp-image-87562\" style=\"aspect-ratio:1.5011837552358405;width:584px;height:auto\" srcset=\"https:\/\/www.uartes.edu.ec\/sitio\/wp-content\/uploads\/2026\/02\/08-Defensa-Tesis-1-644x429.jpg 644w, https:\/\/www.uartes.edu.ec\/sitio\/wp-content\/uploads\/2026\/02\/08-Defensa-Tesis-1-300x200.jpg 300w, https:\/\/www.uartes.edu.ec\/sitio\/wp-content\/uploads\/2026\/02\/08-Defensa-Tesis-1-768x512.jpg 768w, https:\/\/www.uartes.edu.ec\/sitio\/wp-content\/uploads\/2026\/02\/08-Defensa-Tesis-1-1536x1024.jpg 1536w, https:\/\/www.uartes.edu.ec\/sitio\/wp-content\/uploads\/2026\/02\/08-Defensa-Tesis-1-18x12.jpg 18w, https:\/\/www.uartes.edu.ec\/sitio\/wp-content\/uploads\/2026\/02\/08-Defensa-Tesis-1-600x400.jpg 600w, https:\/\/www.uartes.edu.ec\/sitio\/wp-content\/uploads\/2026\/02\/08-Defensa-Tesis-1-400x267.jpg 400w, https:\/\/www.uartes.edu.ec\/sitio\/wp-content\/uploads\/2026\/02\/08-Defensa-Tesis-1.jpg 2000w\" sizes=\"(max-width: 644px) 100vw, 644px\" \/><\/figure>\n<\/div>\n\n\n<p>El mismo 20 de febrero, defendieron sus tesis las estudiantes de Danza Edith Vargas Heredia, \u201cEntre pasos y huellas: la fauna galapague\u00f1a como generadora de experiencias esc\u00e9nico-corporales\u201d; y Noem\u00ed Villena Gilbert, \u201cSusurros: fotograf\u00edas y espacio-casa como evocadores de memoria para la construcci\u00f3n de partituras\u201d. De Creaci\u00f3n Teatral:Salome Le\u00f3n, \u201cHacia una dramaturgia experimental coral lesbofeminista ecuatoriana\u201d. Y de Artes Visuales, Andrea Ch\u00e1vez Zambrano, la muestra \u201cAgnus Dai\u201d.<\/p>\n\n\n\n<p>El 23 de febrero, de Cine y Literatura sustentaron tesis: de la Escuela de Literatura, Valeria Navarro Verdezoto, \u201cDisonancias a la orilla del Manso\u201d; y de Cine, Alberto Lincango Navarro, \u201cEl cine como medio para denunciar la problem\u00e1tica social de la trata infantil en el Ecuador mediante el cortometraje: \u2018Ya no hay monstruos en el armario\u2019\u201d.<\/p>\n\n\n\n<p>El 24 de febrero, los alumnos de Literatura: Micaela Ch\u00e1vez Ron, \u201cLo que sobrevive o un \u00e1rbol que cae\u201d, un poemario sobre el desarraigo y la insistencia de la vida; y Katty Hern\u00e1ndez Benavides, \u201cInfancia fracturada y escritura autobiogr\u00e1fica: creaci\u00f3n de la novela epistolar \u2018memoria de un cuerpo cansado\u2019\u201d. De Cine, Briggitte Lara T\u00e1bara, \u201cSilencios que hablan\u201d; y de Artes Visuales, Damaris Vite Chumbe, \u201cEstructuras Afectuales: Intertextualidad y disonancia en las vivencias afectivas\u201d.<\/p>\n\n\n<div class=\"wp-block-image\">\n<figure class=\"aligncenter size-large\"><img loading=\"lazy\" decoding=\"async\" width=\"644\" height=\"429\" src=\"https:\/\/www.uartes.edu.ec\/sitio\/wp-content\/uploads\/2026\/02\/05-Defensa-Tesis-644x429.jpg\" alt=\"\" class=\"wp-image-87554\" srcset=\"https:\/\/www.uartes.edu.ec\/sitio\/wp-content\/uploads\/2026\/02\/05-Defensa-Tesis-644x429.jpg 644w, https:\/\/www.uartes.edu.ec\/sitio\/wp-content\/uploads\/2026\/02\/05-Defensa-Tesis-300x200.jpg 300w, https:\/\/www.uartes.edu.ec\/sitio\/wp-content\/uploads\/2026\/02\/05-Defensa-Tesis-768x512.jpg 768w, https:\/\/www.uartes.edu.ec\/sitio\/wp-content\/uploads\/2026\/02\/05-Defensa-Tesis-1536x1024.jpg 1536w, https:\/\/www.uartes.edu.ec\/sitio\/wp-content\/uploads\/2026\/02\/05-Defensa-Tesis-18x12.jpg 18w, https:\/\/www.uartes.edu.ec\/sitio\/wp-content\/uploads\/2026\/02\/05-Defensa-Tesis-600x400.jpg 600w, https:\/\/www.uartes.edu.ec\/sitio\/wp-content\/uploads\/2026\/02\/05-Defensa-Tesis-400x267.jpg 400w, https:\/\/www.uartes.edu.ec\/sitio\/wp-content\/uploads\/2026\/02\/05-Defensa-Tesis.jpg 2000w\" sizes=\"(max-width: 644px) 100vw, 644px\" \/><\/figure>\n<\/div>\n\n\n<p>El 25 de febrero, Anthony Andrade V\u00e9lez, de Literatura, defendi\u00f3 el tema de su tesis \u201cDiez variaciones narrativas sobre la crisis ecol\u00f3gica en la contemporaneidad\u201d. De la misma carrera sustentaron: Kelly Jara Murillo, \u201cLa noche que el barrio despert\u00f3\u201d; y Angeline Jim\u00e9nez Zurita, \u201cAnimi\u201d, novela breve de memoria familiar e historia. De Artes Visuales, Joselyn \u00c1lvarez Holgu\u00edn, \u201cEntrelazando Esencias\u201d; y Michael Berrones Merchan<strong>, <\/strong>\u201cLo que el fuego no quema\u201d.<\/p>\n\n\n\n<p>De Artes Musicales y Sonoras, Carlos Pullaguari Belduma, \u201cCanta requinto canta: la m\u00fasica nacional como m\u00fasica de concierto\u201d; Irene Rodr\u00edguez Pinela, composici\u00f3n musical para tres poemas del escritor y poeta ecuatoriano Medardo \u00c1ngel Silva, con aplicaci\u00f3n de recursos compositivos utilizados por Kristen Anderson-L\u00f3pez y Robert L\u00f3pez en la banda sonora de la pel\u00edcula \u201cFrozen 2\u201d; y Luiggi Vera Flores, el relato musical \u00abKawsay Pacha: Reescrituras del tiempo\u201d.<\/p>\n\n\n\n<p>Ayer, 26 de febrero, expusieron sus tesis: de la Escuela de Literatura, Gabriel Delgado Almeida, \u201cNatalia: narrativaci\u00f3n literaria y material de la memoria, archivo y territorio\u201d; Giuliana Orellana Medina, \u201cEl coraz\u00f3n de la huaca\u201d, breve novela fundacional; y Carlos Ter\u00e1n Reyes, \u201cCrimson-Shell V2: una propuesta art\u00edstica de apropiaci\u00f3n de la obra de Jun Mochizuki\u201d. De Artes Visuales, Nicole Olvera Montalv\u00e1n, \u201cLa bruit de la m\u00e9lancolie\u201d; Samantha Ortiz Morales, \u201cJuegos dom\u00e9sticos: ensayo de una casa\u201d. De Artes Musicales y Sonoras, Manuel Cobos Villamar, \u201cEntre acordes y tradici\u00f3n\u201d; y Jorge Lucero Jad\u00e1n, \u201cReimaginaci\u00f3n de la m\u00fasica rockolera en formato big band\u201d.<\/p>\n\n\n<div class=\"wp-block-image\">\n<figure class=\"aligncenter size-large\"><img loading=\"lazy\" decoding=\"async\" width=\"644\" height=\"429\" src=\"https:\/\/www.uartes.edu.ec\/sitio\/wp-content\/uploads\/2026\/02\/02-Defensa-Tesis-644x429.jpg\" alt=\"\" class=\"wp-image-87556\" srcset=\"https:\/\/www.uartes.edu.ec\/sitio\/wp-content\/uploads\/2026\/02\/02-Defensa-Tesis-644x429.jpg 644w, https:\/\/www.uartes.edu.ec\/sitio\/wp-content\/uploads\/2026\/02\/02-Defensa-Tesis-300x200.jpg 300w, https:\/\/www.uartes.edu.ec\/sitio\/wp-content\/uploads\/2026\/02\/02-Defensa-Tesis-768x512.jpg 768w, https:\/\/www.uartes.edu.ec\/sitio\/wp-content\/uploads\/2026\/02\/02-Defensa-Tesis-1536x1024.jpg 1536w, https:\/\/www.uartes.edu.ec\/sitio\/wp-content\/uploads\/2026\/02\/02-Defensa-Tesis-18x12.jpg 18w, https:\/\/www.uartes.edu.ec\/sitio\/wp-content\/uploads\/2026\/02\/02-Defensa-Tesis-600x400.jpg 600w, https:\/\/www.uartes.edu.ec\/sitio\/wp-content\/uploads\/2026\/02\/02-Defensa-Tesis-400x267.jpg 400w, https:\/\/www.uartes.edu.ec\/sitio\/wp-content\/uploads\/2026\/02\/02-Defensa-Tesis.jpg 2000w\" sizes=\"(max-width: 644px) 100vw, 644px\" \/><\/figure>\n<\/div>\n\n\n<p>Hoy, 27 de febrero, est\u00e1n programadas las sustentaciones de tesis de Leandro Cassanello Su\u00e1rez, \u201c\u00c9cfrasis contempor\u00e1nea y escritura h\u00edbrida: creaci\u00f3n literaria expandida a partir de exposiciones de Arte Contempor\u00e1neo en Guayaquil (2024\u20132025)\u201d; y Nicol\u00e1s Goussas Egas, \u201cHabitaciones un acercamiento disciplinar a la pr\u00e1ctica de la memoria en la poes\u00eda\u201d, ambos de la Escuela de Literatura. De Danza, Paula Soria Molina, el \u201cPrograma pedag\u00f3gico: movimiento en espiral. Enfoque de acompa\u00f1amiento para la primera ni\u00f1ez\u201d. De Creaci\u00f3n Teatral, Paula Lescano Romero<strong>; <\/strong>Elsita Napa V\u00e9liz, el tema \u201cLo abyecto (nos), el resto de los cuerpos\u201d; y Paola Zamora V\u00e9lez, \u201cMemoria embotellada: recorrido de una ausencia\u201d. De Artes Visuales, Anthony Cevallos Baja\u00f1a, \u201cTripulaci\u00f3n\u201d; y Karina Ch\u00e1vez S\u00e1ez, \u201cDomus\u201d. De Artes Musicales y Sonoras, Jairo \u00c1vila \u00c1vila, \u201cCantos de nuestra tierra: la m\u00fasica del Ecuador en la era digital\u201d.<\/p>\n\n\n\n<p>En el mes de marzo est\u00e1n programadas las siguientes sustentaciones de tesis: el lunes 2, Michael Santana Maldonado, de Danza, \u201cLaboratorio esc\u00e9nico de futurismo andino: po\u00e9tica y pol\u00edtica del mestizaje. De Creaci\u00f3n Teatral, Katherine Ramos Robalino, \u201cReconstrucci\u00f3n de la memoria: exploraci\u00f3n de objetos, diarios de viajes y cartograf\u00eda musical a trav\u00e9s de una experiencia esc\u00e9nica inmersiva\u201d. De Cine, Edgar Endara Aguirre, \u201cEn las sombras\u201d; Francisco Palma Burgos; y Gabriel Valverde Montes de Oca, \u201cCapacidad de llanto, adecuado\u201d. De Artes Visuales, Dennisse Chiriboga Pico, \u201cEl borde del mar<strong>\u201d<\/strong>; Naomi Esquivel, \u201cCoreografiantes\u201d; Daniela L\u00f3pez,\u201cCartograf\u00edas de una mente transitoria\u201d; y Angie Rodas Moscoso, Plasticidad\u201d.<\/p>\n\n\n<div class=\"wp-block-image\">\n<figure class=\"aligncenter size-large\"><img loading=\"lazy\" decoding=\"async\" width=\"644\" height=\"429\" src=\"https:\/\/www.uartes.edu.ec\/sitio\/wp-content\/uploads\/2026\/02\/07-Defensa-Tesis-644x429.jpg\" alt=\"\" class=\"wp-image-87558\" srcset=\"https:\/\/www.uartes.edu.ec\/sitio\/wp-content\/uploads\/2026\/02\/07-Defensa-Tesis-644x429.jpg 644w, https:\/\/www.uartes.edu.ec\/sitio\/wp-content\/uploads\/2026\/02\/07-Defensa-Tesis-300x200.jpg 300w, https:\/\/www.uartes.edu.ec\/sitio\/wp-content\/uploads\/2026\/02\/07-Defensa-Tesis-768x512.jpg 768w, https:\/\/www.uartes.edu.ec\/sitio\/wp-content\/uploads\/2026\/02\/07-Defensa-Tesis-1536x1024.jpg 1536w, https:\/\/www.uartes.edu.ec\/sitio\/wp-content\/uploads\/2026\/02\/07-Defensa-Tesis-18x12.jpg 18w, https:\/\/www.uartes.edu.ec\/sitio\/wp-content\/uploads\/2026\/02\/07-Defensa-Tesis-600x400.jpg 600w, https:\/\/www.uartes.edu.ec\/sitio\/wp-content\/uploads\/2026\/02\/07-Defensa-Tesis-400x267.jpg 400w, https:\/\/www.uartes.edu.ec\/sitio\/wp-content\/uploads\/2026\/02\/07-Defensa-Tesis.jpg 2000w\" sizes=\"(max-width: 644px) 100vw, 644px\" \/><\/figure>\n<\/div>\n\n\n<p>El 3 de marzo, de Creaci\u00f3n Teatral expondr\u00e1 su tesis de grado Laleshka Jim\u00e9nez Caicedo, el tema \u201cVoces dispersas: Sonoturgia sobre relatos de resistencia ante la violencia\u201d; de Cine, Arianna Gonz\u00e1lez Alvarado, \u201cLa influencia narrativa del soundtrack cinematogr\u00e1fico en el espectador; y Nahomy L\u00f3pez Ruiz, \u201cLa ausencia como campo de disputa: direcci\u00f3n de arte para narrar lo que no se muestra en informe de una suspensi\u00f3n\u201d. De Artes Musicales y Sonoras, Camilo P\u00e9rez Alc\u00edvar, \u201cTriad Pairs: Gu\u00eda para la improvisaci\u00f3n moderna en el jazz\u201d. Y de Artes Visuales, Jael Castro Lara, \u201cSimbiosis: po\u00e9ticas de una casa herida\u201d; Ariana Tigua Montenegro, con \u201cInformes del viento\u201d; y Diego Zambrano Mora, \u201cObservaciones sobre el color\u201d.<\/p>\n\n\n\n<p>El 4 de marzo, de Danza defender\u00e1 su tesis Roc\u00edo Elvay Caicedo, el tema \u201cFusi\u00f3n de danza y tecnolog\u00eda, innovaci\u00f3n en el movimiento corporal\u201d. De Cine, Mart\u00edn Guzm\u00e1n, \u201cAyer gan\u00e9\u201d; y Kristel Mu\u00f1oz Gonz\u00e1lez, \u201cFanny: el cine documental como espacio para mirar, acompa\u00f1ar y construir memoria en vida\u201d. De Artes Visuales, Milena Calle Burgos, \u201cMento\u201d; Fabrizio Piedrahita, \u201cConcordia artificum\u201d; Ninfa \u00c1lvarez Ortiz, \u201cSincretismo musical e instrumental entre la cultura Mante\u00f1o-Huancavilca Tard\u00eda y la m\u00fasica europea secular en el siglo XVI: villancicos y motetes\u201d; y Liz Arias S\u00e1nchez, \u201cLa ense\u00f1anza del viol\u00edn en la primera infancia a trav\u00e9s de canciones tradicionales infantiles\u201d.<\/p>\n\n\n\n<p>El 6 de marzo, de Cine sustentar\u00e1n sus tesis: Noelya Mac\u00edas Pl\u00faas, \u201cMargara\u201d; Karol Simba\u00f1a Enr\u00edquez, \u201cCuando la r\u00eda nos llam\u00f3 por nuestro nombre\u201d; y Antonio Zambrano Izquierdo, \u201cEscritura de guion con caracter\u00edsticas del g\u00e9nero wester de una historia rural de la Costa ecuatoriana\u201d. De Artes Visuales, Mirka Alvarado Moreno, \u201cA cuestas &#8211; el color local\u201d.<\/p>\n\n\n<div class=\"wp-block-image\">\n<figure class=\"aligncenter size-large\"><img loading=\"lazy\" decoding=\"async\" width=\"644\" height=\"429\" src=\"https:\/\/www.uartes.edu.ec\/sitio\/wp-content\/uploads\/2026\/02\/Proyecto-Cambiar-tamano-de-imagen-2026-03-11T152026.103-644x429.jpeg\" alt=\"\" class=\"wp-image-87560\" srcset=\"https:\/\/www.uartes.edu.ec\/sitio\/wp-content\/uploads\/2026\/02\/Proyecto-Cambiar-tamano-de-imagen-2026-03-11T152026.103-644x429.jpeg 644w, https:\/\/www.uartes.edu.ec\/sitio\/wp-content\/uploads\/2026\/02\/Proyecto-Cambiar-tamano-de-imagen-2026-03-11T152026.103-300x200.jpeg 300w, https:\/\/www.uartes.edu.ec\/sitio\/wp-content\/uploads\/2026\/02\/Proyecto-Cambiar-tamano-de-imagen-2026-03-11T152026.103-768x512.jpeg 768w, https:\/\/www.uartes.edu.ec\/sitio\/wp-content\/uploads\/2026\/02\/Proyecto-Cambiar-tamano-de-imagen-2026-03-11T152026.103-1536x1024.jpeg 1536w, https:\/\/www.uartes.edu.ec\/sitio\/wp-content\/uploads\/2026\/02\/Proyecto-Cambiar-tamano-de-imagen-2026-03-11T152026.103-18x12.jpeg 18w, https:\/\/www.uartes.edu.ec\/sitio\/wp-content\/uploads\/2026\/02\/Proyecto-Cambiar-tamano-de-imagen-2026-03-11T152026.103-600x400.jpeg 600w, https:\/\/www.uartes.edu.ec\/sitio\/wp-content\/uploads\/2026\/02\/Proyecto-Cambiar-tamano-de-imagen-2026-03-11T152026.103-400x267.jpeg 400w, https:\/\/www.uartes.edu.ec\/sitio\/wp-content\/uploads\/2026\/02\/Proyecto-Cambiar-tamano-de-imagen-2026-03-11T152026.103.jpeg 2000w\" sizes=\"(max-width: 644px) 100vw, 644px\" \/><\/figure>\n<\/div>\n\n<div class=\"wp-block-image\">\n<figure class=\"aligncenter size-large is-resized\"><img loading=\"lazy\" decoding=\"async\" width=\"644\" height=\"429\" src=\"https:\/\/www.uartes.edu.ec\/sitio\/wp-content\/uploads\/2026\/02\/Proyecto-Cambiar-tamano-de-imagen-2026-03-11T153619.783-644x429.jpeg\" alt=\"\" class=\"wp-image-87563\" style=\"aspect-ratio:1.5011837552358405;width:581px;height:auto\" srcset=\"https:\/\/www.uartes.edu.ec\/sitio\/wp-content\/uploads\/2026\/02\/Proyecto-Cambiar-tamano-de-imagen-2026-03-11T153619.783-644x429.jpeg 644w, https:\/\/www.uartes.edu.ec\/sitio\/wp-content\/uploads\/2026\/02\/Proyecto-Cambiar-tamano-de-imagen-2026-03-11T153619.783-300x200.jpeg 300w, https:\/\/www.uartes.edu.ec\/sitio\/wp-content\/uploads\/2026\/02\/Proyecto-Cambiar-tamano-de-imagen-2026-03-11T153619.783-768x512.jpeg 768w, https:\/\/www.uartes.edu.ec\/sitio\/wp-content\/uploads\/2026\/02\/Proyecto-Cambiar-tamano-de-imagen-2026-03-11T153619.783-1536x1024.jpeg 1536w, https:\/\/www.uartes.edu.ec\/sitio\/wp-content\/uploads\/2026\/02\/Proyecto-Cambiar-tamano-de-imagen-2026-03-11T153619.783-18x12.jpeg 18w, https:\/\/www.uartes.edu.ec\/sitio\/wp-content\/uploads\/2026\/02\/Proyecto-Cambiar-tamano-de-imagen-2026-03-11T153619.783-600x400.jpeg 600w, https:\/\/www.uartes.edu.ec\/sitio\/wp-content\/uploads\/2026\/02\/Proyecto-Cambiar-tamano-de-imagen-2026-03-11T153619.783-400x267.jpeg 400w, https:\/\/www.uartes.edu.ec\/sitio\/wp-content\/uploads\/2026\/02\/Proyecto-Cambiar-tamano-de-imagen-2026-03-11T153619.783.jpeg 2000w\" sizes=\"(max-width: 644px) 100vw, 644px\" \/><\/figure>\n<\/div>\n\n\n<p>Texto y fotos: colaboraci\u00f3n de Andrea G\u00f3mez, directora de Titulaci\u00f3n de la Secretar\u00eda Acad\u00e9mica\/UArtes. Edici\u00f3n: Carmen Cortez\/Dircom. La imagen de portada corresponde a la sustentaci\u00f3n de tesis de Kiersten Jungbluth Pienknagura, de la Escuela de Literatura. En las siguientes fotos constan: Daniela Ruiz, de Creaci\u00f3n Teatral; Juliette Su\u00e1rez, de Producci\u00f3n Musical; Carlos Pullaguari, de Artes Musicales; Stiv Berrones, de Artes Visuales; Michael Santana, de Danza; Guillermo Argudo, de Creaci\u00f3n Teatral; Nicole Olvera, de Artes Visuales; y Jorge Lucero, de Artes Musicales.<\/p>","protected":false},"excerpt":{"rendered":"<p>Kiersten Jungbluth Pienknagura, de Literatura, fue la primera estudiante en sustentar su proyecto de titulaci\u00f3n en el presente periodo de defensas que lleva adelante la Secretar\u00eda Acad\u00e9mica de la Universidad de las Artes. La hoy egresada se present\u00f3 ante el comit\u00e9 de tesis el pasado 10 de febrero y, acorde a lo programado, las sustentaciones que lleva a los alumnos de nuestras cinco escuelas de pregrado hacia la recta final de sus carreras se registrar\u00e1n hasta el 6 de marzo pr\u00f3ximo. <\/p>","protected":false},"author":10,"featured_media":87551,"comment_status":"open","ping_status":"open","sticky":false,"template":"","format":"standard","meta":{"_acf_changed":false,"_uag_custom_page_level_css":"","_monsterinsights_skip_tracking":false,"_monsterinsights_sitenote_active":false,"_monsterinsights_sitenote_note":"","_monsterinsights_sitenote_category":0,"cybocfi_hide_featured_image":"","footnotes":""},"categories":[80,82,159,150,157,147,75,76,175],"tags":[200],"infouartes":[],"class_list":["post-87549","post","type-post","status-publish","format-standard","has-post-thumbnail","hentry","category-academico","category-artes","category-artes-escenicas","category-artes-sonoras","category-artes-visuales","category-cine","category-docentes","category-estudiantes","category-literatura","tag-titulacion"],"acf":[],"yoast_head":"<!-- This site is optimized with the Yoast SEO plugin v27.4 - https:\/\/yoast.com\/product\/yoast-seo-wordpress\/ -->\n<title>Universidad de las Artes - En la recta final de sus carreras con las sustentaciones de sus proyectos de tesis<\/title>\n<meta name=\"description\" content=\"Universidad de las Artes - En la recta final de sus carreras con las sustentaciones de sus proyectos de tesis\" \/>\n<meta name=\"robots\" content=\"index, follow, max-snippet:-1, max-image-preview:large, max-video-preview:-1\" \/>\n<link rel=\"canonical\" href=\"https:\/\/www.uartes.edu.ec\/sitio\/fr\/blog\/2026\/02\/27\/en-la-recta-final-de-sus-carreras-con-las-sustentaciones-de-tesis\/\" \/>\n<meta property=\"og:locale\" content=\"fr_FR\" \/>\n<meta property=\"og:type\" content=\"article\" \/>\n<meta property=\"og:title\" content=\"Universidad de las Artes - En la recta final de sus carreras con las sustentaciones de sus proyectos de tesis\" \/>\n<meta property=\"og:description\" content=\"Universidad de las Artes - En la recta final de sus carreras con las sustentaciones de sus proyectos de tesis\" \/>\n<meta property=\"og:url\" content=\"https:\/\/www.uartes.edu.ec\/sitio\/fr\/blog\/2026\/02\/27\/en-la-recta-final-de-sus-carreras-con-las-sustentaciones-de-tesis\/\" \/>\n<meta property=\"og:site_name\" content=\"Universidad de las Artes\" \/>\n<meta property=\"article:publisher\" content=\"https:\/\/www.facebook.com\/uartesec\" \/>\n<meta property=\"article:published_time\" content=\"2026-02-28T01:15:00+00:00\" \/>\n<meta property=\"article:modified_time\" content=\"2026-03-11T22:17:24+00:00\" \/>\n<meta property=\"og:image\" content=\"https:\/\/www.uartes.edu.ec\/sitio\/wp-content\/uploads\/2026\/02\/03-Defensa-Tesis.jpg\" \/>\n\t<meta property=\"og:image:width\" content=\"2000\" \/>\n\t<meta property=\"og:image:height\" content=\"1333\" \/>\n\t<meta property=\"og:image:type\" content=\"image\/jpeg\" \/>\n<meta name=\"author\" content=\"ccortez\" \/>\n<meta name=\"twitter:card\" content=\"summary_large_image\" \/>\n<meta name=\"twitter:creator\" content=\"@uartesec\" \/>\n<meta name=\"twitter:site\" content=\"@uartesec\" \/>\n<meta name=\"twitter:label1\" content=\"\u00c9crit par\" \/>\n\t<meta name=\"twitter:data1\" content=\"ccortez\" \/>\n\t<meta name=\"twitter:label2\" content=\"Dur\u00e9e de lecture estim\u00e9e\" \/>\n\t<meta name=\"twitter:data2\" content=\"8 minutes\" \/>\n<script type=\"application\/ld+json\" class=\"yoast-schema-graph\">{\"@context\":\"https:\\\/\\\/schema.org\",\"@graph\":[{\"@type\":\"Article\",\"@id\":\"https:\\\/\\\/www.uartes.edu.ec\\\/sitio\\\/fr\\\/blog\\\/2026\\\/02\\\/27\\\/en-la-recta-final-de-sus-carreras-con-las-sustentaciones-de-tesis\\\/#article\",\"isPartOf\":{\"@id\":\"https:\\\/\\\/www.uartes.edu.ec\\\/sitio\\\/fr\\\/blog\\\/2026\\\/02\\\/27\\\/en-la-recta-final-de-sus-carreras-con-las-sustentaciones-de-tesis\\\/\"},\"author\":{\"name\":\"ccortez\",\"@id\":\"https:\\\/\\\/www.uartes.edu.ec\\\/sitio\\\/fr\\\/#\\\/schema\\\/person\\\/efa1b8275797664fd7f13a79ccc0b1f4\"},\"headline\":\"En la recta final de sus carreras con las sustentaciones de sus proyectos de tesis\",\"datePublished\":\"2026-02-28T01:15:00+00:00\",\"dateModified\":\"2026-03-11T22:17:24+00:00\",\"mainEntityOfPage\":{\"@id\":\"https:\\\/\\\/www.uartes.edu.ec\\\/sitio\\\/fr\\\/blog\\\/2026\\\/02\\\/27\\\/en-la-recta-final-de-sus-carreras-con-las-sustentaciones-de-tesis\\\/\"},\"wordCount\":1569,\"commentCount\":0,\"publisher\":{\"@id\":\"https:\\\/\\\/www.uartes.edu.ec\\\/sitio\\\/fr\\\/#organization\"},\"image\":{\"@id\":\"https:\\\/\\\/www.uartes.edu.ec\\\/sitio\\\/fr\\\/blog\\\/2026\\\/02\\\/27\\\/en-la-recta-final-de-sus-carreras-con-las-sustentaciones-de-tesis\\\/#primaryimage\"},\"thumbnailUrl\":\"https:\\\/\\\/www.uartes.edu.ec\\\/sitio\\\/wp-content\\\/uploads\\\/2026\\\/02\\\/03-Defensa-Tesis.jpg\",\"keywords\":[\"titulaci\u00f3n\"],\"articleSection\":[\"Acad\u00e9mico\",\"Artes\",\"Artes Esc\u00e9nicas\",\"Artes Sonoras\",\"Artes Visuales\",\"Cine\",\"Docentes\",\"Estudiantes\",\"Literatura\"],\"inLanguage\":\"fr-FR\",\"potentialAction\":[{\"@type\":\"CommentAction\",\"name\":\"Comment\",\"target\":[\"https:\\\/\\\/www.uartes.edu.ec\\\/sitio\\\/fr\\\/blog\\\/2026\\\/02\\\/27\\\/en-la-recta-final-de-sus-carreras-con-las-sustentaciones-de-tesis\\\/#respond\"]}]},{\"@type\":[\"WebPage\",\"ItemPage\"],\"@id\":\"https:\\\/\\\/www.uartes.edu.ec\\\/sitio\\\/fr\\\/blog\\\/2026\\\/02\\\/27\\\/en-la-recta-final-de-sus-carreras-con-las-sustentaciones-de-tesis\\\/\",\"url\":\"https:\\\/\\\/www.uartes.edu.ec\\\/sitio\\\/fr\\\/blog\\\/2026\\\/02\\\/27\\\/en-la-recta-final-de-sus-carreras-con-las-sustentaciones-de-tesis\\\/\",\"name\":\"Universidad de las Artes - En la recta final de sus carreras con las sustentaciones de sus proyectos de tesis\",\"isPartOf\":{\"@id\":\"https:\\\/\\\/www.uartes.edu.ec\\\/sitio\\\/fr\\\/#website\"},\"primaryImageOfPage\":{\"@id\":\"https:\\\/\\\/www.uartes.edu.ec\\\/sitio\\\/fr\\\/blog\\\/2026\\\/02\\\/27\\\/en-la-recta-final-de-sus-carreras-con-las-sustentaciones-de-tesis\\\/#primaryimage\"},\"image\":{\"@id\":\"https:\\\/\\\/www.uartes.edu.ec\\\/sitio\\\/fr\\\/blog\\\/2026\\\/02\\\/27\\\/en-la-recta-final-de-sus-carreras-con-las-sustentaciones-de-tesis\\\/#primaryimage\"},\"thumbnailUrl\":\"https:\\\/\\\/www.uartes.edu.ec\\\/sitio\\\/wp-content\\\/uploads\\\/2026\\\/02\\\/03-Defensa-Tesis.jpg\",\"datePublished\":\"2026-02-28T01:15:00+00:00\",\"dateModified\":\"2026-03-11T22:17:24+00:00\",\"description\":\"Universidad de las Artes - En la recta final de sus carreras con las sustentaciones de sus proyectos de tesis\",\"breadcrumb\":{\"@id\":\"https:\\\/\\\/www.uartes.edu.ec\\\/sitio\\\/fr\\\/blog\\\/2026\\\/02\\\/27\\\/en-la-recta-final-de-sus-carreras-con-las-sustentaciones-de-tesis\\\/#breadcrumb\"},\"inLanguage\":\"fr-FR\",\"potentialAction\":[{\"@type\":\"ReadAction\",\"target\":[\"https:\\\/\\\/www.uartes.edu.ec\\\/sitio\\\/fr\\\/blog\\\/2026\\\/02\\\/27\\\/en-la-recta-final-de-sus-carreras-con-las-sustentaciones-de-tesis\\\/\"]}]},{\"@type\":\"ImageObject\",\"inLanguage\":\"fr-FR\",\"@id\":\"https:\\\/\\\/www.uartes.edu.ec\\\/sitio\\\/fr\\\/blog\\\/2026\\\/02\\\/27\\\/en-la-recta-final-de-sus-carreras-con-las-sustentaciones-de-tesis\\\/#primaryimage\",\"url\":\"https:\\\/\\\/www.uartes.edu.ec\\\/sitio\\\/wp-content\\\/uploads\\\/2026\\\/02\\\/03-Defensa-Tesis.jpg\",\"contentUrl\":\"https:\\\/\\\/www.uartes.edu.ec\\\/sitio\\\/wp-content\\\/uploads\\\/2026\\\/02\\\/03-Defensa-Tesis.jpg\",\"width\":2000,\"height\":1333},{\"@type\":\"BreadcrumbList\",\"@id\":\"https:\\\/\\\/www.uartes.edu.ec\\\/sitio\\\/fr\\\/blog\\\/2026\\\/02\\\/27\\\/en-la-recta-final-de-sus-carreras-con-las-sustentaciones-de-tesis\\\/#breadcrumb\",\"itemListElement\":[{\"@type\":\"ListItem\",\"position\":1,\"name\":\"Inicio\",\"item\":\"https:\\\/\\\/www.uartes.edu.ec\\\/sitio\\\/\"},{\"@type\":\"ListItem\",\"position\":2,\"name\":\"En la recta final de sus carreras con las sustentaciones de sus proyectos de tesis\"}]},{\"@type\":\"WebSite\",\"@id\":\"https:\\\/\\\/www.uartes.edu.ec\\\/sitio\\\/fr\\\/#website\",\"url\":\"https:\\\/\\\/www.uartes.edu.ec\\\/sitio\\\/fr\\\/\",\"name\":\"Universidad de las Artes\",\"description\":\"Sitio oficial de la Universidad Nacional de las Artes del Ecuador\",\"publisher\":{\"@id\":\"https:\\\/\\\/www.uartes.edu.ec\\\/sitio\\\/fr\\\/#organization\"},\"potentialAction\":[{\"@type\":\"SearchAction\",\"target\":{\"@type\":\"EntryPoint\",\"urlTemplate\":\"https:\\\/\\\/www.uartes.edu.ec\\\/sitio\\\/fr\\\/?s={search_term_string}\"},\"query-input\":{\"@type\":\"PropertyValueSpecification\",\"valueRequired\":true,\"valueName\":\"search_term_string\"}}],\"inLanguage\":\"fr-FR\"},{\"@type\":\"Organization\",\"@id\":\"https:\\\/\\\/www.uartes.edu.ec\\\/sitio\\\/fr\\\/#organization\",\"name\":\"Universidad de las Artes\",\"url\":\"https:\\\/\\\/www.uartes.edu.ec\\\/sitio\\\/fr\\\/\",\"logo\":{\"@type\":\"ImageObject\",\"inLanguage\":\"fr-FR\",\"@id\":\"https:\\\/\\\/www.uartes.edu.ec\\\/sitio\\\/fr\\\/#\\\/schema\\\/logo\\\/image\\\/\",\"url\":\"https:\\\/\\\/www.uartes.edu.ec\\\/sitio\\\/wp-content\\\/uploads\\\/2022\\\/07\\\/logo-ua-horizontal.png\",\"contentUrl\":\"https:\\\/\\\/www.uartes.edu.ec\\\/sitio\\\/wp-content\\\/uploads\\\/2022\\\/07\\\/logo-ua-horizontal.png\",\"width\":800,\"height\":276,\"caption\":\"Universidad de las Artes\"},\"image\":{\"@id\":\"https:\\\/\\\/www.uartes.edu.ec\\\/sitio\\\/fr\\\/#\\\/schema\\\/logo\\\/image\\\/\"},\"sameAs\":[\"https:\\\/\\\/www.facebook.com\\\/uartesec\",\"https:\\\/\\\/x.com\\\/uartesec\",\"https:\\\/\\\/www.tiktok.com\\\/@uartesec\"]},{\"@type\":\"Person\",\"@id\":\"https:\\\/\\\/www.uartes.edu.ec\\\/sitio\\\/fr\\\/#\\\/schema\\\/person\\\/efa1b8275797664fd7f13a79ccc0b1f4\",\"name\":\"ccortez\",\"image\":{\"@type\":\"ImageObject\",\"inLanguage\":\"fr-FR\",\"@id\":\"https:\\\/\\\/secure.gravatar.com\\\/avatar\\\/b2a6f664a3ae8e074346ef91775736c5ec479e637ecced6842de9dc98b5da9cd?s=96&d=mm&r=g\",\"url\":\"https:\\\/\\\/secure.gravatar.com\\\/avatar\\\/b2a6f664a3ae8e074346ef91775736c5ec479e637ecced6842de9dc98b5da9cd?s=96&d=mm&r=g\",\"contentUrl\":\"https:\\\/\\\/secure.gravatar.com\\\/avatar\\\/b2a6f664a3ae8e074346ef91775736c5ec479e637ecced6842de9dc98b5da9cd?s=96&d=mm&r=g\",\"caption\":\"ccortez\"},\"url\":\"https:\\\/\\\/www.uartes.edu.ec\\\/sitio\\\/fr\\\/blog\\\/author\\\/ccortez\\\/\"}]}<\/script>\n<!-- \/ Yoast SEO plugin. -->","yoast_head_json":{"title":"Universidad de las Artes - En la recta final de sus carreras con las sustentaciones de sus proyectos de tesis","description":"Universidad de las Artes - En la recta final de sus carreras con las sustentaciones de sus proyectos de tesis","robots":{"index":"index","follow":"follow","max-snippet":"max-snippet:-1","max-image-preview":"max-image-preview:large","max-video-preview":"max-video-preview:-1"},"canonical":"https:\/\/www.uartes.edu.ec\/sitio\/fr\/blog\/2026\/02\/27\/en-la-recta-final-de-sus-carreras-con-las-sustentaciones-de-tesis\/","og_locale":"fr_FR","og_type":"article","og_title":"Universidad de las Artes - En la recta final de sus carreras con las sustentaciones de sus proyectos de tesis","og_description":"Universidad de las Artes - En la recta final de sus carreras con las sustentaciones de sus proyectos de tesis","og_url":"https:\/\/www.uartes.edu.ec\/sitio\/fr\/blog\/2026\/02\/27\/en-la-recta-final-de-sus-carreras-con-las-sustentaciones-de-tesis\/","og_site_name":"Universidad de las Artes","article_publisher":"https:\/\/www.facebook.com\/uartesec","article_published_time":"2026-02-28T01:15:00+00:00","article_modified_time":"2026-03-11T22:17:24+00:00","og_image":[{"width":2000,"height":1333,"url":"https:\/\/www.uartes.edu.ec\/sitio\/wp-content\/uploads\/2026\/02\/03-Defensa-Tesis.jpg","type":"image\/jpeg"}],"author":"ccortez","twitter_card":"summary_large_image","twitter_creator":"@uartesec","twitter_site":"@uartesec","twitter_misc":{"\u00c9crit par":"ccortez","Dur\u00e9e de lecture estim\u00e9e":"8 minutes"},"schema":{"@context":"https:\/\/schema.org","@graph":[{"@type":"Article","@id":"https:\/\/www.uartes.edu.ec\/sitio\/fr\/blog\/2026\/02\/27\/en-la-recta-final-de-sus-carreras-con-las-sustentaciones-de-tesis\/#article","isPartOf":{"@id":"https:\/\/www.uartes.edu.ec\/sitio\/fr\/blog\/2026\/02\/27\/en-la-recta-final-de-sus-carreras-con-las-sustentaciones-de-tesis\/"},"author":{"name":"ccortez","@id":"https:\/\/www.uartes.edu.ec\/sitio\/fr\/#\/schema\/person\/efa1b8275797664fd7f13a79ccc0b1f4"},"headline":"En la recta final de sus carreras con las sustentaciones de sus proyectos de tesis","datePublished":"2026-02-28T01:15:00+00:00","dateModified":"2026-03-11T22:17:24+00:00","mainEntityOfPage":{"@id":"https:\/\/www.uartes.edu.ec\/sitio\/fr\/blog\/2026\/02\/27\/en-la-recta-final-de-sus-carreras-con-las-sustentaciones-de-tesis\/"},"wordCount":1569,"commentCount":0,"publisher":{"@id":"https:\/\/www.uartes.edu.ec\/sitio\/fr\/#organization"},"image":{"@id":"https:\/\/www.uartes.edu.ec\/sitio\/fr\/blog\/2026\/02\/27\/en-la-recta-final-de-sus-carreras-con-las-sustentaciones-de-tesis\/#primaryimage"},"thumbnailUrl":"https:\/\/www.uartes.edu.ec\/sitio\/wp-content\/uploads\/2026\/02\/03-Defensa-Tesis.jpg","keywords":["titulaci\u00f3n"],"articleSection":["Acad\u00e9mico","Artes","Artes Esc\u00e9nicas","Artes Sonoras","Artes Visuales","Cine","Docentes","Estudiantes","Literatura"],"inLanguage":"fr-FR","potentialAction":[{"@type":"CommentAction","name":"Comment","target":["https:\/\/www.uartes.edu.ec\/sitio\/fr\/blog\/2026\/02\/27\/en-la-recta-final-de-sus-carreras-con-las-sustentaciones-de-tesis\/#respond"]}]},{"@type":["WebPage","ItemPage"],"@id":"https:\/\/www.uartes.edu.ec\/sitio\/fr\/blog\/2026\/02\/27\/en-la-recta-final-de-sus-carreras-con-las-sustentaciones-de-tesis\/","url":"https:\/\/www.uartes.edu.ec\/sitio\/fr\/blog\/2026\/02\/27\/en-la-recta-final-de-sus-carreras-con-las-sustentaciones-de-tesis\/","name":"Universidad de las Artes - En la recta final de sus carreras con las sustentaciones de sus proyectos de tesis","isPartOf":{"@id":"https:\/\/www.uartes.edu.ec\/sitio\/fr\/#website"},"primaryImageOfPage":{"@id":"https:\/\/www.uartes.edu.ec\/sitio\/fr\/blog\/2026\/02\/27\/en-la-recta-final-de-sus-carreras-con-las-sustentaciones-de-tesis\/#primaryimage"},"image":{"@id":"https:\/\/www.uartes.edu.ec\/sitio\/fr\/blog\/2026\/02\/27\/en-la-recta-final-de-sus-carreras-con-las-sustentaciones-de-tesis\/#primaryimage"},"thumbnailUrl":"https:\/\/www.uartes.edu.ec\/sitio\/wp-content\/uploads\/2026\/02\/03-Defensa-Tesis.jpg","datePublished":"2026-02-28T01:15:00+00:00","dateModified":"2026-03-11T22:17:24+00:00","description":"Universidad de las Artes - En la recta final de sus carreras con las sustentaciones de sus proyectos de tesis","breadcrumb":{"@id":"https:\/\/www.uartes.edu.ec\/sitio\/fr\/blog\/2026\/02\/27\/en-la-recta-final-de-sus-carreras-con-las-sustentaciones-de-tesis\/#breadcrumb"},"inLanguage":"fr-FR","potentialAction":[{"@type":"ReadAction","target":["https:\/\/www.uartes.edu.ec\/sitio\/fr\/blog\/2026\/02\/27\/en-la-recta-final-de-sus-carreras-con-las-sustentaciones-de-tesis\/"]}]},{"@type":"ImageObject","inLanguage":"fr-FR","@id":"https:\/\/www.uartes.edu.ec\/sitio\/fr\/blog\/2026\/02\/27\/en-la-recta-final-de-sus-carreras-con-las-sustentaciones-de-tesis\/#primaryimage","url":"https:\/\/www.uartes.edu.ec\/sitio\/wp-content\/uploads\/2026\/02\/03-Defensa-Tesis.jpg","contentUrl":"https:\/\/www.uartes.edu.ec\/sitio\/wp-content\/uploads\/2026\/02\/03-Defensa-Tesis.jpg","width":2000,"height":1333},{"@type":"BreadcrumbList","@id":"https:\/\/www.uartes.edu.ec\/sitio\/fr\/blog\/2026\/02\/27\/en-la-recta-final-de-sus-carreras-con-las-sustentaciones-de-tesis\/#breadcrumb","itemListElement":[{"@type":"ListItem","position":1,"name":"Inicio","item":"https:\/\/www.uartes.edu.ec\/sitio\/"},{"@type":"ListItem","position":2,"name":"En la recta final de sus carreras con las sustentaciones de sus proyectos de tesis"}]},{"@type":"WebSite","@id":"https:\/\/www.uartes.edu.ec\/sitio\/fr\/#website","url":"https:\/\/www.uartes.edu.ec\/sitio\/fr\/","name":"Universidad de las Artes","description":"Sitio oficial de la Universidad Nacional de las Artes del Ecuador","publisher":{"@id":"https:\/\/www.uartes.edu.ec\/sitio\/fr\/#organization"},"potentialAction":[{"@type":"SearchAction","target":{"@type":"EntryPoint","urlTemplate":"https:\/\/www.uartes.edu.ec\/sitio\/fr\/?s={search_term_string}"},"query-input":{"@type":"PropertyValueSpecification","valueRequired":true,"valueName":"search_term_string"}}],"inLanguage":"fr-FR"},{"@type":"Organization","@id":"https:\/\/www.uartes.edu.ec\/sitio\/fr\/#organization","name":"Universidad de las Artes","url":"https:\/\/www.uartes.edu.ec\/sitio\/fr\/","logo":{"@type":"ImageObject","inLanguage":"fr-FR","@id":"https:\/\/www.uartes.edu.ec\/sitio\/fr\/#\/schema\/logo\/image\/","url":"https:\/\/www.uartes.edu.ec\/sitio\/wp-content\/uploads\/2022\/07\/logo-ua-horizontal.png","contentUrl":"https:\/\/www.uartes.edu.ec\/sitio\/wp-content\/uploads\/2022\/07\/logo-ua-horizontal.png","width":800,"height":276,"caption":"Universidad de las Artes"},"image":{"@id":"https:\/\/www.uartes.edu.ec\/sitio\/fr\/#\/schema\/logo\/image\/"},"sameAs":["https:\/\/www.facebook.com\/uartesec","https:\/\/x.com\/uartesec","https:\/\/www.tiktok.com\/@uartesec"]},{"@type":"Person","@id":"https:\/\/www.uartes.edu.ec\/sitio\/fr\/#\/schema\/person\/efa1b8275797664fd7f13a79ccc0b1f4","name":"ccortez","image":{"@type":"ImageObject","inLanguage":"fr-FR","@id":"https:\/\/secure.gravatar.com\/avatar\/b2a6f664a3ae8e074346ef91775736c5ec479e637ecced6842de9dc98b5da9cd?s=96&d=mm&r=g","url":"https:\/\/secure.gravatar.com\/avatar\/b2a6f664a3ae8e074346ef91775736c5ec479e637ecced6842de9dc98b5da9cd?s=96&d=mm&r=g","contentUrl":"https:\/\/secure.gravatar.com\/avatar\/b2a6f664a3ae8e074346ef91775736c5ec479e637ecced6842de9dc98b5da9cd?s=96&d=mm&r=g","caption":"ccortez"},"url":"https:\/\/www.uartes.edu.ec\/sitio\/fr\/blog\/author\/ccortez\/"}]}},"uagb_featured_image_src":{"full":["https:\/\/www.uartes.edu.ec\/sitio\/wp-content\/uploads\/2026\/02\/03-Defensa-Tesis.jpg",2000,1333,false],"thumbnail":["https:\/\/www.uartes.edu.ec\/sitio\/wp-content\/uploads\/2026\/02\/03-Defensa-Tesis-150x150.jpg",150,150,true],"medium":["https:\/\/www.uartes.edu.ec\/sitio\/wp-content\/uploads\/2026\/02\/03-Defensa-Tesis-300x200.jpg",300,200,true],"medium_large":["https:\/\/www.uartes.edu.ec\/sitio\/wp-content\/uploads\/2026\/02\/03-Defensa-Tesis-768x512.jpg",768,512,true],"large":["https:\/\/www.uartes.edu.ec\/sitio\/wp-content\/uploads\/2026\/02\/03-Defensa-Tesis-644x429.jpg",644,429,true],"1536x1536":["https:\/\/www.uartes.edu.ec\/sitio\/wp-content\/uploads\/2026\/02\/03-Defensa-Tesis-1536x1024.jpg",1536,1024,true],"2048x2048":["https:\/\/www.uartes.edu.ec\/sitio\/wp-content\/uploads\/2026\/02\/03-Defensa-Tesis.jpg",2000,1333,false],"trp-custom-language-flag":["https:\/\/www.uartes.edu.ec\/sitio\/wp-content\/uploads\/2026\/02\/03-Defensa-Tesis-18x12.jpg",18,12,true],"htmega_size_585x295":["https:\/\/www.uartes.edu.ec\/sitio\/wp-content\/uploads\/2026\/02\/03-Defensa-Tesis-585x295.jpg",585,295,true],"htmega_size_1170x536":["https:\/\/www.uartes.edu.ec\/sitio\/wp-content\/uploads\/2026\/02\/03-Defensa-Tesis-1170x536.jpg",1170,536,true],"htmega_size_396x360":["https:\/\/www.uartes.edu.ec\/sitio\/wp-content\/uploads\/2026\/02\/03-Defensa-Tesis-396x360.jpg",396,360,true],"gb-block-post-grid-landscape":["https:\/\/www.uartes.edu.ec\/sitio\/wp-content\/uploads\/2026\/02\/03-Defensa-Tesis-600x400.jpg",600,400,true],"gb-block-post-grid-square":["https:\/\/www.uartes.edu.ec\/sitio\/wp-content\/uploads\/2026\/02\/03-Defensa-Tesis-600x600.jpg",600,600,true],"university-hub-thumb":["https:\/\/www.uartes.edu.ec\/sitio\/wp-content\/uploads\/2026\/02\/03-Defensa-Tesis-400x267.jpg",400,267,true]},"uagb_author_info":{"display_name":"ccortez","author_link":"https:\/\/www.uartes.edu.ec\/sitio\/fr\/blog\/author\/ccortez\/"},"uagb_comment_info":0,"uagb_excerpt":"Kiersten Jungbluth Pienknagura, de Literatura, fue la primera estudiante en sustentar su proyecto de titulaci\u00f3n en el presente periodo de defensas que lleva adelante la Secretar\u00eda Acad\u00e9mica de la Universidad de las Artes. La hoy egresada se present\u00f3 ante el comit\u00e9 de tesis el pasado 10 de febrero y, acorde a lo programado, las sustentaciones\u2026","featured_image_src":"https:\/\/www.uartes.edu.ec\/sitio\/wp-content\/uploads\/2026\/02\/03-Defensa-Tesis-600x400.jpg","featured_image_src_square":"https:\/\/www.uartes.edu.ec\/sitio\/wp-content\/uploads\/2026\/02\/03-Defensa-Tesis-600x600.jpg","author_info":{"display_name":"ccortez","author_link":"https:\/\/www.uartes.edu.ec\/sitio\/fr\/blog\/author\/ccortez\/"},"publishpress_future_workflow_manual_trigger":{"enabledWorkflows":[]},"distributor_meta":false,"distributor_terms":false,"distributor_media":false,"distributor_original_site_name":"Universidad de las Artes","distributor_original_site_url":"https:\/\/www.uartes.edu.ec\/sitio\/fr","push-errors":false,"_links":{"self":[{"href":"https:\/\/www.uartes.edu.ec\/sitio\/fr\/wp-json\/wp\/v2\/posts\/87549","targetHints":{"allow":["GET"]}}],"collection":[{"href":"https:\/\/www.uartes.edu.ec\/sitio\/fr\/wp-json\/wp\/v2\/posts"}],"about":[{"href":"https:\/\/www.uartes.edu.ec\/sitio\/fr\/wp-json\/wp\/v2\/types\/post"}],"author":[{"embeddable":true,"href":"https:\/\/www.uartes.edu.ec\/sitio\/fr\/wp-json\/wp\/v2\/users\/10"}],"replies":[{"embeddable":true,"href":"https:\/\/www.uartes.edu.ec\/sitio\/fr\/wp-json\/wp\/v2\/comments?post=87549"}],"version-history":[{"count":5,"href":"https:\/\/www.uartes.edu.ec\/sitio\/fr\/wp-json\/wp\/v2\/posts\/87549\/revisions"}],"predecessor-version":[{"id":87576,"href":"https:\/\/www.uartes.edu.ec\/sitio\/fr\/wp-json\/wp\/v2\/posts\/87549\/revisions\/87576"}],"wp:featuredmedia":[{"embeddable":true,"href":"https:\/\/www.uartes.edu.ec\/sitio\/fr\/wp-json\/wp\/v2\/media\/87551"}],"wp:attachment":[{"href":"https:\/\/www.uartes.edu.ec\/sitio\/fr\/wp-json\/wp\/v2\/media?parent=87549"}],"wp:term":[{"taxonomy":"category","embeddable":true,"href":"https:\/\/www.uartes.edu.ec\/sitio\/fr\/wp-json\/wp\/v2\/categories?post=87549"},{"taxonomy":"post_tag","embeddable":true,"href":"https:\/\/www.uartes.edu.ec\/sitio\/fr\/wp-json\/wp\/v2\/tags?post=87549"},{"taxonomy":"infouartes","embeddable":true,"href":"https:\/\/www.uartes.edu.ec\/sitio\/fr\/wp-json\/wp\/v2\/infouartes?post=87549"}],"curies":[{"name":"wp","href":"https:\/\/api.w.org\/{rel}","templated":true}]}}