{"id":87663,"date":"2026-03-11T19:17:51","date_gmt":"2026-03-12T00:17:51","guid":{"rendered":"https:\/\/www.uartes.edu.ec\/sitio\/?p=87663"},"modified":"2026-03-25T09:11:17","modified_gmt":"2026-03-25T14:11:17","slug":"en-tierras-raras-maestrandos-en-artes-visuales-y-nuevos-medios-presentan-sus-trabajos-de-titulacion","status":"publish","type":"post","link":"https:\/\/www.uartes.edu.ec\/sitio\/fr\/blog\/2026\/03\/11\/en-tierras-raras-maestrandos-en-artes-visuales-y-nuevos-medios-presentan-sus-trabajos-de-titulacion\/","title":{"rendered":"En \u201cTierras Raras\u201d con los maestrandos en Artes Visuales y Nuevos Medios"},"content":{"rendered":"<p>En cuatro escenarios, uno de ellos extramuros, la Escuela de Posgrados y la Maestr\u00eda en Artes Visuales y Nuevos Medios de Universidad de las Artes inauguraron este jueves 5 de marzo la exposici\u00f3n \u201cTierras Raras\u201d, la cual presenta los proyectos de titulaci\u00f3n de sus maestrandos:<\/p>\n\n\n\n<p>Jos\u00e9 Luis Espinoza, Fernando Falcon\u00ed, David Moncayo, David Barber\u00e1n, Enrique Land\u00edvar, Andrea Moreira, Gabriel Arroyo, Silvia <em>(Syl)<\/em> Quezada, Mariv\u00ed Su\u00e1rez, Pedro Gonz\u00e1lez, Iv\u00e1n Basurto, Jorge <em>(Chay) <\/em>Velasco y Jimmy Lara.<\/p>\n\n\n\n<p>\u201cTierras Raras\u201d\u202fexperimenta la coexistencia: un territorio que se sostiene en lo invisible, donde cada obra funciona como un nodo palpitante dentro de un universo m\u00e1s complejo. Si el todo es imposible de abarcar, nos queda la sensibilidad para percibir sus ecos. Nos queda la posibilidad de encarnar la complejidad y reconocer que somos, simult\u00e1neamente, materia y transmisi\u00f3n; superficie y subsuelo\u201d, se\u00f1ala el texto de sala de las muestras.<\/p>\n\n\n<div class=\"wp-block-image\">\n<figure class=\"aligncenter size-large\"><img fetchpriority=\"high\" decoding=\"async\" width=\"644\" height=\"429\" src=\"https:\/\/www.uartes.edu.ec\/sitio\/wp-content\/uploads\/2026\/03\/24-MAESTRIA-ARTES-VISUALES-CUARTA-CIF-644x429.jpg\" alt=\"\" class=\"wp-image-87665\" srcset=\"https:\/\/www.uartes.edu.ec\/sitio\/wp-content\/uploads\/2026\/03\/24-MAESTRIA-ARTES-VISUALES-CUARTA-CIF-644x429.jpg 644w, https:\/\/www.uartes.edu.ec\/sitio\/wp-content\/uploads\/2026\/03\/24-MAESTRIA-ARTES-VISUALES-CUARTA-CIF-300x200.jpg 300w, https:\/\/www.uartes.edu.ec\/sitio\/wp-content\/uploads\/2026\/03\/24-MAESTRIA-ARTES-VISUALES-CUARTA-CIF-768x512.jpg 768w, https:\/\/www.uartes.edu.ec\/sitio\/wp-content\/uploads\/2026\/03\/24-MAESTRIA-ARTES-VISUALES-CUARTA-CIF-1536x1024.jpg 1536w, https:\/\/www.uartes.edu.ec\/sitio\/wp-content\/uploads\/2026\/03\/24-MAESTRIA-ARTES-VISUALES-CUARTA-CIF-18x12.jpg 18w, https:\/\/www.uartes.edu.ec\/sitio\/wp-content\/uploads\/2026\/03\/24-MAESTRIA-ARTES-VISUALES-CUARTA-CIF-600x400.jpg 600w, https:\/\/www.uartes.edu.ec\/sitio\/wp-content\/uploads\/2026\/03\/24-MAESTRIA-ARTES-VISUALES-CUARTA-CIF-400x267.jpg 400w, https:\/\/www.uartes.edu.ec\/sitio\/wp-content\/uploads\/2026\/03\/24-MAESTRIA-ARTES-VISUALES-CUARTA-CIF.jpg 2000w\" sizes=\"(max-width: 644px) 100vw, 644px\" \/><\/figure>\n<\/div>\n\n\n<figure class=\"wp-block-gallery has-nested-images columns-default is-cropped wp-block-gallery-1 is-layout-flex wp-block-gallery-is-layout-flex\">\n<figure class=\"wp-block-image size-large\"><img decoding=\"async\" width=\"644\" height=\"429\" data-id=\"87669\" src=\"https:\/\/www.uartes.edu.ec\/sitio\/wp-content\/uploads\/2026\/03\/09-MAESTRIA-ARTES-VISUALES-CIF-644x429.jpg\" alt=\"\" class=\"wp-image-87669\" srcset=\"https:\/\/www.uartes.edu.ec\/sitio\/wp-content\/uploads\/2026\/03\/09-MAESTRIA-ARTES-VISUALES-CIF-644x429.jpg 644w, https:\/\/www.uartes.edu.ec\/sitio\/wp-content\/uploads\/2026\/03\/09-MAESTRIA-ARTES-VISUALES-CIF-300x200.jpg 300w, https:\/\/www.uartes.edu.ec\/sitio\/wp-content\/uploads\/2026\/03\/09-MAESTRIA-ARTES-VISUALES-CIF-768x512.jpg 768w, https:\/\/www.uartes.edu.ec\/sitio\/wp-content\/uploads\/2026\/03\/09-MAESTRIA-ARTES-VISUALES-CIF-1536x1024.jpg 1536w, https:\/\/www.uartes.edu.ec\/sitio\/wp-content\/uploads\/2026\/03\/09-MAESTRIA-ARTES-VISUALES-CIF-18x12.jpg 18w, https:\/\/www.uartes.edu.ec\/sitio\/wp-content\/uploads\/2026\/03\/09-MAESTRIA-ARTES-VISUALES-CIF-600x400.jpg 600w, https:\/\/www.uartes.edu.ec\/sitio\/wp-content\/uploads\/2026\/03\/09-MAESTRIA-ARTES-VISUALES-CIF-400x267.jpg 400w, https:\/\/www.uartes.edu.ec\/sitio\/wp-content\/uploads\/2026\/03\/09-MAESTRIA-ARTES-VISUALES-CIF.jpg 2000w\" sizes=\"(max-width: 644px) 100vw, 644px\" \/><\/figure>\n\n\n\n<figure class=\"wp-block-image size-large\"><img decoding=\"async\" width=\"644\" height=\"429\" data-id=\"87670\" src=\"https:\/\/www.uartes.edu.ec\/sitio\/wp-content\/uploads\/2026\/03\/10-MAESTRIA-ARTES-VISUALES-CIF-BODEGAS-644x429.jpg\" alt=\"\" class=\"wp-image-87670\" srcset=\"https:\/\/www.uartes.edu.ec\/sitio\/wp-content\/uploads\/2026\/03\/10-MAESTRIA-ARTES-VISUALES-CIF-BODEGAS-644x429.jpg 644w, https:\/\/www.uartes.edu.ec\/sitio\/wp-content\/uploads\/2026\/03\/10-MAESTRIA-ARTES-VISUALES-CIF-BODEGAS-300x200.jpg 300w, https:\/\/www.uartes.edu.ec\/sitio\/wp-content\/uploads\/2026\/03\/10-MAESTRIA-ARTES-VISUALES-CIF-BODEGAS-768x512.jpg 768w, https:\/\/www.uartes.edu.ec\/sitio\/wp-content\/uploads\/2026\/03\/10-MAESTRIA-ARTES-VISUALES-CIF-BODEGAS-1536x1024.jpg 1536w, https:\/\/www.uartes.edu.ec\/sitio\/wp-content\/uploads\/2026\/03\/10-MAESTRIA-ARTES-VISUALES-CIF-BODEGAS-18x12.jpg 18w, https:\/\/www.uartes.edu.ec\/sitio\/wp-content\/uploads\/2026\/03\/10-MAESTRIA-ARTES-VISUALES-CIF-BODEGAS-600x400.jpg 600w, https:\/\/www.uartes.edu.ec\/sitio\/wp-content\/uploads\/2026\/03\/10-MAESTRIA-ARTES-VISUALES-CIF-BODEGAS-400x267.jpg 400w, https:\/\/www.uartes.edu.ec\/sitio\/wp-content\/uploads\/2026\/03\/10-MAESTRIA-ARTES-VISUALES-CIF-BODEGAS.jpg 2000w\" sizes=\"(max-width: 644px) 100vw, 644px\" \/><\/figure>\n\n\n\n<figure class=\"wp-block-image size-large\"><img loading=\"lazy\" decoding=\"async\" width=\"644\" height=\"429\" data-id=\"87671\" src=\"https:\/\/www.uartes.edu.ec\/sitio\/wp-content\/uploads\/2026\/03\/10-MAESTRIA-ARTES-VISUALES-CIF-BODEGAS-OK-644x429.jpg\" alt=\"\" class=\"wp-image-87671\" srcset=\"https:\/\/www.uartes.edu.ec\/sitio\/wp-content\/uploads\/2026\/03\/10-MAESTRIA-ARTES-VISUALES-CIF-BODEGAS-OK-644x429.jpg 644w, https:\/\/www.uartes.edu.ec\/sitio\/wp-content\/uploads\/2026\/03\/10-MAESTRIA-ARTES-VISUALES-CIF-BODEGAS-OK-300x200.jpg 300w, https:\/\/www.uartes.edu.ec\/sitio\/wp-content\/uploads\/2026\/03\/10-MAESTRIA-ARTES-VISUALES-CIF-BODEGAS-OK-768x512.jpg 768w, https:\/\/www.uartes.edu.ec\/sitio\/wp-content\/uploads\/2026\/03\/10-MAESTRIA-ARTES-VISUALES-CIF-BODEGAS-OK-1536x1024.jpg 1536w, https:\/\/www.uartes.edu.ec\/sitio\/wp-content\/uploads\/2026\/03\/10-MAESTRIA-ARTES-VISUALES-CIF-BODEGAS-OK-18x12.jpg 18w, https:\/\/www.uartes.edu.ec\/sitio\/wp-content\/uploads\/2026\/03\/10-MAESTRIA-ARTES-VISUALES-CIF-BODEGAS-OK-600x400.jpg 600w, https:\/\/www.uartes.edu.ec\/sitio\/wp-content\/uploads\/2026\/03\/10-MAESTRIA-ARTES-VISUALES-CIF-BODEGAS-OK-400x267.jpg 400w, https:\/\/www.uartes.edu.ec\/sitio\/wp-content\/uploads\/2026\/03\/10-MAESTRIA-ARTES-VISUALES-CIF-BODEGAS-OK.jpg 2000w\" sizes=\"(max-width: 644px) 100vw, 644px\" \/><\/figure>\n<\/figure>\n\n\n\n<p>Es el artista y docente Ilich Castillo, coordinador de la Maestr\u00eda en Artes Visuales y Nuevos Medios quien lo comparte, detall\u00e1ndose en otra parte del contenido \u201cque habitamos sistemas cuya escala \u2013ecol\u00f3gica, pol\u00edtica, tecnol\u00f3gica\u2013 excede nuestra capacidad de comprensi\u00f3n. Nos movemos dentro de mareas de datos, econom\u00edas extractivas y paisajes transformados por procesos que rara vez vemos en su totalidad\u201d.<\/p>\n\n\n\n<p>Las doce propuestas no intentan explicar esas estructuras, sino se\u00f1alar sus fluctuaciones, capturar sus destellos, interferencias, y resonancias de manera aut\u00f3noma para luego reconocer que hemos estado terraformando, se concluye.<\/p>\n\n\n\n<h3 class=\"wp-block-heading\">Los espacios, exposiciones y obras<\/h3>\n\n\n\n<p>En la Galer\u00eda CIF del MZ14 Centro de Producci\u00f3n e Innovaci\u00f3n UArtes, se encuentra \u201c\u00c9PSILON\u201d, con obras de Jos\u00e9 Luis Espinoza, Fernando Falcon\u00ed, David Moncayo, David Barber\u00e1n y Enrique Land\u00edvar. En el mismo espacio est\u00e1n: en el denominado Taller Lateral, la muestra \u201cANASTOMOS\u201d propuesta por Andrea Moreira; y en el Project Room (como sede temporal), el Instituto Ecuatoriano del Chapeteo (IEC), presentado en el contexto de \u201cTierras Raras\u201d.<\/p>\n\n\n<div class=\"wp-block-image\">\n<figure class=\"aligncenter size-large\"><img loading=\"lazy\" decoding=\"async\" width=\"644\" height=\"429\" src=\"https:\/\/www.uartes.edu.ec\/sitio\/wp-content\/uploads\/2026\/03\/22-MAESTRIA-ARTES-VISUALES-CUARTA-PARED-644x429.jpg\" alt=\"\" class=\"wp-image-87672\" srcset=\"https:\/\/www.uartes.edu.ec\/sitio\/wp-content\/uploads\/2026\/03\/22-MAESTRIA-ARTES-VISUALES-CUARTA-PARED-644x429.jpg 644w, https:\/\/www.uartes.edu.ec\/sitio\/wp-content\/uploads\/2026\/03\/22-MAESTRIA-ARTES-VISUALES-CUARTA-PARED-300x200.jpg 300w, https:\/\/www.uartes.edu.ec\/sitio\/wp-content\/uploads\/2026\/03\/22-MAESTRIA-ARTES-VISUALES-CUARTA-PARED-768x512.jpg 768w, https:\/\/www.uartes.edu.ec\/sitio\/wp-content\/uploads\/2026\/03\/22-MAESTRIA-ARTES-VISUALES-CUARTA-PARED-1536x1024.jpg 1536w, https:\/\/www.uartes.edu.ec\/sitio\/wp-content\/uploads\/2026\/03\/22-MAESTRIA-ARTES-VISUALES-CUARTA-PARED-18x12.jpg 18w, https:\/\/www.uartes.edu.ec\/sitio\/wp-content\/uploads\/2026\/03\/22-MAESTRIA-ARTES-VISUALES-CUARTA-PARED-600x400.jpg 600w, https:\/\/www.uartes.edu.ec\/sitio\/wp-content\/uploads\/2026\/03\/22-MAESTRIA-ARTES-VISUALES-CUARTA-PARED-400x267.jpg 400w, https:\/\/www.uartes.edu.ec\/sitio\/wp-content\/uploads\/2026\/03\/22-MAESTRIA-ARTES-VISUALES-CUARTA-PARED.jpg 2000w\" sizes=\"(max-width: 644px) 100vw, 644px\" \/><\/figure>\n<\/div>\n\n\n<figure class=\"wp-block-gallery has-nested-images columns-default is-cropped wp-block-gallery-2 is-layout-flex wp-block-gallery-is-layout-flex\">\n<figure class=\"wp-block-image size-large\"><img loading=\"lazy\" decoding=\"async\" width=\"644\" height=\"429\" data-id=\"87674\" src=\"https:\/\/www.uartes.edu.ec\/sitio\/wp-content\/uploads\/2026\/03\/17-MAESTRIA-ARTES-VISUALES-CUARTA-PARED-644x429.jpg\" alt=\"\" class=\"wp-image-87674\" srcset=\"https:\/\/www.uartes.edu.ec\/sitio\/wp-content\/uploads\/2026\/03\/17-MAESTRIA-ARTES-VISUALES-CUARTA-PARED-644x429.jpg 644w, https:\/\/www.uartes.edu.ec\/sitio\/wp-content\/uploads\/2026\/03\/17-MAESTRIA-ARTES-VISUALES-CUARTA-PARED-300x200.jpg 300w, https:\/\/www.uartes.edu.ec\/sitio\/wp-content\/uploads\/2026\/03\/17-MAESTRIA-ARTES-VISUALES-CUARTA-PARED-768x512.jpg 768w, https:\/\/www.uartes.edu.ec\/sitio\/wp-content\/uploads\/2026\/03\/17-MAESTRIA-ARTES-VISUALES-CUARTA-PARED-1536x1024.jpg 1536w, https:\/\/www.uartes.edu.ec\/sitio\/wp-content\/uploads\/2026\/03\/17-MAESTRIA-ARTES-VISUALES-CUARTA-PARED-18x12.jpg 18w, https:\/\/www.uartes.edu.ec\/sitio\/wp-content\/uploads\/2026\/03\/17-MAESTRIA-ARTES-VISUALES-CUARTA-PARED-600x400.jpg 600w, https:\/\/www.uartes.edu.ec\/sitio\/wp-content\/uploads\/2026\/03\/17-MAESTRIA-ARTES-VISUALES-CUARTA-PARED-400x267.jpg 400w, https:\/\/www.uartes.edu.ec\/sitio\/wp-content\/uploads\/2026\/03\/17-MAESTRIA-ARTES-VISUALES-CUARTA-PARED.jpg 2000w\" sizes=\"(max-width: 644px) 100vw, 644px\" \/><\/figure>\n\n\n\n<figure class=\"wp-block-image size-large\"><img loading=\"lazy\" decoding=\"async\" width=\"644\" height=\"429\" data-id=\"87673\" src=\"https:\/\/www.uartes.edu.ec\/sitio\/wp-content\/uploads\/2026\/03\/20-MAESTRIA-ARTES-VISUALES-CIF-644x429.jpg\" alt=\"\" class=\"wp-image-87673\" srcset=\"https:\/\/www.uartes.edu.ec\/sitio\/wp-content\/uploads\/2026\/03\/20-MAESTRIA-ARTES-VISUALES-CIF-644x429.jpg 644w, https:\/\/www.uartes.edu.ec\/sitio\/wp-content\/uploads\/2026\/03\/20-MAESTRIA-ARTES-VISUALES-CIF-300x200.jpg 300w, https:\/\/www.uartes.edu.ec\/sitio\/wp-content\/uploads\/2026\/03\/20-MAESTRIA-ARTES-VISUALES-CIF-768x512.jpg 768w, https:\/\/www.uartes.edu.ec\/sitio\/wp-content\/uploads\/2026\/03\/20-MAESTRIA-ARTES-VISUALES-CIF-1536x1024.jpg 1536w, https:\/\/www.uartes.edu.ec\/sitio\/wp-content\/uploads\/2026\/03\/20-MAESTRIA-ARTES-VISUALES-CIF-18x12.jpg 18w, https:\/\/www.uartes.edu.ec\/sitio\/wp-content\/uploads\/2026\/03\/20-MAESTRIA-ARTES-VISUALES-CIF-600x400.jpg 600w, https:\/\/www.uartes.edu.ec\/sitio\/wp-content\/uploads\/2026\/03\/20-MAESTRIA-ARTES-VISUALES-CIF-400x267.jpg 400w, https:\/\/www.uartes.edu.ec\/sitio\/wp-content\/uploads\/2026\/03\/20-MAESTRIA-ARTES-VISUALES-CIF.jpg 2000w\" sizes=\"(max-width: 644px) 100vw, 644px\" \/><\/figure>\n\n\n\n<figure class=\"wp-block-image size-large\"><img loading=\"lazy\" decoding=\"async\" width=\"644\" height=\"429\" data-id=\"87675\" src=\"https:\/\/www.uartes.edu.ec\/sitio\/wp-content\/uploads\/2026\/03\/27-MAESTRIA-ARTES-VISUALES-NAHIM-ISAIAS-644x429.jpg\" alt=\"\" class=\"wp-image-87675\" srcset=\"https:\/\/www.uartes.edu.ec\/sitio\/wp-content\/uploads\/2026\/03\/27-MAESTRIA-ARTES-VISUALES-NAHIM-ISAIAS-644x429.jpg 644w, https:\/\/www.uartes.edu.ec\/sitio\/wp-content\/uploads\/2026\/03\/27-MAESTRIA-ARTES-VISUALES-NAHIM-ISAIAS-300x200.jpg 300w, https:\/\/www.uartes.edu.ec\/sitio\/wp-content\/uploads\/2026\/03\/27-MAESTRIA-ARTES-VISUALES-NAHIM-ISAIAS-768x512.jpg 768w, https:\/\/www.uartes.edu.ec\/sitio\/wp-content\/uploads\/2026\/03\/27-MAESTRIA-ARTES-VISUALES-NAHIM-ISAIAS-1536x1024.jpg 1536w, https:\/\/www.uartes.edu.ec\/sitio\/wp-content\/uploads\/2026\/03\/27-MAESTRIA-ARTES-VISUALES-NAHIM-ISAIAS-18x12.jpg 18w, https:\/\/www.uartes.edu.ec\/sitio\/wp-content\/uploads\/2026\/03\/27-MAESTRIA-ARTES-VISUALES-NAHIM-ISAIAS-600x400.jpg 600w, https:\/\/www.uartes.edu.ec\/sitio\/wp-content\/uploads\/2026\/03\/27-MAESTRIA-ARTES-VISUALES-NAHIM-ISAIAS-400x267.jpg 400w, https:\/\/www.uartes.edu.ec\/sitio\/wp-content\/uploads\/2026\/03\/27-MAESTRIA-ARTES-VISUALES-NAHIM-ISAIAS.jpg 2000w\" sizes=\"(max-width: 644px) 100vw, 644px\" \/><\/figure>\n<\/figure>\n\n\n\n<p><\/p>\n\n\n\n<p>En la Galer\u00eda 4ta Pared de la Biblioteca de las Artes, se exhiben las obras de \u201cMIXCELIOS\u201d de los maestrandos y artistas Gabriel Arroyo, Silvia (<em>Syl)<\/em> Quezada, Mariv\u00ed Su\u00e1rez, Pedro Gonz\u00e1lez e Iv\u00e1n Basurto.<\/p>\n\n\n\n<p>En la sala 5 del Museo Nahim Isa\u00edas, Jimmy Lara expone \u201cGENEALOG\u00cdA DE LO IN-VISIBLE\u201d. Y en la sala La Rotativa del edificio El Tel\u00e9grafo est\u00e1 Jorge <em>(Chay)<\/em> Velasco con \u201cCANTO RODADO\u201d. Estas actividades con el acompa\u00f1amiento de los docentes Cristian Villavicencio y Giada Lusardi.<\/p>\n\n\n\n<p>Paralelo con las exposiciones, la Maestr\u00eda de Artes Visuales y Nuevos Medios organiz\u00f3 actividades como \u201cEsto no es un taller de Videoarte\u201d, dictado el 9 y 10 de marzo por Pedro Gonz\u00e1lez en el taller contiguo a la galer\u00eda 4ta Pared de la Biblioteca de las Artes.<\/p>\n\n\n\n<p>En ese mismo espacio, para este 17 de marzo, de 10:00 a 13:30, est\u00e1 previsto el taller perform\u00e1tico \u201cC\u00f3mo elegir tu chapa\u201d, facilitado por Iv\u00e1n Basurto; y para el 18, en igual horario, el \u201cLaboratorio de Nubes\u201d, a cargo de Gabriel Arroyo. El jueves 19 de marzo, de 13:00 a 19:00, en la Plaza P\u00fablica del MZ14 se desarrollar\u00e1 el evento \u201cFuerzas de Dislexia\u201d, con el artista Gabriel Arroyo.&nbsp;<\/p>\n\n\n\n<figure class=\"wp-block-gallery has-nested-images columns-default is-cropped wp-block-gallery-3 is-layout-flex wp-block-gallery-is-layout-flex\">\n<figure class=\"wp-block-image size-large\"><img loading=\"lazy\" decoding=\"async\" width=\"644\" height=\"429\" data-id=\"87676\" src=\"https:\/\/www.uartes.edu.ec\/sitio\/wp-content\/uploads\/2026\/03\/13-MAESTRIA-ARTES-VISUALES-CUARTA-PARED-644x429.jpg\" alt=\"\" class=\"wp-image-87676\" srcset=\"https:\/\/www.uartes.edu.ec\/sitio\/wp-content\/uploads\/2026\/03\/13-MAESTRIA-ARTES-VISUALES-CUARTA-PARED-644x429.jpg 644w, https:\/\/www.uartes.edu.ec\/sitio\/wp-content\/uploads\/2026\/03\/13-MAESTRIA-ARTES-VISUALES-CUARTA-PARED-300x200.jpg 300w, https:\/\/www.uartes.edu.ec\/sitio\/wp-content\/uploads\/2026\/03\/13-MAESTRIA-ARTES-VISUALES-CUARTA-PARED-768x512.jpg 768w, https:\/\/www.uartes.edu.ec\/sitio\/wp-content\/uploads\/2026\/03\/13-MAESTRIA-ARTES-VISUALES-CUARTA-PARED-1536x1024.jpg 1536w, https:\/\/www.uartes.edu.ec\/sitio\/wp-content\/uploads\/2026\/03\/13-MAESTRIA-ARTES-VISUALES-CUARTA-PARED-18x12.jpg 18w, https:\/\/www.uartes.edu.ec\/sitio\/wp-content\/uploads\/2026\/03\/13-MAESTRIA-ARTES-VISUALES-CUARTA-PARED-600x400.jpg 600w, https:\/\/www.uartes.edu.ec\/sitio\/wp-content\/uploads\/2026\/03\/13-MAESTRIA-ARTES-VISUALES-CUARTA-PARED-400x267.jpg 400w, https:\/\/www.uartes.edu.ec\/sitio\/wp-content\/uploads\/2026\/03\/13-MAESTRIA-ARTES-VISUALES-CUARTA-PARED.jpg 2000w\" sizes=\"(max-width: 644px) 100vw, 644px\" \/><\/figure>\n\n\n\n<figure class=\"wp-block-image size-large\"><img loading=\"lazy\" decoding=\"async\" width=\"644\" height=\"429\" data-id=\"87677\" src=\"https:\/\/www.uartes.edu.ec\/sitio\/wp-content\/uploads\/2026\/03\/14-MAESTRIA-ARTES-VISUALES-PROJECT-ROOM-644x429.jpg\" alt=\"\" class=\"wp-image-87677\" srcset=\"https:\/\/www.uartes.edu.ec\/sitio\/wp-content\/uploads\/2026\/03\/14-MAESTRIA-ARTES-VISUALES-PROJECT-ROOM-644x429.jpg 644w, https:\/\/www.uartes.edu.ec\/sitio\/wp-content\/uploads\/2026\/03\/14-MAESTRIA-ARTES-VISUALES-PROJECT-ROOM-300x200.jpg 300w, https:\/\/www.uartes.edu.ec\/sitio\/wp-content\/uploads\/2026\/03\/14-MAESTRIA-ARTES-VISUALES-PROJECT-ROOM-768x512.jpg 768w, https:\/\/www.uartes.edu.ec\/sitio\/wp-content\/uploads\/2026\/03\/14-MAESTRIA-ARTES-VISUALES-PROJECT-ROOM-1536x1024.jpg 1536w, https:\/\/www.uartes.edu.ec\/sitio\/wp-content\/uploads\/2026\/03\/14-MAESTRIA-ARTES-VISUALES-PROJECT-ROOM-18x12.jpg 18w, https:\/\/www.uartes.edu.ec\/sitio\/wp-content\/uploads\/2026\/03\/14-MAESTRIA-ARTES-VISUALES-PROJECT-ROOM-600x400.jpg 600w, https:\/\/www.uartes.edu.ec\/sitio\/wp-content\/uploads\/2026\/03\/14-MAESTRIA-ARTES-VISUALES-PROJECT-ROOM-400x267.jpg 400w, https:\/\/www.uartes.edu.ec\/sitio\/wp-content\/uploads\/2026\/03\/14-MAESTRIA-ARTES-VISUALES-PROJECT-ROOM.jpg 2000w\" sizes=\"(max-width: 644px) 100vw, 644px\" \/><\/figure>\n<\/figure>\n\n\n\n<figure class=\"wp-block-gallery has-nested-images columns-default is-cropped wp-block-gallery-4 is-layout-flex wp-block-gallery-is-layout-flex\">\n<figure class=\"wp-block-image size-large\"><img loading=\"lazy\" decoding=\"async\" width=\"644\" height=\"429\" data-id=\"87678\" src=\"https:\/\/www.uartes.edu.ec\/sitio\/wp-content\/uploads\/2026\/03\/01-tierras-raras-chay-artes-visuales-1-644x429.jpg\" alt=\"\" class=\"wp-image-87678\" srcset=\"https:\/\/www.uartes.edu.ec\/sitio\/wp-content\/uploads\/2026\/03\/01-tierras-raras-chay-artes-visuales-1-644x429.jpg 644w, https:\/\/www.uartes.edu.ec\/sitio\/wp-content\/uploads\/2026\/03\/01-tierras-raras-chay-artes-visuales-1-300x200.jpg 300w, https:\/\/www.uartes.edu.ec\/sitio\/wp-content\/uploads\/2026\/03\/01-tierras-raras-chay-artes-visuales-1-768x512.jpg 768w, https:\/\/www.uartes.edu.ec\/sitio\/wp-content\/uploads\/2026\/03\/01-tierras-raras-chay-artes-visuales-1-1536x1024.jpg 1536w, https:\/\/www.uartes.edu.ec\/sitio\/wp-content\/uploads\/2026\/03\/01-tierras-raras-chay-artes-visuales-1-18x12.jpg 18w, https:\/\/www.uartes.edu.ec\/sitio\/wp-content\/uploads\/2026\/03\/01-tierras-raras-chay-artes-visuales-1-600x400.jpg 600w, https:\/\/www.uartes.edu.ec\/sitio\/wp-content\/uploads\/2026\/03\/01-tierras-raras-chay-artes-visuales-1-400x267.jpg 400w, https:\/\/www.uartes.edu.ec\/sitio\/wp-content\/uploads\/2026\/03\/01-tierras-raras-chay-artes-visuales-1.jpg 2000w\" sizes=\"(max-width: 644px) 100vw, 644px\" \/><\/figure>\n\n\n\n<figure class=\"wp-block-image size-large\"><img loading=\"lazy\" decoding=\"async\" width=\"644\" height=\"429\" data-id=\"87679\" src=\"https:\/\/www.uartes.edu.ec\/sitio\/wp-content\/uploads\/2026\/03\/02-tierras-raras-chay-artes-visuales-1-644x429.jpg\" alt=\"\" class=\"wp-image-87679\" srcset=\"https:\/\/www.uartes.edu.ec\/sitio\/wp-content\/uploads\/2026\/03\/02-tierras-raras-chay-artes-visuales-1-644x429.jpg 644w, https:\/\/www.uartes.edu.ec\/sitio\/wp-content\/uploads\/2026\/03\/02-tierras-raras-chay-artes-visuales-1-300x200.jpg 300w, https:\/\/www.uartes.edu.ec\/sitio\/wp-content\/uploads\/2026\/03\/02-tierras-raras-chay-artes-visuales-1-768x512.jpg 768w, https:\/\/www.uartes.edu.ec\/sitio\/wp-content\/uploads\/2026\/03\/02-tierras-raras-chay-artes-visuales-1-1536x1024.jpg 1536w, https:\/\/www.uartes.edu.ec\/sitio\/wp-content\/uploads\/2026\/03\/02-tierras-raras-chay-artes-visuales-1-18x12.jpg 18w, https:\/\/www.uartes.edu.ec\/sitio\/wp-content\/uploads\/2026\/03\/02-tierras-raras-chay-artes-visuales-1-600x400.jpg 600w, https:\/\/www.uartes.edu.ec\/sitio\/wp-content\/uploads\/2026\/03\/02-tierras-raras-chay-artes-visuales-1-400x267.jpg 400w, https:\/\/www.uartes.edu.ec\/sitio\/wp-content\/uploads\/2026\/03\/02-tierras-raras-chay-artes-visuales-1.jpg 2000w\" sizes=\"(max-width: 644px) 100vw, 644px\" \/><\/figure>\n<\/figure>\n\n\n\n<p><\/p>\n\n\n\n<p>Texto: colaboraci\u00f3n del artista y docente Ilich Castillo, coordinador de la Maestr\u00eda de Artes Visuales y Nuevos Medios. Edici\u00f3n: Carmen Cortez\/Dircom. Fotos: Tyrone Maridue\u00f1a\/Dircom.<\/p>","protected":false},"excerpt":{"rendered":"<p>En cuatro escenarios, uno de ellos extramuros, la Escuela de Posgrados y la Maestr\u00eda en Artes Visuales y Nuevos Medios inauguraron este jueves 5 de marzo la exposici\u00f3n \u201cTierras Raras\u201d, la cual presenta los proyectos de titulaci\u00f3n de sus maestrandos: Jos\u00e9 Luis Espinoza, Fernando Falcon\u00ed, David Moncayo, David Barber\u00e1n, Enrique Land\u00edvar, Andrea Moreira, Gabriel Arroyo, Silvia (Syl) Quezada, Mariv\u00ed Su\u00e1rez, Pedro Gonz\u00e1lez, Iv\u00e1n Basurto, Jorge (Chay) Velasco y Jimmy Lara.<\/p>","protected":false},"author":10,"featured_media":87664,"comment_status":"open","ping_status":"open","sticky":false,"template":"","format":"standard","meta":{"_acf_changed":false,"_uag_custom_page_level_css":"","_monsterinsights_skip_tracking":false,"_monsterinsights_sitenote_active":false,"_monsterinsights_sitenote_note":"","_monsterinsights_sitenote_category":0,"cybocfi_hide_featured_image":"","footnotes":""},"categories":[80,82,75,76,77,284,264,83],"tags":[518],"infouartes":[],"class_list":["post-87663","post","type-post","status-publish","format-standard","has-post-thumbnail","hentry","category-academico","category-artes","category-docentes","category-estudiantes","category-gestion","category-investigacion","category-maestrias","category-sedes","tag-produccion"],"acf":[],"yoast_head":"<!-- This site is optimized with the Yoast SEO plugin v27.4 - https:\/\/yoast.com\/product\/yoast-seo-wordpress\/ -->\n<title>Universidad de las Artes - En \u201cTierras Raras\u201d con los maestrandos en Artes Visuales y Nuevos Medios<\/title>\n<meta name=\"description\" content=\"Universidad de las Artes - En \u201cTierras Raras\u201d con los maestrandos en Artes Visuales y Nuevos Medios\" \/>\n<meta name=\"robots\" content=\"index, follow, max-snippet:-1, max-image-preview:large, max-video-preview:-1\" \/>\n<link rel=\"canonical\" href=\"https:\/\/www.uartes.edu.ec\/sitio\/fr\/blog\/2026\/03\/11\/en-tierras-raras-maestrandos-en-artes-visuales-y-nuevos-medios-presentan-sus-trabajos-de-titulacion\/\" \/>\n<meta property=\"og:locale\" content=\"fr_FR\" \/>\n<meta property=\"og:type\" content=\"article\" \/>\n<meta property=\"og:title\" content=\"Universidad de las Artes - En \u201cTierras Raras\u201d con los maestrandos en Artes Visuales y Nuevos Medios\" \/>\n<meta property=\"og:description\" content=\"Universidad de las Artes - En \u201cTierras Raras\u201d con los maestrandos en Artes Visuales y Nuevos Medios\" \/>\n<meta property=\"og:url\" content=\"https:\/\/www.uartes.edu.ec\/sitio\/fr\/blog\/2026\/03\/11\/en-tierras-raras-maestrandos-en-artes-visuales-y-nuevos-medios-presentan-sus-trabajos-de-titulacion\/\" \/>\n<meta property=\"og:site_name\" content=\"Universidad de las Artes\" \/>\n<meta property=\"article:publisher\" content=\"https:\/\/www.facebook.com\/uartesec\" \/>\n<meta property=\"article:published_time\" content=\"2026-03-12T00:17:51+00:00\" \/>\n<meta property=\"article:modified_time\" content=\"2026-03-25T14:11:17+00:00\" \/>\n<meta property=\"og:image\" content=\"https:\/\/www.uartes.edu.ec\/sitio\/wp-content\/uploads\/2026\/03\/12-MAESTRIA-ARTES-VISUALES-CIF.jpg\" \/>\n\t<meta property=\"og:image:width\" content=\"2000\" \/>\n\t<meta property=\"og:image:height\" content=\"1333\" \/>\n\t<meta property=\"og:image:type\" content=\"image\/jpeg\" \/>\n<meta name=\"author\" content=\"ccortez\" \/>\n<meta name=\"twitter:card\" content=\"summary_large_image\" \/>\n<meta name=\"twitter:creator\" content=\"@uartesec\" \/>\n<meta name=\"twitter:site\" content=\"@uartesec\" \/>\n<meta name=\"twitter:label1\" content=\"\u00c9crit par\" \/>\n\t<meta name=\"twitter:data1\" content=\"ccortez\" \/>\n\t<meta name=\"twitter:label2\" content=\"Dur\u00e9e de lecture estim\u00e9e\" \/>\n\t<meta name=\"twitter:data2\" content=\"3 minutes\" \/>\n<script type=\"application\/ld+json\" class=\"yoast-schema-graph\">{\"@context\":\"https:\\\/\\\/schema.org\",\"@graph\":[{\"@type\":\"Article\",\"@id\":\"https:\\\/\\\/www.uartes.edu.ec\\\/sitio\\\/fr\\\/blog\\\/2026\\\/03\\\/11\\\/en-tierras-raras-maestrandos-en-artes-visuales-y-nuevos-medios-presentan-sus-trabajos-de-titulacion\\\/#article\",\"isPartOf\":{\"@id\":\"https:\\\/\\\/www.uartes.edu.ec\\\/sitio\\\/fr\\\/blog\\\/2026\\\/03\\\/11\\\/en-tierras-raras-maestrandos-en-artes-visuales-y-nuevos-medios-presentan-sus-trabajos-de-titulacion\\\/\"},\"author\":{\"name\":\"ccortez\",\"@id\":\"https:\\\/\\\/www.uartes.edu.ec\\\/sitio\\\/fr\\\/#\\\/schema\\\/person\\\/efa1b8275797664fd7f13a79ccc0b1f4\"},\"headline\":\"En \u201cTierras Raras\u201d con los maestrandos en Artes Visuales y Nuevos Medios\",\"datePublished\":\"2026-03-12T00:17:51+00:00\",\"dateModified\":\"2026-03-25T14:11:17+00:00\",\"mainEntityOfPage\":{\"@id\":\"https:\\\/\\\/www.uartes.edu.ec\\\/sitio\\\/fr\\\/blog\\\/2026\\\/03\\\/11\\\/en-tierras-raras-maestrandos-en-artes-visuales-y-nuevos-medios-presentan-sus-trabajos-de-titulacion\\\/\"},\"wordCount\":576,\"commentCount\":0,\"publisher\":{\"@id\":\"https:\\\/\\\/www.uartes.edu.ec\\\/sitio\\\/fr\\\/#organization\"},\"image\":{\"@id\":\"https:\\\/\\\/www.uartes.edu.ec\\\/sitio\\\/fr\\\/blog\\\/2026\\\/03\\\/11\\\/en-tierras-raras-maestrandos-en-artes-visuales-y-nuevos-medios-presentan-sus-trabajos-de-titulacion\\\/#primaryimage\"},\"thumbnailUrl\":\"https:\\\/\\\/www.uartes.edu.ec\\\/sitio\\\/wp-content\\\/uploads\\\/2026\\\/03\\\/12-MAESTRIA-ARTES-VISUALES-CIF.jpg\",\"keywords\":[\"producci\u00f3n\"],\"articleSection\":[\"Acad\u00e9mico\",\"Artes\",\"Docentes\",\"Estudiantes\",\"Gesti\u00f3n\",\"Investigaci\u00f3n\",\"Maestr\u00edas\",\"Sedes\"],\"inLanguage\":\"fr-FR\",\"potentialAction\":[{\"@type\":\"CommentAction\",\"name\":\"Comment\",\"target\":[\"https:\\\/\\\/www.uartes.edu.ec\\\/sitio\\\/fr\\\/blog\\\/2026\\\/03\\\/11\\\/en-tierras-raras-maestrandos-en-artes-visuales-y-nuevos-medios-presentan-sus-trabajos-de-titulacion\\\/#respond\"]}]},{\"@type\":[\"WebPage\",\"ItemPage\"],\"@id\":\"https:\\\/\\\/www.uartes.edu.ec\\\/sitio\\\/fr\\\/blog\\\/2026\\\/03\\\/11\\\/en-tierras-raras-maestrandos-en-artes-visuales-y-nuevos-medios-presentan-sus-trabajos-de-titulacion\\\/\",\"url\":\"https:\\\/\\\/www.uartes.edu.ec\\\/sitio\\\/fr\\\/blog\\\/2026\\\/03\\\/11\\\/en-tierras-raras-maestrandos-en-artes-visuales-y-nuevos-medios-presentan-sus-trabajos-de-titulacion\\\/\",\"name\":\"Universidad de las Artes - En \u201cTierras Raras\u201d con los maestrandos en Artes Visuales y Nuevos Medios\",\"isPartOf\":{\"@id\":\"https:\\\/\\\/www.uartes.edu.ec\\\/sitio\\\/fr\\\/#website\"},\"primaryImageOfPage\":{\"@id\":\"https:\\\/\\\/www.uartes.edu.ec\\\/sitio\\\/fr\\\/blog\\\/2026\\\/03\\\/11\\\/en-tierras-raras-maestrandos-en-artes-visuales-y-nuevos-medios-presentan-sus-trabajos-de-titulacion\\\/#primaryimage\"},\"image\":{\"@id\":\"https:\\\/\\\/www.uartes.edu.ec\\\/sitio\\\/fr\\\/blog\\\/2026\\\/03\\\/11\\\/en-tierras-raras-maestrandos-en-artes-visuales-y-nuevos-medios-presentan-sus-trabajos-de-titulacion\\\/#primaryimage\"},\"thumbnailUrl\":\"https:\\\/\\\/www.uartes.edu.ec\\\/sitio\\\/wp-content\\\/uploads\\\/2026\\\/03\\\/12-MAESTRIA-ARTES-VISUALES-CIF.jpg\",\"datePublished\":\"2026-03-12T00:17:51+00:00\",\"dateModified\":\"2026-03-25T14:11:17+00:00\",\"description\":\"Universidad de las Artes - En \u201cTierras Raras\u201d con los maestrandos en Artes Visuales y Nuevos Medios\",\"breadcrumb\":{\"@id\":\"https:\\\/\\\/www.uartes.edu.ec\\\/sitio\\\/fr\\\/blog\\\/2026\\\/03\\\/11\\\/en-tierras-raras-maestrandos-en-artes-visuales-y-nuevos-medios-presentan-sus-trabajos-de-titulacion\\\/#breadcrumb\"},\"inLanguage\":\"fr-FR\",\"potentialAction\":[{\"@type\":\"ReadAction\",\"target\":[\"https:\\\/\\\/www.uartes.edu.ec\\\/sitio\\\/fr\\\/blog\\\/2026\\\/03\\\/11\\\/en-tierras-raras-maestrandos-en-artes-visuales-y-nuevos-medios-presentan-sus-trabajos-de-titulacion\\\/\"]}]},{\"@type\":\"ImageObject\",\"inLanguage\":\"fr-FR\",\"@id\":\"https:\\\/\\\/www.uartes.edu.ec\\\/sitio\\\/fr\\\/blog\\\/2026\\\/03\\\/11\\\/en-tierras-raras-maestrandos-en-artes-visuales-y-nuevos-medios-presentan-sus-trabajos-de-titulacion\\\/#primaryimage\",\"url\":\"https:\\\/\\\/www.uartes.edu.ec\\\/sitio\\\/wp-content\\\/uploads\\\/2026\\\/03\\\/12-MAESTRIA-ARTES-VISUALES-CIF.jpg\",\"contentUrl\":\"https:\\\/\\\/www.uartes.edu.ec\\\/sitio\\\/wp-content\\\/uploads\\\/2026\\\/03\\\/12-MAESTRIA-ARTES-VISUALES-CIF.jpg\",\"width\":2000,\"height\":1333},{\"@type\":\"BreadcrumbList\",\"@id\":\"https:\\\/\\\/www.uartes.edu.ec\\\/sitio\\\/fr\\\/blog\\\/2026\\\/03\\\/11\\\/en-tierras-raras-maestrandos-en-artes-visuales-y-nuevos-medios-presentan-sus-trabajos-de-titulacion\\\/#breadcrumb\",\"itemListElement\":[{\"@type\":\"ListItem\",\"position\":1,\"name\":\"Inicio\",\"item\":\"https:\\\/\\\/www.uartes.edu.ec\\\/sitio\\\/\"},{\"@type\":\"ListItem\",\"position\":2,\"name\":\"En \u201cTierras Raras\u201d con los maestrandos en Artes Visuales y Nuevos Medios\"}]},{\"@type\":\"WebSite\",\"@id\":\"https:\\\/\\\/www.uartes.edu.ec\\\/sitio\\\/fr\\\/#website\",\"url\":\"https:\\\/\\\/www.uartes.edu.ec\\\/sitio\\\/fr\\\/\",\"name\":\"Universidad de las Artes\",\"description\":\"Sitio oficial de la Universidad Nacional de las Artes del Ecuador\",\"publisher\":{\"@id\":\"https:\\\/\\\/www.uartes.edu.ec\\\/sitio\\\/fr\\\/#organization\"},\"potentialAction\":[{\"@type\":\"SearchAction\",\"target\":{\"@type\":\"EntryPoint\",\"urlTemplate\":\"https:\\\/\\\/www.uartes.edu.ec\\\/sitio\\\/fr\\\/?s={search_term_string}\"},\"query-input\":{\"@type\":\"PropertyValueSpecification\",\"valueRequired\":true,\"valueName\":\"search_term_string\"}}],\"inLanguage\":\"fr-FR\"},{\"@type\":\"Organization\",\"@id\":\"https:\\\/\\\/www.uartes.edu.ec\\\/sitio\\\/fr\\\/#organization\",\"name\":\"Universidad de las Artes\",\"url\":\"https:\\\/\\\/www.uartes.edu.ec\\\/sitio\\\/fr\\\/\",\"logo\":{\"@type\":\"ImageObject\",\"inLanguage\":\"fr-FR\",\"@id\":\"https:\\\/\\\/www.uartes.edu.ec\\\/sitio\\\/fr\\\/#\\\/schema\\\/logo\\\/image\\\/\",\"url\":\"https:\\\/\\\/www.uartes.edu.ec\\\/sitio\\\/wp-content\\\/uploads\\\/2022\\\/07\\\/logo-ua-horizontal.png\",\"contentUrl\":\"https:\\\/\\\/www.uartes.edu.ec\\\/sitio\\\/wp-content\\\/uploads\\\/2022\\\/07\\\/logo-ua-horizontal.png\",\"width\":800,\"height\":276,\"caption\":\"Universidad de las Artes\"},\"image\":{\"@id\":\"https:\\\/\\\/www.uartes.edu.ec\\\/sitio\\\/fr\\\/#\\\/schema\\\/logo\\\/image\\\/\"},\"sameAs\":[\"https:\\\/\\\/www.facebook.com\\\/uartesec\",\"https:\\\/\\\/x.com\\\/uartesec\",\"https:\\\/\\\/www.tiktok.com\\\/@uartesec\"]},{\"@type\":\"Person\",\"@id\":\"https:\\\/\\\/www.uartes.edu.ec\\\/sitio\\\/fr\\\/#\\\/schema\\\/person\\\/efa1b8275797664fd7f13a79ccc0b1f4\",\"name\":\"ccortez\",\"image\":{\"@type\":\"ImageObject\",\"inLanguage\":\"fr-FR\",\"@id\":\"https:\\\/\\\/secure.gravatar.com\\\/avatar\\\/b2a6f664a3ae8e074346ef91775736c5ec479e637ecced6842de9dc98b5da9cd?s=96&d=mm&r=g\",\"url\":\"https:\\\/\\\/secure.gravatar.com\\\/avatar\\\/b2a6f664a3ae8e074346ef91775736c5ec479e637ecced6842de9dc98b5da9cd?s=96&d=mm&r=g\",\"contentUrl\":\"https:\\\/\\\/secure.gravatar.com\\\/avatar\\\/b2a6f664a3ae8e074346ef91775736c5ec479e637ecced6842de9dc98b5da9cd?s=96&d=mm&r=g\",\"caption\":\"ccortez\"},\"url\":\"https:\\\/\\\/www.uartes.edu.ec\\\/sitio\\\/fr\\\/blog\\\/author\\\/ccortez\\\/\"}]}<\/script>\n<!-- \/ Yoast SEO plugin. -->","yoast_head_json":{"title":"Universidad de las Artes - En \u201cTierras Raras\u201d con los maestrandos en Artes Visuales y Nuevos Medios","description":"Universidad de las Artes - En \u201cTierras Raras\u201d con los maestrandos en Artes Visuales y Nuevos Medios","robots":{"index":"index","follow":"follow","max-snippet":"max-snippet:-1","max-image-preview":"max-image-preview:large","max-video-preview":"max-video-preview:-1"},"canonical":"https:\/\/www.uartes.edu.ec\/sitio\/fr\/blog\/2026\/03\/11\/en-tierras-raras-maestrandos-en-artes-visuales-y-nuevos-medios-presentan-sus-trabajos-de-titulacion\/","og_locale":"fr_FR","og_type":"article","og_title":"Universidad de las Artes - En \u201cTierras Raras\u201d con los maestrandos en Artes Visuales y Nuevos Medios","og_description":"Universidad de las Artes - En \u201cTierras Raras\u201d con los maestrandos en Artes Visuales y Nuevos Medios","og_url":"https:\/\/www.uartes.edu.ec\/sitio\/fr\/blog\/2026\/03\/11\/en-tierras-raras-maestrandos-en-artes-visuales-y-nuevos-medios-presentan-sus-trabajos-de-titulacion\/","og_site_name":"Universidad de las Artes","article_publisher":"https:\/\/www.facebook.com\/uartesec","article_published_time":"2026-03-12T00:17:51+00:00","article_modified_time":"2026-03-25T14:11:17+00:00","og_image":[{"width":2000,"height":1333,"url":"https:\/\/www.uartes.edu.ec\/sitio\/wp-content\/uploads\/2026\/03\/12-MAESTRIA-ARTES-VISUALES-CIF.jpg","type":"image\/jpeg"}],"author":"ccortez","twitter_card":"summary_large_image","twitter_creator":"@uartesec","twitter_site":"@uartesec","twitter_misc":{"\u00c9crit par":"ccortez","Dur\u00e9e de lecture estim\u00e9e":"3 minutes"},"schema":{"@context":"https:\/\/schema.org","@graph":[{"@type":"Article","@id":"https:\/\/www.uartes.edu.ec\/sitio\/fr\/blog\/2026\/03\/11\/en-tierras-raras-maestrandos-en-artes-visuales-y-nuevos-medios-presentan-sus-trabajos-de-titulacion\/#article","isPartOf":{"@id":"https:\/\/www.uartes.edu.ec\/sitio\/fr\/blog\/2026\/03\/11\/en-tierras-raras-maestrandos-en-artes-visuales-y-nuevos-medios-presentan-sus-trabajos-de-titulacion\/"},"author":{"name":"ccortez","@id":"https:\/\/www.uartes.edu.ec\/sitio\/fr\/#\/schema\/person\/efa1b8275797664fd7f13a79ccc0b1f4"},"headline":"En \u201cTierras Raras\u201d con los maestrandos en Artes Visuales y Nuevos Medios","datePublished":"2026-03-12T00:17:51+00:00","dateModified":"2026-03-25T14:11:17+00:00","mainEntityOfPage":{"@id":"https:\/\/www.uartes.edu.ec\/sitio\/fr\/blog\/2026\/03\/11\/en-tierras-raras-maestrandos-en-artes-visuales-y-nuevos-medios-presentan-sus-trabajos-de-titulacion\/"},"wordCount":576,"commentCount":0,"publisher":{"@id":"https:\/\/www.uartes.edu.ec\/sitio\/fr\/#organization"},"image":{"@id":"https:\/\/www.uartes.edu.ec\/sitio\/fr\/blog\/2026\/03\/11\/en-tierras-raras-maestrandos-en-artes-visuales-y-nuevos-medios-presentan-sus-trabajos-de-titulacion\/#primaryimage"},"thumbnailUrl":"https:\/\/www.uartes.edu.ec\/sitio\/wp-content\/uploads\/2026\/03\/12-MAESTRIA-ARTES-VISUALES-CIF.jpg","keywords":["producci\u00f3n"],"articleSection":["Acad\u00e9mico","Artes","Docentes","Estudiantes","Gesti\u00f3n","Investigaci\u00f3n","Maestr\u00edas","Sedes"],"inLanguage":"fr-FR","potentialAction":[{"@type":"CommentAction","name":"Comment","target":["https:\/\/www.uartes.edu.ec\/sitio\/fr\/blog\/2026\/03\/11\/en-tierras-raras-maestrandos-en-artes-visuales-y-nuevos-medios-presentan-sus-trabajos-de-titulacion\/#respond"]}]},{"@type":["WebPage","ItemPage"],"@id":"https:\/\/www.uartes.edu.ec\/sitio\/fr\/blog\/2026\/03\/11\/en-tierras-raras-maestrandos-en-artes-visuales-y-nuevos-medios-presentan-sus-trabajos-de-titulacion\/","url":"https:\/\/www.uartes.edu.ec\/sitio\/fr\/blog\/2026\/03\/11\/en-tierras-raras-maestrandos-en-artes-visuales-y-nuevos-medios-presentan-sus-trabajos-de-titulacion\/","name":"Universidad de las Artes - En \u201cTierras Raras\u201d con los maestrandos en Artes Visuales y Nuevos Medios","isPartOf":{"@id":"https:\/\/www.uartes.edu.ec\/sitio\/fr\/#website"},"primaryImageOfPage":{"@id":"https:\/\/www.uartes.edu.ec\/sitio\/fr\/blog\/2026\/03\/11\/en-tierras-raras-maestrandos-en-artes-visuales-y-nuevos-medios-presentan-sus-trabajos-de-titulacion\/#primaryimage"},"image":{"@id":"https:\/\/www.uartes.edu.ec\/sitio\/fr\/blog\/2026\/03\/11\/en-tierras-raras-maestrandos-en-artes-visuales-y-nuevos-medios-presentan-sus-trabajos-de-titulacion\/#primaryimage"},"thumbnailUrl":"https:\/\/www.uartes.edu.ec\/sitio\/wp-content\/uploads\/2026\/03\/12-MAESTRIA-ARTES-VISUALES-CIF.jpg","datePublished":"2026-03-12T00:17:51+00:00","dateModified":"2026-03-25T14:11:17+00:00","description":"Universidad de las Artes - En \u201cTierras Raras\u201d con los maestrandos en Artes Visuales y Nuevos Medios","breadcrumb":{"@id":"https:\/\/www.uartes.edu.ec\/sitio\/fr\/blog\/2026\/03\/11\/en-tierras-raras-maestrandos-en-artes-visuales-y-nuevos-medios-presentan-sus-trabajos-de-titulacion\/#breadcrumb"},"inLanguage":"fr-FR","potentialAction":[{"@type":"ReadAction","target":["https:\/\/www.uartes.edu.ec\/sitio\/fr\/blog\/2026\/03\/11\/en-tierras-raras-maestrandos-en-artes-visuales-y-nuevos-medios-presentan-sus-trabajos-de-titulacion\/"]}]},{"@type":"ImageObject","inLanguage":"fr-FR","@id":"https:\/\/www.uartes.edu.ec\/sitio\/fr\/blog\/2026\/03\/11\/en-tierras-raras-maestrandos-en-artes-visuales-y-nuevos-medios-presentan-sus-trabajos-de-titulacion\/#primaryimage","url":"https:\/\/www.uartes.edu.ec\/sitio\/wp-content\/uploads\/2026\/03\/12-MAESTRIA-ARTES-VISUALES-CIF.jpg","contentUrl":"https:\/\/www.uartes.edu.ec\/sitio\/wp-content\/uploads\/2026\/03\/12-MAESTRIA-ARTES-VISUALES-CIF.jpg","width":2000,"height":1333},{"@type":"BreadcrumbList","@id":"https:\/\/www.uartes.edu.ec\/sitio\/fr\/blog\/2026\/03\/11\/en-tierras-raras-maestrandos-en-artes-visuales-y-nuevos-medios-presentan-sus-trabajos-de-titulacion\/#breadcrumb","itemListElement":[{"@type":"ListItem","position":1,"name":"Inicio","item":"https:\/\/www.uartes.edu.ec\/sitio\/"},{"@type":"ListItem","position":2,"name":"En \u201cTierras Raras\u201d con los maestrandos en Artes Visuales y Nuevos Medios"}]},{"@type":"WebSite","@id":"https:\/\/www.uartes.edu.ec\/sitio\/fr\/#website","url":"https:\/\/www.uartes.edu.ec\/sitio\/fr\/","name":"Universidad de las Artes","description":"Sitio oficial de la Universidad Nacional de las Artes del Ecuador","publisher":{"@id":"https:\/\/www.uartes.edu.ec\/sitio\/fr\/#organization"},"potentialAction":[{"@type":"SearchAction","target":{"@type":"EntryPoint","urlTemplate":"https:\/\/www.uartes.edu.ec\/sitio\/fr\/?s={search_term_string}"},"query-input":{"@type":"PropertyValueSpecification","valueRequired":true,"valueName":"search_term_string"}}],"inLanguage":"fr-FR"},{"@type":"Organization","@id":"https:\/\/www.uartes.edu.ec\/sitio\/fr\/#organization","name":"Universidad de las Artes","url":"https:\/\/www.uartes.edu.ec\/sitio\/fr\/","logo":{"@type":"ImageObject","inLanguage":"fr-FR","@id":"https:\/\/www.uartes.edu.ec\/sitio\/fr\/#\/schema\/logo\/image\/","url":"https:\/\/www.uartes.edu.ec\/sitio\/wp-content\/uploads\/2022\/07\/logo-ua-horizontal.png","contentUrl":"https:\/\/www.uartes.edu.ec\/sitio\/wp-content\/uploads\/2022\/07\/logo-ua-horizontal.png","width":800,"height":276,"caption":"Universidad de las Artes"},"image":{"@id":"https:\/\/www.uartes.edu.ec\/sitio\/fr\/#\/schema\/logo\/image\/"},"sameAs":["https:\/\/www.facebook.com\/uartesec","https:\/\/x.com\/uartesec","https:\/\/www.tiktok.com\/@uartesec"]},{"@type":"Person","@id":"https:\/\/www.uartes.edu.ec\/sitio\/fr\/#\/schema\/person\/efa1b8275797664fd7f13a79ccc0b1f4","name":"ccortez","image":{"@type":"ImageObject","inLanguage":"fr-FR","@id":"https:\/\/secure.gravatar.com\/avatar\/b2a6f664a3ae8e074346ef91775736c5ec479e637ecced6842de9dc98b5da9cd?s=96&d=mm&r=g","url":"https:\/\/secure.gravatar.com\/avatar\/b2a6f664a3ae8e074346ef91775736c5ec479e637ecced6842de9dc98b5da9cd?s=96&d=mm&r=g","contentUrl":"https:\/\/secure.gravatar.com\/avatar\/b2a6f664a3ae8e074346ef91775736c5ec479e637ecced6842de9dc98b5da9cd?s=96&d=mm&r=g","caption":"ccortez"},"url":"https:\/\/www.uartes.edu.ec\/sitio\/fr\/blog\/author\/ccortez\/"}]}},"uagb_featured_image_src":{"full":["https:\/\/www.uartes.edu.ec\/sitio\/wp-content\/uploads\/2026\/03\/12-MAESTRIA-ARTES-VISUALES-CIF.jpg",2000,1333,false],"thumbnail":["https:\/\/www.uartes.edu.ec\/sitio\/wp-content\/uploads\/2026\/03\/12-MAESTRIA-ARTES-VISUALES-CIF-150x150.jpg",150,150,true],"medium":["https:\/\/www.uartes.edu.ec\/sitio\/wp-content\/uploads\/2026\/03\/12-MAESTRIA-ARTES-VISUALES-CIF-300x200.jpg",300,200,true],"medium_large":["https:\/\/www.uartes.edu.ec\/sitio\/wp-content\/uploads\/2026\/03\/12-MAESTRIA-ARTES-VISUALES-CIF-768x512.jpg",768,512,true],"large":["https:\/\/www.uartes.edu.ec\/sitio\/wp-content\/uploads\/2026\/03\/12-MAESTRIA-ARTES-VISUALES-CIF-644x429.jpg",644,429,true],"1536x1536":["https:\/\/www.uartes.edu.ec\/sitio\/wp-content\/uploads\/2026\/03\/12-MAESTRIA-ARTES-VISUALES-CIF-1536x1024.jpg",1536,1024,true],"2048x2048":["https:\/\/www.uartes.edu.ec\/sitio\/wp-content\/uploads\/2026\/03\/12-MAESTRIA-ARTES-VISUALES-CIF.jpg",2000,1333,false],"trp-custom-language-flag":["https:\/\/www.uartes.edu.ec\/sitio\/wp-content\/uploads\/2026\/03\/12-MAESTRIA-ARTES-VISUALES-CIF-18x12.jpg",18,12,true],"htmega_size_585x295":["https:\/\/www.uartes.edu.ec\/sitio\/wp-content\/uploads\/2026\/03\/12-MAESTRIA-ARTES-VISUALES-CIF-585x295.jpg",585,295,true],"htmega_size_1170x536":["https:\/\/www.uartes.edu.ec\/sitio\/wp-content\/uploads\/2026\/03\/12-MAESTRIA-ARTES-VISUALES-CIF-1170x536.jpg",1170,536,true],"htmega_size_396x360":["https:\/\/www.uartes.edu.ec\/sitio\/wp-content\/uploads\/2026\/03\/12-MAESTRIA-ARTES-VISUALES-CIF-396x360.jpg",396,360,true],"gb-block-post-grid-landscape":["https:\/\/www.uartes.edu.ec\/sitio\/wp-content\/uploads\/2026\/03\/12-MAESTRIA-ARTES-VISUALES-CIF-600x400.jpg",600,400,true],"gb-block-post-grid-square":["https:\/\/www.uartes.edu.ec\/sitio\/wp-content\/uploads\/2026\/03\/12-MAESTRIA-ARTES-VISUALES-CIF-600x600.jpg",600,600,true],"university-hub-thumb":["https:\/\/www.uartes.edu.ec\/sitio\/wp-content\/uploads\/2026\/03\/12-MAESTRIA-ARTES-VISUALES-CIF-400x267.jpg",400,267,true],"mailpoet_newsletter_max":["https:\/\/www.uartes.edu.ec\/sitio\/wp-content\/uploads\/2026\/03\/12-MAESTRIA-ARTES-VISUALES-CIF.jpg",1320,880,false]},"uagb_author_info":{"display_name":"ccortez","author_link":"https:\/\/www.uartes.edu.ec\/sitio\/fr\/blog\/author\/ccortez\/"},"uagb_comment_info":0,"uagb_excerpt":"En cuatro escenarios, uno de ellos extramuros, la Escuela de Posgrados y la Maestr\u00eda en Artes Visuales y Nuevos Medios inauguraron este jueves 5 de marzo la exposici\u00f3n \u201cTierras Raras\u201d, la cual presenta los proyectos de titulaci\u00f3n de sus maestrandos: Jos\u00e9 Luis Espinoza, Fernando Falcon\u00ed, David Moncayo, David Barber\u00e1n, Enrique Land\u00edvar, Andrea Moreira, Gabriel Arroyo,\u2026","featured_image_src":"https:\/\/www.uartes.edu.ec\/sitio\/wp-content\/uploads\/2026\/03\/12-MAESTRIA-ARTES-VISUALES-CIF-600x400.jpg","featured_image_src_square":"https:\/\/www.uartes.edu.ec\/sitio\/wp-content\/uploads\/2026\/03\/12-MAESTRIA-ARTES-VISUALES-CIF-600x600.jpg","author_info":{"display_name":"ccortez","author_link":"https:\/\/www.uartes.edu.ec\/sitio\/fr\/blog\/author\/ccortez\/"},"publishpress_future_workflow_manual_trigger":{"enabledWorkflows":[]},"distributor_meta":false,"distributor_terms":false,"distributor_media":false,"distributor_original_site_name":"Universidad de las Artes","distributor_original_site_url":"https:\/\/www.uartes.edu.ec\/sitio\/fr","push-errors":false,"_links":{"self":[{"href":"https:\/\/www.uartes.edu.ec\/sitio\/fr\/wp-json\/wp\/v2\/posts\/87663","targetHints":{"allow":["GET"]}}],"collection":[{"href":"https:\/\/www.uartes.edu.ec\/sitio\/fr\/wp-json\/wp\/v2\/posts"}],"about":[{"href":"https:\/\/www.uartes.edu.ec\/sitio\/fr\/wp-json\/wp\/v2\/types\/post"}],"author":[{"embeddable":true,"href":"https:\/\/www.uartes.edu.ec\/sitio\/fr\/wp-json\/wp\/v2\/users\/10"}],"replies":[{"embeddable":true,"href":"https:\/\/www.uartes.edu.ec\/sitio\/fr\/wp-json\/wp\/v2\/comments?post=87663"}],"version-history":[{"count":5,"href":"https:\/\/www.uartes.edu.ec\/sitio\/fr\/wp-json\/wp\/v2\/posts\/87663\/revisions"}],"predecessor-version":[{"id":88153,"href":"https:\/\/www.uartes.edu.ec\/sitio\/fr\/wp-json\/wp\/v2\/posts\/87663\/revisions\/88153"}],"wp:featuredmedia":[{"embeddable":true,"href":"https:\/\/www.uartes.edu.ec\/sitio\/fr\/wp-json\/wp\/v2\/media\/87664"}],"wp:attachment":[{"href":"https:\/\/www.uartes.edu.ec\/sitio\/fr\/wp-json\/wp\/v2\/media?parent=87663"}],"wp:term":[{"taxonomy":"category","embeddable":true,"href":"https:\/\/www.uartes.edu.ec\/sitio\/fr\/wp-json\/wp\/v2\/categories?post=87663"},{"taxonomy":"post_tag","embeddable":true,"href":"https:\/\/www.uartes.edu.ec\/sitio\/fr\/wp-json\/wp\/v2\/tags?post=87663"},{"taxonomy":"infouartes","embeddable":true,"href":"https:\/\/www.uartes.edu.ec\/sitio\/fr\/wp-json\/wp\/v2\/infouartes?post=87663"}],"curies":[{"name":"wp","href":"https:\/\/api.w.org\/{rel}","templated":true}]}}