{"id":87852,"date":"2026-03-16T19:41:30","date_gmt":"2026-03-17T00:41:30","guid":{"rendered":"https:\/\/www.uartes.edu.ec\/sitio\/?p=87852"},"modified":"2026-04-01T19:23:05","modified_gmt":"2026-04-02T00:23:05","slug":"uartes-y-ucsg-en-la-produccion-de-recurso-sonoro-para-medio-legislativo-mantenemos-convenio-de-cooperacion-interinstitucional","status":"publish","type":"post","link":"https:\/\/www.uartes.edu.ec\/sitio\/fr\/blog\/2026\/03\/16\/uartes-y-ucsg-en-la-produccion-de-recurso-sonoro-para-medio-legislativo-mantenemos-convenio-de-cooperacion-interinstitucional\/","title":{"rendered":"UArtes y UCSG, en la producci\u00f3n de recurso sonoro para medio legislativo"},"content":{"rendered":"<p>La Universidad de las Artes y la Universidad Cat\u00f3lica de Santiago de Guayaquil (UCSG) mantienen desde el 2023 un convenio de cooperaci\u00f3n interinstitucional enfocado en la promoci\u00f3n y el fomento de actividades acad\u00e9micas, cient\u00edficas, art\u00edsticas y culturales. En ese marco, ambas instituciones trabajamos en un producto musical concebido como un recurso sonoro para un medio legislativo. <\/p>\n\n\n\n<p>Se trata del nuevo jingle institucional de la Radio de la Asamblea Nacional, cuya realizaci\u00f3n tuvo lugar en los estudios de grabaci\u00f3n de la UArtes y cont\u00f3 con la participaci\u00f3n de autores, compositores, int\u00e9rpretes y m\u00fasicos de la UCSG, y la producci\u00f3n t\u00e9cnica de nuestro funcionario Dar\u00edo D\u00e1valos, graduado en nuestra universidad, quien asumi\u00f3 la grabaci\u00f3n, mezcla, masterizaci\u00f3n y locuci\u00f3n del material.<\/p>\n\n\n<div class=\"wp-block-image\">\n<figure class=\"aligncenter size-large\"><img fetchpriority=\"high\" decoding=\"async\" width=\"644\" height=\"429\" src=\"https:\/\/www.uartes.edu.ec\/sitio\/wp-content\/uploads\/2026\/03\/Proyecto-Cambiar-tamano-de-imagen-2026-03-16T164200.324-644x429.jpeg\" alt=\"\" class=\"wp-image-87854\" srcset=\"https:\/\/www.uartes.edu.ec\/sitio\/wp-content\/uploads\/2026\/03\/Proyecto-Cambiar-tamano-de-imagen-2026-03-16T164200.324-644x429.jpeg 644w, https:\/\/www.uartes.edu.ec\/sitio\/wp-content\/uploads\/2026\/03\/Proyecto-Cambiar-tamano-de-imagen-2026-03-16T164200.324-300x200.jpeg 300w, https:\/\/www.uartes.edu.ec\/sitio\/wp-content\/uploads\/2026\/03\/Proyecto-Cambiar-tamano-de-imagen-2026-03-16T164200.324-768x512.jpeg 768w, https:\/\/www.uartes.edu.ec\/sitio\/wp-content\/uploads\/2026\/03\/Proyecto-Cambiar-tamano-de-imagen-2026-03-16T164200.324-1536x1024.jpeg 1536w, https:\/\/www.uartes.edu.ec\/sitio\/wp-content\/uploads\/2026\/03\/Proyecto-Cambiar-tamano-de-imagen-2026-03-16T164200.324-18x12.jpeg 18w, https:\/\/www.uartes.edu.ec\/sitio\/wp-content\/uploads\/2026\/03\/Proyecto-Cambiar-tamano-de-imagen-2026-03-16T164200.324-600x400.jpeg 600w, https:\/\/www.uartes.edu.ec\/sitio\/wp-content\/uploads\/2026\/03\/Proyecto-Cambiar-tamano-de-imagen-2026-03-16T164200.324-400x267.jpeg 400w, https:\/\/www.uartes.edu.ec\/sitio\/wp-content\/uploads\/2026\/03\/Proyecto-Cambiar-tamano-de-imagen-2026-03-16T164200.324.jpeg 2000w\" sizes=\"(max-width: 644px) 100vw, 644px\" \/><\/figure>\n<\/div>\n\n\n<p>La direcci\u00f3n de la realizaci\u00f3n del jingle \u201cTu Radio\u201d estuvo a cargo de la reconocida cantautora ecuatoriana Jenny Villafuerte, quien es docente de la UCSG y UArtes. Junto con Dario D\u00e1valos, por parte de nuestra instituci\u00f3n participaron tambi\u00e9n, en la asistencia de grabaci\u00f3n, Aisha Granados (marimba), An\u00edbal Pucha, Rommel Naranjo, Christopher Ramos, Bryan Lami\u00f1a, Nicole Medina y Javier Aymaca\u00f1a.<\/p>\n\n\n\n<p>Por parte de la UCSG, intervinieron como vocalistas Ana Vanegas, Dom\u00e9nica Loor y &nbsp;Adela Daqui. Con ellas tambi\u00e9n hicieron voces Dom\u00e9nica Figueroa y Erick Pilamunga y Danny Vizueta, quienes estuvieron igualmente en el piano, Jos\u00e9 Ubilla en la bater\u00eda y El\u00edas Sol\u00f3rzano en el bajo.<\/p>\n\n\n\n<p>El producto musical resultante del trabajo colaborativo busca fortalecer la identidad institucional y aportar a la realizaci\u00f3n de contenidos de la emisora legislativa. Esta nueva identidad sonora, se inform\u00f3, se escuchar\u00e1 a nivel nacional, acompa\u00f1ando la informaci\u00f3n, el debate y la participaci\u00f3n ciudadana.<\/p>\n\n\n<div class=\"wp-block-image\">\n<figure class=\"aligncenter size-large\"><img decoding=\"async\" width=\"644\" height=\"429\" src=\"https:\/\/www.uartes.edu.ec\/sitio\/wp-content\/uploads\/2026\/03\/Proyecto-Cambiar-tamano-de-imagen-2026-03-16T164317.802-644x429.jpeg\" alt=\"\" class=\"wp-image-87855\" srcset=\"https:\/\/www.uartes.edu.ec\/sitio\/wp-content\/uploads\/2026\/03\/Proyecto-Cambiar-tamano-de-imagen-2026-03-16T164317.802-644x429.jpeg 644w, https:\/\/www.uartes.edu.ec\/sitio\/wp-content\/uploads\/2026\/03\/Proyecto-Cambiar-tamano-de-imagen-2026-03-16T164317.802-300x200.jpeg 300w, https:\/\/www.uartes.edu.ec\/sitio\/wp-content\/uploads\/2026\/03\/Proyecto-Cambiar-tamano-de-imagen-2026-03-16T164317.802-768x512.jpeg 768w, https:\/\/www.uartes.edu.ec\/sitio\/wp-content\/uploads\/2026\/03\/Proyecto-Cambiar-tamano-de-imagen-2026-03-16T164317.802-1536x1024.jpeg 1536w, https:\/\/www.uartes.edu.ec\/sitio\/wp-content\/uploads\/2026\/03\/Proyecto-Cambiar-tamano-de-imagen-2026-03-16T164317.802-18x12.jpeg 18w, https:\/\/www.uartes.edu.ec\/sitio\/wp-content\/uploads\/2026\/03\/Proyecto-Cambiar-tamano-de-imagen-2026-03-16T164317.802-600x400.jpeg 600w, https:\/\/www.uartes.edu.ec\/sitio\/wp-content\/uploads\/2026\/03\/Proyecto-Cambiar-tamano-de-imagen-2026-03-16T164317.802-400x267.jpeg 400w, https:\/\/www.uartes.edu.ec\/sitio\/wp-content\/uploads\/2026\/03\/Proyecto-Cambiar-tamano-de-imagen-2026-03-16T164317.802.jpeg 2000w\" sizes=\"(max-width: 644px) 100vw, 644px\" \/><\/figure>\n<\/div>\n\n\n<p>Fuente: informaci\u00f3n y gr\u00e1ficas tomadas de <a href=\"https:\/\/www.asambleanacional.gob.ec\">https:\/\/www.asambleanacional.gob.ec<\/a> <br>Edici\u00f3n de texto y composici\u00f3n fotogr\u00e1fica: Carmen Cortez\/Dircom.<\/p>\n\n\n\n<p>Aqu\u00ed el link del jingle:<a href=\"https:\/\/www.instagram.com\/reel\/DVraHh3DgpY\/?igsh=MWI3MTJiNnhyb3pkYg==\"> https:\/\/www.instagram.com\/reel\/DVraHh3DgpY\/?igsh=MWI3MTJiNnhyb3pkYg==<\/a><\/p>\n\n\n\n<p><\/p>","protected":false},"excerpt":{"rendered":"<p>La Universidad de las Artes mantiene con la Universidad Cat\u00f3lica de Santiago de Guayaquil (UCSG) un convenio de cooperaci\u00f3n interinstitucional y en ese marco trabajamos colaborativamente en la producci\u00f3n de un recurso sonoro para un medio legislativo. En su direcci\u00f3n intervino la cantautora y docente Jenny Villafuerte y en la producci\u00f3n t\u00e9cnica el alumnus UArtes Dar\u00edo D\u00e1valos, quien asumi\u00f3, desde nuestros estudios, la grabaci\u00f3n, mezcla, masterizaci\u00f3n y locuci\u00f3n del material.<\/p>","protected":false},"author":10,"featured_media":87853,"comment_status":"open","ping_status":"open","sticky":false,"template":"","format":"standard","meta":{"_acf_changed":false,"_uag_custom_page_level_css":"","_monsterinsights_skip_tracking":false,"_monsterinsights_sitenote_active":false,"_monsterinsights_sitenote_note":"","_monsterinsights_sitenote_category":0,"cybocfi_hide_featured_image":"","footnotes":""},"categories":[82,75,76,77,79],"tags":[518],"infouartes":[],"class_list":["post-87852","post","type-post","status-publish","format-standard","has-post-thumbnail","hentry","category-artes","category-docentes","category-estudiantes","category-gestion","category-vinculo","tag-produccion"],"acf":[],"yoast_head":"<!-- This site is optimized with the Yoast SEO plugin v27.4 - https:\/\/yoast.com\/product\/yoast-seo-wordpress\/ -->\n<title>Universidad de las Artes - UArtes y UCSG, en la producci\u00f3n de recurso sonoro para medio legislativo<\/title>\n<meta name=\"description\" content=\"Universidad de las Artes - UArtes y UCSG, en la producci\u00f3n de recurso sonoro para medio legislativo\" \/>\n<meta name=\"robots\" content=\"index, follow, max-snippet:-1, max-image-preview:large, max-video-preview:-1\" \/>\n<link rel=\"canonical\" href=\"https:\/\/www.uartes.edu.ec\/sitio\/fr\/blog\/2026\/03\/16\/uartes-y-ucsg-en-la-produccion-de-recurso-sonoro-para-medio-legislativo-mantenemos-convenio-de-cooperacion-interinstitucional\/\" \/>\n<meta property=\"og:locale\" content=\"fr_FR\" \/>\n<meta property=\"og:type\" content=\"article\" \/>\n<meta property=\"og:title\" content=\"Universidad de las Artes - UArtes y UCSG, en la producci\u00f3n de recurso sonoro para medio legislativo\" \/>\n<meta property=\"og:description\" content=\"Universidad de las Artes - UArtes y UCSG, en la producci\u00f3n de recurso sonoro para medio legislativo\" \/>\n<meta property=\"og:url\" content=\"https:\/\/www.uartes.edu.ec\/sitio\/fr\/blog\/2026\/03\/16\/uartes-y-ucsg-en-la-produccion-de-recurso-sonoro-para-medio-legislativo-mantenemos-convenio-de-cooperacion-interinstitucional\/\" \/>\n<meta property=\"og:site_name\" content=\"Universidad de las Artes\" \/>\n<meta property=\"article:publisher\" content=\"https:\/\/www.facebook.com\/uartesec\" \/>\n<meta property=\"article:published_time\" content=\"2026-03-17T00:41:30+00:00\" \/>\n<meta property=\"article:modified_time\" content=\"2026-04-02T00:23:05+00:00\" \/>\n<meta property=\"og:image\" content=\"https:\/\/www.uartes.edu.ec\/sitio\/wp-content\/uploads\/2026\/03\/Proyecto-Cambiar-tamano-de-imagen-2026-03-16T170502.251.jpeg\" \/>\n\t<meta property=\"og:image:width\" content=\"2000\" \/>\n\t<meta property=\"og:image:height\" content=\"1333\" \/>\n\t<meta property=\"og:image:type\" content=\"image\/jpeg\" \/>\n<meta name=\"author\" content=\"ccortez\" \/>\n<meta name=\"twitter:card\" content=\"summary_large_image\" \/>\n<meta name=\"twitter:creator\" content=\"@uartesec\" \/>\n<meta name=\"twitter:site\" content=\"@uartesec\" \/>\n<meta name=\"twitter:label1\" content=\"\u00c9crit par\" \/>\n\t<meta name=\"twitter:data1\" content=\"ccortez\" \/>\n\t<meta name=\"twitter:label2\" content=\"Dur\u00e9e de lecture estim\u00e9e\" \/>\n\t<meta name=\"twitter:data2\" content=\"2 minutes\" \/>\n<script type=\"application\/ld+json\" class=\"yoast-schema-graph\">{\"@context\":\"https:\\\/\\\/schema.org\",\"@graph\":[{\"@type\":\"Article\",\"@id\":\"https:\\\/\\\/www.uartes.edu.ec\\\/sitio\\\/fr\\\/blog\\\/2026\\\/03\\\/16\\\/uartes-y-ucsg-en-la-produccion-de-recurso-sonoro-para-medio-legislativo-mantenemos-convenio-de-cooperacion-interinstitucional\\\/#article\",\"isPartOf\":{\"@id\":\"https:\\\/\\\/www.uartes.edu.ec\\\/sitio\\\/fr\\\/blog\\\/2026\\\/03\\\/16\\\/uartes-y-ucsg-en-la-produccion-de-recurso-sonoro-para-medio-legislativo-mantenemos-convenio-de-cooperacion-interinstitucional\\\/\"},\"author\":{\"name\":\"ccortez\",\"@id\":\"https:\\\/\\\/www.uartes.edu.ec\\\/sitio\\\/fr\\\/#\\\/schema\\\/person\\\/efa1b8275797664fd7f13a79ccc0b1f4\"},\"headline\":\"UArtes y UCSG, en la producci\u00f3n de recurso sonoro para medio legislativo\",\"datePublished\":\"2026-03-17T00:41:30+00:00\",\"dateModified\":\"2026-04-02T00:23:05+00:00\",\"mainEntityOfPage\":{\"@id\":\"https:\\\/\\\/www.uartes.edu.ec\\\/sitio\\\/fr\\\/blog\\\/2026\\\/03\\\/16\\\/uartes-y-ucsg-en-la-produccion-de-recurso-sonoro-para-medio-legislativo-mantenemos-convenio-de-cooperacion-interinstitucional\\\/\"},\"wordCount\":356,\"commentCount\":0,\"publisher\":{\"@id\":\"https:\\\/\\\/www.uartes.edu.ec\\\/sitio\\\/fr\\\/#organization\"},\"image\":{\"@id\":\"https:\\\/\\\/www.uartes.edu.ec\\\/sitio\\\/fr\\\/blog\\\/2026\\\/03\\\/16\\\/uartes-y-ucsg-en-la-produccion-de-recurso-sonoro-para-medio-legislativo-mantenemos-convenio-de-cooperacion-interinstitucional\\\/#primaryimage\"},\"thumbnailUrl\":\"https:\\\/\\\/www.uartes.edu.ec\\\/sitio\\\/wp-content\\\/uploads\\\/2026\\\/03\\\/Proyecto-Cambiar-tamano-de-imagen-2026-03-16T170502.251.jpeg\",\"keywords\":[\"producci\u00f3n\"],\"articleSection\":[\"Artes\",\"Docentes\",\"Estudiantes\",\"Gesti\u00f3n\",\"V\u00ednculo\"],\"inLanguage\":\"fr-FR\",\"potentialAction\":[{\"@type\":\"CommentAction\",\"name\":\"Comment\",\"target\":[\"https:\\\/\\\/www.uartes.edu.ec\\\/sitio\\\/fr\\\/blog\\\/2026\\\/03\\\/16\\\/uartes-y-ucsg-en-la-produccion-de-recurso-sonoro-para-medio-legislativo-mantenemos-convenio-de-cooperacion-interinstitucional\\\/#respond\"]}]},{\"@type\":[\"WebPage\",\"ItemPage\"],\"@id\":\"https:\\\/\\\/www.uartes.edu.ec\\\/sitio\\\/fr\\\/blog\\\/2026\\\/03\\\/16\\\/uartes-y-ucsg-en-la-produccion-de-recurso-sonoro-para-medio-legislativo-mantenemos-convenio-de-cooperacion-interinstitucional\\\/\",\"url\":\"https:\\\/\\\/www.uartes.edu.ec\\\/sitio\\\/fr\\\/blog\\\/2026\\\/03\\\/16\\\/uartes-y-ucsg-en-la-produccion-de-recurso-sonoro-para-medio-legislativo-mantenemos-convenio-de-cooperacion-interinstitucional\\\/\",\"name\":\"Universidad de las Artes - UArtes y UCSG, en la producci\u00f3n de recurso sonoro para medio legislativo\",\"isPartOf\":{\"@id\":\"https:\\\/\\\/www.uartes.edu.ec\\\/sitio\\\/fr\\\/#website\"},\"primaryImageOfPage\":{\"@id\":\"https:\\\/\\\/www.uartes.edu.ec\\\/sitio\\\/fr\\\/blog\\\/2026\\\/03\\\/16\\\/uartes-y-ucsg-en-la-produccion-de-recurso-sonoro-para-medio-legislativo-mantenemos-convenio-de-cooperacion-interinstitucional\\\/#primaryimage\"},\"image\":{\"@id\":\"https:\\\/\\\/www.uartes.edu.ec\\\/sitio\\\/fr\\\/blog\\\/2026\\\/03\\\/16\\\/uartes-y-ucsg-en-la-produccion-de-recurso-sonoro-para-medio-legislativo-mantenemos-convenio-de-cooperacion-interinstitucional\\\/#primaryimage\"},\"thumbnailUrl\":\"https:\\\/\\\/www.uartes.edu.ec\\\/sitio\\\/wp-content\\\/uploads\\\/2026\\\/03\\\/Proyecto-Cambiar-tamano-de-imagen-2026-03-16T170502.251.jpeg\",\"datePublished\":\"2026-03-17T00:41:30+00:00\",\"dateModified\":\"2026-04-02T00:23:05+00:00\",\"description\":\"Universidad de las Artes - UArtes y UCSG, en la producci\u00f3n de recurso sonoro para medio legislativo\",\"breadcrumb\":{\"@id\":\"https:\\\/\\\/www.uartes.edu.ec\\\/sitio\\\/fr\\\/blog\\\/2026\\\/03\\\/16\\\/uartes-y-ucsg-en-la-produccion-de-recurso-sonoro-para-medio-legislativo-mantenemos-convenio-de-cooperacion-interinstitucional\\\/#breadcrumb\"},\"inLanguage\":\"fr-FR\",\"potentialAction\":[{\"@type\":\"ReadAction\",\"target\":[\"https:\\\/\\\/www.uartes.edu.ec\\\/sitio\\\/fr\\\/blog\\\/2026\\\/03\\\/16\\\/uartes-y-ucsg-en-la-produccion-de-recurso-sonoro-para-medio-legislativo-mantenemos-convenio-de-cooperacion-interinstitucional\\\/\"]}]},{\"@type\":\"ImageObject\",\"inLanguage\":\"fr-FR\",\"@id\":\"https:\\\/\\\/www.uartes.edu.ec\\\/sitio\\\/fr\\\/blog\\\/2026\\\/03\\\/16\\\/uartes-y-ucsg-en-la-produccion-de-recurso-sonoro-para-medio-legislativo-mantenemos-convenio-de-cooperacion-interinstitucional\\\/#primaryimage\",\"url\":\"https:\\\/\\\/www.uartes.edu.ec\\\/sitio\\\/wp-content\\\/uploads\\\/2026\\\/03\\\/Proyecto-Cambiar-tamano-de-imagen-2026-03-16T170502.251.jpeg\",\"contentUrl\":\"https:\\\/\\\/www.uartes.edu.ec\\\/sitio\\\/wp-content\\\/uploads\\\/2026\\\/03\\\/Proyecto-Cambiar-tamano-de-imagen-2026-03-16T170502.251.jpeg\",\"width\":2000,\"height\":1333},{\"@type\":\"BreadcrumbList\",\"@id\":\"https:\\\/\\\/www.uartes.edu.ec\\\/sitio\\\/fr\\\/blog\\\/2026\\\/03\\\/16\\\/uartes-y-ucsg-en-la-produccion-de-recurso-sonoro-para-medio-legislativo-mantenemos-convenio-de-cooperacion-interinstitucional\\\/#breadcrumb\",\"itemListElement\":[{\"@type\":\"ListItem\",\"position\":1,\"name\":\"Inicio\",\"item\":\"https:\\\/\\\/www.uartes.edu.ec\\\/sitio\\\/\"},{\"@type\":\"ListItem\",\"position\":2,\"name\":\"UArtes y UCSG, en la producci\u00f3n de recurso sonoro para medio legislativo\"}]},{\"@type\":\"WebSite\",\"@id\":\"https:\\\/\\\/www.uartes.edu.ec\\\/sitio\\\/fr\\\/#website\",\"url\":\"https:\\\/\\\/www.uartes.edu.ec\\\/sitio\\\/fr\\\/\",\"name\":\"Universidad de las Artes\",\"description\":\"Sitio oficial de la Universidad Nacional de las Artes del Ecuador\",\"publisher\":{\"@id\":\"https:\\\/\\\/www.uartes.edu.ec\\\/sitio\\\/fr\\\/#organization\"},\"potentialAction\":[{\"@type\":\"SearchAction\",\"target\":{\"@type\":\"EntryPoint\",\"urlTemplate\":\"https:\\\/\\\/www.uartes.edu.ec\\\/sitio\\\/fr\\\/?s={search_term_string}\"},\"query-input\":{\"@type\":\"PropertyValueSpecification\",\"valueRequired\":true,\"valueName\":\"search_term_string\"}}],\"inLanguage\":\"fr-FR\"},{\"@type\":\"Organization\",\"@id\":\"https:\\\/\\\/www.uartes.edu.ec\\\/sitio\\\/fr\\\/#organization\",\"name\":\"Universidad de las Artes\",\"url\":\"https:\\\/\\\/www.uartes.edu.ec\\\/sitio\\\/fr\\\/\",\"logo\":{\"@type\":\"ImageObject\",\"inLanguage\":\"fr-FR\",\"@id\":\"https:\\\/\\\/www.uartes.edu.ec\\\/sitio\\\/fr\\\/#\\\/schema\\\/logo\\\/image\\\/\",\"url\":\"https:\\\/\\\/www.uartes.edu.ec\\\/sitio\\\/wp-content\\\/uploads\\\/2022\\\/07\\\/logo-ua-horizontal.png\",\"contentUrl\":\"https:\\\/\\\/www.uartes.edu.ec\\\/sitio\\\/wp-content\\\/uploads\\\/2022\\\/07\\\/logo-ua-horizontal.png\",\"width\":800,\"height\":276,\"caption\":\"Universidad de las Artes\"},\"image\":{\"@id\":\"https:\\\/\\\/www.uartes.edu.ec\\\/sitio\\\/fr\\\/#\\\/schema\\\/logo\\\/image\\\/\"},\"sameAs\":[\"https:\\\/\\\/www.facebook.com\\\/uartesec\",\"https:\\\/\\\/x.com\\\/uartesec\",\"https:\\\/\\\/www.tiktok.com\\\/@uartesec\"]},{\"@type\":\"Person\",\"@id\":\"https:\\\/\\\/www.uartes.edu.ec\\\/sitio\\\/fr\\\/#\\\/schema\\\/person\\\/efa1b8275797664fd7f13a79ccc0b1f4\",\"name\":\"ccortez\",\"image\":{\"@type\":\"ImageObject\",\"inLanguage\":\"fr-FR\",\"@id\":\"https:\\\/\\\/secure.gravatar.com\\\/avatar\\\/b2a6f664a3ae8e074346ef91775736c5ec479e637ecced6842de9dc98b5da9cd?s=96&d=mm&r=g\",\"url\":\"https:\\\/\\\/secure.gravatar.com\\\/avatar\\\/b2a6f664a3ae8e074346ef91775736c5ec479e637ecced6842de9dc98b5da9cd?s=96&d=mm&r=g\",\"contentUrl\":\"https:\\\/\\\/secure.gravatar.com\\\/avatar\\\/b2a6f664a3ae8e074346ef91775736c5ec479e637ecced6842de9dc98b5da9cd?s=96&d=mm&r=g\",\"caption\":\"ccortez\"},\"url\":\"https:\\\/\\\/www.uartes.edu.ec\\\/sitio\\\/fr\\\/blog\\\/author\\\/ccortez\\\/\"}]}<\/script>\n<!-- \/ Yoast SEO plugin. -->","yoast_head_json":{"title":"Universidad de las Artes - UArtes y UCSG, en la producci\u00f3n de recurso sonoro para medio legislativo","description":"Universidad de las Artes - UArtes y UCSG, en la producci\u00f3n de recurso sonoro para medio legislativo","robots":{"index":"index","follow":"follow","max-snippet":"max-snippet:-1","max-image-preview":"max-image-preview:large","max-video-preview":"max-video-preview:-1"},"canonical":"https:\/\/www.uartes.edu.ec\/sitio\/fr\/blog\/2026\/03\/16\/uartes-y-ucsg-en-la-produccion-de-recurso-sonoro-para-medio-legislativo-mantenemos-convenio-de-cooperacion-interinstitucional\/","og_locale":"fr_FR","og_type":"article","og_title":"Universidad de las Artes - UArtes y UCSG, en la producci\u00f3n de recurso sonoro para medio legislativo","og_description":"Universidad de las Artes - UArtes y UCSG, en la producci\u00f3n de recurso sonoro para medio legislativo","og_url":"https:\/\/www.uartes.edu.ec\/sitio\/fr\/blog\/2026\/03\/16\/uartes-y-ucsg-en-la-produccion-de-recurso-sonoro-para-medio-legislativo-mantenemos-convenio-de-cooperacion-interinstitucional\/","og_site_name":"Universidad de las Artes","article_publisher":"https:\/\/www.facebook.com\/uartesec","article_published_time":"2026-03-17T00:41:30+00:00","article_modified_time":"2026-04-02T00:23:05+00:00","og_image":[{"width":2000,"height":1333,"url":"https:\/\/www.uartes.edu.ec\/sitio\/wp-content\/uploads\/2026\/03\/Proyecto-Cambiar-tamano-de-imagen-2026-03-16T170502.251.jpeg","type":"image\/jpeg"}],"author":"ccortez","twitter_card":"summary_large_image","twitter_creator":"@uartesec","twitter_site":"@uartesec","twitter_misc":{"\u00c9crit par":"ccortez","Dur\u00e9e de lecture estim\u00e9e":"2 minutes"},"schema":{"@context":"https:\/\/schema.org","@graph":[{"@type":"Article","@id":"https:\/\/www.uartes.edu.ec\/sitio\/fr\/blog\/2026\/03\/16\/uartes-y-ucsg-en-la-produccion-de-recurso-sonoro-para-medio-legislativo-mantenemos-convenio-de-cooperacion-interinstitucional\/#article","isPartOf":{"@id":"https:\/\/www.uartes.edu.ec\/sitio\/fr\/blog\/2026\/03\/16\/uartes-y-ucsg-en-la-produccion-de-recurso-sonoro-para-medio-legislativo-mantenemos-convenio-de-cooperacion-interinstitucional\/"},"author":{"name":"ccortez","@id":"https:\/\/www.uartes.edu.ec\/sitio\/fr\/#\/schema\/person\/efa1b8275797664fd7f13a79ccc0b1f4"},"headline":"UArtes y UCSG, en la producci\u00f3n de recurso sonoro para medio legislativo","datePublished":"2026-03-17T00:41:30+00:00","dateModified":"2026-04-02T00:23:05+00:00","mainEntityOfPage":{"@id":"https:\/\/www.uartes.edu.ec\/sitio\/fr\/blog\/2026\/03\/16\/uartes-y-ucsg-en-la-produccion-de-recurso-sonoro-para-medio-legislativo-mantenemos-convenio-de-cooperacion-interinstitucional\/"},"wordCount":356,"commentCount":0,"publisher":{"@id":"https:\/\/www.uartes.edu.ec\/sitio\/fr\/#organization"},"image":{"@id":"https:\/\/www.uartes.edu.ec\/sitio\/fr\/blog\/2026\/03\/16\/uartes-y-ucsg-en-la-produccion-de-recurso-sonoro-para-medio-legislativo-mantenemos-convenio-de-cooperacion-interinstitucional\/#primaryimage"},"thumbnailUrl":"https:\/\/www.uartes.edu.ec\/sitio\/wp-content\/uploads\/2026\/03\/Proyecto-Cambiar-tamano-de-imagen-2026-03-16T170502.251.jpeg","keywords":["producci\u00f3n"],"articleSection":["Artes","Docentes","Estudiantes","Gesti\u00f3n","V\u00ednculo"],"inLanguage":"fr-FR","potentialAction":[{"@type":"CommentAction","name":"Comment","target":["https:\/\/www.uartes.edu.ec\/sitio\/fr\/blog\/2026\/03\/16\/uartes-y-ucsg-en-la-produccion-de-recurso-sonoro-para-medio-legislativo-mantenemos-convenio-de-cooperacion-interinstitucional\/#respond"]}]},{"@type":["WebPage","ItemPage"],"@id":"https:\/\/www.uartes.edu.ec\/sitio\/fr\/blog\/2026\/03\/16\/uartes-y-ucsg-en-la-produccion-de-recurso-sonoro-para-medio-legislativo-mantenemos-convenio-de-cooperacion-interinstitucional\/","url":"https:\/\/www.uartes.edu.ec\/sitio\/fr\/blog\/2026\/03\/16\/uartes-y-ucsg-en-la-produccion-de-recurso-sonoro-para-medio-legislativo-mantenemos-convenio-de-cooperacion-interinstitucional\/","name":"Universidad de las Artes - UArtes y UCSG, en la producci\u00f3n de recurso sonoro para medio legislativo","isPartOf":{"@id":"https:\/\/www.uartes.edu.ec\/sitio\/fr\/#website"},"primaryImageOfPage":{"@id":"https:\/\/www.uartes.edu.ec\/sitio\/fr\/blog\/2026\/03\/16\/uartes-y-ucsg-en-la-produccion-de-recurso-sonoro-para-medio-legislativo-mantenemos-convenio-de-cooperacion-interinstitucional\/#primaryimage"},"image":{"@id":"https:\/\/www.uartes.edu.ec\/sitio\/fr\/blog\/2026\/03\/16\/uartes-y-ucsg-en-la-produccion-de-recurso-sonoro-para-medio-legislativo-mantenemos-convenio-de-cooperacion-interinstitucional\/#primaryimage"},"thumbnailUrl":"https:\/\/www.uartes.edu.ec\/sitio\/wp-content\/uploads\/2026\/03\/Proyecto-Cambiar-tamano-de-imagen-2026-03-16T170502.251.jpeg","datePublished":"2026-03-17T00:41:30+00:00","dateModified":"2026-04-02T00:23:05+00:00","description":"Universidad de las Artes - UArtes y UCSG, en la producci\u00f3n de recurso sonoro para medio legislativo","breadcrumb":{"@id":"https:\/\/www.uartes.edu.ec\/sitio\/fr\/blog\/2026\/03\/16\/uartes-y-ucsg-en-la-produccion-de-recurso-sonoro-para-medio-legislativo-mantenemos-convenio-de-cooperacion-interinstitucional\/#breadcrumb"},"inLanguage":"fr-FR","potentialAction":[{"@type":"ReadAction","target":["https:\/\/www.uartes.edu.ec\/sitio\/fr\/blog\/2026\/03\/16\/uartes-y-ucsg-en-la-produccion-de-recurso-sonoro-para-medio-legislativo-mantenemos-convenio-de-cooperacion-interinstitucional\/"]}]},{"@type":"ImageObject","inLanguage":"fr-FR","@id":"https:\/\/www.uartes.edu.ec\/sitio\/fr\/blog\/2026\/03\/16\/uartes-y-ucsg-en-la-produccion-de-recurso-sonoro-para-medio-legislativo-mantenemos-convenio-de-cooperacion-interinstitucional\/#primaryimage","url":"https:\/\/www.uartes.edu.ec\/sitio\/wp-content\/uploads\/2026\/03\/Proyecto-Cambiar-tamano-de-imagen-2026-03-16T170502.251.jpeg","contentUrl":"https:\/\/www.uartes.edu.ec\/sitio\/wp-content\/uploads\/2026\/03\/Proyecto-Cambiar-tamano-de-imagen-2026-03-16T170502.251.jpeg","width":2000,"height":1333},{"@type":"BreadcrumbList","@id":"https:\/\/www.uartes.edu.ec\/sitio\/fr\/blog\/2026\/03\/16\/uartes-y-ucsg-en-la-produccion-de-recurso-sonoro-para-medio-legislativo-mantenemos-convenio-de-cooperacion-interinstitucional\/#breadcrumb","itemListElement":[{"@type":"ListItem","position":1,"name":"Inicio","item":"https:\/\/www.uartes.edu.ec\/sitio\/"},{"@type":"ListItem","position":2,"name":"UArtes y UCSG, en la producci\u00f3n de recurso sonoro para medio legislativo"}]},{"@type":"WebSite","@id":"https:\/\/www.uartes.edu.ec\/sitio\/fr\/#website","url":"https:\/\/www.uartes.edu.ec\/sitio\/fr\/","name":"Universidad de las Artes","description":"Sitio oficial de la Universidad Nacional de las Artes del Ecuador","publisher":{"@id":"https:\/\/www.uartes.edu.ec\/sitio\/fr\/#organization"},"potentialAction":[{"@type":"SearchAction","target":{"@type":"EntryPoint","urlTemplate":"https:\/\/www.uartes.edu.ec\/sitio\/fr\/?s={search_term_string}"},"query-input":{"@type":"PropertyValueSpecification","valueRequired":true,"valueName":"search_term_string"}}],"inLanguage":"fr-FR"},{"@type":"Organization","@id":"https:\/\/www.uartes.edu.ec\/sitio\/fr\/#organization","name":"Universidad de las Artes","url":"https:\/\/www.uartes.edu.ec\/sitio\/fr\/","logo":{"@type":"ImageObject","inLanguage":"fr-FR","@id":"https:\/\/www.uartes.edu.ec\/sitio\/fr\/#\/schema\/logo\/image\/","url":"https:\/\/www.uartes.edu.ec\/sitio\/wp-content\/uploads\/2022\/07\/logo-ua-horizontal.png","contentUrl":"https:\/\/www.uartes.edu.ec\/sitio\/wp-content\/uploads\/2022\/07\/logo-ua-horizontal.png","width":800,"height":276,"caption":"Universidad de las Artes"},"image":{"@id":"https:\/\/www.uartes.edu.ec\/sitio\/fr\/#\/schema\/logo\/image\/"},"sameAs":["https:\/\/www.facebook.com\/uartesec","https:\/\/x.com\/uartesec","https:\/\/www.tiktok.com\/@uartesec"]},{"@type":"Person","@id":"https:\/\/www.uartes.edu.ec\/sitio\/fr\/#\/schema\/person\/efa1b8275797664fd7f13a79ccc0b1f4","name":"ccortez","image":{"@type":"ImageObject","inLanguage":"fr-FR","@id":"https:\/\/secure.gravatar.com\/avatar\/b2a6f664a3ae8e074346ef91775736c5ec479e637ecced6842de9dc98b5da9cd?s=96&d=mm&r=g","url":"https:\/\/secure.gravatar.com\/avatar\/b2a6f664a3ae8e074346ef91775736c5ec479e637ecced6842de9dc98b5da9cd?s=96&d=mm&r=g","contentUrl":"https:\/\/secure.gravatar.com\/avatar\/b2a6f664a3ae8e074346ef91775736c5ec479e637ecced6842de9dc98b5da9cd?s=96&d=mm&r=g","caption":"ccortez"},"url":"https:\/\/www.uartes.edu.ec\/sitio\/fr\/blog\/author\/ccortez\/"}]}},"uagb_featured_image_src":{"full":["https:\/\/www.uartes.edu.ec\/sitio\/wp-content\/uploads\/2026\/03\/Proyecto-Cambiar-tamano-de-imagen-2026-03-16T170502.251.jpeg",2000,1333,false],"thumbnail":["https:\/\/www.uartes.edu.ec\/sitio\/wp-content\/uploads\/2026\/03\/Proyecto-Cambiar-tamano-de-imagen-2026-03-16T170502.251-150x150.jpeg",150,150,true],"medium":["https:\/\/www.uartes.edu.ec\/sitio\/wp-content\/uploads\/2026\/03\/Proyecto-Cambiar-tamano-de-imagen-2026-03-16T170502.251-300x200.jpeg",300,200,true],"medium_large":["https:\/\/www.uartes.edu.ec\/sitio\/wp-content\/uploads\/2026\/03\/Proyecto-Cambiar-tamano-de-imagen-2026-03-16T170502.251-768x512.jpeg",768,512,true],"large":["https:\/\/www.uartes.edu.ec\/sitio\/wp-content\/uploads\/2026\/03\/Proyecto-Cambiar-tamano-de-imagen-2026-03-16T170502.251-644x429.jpeg",644,429,true],"1536x1536":["https:\/\/www.uartes.edu.ec\/sitio\/wp-content\/uploads\/2026\/03\/Proyecto-Cambiar-tamano-de-imagen-2026-03-16T170502.251-1536x1024.jpeg",1536,1024,true],"2048x2048":["https:\/\/www.uartes.edu.ec\/sitio\/wp-content\/uploads\/2026\/03\/Proyecto-Cambiar-tamano-de-imagen-2026-03-16T170502.251.jpeg",2000,1333,false],"trp-custom-language-flag":["https:\/\/www.uartes.edu.ec\/sitio\/wp-content\/uploads\/2026\/03\/Proyecto-Cambiar-tamano-de-imagen-2026-03-16T170502.251-18x12.jpeg",18,12,true],"htmega_size_585x295":["https:\/\/www.uartes.edu.ec\/sitio\/wp-content\/uploads\/2026\/03\/Proyecto-Cambiar-tamano-de-imagen-2026-03-16T170502.251-585x295.jpeg",585,295,true],"htmega_size_1170x536":["https:\/\/www.uartes.edu.ec\/sitio\/wp-content\/uploads\/2026\/03\/Proyecto-Cambiar-tamano-de-imagen-2026-03-16T170502.251-1170x536.jpeg",1170,536,true],"htmega_size_396x360":["https:\/\/www.uartes.edu.ec\/sitio\/wp-content\/uploads\/2026\/03\/Proyecto-Cambiar-tamano-de-imagen-2026-03-16T170502.251-396x360.jpeg",396,360,true],"gb-block-post-grid-landscape":["https:\/\/www.uartes.edu.ec\/sitio\/wp-content\/uploads\/2026\/03\/Proyecto-Cambiar-tamano-de-imagen-2026-03-16T170502.251-600x400.jpeg",600,400,true],"gb-block-post-grid-square":["https:\/\/www.uartes.edu.ec\/sitio\/wp-content\/uploads\/2026\/03\/Proyecto-Cambiar-tamano-de-imagen-2026-03-16T170502.251-600x600.jpeg",600,600,true],"university-hub-thumb":["https:\/\/www.uartes.edu.ec\/sitio\/wp-content\/uploads\/2026\/03\/Proyecto-Cambiar-tamano-de-imagen-2026-03-16T170502.251-400x267.jpeg",400,267,true]},"uagb_author_info":{"display_name":"ccortez","author_link":"https:\/\/www.uartes.edu.ec\/sitio\/fr\/blog\/author\/ccortez\/"},"uagb_comment_info":0,"uagb_excerpt":"La Universidad de las Artes mantiene con la Universidad Cat\u00f3lica de Santiago de Guayaquil (UCSG) un convenio de cooperaci\u00f3n interinstitucional y en ese marco trabajamos colaborativamente en la producci\u00f3n de un recurso sonoro para un medio legislativo. En su direcci\u00f3n intervino la cantautora y docente Jenny Villafuerte y en la producci\u00f3n t\u00e9cnica el alumnus UArtes\u2026","featured_image_src":"https:\/\/www.uartes.edu.ec\/sitio\/wp-content\/uploads\/2026\/03\/Proyecto-Cambiar-tamano-de-imagen-2026-03-16T170502.251-600x400.jpeg","featured_image_src_square":"https:\/\/www.uartes.edu.ec\/sitio\/wp-content\/uploads\/2026\/03\/Proyecto-Cambiar-tamano-de-imagen-2026-03-16T170502.251-600x600.jpeg","author_info":{"display_name":"ccortez","author_link":"https:\/\/www.uartes.edu.ec\/sitio\/fr\/blog\/author\/ccortez\/"},"publishpress_future_workflow_manual_trigger":{"enabledWorkflows":[]},"distributor_meta":false,"distributor_terms":false,"distributor_media":false,"distributor_original_site_name":"Universidad de las Artes","distributor_original_site_url":"https:\/\/www.uartes.edu.ec\/sitio\/fr","push-errors":false,"_links":{"self":[{"href":"https:\/\/www.uartes.edu.ec\/sitio\/fr\/wp-json\/wp\/v2\/posts\/87852","targetHints":{"allow":["GET"]}}],"collection":[{"href":"https:\/\/www.uartes.edu.ec\/sitio\/fr\/wp-json\/wp\/v2\/posts"}],"about":[{"href":"https:\/\/www.uartes.edu.ec\/sitio\/fr\/wp-json\/wp\/v2\/types\/post"}],"author":[{"embeddable":true,"href":"https:\/\/www.uartes.edu.ec\/sitio\/fr\/wp-json\/wp\/v2\/users\/10"}],"replies":[{"embeddable":true,"href":"https:\/\/www.uartes.edu.ec\/sitio\/fr\/wp-json\/wp\/v2\/comments?post=87852"}],"version-history":[{"count":9,"href":"https:\/\/www.uartes.edu.ec\/sitio\/fr\/wp-json\/wp\/v2\/posts\/87852\/revisions"}],"predecessor-version":[{"id":88568,"href":"https:\/\/www.uartes.edu.ec\/sitio\/fr\/wp-json\/wp\/v2\/posts\/87852\/revisions\/88568"}],"wp:featuredmedia":[{"embeddable":true,"href":"https:\/\/www.uartes.edu.ec\/sitio\/fr\/wp-json\/wp\/v2\/media\/87853"}],"wp:attachment":[{"href":"https:\/\/www.uartes.edu.ec\/sitio\/fr\/wp-json\/wp\/v2\/media?parent=87852"}],"wp:term":[{"taxonomy":"category","embeddable":true,"href":"https:\/\/www.uartes.edu.ec\/sitio\/fr\/wp-json\/wp\/v2\/categories?post=87852"},{"taxonomy":"post_tag","embeddable":true,"href":"https:\/\/www.uartes.edu.ec\/sitio\/fr\/wp-json\/wp\/v2\/tags?post=87852"},{"taxonomy":"infouartes","embeddable":true,"href":"https:\/\/www.uartes.edu.ec\/sitio\/fr\/wp-json\/wp\/v2\/infouartes?post=87852"}],"curies":[{"name":"wp","href":"https:\/\/api.w.org\/{rel}","templated":true}]}}