{"id":89577,"date":"2026-04-23T15:02:13","date_gmt":"2026-04-23T20:02:13","guid":{"rendered":"https:\/\/www.uartes.edu.ec\/sitio\/?p=89577"},"modified":"2026-04-23T15:25:21","modified_gmt":"2026-04-23T20:25:21","slug":"vinculacion-con-la-sociedad-y-responsables-de-proyectos-en-manglaralto-y-ayangue-por-acciones-conjuntas","status":"publish","type":"post","link":"https:\/\/www.uartes.edu.ec\/sitio\/fr\/blog\/2026\/04\/23\/vinculacion-con-la-sociedad-y-responsables-de-proyectos-en-manglaralto-y-ayangue-por-acciones-conjuntas\/","title":{"rendered":"Por m\u00e1s proyectos de vinculaci\u00f3n con la sociedad, la UArtes dialoga con las comunidades de Manglaralto y Ayangue"},"content":{"rendered":"<p>Con el prop\u00f3sito de dialogar con los representantes de la parroquia rural de Manglaralto y la comuna de Ayangue, ambas en la provincia de Santa Elena, funcionarios de la Direcci\u00f3n de Vinculaci\u00f3n con la Sociedad y docentes de la Universidad de las Artes que llevan adelante proyectos de v\u00ednculo visitaron los territorios para acordar y coordinar actividades que beneficien a sus habitantes.<\/p>\n\n\n\n<p>La delegaci\u00f3n UArtes estuvo conformada por Marcelo Leyton, director de Vinculaci\u00f3n con la Sociedad y director del proyecto&nbsp;\u201cBibliotricimoteca\u201d; Patricio S\u00e1nchez, especialista en proyectos de vinculaci\u00f3n; Ronny Ramos, analista de convenios nacionales; Pedro Segovia, docente responsable de vinculaci\u00f3n de la Escuela de Artes Sonoras y director del proyecto&nbsp;\u201cCREAS\u201d; y, Cecibel Cortez, estudiante de Literatura, maestrante de Gesti\u00f3n Cultural y representante del proyecto de vinculaci\u00f3n \u201cComunapolis\u201d.<\/p>\n\n\n\n<p>En la visita a Manglaralto, nuestra delegaci\u00f3n fue recibida por la presidenta de su Gobierno Aut\u00f3nomo Descentralizado Parroquial, Melissa Lamus; su vicepresidente, An\u00edbal Tumbaco; el gestor cultural, Walter Zambrano; y, la relacionista p\u00fablica, Evelyn Zambrano. Mientras que, en la visita a Ayangue, el recibimiento estuvo a cargo de los miembros de la Comuna: Maribel Carmona, directora de la Biblioteca Comunitaria; Diego Pozo, tesorero del Cabildo Comunal; y, Tommy Mor\u00e1n, educador de la Fundaci\u00f3n Amiguitos del Oc\u00e9ano.<\/p>\n\n\n\n<figure class=\"wp-block-gallery has-nested-images columns-default is-cropped wp-block-gallery-1 is-layout-flex wp-block-gallery-is-layout-flex\">\n<figure class=\"wp-block-image size-large\"><img fetchpriority=\"high\" decoding=\"async\" width=\"644\" height=\"429\" data-id=\"89588\" src=\"https:\/\/www.uartes.edu.ec\/sitio\/wp-content\/uploads\/2026\/04\/Proyecto-Cambiar-tamano-de-imagen-2026-04-22T184756.125-644x429.jpeg\" alt=\"\" class=\"wp-image-89588\" srcset=\"https:\/\/www.uartes.edu.ec\/sitio\/wp-content\/uploads\/2026\/04\/Proyecto-Cambiar-tamano-de-imagen-2026-04-22T184756.125-644x429.jpeg 644w, https:\/\/www.uartes.edu.ec\/sitio\/wp-content\/uploads\/2026\/04\/Proyecto-Cambiar-tamano-de-imagen-2026-04-22T184756.125-300x200.jpeg 300w, https:\/\/www.uartes.edu.ec\/sitio\/wp-content\/uploads\/2026\/04\/Proyecto-Cambiar-tamano-de-imagen-2026-04-22T184756.125-768x512.jpeg 768w, https:\/\/www.uartes.edu.ec\/sitio\/wp-content\/uploads\/2026\/04\/Proyecto-Cambiar-tamano-de-imagen-2026-04-22T184756.125-1536x1024.jpeg 1536w, https:\/\/www.uartes.edu.ec\/sitio\/wp-content\/uploads\/2026\/04\/Proyecto-Cambiar-tamano-de-imagen-2026-04-22T184756.125-18x12.jpeg 18w, https:\/\/www.uartes.edu.ec\/sitio\/wp-content\/uploads\/2026\/04\/Proyecto-Cambiar-tamano-de-imagen-2026-04-22T184756.125-600x400.jpeg 600w, https:\/\/www.uartes.edu.ec\/sitio\/wp-content\/uploads\/2026\/04\/Proyecto-Cambiar-tamano-de-imagen-2026-04-22T184756.125-400x267.jpeg 400w, https:\/\/www.uartes.edu.ec\/sitio\/wp-content\/uploads\/2026\/04\/Proyecto-Cambiar-tamano-de-imagen-2026-04-22T184756.125-1320x880.jpeg 1320w, https:\/\/www.uartes.edu.ec\/sitio\/wp-content\/uploads\/2026\/04\/Proyecto-Cambiar-tamano-de-imagen-2026-04-22T184756.125.jpeg 2000w\" sizes=\"(max-width: 644px) 100vw, 644px\" \/><\/figure>\n\n\n\n<figure class=\"wp-block-image size-large\"><img decoding=\"async\" width=\"644\" height=\"429\" data-id=\"89587\" src=\"https:\/\/www.uartes.edu.ec\/sitio\/wp-content\/uploads\/2026\/04\/Proyecto-Cambiar-tamano-de-imagen-2026-04-22T185046.190-644x429.jpeg\" alt=\"\" class=\"wp-image-89587\" srcset=\"https:\/\/www.uartes.edu.ec\/sitio\/wp-content\/uploads\/2026\/04\/Proyecto-Cambiar-tamano-de-imagen-2026-04-22T185046.190-644x429.jpeg 644w, https:\/\/www.uartes.edu.ec\/sitio\/wp-content\/uploads\/2026\/04\/Proyecto-Cambiar-tamano-de-imagen-2026-04-22T185046.190-300x200.jpeg 300w, https:\/\/www.uartes.edu.ec\/sitio\/wp-content\/uploads\/2026\/04\/Proyecto-Cambiar-tamano-de-imagen-2026-04-22T185046.190-768x512.jpeg 768w, https:\/\/www.uartes.edu.ec\/sitio\/wp-content\/uploads\/2026\/04\/Proyecto-Cambiar-tamano-de-imagen-2026-04-22T185046.190-1536x1024.jpeg 1536w, https:\/\/www.uartes.edu.ec\/sitio\/wp-content\/uploads\/2026\/04\/Proyecto-Cambiar-tamano-de-imagen-2026-04-22T185046.190-18x12.jpeg 18w, https:\/\/www.uartes.edu.ec\/sitio\/wp-content\/uploads\/2026\/04\/Proyecto-Cambiar-tamano-de-imagen-2026-04-22T185046.190-600x400.jpeg 600w, https:\/\/www.uartes.edu.ec\/sitio\/wp-content\/uploads\/2026\/04\/Proyecto-Cambiar-tamano-de-imagen-2026-04-22T185046.190-400x267.jpeg 400w, https:\/\/www.uartes.edu.ec\/sitio\/wp-content\/uploads\/2026\/04\/Proyecto-Cambiar-tamano-de-imagen-2026-04-22T185046.190-1320x880.jpeg 1320w, https:\/\/www.uartes.edu.ec\/sitio\/wp-content\/uploads\/2026\/04\/Proyecto-Cambiar-tamano-de-imagen-2026-04-22T185046.190.jpeg 2000w\" sizes=\"(max-width: 644px) 100vw, 644px\" \/><\/figure>\n\n\n\n<figure class=\"wp-block-image size-large\"><img decoding=\"async\" width=\"644\" height=\"429\" data-id=\"89589\" src=\"https:\/\/www.uartes.edu.ec\/sitio\/wp-content\/uploads\/2026\/04\/Proyecto-Cambiar-tamano-de-imagen-2-644x429.png\" alt=\"\" class=\"wp-image-89589\" srcset=\"https:\/\/www.uartes.edu.ec\/sitio\/wp-content\/uploads\/2026\/04\/Proyecto-Cambiar-tamano-de-imagen-2-644x429.png 644w, https:\/\/www.uartes.edu.ec\/sitio\/wp-content\/uploads\/2026\/04\/Proyecto-Cambiar-tamano-de-imagen-2-300x200.png 300w, https:\/\/www.uartes.edu.ec\/sitio\/wp-content\/uploads\/2026\/04\/Proyecto-Cambiar-tamano-de-imagen-2-768x512.png 768w, https:\/\/www.uartes.edu.ec\/sitio\/wp-content\/uploads\/2026\/04\/Proyecto-Cambiar-tamano-de-imagen-2-1536x1024.png 1536w, https:\/\/www.uartes.edu.ec\/sitio\/wp-content\/uploads\/2026\/04\/Proyecto-Cambiar-tamano-de-imagen-2-18x12.png 18w, https:\/\/www.uartes.edu.ec\/sitio\/wp-content\/uploads\/2026\/04\/Proyecto-Cambiar-tamano-de-imagen-2-600x400.png 600w, https:\/\/www.uartes.edu.ec\/sitio\/wp-content\/uploads\/2026\/04\/Proyecto-Cambiar-tamano-de-imagen-2-400x267.png 400w, https:\/\/www.uartes.edu.ec\/sitio\/wp-content\/uploads\/2026\/04\/Proyecto-Cambiar-tamano-de-imagen-2-1320x880.png 1320w, https:\/\/www.uartes.edu.ec\/sitio\/wp-content\/uploads\/2026\/04\/Proyecto-Cambiar-tamano-de-imagen-2.png 2000w\" sizes=\"(max-width: 644px) 100vw, 644px\" \/><\/figure>\n<\/figure>\n\n\n<div class=\"wp-block-image\">\n<figure class=\"aligncenter size-large\"><img loading=\"lazy\" decoding=\"async\" width=\"644\" height=\"429\" src=\"https:\/\/www.uartes.edu.ec\/sitio\/wp-content\/uploads\/2026\/04\/Proyecto-Cambiar-tamano-de-imagen-2026-04-22T184649.197-644x429.jpeg\" alt=\"\" class=\"wp-image-89586\" srcset=\"https:\/\/www.uartes.edu.ec\/sitio\/wp-content\/uploads\/2026\/04\/Proyecto-Cambiar-tamano-de-imagen-2026-04-22T184649.197-644x429.jpeg 644w, https:\/\/www.uartes.edu.ec\/sitio\/wp-content\/uploads\/2026\/04\/Proyecto-Cambiar-tamano-de-imagen-2026-04-22T184649.197-300x200.jpeg 300w, https:\/\/www.uartes.edu.ec\/sitio\/wp-content\/uploads\/2026\/04\/Proyecto-Cambiar-tamano-de-imagen-2026-04-22T184649.197-768x512.jpeg 768w, https:\/\/www.uartes.edu.ec\/sitio\/wp-content\/uploads\/2026\/04\/Proyecto-Cambiar-tamano-de-imagen-2026-04-22T184649.197-1536x1024.jpeg 1536w, https:\/\/www.uartes.edu.ec\/sitio\/wp-content\/uploads\/2026\/04\/Proyecto-Cambiar-tamano-de-imagen-2026-04-22T184649.197-18x12.jpeg 18w, https:\/\/www.uartes.edu.ec\/sitio\/wp-content\/uploads\/2026\/04\/Proyecto-Cambiar-tamano-de-imagen-2026-04-22T184649.197-600x400.jpeg 600w, https:\/\/www.uartes.edu.ec\/sitio\/wp-content\/uploads\/2026\/04\/Proyecto-Cambiar-tamano-de-imagen-2026-04-22T184649.197-400x267.jpeg 400w, https:\/\/www.uartes.edu.ec\/sitio\/wp-content\/uploads\/2026\/04\/Proyecto-Cambiar-tamano-de-imagen-2026-04-22T184649.197-1320x880.jpeg 1320w, https:\/\/www.uartes.edu.ec\/sitio\/wp-content\/uploads\/2026\/04\/Proyecto-Cambiar-tamano-de-imagen-2026-04-22T184649.197.jpeg 2000w\" sizes=\"(max-width: 644px) 100vw, 644px\" \/><\/figure>\n<\/div>\n\n\n<p>Como antecedente, vale anotar que la Universidad de las Artes se ha relacionado previamente con estos territorios desde iniciativas como el proyecto&nbsp;\u201cMar, Manglar y Cordillera\u201d,&nbsp;en Manglaralto; y en Ayangue, a trav\u00e9s del proyecto&nbsp;\u201cPor los vientos que soplan\u201d&nbsp;de la Escuela de Artes Sonoras, para el fortalecimiento de la iniciativa&nbsp;Sinfon\u00eda de Ballenas&nbsp;impulsada por la Fundaci\u00f3n Amiguitos del Oc\u00e9ano.<\/p>\n\n\n\n<p>Durante el encuentro se reafirm\u00f3 el compromiso de las partes para impulsar de manera mancomunada el fomento del arte y las culturas. El GAD Manglaralto detall\u00f3 sus iniciativas art\u00edsticas-culturales, como la creaci\u00f3n de tres bibliotecas en Valdivia, Manglaralto y Monta\u00f1ita; el rescate de juegos tradicionales; la campa\u00f1a de concientizaci\u00f3n para la recolecci\u00f3n de desechos en la playa; el proyecto de murales \u201cColmena\u201d; el concurso musical \u201cCanto por ti Manglaralto\u201d; y la Noche Cultural de Manglaralto.<\/p>\n\n\n\n<p>Sobre la Noche Cultural, que suceder\u00e1 a finales del mes de mayo, se identific\u00f3 un momento ideal para articular acciones de los proyectos de vinculaci\u00f3n UArtes mencionados. As\u00ed, por ejemplo, contribuir con el proyecto \u201cCREAS\u201d en la preparaci\u00f3n log\u00edstica y t\u00e9cnica del evento a trav\u00e9s de los estudiantes practicantes, as\u00ed como en el acompa\u00f1amiento art\u00edstico para la grabaci\u00f3n de los ganadores y la participaci\u00f3n de docentes como jurado.<\/p>\n\n\n<div class=\"wp-block-image\">\n<figure class=\"aligncenter size-large\"><img loading=\"lazy\" decoding=\"async\" width=\"644\" height=\"429\" src=\"https:\/\/www.uartes.edu.ec\/sitio\/wp-content\/uploads\/2026\/04\/Proyecto-Cambiar-tamano-de-imagen-2026-04-22T185115.226-644x429.jpeg\" alt=\"\" class=\"wp-image-89594\" srcset=\"https:\/\/www.uartes.edu.ec\/sitio\/wp-content\/uploads\/2026\/04\/Proyecto-Cambiar-tamano-de-imagen-2026-04-22T185115.226-644x429.jpeg 644w, https:\/\/www.uartes.edu.ec\/sitio\/wp-content\/uploads\/2026\/04\/Proyecto-Cambiar-tamano-de-imagen-2026-04-22T185115.226-300x200.jpeg 300w, https:\/\/www.uartes.edu.ec\/sitio\/wp-content\/uploads\/2026\/04\/Proyecto-Cambiar-tamano-de-imagen-2026-04-22T185115.226-768x512.jpeg 768w, https:\/\/www.uartes.edu.ec\/sitio\/wp-content\/uploads\/2026\/04\/Proyecto-Cambiar-tamano-de-imagen-2026-04-22T185115.226-1536x1024.jpeg 1536w, https:\/\/www.uartes.edu.ec\/sitio\/wp-content\/uploads\/2026\/04\/Proyecto-Cambiar-tamano-de-imagen-2026-04-22T185115.226-18x12.jpeg 18w, https:\/\/www.uartes.edu.ec\/sitio\/wp-content\/uploads\/2026\/04\/Proyecto-Cambiar-tamano-de-imagen-2026-04-22T185115.226-600x400.jpeg 600w, https:\/\/www.uartes.edu.ec\/sitio\/wp-content\/uploads\/2026\/04\/Proyecto-Cambiar-tamano-de-imagen-2026-04-22T185115.226-400x267.jpeg 400w, https:\/\/www.uartes.edu.ec\/sitio\/wp-content\/uploads\/2026\/04\/Proyecto-Cambiar-tamano-de-imagen-2026-04-22T185115.226-1320x880.jpeg 1320w, https:\/\/www.uartes.edu.ec\/sitio\/wp-content\/uploads\/2026\/04\/Proyecto-Cambiar-tamano-de-imagen-2026-04-22T185115.226.jpeg 2000w\" sizes=\"(max-width: 644px) 100vw, 644px\" \/><\/figure>\n<\/div>\n\n<div class=\"wp-block-image\">\n<figure class=\"aligncenter size-large is-resized\"><img loading=\"lazy\" decoding=\"async\" width=\"644\" height=\"429\" src=\"https:\/\/www.uartes.edu.ec\/sitio\/wp-content\/uploads\/2026\/04\/Proyecto-Cambiar-tamano-de-imagen-2026-04-23T122712.748-644x429.jpeg\" alt=\"\" class=\"wp-image-89595\" style=\"aspect-ratio:1.5011837552358405;width:479px;height:auto\" srcset=\"https:\/\/www.uartes.edu.ec\/sitio\/wp-content\/uploads\/2026\/04\/Proyecto-Cambiar-tamano-de-imagen-2026-04-23T122712.748-644x429.jpeg 644w, https:\/\/www.uartes.edu.ec\/sitio\/wp-content\/uploads\/2026\/04\/Proyecto-Cambiar-tamano-de-imagen-2026-04-23T122712.748-300x200.jpeg 300w, https:\/\/www.uartes.edu.ec\/sitio\/wp-content\/uploads\/2026\/04\/Proyecto-Cambiar-tamano-de-imagen-2026-04-23T122712.748-768x512.jpeg 768w, https:\/\/www.uartes.edu.ec\/sitio\/wp-content\/uploads\/2026\/04\/Proyecto-Cambiar-tamano-de-imagen-2026-04-23T122712.748-1536x1024.jpeg 1536w, https:\/\/www.uartes.edu.ec\/sitio\/wp-content\/uploads\/2026\/04\/Proyecto-Cambiar-tamano-de-imagen-2026-04-23T122712.748-18x12.jpeg 18w, https:\/\/www.uartes.edu.ec\/sitio\/wp-content\/uploads\/2026\/04\/Proyecto-Cambiar-tamano-de-imagen-2026-04-23T122712.748-600x400.jpeg 600w, https:\/\/www.uartes.edu.ec\/sitio\/wp-content\/uploads\/2026\/04\/Proyecto-Cambiar-tamano-de-imagen-2026-04-23T122712.748-400x267.jpeg 400w, https:\/\/www.uartes.edu.ec\/sitio\/wp-content\/uploads\/2026\/04\/Proyecto-Cambiar-tamano-de-imagen-2026-04-23T122712.748-1320x880.jpeg 1320w, https:\/\/www.uartes.edu.ec\/sitio\/wp-content\/uploads\/2026\/04\/Proyecto-Cambiar-tamano-de-imagen-2026-04-23T122712.748.jpeg 2000w\" sizes=\"(max-width: 644px) 100vw, 644px\" \/><\/figure>\n<\/div>\n\n\n<p>Tambi\u00e9n se propuso articular una agenda cultural durante una ma\u00f1ana\/tarde a trav\u00e9s del proyecto \u201cBibliotricimoteca\u201d y \u201cComunapolis\u201d, con la participaci\u00f3n de Admisiones.<\/p>\n\n\n\n<p>Es as\u00ed que, la Universidad de las Artes contribuir\u00eda con la gesti\u00f3n de la movilizaci\u00f3n del personal administrativo, docente y estudiantil para la ejecuci\u00f3n de estas acciones y el GAD se encargar\u00eda de coordinar la disponibilidad del equipamiento para el evento, hospedaje y alimentaci\u00f3n para los estudiantes y t\u00e9cnicos.<\/p>\n\n\n\n<h3 class=\"wp-block-heading\">De la visita a Ayangue, sus resultados<\/h3>\n\n\n\n<p>En cuanto a Ayangue, vale mencionar que la visita fue resultado de acciones y acercamientos previos con la comuna, como la presencia de estudiantes y docentes en el marco del proyecto de vinculaci\u00f3n con la sociedad \u201cPor los vientos que soplan\u201d, que junto con la Fundaci\u00f3n Amiguitos del Oc\u00e9ano impulsaron la conformaci\u00f3n del Ensamble de Caracolas y Marimbas para la iniciativa Sinfon\u00eda de Ballenas.<\/p>\n\n\n\n<p>El prop\u00f3sito particular del encuentro fue presentar a los responsables de los proyectos de Vinculaci\u00f3n con la Sociedad que tienen declarado como territorio de acci\u00f3n a la provincia de Santa Elena, las comunidades y espacios id\u00f3neos para desarrollar actividades l\u00fadicas, pedag\u00f3gicas, art\u00edsticas y culturales con la poblaci\u00f3n local.<\/p>\n\n\n<div class=\"wp-block-image\">\n<figure class=\"aligncenter size-large\"><img loading=\"lazy\" decoding=\"async\" width=\"644\" height=\"429\" src=\"https:\/\/www.uartes.edu.ec\/sitio\/wp-content\/uploads\/2026\/04\/Proyecto-Cambiar-tamano-de-imagen-2026-04-22T184828.824-644x429.jpeg\" alt=\"\" class=\"wp-image-89596\" srcset=\"https:\/\/www.uartes.edu.ec\/sitio\/wp-content\/uploads\/2026\/04\/Proyecto-Cambiar-tamano-de-imagen-2026-04-22T184828.824-644x429.jpeg 644w, https:\/\/www.uartes.edu.ec\/sitio\/wp-content\/uploads\/2026\/04\/Proyecto-Cambiar-tamano-de-imagen-2026-04-22T184828.824-300x200.jpeg 300w, https:\/\/www.uartes.edu.ec\/sitio\/wp-content\/uploads\/2026\/04\/Proyecto-Cambiar-tamano-de-imagen-2026-04-22T184828.824-768x512.jpeg 768w, https:\/\/www.uartes.edu.ec\/sitio\/wp-content\/uploads\/2026\/04\/Proyecto-Cambiar-tamano-de-imagen-2026-04-22T184828.824-1536x1024.jpeg 1536w, https:\/\/www.uartes.edu.ec\/sitio\/wp-content\/uploads\/2026\/04\/Proyecto-Cambiar-tamano-de-imagen-2026-04-22T184828.824-18x12.jpeg 18w, https:\/\/www.uartes.edu.ec\/sitio\/wp-content\/uploads\/2026\/04\/Proyecto-Cambiar-tamano-de-imagen-2026-04-22T184828.824-600x400.jpeg 600w, https:\/\/www.uartes.edu.ec\/sitio\/wp-content\/uploads\/2026\/04\/Proyecto-Cambiar-tamano-de-imagen-2026-04-22T184828.824-400x267.jpeg 400w, https:\/\/www.uartes.edu.ec\/sitio\/wp-content\/uploads\/2026\/04\/Proyecto-Cambiar-tamano-de-imagen-2026-04-22T184828.824-1320x880.jpeg 1320w, https:\/\/www.uartes.edu.ec\/sitio\/wp-content\/uploads\/2026\/04\/Proyecto-Cambiar-tamano-de-imagen-2026-04-22T184828.824.jpeg 2000w\" sizes=\"(max-width: 644px) 100vw, 644px\" \/><\/figure>\n<\/div>\n\n<div class=\"wp-block-image\">\n<figure class=\"aligncenter size-large is-resized\"><img loading=\"lazy\" decoding=\"async\" width=\"644\" height=\"429\" src=\"https:\/\/www.uartes.edu.ec\/sitio\/wp-content\/uploads\/2026\/04\/Proyecto-Cambiar-tamano-de-imagen-2026-04-22T184922.573-644x429.jpeg\" alt=\"\" class=\"wp-image-89597\" style=\"aspect-ratio:1.5011837552358405;width:485px;height:auto\" srcset=\"https:\/\/www.uartes.edu.ec\/sitio\/wp-content\/uploads\/2026\/04\/Proyecto-Cambiar-tamano-de-imagen-2026-04-22T184922.573-644x429.jpeg 644w, https:\/\/www.uartes.edu.ec\/sitio\/wp-content\/uploads\/2026\/04\/Proyecto-Cambiar-tamano-de-imagen-2026-04-22T184922.573-300x200.jpeg 300w, https:\/\/www.uartes.edu.ec\/sitio\/wp-content\/uploads\/2026\/04\/Proyecto-Cambiar-tamano-de-imagen-2026-04-22T184922.573-768x512.jpeg 768w, https:\/\/www.uartes.edu.ec\/sitio\/wp-content\/uploads\/2026\/04\/Proyecto-Cambiar-tamano-de-imagen-2026-04-22T184922.573-1536x1024.jpeg 1536w, https:\/\/www.uartes.edu.ec\/sitio\/wp-content\/uploads\/2026\/04\/Proyecto-Cambiar-tamano-de-imagen-2026-04-22T184922.573-18x12.jpeg 18w, https:\/\/www.uartes.edu.ec\/sitio\/wp-content\/uploads\/2026\/04\/Proyecto-Cambiar-tamano-de-imagen-2026-04-22T184922.573-600x400.jpeg 600w, https:\/\/www.uartes.edu.ec\/sitio\/wp-content\/uploads\/2026\/04\/Proyecto-Cambiar-tamano-de-imagen-2026-04-22T184922.573-400x267.jpeg 400w, https:\/\/www.uartes.edu.ec\/sitio\/wp-content\/uploads\/2026\/04\/Proyecto-Cambiar-tamano-de-imagen-2026-04-22T184922.573-1320x880.jpeg 1320w, https:\/\/www.uartes.edu.ec\/sitio\/wp-content\/uploads\/2026\/04\/Proyecto-Cambiar-tamano-de-imagen-2026-04-22T184922.573.jpeg 2000w\" sizes=\"(max-width: 644px) 100vw, 644px\" \/><\/figure>\n<\/div>\n\n\n<p>La Biblioteca Comunitaria existente en la Comuna Ayangue fue implementada gracias a la gesti\u00f3n de la Fundaci\u00f3n Unidos por la Educaci\u00f3n (UxE), instituci\u00f3n que en a\u00f1os anteriores estuvo articulada con la carrera de Pedagog\u00eda en Artes que la UArtes compart\u00eda con la UNAE (Universidad Nacional de Educaci\u00f3n).<\/p>\n\n\n\n<p>A trav\u00e9s del proyecto \u201cComunapolis\u201d se expres\u00f3 el inter\u00e9s de planificar actividades que contribuyan al fortalecimiento de la Biblioteca Comunitaria, mediante capacitaciones a miembros de la comunidad, programaci\u00f3n de talleres y actividades durante el presente semestre.<\/p>\n\n\n\n<p>As\u00ed tambi\u00e9n, se expres\u00f3 la intenci\u00f3n de desarrollar una de las ediciones de \u201cPazArte Alegr\u00eda\u201d del proyecto \u201cBibliotricimoteca\u201d en el parque comunal, as\u00ed como una visita de la Direcci\u00f3n de Admisiones UArtes a la Unidad Educativa de la Comuna, a fin de dar a conocer nuestra oferta acad\u00e9mica, en particular la carrera de Educaci\u00f3n Art\u00edstica Intercultural por su modalidad h\u00edbrida.<\/p>\n\n\n\n<p>Del proyecto \u201cPor los vientos que soplan\u201d, se indic\u00f3 que continuar\u00e1 en el territorio, a cargo del docente Fernando Palacios.<\/p>\n\n\n\n<p>Texto y fotos: Direcci\u00f3n de Vinculaci\u00f3n con la Sociedad de la Universidad de las Artes. Edici\u00f3n: Carmen Cortez\/Dircom.<\/p>","protected":false},"excerpt":{"rendered":"<p>Para dialogar con los representantes de Manglaralto y Ayangue, funcionarios de la Direcci\u00f3n de Vinculaci\u00f3n con la Sociedad y los responsables de dos de los proyectos de v\u00ednculo visitaron los territorios para coordinar actividades que beneficien a sus habitantes. Integraron la delegaci\u00f3n: Marcelo Leyton, Ronny Ramos y Patricio S\u00e1nchez, de la DVS, el docente Pedro Segovia y la estudiante y maestrante Cecibel Cortez.<\/p>","protected":false},"author":10,"featured_media":89585,"comment_status":"open","ping_status":"open","sticky":false,"template":"","format":"standard","meta":{"_acf_changed":false,"_uag_custom_page_level_css":"","_monsterinsights_skip_tracking":false,"_monsterinsights_sitenote_active":false,"_monsterinsights_sitenote_note":"","_monsterinsights_sitenote_category":0,"cybocfi_hide_featured_image":"","footnotes":""},"categories":[80,82,159,150,157,147,75,76,175,79],"tags":[1325],"infouartes":[],"class_list":["post-89577","post","type-post","status-publish","format-standard","has-post-thumbnail","hentry","category-academico","category-artes","category-artes-escenicas","category-artes-sonoras","category-artes-visuales","category-cine","category-docentes","category-estudiantes","category-literatura","category-vinculo","tag-recorrido"],"acf":[],"yoast_head":"<!-- This site is optimized with the Yoast SEO plugin v27.4 - https:\/\/yoast.com\/product\/yoast-seo-wordpress\/ -->\n<title>Universidad de las Artes - Por m\u00e1s proyectos de vinculaci\u00f3n con la sociedad, la UArtes dialoga con las comunidades de Manglaralto y Ayangue<\/title>\n<meta name=\"description\" content=\"Universidad de las Artes - Por m\u00e1s proyectos de vinculaci\u00f3n con la sociedad, la UArtes dialoga con las comunidades de Manglaralto y Ayangue\" \/>\n<meta name=\"robots\" content=\"index, follow, max-snippet:-1, max-image-preview:large, max-video-preview:-1\" \/>\n<link rel=\"canonical\" href=\"https:\/\/www.uartes.edu.ec\/sitio\/fr\/blog\/2026\/04\/23\/vinculacion-con-la-sociedad-y-responsables-de-proyectos-en-manglaralto-y-ayangue-por-acciones-conjuntas\/\" \/>\n<meta property=\"og:locale\" content=\"fr_FR\" \/>\n<meta property=\"og:type\" content=\"article\" \/>\n<meta property=\"og:title\" content=\"Universidad de las Artes - Por m\u00e1s proyectos de vinculaci\u00f3n con la sociedad, la UArtes dialoga con las comunidades de Manglaralto y Ayangue\" \/>\n<meta property=\"og:description\" content=\"Universidad de las Artes - Por m\u00e1s proyectos de vinculaci\u00f3n con la sociedad, la UArtes dialoga con las comunidades de Manglaralto y Ayangue\" \/>\n<meta property=\"og:url\" content=\"https:\/\/www.uartes.edu.ec\/sitio\/fr\/blog\/2026\/04\/23\/vinculacion-con-la-sociedad-y-responsables-de-proyectos-en-manglaralto-y-ayangue-por-acciones-conjuntas\/\" \/>\n<meta property=\"og:site_name\" content=\"Universidad de las Artes\" \/>\n<meta property=\"article:publisher\" content=\"https:\/\/www.facebook.com\/uartesec\" \/>\n<meta property=\"article:published_time\" content=\"2026-04-23T20:02:13+00:00\" \/>\n<meta property=\"article:modified_time\" content=\"2026-04-23T20:25:21+00:00\" \/>\n<meta property=\"og:image\" content=\"https:\/\/www.uartes.edu.ec\/sitio\/wp-content\/uploads\/2026\/04\/Proyecto-Cambiar-tamano-de-imagen-2026-04-23T121344.024.jpeg\" \/>\n\t<meta property=\"og:image:width\" content=\"2000\" \/>\n\t<meta property=\"og:image:height\" content=\"1333\" \/>\n\t<meta property=\"og:image:type\" content=\"image\/jpeg\" \/>\n<meta name=\"author\" content=\"ccortez\" \/>\n<meta name=\"twitter:card\" content=\"summary_large_image\" \/>\n<meta name=\"twitter:creator\" content=\"@uartesec\" \/>\n<meta name=\"twitter:site\" content=\"@uartesec\" \/>\n<meta name=\"twitter:label1\" content=\"\u00c9crit par\" \/>\n\t<meta name=\"twitter:data1\" content=\"ccortez\" \/>\n\t<meta name=\"twitter:label2\" content=\"Dur\u00e9e de lecture estim\u00e9e\" \/>\n\t<meta name=\"twitter:data2\" content=\"6 minutes\" \/>\n<script type=\"application\/ld+json\" class=\"yoast-schema-graph\">{\"@context\":\"https:\\\/\\\/schema.org\",\"@graph\":[{\"@type\":\"Article\",\"@id\":\"https:\\\/\\\/www.uartes.edu.ec\\\/sitio\\\/fr\\\/blog\\\/2026\\\/04\\\/23\\\/vinculacion-con-la-sociedad-y-responsables-de-proyectos-en-manglaralto-y-ayangue-por-acciones-conjuntas\\\/#article\",\"isPartOf\":{\"@id\":\"https:\\\/\\\/www.uartes.edu.ec\\\/sitio\\\/fr\\\/blog\\\/2026\\\/04\\\/23\\\/vinculacion-con-la-sociedad-y-responsables-de-proyectos-en-manglaralto-y-ayangue-por-acciones-conjuntas\\\/\"},\"author\":{\"name\":\"ccortez\",\"@id\":\"https:\\\/\\\/www.uartes.edu.ec\\\/sitio\\\/fr\\\/#\\\/schema\\\/person\\\/efa1b8275797664fd7f13a79ccc0b1f4\"},\"headline\":\"Por m\u00e1s proyectos de vinculaci\u00f3n con la sociedad, la UArtes dialoga con las comunidades de Manglaralto y Ayangue\",\"datePublished\":\"2026-04-23T20:02:13+00:00\",\"dateModified\":\"2026-04-23T20:25:21+00:00\",\"mainEntityOfPage\":{\"@id\":\"https:\\\/\\\/www.uartes.edu.ec\\\/sitio\\\/fr\\\/blog\\\/2026\\\/04\\\/23\\\/vinculacion-con-la-sociedad-y-responsables-de-proyectos-en-manglaralto-y-ayangue-por-acciones-conjuntas\\\/\"},\"wordCount\":893,\"commentCount\":0,\"publisher\":{\"@id\":\"https:\\\/\\\/www.uartes.edu.ec\\\/sitio\\\/fr\\\/#organization\"},\"image\":{\"@id\":\"https:\\\/\\\/www.uartes.edu.ec\\\/sitio\\\/fr\\\/blog\\\/2026\\\/04\\\/23\\\/vinculacion-con-la-sociedad-y-responsables-de-proyectos-en-manglaralto-y-ayangue-por-acciones-conjuntas\\\/#primaryimage\"},\"thumbnailUrl\":\"https:\\\/\\\/www.uartes.edu.ec\\\/sitio\\\/wp-content\\\/uploads\\\/2026\\\/04\\\/Proyecto-Cambiar-tamano-de-imagen-2026-04-23T121344.024.jpeg\",\"keywords\":[\"recorrido\"],\"articleSection\":[\"Acad\u00e9mico\",\"Artes\",\"Artes Esc\u00e9nicas\",\"Artes Sonoras\",\"Artes Visuales\",\"Cine\",\"Docentes\",\"Estudiantes\",\"Literatura\",\"V\u00ednculo\"],\"inLanguage\":\"fr-FR\",\"potentialAction\":[{\"@type\":\"CommentAction\",\"name\":\"Comment\",\"target\":[\"https:\\\/\\\/www.uartes.edu.ec\\\/sitio\\\/fr\\\/blog\\\/2026\\\/04\\\/23\\\/vinculacion-con-la-sociedad-y-responsables-de-proyectos-en-manglaralto-y-ayangue-por-acciones-conjuntas\\\/#respond\"]}]},{\"@type\":[\"WebPage\",\"ItemPage\"],\"@id\":\"https:\\\/\\\/www.uartes.edu.ec\\\/sitio\\\/fr\\\/blog\\\/2026\\\/04\\\/23\\\/vinculacion-con-la-sociedad-y-responsables-de-proyectos-en-manglaralto-y-ayangue-por-acciones-conjuntas\\\/\",\"url\":\"https:\\\/\\\/www.uartes.edu.ec\\\/sitio\\\/fr\\\/blog\\\/2026\\\/04\\\/23\\\/vinculacion-con-la-sociedad-y-responsables-de-proyectos-en-manglaralto-y-ayangue-por-acciones-conjuntas\\\/\",\"name\":\"Universidad de las Artes - Por m\u00e1s proyectos de vinculaci\u00f3n con la sociedad, la UArtes dialoga con las comunidades de Manglaralto y Ayangue\",\"isPartOf\":{\"@id\":\"https:\\\/\\\/www.uartes.edu.ec\\\/sitio\\\/fr\\\/#website\"},\"primaryImageOfPage\":{\"@id\":\"https:\\\/\\\/www.uartes.edu.ec\\\/sitio\\\/fr\\\/blog\\\/2026\\\/04\\\/23\\\/vinculacion-con-la-sociedad-y-responsables-de-proyectos-en-manglaralto-y-ayangue-por-acciones-conjuntas\\\/#primaryimage\"},\"image\":{\"@id\":\"https:\\\/\\\/www.uartes.edu.ec\\\/sitio\\\/fr\\\/blog\\\/2026\\\/04\\\/23\\\/vinculacion-con-la-sociedad-y-responsables-de-proyectos-en-manglaralto-y-ayangue-por-acciones-conjuntas\\\/#primaryimage\"},\"thumbnailUrl\":\"https:\\\/\\\/www.uartes.edu.ec\\\/sitio\\\/wp-content\\\/uploads\\\/2026\\\/04\\\/Proyecto-Cambiar-tamano-de-imagen-2026-04-23T121344.024.jpeg\",\"datePublished\":\"2026-04-23T20:02:13+00:00\",\"dateModified\":\"2026-04-23T20:25:21+00:00\",\"description\":\"Universidad de las Artes - Por m\u00e1s proyectos de vinculaci\u00f3n con la sociedad, la UArtes dialoga con las comunidades de Manglaralto y Ayangue\",\"breadcrumb\":{\"@id\":\"https:\\\/\\\/www.uartes.edu.ec\\\/sitio\\\/fr\\\/blog\\\/2026\\\/04\\\/23\\\/vinculacion-con-la-sociedad-y-responsables-de-proyectos-en-manglaralto-y-ayangue-por-acciones-conjuntas\\\/#breadcrumb\"},\"inLanguage\":\"fr-FR\",\"potentialAction\":[{\"@type\":\"ReadAction\",\"target\":[\"https:\\\/\\\/www.uartes.edu.ec\\\/sitio\\\/fr\\\/blog\\\/2026\\\/04\\\/23\\\/vinculacion-con-la-sociedad-y-responsables-de-proyectos-en-manglaralto-y-ayangue-por-acciones-conjuntas\\\/\"]}]},{\"@type\":\"ImageObject\",\"inLanguage\":\"fr-FR\",\"@id\":\"https:\\\/\\\/www.uartes.edu.ec\\\/sitio\\\/fr\\\/blog\\\/2026\\\/04\\\/23\\\/vinculacion-con-la-sociedad-y-responsables-de-proyectos-en-manglaralto-y-ayangue-por-acciones-conjuntas\\\/#primaryimage\",\"url\":\"https:\\\/\\\/www.uartes.edu.ec\\\/sitio\\\/wp-content\\\/uploads\\\/2026\\\/04\\\/Proyecto-Cambiar-tamano-de-imagen-2026-04-23T121344.024.jpeg\",\"contentUrl\":\"https:\\\/\\\/www.uartes.edu.ec\\\/sitio\\\/wp-content\\\/uploads\\\/2026\\\/04\\\/Proyecto-Cambiar-tamano-de-imagen-2026-04-23T121344.024.jpeg\",\"width\":2000,\"height\":1333},{\"@type\":\"BreadcrumbList\",\"@id\":\"https:\\\/\\\/www.uartes.edu.ec\\\/sitio\\\/fr\\\/blog\\\/2026\\\/04\\\/23\\\/vinculacion-con-la-sociedad-y-responsables-de-proyectos-en-manglaralto-y-ayangue-por-acciones-conjuntas\\\/#breadcrumb\",\"itemListElement\":[{\"@type\":\"ListItem\",\"position\":1,\"name\":\"Inicio\",\"item\":\"https:\\\/\\\/www.uartes.edu.ec\\\/sitio\\\/\"},{\"@type\":\"ListItem\",\"position\":2,\"name\":\"Por m\u00e1s proyectos de vinculaci\u00f3n con la sociedad, la UArtes dialoga con las comunidades de Manglaralto y Ayangue\"}]},{\"@type\":\"WebSite\",\"@id\":\"https:\\\/\\\/www.uartes.edu.ec\\\/sitio\\\/fr\\\/#website\",\"url\":\"https:\\\/\\\/www.uartes.edu.ec\\\/sitio\\\/fr\\\/\",\"name\":\"Universidad de las Artes\",\"description\":\"Sitio oficial de la Universidad Nacional de las Artes del Ecuador\",\"publisher\":{\"@id\":\"https:\\\/\\\/www.uartes.edu.ec\\\/sitio\\\/fr\\\/#organization\"},\"potentialAction\":[{\"@type\":\"SearchAction\",\"target\":{\"@type\":\"EntryPoint\",\"urlTemplate\":\"https:\\\/\\\/www.uartes.edu.ec\\\/sitio\\\/fr\\\/?s={search_term_string}\"},\"query-input\":{\"@type\":\"PropertyValueSpecification\",\"valueRequired\":true,\"valueName\":\"search_term_string\"}}],\"inLanguage\":\"fr-FR\"},{\"@type\":\"Organization\",\"@id\":\"https:\\\/\\\/www.uartes.edu.ec\\\/sitio\\\/fr\\\/#organization\",\"name\":\"Universidad de las Artes\",\"url\":\"https:\\\/\\\/www.uartes.edu.ec\\\/sitio\\\/fr\\\/\",\"logo\":{\"@type\":\"ImageObject\",\"inLanguage\":\"fr-FR\",\"@id\":\"https:\\\/\\\/www.uartes.edu.ec\\\/sitio\\\/fr\\\/#\\\/schema\\\/logo\\\/image\\\/\",\"url\":\"https:\\\/\\\/www.uartes.edu.ec\\\/sitio\\\/wp-content\\\/uploads\\\/2022\\\/07\\\/logo-ua-horizontal.png\",\"contentUrl\":\"https:\\\/\\\/www.uartes.edu.ec\\\/sitio\\\/wp-content\\\/uploads\\\/2022\\\/07\\\/logo-ua-horizontal.png\",\"width\":800,\"height\":276,\"caption\":\"Universidad de las Artes\"},\"image\":{\"@id\":\"https:\\\/\\\/www.uartes.edu.ec\\\/sitio\\\/fr\\\/#\\\/schema\\\/logo\\\/image\\\/\"},\"sameAs\":[\"https:\\\/\\\/www.facebook.com\\\/uartesec\",\"https:\\\/\\\/x.com\\\/uartesec\",\"https:\\\/\\\/www.tiktok.com\\\/@uartesec\"]},{\"@type\":\"Person\",\"@id\":\"https:\\\/\\\/www.uartes.edu.ec\\\/sitio\\\/fr\\\/#\\\/schema\\\/person\\\/efa1b8275797664fd7f13a79ccc0b1f4\",\"name\":\"ccortez\",\"image\":{\"@type\":\"ImageObject\",\"inLanguage\":\"fr-FR\",\"@id\":\"https:\\\/\\\/secure.gravatar.com\\\/avatar\\\/b2a6f664a3ae8e074346ef91775736c5ec479e637ecced6842de9dc98b5da9cd?s=96&d=mm&r=g\",\"url\":\"https:\\\/\\\/secure.gravatar.com\\\/avatar\\\/b2a6f664a3ae8e074346ef91775736c5ec479e637ecced6842de9dc98b5da9cd?s=96&d=mm&r=g\",\"contentUrl\":\"https:\\\/\\\/secure.gravatar.com\\\/avatar\\\/b2a6f664a3ae8e074346ef91775736c5ec479e637ecced6842de9dc98b5da9cd?s=96&d=mm&r=g\",\"caption\":\"ccortez\"},\"url\":\"https:\\\/\\\/www.uartes.edu.ec\\\/sitio\\\/fr\\\/blog\\\/author\\\/ccortez\\\/\"}]}<\/script>\n<!-- \/ Yoast SEO plugin. -->","yoast_head_json":{"title":"Universidad de las Artes - Por m\u00e1s proyectos de vinculaci\u00f3n con la sociedad, la UArtes dialoga con las comunidades de Manglaralto y Ayangue","description":"Universidad de las Artes - Por m\u00e1s proyectos de vinculaci\u00f3n con la sociedad, la UArtes dialoga con las comunidades de Manglaralto y Ayangue","robots":{"index":"index","follow":"follow","max-snippet":"max-snippet:-1","max-image-preview":"max-image-preview:large","max-video-preview":"max-video-preview:-1"},"canonical":"https:\/\/www.uartes.edu.ec\/sitio\/fr\/blog\/2026\/04\/23\/vinculacion-con-la-sociedad-y-responsables-de-proyectos-en-manglaralto-y-ayangue-por-acciones-conjuntas\/","og_locale":"fr_FR","og_type":"article","og_title":"Universidad de las Artes - Por m\u00e1s proyectos de vinculaci\u00f3n con la sociedad, la UArtes dialoga con las comunidades de Manglaralto y Ayangue","og_description":"Universidad de las Artes - Por m\u00e1s proyectos de vinculaci\u00f3n con la sociedad, la UArtes dialoga con las comunidades de Manglaralto y Ayangue","og_url":"https:\/\/www.uartes.edu.ec\/sitio\/fr\/blog\/2026\/04\/23\/vinculacion-con-la-sociedad-y-responsables-de-proyectos-en-manglaralto-y-ayangue-por-acciones-conjuntas\/","og_site_name":"Universidad de las Artes","article_publisher":"https:\/\/www.facebook.com\/uartesec","article_published_time":"2026-04-23T20:02:13+00:00","article_modified_time":"2026-04-23T20:25:21+00:00","og_image":[{"width":2000,"height":1333,"url":"https:\/\/www.uartes.edu.ec\/sitio\/wp-content\/uploads\/2026\/04\/Proyecto-Cambiar-tamano-de-imagen-2026-04-23T121344.024.jpeg","type":"image\/jpeg"}],"author":"ccortez","twitter_card":"summary_large_image","twitter_creator":"@uartesec","twitter_site":"@uartesec","twitter_misc":{"\u00c9crit par":"ccortez","Dur\u00e9e de lecture estim\u00e9e":"6 minutes"},"schema":{"@context":"https:\/\/schema.org","@graph":[{"@type":"Article","@id":"https:\/\/www.uartes.edu.ec\/sitio\/fr\/blog\/2026\/04\/23\/vinculacion-con-la-sociedad-y-responsables-de-proyectos-en-manglaralto-y-ayangue-por-acciones-conjuntas\/#article","isPartOf":{"@id":"https:\/\/www.uartes.edu.ec\/sitio\/fr\/blog\/2026\/04\/23\/vinculacion-con-la-sociedad-y-responsables-de-proyectos-en-manglaralto-y-ayangue-por-acciones-conjuntas\/"},"author":{"name":"ccortez","@id":"https:\/\/www.uartes.edu.ec\/sitio\/fr\/#\/schema\/person\/efa1b8275797664fd7f13a79ccc0b1f4"},"headline":"Por m\u00e1s proyectos de vinculaci\u00f3n con la sociedad, la UArtes dialoga con las comunidades de Manglaralto y Ayangue","datePublished":"2026-04-23T20:02:13+00:00","dateModified":"2026-04-23T20:25:21+00:00","mainEntityOfPage":{"@id":"https:\/\/www.uartes.edu.ec\/sitio\/fr\/blog\/2026\/04\/23\/vinculacion-con-la-sociedad-y-responsables-de-proyectos-en-manglaralto-y-ayangue-por-acciones-conjuntas\/"},"wordCount":893,"commentCount":0,"publisher":{"@id":"https:\/\/www.uartes.edu.ec\/sitio\/fr\/#organization"},"image":{"@id":"https:\/\/www.uartes.edu.ec\/sitio\/fr\/blog\/2026\/04\/23\/vinculacion-con-la-sociedad-y-responsables-de-proyectos-en-manglaralto-y-ayangue-por-acciones-conjuntas\/#primaryimage"},"thumbnailUrl":"https:\/\/www.uartes.edu.ec\/sitio\/wp-content\/uploads\/2026\/04\/Proyecto-Cambiar-tamano-de-imagen-2026-04-23T121344.024.jpeg","keywords":["recorrido"],"articleSection":["Acad\u00e9mico","Artes","Artes Esc\u00e9nicas","Artes Sonoras","Artes Visuales","Cine","Docentes","Estudiantes","Literatura","V\u00ednculo"],"inLanguage":"fr-FR","potentialAction":[{"@type":"CommentAction","name":"Comment","target":["https:\/\/www.uartes.edu.ec\/sitio\/fr\/blog\/2026\/04\/23\/vinculacion-con-la-sociedad-y-responsables-de-proyectos-en-manglaralto-y-ayangue-por-acciones-conjuntas\/#respond"]}]},{"@type":["WebPage","ItemPage"],"@id":"https:\/\/www.uartes.edu.ec\/sitio\/fr\/blog\/2026\/04\/23\/vinculacion-con-la-sociedad-y-responsables-de-proyectos-en-manglaralto-y-ayangue-por-acciones-conjuntas\/","url":"https:\/\/www.uartes.edu.ec\/sitio\/fr\/blog\/2026\/04\/23\/vinculacion-con-la-sociedad-y-responsables-de-proyectos-en-manglaralto-y-ayangue-por-acciones-conjuntas\/","name":"Universidad de las Artes - Por m\u00e1s proyectos de vinculaci\u00f3n con la sociedad, la UArtes dialoga con las comunidades de Manglaralto y Ayangue","isPartOf":{"@id":"https:\/\/www.uartes.edu.ec\/sitio\/fr\/#website"},"primaryImageOfPage":{"@id":"https:\/\/www.uartes.edu.ec\/sitio\/fr\/blog\/2026\/04\/23\/vinculacion-con-la-sociedad-y-responsables-de-proyectos-en-manglaralto-y-ayangue-por-acciones-conjuntas\/#primaryimage"},"image":{"@id":"https:\/\/www.uartes.edu.ec\/sitio\/fr\/blog\/2026\/04\/23\/vinculacion-con-la-sociedad-y-responsables-de-proyectos-en-manglaralto-y-ayangue-por-acciones-conjuntas\/#primaryimage"},"thumbnailUrl":"https:\/\/www.uartes.edu.ec\/sitio\/wp-content\/uploads\/2026\/04\/Proyecto-Cambiar-tamano-de-imagen-2026-04-23T121344.024.jpeg","datePublished":"2026-04-23T20:02:13+00:00","dateModified":"2026-04-23T20:25:21+00:00","description":"Universidad de las Artes - Por m\u00e1s proyectos de vinculaci\u00f3n con la sociedad, la UArtes dialoga con las comunidades de Manglaralto y Ayangue","breadcrumb":{"@id":"https:\/\/www.uartes.edu.ec\/sitio\/fr\/blog\/2026\/04\/23\/vinculacion-con-la-sociedad-y-responsables-de-proyectos-en-manglaralto-y-ayangue-por-acciones-conjuntas\/#breadcrumb"},"inLanguage":"fr-FR","potentialAction":[{"@type":"ReadAction","target":["https:\/\/www.uartes.edu.ec\/sitio\/fr\/blog\/2026\/04\/23\/vinculacion-con-la-sociedad-y-responsables-de-proyectos-en-manglaralto-y-ayangue-por-acciones-conjuntas\/"]}]},{"@type":"ImageObject","inLanguage":"fr-FR","@id":"https:\/\/www.uartes.edu.ec\/sitio\/fr\/blog\/2026\/04\/23\/vinculacion-con-la-sociedad-y-responsables-de-proyectos-en-manglaralto-y-ayangue-por-acciones-conjuntas\/#primaryimage","url":"https:\/\/www.uartes.edu.ec\/sitio\/wp-content\/uploads\/2026\/04\/Proyecto-Cambiar-tamano-de-imagen-2026-04-23T121344.024.jpeg","contentUrl":"https:\/\/www.uartes.edu.ec\/sitio\/wp-content\/uploads\/2026\/04\/Proyecto-Cambiar-tamano-de-imagen-2026-04-23T121344.024.jpeg","width":2000,"height":1333},{"@type":"BreadcrumbList","@id":"https:\/\/www.uartes.edu.ec\/sitio\/fr\/blog\/2026\/04\/23\/vinculacion-con-la-sociedad-y-responsables-de-proyectos-en-manglaralto-y-ayangue-por-acciones-conjuntas\/#breadcrumb","itemListElement":[{"@type":"ListItem","position":1,"name":"Inicio","item":"https:\/\/www.uartes.edu.ec\/sitio\/"},{"@type":"ListItem","position":2,"name":"Por m\u00e1s proyectos de vinculaci\u00f3n con la sociedad, la UArtes dialoga con las comunidades de Manglaralto y Ayangue"}]},{"@type":"WebSite","@id":"https:\/\/www.uartes.edu.ec\/sitio\/fr\/#website","url":"https:\/\/www.uartes.edu.ec\/sitio\/fr\/","name":"Universidad de las Artes","description":"Sitio oficial de la Universidad Nacional de las Artes del Ecuador","publisher":{"@id":"https:\/\/www.uartes.edu.ec\/sitio\/fr\/#organization"},"potentialAction":[{"@type":"SearchAction","target":{"@type":"EntryPoint","urlTemplate":"https:\/\/www.uartes.edu.ec\/sitio\/fr\/?s={search_term_string}"},"query-input":{"@type":"PropertyValueSpecification","valueRequired":true,"valueName":"search_term_string"}}],"inLanguage":"fr-FR"},{"@type":"Organization","@id":"https:\/\/www.uartes.edu.ec\/sitio\/fr\/#organization","name":"Universidad de las Artes","url":"https:\/\/www.uartes.edu.ec\/sitio\/fr\/","logo":{"@type":"ImageObject","inLanguage":"fr-FR","@id":"https:\/\/www.uartes.edu.ec\/sitio\/fr\/#\/schema\/logo\/image\/","url":"https:\/\/www.uartes.edu.ec\/sitio\/wp-content\/uploads\/2022\/07\/logo-ua-horizontal.png","contentUrl":"https:\/\/www.uartes.edu.ec\/sitio\/wp-content\/uploads\/2022\/07\/logo-ua-horizontal.png","width":800,"height":276,"caption":"Universidad de las Artes"},"image":{"@id":"https:\/\/www.uartes.edu.ec\/sitio\/fr\/#\/schema\/logo\/image\/"},"sameAs":["https:\/\/www.facebook.com\/uartesec","https:\/\/x.com\/uartesec","https:\/\/www.tiktok.com\/@uartesec"]},{"@type":"Person","@id":"https:\/\/www.uartes.edu.ec\/sitio\/fr\/#\/schema\/person\/efa1b8275797664fd7f13a79ccc0b1f4","name":"ccortez","image":{"@type":"ImageObject","inLanguage":"fr-FR","@id":"https:\/\/secure.gravatar.com\/avatar\/b2a6f664a3ae8e074346ef91775736c5ec479e637ecced6842de9dc98b5da9cd?s=96&d=mm&r=g","url":"https:\/\/secure.gravatar.com\/avatar\/b2a6f664a3ae8e074346ef91775736c5ec479e637ecced6842de9dc98b5da9cd?s=96&d=mm&r=g","contentUrl":"https:\/\/secure.gravatar.com\/avatar\/b2a6f664a3ae8e074346ef91775736c5ec479e637ecced6842de9dc98b5da9cd?s=96&d=mm&r=g","caption":"ccortez"},"url":"https:\/\/www.uartes.edu.ec\/sitio\/fr\/blog\/author\/ccortez\/"}]}},"uagb_featured_image_src":{"full":["https:\/\/www.uartes.edu.ec\/sitio\/wp-content\/uploads\/2026\/04\/Proyecto-Cambiar-tamano-de-imagen-2026-04-23T121344.024.jpeg",2000,1333,false],"thumbnail":["https:\/\/www.uartes.edu.ec\/sitio\/wp-content\/uploads\/2026\/04\/Proyecto-Cambiar-tamano-de-imagen-2026-04-23T121344.024-150x150.jpeg",150,150,true],"medium":["https:\/\/www.uartes.edu.ec\/sitio\/wp-content\/uploads\/2026\/04\/Proyecto-Cambiar-tamano-de-imagen-2026-04-23T121344.024-300x200.jpeg",300,200,true],"medium_large":["https:\/\/www.uartes.edu.ec\/sitio\/wp-content\/uploads\/2026\/04\/Proyecto-Cambiar-tamano-de-imagen-2026-04-23T121344.024-768x512.jpeg",768,512,true],"large":["https:\/\/www.uartes.edu.ec\/sitio\/wp-content\/uploads\/2026\/04\/Proyecto-Cambiar-tamano-de-imagen-2026-04-23T121344.024-644x429.jpeg",644,429,true],"1536x1536":["https:\/\/www.uartes.edu.ec\/sitio\/wp-content\/uploads\/2026\/04\/Proyecto-Cambiar-tamano-de-imagen-2026-04-23T121344.024-1536x1024.jpeg",1536,1024,true],"2048x2048":["https:\/\/www.uartes.edu.ec\/sitio\/wp-content\/uploads\/2026\/04\/Proyecto-Cambiar-tamano-de-imagen-2026-04-23T121344.024.jpeg",2000,1333,false],"trp-custom-language-flag":["https:\/\/www.uartes.edu.ec\/sitio\/wp-content\/uploads\/2026\/04\/Proyecto-Cambiar-tamano-de-imagen-2026-04-23T121344.024-18x12.jpeg",18,12,true],"htmega_size_585x295":["https:\/\/www.uartes.edu.ec\/sitio\/wp-content\/uploads\/2026\/04\/Proyecto-Cambiar-tamano-de-imagen-2026-04-23T121344.024-585x295.jpeg",585,295,true],"htmega_size_1170x536":["https:\/\/www.uartes.edu.ec\/sitio\/wp-content\/uploads\/2026\/04\/Proyecto-Cambiar-tamano-de-imagen-2026-04-23T121344.024-1170x536.jpeg",1170,536,true],"htmega_size_396x360":["https:\/\/www.uartes.edu.ec\/sitio\/wp-content\/uploads\/2026\/04\/Proyecto-Cambiar-tamano-de-imagen-2026-04-23T121344.024-396x360.jpeg",396,360,true],"gb-block-post-grid-landscape":["https:\/\/www.uartes.edu.ec\/sitio\/wp-content\/uploads\/2026\/04\/Proyecto-Cambiar-tamano-de-imagen-2026-04-23T121344.024-600x400.jpeg",600,400,true],"gb-block-post-grid-square":["https:\/\/www.uartes.edu.ec\/sitio\/wp-content\/uploads\/2026\/04\/Proyecto-Cambiar-tamano-de-imagen-2026-04-23T121344.024-600x600.jpeg",600,600,true],"university-hub-thumb":["https:\/\/www.uartes.edu.ec\/sitio\/wp-content\/uploads\/2026\/04\/Proyecto-Cambiar-tamano-de-imagen-2026-04-23T121344.024-400x267.jpeg",400,267,true],"mailpoet_newsletter_max":["https:\/\/www.uartes.edu.ec\/sitio\/wp-content\/uploads\/2026\/04\/Proyecto-Cambiar-tamano-de-imagen-2026-04-23T121344.024-1320x880.jpeg",1320,880,true]},"uagb_author_info":{"display_name":"ccortez","author_link":"https:\/\/www.uartes.edu.ec\/sitio\/fr\/blog\/author\/ccortez\/"},"uagb_comment_info":0,"uagb_excerpt":"Para dialogar con los representantes de Manglaralto y Ayangue, funcionarios de la Direcci\u00f3n de Vinculaci\u00f3n con la Sociedad y los responsables de dos de los proyectos de v\u00ednculo visitaron los territorios para coordinar actividades que beneficien a sus habitantes. Integraron la delegaci\u00f3n: Marcelo Leyton, Ronny Ramos y Patricio S\u00e1nchez, de la DVS, el docente Pedro\u2026","featured_image_src":"https:\/\/www.uartes.edu.ec\/sitio\/wp-content\/uploads\/2026\/04\/Proyecto-Cambiar-tamano-de-imagen-2026-04-23T121344.024-600x400.jpeg","featured_image_src_square":"https:\/\/www.uartes.edu.ec\/sitio\/wp-content\/uploads\/2026\/04\/Proyecto-Cambiar-tamano-de-imagen-2026-04-23T121344.024-600x600.jpeg","author_info":{"display_name":"ccortez","author_link":"https:\/\/www.uartes.edu.ec\/sitio\/fr\/blog\/author\/ccortez\/"},"publishpress_future_workflow_manual_trigger":{"enabledWorkflows":[]},"distributor_meta":false,"distributor_terms":false,"distributor_media":false,"distributor_original_site_name":"Universidad de las Artes","distributor_original_site_url":"https:\/\/www.uartes.edu.ec\/sitio\/fr","push-errors":false,"_links":{"self":[{"href":"https:\/\/www.uartes.edu.ec\/sitio\/fr\/wp-json\/wp\/v2\/posts\/89577","targetHints":{"allow":["GET"]}}],"collection":[{"href":"https:\/\/www.uartes.edu.ec\/sitio\/fr\/wp-json\/wp\/v2\/posts"}],"about":[{"href":"https:\/\/www.uartes.edu.ec\/sitio\/fr\/wp-json\/wp\/v2\/types\/post"}],"author":[{"embeddable":true,"href":"https:\/\/www.uartes.edu.ec\/sitio\/fr\/wp-json\/wp\/v2\/users\/10"}],"replies":[{"embeddable":true,"href":"https:\/\/www.uartes.edu.ec\/sitio\/fr\/wp-json\/wp\/v2\/comments?post=89577"}],"version-history":[{"count":4,"href":"https:\/\/www.uartes.edu.ec\/sitio\/fr\/wp-json\/wp\/v2\/posts\/89577\/revisions"}],"predecessor-version":[{"id":89608,"href":"https:\/\/www.uartes.edu.ec\/sitio\/fr\/wp-json\/wp\/v2\/posts\/89577\/revisions\/89608"}],"wp:featuredmedia":[{"embeddable":true,"href":"https:\/\/www.uartes.edu.ec\/sitio\/fr\/wp-json\/wp\/v2\/media\/89585"}],"wp:attachment":[{"href":"https:\/\/www.uartes.edu.ec\/sitio\/fr\/wp-json\/wp\/v2\/media?parent=89577"}],"wp:term":[{"taxonomy":"category","embeddable":true,"href":"https:\/\/www.uartes.edu.ec\/sitio\/fr\/wp-json\/wp\/v2\/categories?post=89577"},{"taxonomy":"post_tag","embeddable":true,"href":"https:\/\/www.uartes.edu.ec\/sitio\/fr\/wp-json\/wp\/v2\/tags?post=89577"},{"taxonomy":"infouartes","embeddable":true,"href":"https:\/\/www.uartes.edu.ec\/sitio\/fr\/wp-json\/wp\/v2\/infouartes?post=89577"}],"curies":[{"name":"wp","href":"https:\/\/api.w.org\/{rel}","templated":true}]}}