{"id":9039,"date":"2020-09-23T11:04:18","date_gmt":"2020-09-23T16:04:18","guid":{"rendered":"http:\/\/www.uartes.edu.ec\/sitio\/?p=9039"},"modified":"2024-07-04T11:34:45","modified_gmt":"2024-07-04T16:34:45","slug":"cuatro-cortos-documentales-de-estudiantes-de-la-uartes-en-la-programacion-de-los-edoc","status":"publish","type":"post","link":"https:\/\/www.uartes.edu.ec\/sitio\/fr\/blog\/2020\/09\/23\/cuatro-cortos-documentales-de-estudiantes-de-la-uartes-en-la-programacion-de-los-edoc\/","title":{"rendered":"Cuatro cortos documentales de estudiantes de la UArtes, en la programaci\u00f3n de los EDOC"},"content":{"rendered":"<p>Cuatro cortos documentales producidos y dirigidos por estudiantes de la Escuela de Cine de la Universidad de las Artes constan en la programaci\u00f3n del Festival Encuentros del Otro Cine (EDOC), cuya decimonovena edici\u00f3n se desarrolla, por primera vez y debido a la pandemia por COVID-19, de manera virtual.<\/p>\n\n\n\n<p>El festival arranc\u00f3 este 20 de septiembre de 2020 y se extender\u00e1 hasta el 27. Son siete d\u00edas en los que se podr\u00e1 disfrutar de una&nbsp;programaci\u00f3n compuesta por 24 largometrajes y una secci\u00f3n de cortos que se visualizar\u00e1n \u201cEn vivo\u201d y \u201cBajo demanda\u201d.<\/p>\n\n\n\n<p>Las producciones de los estudiantes UArtes son: <em>Entre mangles y derivas,<\/em> de Camille Enr\u00edquez; <em>C\u00f3mo repudiar a tu padre,<\/em> de Matteo Galarza Espinosa; <em>La luna me sigue,<\/em> de Mayro Romero; y, <em>Ciudad de mujeres,<\/em> de Elizabeth D\u00e9lib\u00e1b. Estos constan en funci\u00f3n especial y se podr\u00e1n ver este martes 22 de septiembre, a las 19:00.<\/p>\n\n\n\n<p>Para sus proyecciones, el formato \u201cEn Vivo\u201d de los EDOC consiste en presentar pel\u00edculas con acceso gratuito de lunes a viernes, a las 19:00; y, s\u00e1bado y domingo, a las 16:00 y 19:00. Algunas de las cintas finalizar\u00e1n en un conversatorio con sus realizadores, es por ello que se pide al p\u00fablico conectarse puntualmente a las funciones. La modalidad \u201cBajo demanda\u201d abarca &nbsp;funciones pagadas, las cuales pueden ser vistas dentro de las 48 horas que corren \u00abdesde el momento que le da&nbsp;play&nbsp;a la pel\u00edcula\u201d, es decir, los filmes no tienen un horario de proyecci\u00f3n y el costo de cada funci\u00f3n es de $3, pero del mismo modo se conserva el tradicional Pasaporte EDOC con un precio de $30, con el cual se puede acceder a todas las pel\u00edculas. Los pagos se podr\u00e1n hacer a trav\u00e9s de la p\u00e1gina del festival&nbsp;<a href=\"https:\/\/festivaledoc.org\/\" target=\"_blank\" rel=\"noreferrer noopener\">https:\/\/festivaledoc.org<\/a>, mediante tarjeta de d\u00e9bito\/cr\u00e9dito o Paypal.<\/p>\n\n\n\n<p>Seg\u00fan la organizaci\u00f3n de los EDOC, para acceder a las actividades del encuentro hay que previamente inscribirse al sitio web, plataforma por donde se proyectar\u00e1n todas las obras, mismas que tienen un aforo virtual limitado por funci\u00f3n, algunas con un l\u00edmite de 500 espectadores.<\/p>\n\n\n\n<p>Paralelamente, en los EDOC se desarrollar\u00e1n foros de cine documental a trav\u00e9s de su p\u00e1gina de Facebook y con la presencia de&nbsp;Thierry Garrel,&nbsp;productor y programador franc\u00e9s. Tambi\u00e9n se dar\u00e1 un foro sobre las obras cinematogr\u00e1ficas generas a partir de la revuelta de octubre en Ecuador y una charla informativa acerca del Berlinale Talents, el programa para el desarrollo de realizadores emergentes del Festival de Cine de Berl\u00edn.<\/p>\n\n\n\n<p>En esta decimonovena edici\u00f3n de los EDOC se estrena la&nbsp;Red Edoc, la cual gestar\u00e1 un sistema de asesor\u00edas para realizadores nacionales, en el que participar\u00e1n 17 proyectos documentales ecuatorianos previamente seleccionados.<\/p>\n\n\n\n<p><strong>Los cortos documentales de los estudiantes UArtes<\/strong><\/p>\n\n\n\n<p><strong><em>C\u00f3mo repudiar a tu padre<\/em><\/strong><br>Sinopsis: Para muchas personas su primer apellido puede convertirse en una cruz, algo que no representa nada y, sin embargo, lo llevan ensamblado a su identidad, ya que removerlo parecer\u00eda ser algo imposible en Ecuador. El documental visita a cuatro familias diversas y expandidas para hablar sobre la mujer, la figura de la madre y las construcciones identitarias, tomando como excusa la posibilidad de invertir la posici\u00f3n de nuestros apellidos, en una sociedad a\u00fan arraigada a tradiciones patriarcales impuestas y poco debatidas.<br>Premios y festivales destacados: Festival Vista Previa, Ecuador, 2020.<br>El director: Matteo Galarza Espinosa (Ecuador, 1994) es egresado de la Universidad de las Artes. Ha participado en varios cortometrajes, especializ\u00e1ndose como sonidista, montajista y posproductor de sonido.&nbsp;<em>C\u00f3mo repudiar a tu padre<\/em>&nbsp;es su primer cortometraje documental. Actualmente se encuentra en desarrollo de su primer largometraje documental.<\/p>\n\n\n\n<p><strong><em>Entre mangles y derivas<\/em><\/strong><\/p>\n\n\n\n<figure class=\"wp-block-image size-full is-style-default\"><img fetchpriority=\"high\" decoding=\"async\" width=\"1920\" height=\"1080\" src=\"http:\/\/www.uartes.edu.ec\/sitio\/wp-content\/uploads\/2020\/09\/ENTRE-MANGLES-Y-DERIVAS.jpg\" alt=\"\" class=\"wp-image-9042\" srcset=\"https:\/\/www.uartes.edu.ec\/sitio\/wp-content\/uploads\/2020\/09\/ENTRE-MANGLES-Y-DERIVAS.jpg 1920w, https:\/\/www.uartes.edu.ec\/sitio\/wp-content\/uploads\/2020\/09\/ENTRE-MANGLES-Y-DERIVAS-300x169.jpg 300w, https:\/\/www.uartes.edu.ec\/sitio\/wp-content\/uploads\/2020\/09\/ENTRE-MANGLES-Y-DERIVAS-644x362.jpg 644w, https:\/\/www.uartes.edu.ec\/sitio\/wp-content\/uploads\/2020\/09\/ENTRE-MANGLES-Y-DERIVAS-768x432.jpg 768w, https:\/\/www.uartes.edu.ec\/sitio\/wp-content\/uploads\/2020\/09\/ENTRE-MANGLES-Y-DERIVAS-1536x864.jpg 1536w, https:\/\/www.uartes.edu.ec\/sitio\/wp-content\/uploads\/2020\/09\/ENTRE-MANGLES-Y-DERIVAS-400x225.jpg 400w, https:\/\/www.uartes.edu.ec\/sitio\/wp-content\/uploads\/2020\/09\/ENTRE-MANGLES-Y-DERIVAS-600x338.jpg 600w\" sizes=\"(max-width: 1920px) 100vw, 1920px\" \/><\/figure>\n\n\n\n<p>Sinopsis:En el extenso Golfo de Guayaquil, en la comunidad Bellavista, viven Francisca, de 69 a\u00f1os, y Adri\u00e1n, de 24. Su vida mantiene una estrecha relaci\u00f3n con la pesca artesanal, el agua, las mareas y una historia que no difiere tanto de la de otras peque\u00f1as comunidades que se encuentran en alg\u00fan territorio a la deriva. La vida cotidiana de dos generaciones se embarca en una historia del tr\u00e1nsito, el desplazamiento y el viaje, entre la fuerte tensi\u00f3n de un territorio natural y un paisaje industrial.Premios y festivales destacados:Mejor Fotograf\u00eda Documental en el Festival Vista Previa, Ecuador, 2020.Doc-Ket Festival Internacional de Cine Documental Emergente, Ecuador, 2020.Festival Internacional de Cine de Quito, Ecuador, 2020.La directora:Camille Enr\u00edquez (Ecuador, 1997) es graduada de la Escuela de Cine de la Universidad de las Artes. Durante su carrera se desarroll\u00f3 como sonidista de varios cortometrajes. Tambi\u00e9n particip\u00f3 en proyectos de v\u00ednculo con la comunidad de la Universidad de las Artes, desarrollados en el Centro de Rehabilitaci\u00f3n Social Femenino de Guayas.<\/p>\n\n\n\n<p><strong><em>La luna me sigue<\/em><\/strong><\/p>\n\n\n\n<div class=\"wp-block-image is-style-default\"><figure class=\"aligncenter size-full\"><img decoding=\"async\" width=\"1920\" height=\"1080\" src=\"http:\/\/www.uartes.edu.ec\/sitio\/wp-content\/uploads\/2020\/09\/LA-LUNA-ME-SIGUE.jpg\" alt=\"\" class=\"wp-image-9041\" srcset=\"https:\/\/www.uartes.edu.ec\/sitio\/wp-content\/uploads\/2020\/09\/LA-LUNA-ME-SIGUE.jpg 1920w, https:\/\/www.uartes.edu.ec\/sitio\/wp-content\/uploads\/2020\/09\/LA-LUNA-ME-SIGUE-300x169.jpg 300w, https:\/\/www.uartes.edu.ec\/sitio\/wp-content\/uploads\/2020\/09\/LA-LUNA-ME-SIGUE-644x362.jpg 644w, https:\/\/www.uartes.edu.ec\/sitio\/wp-content\/uploads\/2020\/09\/LA-LUNA-ME-SIGUE-768x432.jpg 768w, https:\/\/www.uartes.edu.ec\/sitio\/wp-content\/uploads\/2020\/09\/LA-LUNA-ME-SIGUE-1536x864.jpg 1536w, https:\/\/www.uartes.edu.ec\/sitio\/wp-content\/uploads\/2020\/09\/LA-LUNA-ME-SIGUE-400x225.jpg 400w, https:\/\/www.uartes.edu.ec\/sitio\/wp-content\/uploads\/2020\/09\/LA-LUNA-ME-SIGUE-600x338.jpg 600w\" sizes=\"(max-width: 1920px) 100vw, 1920px\" \/><\/figure><\/div>\n\n\n\n<p>Sinopsis: El documental reconstruye y narra la infancia del director. La fantas\u00eda de sus cuatro a\u00f1os cre\u00f3 una serie de teor\u00edas que lo llevaron a pensar que la luna lo segu\u00eda y conspiraba contra \u00e9l. El ingenio y el relato m\u00e1gico se condensan en una an\u00e9cdota metaf\u00f3rica que devela la realidad acontecida en aquellos a\u00f1os, marcados por el recuerdo de una violaci\u00f3n ocurrida cuando era peque\u00f1o. Su mundo lleno de teor\u00edas fant\u00e1sticas y elementos maravillosos se convertir\u00e1 en su opuesto, una realidad sin brillo, un mundo sin magia.<br>Premios y festivales destacados: Menci\u00f3n de honor LA Underground Film Forum, EEUU, 2019. Festival Latinoamericano de Cine de Quito, Ecuador, 2019. Oaxaca FilmFest, M\u00e9xico, 2019.&nbsp; Festival de Cine el Ojo del C\u00f3ndor Kuntur\u00f1awi, Ecuador, 2019. CODEC Festival Internacional de Cine Experimental y Video de la Ciudad de M\u00e9xico, M\u00e9xico, 2019.<br>El director: Mayro Romero (Ecuador, 1995) es un artista visual y director de cine no-binario y estudiante de la Escuela de Cine de la Universidad de las Artes. Su trabajo se centra en el espacio y su construcci\u00f3n a partir de estructuras afectivas ligadas al recuerdo y a la memoria personal. Ha expuesto su trabajo en diversas galer\u00edas y festivales de arte internacionalmente.<\/p>\n\n\n\n<p><strong><em>Ciudad de mujeres<\/em><\/strong><\/p>\n\n\n\n<div class=\"wp-block-image is-style-default\"><figure class=\"aligncenter size-full\"><img decoding=\"async\" width=\"1920\" height=\"1080\" src=\"http:\/\/www.uartes.edu.ec\/sitio\/wp-content\/uploads\/2020\/09\/CIUDAD-DE-MUJERES.jpg\" alt=\"\" class=\"wp-image-9040\" srcset=\"https:\/\/www.uartes.edu.ec\/sitio\/wp-content\/uploads\/2020\/09\/CIUDAD-DE-MUJERES.jpg 1920w, https:\/\/www.uartes.edu.ec\/sitio\/wp-content\/uploads\/2020\/09\/CIUDAD-DE-MUJERES-300x169.jpg 300w, https:\/\/www.uartes.edu.ec\/sitio\/wp-content\/uploads\/2020\/09\/CIUDAD-DE-MUJERES-644x362.jpg 644w, https:\/\/www.uartes.edu.ec\/sitio\/wp-content\/uploads\/2020\/09\/CIUDAD-DE-MUJERES-768x432.jpg 768w, https:\/\/www.uartes.edu.ec\/sitio\/wp-content\/uploads\/2020\/09\/CIUDAD-DE-MUJERES-1536x864.jpg 1536w, https:\/\/www.uartes.edu.ec\/sitio\/wp-content\/uploads\/2020\/09\/CIUDAD-DE-MUJERES-400x225.jpg 400w, https:\/\/www.uartes.edu.ec\/sitio\/wp-content\/uploads\/2020\/09\/CIUDAD-DE-MUJERES-600x338.jpg 600w\" sizes=\"(max-width: 1920px) 100vw, 1920px\" \/><\/figure><\/div>\n\n\n\n<p>Sinopsis: Es un documental que trabaja el relato y la memoria para crear una narrativa de la libertad. A su vez, cuestiona una condici\u00f3n que en el Ecuador y otros pa\u00edses ha sido normalizada por muchos a\u00f1os y que corresponde a una convivencia marital forzada. La conocida frase \u201caunque mate, aunque pegue, marido es\u201d responde a un sistema en el cual las mujeres no pueden acceder a la separaci\u00f3n de matrimonios o convivencias por estigmas sociales. La directora: Elizabeth D\u00e9lib\u00e1b (Ecuador, 1994) estudi\u00f3 Cine y Artes Audiovisuales en la Universidad de las Artes. Su trabajo de direcci\u00f3n, direcci\u00f3n de fotograf\u00eda y colorizaci\u00f3n vienen del conocimiento adquirido y de la experiencia, pero, sobretodo, de la intuici\u00f3n, a fin de crear atm\u00f3sferas con grados de intimidad. Explora las m\u00faltiples formas de construir las emociones humanas dentro del contexto social y c\u00f3mo ambos se constituyen y retroalimentan.<\/p>","protected":false},"excerpt":{"rendered":"<p>Cuatro cortos documentales producidos y dirigidos por estudiantes de la Escuela de Cine de la Universidad de las Artes constan en la programaci\u00f3n del Festival Encuentros del Otro Cine (EDOC), cuya decimonovena edici\u00f3n se desarrolla, por primera vez y debido a la pandemia por COVID-19, de manera virtual.<\/p>","protected":false},"author":1,"featured_media":9043,"comment_status":"closed","ping_status":"closed","sticky":false,"template":"","format":"standard","meta":{"_acf_changed":false,"_uag_custom_page_level_css":"","_monsterinsights_skip_tracking":false,"_monsterinsights_sitenote_active":false,"_monsterinsights_sitenote_note":"","_monsterinsights_sitenote_category":0,"cybocfi_hide_featured_image":"","footnotes":""},"categories":[147,76],"tags":[211,36],"infouartes":[],"class_list":["post-9039","post","type-post","status-publish","format-standard","has-post-thumbnail","hentry","category-cine","category-estudiantes","tag-covid19","tag-edoc"],"acf":[],"yoast_head":"<!-- This site is optimized with the Yoast SEO plugin v27.4 - https:\/\/yoast.com\/product\/yoast-seo-wordpress\/ -->\n<title>Universidad de las Artes - Cuatro cortos documentales de estudiantes de la UArtes, en la programaci\u00f3n de los EDOC<\/title>\n<meta name=\"description\" content=\"Universidad de las Artes - Cuatro cortos documentales de estudiantes de la UArtes, en la programaci\u00f3n de los EDOC\" \/>\n<meta name=\"robots\" content=\"index, follow, max-snippet:-1, max-image-preview:large, max-video-preview:-1\" \/>\n<link rel=\"canonical\" href=\"https:\/\/www.uartes.edu.ec\/sitio\/fr\/blog\/2020\/09\/23\/cuatro-cortos-documentales-de-estudiantes-de-la-uartes-en-la-programacion-de-los-edoc\/\" \/>\n<meta property=\"og:locale\" content=\"fr_FR\" \/>\n<meta property=\"og:type\" content=\"article\" \/>\n<meta property=\"og:title\" content=\"Universidad de las Artes - Cuatro cortos documentales de estudiantes de la UArtes, en la programaci\u00f3n de los EDOC\" \/>\n<meta property=\"og:description\" content=\"Universidad de las Artes - Cuatro cortos documentales de estudiantes de la UArtes, en la programaci\u00f3n de los EDOC\" \/>\n<meta property=\"og:url\" content=\"https:\/\/www.uartes.edu.ec\/sitio\/fr\/blog\/2020\/09\/23\/cuatro-cortos-documentales-de-estudiantes-de-la-uartes-en-la-programacion-de-los-edoc\/\" \/>\n<meta property=\"og:site_name\" content=\"Universidad de las Artes\" \/>\n<meta property=\"article:publisher\" content=\"https:\/\/www.facebook.com\/uartesec\" \/>\n<meta property=\"article:published_time\" content=\"2020-09-23T16:04:18+00:00\" \/>\n<meta property=\"article:modified_time\" content=\"2024-07-04T16:34:45+00:00\" \/>\n<meta property=\"og:image\" content=\"https:\/\/www.uartes.edu.ec\/sitio\/wp-content\/uploads\/2020\/09\/COMO-REPUDIAR-A-TU-PADRE.jpg\" \/>\n\t<meta property=\"og:image:width\" content=\"1920\" \/>\n\t<meta property=\"og:image:height\" content=\"1280\" \/>\n\t<meta property=\"og:image:type\" content=\"image\/jpeg\" \/>\n<meta name=\"author\" content=\"Universidad de las Artes\" \/>\n<meta name=\"twitter:card\" content=\"summary_large_image\" \/>\n<meta name=\"twitter:creator\" content=\"@uartesec\" \/>\n<meta name=\"twitter:site\" content=\"@uartesec\" \/>\n<meta name=\"twitter:label1\" content=\"\u00c9crit par\" \/>\n\t<meta name=\"twitter:data1\" content=\"Universidad de las Artes\" \/>\n\t<meta name=\"twitter:label2\" content=\"Dur\u00e9e de lecture estim\u00e9e\" \/>\n\t<meta name=\"twitter:data2\" content=\"6 minutes\" \/>\n<script type=\"application\/ld+json\" class=\"yoast-schema-graph\">{\"@context\":\"https:\\\/\\\/schema.org\",\"@graph\":[{\"@type\":\"Article\",\"@id\":\"https:\\\/\\\/www.uartes.edu.ec\\\/sitio\\\/fr\\\/blog\\\/2020\\\/09\\\/23\\\/cuatro-cortos-documentales-de-estudiantes-de-la-uartes-en-la-programacion-de-los-edoc\\\/#article\",\"isPartOf\":{\"@id\":\"https:\\\/\\\/www.uartes.edu.ec\\\/sitio\\\/fr\\\/blog\\\/2020\\\/09\\\/23\\\/cuatro-cortos-documentales-de-estudiantes-de-la-uartes-en-la-programacion-de-los-edoc\\\/\"},\"author\":{\"name\":\"Universidad de las Artes\",\"@id\":\"https:\\\/\\\/www.uartes.edu.ec\\\/sitio\\\/fr\\\/#\\\/schema\\\/person\\\/f33f8c1d2af0d5c80a38c8abf458184a\"},\"headline\":\"Cuatro cortos documentales de estudiantes de la UArtes, en la programaci\u00f3n de los EDOC\",\"datePublished\":\"2020-09-23T16:04:18+00:00\",\"dateModified\":\"2024-07-04T16:34:45+00:00\",\"mainEntityOfPage\":{\"@id\":\"https:\\\/\\\/www.uartes.edu.ec\\\/sitio\\\/fr\\\/blog\\\/2020\\\/09\\\/23\\\/cuatro-cortos-documentales-de-estudiantes-de-la-uartes-en-la-programacion-de-los-edoc\\\/\"},\"wordCount\":1210,\"publisher\":{\"@id\":\"https:\\\/\\\/www.uartes.edu.ec\\\/sitio\\\/fr\\\/#organization\"},\"image\":{\"@id\":\"https:\\\/\\\/www.uartes.edu.ec\\\/sitio\\\/fr\\\/blog\\\/2020\\\/09\\\/23\\\/cuatro-cortos-documentales-de-estudiantes-de-la-uartes-en-la-programacion-de-los-edoc\\\/#primaryimage\"},\"thumbnailUrl\":\"https:\\\/\\\/www.uartes.edu.ec\\\/sitio\\\/wp-content\\\/uploads\\\/2020\\\/09\\\/COMO-REPUDIAR-A-TU-PADRE.jpg\",\"keywords\":[\"covid19\",\"edoc\"],\"articleSection\":[\"Cine\",\"Estudiantes\"],\"inLanguage\":\"fr-FR\"},{\"@type\":[\"WebPage\",\"ItemPage\"],\"@id\":\"https:\\\/\\\/www.uartes.edu.ec\\\/sitio\\\/fr\\\/blog\\\/2020\\\/09\\\/23\\\/cuatro-cortos-documentales-de-estudiantes-de-la-uartes-en-la-programacion-de-los-edoc\\\/\",\"url\":\"https:\\\/\\\/www.uartes.edu.ec\\\/sitio\\\/fr\\\/blog\\\/2020\\\/09\\\/23\\\/cuatro-cortos-documentales-de-estudiantes-de-la-uartes-en-la-programacion-de-los-edoc\\\/\",\"name\":\"Universidad de las Artes - Cuatro cortos documentales de estudiantes de la UArtes, en la programaci\u00f3n de los EDOC\",\"isPartOf\":{\"@id\":\"https:\\\/\\\/www.uartes.edu.ec\\\/sitio\\\/fr\\\/#website\"},\"primaryImageOfPage\":{\"@id\":\"https:\\\/\\\/www.uartes.edu.ec\\\/sitio\\\/fr\\\/blog\\\/2020\\\/09\\\/23\\\/cuatro-cortos-documentales-de-estudiantes-de-la-uartes-en-la-programacion-de-los-edoc\\\/#primaryimage\"},\"image\":{\"@id\":\"https:\\\/\\\/www.uartes.edu.ec\\\/sitio\\\/fr\\\/blog\\\/2020\\\/09\\\/23\\\/cuatro-cortos-documentales-de-estudiantes-de-la-uartes-en-la-programacion-de-los-edoc\\\/#primaryimage\"},\"thumbnailUrl\":\"https:\\\/\\\/www.uartes.edu.ec\\\/sitio\\\/wp-content\\\/uploads\\\/2020\\\/09\\\/COMO-REPUDIAR-A-TU-PADRE.jpg\",\"datePublished\":\"2020-09-23T16:04:18+00:00\",\"dateModified\":\"2024-07-04T16:34:45+00:00\",\"description\":\"Universidad de las Artes - Cuatro cortos documentales de estudiantes de la UArtes, en la programaci\u00f3n de los EDOC\",\"breadcrumb\":{\"@id\":\"https:\\\/\\\/www.uartes.edu.ec\\\/sitio\\\/fr\\\/blog\\\/2020\\\/09\\\/23\\\/cuatro-cortos-documentales-de-estudiantes-de-la-uartes-en-la-programacion-de-los-edoc\\\/#breadcrumb\"},\"inLanguage\":\"fr-FR\",\"potentialAction\":[{\"@type\":\"ReadAction\",\"target\":[\"https:\\\/\\\/www.uartes.edu.ec\\\/sitio\\\/fr\\\/blog\\\/2020\\\/09\\\/23\\\/cuatro-cortos-documentales-de-estudiantes-de-la-uartes-en-la-programacion-de-los-edoc\\\/\"]}]},{\"@type\":\"ImageObject\",\"inLanguage\":\"fr-FR\",\"@id\":\"https:\\\/\\\/www.uartes.edu.ec\\\/sitio\\\/fr\\\/blog\\\/2020\\\/09\\\/23\\\/cuatro-cortos-documentales-de-estudiantes-de-la-uartes-en-la-programacion-de-los-edoc\\\/#primaryimage\",\"url\":\"https:\\\/\\\/www.uartes.edu.ec\\\/sitio\\\/wp-content\\\/uploads\\\/2020\\\/09\\\/COMO-REPUDIAR-A-TU-PADRE.jpg\",\"contentUrl\":\"https:\\\/\\\/www.uartes.edu.ec\\\/sitio\\\/wp-content\\\/uploads\\\/2020\\\/09\\\/COMO-REPUDIAR-A-TU-PADRE.jpg\",\"width\":1920,\"height\":1280},{\"@type\":\"BreadcrumbList\",\"@id\":\"https:\\\/\\\/www.uartes.edu.ec\\\/sitio\\\/fr\\\/blog\\\/2020\\\/09\\\/23\\\/cuatro-cortos-documentales-de-estudiantes-de-la-uartes-en-la-programacion-de-los-edoc\\\/#breadcrumb\",\"itemListElement\":[{\"@type\":\"ListItem\",\"position\":1,\"name\":\"Inicio\",\"item\":\"https:\\\/\\\/www.uartes.edu.ec\\\/sitio\\\/\"},{\"@type\":\"ListItem\",\"position\":2,\"name\":\"Cuatro cortos documentales de estudiantes de la UArtes, en la programaci\u00f3n de los EDOC\"}]},{\"@type\":\"WebSite\",\"@id\":\"https:\\\/\\\/www.uartes.edu.ec\\\/sitio\\\/fr\\\/#website\",\"url\":\"https:\\\/\\\/www.uartes.edu.ec\\\/sitio\\\/fr\\\/\",\"name\":\"Universidad de las Artes\",\"description\":\"Sitio oficial de la Universidad Nacional de las Artes del Ecuador\",\"publisher\":{\"@id\":\"https:\\\/\\\/www.uartes.edu.ec\\\/sitio\\\/fr\\\/#organization\"},\"potentialAction\":[{\"@type\":\"SearchAction\",\"target\":{\"@type\":\"EntryPoint\",\"urlTemplate\":\"https:\\\/\\\/www.uartes.edu.ec\\\/sitio\\\/fr\\\/?s={search_term_string}\"},\"query-input\":{\"@type\":\"PropertyValueSpecification\",\"valueRequired\":true,\"valueName\":\"search_term_string\"}}],\"inLanguage\":\"fr-FR\"},{\"@type\":\"Organization\",\"@id\":\"https:\\\/\\\/www.uartes.edu.ec\\\/sitio\\\/fr\\\/#organization\",\"name\":\"Universidad de las Artes\",\"url\":\"https:\\\/\\\/www.uartes.edu.ec\\\/sitio\\\/fr\\\/\",\"logo\":{\"@type\":\"ImageObject\",\"inLanguage\":\"fr-FR\",\"@id\":\"https:\\\/\\\/www.uartes.edu.ec\\\/sitio\\\/fr\\\/#\\\/schema\\\/logo\\\/image\\\/\",\"url\":\"https:\\\/\\\/www.uartes.edu.ec\\\/sitio\\\/wp-content\\\/uploads\\\/2022\\\/07\\\/logo-ua-horizontal.png\",\"contentUrl\":\"https:\\\/\\\/www.uartes.edu.ec\\\/sitio\\\/wp-content\\\/uploads\\\/2022\\\/07\\\/logo-ua-horizontal.png\",\"width\":800,\"height\":276,\"caption\":\"Universidad de las Artes\"},\"image\":{\"@id\":\"https:\\\/\\\/www.uartes.edu.ec\\\/sitio\\\/fr\\\/#\\\/schema\\\/logo\\\/image\\\/\"},\"sameAs\":[\"https:\\\/\\\/www.facebook.com\\\/uartesec\",\"https:\\\/\\\/x.com\\\/uartesec\",\"https:\\\/\\\/www.tiktok.com\\\/@uartesec\"]},{\"@type\":\"Person\",\"@id\":\"https:\\\/\\\/www.uartes.edu.ec\\\/sitio\\\/fr\\\/#\\\/schema\\\/person\\\/f33f8c1d2af0d5c80a38c8abf458184a\",\"name\":\"Universidad de las Artes\",\"image\":{\"@type\":\"ImageObject\",\"inLanguage\":\"fr-FR\",\"@id\":\"https:\\\/\\\/secure.gravatar.com\\\/avatar\\\/52e4757902f5cfa5ac52d020e5be83cae5487519154b6c35482fe08d589f3c13?s=96&d=mm&r=g\",\"url\":\"https:\\\/\\\/secure.gravatar.com\\\/avatar\\\/52e4757902f5cfa5ac52d020e5be83cae5487519154b6c35482fe08d589f3c13?s=96&d=mm&r=g\",\"contentUrl\":\"https:\\\/\\\/secure.gravatar.com\\\/avatar\\\/52e4757902f5cfa5ac52d020e5be83cae5487519154b6c35482fe08d589f3c13?s=96&d=mm&r=g\",\"caption\":\"Universidad de las Artes\"},\"url\":\"https:\\\/\\\/www.uartes.edu.ec\\\/sitio\\\/fr\\\/blog\\\/author\\\/dircomadm\\\/\"}]}<\/script>\n<!-- \/ Yoast SEO plugin. -->","yoast_head_json":{"title":"Universidad de las Artes - Cuatro cortos documentales de estudiantes de la UArtes, en la programaci\u00f3n de los EDOC","description":"Universidad de las Artes - Cuatro cortos documentales de estudiantes de la UArtes, en la programaci\u00f3n de los EDOC","robots":{"index":"index","follow":"follow","max-snippet":"max-snippet:-1","max-image-preview":"max-image-preview:large","max-video-preview":"max-video-preview:-1"},"canonical":"https:\/\/www.uartes.edu.ec\/sitio\/fr\/blog\/2020\/09\/23\/cuatro-cortos-documentales-de-estudiantes-de-la-uartes-en-la-programacion-de-los-edoc\/","og_locale":"fr_FR","og_type":"article","og_title":"Universidad de las Artes - Cuatro cortos documentales de estudiantes de la UArtes, en la programaci\u00f3n de los EDOC","og_description":"Universidad de las Artes - Cuatro cortos documentales de estudiantes de la UArtes, en la programaci\u00f3n de los EDOC","og_url":"https:\/\/www.uartes.edu.ec\/sitio\/fr\/blog\/2020\/09\/23\/cuatro-cortos-documentales-de-estudiantes-de-la-uartes-en-la-programacion-de-los-edoc\/","og_site_name":"Universidad de las Artes","article_publisher":"https:\/\/www.facebook.com\/uartesec","article_published_time":"2020-09-23T16:04:18+00:00","article_modified_time":"2024-07-04T16:34:45+00:00","og_image":[{"width":1920,"height":1280,"url":"https:\/\/www.uartes.edu.ec\/sitio\/wp-content\/uploads\/2020\/09\/COMO-REPUDIAR-A-TU-PADRE.jpg","type":"image\/jpeg"}],"author":"Universidad de las Artes","twitter_card":"summary_large_image","twitter_creator":"@uartesec","twitter_site":"@uartesec","twitter_misc":{"\u00c9crit par":"Universidad de las Artes","Dur\u00e9e de lecture estim\u00e9e":"6 minutes"},"schema":{"@context":"https:\/\/schema.org","@graph":[{"@type":"Article","@id":"https:\/\/www.uartes.edu.ec\/sitio\/fr\/blog\/2020\/09\/23\/cuatro-cortos-documentales-de-estudiantes-de-la-uartes-en-la-programacion-de-los-edoc\/#article","isPartOf":{"@id":"https:\/\/www.uartes.edu.ec\/sitio\/fr\/blog\/2020\/09\/23\/cuatro-cortos-documentales-de-estudiantes-de-la-uartes-en-la-programacion-de-los-edoc\/"},"author":{"name":"Universidad de las Artes","@id":"https:\/\/www.uartes.edu.ec\/sitio\/fr\/#\/schema\/person\/f33f8c1d2af0d5c80a38c8abf458184a"},"headline":"Cuatro cortos documentales de estudiantes de la UArtes, en la programaci\u00f3n de los EDOC","datePublished":"2020-09-23T16:04:18+00:00","dateModified":"2024-07-04T16:34:45+00:00","mainEntityOfPage":{"@id":"https:\/\/www.uartes.edu.ec\/sitio\/fr\/blog\/2020\/09\/23\/cuatro-cortos-documentales-de-estudiantes-de-la-uartes-en-la-programacion-de-los-edoc\/"},"wordCount":1210,"publisher":{"@id":"https:\/\/www.uartes.edu.ec\/sitio\/fr\/#organization"},"image":{"@id":"https:\/\/www.uartes.edu.ec\/sitio\/fr\/blog\/2020\/09\/23\/cuatro-cortos-documentales-de-estudiantes-de-la-uartes-en-la-programacion-de-los-edoc\/#primaryimage"},"thumbnailUrl":"https:\/\/www.uartes.edu.ec\/sitio\/wp-content\/uploads\/2020\/09\/COMO-REPUDIAR-A-TU-PADRE.jpg","keywords":["covid19","edoc"],"articleSection":["Cine","Estudiantes"],"inLanguage":"fr-FR"},{"@type":["WebPage","ItemPage"],"@id":"https:\/\/www.uartes.edu.ec\/sitio\/fr\/blog\/2020\/09\/23\/cuatro-cortos-documentales-de-estudiantes-de-la-uartes-en-la-programacion-de-los-edoc\/","url":"https:\/\/www.uartes.edu.ec\/sitio\/fr\/blog\/2020\/09\/23\/cuatro-cortos-documentales-de-estudiantes-de-la-uartes-en-la-programacion-de-los-edoc\/","name":"Universidad de las Artes - Cuatro cortos documentales de estudiantes de la UArtes, en la programaci\u00f3n de los EDOC","isPartOf":{"@id":"https:\/\/www.uartes.edu.ec\/sitio\/fr\/#website"},"primaryImageOfPage":{"@id":"https:\/\/www.uartes.edu.ec\/sitio\/fr\/blog\/2020\/09\/23\/cuatro-cortos-documentales-de-estudiantes-de-la-uartes-en-la-programacion-de-los-edoc\/#primaryimage"},"image":{"@id":"https:\/\/www.uartes.edu.ec\/sitio\/fr\/blog\/2020\/09\/23\/cuatro-cortos-documentales-de-estudiantes-de-la-uartes-en-la-programacion-de-los-edoc\/#primaryimage"},"thumbnailUrl":"https:\/\/www.uartes.edu.ec\/sitio\/wp-content\/uploads\/2020\/09\/COMO-REPUDIAR-A-TU-PADRE.jpg","datePublished":"2020-09-23T16:04:18+00:00","dateModified":"2024-07-04T16:34:45+00:00","description":"Universidad de las Artes - Cuatro cortos documentales de estudiantes de la UArtes, en la programaci\u00f3n de los EDOC","breadcrumb":{"@id":"https:\/\/www.uartes.edu.ec\/sitio\/fr\/blog\/2020\/09\/23\/cuatro-cortos-documentales-de-estudiantes-de-la-uartes-en-la-programacion-de-los-edoc\/#breadcrumb"},"inLanguage":"fr-FR","potentialAction":[{"@type":"ReadAction","target":["https:\/\/www.uartes.edu.ec\/sitio\/fr\/blog\/2020\/09\/23\/cuatro-cortos-documentales-de-estudiantes-de-la-uartes-en-la-programacion-de-los-edoc\/"]}]},{"@type":"ImageObject","inLanguage":"fr-FR","@id":"https:\/\/www.uartes.edu.ec\/sitio\/fr\/blog\/2020\/09\/23\/cuatro-cortos-documentales-de-estudiantes-de-la-uartes-en-la-programacion-de-los-edoc\/#primaryimage","url":"https:\/\/www.uartes.edu.ec\/sitio\/wp-content\/uploads\/2020\/09\/COMO-REPUDIAR-A-TU-PADRE.jpg","contentUrl":"https:\/\/www.uartes.edu.ec\/sitio\/wp-content\/uploads\/2020\/09\/COMO-REPUDIAR-A-TU-PADRE.jpg","width":1920,"height":1280},{"@type":"BreadcrumbList","@id":"https:\/\/www.uartes.edu.ec\/sitio\/fr\/blog\/2020\/09\/23\/cuatro-cortos-documentales-de-estudiantes-de-la-uartes-en-la-programacion-de-los-edoc\/#breadcrumb","itemListElement":[{"@type":"ListItem","position":1,"name":"Inicio","item":"https:\/\/www.uartes.edu.ec\/sitio\/"},{"@type":"ListItem","position":2,"name":"Cuatro cortos documentales de estudiantes de la UArtes, en la programaci\u00f3n de los EDOC"}]},{"@type":"WebSite","@id":"https:\/\/www.uartes.edu.ec\/sitio\/fr\/#website","url":"https:\/\/www.uartes.edu.ec\/sitio\/fr\/","name":"Universidad de las Artes","description":"Sitio oficial de la Universidad Nacional de las Artes del Ecuador","publisher":{"@id":"https:\/\/www.uartes.edu.ec\/sitio\/fr\/#organization"},"potentialAction":[{"@type":"SearchAction","target":{"@type":"EntryPoint","urlTemplate":"https:\/\/www.uartes.edu.ec\/sitio\/fr\/?s={search_term_string}"},"query-input":{"@type":"PropertyValueSpecification","valueRequired":true,"valueName":"search_term_string"}}],"inLanguage":"fr-FR"},{"@type":"Organization","@id":"https:\/\/www.uartes.edu.ec\/sitio\/fr\/#organization","name":"Universidad de las Artes","url":"https:\/\/www.uartes.edu.ec\/sitio\/fr\/","logo":{"@type":"ImageObject","inLanguage":"fr-FR","@id":"https:\/\/www.uartes.edu.ec\/sitio\/fr\/#\/schema\/logo\/image\/","url":"https:\/\/www.uartes.edu.ec\/sitio\/wp-content\/uploads\/2022\/07\/logo-ua-horizontal.png","contentUrl":"https:\/\/www.uartes.edu.ec\/sitio\/wp-content\/uploads\/2022\/07\/logo-ua-horizontal.png","width":800,"height":276,"caption":"Universidad de las Artes"},"image":{"@id":"https:\/\/www.uartes.edu.ec\/sitio\/fr\/#\/schema\/logo\/image\/"},"sameAs":["https:\/\/www.facebook.com\/uartesec","https:\/\/x.com\/uartesec","https:\/\/www.tiktok.com\/@uartesec"]},{"@type":"Person","@id":"https:\/\/www.uartes.edu.ec\/sitio\/fr\/#\/schema\/person\/f33f8c1d2af0d5c80a38c8abf458184a","name":"Universidad de las Artes","image":{"@type":"ImageObject","inLanguage":"fr-FR","@id":"https:\/\/secure.gravatar.com\/avatar\/52e4757902f5cfa5ac52d020e5be83cae5487519154b6c35482fe08d589f3c13?s=96&d=mm&r=g","url":"https:\/\/secure.gravatar.com\/avatar\/52e4757902f5cfa5ac52d020e5be83cae5487519154b6c35482fe08d589f3c13?s=96&d=mm&r=g","contentUrl":"https:\/\/secure.gravatar.com\/avatar\/52e4757902f5cfa5ac52d020e5be83cae5487519154b6c35482fe08d589f3c13?s=96&d=mm&r=g","caption":"Universidad de las Artes"},"url":"https:\/\/www.uartes.edu.ec\/sitio\/fr\/blog\/author\/dircomadm\/"}]}},"uagb_featured_image_src":{"full":["https:\/\/www.uartes.edu.ec\/sitio\/wp-content\/uploads\/2020\/09\/COMO-REPUDIAR-A-TU-PADRE.jpg",1920,1280,false],"thumbnail":["https:\/\/www.uartes.edu.ec\/sitio\/wp-content\/uploads\/2020\/09\/COMO-REPUDIAR-A-TU-PADRE-150x150.jpg",150,150,true],"medium":["https:\/\/www.uartes.edu.ec\/sitio\/wp-content\/uploads\/2020\/09\/COMO-REPUDIAR-A-TU-PADRE-300x200.jpg",300,200,true],"medium_large":["https:\/\/www.uartes.edu.ec\/sitio\/wp-content\/uploads\/2020\/09\/COMO-REPUDIAR-A-TU-PADRE-768x512.jpg",768,512,true],"large":["https:\/\/www.uartes.edu.ec\/sitio\/wp-content\/uploads\/2020\/09\/COMO-REPUDIAR-A-TU-PADRE-644x429.jpg",644,429,true],"1536x1536":["https:\/\/www.uartes.edu.ec\/sitio\/wp-content\/uploads\/2020\/09\/COMO-REPUDIAR-A-TU-PADRE-1536x1024.jpg",1536,1024,true],"2048x2048":["https:\/\/www.uartes.edu.ec\/sitio\/wp-content\/uploads\/2020\/09\/COMO-REPUDIAR-A-TU-PADRE.jpg",1920,1280,false],"trp-custom-language-flag":["https:\/\/www.uartes.edu.ec\/sitio\/wp-content\/uploads\/2020\/09\/COMO-REPUDIAR-A-TU-PADRE.jpg",18,12,false],"htmega_size_585x295":["https:\/\/www.uartes.edu.ec\/sitio\/wp-content\/uploads\/2020\/09\/COMO-REPUDIAR-A-TU-PADRE-585x295.jpg",585,295,true],"htmega_size_1170x536":["https:\/\/www.uartes.edu.ec\/sitio\/wp-content\/uploads\/2020\/09\/COMO-REPUDIAR-A-TU-PADRE-1170x536.jpg",1170,536,true],"htmega_size_396x360":["https:\/\/www.uartes.edu.ec\/sitio\/wp-content\/uploads\/2020\/09\/COMO-REPUDIAR-A-TU-PADRE-396x360.jpg",396,360,true],"gb-block-post-grid-landscape":["https:\/\/www.uartes.edu.ec\/sitio\/wp-content\/uploads\/2020\/09\/COMO-REPUDIAR-A-TU-PADRE.jpg",600,400,false],"gb-block-post-grid-square":["https:\/\/www.uartes.edu.ec\/sitio\/wp-content\/uploads\/2020\/09\/COMO-REPUDIAR-A-TU-PADRE.jpg",600,400,false],"university-hub-thumb":["https:\/\/www.uartes.edu.ec\/sitio\/wp-content\/uploads\/2020\/09\/COMO-REPUDIAR-A-TU-PADRE-400x267.jpg",400,267,true],"mailpoet_newsletter_max":["https:\/\/www.uartes.edu.ec\/sitio\/wp-content\/uploads\/2020\/09\/COMO-REPUDIAR-A-TU-PADRE.jpg",1320,880,false]},"uagb_author_info":{"display_name":"Universidad de las Artes","author_link":"https:\/\/www.uartes.edu.ec\/sitio\/fr\/blog\/author\/dircomadm\/"},"uagb_comment_info":0,"uagb_excerpt":"Cuatro cortos documentales producidos y dirigidos por estudiantes de la Escuela de Cine de la Universidad de las Artes constan en la programaci\u00f3n del Festival Encuentros del Otro Cine (EDOC), cuya decimonovena edici\u00f3n se desarrolla, por primera vez y debido a la pandemia por COVID-19, de manera virtual.","featured_image_src":"https:\/\/www.uartes.edu.ec\/sitio\/wp-content\/uploads\/2020\/09\/COMO-REPUDIAR-A-TU-PADRE.jpg","featured_image_src_square":"https:\/\/www.uartes.edu.ec\/sitio\/wp-content\/uploads\/2020\/09\/COMO-REPUDIAR-A-TU-PADRE.jpg","author_info":{"display_name":"Universidad de las Artes","author_link":"https:\/\/www.uartes.edu.ec\/sitio\/fr\/blog\/author\/dircomadm\/"},"publishpress_future_workflow_manual_trigger":{"enabledWorkflows":[]},"distributor_meta":false,"distributor_terms":false,"distributor_media":false,"distributor_original_site_name":"Universidad de las Artes","distributor_original_site_url":"https:\/\/www.uartes.edu.ec\/sitio\/fr","push-errors":false,"_links":{"self":[{"href":"https:\/\/www.uartes.edu.ec\/sitio\/fr\/wp-json\/wp\/v2\/posts\/9039","targetHints":{"allow":["GET"]}}],"collection":[{"href":"https:\/\/www.uartes.edu.ec\/sitio\/fr\/wp-json\/wp\/v2\/posts"}],"about":[{"href":"https:\/\/www.uartes.edu.ec\/sitio\/fr\/wp-json\/wp\/v2\/types\/post"}],"author":[{"embeddable":true,"href":"https:\/\/www.uartes.edu.ec\/sitio\/fr\/wp-json\/wp\/v2\/users\/1"}],"replies":[{"embeddable":true,"href":"https:\/\/www.uartes.edu.ec\/sitio\/fr\/wp-json\/wp\/v2\/comments?post=9039"}],"version-history":[{"count":3,"href":"https:\/\/www.uartes.edu.ec\/sitio\/fr\/wp-json\/wp\/v2\/posts\/9039\/revisions"}],"predecessor-version":[{"id":57575,"href":"https:\/\/www.uartes.edu.ec\/sitio\/fr\/wp-json\/wp\/v2\/posts\/9039\/revisions\/57575"}],"wp:featuredmedia":[{"embeddable":true,"href":"https:\/\/www.uartes.edu.ec\/sitio\/fr\/wp-json\/wp\/v2\/media\/9043"}],"wp:attachment":[{"href":"https:\/\/www.uartes.edu.ec\/sitio\/fr\/wp-json\/wp\/v2\/media?parent=9039"}],"wp:term":[{"taxonomy":"category","embeddable":true,"href":"https:\/\/www.uartes.edu.ec\/sitio\/fr\/wp-json\/wp\/v2\/categories?post=9039"},{"taxonomy":"post_tag","embeddable":true,"href":"https:\/\/www.uartes.edu.ec\/sitio\/fr\/wp-json\/wp\/v2\/tags?post=9039"},{"taxonomy":"infouartes","embeddable":true,"href":"https:\/\/www.uartes.edu.ec\/sitio\/fr\/wp-json\/wp\/v2\/infouartes?post=9039"}],"curies":[{"name":"wp","href":"https:\/\/api.w.org\/{rel}","templated":true}]}}