{"id":9054,"date":"2020-09-23T12:07:25","date_gmt":"2020-09-23T17:07:25","guid":{"rendered":"http:\/\/www.uartes.edu.ec\/sitio\/?p=9054"},"modified":"2024-07-04T11:34:44","modified_gmt":"2024-07-04T16:34:44","slug":"6-estudiantes-de-la-universidad-internacional-de-la-rioja-cumplen-sus-practicas-en-la-uartes","status":"publish","type":"post","link":"https:\/\/www.uartes.edu.ec\/sitio\/fr\/blog\/2020\/09\/23\/6-estudiantes-de-la-universidad-internacional-de-la-rioja-cumplen-sus-practicas-en-la-uartes\/","title":{"rendered":"6 estudiantes de la Universidad Internacional de la Rioja cumplen sus pr\u00e1cticas en la UArtes"},"content":{"rendered":"<p>Como resultado del Convenio de Cooperaci\u00f3n Educativa que la Universidad de las Artes del Ecuador firm\u00f3 el 27 de febrero de 2020 con la Universidad Internacional de la Rioja (UNIR), en nuestras instalaciones seis estudiantes de la instituci\u00f3n acad\u00e9mica espa\u00f1ola se encuentran cumpliendo sus pr\u00e1cticas externas.<\/p>\n\n\n\n<p>La participaci\u00f3n de los alumnos de la UNIR en procesos laborales reales que complementen su formaci\u00f3n te\u00f3rica con la aplicaci\u00f3n pr\u00e1ctica, sin la existencia de relaci\u00f3n de dependencia laboral entre el estudiante y la entidad receptora, se enmarca el art\u00edculo 33 del C\u00f3digo Org\u00e1nico de la Econom\u00eda Social de los Conocimientos, Creatividad e Innovaci\u00f3n, se indica en el convenio.<\/p>\n\n\n\n<p>Acorde a su suscripci\u00f3n, la UArtes adquiere la calidad de centro de pr\u00e1cticas y proporcionar\u00e1 los medios necesarios al estudiante de la UNIR para que pueda realizar pr\u00e1cticas de formaci\u00f3n acad\u00e9mica, en cualquiera de sus modalidades, curriculares y extracurriculares, siempre y cuando la tarea que se le encomiende desarrollar est\u00e9 vinculada al proyecto formativo de la titulaci\u00f3n. El arribo de los practicantes de la universidad privada espa\u00f1ola a la UArtes se concret\u00f3 este lunes 21 de septiembre.<\/p>\n\n\n\n<p>Los seis estudiantes de la UNIR permanecer\u00e1n hasta noviembre en la UArtes. Ellos desarrollan sus pr\u00e1cticas bajo la tutela de la Direcci\u00f3n de Talento Humano;&nbsp;tres pertenecen al programa&nbsp;M\u00e1ster Universitario en Sistemas Integrados de Gesti\u00f3n de la Prevenci\u00f3n de Riesgos Laborales, la Calidad, el Medio Ambiente y la Responsabilidad Social Corporativa y los otros tres al M\u00e1ster Universitario en Prevenci\u00f3n de Riesgos Laborales.<\/p>\n\n\n\n<p>Con duraci\u00f3n de un a\u00f1o, en vigencia a partir de su firma, en el convenio constan cl\u00e1usulas como la protecci\u00f3n de datos personales y garant\u00eda de los derechos digitales, confidencialidad y usos de signos distintivos para promover y dar a conocer en el mercado todos aquellos programas o actividades relacionadas con las acciones conjuntas. Se detalla, asimismo, los servicios de la Red de Partners para el Empleo creada por la UNIR con la finalidad de agrupar a empresas nacionales e internacionales de cada sector y poder colaborar activamente en la mejora de la empleabilidad de alumnos y egresados. Por ser miembro, la UArtes tendr\u00e1 acceso prioritario a los programas UNIR Empresa, dirigidos a fomentar la actualizaci\u00f3n profesional de los empleados, captaci\u00f3n de talento del partner, etc.&nbsp;&nbsp; &nbsp;&nbsp;<\/p>","protected":false},"excerpt":{"rendered":"<p>Como resultado del Convenio de Cooperaci\u00f3n Educativa que la Universidad de las Artes del Ecuador firm\u00f3 el 27 de febrero de 2020 con la Universidad Internacional de la Rioja (UNIR), en nuestras instalaciones seis estudiantes de la instituci\u00f3n acad\u00e9mica espa\u00f1ola se encuentran cumpliendo sus pr\u00e1cticas externas.<\/p>","protected":false},"author":1,"featured_media":9056,"comment_status":"closed","ping_status":"closed","sticky":false,"template":"","format":"standard","meta":{"_acf_changed":false,"_uag_custom_page_level_css":"","_monsterinsights_skip_tracking":false,"_monsterinsights_sitenote_active":false,"_monsterinsights_sitenote_note":"","_monsterinsights_sitenote_category":0,"cybocfi_hide_featured_image":"","footnotes":""},"categories":[80,77],"tags":[279,278],"infouartes":[],"class_list":["post-9054","post","type-post","status-publish","format-standard","has-post-thumbnail","hentry","category-academico","category-gestion","tag-relaciones-internacionales","tag-unir"],"acf":[],"yoast_head":"<!-- This site is optimized with the Yoast SEO plugin v27.4 - https:\/\/yoast.com\/product\/yoast-seo-wordpress\/ -->\n<title>Universidad de las Artes - 6 estudiantes de la Universidad Internacional de la Rioja cumplen sus pr\u00e1cticas en la UArtes<\/title>\n<meta name=\"description\" content=\"Universidad de las Artes - 6 estudiantes de la Universidad Internacional de la Rioja cumplen sus pr\u00e1cticas en la UArtes\" \/>\n<meta name=\"robots\" content=\"index, follow, max-snippet:-1, max-image-preview:large, max-video-preview:-1\" \/>\n<link rel=\"canonical\" href=\"https:\/\/www.uartes.edu.ec\/sitio\/fr\/blog\/2020\/09\/23\/6-estudiantes-de-la-universidad-internacional-de-la-rioja-cumplen-sus-practicas-en-la-uartes\/\" \/>\n<meta property=\"og:locale\" content=\"fr_FR\" \/>\n<meta property=\"og:type\" content=\"article\" \/>\n<meta property=\"og:title\" content=\"Universidad de las Artes - 6 estudiantes de la Universidad Internacional de la Rioja cumplen sus pr\u00e1cticas en la UArtes\" \/>\n<meta property=\"og:description\" content=\"Universidad de las Artes - 6 estudiantes de la Universidad Internacional de la Rioja cumplen sus pr\u00e1cticas en la UArtes\" \/>\n<meta property=\"og:url\" content=\"https:\/\/www.uartes.edu.ec\/sitio\/fr\/blog\/2020\/09\/23\/6-estudiantes-de-la-universidad-internacional-de-la-rioja-cumplen-sus-practicas-en-la-uartes\/\" \/>\n<meta property=\"og:site_name\" content=\"Universidad de las Artes\" \/>\n<meta property=\"article:publisher\" content=\"https:\/\/www.facebook.com\/uartesec\" \/>\n<meta property=\"article:published_time\" content=\"2020-09-23T17:07:25+00:00\" \/>\n<meta property=\"article:modified_time\" content=\"2024-07-04T16:34:44+00:00\" \/>\n<meta property=\"og:image\" content=\"https:\/\/www.uartes.edu.ec\/sitio\/wp-content\/uploads\/2020\/09\/UNIR.jpg\" \/>\n\t<meta property=\"og:image:width\" content=\"2000\" \/>\n\t<meta property=\"og:image:height\" content=\"1333\" \/>\n\t<meta property=\"og:image:type\" content=\"image\/jpeg\" \/>\n<meta name=\"author\" content=\"Universidad de las Artes\" \/>\n<meta name=\"twitter:card\" content=\"summary_large_image\" \/>\n<meta name=\"twitter:creator\" content=\"@uartesec\" \/>\n<meta name=\"twitter:site\" content=\"@uartesec\" \/>\n<meta name=\"twitter:label1\" content=\"\u00c9crit par\" \/>\n\t<meta name=\"twitter:data1\" content=\"Universidad de las Artes\" \/>\n\t<meta name=\"twitter:label2\" content=\"Dur\u00e9e de lecture estim\u00e9e\" \/>\n\t<meta name=\"twitter:data2\" content=\"2 minutes\" \/>\n<script type=\"application\/ld+json\" class=\"yoast-schema-graph\">{\"@context\":\"https:\\\/\\\/schema.org\",\"@graph\":[{\"@type\":\"Article\",\"@id\":\"https:\\\/\\\/www.uartes.edu.ec\\\/sitio\\\/fr\\\/blog\\\/2020\\\/09\\\/23\\\/6-estudiantes-de-la-universidad-internacional-de-la-rioja-cumplen-sus-practicas-en-la-uartes\\\/#article\",\"isPartOf\":{\"@id\":\"https:\\\/\\\/www.uartes.edu.ec\\\/sitio\\\/fr\\\/blog\\\/2020\\\/09\\\/23\\\/6-estudiantes-de-la-universidad-internacional-de-la-rioja-cumplen-sus-practicas-en-la-uartes\\\/\"},\"author\":{\"name\":\"Universidad de las Artes\",\"@id\":\"https:\\\/\\\/www.uartes.edu.ec\\\/sitio\\\/fr\\\/#\\\/schema\\\/person\\\/f33f8c1d2af0d5c80a38c8abf458184a\"},\"headline\":\"6 estudiantes de la Universidad Internacional de la Rioja cumplen sus pr\u00e1cticas en la UArtes\",\"datePublished\":\"2020-09-23T17:07:25+00:00\",\"dateModified\":\"2024-07-04T16:34:44+00:00\",\"mainEntityOfPage\":{\"@id\":\"https:\\\/\\\/www.uartes.edu.ec\\\/sitio\\\/fr\\\/blog\\\/2020\\\/09\\\/23\\\/6-estudiantes-de-la-universidad-internacional-de-la-rioja-cumplen-sus-practicas-en-la-uartes\\\/\"},\"wordCount\":427,\"publisher\":{\"@id\":\"https:\\\/\\\/www.uartes.edu.ec\\\/sitio\\\/fr\\\/#organization\"},\"image\":{\"@id\":\"https:\\\/\\\/www.uartes.edu.ec\\\/sitio\\\/fr\\\/blog\\\/2020\\\/09\\\/23\\\/6-estudiantes-de-la-universidad-internacional-de-la-rioja-cumplen-sus-practicas-en-la-uartes\\\/#primaryimage\"},\"thumbnailUrl\":\"https:\\\/\\\/www.uartes.edu.ec\\\/sitio\\\/wp-content\\\/uploads\\\/2020\\\/09\\\/UNIR.jpg\",\"keywords\":[\"relaciones internacionales\",\"unir\"],\"articleSection\":[\"Acad\u00e9mico\",\"Gesti\u00f3n\"],\"inLanguage\":\"fr-FR\"},{\"@type\":[\"WebPage\",\"ItemPage\"],\"@id\":\"https:\\\/\\\/www.uartes.edu.ec\\\/sitio\\\/fr\\\/blog\\\/2020\\\/09\\\/23\\\/6-estudiantes-de-la-universidad-internacional-de-la-rioja-cumplen-sus-practicas-en-la-uartes\\\/\",\"url\":\"https:\\\/\\\/www.uartes.edu.ec\\\/sitio\\\/fr\\\/blog\\\/2020\\\/09\\\/23\\\/6-estudiantes-de-la-universidad-internacional-de-la-rioja-cumplen-sus-practicas-en-la-uartes\\\/\",\"name\":\"Universidad de las Artes - 6 estudiantes de la Universidad Internacional de la Rioja cumplen sus pr\u00e1cticas en la UArtes\",\"isPartOf\":{\"@id\":\"https:\\\/\\\/www.uartes.edu.ec\\\/sitio\\\/fr\\\/#website\"},\"primaryImageOfPage\":{\"@id\":\"https:\\\/\\\/www.uartes.edu.ec\\\/sitio\\\/fr\\\/blog\\\/2020\\\/09\\\/23\\\/6-estudiantes-de-la-universidad-internacional-de-la-rioja-cumplen-sus-practicas-en-la-uartes\\\/#primaryimage\"},\"image\":{\"@id\":\"https:\\\/\\\/www.uartes.edu.ec\\\/sitio\\\/fr\\\/blog\\\/2020\\\/09\\\/23\\\/6-estudiantes-de-la-universidad-internacional-de-la-rioja-cumplen-sus-practicas-en-la-uartes\\\/#primaryimage\"},\"thumbnailUrl\":\"https:\\\/\\\/www.uartes.edu.ec\\\/sitio\\\/wp-content\\\/uploads\\\/2020\\\/09\\\/UNIR.jpg\",\"datePublished\":\"2020-09-23T17:07:25+00:00\",\"dateModified\":\"2024-07-04T16:34:44+00:00\",\"description\":\"Universidad de las Artes - 6 estudiantes de la Universidad Internacional de la Rioja cumplen sus pr\u00e1cticas en la UArtes\",\"breadcrumb\":{\"@id\":\"https:\\\/\\\/www.uartes.edu.ec\\\/sitio\\\/fr\\\/blog\\\/2020\\\/09\\\/23\\\/6-estudiantes-de-la-universidad-internacional-de-la-rioja-cumplen-sus-practicas-en-la-uartes\\\/#breadcrumb\"},\"inLanguage\":\"fr-FR\",\"potentialAction\":[{\"@type\":\"ReadAction\",\"target\":[\"https:\\\/\\\/www.uartes.edu.ec\\\/sitio\\\/fr\\\/blog\\\/2020\\\/09\\\/23\\\/6-estudiantes-de-la-universidad-internacional-de-la-rioja-cumplen-sus-practicas-en-la-uartes\\\/\"]}]},{\"@type\":\"ImageObject\",\"inLanguage\":\"fr-FR\",\"@id\":\"https:\\\/\\\/www.uartes.edu.ec\\\/sitio\\\/fr\\\/blog\\\/2020\\\/09\\\/23\\\/6-estudiantes-de-la-universidad-internacional-de-la-rioja-cumplen-sus-practicas-en-la-uartes\\\/#primaryimage\",\"url\":\"https:\\\/\\\/www.uartes.edu.ec\\\/sitio\\\/wp-content\\\/uploads\\\/2020\\\/09\\\/UNIR.jpg\",\"contentUrl\":\"https:\\\/\\\/www.uartes.edu.ec\\\/sitio\\\/wp-content\\\/uploads\\\/2020\\\/09\\\/UNIR.jpg\",\"width\":2000,\"height\":1333},{\"@type\":\"BreadcrumbList\",\"@id\":\"https:\\\/\\\/www.uartes.edu.ec\\\/sitio\\\/fr\\\/blog\\\/2020\\\/09\\\/23\\\/6-estudiantes-de-la-universidad-internacional-de-la-rioja-cumplen-sus-practicas-en-la-uartes\\\/#breadcrumb\",\"itemListElement\":[{\"@type\":\"ListItem\",\"position\":1,\"name\":\"Inicio\",\"item\":\"https:\\\/\\\/www.uartes.edu.ec\\\/sitio\\\/\"},{\"@type\":\"ListItem\",\"position\":2,\"name\":\"6 estudiantes de la Universidad Internacional de la Rioja cumplen sus pr\u00e1cticas en la UArtes\"}]},{\"@type\":\"WebSite\",\"@id\":\"https:\\\/\\\/www.uartes.edu.ec\\\/sitio\\\/fr\\\/#website\",\"url\":\"https:\\\/\\\/www.uartes.edu.ec\\\/sitio\\\/fr\\\/\",\"name\":\"Universidad de las Artes\",\"description\":\"Sitio oficial de la Universidad Nacional de las Artes del Ecuador\",\"publisher\":{\"@id\":\"https:\\\/\\\/www.uartes.edu.ec\\\/sitio\\\/fr\\\/#organization\"},\"potentialAction\":[{\"@type\":\"SearchAction\",\"target\":{\"@type\":\"EntryPoint\",\"urlTemplate\":\"https:\\\/\\\/www.uartes.edu.ec\\\/sitio\\\/fr\\\/?s={search_term_string}\"},\"query-input\":{\"@type\":\"PropertyValueSpecification\",\"valueRequired\":true,\"valueName\":\"search_term_string\"}}],\"inLanguage\":\"fr-FR\"},{\"@type\":\"Organization\",\"@id\":\"https:\\\/\\\/www.uartes.edu.ec\\\/sitio\\\/fr\\\/#organization\",\"name\":\"Universidad de las Artes\",\"url\":\"https:\\\/\\\/www.uartes.edu.ec\\\/sitio\\\/fr\\\/\",\"logo\":{\"@type\":\"ImageObject\",\"inLanguage\":\"fr-FR\",\"@id\":\"https:\\\/\\\/www.uartes.edu.ec\\\/sitio\\\/fr\\\/#\\\/schema\\\/logo\\\/image\\\/\",\"url\":\"https:\\\/\\\/www.uartes.edu.ec\\\/sitio\\\/wp-content\\\/uploads\\\/2022\\\/07\\\/logo-ua-horizontal.png\",\"contentUrl\":\"https:\\\/\\\/www.uartes.edu.ec\\\/sitio\\\/wp-content\\\/uploads\\\/2022\\\/07\\\/logo-ua-horizontal.png\",\"width\":800,\"height\":276,\"caption\":\"Universidad de las Artes\"},\"image\":{\"@id\":\"https:\\\/\\\/www.uartes.edu.ec\\\/sitio\\\/fr\\\/#\\\/schema\\\/logo\\\/image\\\/\"},\"sameAs\":[\"https:\\\/\\\/www.facebook.com\\\/uartesec\",\"https:\\\/\\\/x.com\\\/uartesec\",\"https:\\\/\\\/www.tiktok.com\\\/@uartesec\"]},{\"@type\":\"Person\",\"@id\":\"https:\\\/\\\/www.uartes.edu.ec\\\/sitio\\\/fr\\\/#\\\/schema\\\/person\\\/f33f8c1d2af0d5c80a38c8abf458184a\",\"name\":\"Universidad de las Artes\",\"image\":{\"@type\":\"ImageObject\",\"inLanguage\":\"fr-FR\",\"@id\":\"https:\\\/\\\/secure.gravatar.com\\\/avatar\\\/52e4757902f5cfa5ac52d020e5be83cae5487519154b6c35482fe08d589f3c13?s=96&d=mm&r=g\",\"url\":\"https:\\\/\\\/secure.gravatar.com\\\/avatar\\\/52e4757902f5cfa5ac52d020e5be83cae5487519154b6c35482fe08d589f3c13?s=96&d=mm&r=g\",\"contentUrl\":\"https:\\\/\\\/secure.gravatar.com\\\/avatar\\\/52e4757902f5cfa5ac52d020e5be83cae5487519154b6c35482fe08d589f3c13?s=96&d=mm&r=g\",\"caption\":\"Universidad de las Artes\"},\"url\":\"https:\\\/\\\/www.uartes.edu.ec\\\/sitio\\\/fr\\\/blog\\\/author\\\/dircomadm\\\/\"}]}<\/script>\n<!-- \/ Yoast SEO plugin. -->","yoast_head_json":{"title":"Universidad de las Artes - 6 estudiantes de la Universidad Internacional de la Rioja cumplen sus pr\u00e1cticas en la UArtes","description":"Universidad de las Artes - 6 estudiantes de la Universidad Internacional de la Rioja cumplen sus pr\u00e1cticas en la UArtes","robots":{"index":"index","follow":"follow","max-snippet":"max-snippet:-1","max-image-preview":"max-image-preview:large","max-video-preview":"max-video-preview:-1"},"canonical":"https:\/\/www.uartes.edu.ec\/sitio\/fr\/blog\/2020\/09\/23\/6-estudiantes-de-la-universidad-internacional-de-la-rioja-cumplen-sus-practicas-en-la-uartes\/","og_locale":"fr_FR","og_type":"article","og_title":"Universidad de las Artes - 6 estudiantes de la Universidad Internacional de la Rioja cumplen sus pr\u00e1cticas en la UArtes","og_description":"Universidad de las Artes - 6 estudiantes de la Universidad Internacional de la Rioja cumplen sus pr\u00e1cticas en la UArtes","og_url":"https:\/\/www.uartes.edu.ec\/sitio\/fr\/blog\/2020\/09\/23\/6-estudiantes-de-la-universidad-internacional-de-la-rioja-cumplen-sus-practicas-en-la-uartes\/","og_site_name":"Universidad de las Artes","article_publisher":"https:\/\/www.facebook.com\/uartesec","article_published_time":"2020-09-23T17:07:25+00:00","article_modified_time":"2024-07-04T16:34:44+00:00","og_image":[{"width":2000,"height":1333,"url":"https:\/\/www.uartes.edu.ec\/sitio\/wp-content\/uploads\/2020\/09\/UNIR.jpg","type":"image\/jpeg"}],"author":"Universidad de las Artes","twitter_card":"summary_large_image","twitter_creator":"@uartesec","twitter_site":"@uartesec","twitter_misc":{"\u00c9crit par":"Universidad de las Artes","Dur\u00e9e de lecture estim\u00e9e":"2 minutes"},"schema":{"@context":"https:\/\/schema.org","@graph":[{"@type":"Article","@id":"https:\/\/www.uartes.edu.ec\/sitio\/fr\/blog\/2020\/09\/23\/6-estudiantes-de-la-universidad-internacional-de-la-rioja-cumplen-sus-practicas-en-la-uartes\/#article","isPartOf":{"@id":"https:\/\/www.uartes.edu.ec\/sitio\/fr\/blog\/2020\/09\/23\/6-estudiantes-de-la-universidad-internacional-de-la-rioja-cumplen-sus-practicas-en-la-uartes\/"},"author":{"name":"Universidad de las Artes","@id":"https:\/\/www.uartes.edu.ec\/sitio\/fr\/#\/schema\/person\/f33f8c1d2af0d5c80a38c8abf458184a"},"headline":"6 estudiantes de la Universidad Internacional de la Rioja cumplen sus pr\u00e1cticas en la UArtes","datePublished":"2020-09-23T17:07:25+00:00","dateModified":"2024-07-04T16:34:44+00:00","mainEntityOfPage":{"@id":"https:\/\/www.uartes.edu.ec\/sitio\/fr\/blog\/2020\/09\/23\/6-estudiantes-de-la-universidad-internacional-de-la-rioja-cumplen-sus-practicas-en-la-uartes\/"},"wordCount":427,"publisher":{"@id":"https:\/\/www.uartes.edu.ec\/sitio\/fr\/#organization"},"image":{"@id":"https:\/\/www.uartes.edu.ec\/sitio\/fr\/blog\/2020\/09\/23\/6-estudiantes-de-la-universidad-internacional-de-la-rioja-cumplen-sus-practicas-en-la-uartes\/#primaryimage"},"thumbnailUrl":"https:\/\/www.uartes.edu.ec\/sitio\/wp-content\/uploads\/2020\/09\/UNIR.jpg","keywords":["relaciones internacionales","unir"],"articleSection":["Acad\u00e9mico","Gesti\u00f3n"],"inLanguage":"fr-FR"},{"@type":["WebPage","ItemPage"],"@id":"https:\/\/www.uartes.edu.ec\/sitio\/fr\/blog\/2020\/09\/23\/6-estudiantes-de-la-universidad-internacional-de-la-rioja-cumplen-sus-practicas-en-la-uartes\/","url":"https:\/\/www.uartes.edu.ec\/sitio\/fr\/blog\/2020\/09\/23\/6-estudiantes-de-la-universidad-internacional-de-la-rioja-cumplen-sus-practicas-en-la-uartes\/","name":"Universidad de las Artes - 6 estudiantes de la Universidad Internacional de la Rioja cumplen sus pr\u00e1cticas en la UArtes","isPartOf":{"@id":"https:\/\/www.uartes.edu.ec\/sitio\/fr\/#website"},"primaryImageOfPage":{"@id":"https:\/\/www.uartes.edu.ec\/sitio\/fr\/blog\/2020\/09\/23\/6-estudiantes-de-la-universidad-internacional-de-la-rioja-cumplen-sus-practicas-en-la-uartes\/#primaryimage"},"image":{"@id":"https:\/\/www.uartes.edu.ec\/sitio\/fr\/blog\/2020\/09\/23\/6-estudiantes-de-la-universidad-internacional-de-la-rioja-cumplen-sus-practicas-en-la-uartes\/#primaryimage"},"thumbnailUrl":"https:\/\/www.uartes.edu.ec\/sitio\/wp-content\/uploads\/2020\/09\/UNIR.jpg","datePublished":"2020-09-23T17:07:25+00:00","dateModified":"2024-07-04T16:34:44+00:00","description":"Universidad de las Artes - 6 estudiantes de la Universidad Internacional de la Rioja cumplen sus pr\u00e1cticas en la UArtes","breadcrumb":{"@id":"https:\/\/www.uartes.edu.ec\/sitio\/fr\/blog\/2020\/09\/23\/6-estudiantes-de-la-universidad-internacional-de-la-rioja-cumplen-sus-practicas-en-la-uartes\/#breadcrumb"},"inLanguage":"fr-FR","potentialAction":[{"@type":"ReadAction","target":["https:\/\/www.uartes.edu.ec\/sitio\/fr\/blog\/2020\/09\/23\/6-estudiantes-de-la-universidad-internacional-de-la-rioja-cumplen-sus-practicas-en-la-uartes\/"]}]},{"@type":"ImageObject","inLanguage":"fr-FR","@id":"https:\/\/www.uartes.edu.ec\/sitio\/fr\/blog\/2020\/09\/23\/6-estudiantes-de-la-universidad-internacional-de-la-rioja-cumplen-sus-practicas-en-la-uartes\/#primaryimage","url":"https:\/\/www.uartes.edu.ec\/sitio\/wp-content\/uploads\/2020\/09\/UNIR.jpg","contentUrl":"https:\/\/www.uartes.edu.ec\/sitio\/wp-content\/uploads\/2020\/09\/UNIR.jpg","width":2000,"height":1333},{"@type":"BreadcrumbList","@id":"https:\/\/www.uartes.edu.ec\/sitio\/fr\/blog\/2020\/09\/23\/6-estudiantes-de-la-universidad-internacional-de-la-rioja-cumplen-sus-practicas-en-la-uartes\/#breadcrumb","itemListElement":[{"@type":"ListItem","position":1,"name":"Inicio","item":"https:\/\/www.uartes.edu.ec\/sitio\/"},{"@type":"ListItem","position":2,"name":"6 estudiantes de la Universidad Internacional de la Rioja cumplen sus pr\u00e1cticas en la UArtes"}]},{"@type":"WebSite","@id":"https:\/\/www.uartes.edu.ec\/sitio\/fr\/#website","url":"https:\/\/www.uartes.edu.ec\/sitio\/fr\/","name":"Universidad de las Artes","description":"Sitio oficial de la Universidad Nacional de las Artes del Ecuador","publisher":{"@id":"https:\/\/www.uartes.edu.ec\/sitio\/fr\/#organization"},"potentialAction":[{"@type":"SearchAction","target":{"@type":"EntryPoint","urlTemplate":"https:\/\/www.uartes.edu.ec\/sitio\/fr\/?s={search_term_string}"},"query-input":{"@type":"PropertyValueSpecification","valueRequired":true,"valueName":"search_term_string"}}],"inLanguage":"fr-FR"},{"@type":"Organization","@id":"https:\/\/www.uartes.edu.ec\/sitio\/fr\/#organization","name":"Universidad de las Artes","url":"https:\/\/www.uartes.edu.ec\/sitio\/fr\/","logo":{"@type":"ImageObject","inLanguage":"fr-FR","@id":"https:\/\/www.uartes.edu.ec\/sitio\/fr\/#\/schema\/logo\/image\/","url":"https:\/\/www.uartes.edu.ec\/sitio\/wp-content\/uploads\/2022\/07\/logo-ua-horizontal.png","contentUrl":"https:\/\/www.uartes.edu.ec\/sitio\/wp-content\/uploads\/2022\/07\/logo-ua-horizontal.png","width":800,"height":276,"caption":"Universidad de las Artes"},"image":{"@id":"https:\/\/www.uartes.edu.ec\/sitio\/fr\/#\/schema\/logo\/image\/"},"sameAs":["https:\/\/www.facebook.com\/uartesec","https:\/\/x.com\/uartesec","https:\/\/www.tiktok.com\/@uartesec"]},{"@type":"Person","@id":"https:\/\/www.uartes.edu.ec\/sitio\/fr\/#\/schema\/person\/f33f8c1d2af0d5c80a38c8abf458184a","name":"Universidad de las Artes","image":{"@type":"ImageObject","inLanguage":"fr-FR","@id":"https:\/\/secure.gravatar.com\/avatar\/52e4757902f5cfa5ac52d020e5be83cae5487519154b6c35482fe08d589f3c13?s=96&d=mm&r=g","url":"https:\/\/secure.gravatar.com\/avatar\/52e4757902f5cfa5ac52d020e5be83cae5487519154b6c35482fe08d589f3c13?s=96&d=mm&r=g","contentUrl":"https:\/\/secure.gravatar.com\/avatar\/52e4757902f5cfa5ac52d020e5be83cae5487519154b6c35482fe08d589f3c13?s=96&d=mm&r=g","caption":"Universidad de las Artes"},"url":"https:\/\/www.uartes.edu.ec\/sitio\/fr\/blog\/author\/dircomadm\/"}]}},"uagb_featured_image_src":{"full":["https:\/\/www.uartes.edu.ec\/sitio\/wp-content\/uploads\/2020\/09\/UNIR.jpg",2000,1333,false],"thumbnail":["https:\/\/www.uartes.edu.ec\/sitio\/wp-content\/uploads\/2020\/09\/UNIR-150x150.jpg",150,150,true],"medium":["https:\/\/www.uartes.edu.ec\/sitio\/wp-content\/uploads\/2020\/09\/UNIR-300x200.jpg",300,200,true],"medium_large":["https:\/\/www.uartes.edu.ec\/sitio\/wp-content\/uploads\/2020\/09\/UNIR-768x512.jpg",768,512,true],"large":["https:\/\/www.uartes.edu.ec\/sitio\/wp-content\/uploads\/2020\/09\/UNIR-644x429.jpg",644,429,true],"1536x1536":["https:\/\/www.uartes.edu.ec\/sitio\/wp-content\/uploads\/2020\/09\/UNIR-1536x1024.jpg",1536,1024,true],"2048x2048":["https:\/\/www.uartes.edu.ec\/sitio\/wp-content\/uploads\/2020\/09\/UNIR.jpg",2000,1333,false],"trp-custom-language-flag":["https:\/\/www.uartes.edu.ec\/sitio\/wp-content\/uploads\/2020\/09\/UNIR.jpg",18,12,false],"htmega_size_585x295":["https:\/\/www.uartes.edu.ec\/sitio\/wp-content\/uploads\/2020\/09\/UNIR-585x295.jpg",585,295,true],"htmega_size_1170x536":["https:\/\/www.uartes.edu.ec\/sitio\/wp-content\/uploads\/2020\/09\/UNIR-1170x536.jpg",1170,536,true],"htmega_size_396x360":["https:\/\/www.uartes.edu.ec\/sitio\/wp-content\/uploads\/2020\/09\/UNIR-396x360.jpg",396,360,true],"gb-block-post-grid-landscape":["https:\/\/www.uartes.edu.ec\/sitio\/wp-content\/uploads\/2020\/09\/UNIR.jpg",600,400,false],"gb-block-post-grid-square":["https:\/\/www.uartes.edu.ec\/sitio\/wp-content\/uploads\/2020\/09\/UNIR.jpg",600,400,false],"university-hub-thumb":["https:\/\/www.uartes.edu.ec\/sitio\/wp-content\/uploads\/2020\/09\/UNIR-400x267.jpg",400,267,true]},"uagb_author_info":{"display_name":"Universidad de las Artes","author_link":"https:\/\/www.uartes.edu.ec\/sitio\/fr\/blog\/author\/dircomadm\/"},"uagb_comment_info":0,"uagb_excerpt":"Como resultado del Convenio de Cooperaci\u00f3n Educativa que la Universidad de las Artes del Ecuador firm\u00f3 el 27 de febrero de 2020 con la Universidad Internacional de la Rioja (UNIR), en nuestras instalaciones seis estudiantes de la instituci\u00f3n acad\u00e9mica espa\u00f1ola se encuentran cumpliendo sus pr\u00e1cticas externas.","featured_image_src":"https:\/\/www.uartes.edu.ec\/sitio\/wp-content\/uploads\/2020\/09\/UNIR.jpg","featured_image_src_square":"https:\/\/www.uartes.edu.ec\/sitio\/wp-content\/uploads\/2020\/09\/UNIR.jpg","author_info":{"display_name":"Universidad de las Artes","author_link":"https:\/\/www.uartes.edu.ec\/sitio\/fr\/blog\/author\/dircomadm\/"},"publishpress_future_workflow_manual_trigger":{"enabledWorkflows":[]},"distributor_meta":false,"distributor_terms":false,"distributor_media":false,"distributor_original_site_name":"Universidad de las Artes","distributor_original_site_url":"https:\/\/www.uartes.edu.ec\/sitio\/fr","push-errors":false,"_links":{"self":[{"href":"https:\/\/www.uartes.edu.ec\/sitio\/fr\/wp-json\/wp\/v2\/posts\/9054","targetHints":{"allow":["GET"]}}],"collection":[{"href":"https:\/\/www.uartes.edu.ec\/sitio\/fr\/wp-json\/wp\/v2\/posts"}],"about":[{"href":"https:\/\/www.uartes.edu.ec\/sitio\/fr\/wp-json\/wp\/v2\/types\/post"}],"author":[{"embeddable":true,"href":"https:\/\/www.uartes.edu.ec\/sitio\/fr\/wp-json\/wp\/v2\/users\/1"}],"replies":[{"embeddable":true,"href":"https:\/\/www.uartes.edu.ec\/sitio\/fr\/wp-json\/wp\/v2\/comments?post=9054"}],"version-history":[{"count":1,"href":"https:\/\/www.uartes.edu.ec\/sitio\/fr\/wp-json\/wp\/v2\/posts\/9054\/revisions"}],"predecessor-version":[{"id":9055,"href":"https:\/\/www.uartes.edu.ec\/sitio\/fr\/wp-json\/wp\/v2\/posts\/9054\/revisions\/9055"}],"wp:featuredmedia":[{"embeddable":true,"href":"https:\/\/www.uartes.edu.ec\/sitio\/fr\/wp-json\/wp\/v2\/media\/9056"}],"wp:attachment":[{"href":"https:\/\/www.uartes.edu.ec\/sitio\/fr\/wp-json\/wp\/v2\/media?parent=9054"}],"wp:term":[{"taxonomy":"category","embeddable":true,"href":"https:\/\/www.uartes.edu.ec\/sitio\/fr\/wp-json\/wp\/v2\/categories?post=9054"},{"taxonomy":"post_tag","embeddable":true,"href":"https:\/\/www.uartes.edu.ec\/sitio\/fr\/wp-json\/wp\/v2\/tags?post=9054"},{"taxonomy":"infouartes","embeddable":true,"href":"https:\/\/www.uartes.edu.ec\/sitio\/fr\/wp-json\/wp\/v2\/infouartes?post=9054"}],"curies":[{"name":"wp","href":"https:\/\/api.w.org\/{rel}","templated":true}]}}