{"id":911,"date":"2017-10-25T11:50:19","date_gmt":"2017-10-25T16:50:19","guid":{"rendered":"http:\/\/www.uartes.edu.ec\/infouartes\/?p=911"},"modified":"2024-07-04T11:54:08","modified_gmt":"2024-07-04T16:54:08","slug":"estudiantes-de-la-uartes-fomentan-la-logica-abstracta-y-creatividad-en-ninos-y-ninas-al-sur-de-guayaquil","status":"publish","type":"post","link":"https:\/\/www.uartes.edu.ec\/sitio\/fr\/blog\/2017\/10\/25\/estudiantes-de-la-uartes-fomentan-la-logica-abstracta-y-creatividad-en-ninos-y-ninas-al-sur-de-guayaquil\/","title":{"rendered":"Estudiantes de la UArtes fomentan la l\u00f3gica abstracta y creatividad en ni\u00f1os y ni\u00f1as al sur de Guayaquil"},"content":{"rendered":"<p>En el marco del programa Universidad de las Artes con los Ni\u00f1os y Ni\u00f1as, que lleva adelante el Departamento de Vinculaci\u00f3n con la Comunidad, cinco estudiantes de la carrera de Artes Visuales realizaron talleres art\u00edsticos con ni\u00f1os y ni\u00f1as de la Casa Hogar In\u00e9s Chambers, ubicada al sur de Guayaquil. Los talleres se realizaron del 8 de julio al 9 de septiembre de 2017.<\/p>\n<p>David Zalazar, Liliana Garc\u00eda, Daya Ortiz, Lisbeth Carvajal y Luis Ram\u00edrez, de noveno semestre de Artes Visuales, junto al docente Carlos Vargas Ter\u00e1n, realizaron cinco talleres destinados a desarrollar la l\u00f3gica abstracta y creatividad de los 22 participantes del programa denominado \u2018Proyecto Saber, Encuentro y Ni\u00f1ez\u2019. El proyecto inici\u00f3 con un plan previo, realizado en conjunto con la Directora y psic\u00f3loga de la Casa Hogar, que consisti\u00f3 en concebir actividades que estimular\u00e1n estas capacidades en los ni\u00f1os y ni\u00f1as de entre 8 a 13 a\u00f1os de edad.<\/p>\n<p>Los cinco talleres inclu\u00edan la pintura, el dibujo, la escultura; y que finalmente sirvieron como espacios para el descubrimiento, la interacci\u00f3n y el aprendizaje de los participantes. Los ni\u00f1os y ni\u00f1as tuvieron libertad para crear a partir del juego, la experimentaci\u00f3n e incluso la indisciplina. \u201cNos dimos cuenta que hab\u00eda cosas que no quer\u00edamos repetir: trabajar con un sistema coercitivo, como el castigo, el control, la vigilancia; trabajamos para hacer de ese espacio un lugar donde los ni\u00f1os y ni\u00f1as quisieran estar, porque ya es suficiente con estar en una casa hogar\u201d, destac\u00f3 Ortiz.<\/p>\n<p>Si bien los objetivos del taller que se plantearon originalmente tuvieron que modificarse en el proceso, los estudiantes supieron identificar metodolog\u00edas l\u00fadicas que sirvieron como eje articulador de las actividades. \u201cQuer\u00edamos que los participantes sintieran a este como un espacio de juego que como una escuela, un aprendizaje forzoso o una tarea pesada\u201d, indic\u00f3 Zalazar.<\/p>\n<p>En los talleres se realizaron ejercicios que parec\u00edan tontos o simples, comenta Garc\u00eda, como romper un papel, hacerle huecos a una hoja, tirar al blanco con papel y pintura. \u201cLas actividades fueron concebidas as\u00ed porque quer\u00edamos que los ni\u00f1os y ni\u00f1as se dieran cuenta que la creatividad va mucho m\u00e1s all\u00e1 de hacer un dibujo o una escultura, sino de tener libertad\u201d, resalt\u00f3.<\/p>\n<p>Este programa es un aporte que han hecho los estudiantes de la UArtes al trabajo de transversalizaci\u00f3n de las artes en sectores como la ni\u00f1ez y la adolescencia, comenta Vargas Ter\u00e1n. \u201cLo que se quiere es que esto se profundice, en un inicio en espacios como esta Casa Hogar, pero a futuro la intenci\u00f3n es que haya una activaci\u00f3n arm\u00f3nica con colegios, con la intenci\u00f3n de repensar la ensa\u00f1a art\u00edstica\u201d, resalt\u00f3 el docente.<\/p>\n<p>Estos talleres forman parte de un proceso de vinculaci\u00f3n y trabajo que ha venido realizando la UArtes en conjunto con la Casa Hogar In\u00e9s Chambers de la Benem\u00e9rita Sociedad Protectora de la Infancia. En noviembre de 2016, por ejemplo, en el marco de la primera edici\u00f3n de Interactos, Encuentros P\u00fablicos de Artes, la instituci\u00f3n realiz\u00f3 un taller de Stop Motion con los ni\u00f1os y ni\u00f1as de la instituci\u00f3n In\u00e9s Chambers.<\/p>","protected":false},"excerpt":{"rendered":"<p>En el marco del programa Universidad de las Artes con los Ni\u00f1os y Ni\u00f1as, que lleva adelante el Departamento de Vinculaci\u00f3n con la Comunidad, cinco estudiantes de la carrera de Artes Visuales realizaron talleres art\u00edsticos con ni\u00f1os y ni\u00f1as de la Casa Hogar In\u00e9s Chambers, ubicada al sur de Guayaquil. Los talleres se realizaron del [&hellip;]<\/p>\n","protected":false},"author":1,"featured_media":912,"comment_status":"closed","ping_status":"open","sticky":false,"template":"","format":"standard","meta":{"_acf_changed":false,"_uag_custom_page_level_css":"","_monsterinsights_skip_tracking":false,"_monsterinsights_sitenote_active":false,"_monsterinsights_sitenote_note":"","_monsterinsights_sitenote_category":0,"cybocfi_hide_featured_image":"","footnotes":""},"categories":[76],"tags":[],"infouartes":[],"class_list":["post-911","post","type-post","status-publish","format-standard","has-post-thumbnail","hentry","category-estudiantes"],"acf":[],"yoast_head":"<!-- This site is optimized with the Yoast SEO plugin v27.4 - https:\/\/yoast.com\/product\/yoast-seo-wordpress\/ -->\n<title>Universidad de las Artes - Estudiantes de la UArtes fomentan la l\u00f3gica abstracta y creatividad en ni\u00f1os y ni\u00f1as al sur de Guayaquil<\/title>\n<meta name=\"description\" content=\"Universidad de las Artes - Estudiantes de la UArtes fomentan la l\u00f3gica abstracta y creatividad en ni\u00f1os y ni\u00f1as al sur de Guayaquil\" \/>\n<meta name=\"robots\" content=\"index, follow, max-snippet:-1, max-image-preview:large, max-video-preview:-1\" \/>\n<link rel=\"canonical\" href=\"https:\/\/www.uartes.edu.ec\/sitio\/fr\/blog\/2017\/10\/25\/estudiantes-de-la-uartes-fomentan-la-logica-abstracta-y-creatividad-en-ninos-y-ninas-al-sur-de-guayaquil\/\" \/>\n<meta property=\"og:locale\" content=\"fr_FR\" \/>\n<meta property=\"og:type\" content=\"article\" \/>\n<meta property=\"og:title\" content=\"Universidad de las Artes - Estudiantes de la UArtes fomentan la l\u00f3gica abstracta y creatividad en ni\u00f1os y ni\u00f1as al sur de Guayaquil\" \/>\n<meta property=\"og:description\" content=\"Universidad de las Artes - Estudiantes de la UArtes fomentan la l\u00f3gica abstracta y creatividad en ni\u00f1os y ni\u00f1as al sur de Guayaquil\" \/>\n<meta property=\"og:url\" content=\"https:\/\/www.uartes.edu.ec\/sitio\/fr\/blog\/2017\/10\/25\/estudiantes-de-la-uartes-fomentan-la-logica-abstracta-y-creatividad-en-ninos-y-ninas-al-sur-de-guayaquil\/\" \/>\n<meta property=\"og:site_name\" content=\"Universidad de las Artes\" \/>\n<meta property=\"article:publisher\" content=\"https:\/\/www.facebook.com\/uartesec\" \/>\n<meta property=\"article:published_time\" content=\"2017-10-25T16:50:19+00:00\" \/>\n<meta property=\"article:modified_time\" content=\"2024-07-04T16:54:08+00:00\" \/>\n<meta name=\"author\" content=\"Universidad de las Artes\" \/>\n<meta name=\"twitter:card\" content=\"summary_large_image\" \/>\n<meta name=\"twitter:creator\" content=\"@uartesec\" \/>\n<meta name=\"twitter:site\" content=\"@uartesec\" \/>\n<meta name=\"twitter:label1\" content=\"\u00c9crit par\" \/>\n\t<meta name=\"twitter:data1\" content=\"Universidad de las Artes\" \/>\n\t<meta name=\"twitter:label2\" content=\"Dur\u00e9e de lecture estim\u00e9e\" \/>\n\t<meta name=\"twitter:data2\" content=\"3 minutes\" \/>\n<script type=\"application\/ld+json\" class=\"yoast-schema-graph\">{\"@context\":\"https:\\\/\\\/schema.org\",\"@graph\":[{\"@type\":\"Article\",\"@id\":\"https:\\\/\\\/www.uartes.edu.ec\\\/sitio\\\/fr\\\/blog\\\/2017\\\/10\\\/25\\\/estudiantes-de-la-uartes-fomentan-la-logica-abstracta-y-creatividad-en-ninos-y-ninas-al-sur-de-guayaquil\\\/#article\",\"isPartOf\":{\"@id\":\"https:\\\/\\\/www.uartes.edu.ec\\\/sitio\\\/fr\\\/blog\\\/2017\\\/10\\\/25\\\/estudiantes-de-la-uartes-fomentan-la-logica-abstracta-y-creatividad-en-ninos-y-ninas-al-sur-de-guayaquil\\\/\"},\"author\":{\"name\":\"Universidad de las Artes\",\"@id\":\"https:\\\/\\\/www.uartes.edu.ec\\\/sitio\\\/fr\\\/#\\\/schema\\\/person\\\/f33f8c1d2af0d5c80a38c8abf458184a\"},\"headline\":\"Estudiantes de la UArtes fomentan la l\u00f3gica abstracta y creatividad en ni\u00f1os y ni\u00f1as al sur de Guayaquil\",\"datePublished\":\"2017-10-25T16:50:19+00:00\",\"dateModified\":\"2024-07-04T16:54:08+00:00\",\"mainEntityOfPage\":{\"@id\":\"https:\\\/\\\/www.uartes.edu.ec\\\/sitio\\\/fr\\\/blog\\\/2017\\\/10\\\/25\\\/estudiantes-de-la-uartes-fomentan-la-logica-abstracta-y-creatividad-en-ninos-y-ninas-al-sur-de-guayaquil\\\/\"},\"wordCount\":574,\"publisher\":{\"@id\":\"https:\\\/\\\/www.uartes.edu.ec\\\/sitio\\\/fr\\\/#organization\"},\"image\":{\"@id\":\"https:\\\/\\\/www.uartes.edu.ec\\\/sitio\\\/fr\\\/blog\\\/2017\\\/10\\\/25\\\/estudiantes-de-la-uartes-fomentan-la-logica-abstracta-y-creatividad-en-ninos-y-ninas-al-sur-de-guayaquil\\\/#primaryimage\"},\"thumbnailUrl\":\"\",\"articleSection\":[\"Estudiantes\"],\"inLanguage\":\"fr-FR\"},{\"@type\":[\"WebPage\",\"ItemPage\"],\"@id\":\"https:\\\/\\\/www.uartes.edu.ec\\\/sitio\\\/fr\\\/blog\\\/2017\\\/10\\\/25\\\/estudiantes-de-la-uartes-fomentan-la-logica-abstracta-y-creatividad-en-ninos-y-ninas-al-sur-de-guayaquil\\\/\",\"url\":\"https:\\\/\\\/www.uartes.edu.ec\\\/sitio\\\/fr\\\/blog\\\/2017\\\/10\\\/25\\\/estudiantes-de-la-uartes-fomentan-la-logica-abstracta-y-creatividad-en-ninos-y-ninas-al-sur-de-guayaquil\\\/\",\"name\":\"Universidad de las Artes - Estudiantes de la UArtes fomentan la l\u00f3gica abstracta y creatividad en ni\u00f1os y ni\u00f1as al sur de Guayaquil\",\"isPartOf\":{\"@id\":\"https:\\\/\\\/www.uartes.edu.ec\\\/sitio\\\/fr\\\/#website\"},\"primaryImageOfPage\":{\"@id\":\"https:\\\/\\\/www.uartes.edu.ec\\\/sitio\\\/fr\\\/blog\\\/2017\\\/10\\\/25\\\/estudiantes-de-la-uartes-fomentan-la-logica-abstracta-y-creatividad-en-ninos-y-ninas-al-sur-de-guayaquil\\\/#primaryimage\"},\"image\":{\"@id\":\"https:\\\/\\\/www.uartes.edu.ec\\\/sitio\\\/fr\\\/blog\\\/2017\\\/10\\\/25\\\/estudiantes-de-la-uartes-fomentan-la-logica-abstracta-y-creatividad-en-ninos-y-ninas-al-sur-de-guayaquil\\\/#primaryimage\"},\"thumbnailUrl\":\"\",\"datePublished\":\"2017-10-25T16:50:19+00:00\",\"dateModified\":\"2024-07-04T16:54:08+00:00\",\"description\":\"Universidad de las Artes - Estudiantes de la UArtes fomentan la l\u00f3gica abstracta y creatividad en ni\u00f1os y ni\u00f1as al sur de Guayaquil\",\"breadcrumb\":{\"@id\":\"https:\\\/\\\/www.uartes.edu.ec\\\/sitio\\\/fr\\\/blog\\\/2017\\\/10\\\/25\\\/estudiantes-de-la-uartes-fomentan-la-logica-abstracta-y-creatividad-en-ninos-y-ninas-al-sur-de-guayaquil\\\/#breadcrumb\"},\"inLanguage\":\"fr-FR\",\"potentialAction\":[{\"@type\":\"ReadAction\",\"target\":[\"https:\\\/\\\/www.uartes.edu.ec\\\/sitio\\\/fr\\\/blog\\\/2017\\\/10\\\/25\\\/estudiantes-de-la-uartes-fomentan-la-logica-abstracta-y-creatividad-en-ninos-y-ninas-al-sur-de-guayaquil\\\/\"]}]},{\"@type\":\"ImageObject\",\"inLanguage\":\"fr-FR\",\"@id\":\"https:\\\/\\\/www.uartes.edu.ec\\\/sitio\\\/fr\\\/blog\\\/2017\\\/10\\\/25\\\/estudiantes-de-la-uartes-fomentan-la-logica-abstracta-y-creatividad-en-ninos-y-ninas-al-sur-de-guayaquil\\\/#primaryimage\",\"url\":\"\",\"contentUrl\":\"\"},{\"@type\":\"BreadcrumbList\",\"@id\":\"https:\\\/\\\/www.uartes.edu.ec\\\/sitio\\\/fr\\\/blog\\\/2017\\\/10\\\/25\\\/estudiantes-de-la-uartes-fomentan-la-logica-abstracta-y-creatividad-en-ninos-y-ninas-al-sur-de-guayaquil\\\/#breadcrumb\",\"itemListElement\":[{\"@type\":\"ListItem\",\"position\":1,\"name\":\"Inicio\",\"item\":\"https:\\\/\\\/www.uartes.edu.ec\\\/sitio\\\/\"},{\"@type\":\"ListItem\",\"position\":2,\"name\":\"Estudiantes de la UArtes fomentan la l\u00f3gica abstracta y creatividad en ni\u00f1os y ni\u00f1as al sur de Guayaquil\"}]},{\"@type\":\"WebSite\",\"@id\":\"https:\\\/\\\/www.uartes.edu.ec\\\/sitio\\\/fr\\\/#website\",\"url\":\"https:\\\/\\\/www.uartes.edu.ec\\\/sitio\\\/fr\\\/\",\"name\":\"Universidad de las Artes\",\"description\":\"Sitio oficial de la Universidad Nacional de las Artes del Ecuador\",\"publisher\":{\"@id\":\"https:\\\/\\\/www.uartes.edu.ec\\\/sitio\\\/fr\\\/#organization\"},\"potentialAction\":[{\"@type\":\"SearchAction\",\"target\":{\"@type\":\"EntryPoint\",\"urlTemplate\":\"https:\\\/\\\/www.uartes.edu.ec\\\/sitio\\\/fr\\\/?s={search_term_string}\"},\"query-input\":{\"@type\":\"PropertyValueSpecification\",\"valueRequired\":true,\"valueName\":\"search_term_string\"}}],\"inLanguage\":\"fr-FR\"},{\"@type\":\"Organization\",\"@id\":\"https:\\\/\\\/www.uartes.edu.ec\\\/sitio\\\/fr\\\/#organization\",\"name\":\"Universidad de las Artes\",\"url\":\"https:\\\/\\\/www.uartes.edu.ec\\\/sitio\\\/fr\\\/\",\"logo\":{\"@type\":\"ImageObject\",\"inLanguage\":\"fr-FR\",\"@id\":\"https:\\\/\\\/www.uartes.edu.ec\\\/sitio\\\/fr\\\/#\\\/schema\\\/logo\\\/image\\\/\",\"url\":\"https:\\\/\\\/www.uartes.edu.ec\\\/sitio\\\/wp-content\\\/uploads\\\/2022\\\/07\\\/logo-ua-horizontal.png\",\"contentUrl\":\"https:\\\/\\\/www.uartes.edu.ec\\\/sitio\\\/wp-content\\\/uploads\\\/2022\\\/07\\\/logo-ua-horizontal.png\",\"width\":800,\"height\":276,\"caption\":\"Universidad de las Artes\"},\"image\":{\"@id\":\"https:\\\/\\\/www.uartes.edu.ec\\\/sitio\\\/fr\\\/#\\\/schema\\\/logo\\\/image\\\/\"},\"sameAs\":[\"https:\\\/\\\/www.facebook.com\\\/uartesec\",\"https:\\\/\\\/x.com\\\/uartesec\",\"https:\\\/\\\/www.tiktok.com\\\/@uartesec\"]},{\"@type\":\"Person\",\"@id\":\"https:\\\/\\\/www.uartes.edu.ec\\\/sitio\\\/fr\\\/#\\\/schema\\\/person\\\/f33f8c1d2af0d5c80a38c8abf458184a\",\"name\":\"Universidad de las Artes\",\"image\":{\"@type\":\"ImageObject\",\"inLanguage\":\"fr-FR\",\"@id\":\"https:\\\/\\\/secure.gravatar.com\\\/avatar\\\/52e4757902f5cfa5ac52d020e5be83cae5487519154b6c35482fe08d589f3c13?s=96&d=mm&r=g\",\"url\":\"https:\\\/\\\/secure.gravatar.com\\\/avatar\\\/52e4757902f5cfa5ac52d020e5be83cae5487519154b6c35482fe08d589f3c13?s=96&d=mm&r=g\",\"contentUrl\":\"https:\\\/\\\/secure.gravatar.com\\\/avatar\\\/52e4757902f5cfa5ac52d020e5be83cae5487519154b6c35482fe08d589f3c13?s=96&d=mm&r=g\",\"caption\":\"Universidad de las Artes\"},\"url\":\"https:\\\/\\\/www.uartes.edu.ec\\\/sitio\\\/fr\\\/blog\\\/author\\\/dircomadm\\\/\"}]}<\/script>\n<!-- \/ Yoast SEO plugin. -->","yoast_head_json":{"title":"Universidad de las Artes - Estudiantes de la UArtes fomentan la l\u00f3gica abstracta y creatividad en ni\u00f1os y ni\u00f1as al sur de Guayaquil","description":"Universidad de las Artes - Estudiantes de la UArtes fomentan la l\u00f3gica abstracta y creatividad en ni\u00f1os y ni\u00f1as al sur de Guayaquil","robots":{"index":"index","follow":"follow","max-snippet":"max-snippet:-1","max-image-preview":"max-image-preview:large","max-video-preview":"max-video-preview:-1"},"canonical":"https:\/\/www.uartes.edu.ec\/sitio\/fr\/blog\/2017\/10\/25\/estudiantes-de-la-uartes-fomentan-la-logica-abstracta-y-creatividad-en-ninos-y-ninas-al-sur-de-guayaquil\/","og_locale":"fr_FR","og_type":"article","og_title":"Universidad de las Artes - Estudiantes de la UArtes fomentan la l\u00f3gica abstracta y creatividad en ni\u00f1os y ni\u00f1as al sur de Guayaquil","og_description":"Universidad de las Artes - Estudiantes de la UArtes fomentan la l\u00f3gica abstracta y creatividad en ni\u00f1os y ni\u00f1as al sur de Guayaquil","og_url":"https:\/\/www.uartes.edu.ec\/sitio\/fr\/blog\/2017\/10\/25\/estudiantes-de-la-uartes-fomentan-la-logica-abstracta-y-creatividad-en-ninos-y-ninas-al-sur-de-guayaquil\/","og_site_name":"Universidad de las Artes","article_publisher":"https:\/\/www.facebook.com\/uartesec","article_published_time":"2017-10-25T16:50:19+00:00","article_modified_time":"2024-07-04T16:54:08+00:00","author":"Universidad de las Artes","twitter_card":"summary_large_image","twitter_creator":"@uartesec","twitter_site":"@uartesec","twitter_misc":{"\u00c9crit par":"Universidad de las Artes","Dur\u00e9e de lecture estim\u00e9e":"3 minutes"},"schema":{"@context":"https:\/\/schema.org","@graph":[{"@type":"Article","@id":"https:\/\/www.uartes.edu.ec\/sitio\/fr\/blog\/2017\/10\/25\/estudiantes-de-la-uartes-fomentan-la-logica-abstracta-y-creatividad-en-ninos-y-ninas-al-sur-de-guayaquil\/#article","isPartOf":{"@id":"https:\/\/www.uartes.edu.ec\/sitio\/fr\/blog\/2017\/10\/25\/estudiantes-de-la-uartes-fomentan-la-logica-abstracta-y-creatividad-en-ninos-y-ninas-al-sur-de-guayaquil\/"},"author":{"name":"Universidad de las Artes","@id":"https:\/\/www.uartes.edu.ec\/sitio\/fr\/#\/schema\/person\/f33f8c1d2af0d5c80a38c8abf458184a"},"headline":"Estudiantes de la UArtes fomentan la l\u00f3gica abstracta y creatividad en ni\u00f1os y ni\u00f1as al sur de Guayaquil","datePublished":"2017-10-25T16:50:19+00:00","dateModified":"2024-07-04T16:54:08+00:00","mainEntityOfPage":{"@id":"https:\/\/www.uartes.edu.ec\/sitio\/fr\/blog\/2017\/10\/25\/estudiantes-de-la-uartes-fomentan-la-logica-abstracta-y-creatividad-en-ninos-y-ninas-al-sur-de-guayaquil\/"},"wordCount":574,"publisher":{"@id":"https:\/\/www.uartes.edu.ec\/sitio\/fr\/#organization"},"image":{"@id":"https:\/\/www.uartes.edu.ec\/sitio\/fr\/blog\/2017\/10\/25\/estudiantes-de-la-uartes-fomentan-la-logica-abstracta-y-creatividad-en-ninos-y-ninas-al-sur-de-guayaquil\/#primaryimage"},"thumbnailUrl":"","articleSection":["Estudiantes"],"inLanguage":"fr-FR"},{"@type":["WebPage","ItemPage"],"@id":"https:\/\/www.uartes.edu.ec\/sitio\/fr\/blog\/2017\/10\/25\/estudiantes-de-la-uartes-fomentan-la-logica-abstracta-y-creatividad-en-ninos-y-ninas-al-sur-de-guayaquil\/","url":"https:\/\/www.uartes.edu.ec\/sitio\/fr\/blog\/2017\/10\/25\/estudiantes-de-la-uartes-fomentan-la-logica-abstracta-y-creatividad-en-ninos-y-ninas-al-sur-de-guayaquil\/","name":"Universidad de las Artes - Estudiantes de la UArtes fomentan la l\u00f3gica abstracta y creatividad en ni\u00f1os y ni\u00f1as al sur de Guayaquil","isPartOf":{"@id":"https:\/\/www.uartes.edu.ec\/sitio\/fr\/#website"},"primaryImageOfPage":{"@id":"https:\/\/www.uartes.edu.ec\/sitio\/fr\/blog\/2017\/10\/25\/estudiantes-de-la-uartes-fomentan-la-logica-abstracta-y-creatividad-en-ninos-y-ninas-al-sur-de-guayaquil\/#primaryimage"},"image":{"@id":"https:\/\/www.uartes.edu.ec\/sitio\/fr\/blog\/2017\/10\/25\/estudiantes-de-la-uartes-fomentan-la-logica-abstracta-y-creatividad-en-ninos-y-ninas-al-sur-de-guayaquil\/#primaryimage"},"thumbnailUrl":"","datePublished":"2017-10-25T16:50:19+00:00","dateModified":"2024-07-04T16:54:08+00:00","description":"Universidad de las Artes - Estudiantes de la UArtes fomentan la l\u00f3gica abstracta y creatividad en ni\u00f1os y ni\u00f1as al sur de Guayaquil","breadcrumb":{"@id":"https:\/\/www.uartes.edu.ec\/sitio\/fr\/blog\/2017\/10\/25\/estudiantes-de-la-uartes-fomentan-la-logica-abstracta-y-creatividad-en-ninos-y-ninas-al-sur-de-guayaquil\/#breadcrumb"},"inLanguage":"fr-FR","potentialAction":[{"@type":"ReadAction","target":["https:\/\/www.uartes.edu.ec\/sitio\/fr\/blog\/2017\/10\/25\/estudiantes-de-la-uartes-fomentan-la-logica-abstracta-y-creatividad-en-ninos-y-ninas-al-sur-de-guayaquil\/"]}]},{"@type":"ImageObject","inLanguage":"fr-FR","@id":"https:\/\/www.uartes.edu.ec\/sitio\/fr\/blog\/2017\/10\/25\/estudiantes-de-la-uartes-fomentan-la-logica-abstracta-y-creatividad-en-ninos-y-ninas-al-sur-de-guayaquil\/#primaryimage","url":"","contentUrl":""},{"@type":"BreadcrumbList","@id":"https:\/\/www.uartes.edu.ec\/sitio\/fr\/blog\/2017\/10\/25\/estudiantes-de-la-uartes-fomentan-la-logica-abstracta-y-creatividad-en-ninos-y-ninas-al-sur-de-guayaquil\/#breadcrumb","itemListElement":[{"@type":"ListItem","position":1,"name":"Inicio","item":"https:\/\/www.uartes.edu.ec\/sitio\/"},{"@type":"ListItem","position":2,"name":"Estudiantes de la UArtes fomentan la l\u00f3gica abstracta y creatividad en ni\u00f1os y ni\u00f1as al sur de Guayaquil"}]},{"@type":"WebSite","@id":"https:\/\/www.uartes.edu.ec\/sitio\/fr\/#website","url":"https:\/\/www.uartes.edu.ec\/sitio\/fr\/","name":"Universidad de las Artes","description":"Sitio oficial de la Universidad Nacional de las Artes del Ecuador","publisher":{"@id":"https:\/\/www.uartes.edu.ec\/sitio\/fr\/#organization"},"potentialAction":[{"@type":"SearchAction","target":{"@type":"EntryPoint","urlTemplate":"https:\/\/www.uartes.edu.ec\/sitio\/fr\/?s={search_term_string}"},"query-input":{"@type":"PropertyValueSpecification","valueRequired":true,"valueName":"search_term_string"}}],"inLanguage":"fr-FR"},{"@type":"Organization","@id":"https:\/\/www.uartes.edu.ec\/sitio\/fr\/#organization","name":"Universidad de las Artes","url":"https:\/\/www.uartes.edu.ec\/sitio\/fr\/","logo":{"@type":"ImageObject","inLanguage":"fr-FR","@id":"https:\/\/www.uartes.edu.ec\/sitio\/fr\/#\/schema\/logo\/image\/","url":"https:\/\/www.uartes.edu.ec\/sitio\/wp-content\/uploads\/2022\/07\/logo-ua-horizontal.png","contentUrl":"https:\/\/www.uartes.edu.ec\/sitio\/wp-content\/uploads\/2022\/07\/logo-ua-horizontal.png","width":800,"height":276,"caption":"Universidad de las Artes"},"image":{"@id":"https:\/\/www.uartes.edu.ec\/sitio\/fr\/#\/schema\/logo\/image\/"},"sameAs":["https:\/\/www.facebook.com\/uartesec","https:\/\/x.com\/uartesec","https:\/\/www.tiktok.com\/@uartesec"]},{"@type":"Person","@id":"https:\/\/www.uartes.edu.ec\/sitio\/fr\/#\/schema\/person\/f33f8c1d2af0d5c80a38c8abf458184a","name":"Universidad de las Artes","image":{"@type":"ImageObject","inLanguage":"fr-FR","@id":"https:\/\/secure.gravatar.com\/avatar\/52e4757902f5cfa5ac52d020e5be83cae5487519154b6c35482fe08d589f3c13?s=96&d=mm&r=g","url":"https:\/\/secure.gravatar.com\/avatar\/52e4757902f5cfa5ac52d020e5be83cae5487519154b6c35482fe08d589f3c13?s=96&d=mm&r=g","contentUrl":"https:\/\/secure.gravatar.com\/avatar\/52e4757902f5cfa5ac52d020e5be83cae5487519154b6c35482fe08d589f3c13?s=96&d=mm&r=g","caption":"Universidad de las Artes"},"url":"https:\/\/www.uartes.edu.ec\/sitio\/fr\/blog\/author\/dircomadm\/"}]}},"uagb_featured_image_src":{"full":false,"thumbnail":false,"medium":false,"medium_large":false,"large":false,"1536x1536":false,"2048x2048":false,"trp-custom-language-flag":false,"htmega_size_585x295":false,"htmega_size_1170x536":false,"htmega_size_396x360":false,"gb-block-post-grid-landscape":false,"gb-block-post-grid-square":false,"university-hub-thumb":false,"mailpoet_newsletter_max":false},"uagb_author_info":{"display_name":"Universidad de las Artes","author_link":"https:\/\/www.uartes.edu.ec\/sitio\/fr\/blog\/author\/dircomadm\/"},"uagb_comment_info":0,"uagb_excerpt":"En el marco del programa Universidad de las Artes con los Ni\u00f1os y Ni\u00f1as, que lleva adelante el Departamento de Vinculaci\u00f3n con la Comunidad, cinco estudiantes de la carrera de Artes Visuales realizaron talleres art\u00edsticos con ni\u00f1os y ni\u00f1as de la Casa Hogar In\u00e9s Chambers, ubicada al sur de Guayaquil. Los talleres se realizaron del\u2026","featured_image_src":null,"featured_image_src_square":null,"author_info":{"display_name":"Universidad de las Artes","author_link":"https:\/\/www.uartes.edu.ec\/sitio\/fr\/blog\/author\/dircomadm\/"},"publishpress_future_workflow_manual_trigger":{"enabledWorkflows":[]},"distributor_meta":false,"distributor_terms":false,"distributor_media":false,"distributor_original_site_name":"Universidad de las Artes","distributor_original_site_url":"https:\/\/www.uartes.edu.ec\/sitio\/fr","push-errors":false,"_links":{"self":[{"href":"https:\/\/www.uartes.edu.ec\/sitio\/fr\/wp-json\/wp\/v2\/posts\/911","targetHints":{"allow":["GET"]}}],"collection":[{"href":"https:\/\/www.uartes.edu.ec\/sitio\/fr\/wp-json\/wp\/v2\/posts"}],"about":[{"href":"https:\/\/www.uartes.edu.ec\/sitio\/fr\/wp-json\/wp\/v2\/types\/post"}],"author":[{"embeddable":true,"href":"https:\/\/www.uartes.edu.ec\/sitio\/fr\/wp-json\/wp\/v2\/users\/1"}],"replies":[{"embeddable":true,"href":"https:\/\/www.uartes.edu.ec\/sitio\/fr\/wp-json\/wp\/v2\/comments?post=911"}],"version-history":[{"count":1,"href":"https:\/\/www.uartes.edu.ec\/sitio\/fr\/wp-json\/wp\/v2\/posts\/911\/revisions"}],"predecessor-version":[{"id":57952,"href":"https:\/\/www.uartes.edu.ec\/sitio\/fr\/wp-json\/wp\/v2\/posts\/911\/revisions\/57952"}],"wp:featuredmedia":[{"embeddable":true,"href":"https:\/\/www.uartes.edu.ec\/sitio\/fr\/wp-json\/wp\/v2\/pages\/912"}],"wp:attachment":[{"href":"https:\/\/www.uartes.edu.ec\/sitio\/fr\/wp-json\/wp\/v2\/media?parent=911"}],"wp:term":[{"taxonomy":"category","embeddable":true,"href":"https:\/\/www.uartes.edu.ec\/sitio\/fr\/wp-json\/wp\/v2\/categories?post=911"},{"taxonomy":"post_tag","embeddable":true,"href":"https:\/\/www.uartes.edu.ec\/sitio\/fr\/wp-json\/wp\/v2\/tags?post=911"},{"taxonomy":"infouartes","embeddable":true,"href":"https:\/\/www.uartes.edu.ec\/sitio\/fr\/wp-json\/wp\/v2\/infouartes?post=911"}],"curies":[{"name":"wp","href":"https:\/\/api.w.org\/{rel}","templated":true}]}}