{"id":9136,"date":"2020-09-24T16:32:23","date_gmt":"2020-09-24T21:32:23","guid":{"rendered":"http:\/\/www.uartes.edu.ec\/sitio\/?p=9136"},"modified":"2024-07-04T11:34:44","modified_gmt":"2024-07-04T16:34:44","slug":"uartes-y-centro-de-produccion-e-innovacion-mz14-aliados-del-proyecto-incubadora-cultural-de-cuenca","status":"publish","type":"post","link":"https:\/\/www.uartes.edu.ec\/sitio\/fr\/blog\/2020\/09\/24\/uartes-y-centro-de-produccion-e-innovacion-mz14-aliados-del-proyecto-incubadora-cultural-de-cuenca\/","title":{"rendered":"UArtes y Centro de Producci\u00f3n e Innovaci\u00f3n MZ14, aliados del proyecto Incubadora Cultural de Cuenca"},"content":{"rendered":"<p>En el marco del lanzamiento de la edici\u00f3n 2020\u20132021 de la Incubadora Cultural de Cuenca, primer lugar en la D\u00e9cima Convocatoria del Fondo Internacional de la Diversidad Cultural de la UNESCO, se socializ\u00f3 el programa de fomento al emprendimiento cultural y creativo.<\/p>\n\n\n\n<p>En esta segunda edici\u00f3n se plante\u00f3 la implementaci\u00f3n de un programa permanente de apoyo al emprendimiento cultural y creativo, impulsando la conformaci\u00f3n de un ecosistema institucional p\u00fablico y privado para el desarrollo de las econom\u00edas culturales y creativas.<\/p>\n\n\n\n<p>Adicionalmente, para el desarrollo del proyecto se implementar\u00e1 un Fab Lab y un Media Lab, los cuales contar\u00e1n con talleristas, tutores y mentores con experiencia internacional para el fortalecimiento y desarrollo de las capacidades locales. Como parte del convenio de cooperaci\u00f3n con la Casa de la Cultura N\u00facleo del Azuay, por la Universidad de las Artes y el Centro de Producci\u00f3n e Innovaci\u00f3n MZ14 fue invitado el Ing. Andr\u00e9s Zerega Alvarez, Msc. de la Direcci\u00f3n de Econom\u00edas Creativas e Innovaci\u00f3n, para participar en calidad de tallerista, mentor y tutor, experto en Mercadeo Cultural y Mercados de Industrias Creativas.<\/p>\n\n\n\n<p>Los pasados 21 y 22 de septiembre de 2020, de 16:00 a 17:30, se desarroll\u00f3 la primera actividad del workshop \u201cMercadeo Cultural: utop\u00eda o realidad del siglo XXI para emprendedores en arte y cultura\u201d, misma que se program\u00f3 de libre acceso para emprendedores interesados, pertenecientes a los sectores culturales creativos, art\u00edsticos y patrimoniales.<\/p>\n\n\n\n<p>Entre las entidades aliadas del proyecto constan:<\/p>\n\n\n\n<ul class=\"wp-block-list\"><li>OEI (Organizaci\u00f3n de Estados Iberoamericanos)<\/li><li>CEDIA (Corporaci\u00f3n Ecuatoriana para el Desarrollo de la Investigaci\u00f3n y la Academia)<\/li><li>UPS (Universidad Polit\u00e9cnica Salesiana)<\/li><li>UTPL (Universidad T\u00e9cnica Particular de Loja)<\/li><li>UARTES (Universidad de las Artes)<\/li><li>MZ14 (Centro de Producci\u00f3n e Innovaci\u00f3n)<\/li><li>Cooperativa CAJA<\/li><li>Universidad de Cuenca &#8211; Facultad de Econom\u00eda<\/li><li>C\u00e1mara de Comercio de Cuenca <\/li><\/ul>\n\n\n\n<p>Las bases de la convocatoria: <a href=\"http:\/\/bit.ly\/BasesIncubadora2daEdicion\">http:\/\/bit.ly\/BasesIncubadora2daEdicion<\/a><br>Formulario de inscripci\u00f3n: <a href=\"http:\/\/convocatoria.incubadoraculturalcuenca.com\/aplicar\/\">http:\/\/convocatoria.incubadoraculturalcuenca.com\/aplicar\/<\/a><\/p>\n\n\n\n<p>\u00a1Las ideas no duermen!<\/p>","protected":false},"excerpt":{"rendered":"<p>En el marco del lanzamiento de la edici\u00f3n 2020\u20132021 de la Incubadora Cultural de Cuenca, primer lugar en la D\u00e9cima Convocatoria del Fondo Internacional de la Diversidad Cultural de la UNESCO, se socializ\u00f3 el programa de fomento al emprendimiento cultural y creativo.<\/p>","protected":false},"author":1,"featured_media":9137,"comment_status":"closed","ping_status":"closed","sticky":false,"template":"","format":"standard","meta":{"_acf_changed":false,"_uag_custom_page_level_css":"","_monsterinsights_skip_tracking":false,"_monsterinsights_sitenote_active":false,"_monsterinsights_sitenote_note":"","_monsterinsights_sitenote_category":0,"cybocfi_hide_featured_image":"","footnotes":""},"categories":[82,77,79],"tags":[281],"infouartes":[],"class_list":["post-9136","post","type-post","status-publish","format-standard","has-post-thumbnail","hentry","category-artes","category-gestion","category-vinculo","tag-interinstitucional"],"acf":[],"yoast_head":"<!-- This site is optimized with the Yoast SEO plugin v27.4 - https:\/\/yoast.com\/product\/yoast-seo-wordpress\/ -->\n<title>Universidad de las Artes - UArtes y Centro de Producci\u00f3n e Innovaci\u00f3n MZ14, aliados del proyecto Incubadora Cultural de Cuenca<\/title>\n<meta name=\"description\" content=\"Universidad de las Artes - UArtes y Centro de Producci\u00f3n e Innovaci\u00f3n MZ14, aliados del proyecto Incubadora Cultural de Cuenca\" \/>\n<meta name=\"robots\" content=\"index, follow, max-snippet:-1, max-image-preview:large, max-video-preview:-1\" \/>\n<link rel=\"canonical\" href=\"https:\/\/www.uartes.edu.ec\/sitio\/fr\/blog\/2020\/09\/24\/uartes-y-centro-de-produccion-e-innovacion-mz14-aliados-del-proyecto-incubadora-cultural-de-cuenca\/\" \/>\n<meta property=\"og:locale\" content=\"fr_FR\" \/>\n<meta property=\"og:type\" content=\"article\" \/>\n<meta property=\"og:title\" content=\"Universidad de las Artes - UArtes y Centro de Producci\u00f3n e Innovaci\u00f3n MZ14, aliados del proyecto Incubadora Cultural de Cuenca\" \/>\n<meta property=\"og:description\" content=\"Universidad de las Artes - UArtes y Centro de Producci\u00f3n e Innovaci\u00f3n MZ14, aliados del proyecto Incubadora Cultural de Cuenca\" \/>\n<meta property=\"og:url\" content=\"https:\/\/www.uartes.edu.ec\/sitio\/fr\/blog\/2020\/09\/24\/uartes-y-centro-de-produccion-e-innovacion-mz14-aliados-del-proyecto-incubadora-cultural-de-cuenca\/\" \/>\n<meta property=\"og:site_name\" content=\"Universidad de las Artes\" \/>\n<meta property=\"article:publisher\" content=\"https:\/\/www.facebook.com\/uartesec\" \/>\n<meta property=\"article:published_time\" content=\"2020-09-24T21:32:23+00:00\" \/>\n<meta property=\"article:modified_time\" content=\"2024-07-04T16:34:44+00:00\" \/>\n<meta property=\"og:image\" content=\"https:\/\/www.uartes.edu.ec\/sitio\/wp-content\/uploads\/2020\/09\/119552766_785378372212578_8880266818062758857_n.jpg\" \/>\n\t<meta property=\"og:image:width\" content=\"1000\" \/>\n\t<meta property=\"og:image:height\" content=\"668\" \/>\n\t<meta property=\"og:image:type\" content=\"image\/jpeg\" \/>\n<meta name=\"author\" content=\"Universidad de las Artes\" \/>\n<meta name=\"twitter:card\" content=\"summary_large_image\" \/>\n<meta name=\"twitter:creator\" content=\"@uartesec\" \/>\n<meta name=\"twitter:site\" content=\"@uartesec\" \/>\n<meta name=\"twitter:label1\" content=\"\u00c9crit par\" \/>\n\t<meta name=\"twitter:data1\" content=\"Universidad de las Artes\" \/>\n\t<meta name=\"twitter:label2\" content=\"Dur\u00e9e de lecture estim\u00e9e\" \/>\n\t<meta name=\"twitter:data2\" content=\"2 minutes\" \/>\n<script type=\"application\/ld+json\" class=\"yoast-schema-graph\">{\"@context\":\"https:\\\/\\\/schema.org\",\"@graph\":[{\"@type\":\"Article\",\"@id\":\"https:\\\/\\\/www.uartes.edu.ec\\\/sitio\\\/fr\\\/blog\\\/2020\\\/09\\\/24\\\/uartes-y-centro-de-produccion-e-innovacion-mz14-aliados-del-proyecto-incubadora-cultural-de-cuenca\\\/#article\",\"isPartOf\":{\"@id\":\"https:\\\/\\\/www.uartes.edu.ec\\\/sitio\\\/fr\\\/blog\\\/2020\\\/09\\\/24\\\/uartes-y-centro-de-produccion-e-innovacion-mz14-aliados-del-proyecto-incubadora-cultural-de-cuenca\\\/\"},\"author\":{\"name\":\"Universidad de las Artes\",\"@id\":\"https:\\\/\\\/www.uartes.edu.ec\\\/sitio\\\/fr\\\/#\\\/schema\\\/person\\\/f33f8c1d2af0d5c80a38c8abf458184a\"},\"headline\":\"UArtes y Centro de Producci\u00f3n e Innovaci\u00f3n MZ14, aliados del proyecto Incubadora Cultural de Cuenca\",\"datePublished\":\"2020-09-24T21:32:23+00:00\",\"dateModified\":\"2024-07-04T16:34:44+00:00\",\"mainEntityOfPage\":{\"@id\":\"https:\\\/\\\/www.uartes.edu.ec\\\/sitio\\\/fr\\\/blog\\\/2020\\\/09\\\/24\\\/uartes-y-centro-de-produccion-e-innovacion-mz14-aliados-del-proyecto-incubadora-cultural-de-cuenca\\\/\"},\"wordCount\":351,\"publisher\":{\"@id\":\"https:\\\/\\\/www.uartes.edu.ec\\\/sitio\\\/fr\\\/#organization\"},\"image\":{\"@id\":\"https:\\\/\\\/www.uartes.edu.ec\\\/sitio\\\/fr\\\/blog\\\/2020\\\/09\\\/24\\\/uartes-y-centro-de-produccion-e-innovacion-mz14-aliados-del-proyecto-incubadora-cultural-de-cuenca\\\/#primaryimage\"},\"thumbnailUrl\":\"https:\\\/\\\/www.uartes.edu.ec\\\/sitio\\\/wp-content\\\/uploads\\\/2020\\\/09\\\/119552766_785378372212578_8880266818062758857_n.jpg\",\"keywords\":[\"interinstitucional\"],\"articleSection\":[\"Artes\",\"Gesti\u00f3n\",\"V\u00ednculo\"],\"inLanguage\":\"fr-FR\"},{\"@type\":[\"WebPage\",\"ItemPage\"],\"@id\":\"https:\\\/\\\/www.uartes.edu.ec\\\/sitio\\\/fr\\\/blog\\\/2020\\\/09\\\/24\\\/uartes-y-centro-de-produccion-e-innovacion-mz14-aliados-del-proyecto-incubadora-cultural-de-cuenca\\\/\",\"url\":\"https:\\\/\\\/www.uartes.edu.ec\\\/sitio\\\/fr\\\/blog\\\/2020\\\/09\\\/24\\\/uartes-y-centro-de-produccion-e-innovacion-mz14-aliados-del-proyecto-incubadora-cultural-de-cuenca\\\/\",\"name\":\"Universidad de las Artes - UArtes y Centro de Producci\u00f3n e Innovaci\u00f3n MZ14, aliados del proyecto Incubadora Cultural de Cuenca\",\"isPartOf\":{\"@id\":\"https:\\\/\\\/www.uartes.edu.ec\\\/sitio\\\/fr\\\/#website\"},\"primaryImageOfPage\":{\"@id\":\"https:\\\/\\\/www.uartes.edu.ec\\\/sitio\\\/fr\\\/blog\\\/2020\\\/09\\\/24\\\/uartes-y-centro-de-produccion-e-innovacion-mz14-aliados-del-proyecto-incubadora-cultural-de-cuenca\\\/#primaryimage\"},\"image\":{\"@id\":\"https:\\\/\\\/www.uartes.edu.ec\\\/sitio\\\/fr\\\/blog\\\/2020\\\/09\\\/24\\\/uartes-y-centro-de-produccion-e-innovacion-mz14-aliados-del-proyecto-incubadora-cultural-de-cuenca\\\/#primaryimage\"},\"thumbnailUrl\":\"https:\\\/\\\/www.uartes.edu.ec\\\/sitio\\\/wp-content\\\/uploads\\\/2020\\\/09\\\/119552766_785378372212578_8880266818062758857_n.jpg\",\"datePublished\":\"2020-09-24T21:32:23+00:00\",\"dateModified\":\"2024-07-04T16:34:44+00:00\",\"description\":\"Universidad de las Artes - UArtes y Centro de Producci\u00f3n e Innovaci\u00f3n MZ14, aliados del proyecto Incubadora Cultural de Cuenca\",\"breadcrumb\":{\"@id\":\"https:\\\/\\\/www.uartes.edu.ec\\\/sitio\\\/fr\\\/blog\\\/2020\\\/09\\\/24\\\/uartes-y-centro-de-produccion-e-innovacion-mz14-aliados-del-proyecto-incubadora-cultural-de-cuenca\\\/#breadcrumb\"},\"inLanguage\":\"fr-FR\",\"potentialAction\":[{\"@type\":\"ReadAction\",\"target\":[\"https:\\\/\\\/www.uartes.edu.ec\\\/sitio\\\/fr\\\/blog\\\/2020\\\/09\\\/24\\\/uartes-y-centro-de-produccion-e-innovacion-mz14-aliados-del-proyecto-incubadora-cultural-de-cuenca\\\/\"]}]},{\"@type\":\"ImageObject\",\"inLanguage\":\"fr-FR\",\"@id\":\"https:\\\/\\\/www.uartes.edu.ec\\\/sitio\\\/fr\\\/blog\\\/2020\\\/09\\\/24\\\/uartes-y-centro-de-produccion-e-innovacion-mz14-aliados-del-proyecto-incubadora-cultural-de-cuenca\\\/#primaryimage\",\"url\":\"https:\\\/\\\/www.uartes.edu.ec\\\/sitio\\\/wp-content\\\/uploads\\\/2020\\\/09\\\/119552766_785378372212578_8880266818062758857_n.jpg\",\"contentUrl\":\"https:\\\/\\\/www.uartes.edu.ec\\\/sitio\\\/wp-content\\\/uploads\\\/2020\\\/09\\\/119552766_785378372212578_8880266818062758857_n.jpg\",\"width\":1000,\"height\":668},{\"@type\":\"BreadcrumbList\",\"@id\":\"https:\\\/\\\/www.uartes.edu.ec\\\/sitio\\\/fr\\\/blog\\\/2020\\\/09\\\/24\\\/uartes-y-centro-de-produccion-e-innovacion-mz14-aliados-del-proyecto-incubadora-cultural-de-cuenca\\\/#breadcrumb\",\"itemListElement\":[{\"@type\":\"ListItem\",\"position\":1,\"name\":\"Inicio\",\"item\":\"https:\\\/\\\/www.uartes.edu.ec\\\/sitio\\\/\"},{\"@type\":\"ListItem\",\"position\":2,\"name\":\"UArtes y Centro de Producci\u00f3n e Innovaci\u00f3n MZ14, aliados del proyecto Incubadora Cultural de Cuenca\"}]},{\"@type\":\"WebSite\",\"@id\":\"https:\\\/\\\/www.uartes.edu.ec\\\/sitio\\\/fr\\\/#website\",\"url\":\"https:\\\/\\\/www.uartes.edu.ec\\\/sitio\\\/fr\\\/\",\"name\":\"Universidad de las Artes\",\"description\":\"Sitio oficial de la Universidad Nacional de las Artes del Ecuador\",\"publisher\":{\"@id\":\"https:\\\/\\\/www.uartes.edu.ec\\\/sitio\\\/fr\\\/#organization\"},\"potentialAction\":[{\"@type\":\"SearchAction\",\"target\":{\"@type\":\"EntryPoint\",\"urlTemplate\":\"https:\\\/\\\/www.uartes.edu.ec\\\/sitio\\\/fr\\\/?s={search_term_string}\"},\"query-input\":{\"@type\":\"PropertyValueSpecification\",\"valueRequired\":true,\"valueName\":\"search_term_string\"}}],\"inLanguage\":\"fr-FR\"},{\"@type\":\"Organization\",\"@id\":\"https:\\\/\\\/www.uartes.edu.ec\\\/sitio\\\/fr\\\/#organization\",\"name\":\"Universidad de las Artes\",\"url\":\"https:\\\/\\\/www.uartes.edu.ec\\\/sitio\\\/fr\\\/\",\"logo\":{\"@type\":\"ImageObject\",\"inLanguage\":\"fr-FR\",\"@id\":\"https:\\\/\\\/www.uartes.edu.ec\\\/sitio\\\/fr\\\/#\\\/schema\\\/logo\\\/image\\\/\",\"url\":\"https:\\\/\\\/www.uartes.edu.ec\\\/sitio\\\/wp-content\\\/uploads\\\/2022\\\/07\\\/logo-ua-horizontal.png\",\"contentUrl\":\"https:\\\/\\\/www.uartes.edu.ec\\\/sitio\\\/wp-content\\\/uploads\\\/2022\\\/07\\\/logo-ua-horizontal.png\",\"width\":800,\"height\":276,\"caption\":\"Universidad de las Artes\"},\"image\":{\"@id\":\"https:\\\/\\\/www.uartes.edu.ec\\\/sitio\\\/fr\\\/#\\\/schema\\\/logo\\\/image\\\/\"},\"sameAs\":[\"https:\\\/\\\/www.facebook.com\\\/uartesec\",\"https:\\\/\\\/x.com\\\/uartesec\",\"https:\\\/\\\/www.tiktok.com\\\/@uartesec\"]},{\"@type\":\"Person\",\"@id\":\"https:\\\/\\\/www.uartes.edu.ec\\\/sitio\\\/fr\\\/#\\\/schema\\\/person\\\/f33f8c1d2af0d5c80a38c8abf458184a\",\"name\":\"Universidad de las Artes\",\"image\":{\"@type\":\"ImageObject\",\"inLanguage\":\"fr-FR\",\"@id\":\"https:\\\/\\\/secure.gravatar.com\\\/avatar\\\/52e4757902f5cfa5ac52d020e5be83cae5487519154b6c35482fe08d589f3c13?s=96&d=mm&r=g\",\"url\":\"https:\\\/\\\/secure.gravatar.com\\\/avatar\\\/52e4757902f5cfa5ac52d020e5be83cae5487519154b6c35482fe08d589f3c13?s=96&d=mm&r=g\",\"contentUrl\":\"https:\\\/\\\/secure.gravatar.com\\\/avatar\\\/52e4757902f5cfa5ac52d020e5be83cae5487519154b6c35482fe08d589f3c13?s=96&d=mm&r=g\",\"caption\":\"Universidad de las Artes\"},\"url\":\"https:\\\/\\\/www.uartes.edu.ec\\\/sitio\\\/fr\\\/blog\\\/author\\\/dircomadm\\\/\"}]}<\/script>\n<!-- \/ Yoast SEO plugin. -->","yoast_head_json":{"title":"Universidad de las Artes - UArtes y Centro de Producci\u00f3n e Innovaci\u00f3n MZ14, aliados del proyecto Incubadora Cultural de Cuenca","description":"Universidad de las Artes - UArtes y Centro de Producci\u00f3n e Innovaci\u00f3n MZ14, aliados del proyecto Incubadora Cultural de Cuenca","robots":{"index":"index","follow":"follow","max-snippet":"max-snippet:-1","max-image-preview":"max-image-preview:large","max-video-preview":"max-video-preview:-1"},"canonical":"https:\/\/www.uartes.edu.ec\/sitio\/fr\/blog\/2020\/09\/24\/uartes-y-centro-de-produccion-e-innovacion-mz14-aliados-del-proyecto-incubadora-cultural-de-cuenca\/","og_locale":"fr_FR","og_type":"article","og_title":"Universidad de las Artes - UArtes y Centro de Producci\u00f3n e Innovaci\u00f3n MZ14, aliados del proyecto Incubadora Cultural de Cuenca","og_description":"Universidad de las Artes - UArtes y Centro de Producci\u00f3n e Innovaci\u00f3n MZ14, aliados del proyecto Incubadora Cultural de Cuenca","og_url":"https:\/\/www.uartes.edu.ec\/sitio\/fr\/blog\/2020\/09\/24\/uartes-y-centro-de-produccion-e-innovacion-mz14-aliados-del-proyecto-incubadora-cultural-de-cuenca\/","og_site_name":"Universidad de las Artes","article_publisher":"https:\/\/www.facebook.com\/uartesec","article_published_time":"2020-09-24T21:32:23+00:00","article_modified_time":"2024-07-04T16:34:44+00:00","og_image":[{"width":1000,"height":668,"url":"https:\/\/www.uartes.edu.ec\/sitio\/wp-content\/uploads\/2020\/09\/119552766_785378372212578_8880266818062758857_n.jpg","type":"image\/jpeg"}],"author":"Universidad de las Artes","twitter_card":"summary_large_image","twitter_creator":"@uartesec","twitter_site":"@uartesec","twitter_misc":{"\u00c9crit par":"Universidad de las Artes","Dur\u00e9e de lecture estim\u00e9e":"2 minutes"},"schema":{"@context":"https:\/\/schema.org","@graph":[{"@type":"Article","@id":"https:\/\/www.uartes.edu.ec\/sitio\/fr\/blog\/2020\/09\/24\/uartes-y-centro-de-produccion-e-innovacion-mz14-aliados-del-proyecto-incubadora-cultural-de-cuenca\/#article","isPartOf":{"@id":"https:\/\/www.uartes.edu.ec\/sitio\/fr\/blog\/2020\/09\/24\/uartes-y-centro-de-produccion-e-innovacion-mz14-aliados-del-proyecto-incubadora-cultural-de-cuenca\/"},"author":{"name":"Universidad de las Artes","@id":"https:\/\/www.uartes.edu.ec\/sitio\/fr\/#\/schema\/person\/f33f8c1d2af0d5c80a38c8abf458184a"},"headline":"UArtes y Centro de Producci\u00f3n e Innovaci\u00f3n MZ14, aliados del proyecto Incubadora Cultural de Cuenca","datePublished":"2020-09-24T21:32:23+00:00","dateModified":"2024-07-04T16:34:44+00:00","mainEntityOfPage":{"@id":"https:\/\/www.uartes.edu.ec\/sitio\/fr\/blog\/2020\/09\/24\/uartes-y-centro-de-produccion-e-innovacion-mz14-aliados-del-proyecto-incubadora-cultural-de-cuenca\/"},"wordCount":351,"publisher":{"@id":"https:\/\/www.uartes.edu.ec\/sitio\/fr\/#organization"},"image":{"@id":"https:\/\/www.uartes.edu.ec\/sitio\/fr\/blog\/2020\/09\/24\/uartes-y-centro-de-produccion-e-innovacion-mz14-aliados-del-proyecto-incubadora-cultural-de-cuenca\/#primaryimage"},"thumbnailUrl":"https:\/\/www.uartes.edu.ec\/sitio\/wp-content\/uploads\/2020\/09\/119552766_785378372212578_8880266818062758857_n.jpg","keywords":["interinstitucional"],"articleSection":["Artes","Gesti\u00f3n","V\u00ednculo"],"inLanguage":"fr-FR"},{"@type":["WebPage","ItemPage"],"@id":"https:\/\/www.uartes.edu.ec\/sitio\/fr\/blog\/2020\/09\/24\/uartes-y-centro-de-produccion-e-innovacion-mz14-aliados-del-proyecto-incubadora-cultural-de-cuenca\/","url":"https:\/\/www.uartes.edu.ec\/sitio\/fr\/blog\/2020\/09\/24\/uartes-y-centro-de-produccion-e-innovacion-mz14-aliados-del-proyecto-incubadora-cultural-de-cuenca\/","name":"Universidad de las Artes - UArtes y Centro de Producci\u00f3n e Innovaci\u00f3n MZ14, aliados del proyecto Incubadora Cultural de Cuenca","isPartOf":{"@id":"https:\/\/www.uartes.edu.ec\/sitio\/fr\/#website"},"primaryImageOfPage":{"@id":"https:\/\/www.uartes.edu.ec\/sitio\/fr\/blog\/2020\/09\/24\/uartes-y-centro-de-produccion-e-innovacion-mz14-aliados-del-proyecto-incubadora-cultural-de-cuenca\/#primaryimage"},"image":{"@id":"https:\/\/www.uartes.edu.ec\/sitio\/fr\/blog\/2020\/09\/24\/uartes-y-centro-de-produccion-e-innovacion-mz14-aliados-del-proyecto-incubadora-cultural-de-cuenca\/#primaryimage"},"thumbnailUrl":"https:\/\/www.uartes.edu.ec\/sitio\/wp-content\/uploads\/2020\/09\/119552766_785378372212578_8880266818062758857_n.jpg","datePublished":"2020-09-24T21:32:23+00:00","dateModified":"2024-07-04T16:34:44+00:00","description":"Universidad de las Artes - UArtes y Centro de Producci\u00f3n e Innovaci\u00f3n MZ14, aliados del proyecto Incubadora Cultural de Cuenca","breadcrumb":{"@id":"https:\/\/www.uartes.edu.ec\/sitio\/fr\/blog\/2020\/09\/24\/uartes-y-centro-de-produccion-e-innovacion-mz14-aliados-del-proyecto-incubadora-cultural-de-cuenca\/#breadcrumb"},"inLanguage":"fr-FR","potentialAction":[{"@type":"ReadAction","target":["https:\/\/www.uartes.edu.ec\/sitio\/fr\/blog\/2020\/09\/24\/uartes-y-centro-de-produccion-e-innovacion-mz14-aliados-del-proyecto-incubadora-cultural-de-cuenca\/"]}]},{"@type":"ImageObject","inLanguage":"fr-FR","@id":"https:\/\/www.uartes.edu.ec\/sitio\/fr\/blog\/2020\/09\/24\/uartes-y-centro-de-produccion-e-innovacion-mz14-aliados-del-proyecto-incubadora-cultural-de-cuenca\/#primaryimage","url":"https:\/\/www.uartes.edu.ec\/sitio\/wp-content\/uploads\/2020\/09\/119552766_785378372212578_8880266818062758857_n.jpg","contentUrl":"https:\/\/www.uartes.edu.ec\/sitio\/wp-content\/uploads\/2020\/09\/119552766_785378372212578_8880266818062758857_n.jpg","width":1000,"height":668},{"@type":"BreadcrumbList","@id":"https:\/\/www.uartes.edu.ec\/sitio\/fr\/blog\/2020\/09\/24\/uartes-y-centro-de-produccion-e-innovacion-mz14-aliados-del-proyecto-incubadora-cultural-de-cuenca\/#breadcrumb","itemListElement":[{"@type":"ListItem","position":1,"name":"Inicio","item":"https:\/\/www.uartes.edu.ec\/sitio\/"},{"@type":"ListItem","position":2,"name":"UArtes y Centro de Producci\u00f3n e Innovaci\u00f3n MZ14, aliados del proyecto Incubadora Cultural de Cuenca"}]},{"@type":"WebSite","@id":"https:\/\/www.uartes.edu.ec\/sitio\/fr\/#website","url":"https:\/\/www.uartes.edu.ec\/sitio\/fr\/","name":"Universidad de las Artes","description":"Sitio oficial de la Universidad Nacional de las Artes del Ecuador","publisher":{"@id":"https:\/\/www.uartes.edu.ec\/sitio\/fr\/#organization"},"potentialAction":[{"@type":"SearchAction","target":{"@type":"EntryPoint","urlTemplate":"https:\/\/www.uartes.edu.ec\/sitio\/fr\/?s={search_term_string}"},"query-input":{"@type":"PropertyValueSpecification","valueRequired":true,"valueName":"search_term_string"}}],"inLanguage":"fr-FR"},{"@type":"Organization","@id":"https:\/\/www.uartes.edu.ec\/sitio\/fr\/#organization","name":"Universidad de las Artes","url":"https:\/\/www.uartes.edu.ec\/sitio\/fr\/","logo":{"@type":"ImageObject","inLanguage":"fr-FR","@id":"https:\/\/www.uartes.edu.ec\/sitio\/fr\/#\/schema\/logo\/image\/","url":"https:\/\/www.uartes.edu.ec\/sitio\/wp-content\/uploads\/2022\/07\/logo-ua-horizontal.png","contentUrl":"https:\/\/www.uartes.edu.ec\/sitio\/wp-content\/uploads\/2022\/07\/logo-ua-horizontal.png","width":800,"height":276,"caption":"Universidad de las Artes"},"image":{"@id":"https:\/\/www.uartes.edu.ec\/sitio\/fr\/#\/schema\/logo\/image\/"},"sameAs":["https:\/\/www.facebook.com\/uartesec","https:\/\/x.com\/uartesec","https:\/\/www.tiktok.com\/@uartesec"]},{"@type":"Person","@id":"https:\/\/www.uartes.edu.ec\/sitio\/fr\/#\/schema\/person\/f33f8c1d2af0d5c80a38c8abf458184a","name":"Universidad de las Artes","image":{"@type":"ImageObject","inLanguage":"fr-FR","@id":"https:\/\/secure.gravatar.com\/avatar\/52e4757902f5cfa5ac52d020e5be83cae5487519154b6c35482fe08d589f3c13?s=96&d=mm&r=g","url":"https:\/\/secure.gravatar.com\/avatar\/52e4757902f5cfa5ac52d020e5be83cae5487519154b6c35482fe08d589f3c13?s=96&d=mm&r=g","contentUrl":"https:\/\/secure.gravatar.com\/avatar\/52e4757902f5cfa5ac52d020e5be83cae5487519154b6c35482fe08d589f3c13?s=96&d=mm&r=g","caption":"Universidad de las Artes"},"url":"https:\/\/www.uartes.edu.ec\/sitio\/fr\/blog\/author\/dircomadm\/"}]}},"uagb_featured_image_src":{"full":["https:\/\/www.uartes.edu.ec\/sitio\/wp-content\/uploads\/2020\/09\/119552766_785378372212578_8880266818062758857_n.jpg",1000,668,false],"thumbnail":["https:\/\/www.uartes.edu.ec\/sitio\/wp-content\/uploads\/2020\/09\/119552766_785378372212578_8880266818062758857_n-150x150.jpg",150,150,true],"medium":["https:\/\/www.uartes.edu.ec\/sitio\/wp-content\/uploads\/2020\/09\/119552766_785378372212578_8880266818062758857_n-300x200.jpg",300,200,true],"medium_large":["https:\/\/www.uartes.edu.ec\/sitio\/wp-content\/uploads\/2020\/09\/119552766_785378372212578_8880266818062758857_n-768x513.jpg",768,513,true],"large":["https:\/\/www.uartes.edu.ec\/sitio\/wp-content\/uploads\/2020\/09\/119552766_785378372212578_8880266818062758857_n-644x430.jpg",644,430,true],"1536x1536":["https:\/\/www.uartes.edu.ec\/sitio\/wp-content\/uploads\/2020\/09\/119552766_785378372212578_8880266818062758857_n.jpg",1000,668,false],"2048x2048":["https:\/\/www.uartes.edu.ec\/sitio\/wp-content\/uploads\/2020\/09\/119552766_785378372212578_8880266818062758857_n.jpg",1000,668,false],"trp-custom-language-flag":["https:\/\/www.uartes.edu.ec\/sitio\/wp-content\/uploads\/2020\/09\/119552766_785378372212578_8880266818062758857_n.jpg",18,12,false],"htmega_size_585x295":["https:\/\/www.uartes.edu.ec\/sitio\/wp-content\/uploads\/2020\/09\/119552766_785378372212578_8880266818062758857_n-585x295.jpg",585,295,true],"htmega_size_1170x536":["https:\/\/www.uartes.edu.ec\/sitio\/wp-content\/uploads\/2020\/09\/119552766_785378372212578_8880266818062758857_n-1000x536.jpg",1000,536,true],"htmega_size_396x360":["https:\/\/www.uartes.edu.ec\/sitio\/wp-content\/uploads\/2020\/09\/119552766_785378372212578_8880266818062758857_n-396x360.jpg",396,360,true],"gb-block-post-grid-landscape":["https:\/\/www.uartes.edu.ec\/sitio\/wp-content\/uploads\/2020\/09\/119552766_785378372212578_8880266818062758857_n.jpg",600,400,false],"gb-block-post-grid-square":["https:\/\/www.uartes.edu.ec\/sitio\/wp-content\/uploads\/2020\/09\/119552766_785378372212578_8880266818062758857_n.jpg",600,401,false],"university-hub-thumb":["https:\/\/www.uartes.edu.ec\/sitio\/wp-content\/uploads\/2020\/09\/119552766_785378372212578_8880266818062758857_n-400x267.jpg",400,267,true]},"uagb_author_info":{"display_name":"Universidad de las Artes","author_link":"https:\/\/www.uartes.edu.ec\/sitio\/fr\/blog\/author\/dircomadm\/"},"uagb_comment_info":0,"uagb_excerpt":"En el marco del lanzamiento de la edici\u00f3n 2020\u20132021 de la Incubadora Cultural de Cuenca, primer lugar en la D\u00e9cima Convocatoria del Fondo Internacional de la Diversidad Cultural de la UNESCO, se socializ\u00f3 el programa de fomento al emprendimiento cultural y creativo.","featured_image_src":"https:\/\/www.uartes.edu.ec\/sitio\/wp-content\/uploads\/2020\/09\/119552766_785378372212578_8880266818062758857_n.jpg","featured_image_src_square":"https:\/\/www.uartes.edu.ec\/sitio\/wp-content\/uploads\/2020\/09\/119552766_785378372212578_8880266818062758857_n.jpg","author_info":{"display_name":"Universidad de las Artes","author_link":"https:\/\/www.uartes.edu.ec\/sitio\/fr\/blog\/author\/dircomadm\/"},"publishpress_future_workflow_manual_trigger":{"enabledWorkflows":[]},"distributor_meta":false,"distributor_terms":false,"distributor_media":false,"distributor_original_site_name":"Universidad de las Artes","distributor_original_site_url":"https:\/\/www.uartes.edu.ec\/sitio\/fr","push-errors":false,"_links":{"self":[{"href":"https:\/\/www.uartes.edu.ec\/sitio\/fr\/wp-json\/wp\/v2\/posts\/9136","targetHints":{"allow":["GET"]}}],"collection":[{"href":"https:\/\/www.uartes.edu.ec\/sitio\/fr\/wp-json\/wp\/v2\/posts"}],"about":[{"href":"https:\/\/www.uartes.edu.ec\/sitio\/fr\/wp-json\/wp\/v2\/types\/post"}],"author":[{"embeddable":true,"href":"https:\/\/www.uartes.edu.ec\/sitio\/fr\/wp-json\/wp\/v2\/users\/1"}],"replies":[{"embeddable":true,"href":"https:\/\/www.uartes.edu.ec\/sitio\/fr\/wp-json\/wp\/v2\/comments?post=9136"}],"version-history":[{"count":1,"href":"https:\/\/www.uartes.edu.ec\/sitio\/fr\/wp-json\/wp\/v2\/posts\/9136\/revisions"}],"predecessor-version":[{"id":9138,"href":"https:\/\/www.uartes.edu.ec\/sitio\/fr\/wp-json\/wp\/v2\/posts\/9136\/revisions\/9138"}],"wp:featuredmedia":[{"embeddable":true,"href":"https:\/\/www.uartes.edu.ec\/sitio\/fr\/wp-json\/wp\/v2\/media\/9137"}],"wp:attachment":[{"href":"https:\/\/www.uartes.edu.ec\/sitio\/fr\/wp-json\/wp\/v2\/media?parent=9136"}],"wp:term":[{"taxonomy":"category","embeddable":true,"href":"https:\/\/www.uartes.edu.ec\/sitio\/fr\/wp-json\/wp\/v2\/categories?post=9136"},{"taxonomy":"post_tag","embeddable":true,"href":"https:\/\/www.uartes.edu.ec\/sitio\/fr\/wp-json\/wp\/v2\/tags?post=9136"},{"taxonomy":"infouartes","embeddable":true,"href":"https:\/\/www.uartes.edu.ec\/sitio\/fr\/wp-json\/wp\/v2\/infouartes?post=9136"}],"curies":[{"name":"wp","href":"https:\/\/api.w.org\/{rel}","templated":true}]}}