{"id":916,"date":"2017-10-27T15:02:25","date_gmt":"2017-10-27T20:02:25","guid":{"rendered":"http:\/\/www.uartes.edu.ec\/infouartes\/?p=916"},"modified":"2024-07-04T11:54:07","modified_gmt":"2024-07-04T16:54:07","slug":"centro-de-practicas-corporales-abre-taller-para-fomentar-vinculo-entre-padres-e-hijos","status":"publish","type":"post","link":"https:\/\/www.uartes.edu.ec\/sitio\/fr\/blog\/2017\/10\/27\/centro-de-practicas-corporales-abre-taller-para-fomentar-vinculo-entre-padres-e-hijos\/","title":{"rendered":"Centro de Pr\u00e1cticas Corporales abre taller para fomentar v\u00ednculo entre padres e hijos"},"content":{"rendered":"<p>El Centro de Pr\u00e1cticas Corporales en relaci\u00f3n con la Escuela de Artes Esc\u00e9nicas de la Universidad de las Artes proponen a la comunidad en general la segunda fase del taller \u201cMam\u00e1, vamos a jugar\u201d con la finalidad de potenciar el v\u00ednculo de madre o padre a hijo(a).<\/p>\n<p>El taller busca, a trav\u00e9s del juego y ejercicios guiados de movimiento, compartir principios experienciales orientados a afianzar el v\u00ednculo madre o padre e hijo\/a. En esta segunda fase,\u00a0el\u00a0taller toma las bases de la psicolog\u00eda del desarrollo, los principios de movimiento libre de la Dra. Emmi Pikler y los juegos de apego de la Dra. Aletha J. Soler, con el objetivo de explorar, a trav\u00e9s de la expresi\u00f3n corporal y la danza, el espacio, el cuerpo, el tiempo y la relaci\u00f3n con el otro en la crianza.<\/p>\n<p>El programa ser\u00e1 impartido por Daniela Ruesgas y est\u00e1 dirigido a mam\u00e1s o pap\u00e1s y sus hijos desde los 8 meses hasta los 3 a\u00f1os de edad que provengan de la ciudadan\u00eda y de la comunidad de la UArtes.<\/p>\n<p><strong>Date:<\/strong> 6 de noviembre al 27 noviembre 2017<br \/>\n<strong>D\u00edas:<\/strong> Lunes<br \/>\n<strong>Hora:<\/strong> 15h00 a 17h00<br \/>\n<strong>Lugar:<\/strong> Sal\u00f3n de danza de El Tel\u00e9grafo (10 de Agosto y Boyac\u00e1).<br \/>\n<strong>Costo:<\/strong> ninguno<\/p>\n<p>Informaci\u00f3n e inscripciones mediante correo electr\u00f3nico del CPC desde el martes 31 de octubre al\u00a0s\u00e1bado 4 de noviembre: <a href=\"mailto:practicas.corporales@uartes.edu.ec\">practicas.corporales@uartes.edu.ec<\/a>.<\/p>","protected":false},"excerpt":{"rendered":"<p>El Centro de Pr\u00e1cticas Corporales en relaci\u00f3n con la Escuela de Artes Esc\u00e9nicas de la Universidad de las Artes proponen a la comunidad en general la segunda fase del taller \u201cMam\u00e1, vamos a jugar\u201d con la finalidad de potenciar el v\u00ednculo de madre o padre a hijo(a). El taller busca, a trav\u00e9s del juego y [&hellip;]<\/p>\n","protected":false},"author":1,"featured_media":917,"comment_status":"closed","ping_status":"open","sticky":false,"template":"","format":"standard","meta":{"_acf_changed":false,"_uag_custom_page_level_css":"","_monsterinsights_skip_tracking":false,"_monsterinsights_sitenote_active":false,"_monsterinsights_sitenote_note":"","_monsterinsights_sitenote_category":0,"cybocfi_hide_featured_image":"","footnotes":""},"categories":[79],"tags":[],"infouartes":[],"class_list":["post-916","post","type-post","status-publish","format-standard","has-post-thumbnail","hentry","category-vinculo"],"acf":[],"yoast_head":"<!-- This site is optimized with the Yoast SEO plugin v27.4 - https:\/\/yoast.com\/product\/yoast-seo-wordpress\/ -->\n<title>Universidad de las Artes - Centro de Pr\u00e1cticas Corporales abre taller para fomentar v\u00ednculo entre padres e hijos<\/title>\n<meta name=\"description\" content=\"Universidad de las Artes - Centro de Pr\u00e1cticas Corporales abre taller para fomentar v\u00ednculo entre padres e hijos\" \/>\n<meta name=\"robots\" content=\"index, follow, max-snippet:-1, max-image-preview:large, max-video-preview:-1\" \/>\n<link rel=\"canonical\" href=\"https:\/\/www.uartes.edu.ec\/sitio\/fr\/blog\/2017\/10\/27\/centro-de-practicas-corporales-abre-taller-para-fomentar-vinculo-entre-padres-e-hijos\/\" \/>\n<meta property=\"og:locale\" content=\"fr_FR\" \/>\n<meta property=\"og:type\" content=\"article\" \/>\n<meta property=\"og:title\" content=\"Universidad de las Artes - Centro de Pr\u00e1cticas Corporales abre taller para fomentar v\u00ednculo entre padres e hijos\" \/>\n<meta property=\"og:description\" content=\"Universidad de las Artes - Centro de Pr\u00e1cticas Corporales abre taller para fomentar v\u00ednculo entre padres e hijos\" \/>\n<meta property=\"og:url\" content=\"https:\/\/www.uartes.edu.ec\/sitio\/fr\/blog\/2017\/10\/27\/centro-de-practicas-corporales-abre-taller-para-fomentar-vinculo-entre-padres-e-hijos\/\" \/>\n<meta property=\"og:site_name\" content=\"Universidad de las Artes\" \/>\n<meta property=\"article:publisher\" content=\"https:\/\/www.facebook.com\/uartesec\" \/>\n<meta property=\"article:published_time\" content=\"2017-10-27T20:02:25+00:00\" \/>\n<meta property=\"article:modified_time\" content=\"2024-07-04T16:54:07+00:00\" \/>\n<meta name=\"author\" content=\"Universidad de las Artes\" \/>\n<meta name=\"twitter:card\" content=\"summary_large_image\" \/>\n<meta name=\"twitter:creator\" content=\"@uartesec\" \/>\n<meta name=\"twitter:site\" content=\"@uartesec\" \/>\n<meta name=\"twitter:label1\" content=\"\u00c9crit par\" \/>\n\t<meta name=\"twitter:data1\" content=\"Universidad de las Artes\" \/>\n\t<meta name=\"twitter:label2\" content=\"Dur\u00e9e de lecture estim\u00e9e\" \/>\n\t<meta name=\"twitter:data2\" content=\"1 minute\" \/>\n<script type=\"application\/ld+json\" class=\"yoast-schema-graph\">{\"@context\":\"https:\\\/\\\/schema.org\",\"@graph\":[{\"@type\":\"Article\",\"@id\":\"https:\\\/\\\/www.uartes.edu.ec\\\/sitio\\\/fr\\\/blog\\\/2017\\\/10\\\/27\\\/centro-de-practicas-corporales-abre-taller-para-fomentar-vinculo-entre-padres-e-hijos\\\/#article\",\"isPartOf\":{\"@id\":\"https:\\\/\\\/www.uartes.edu.ec\\\/sitio\\\/fr\\\/blog\\\/2017\\\/10\\\/27\\\/centro-de-practicas-corporales-abre-taller-para-fomentar-vinculo-entre-padres-e-hijos\\\/\"},\"author\":{\"name\":\"Universidad de las Artes\",\"@id\":\"https:\\\/\\\/www.uartes.edu.ec\\\/sitio\\\/fr\\\/#\\\/schema\\\/person\\\/f33f8c1d2af0d5c80a38c8abf458184a\"},\"headline\":\"Centro de Pr\u00e1cticas Corporales abre taller para fomentar v\u00ednculo entre padres e hijos\",\"datePublished\":\"2017-10-27T20:02:25+00:00\",\"dateModified\":\"2024-07-04T16:54:07+00:00\",\"mainEntityOfPage\":{\"@id\":\"https:\\\/\\\/www.uartes.edu.ec\\\/sitio\\\/fr\\\/blog\\\/2017\\\/10\\\/27\\\/centro-de-practicas-corporales-abre-taller-para-fomentar-vinculo-entre-padres-e-hijos\\\/\"},\"wordCount\":256,\"publisher\":{\"@id\":\"https:\\\/\\\/www.uartes.edu.ec\\\/sitio\\\/fr\\\/#organization\"},\"image\":{\"@id\":\"https:\\\/\\\/www.uartes.edu.ec\\\/sitio\\\/fr\\\/blog\\\/2017\\\/10\\\/27\\\/centro-de-practicas-corporales-abre-taller-para-fomentar-vinculo-entre-padres-e-hijos\\\/#primaryimage\"},\"thumbnailUrl\":\"\",\"articleSection\":[\"V\u00ednculo\"],\"inLanguage\":\"fr-FR\"},{\"@type\":[\"WebPage\",\"ItemPage\"],\"@id\":\"https:\\\/\\\/www.uartes.edu.ec\\\/sitio\\\/fr\\\/blog\\\/2017\\\/10\\\/27\\\/centro-de-practicas-corporales-abre-taller-para-fomentar-vinculo-entre-padres-e-hijos\\\/\",\"url\":\"https:\\\/\\\/www.uartes.edu.ec\\\/sitio\\\/fr\\\/blog\\\/2017\\\/10\\\/27\\\/centro-de-practicas-corporales-abre-taller-para-fomentar-vinculo-entre-padres-e-hijos\\\/\",\"name\":\"Universidad de las Artes - Centro de Pr\u00e1cticas Corporales abre taller para fomentar v\u00ednculo entre padres e hijos\",\"isPartOf\":{\"@id\":\"https:\\\/\\\/www.uartes.edu.ec\\\/sitio\\\/fr\\\/#website\"},\"primaryImageOfPage\":{\"@id\":\"https:\\\/\\\/www.uartes.edu.ec\\\/sitio\\\/fr\\\/blog\\\/2017\\\/10\\\/27\\\/centro-de-practicas-corporales-abre-taller-para-fomentar-vinculo-entre-padres-e-hijos\\\/#primaryimage\"},\"image\":{\"@id\":\"https:\\\/\\\/www.uartes.edu.ec\\\/sitio\\\/fr\\\/blog\\\/2017\\\/10\\\/27\\\/centro-de-practicas-corporales-abre-taller-para-fomentar-vinculo-entre-padres-e-hijos\\\/#primaryimage\"},\"thumbnailUrl\":\"\",\"datePublished\":\"2017-10-27T20:02:25+00:00\",\"dateModified\":\"2024-07-04T16:54:07+00:00\",\"description\":\"Universidad de las Artes - Centro de Pr\u00e1cticas Corporales abre taller para fomentar v\u00ednculo entre padres e hijos\",\"breadcrumb\":{\"@id\":\"https:\\\/\\\/www.uartes.edu.ec\\\/sitio\\\/fr\\\/blog\\\/2017\\\/10\\\/27\\\/centro-de-practicas-corporales-abre-taller-para-fomentar-vinculo-entre-padres-e-hijos\\\/#breadcrumb\"},\"inLanguage\":\"fr-FR\",\"potentialAction\":[{\"@type\":\"ReadAction\",\"target\":[\"https:\\\/\\\/www.uartes.edu.ec\\\/sitio\\\/fr\\\/blog\\\/2017\\\/10\\\/27\\\/centro-de-practicas-corporales-abre-taller-para-fomentar-vinculo-entre-padres-e-hijos\\\/\"]}]},{\"@type\":\"ImageObject\",\"inLanguage\":\"fr-FR\",\"@id\":\"https:\\\/\\\/www.uartes.edu.ec\\\/sitio\\\/fr\\\/blog\\\/2017\\\/10\\\/27\\\/centro-de-practicas-corporales-abre-taller-para-fomentar-vinculo-entre-padres-e-hijos\\\/#primaryimage\",\"url\":\"\",\"contentUrl\":\"\"},{\"@type\":\"BreadcrumbList\",\"@id\":\"https:\\\/\\\/www.uartes.edu.ec\\\/sitio\\\/fr\\\/blog\\\/2017\\\/10\\\/27\\\/centro-de-practicas-corporales-abre-taller-para-fomentar-vinculo-entre-padres-e-hijos\\\/#breadcrumb\",\"itemListElement\":[{\"@type\":\"ListItem\",\"position\":1,\"name\":\"Inicio\",\"item\":\"https:\\\/\\\/www.uartes.edu.ec\\\/sitio\\\/\"},{\"@type\":\"ListItem\",\"position\":2,\"name\":\"Centro de Pr\u00e1cticas Corporales abre taller para fomentar v\u00ednculo entre padres e hijos\"}]},{\"@type\":\"WebSite\",\"@id\":\"https:\\\/\\\/www.uartes.edu.ec\\\/sitio\\\/fr\\\/#website\",\"url\":\"https:\\\/\\\/www.uartes.edu.ec\\\/sitio\\\/fr\\\/\",\"name\":\"Universidad de las Artes\",\"description\":\"Sitio oficial de la Universidad Nacional de las Artes del Ecuador\",\"publisher\":{\"@id\":\"https:\\\/\\\/www.uartes.edu.ec\\\/sitio\\\/fr\\\/#organization\"},\"potentialAction\":[{\"@type\":\"SearchAction\",\"target\":{\"@type\":\"EntryPoint\",\"urlTemplate\":\"https:\\\/\\\/www.uartes.edu.ec\\\/sitio\\\/fr\\\/?s={search_term_string}\"},\"query-input\":{\"@type\":\"PropertyValueSpecification\",\"valueRequired\":true,\"valueName\":\"search_term_string\"}}],\"inLanguage\":\"fr-FR\"},{\"@type\":\"Organization\",\"@id\":\"https:\\\/\\\/www.uartes.edu.ec\\\/sitio\\\/fr\\\/#organization\",\"name\":\"Universidad de las Artes\",\"url\":\"https:\\\/\\\/www.uartes.edu.ec\\\/sitio\\\/fr\\\/\",\"logo\":{\"@type\":\"ImageObject\",\"inLanguage\":\"fr-FR\",\"@id\":\"https:\\\/\\\/www.uartes.edu.ec\\\/sitio\\\/fr\\\/#\\\/schema\\\/logo\\\/image\\\/\",\"url\":\"https:\\\/\\\/www.uartes.edu.ec\\\/sitio\\\/wp-content\\\/uploads\\\/2022\\\/07\\\/logo-ua-horizontal.png\",\"contentUrl\":\"https:\\\/\\\/www.uartes.edu.ec\\\/sitio\\\/wp-content\\\/uploads\\\/2022\\\/07\\\/logo-ua-horizontal.png\",\"width\":800,\"height\":276,\"caption\":\"Universidad de las Artes\"},\"image\":{\"@id\":\"https:\\\/\\\/www.uartes.edu.ec\\\/sitio\\\/fr\\\/#\\\/schema\\\/logo\\\/image\\\/\"},\"sameAs\":[\"https:\\\/\\\/www.facebook.com\\\/uartesec\",\"https:\\\/\\\/x.com\\\/uartesec\",\"https:\\\/\\\/www.tiktok.com\\\/@uartesec\"]},{\"@type\":\"Person\",\"@id\":\"https:\\\/\\\/www.uartes.edu.ec\\\/sitio\\\/fr\\\/#\\\/schema\\\/person\\\/f33f8c1d2af0d5c80a38c8abf458184a\",\"name\":\"Universidad de las Artes\",\"image\":{\"@type\":\"ImageObject\",\"inLanguage\":\"fr-FR\",\"@id\":\"https:\\\/\\\/secure.gravatar.com\\\/avatar\\\/52e4757902f5cfa5ac52d020e5be83cae5487519154b6c35482fe08d589f3c13?s=96&d=mm&r=g\",\"url\":\"https:\\\/\\\/secure.gravatar.com\\\/avatar\\\/52e4757902f5cfa5ac52d020e5be83cae5487519154b6c35482fe08d589f3c13?s=96&d=mm&r=g\",\"contentUrl\":\"https:\\\/\\\/secure.gravatar.com\\\/avatar\\\/52e4757902f5cfa5ac52d020e5be83cae5487519154b6c35482fe08d589f3c13?s=96&d=mm&r=g\",\"caption\":\"Universidad de las Artes\"},\"url\":\"https:\\\/\\\/www.uartes.edu.ec\\\/sitio\\\/fr\\\/blog\\\/author\\\/dircomadm\\\/\"}]}<\/script>\n<!-- \/ Yoast SEO plugin. -->","yoast_head_json":{"title":"Universidad de las Artes - Centro de Pr\u00e1cticas Corporales abre taller para fomentar v\u00ednculo entre padres e hijos","description":"Universidad de las Artes - Centro de Pr\u00e1cticas Corporales abre taller para fomentar v\u00ednculo entre padres e hijos","robots":{"index":"index","follow":"follow","max-snippet":"max-snippet:-1","max-image-preview":"max-image-preview:large","max-video-preview":"max-video-preview:-1"},"canonical":"https:\/\/www.uartes.edu.ec\/sitio\/fr\/blog\/2017\/10\/27\/centro-de-practicas-corporales-abre-taller-para-fomentar-vinculo-entre-padres-e-hijos\/","og_locale":"fr_FR","og_type":"article","og_title":"Universidad de las Artes - Centro de Pr\u00e1cticas Corporales abre taller para fomentar v\u00ednculo entre padres e hijos","og_description":"Universidad de las Artes - Centro de Pr\u00e1cticas Corporales abre taller para fomentar v\u00ednculo entre padres e hijos","og_url":"https:\/\/www.uartes.edu.ec\/sitio\/fr\/blog\/2017\/10\/27\/centro-de-practicas-corporales-abre-taller-para-fomentar-vinculo-entre-padres-e-hijos\/","og_site_name":"Universidad de las Artes","article_publisher":"https:\/\/www.facebook.com\/uartesec","article_published_time":"2017-10-27T20:02:25+00:00","article_modified_time":"2024-07-04T16:54:07+00:00","author":"Universidad de las Artes","twitter_card":"summary_large_image","twitter_creator":"@uartesec","twitter_site":"@uartesec","twitter_misc":{"\u00c9crit par":"Universidad de las Artes","Dur\u00e9e de lecture estim\u00e9e":"1 minute"},"schema":{"@context":"https:\/\/schema.org","@graph":[{"@type":"Article","@id":"https:\/\/www.uartes.edu.ec\/sitio\/fr\/blog\/2017\/10\/27\/centro-de-practicas-corporales-abre-taller-para-fomentar-vinculo-entre-padres-e-hijos\/#article","isPartOf":{"@id":"https:\/\/www.uartes.edu.ec\/sitio\/fr\/blog\/2017\/10\/27\/centro-de-practicas-corporales-abre-taller-para-fomentar-vinculo-entre-padres-e-hijos\/"},"author":{"name":"Universidad de las Artes","@id":"https:\/\/www.uartes.edu.ec\/sitio\/fr\/#\/schema\/person\/f33f8c1d2af0d5c80a38c8abf458184a"},"headline":"Centro de Pr\u00e1cticas Corporales abre taller para fomentar v\u00ednculo entre padres e hijos","datePublished":"2017-10-27T20:02:25+00:00","dateModified":"2024-07-04T16:54:07+00:00","mainEntityOfPage":{"@id":"https:\/\/www.uartes.edu.ec\/sitio\/fr\/blog\/2017\/10\/27\/centro-de-practicas-corporales-abre-taller-para-fomentar-vinculo-entre-padres-e-hijos\/"},"wordCount":256,"publisher":{"@id":"https:\/\/www.uartes.edu.ec\/sitio\/fr\/#organization"},"image":{"@id":"https:\/\/www.uartes.edu.ec\/sitio\/fr\/blog\/2017\/10\/27\/centro-de-practicas-corporales-abre-taller-para-fomentar-vinculo-entre-padres-e-hijos\/#primaryimage"},"thumbnailUrl":"","articleSection":["V\u00ednculo"],"inLanguage":"fr-FR"},{"@type":["WebPage","ItemPage"],"@id":"https:\/\/www.uartes.edu.ec\/sitio\/fr\/blog\/2017\/10\/27\/centro-de-practicas-corporales-abre-taller-para-fomentar-vinculo-entre-padres-e-hijos\/","url":"https:\/\/www.uartes.edu.ec\/sitio\/fr\/blog\/2017\/10\/27\/centro-de-practicas-corporales-abre-taller-para-fomentar-vinculo-entre-padres-e-hijos\/","name":"Universidad de las Artes - Centro de Pr\u00e1cticas Corporales abre taller para fomentar v\u00ednculo entre padres e hijos","isPartOf":{"@id":"https:\/\/www.uartes.edu.ec\/sitio\/fr\/#website"},"primaryImageOfPage":{"@id":"https:\/\/www.uartes.edu.ec\/sitio\/fr\/blog\/2017\/10\/27\/centro-de-practicas-corporales-abre-taller-para-fomentar-vinculo-entre-padres-e-hijos\/#primaryimage"},"image":{"@id":"https:\/\/www.uartes.edu.ec\/sitio\/fr\/blog\/2017\/10\/27\/centro-de-practicas-corporales-abre-taller-para-fomentar-vinculo-entre-padres-e-hijos\/#primaryimage"},"thumbnailUrl":"","datePublished":"2017-10-27T20:02:25+00:00","dateModified":"2024-07-04T16:54:07+00:00","description":"Universidad de las Artes - Centro de Pr\u00e1cticas Corporales abre taller para fomentar v\u00ednculo entre padres e hijos","breadcrumb":{"@id":"https:\/\/www.uartes.edu.ec\/sitio\/fr\/blog\/2017\/10\/27\/centro-de-practicas-corporales-abre-taller-para-fomentar-vinculo-entre-padres-e-hijos\/#breadcrumb"},"inLanguage":"fr-FR","potentialAction":[{"@type":"ReadAction","target":["https:\/\/www.uartes.edu.ec\/sitio\/fr\/blog\/2017\/10\/27\/centro-de-practicas-corporales-abre-taller-para-fomentar-vinculo-entre-padres-e-hijos\/"]}]},{"@type":"ImageObject","inLanguage":"fr-FR","@id":"https:\/\/www.uartes.edu.ec\/sitio\/fr\/blog\/2017\/10\/27\/centro-de-practicas-corporales-abre-taller-para-fomentar-vinculo-entre-padres-e-hijos\/#primaryimage","url":"","contentUrl":""},{"@type":"BreadcrumbList","@id":"https:\/\/www.uartes.edu.ec\/sitio\/fr\/blog\/2017\/10\/27\/centro-de-practicas-corporales-abre-taller-para-fomentar-vinculo-entre-padres-e-hijos\/#breadcrumb","itemListElement":[{"@type":"ListItem","position":1,"name":"Inicio","item":"https:\/\/www.uartes.edu.ec\/sitio\/"},{"@type":"ListItem","position":2,"name":"Centro de Pr\u00e1cticas Corporales abre taller para fomentar v\u00ednculo entre padres e hijos"}]},{"@type":"WebSite","@id":"https:\/\/www.uartes.edu.ec\/sitio\/fr\/#website","url":"https:\/\/www.uartes.edu.ec\/sitio\/fr\/","name":"Universidad de las Artes","description":"Sitio oficial de la Universidad Nacional de las Artes del Ecuador","publisher":{"@id":"https:\/\/www.uartes.edu.ec\/sitio\/fr\/#organization"},"potentialAction":[{"@type":"SearchAction","target":{"@type":"EntryPoint","urlTemplate":"https:\/\/www.uartes.edu.ec\/sitio\/fr\/?s={search_term_string}"},"query-input":{"@type":"PropertyValueSpecification","valueRequired":true,"valueName":"search_term_string"}}],"inLanguage":"fr-FR"},{"@type":"Organization","@id":"https:\/\/www.uartes.edu.ec\/sitio\/fr\/#organization","name":"Universidad de las Artes","url":"https:\/\/www.uartes.edu.ec\/sitio\/fr\/","logo":{"@type":"ImageObject","inLanguage":"fr-FR","@id":"https:\/\/www.uartes.edu.ec\/sitio\/fr\/#\/schema\/logo\/image\/","url":"https:\/\/www.uartes.edu.ec\/sitio\/wp-content\/uploads\/2022\/07\/logo-ua-horizontal.png","contentUrl":"https:\/\/www.uartes.edu.ec\/sitio\/wp-content\/uploads\/2022\/07\/logo-ua-horizontal.png","width":800,"height":276,"caption":"Universidad de las Artes"},"image":{"@id":"https:\/\/www.uartes.edu.ec\/sitio\/fr\/#\/schema\/logo\/image\/"},"sameAs":["https:\/\/www.facebook.com\/uartesec","https:\/\/x.com\/uartesec","https:\/\/www.tiktok.com\/@uartesec"]},{"@type":"Person","@id":"https:\/\/www.uartes.edu.ec\/sitio\/fr\/#\/schema\/person\/f33f8c1d2af0d5c80a38c8abf458184a","name":"Universidad de las Artes","image":{"@type":"ImageObject","inLanguage":"fr-FR","@id":"https:\/\/secure.gravatar.com\/avatar\/52e4757902f5cfa5ac52d020e5be83cae5487519154b6c35482fe08d589f3c13?s=96&d=mm&r=g","url":"https:\/\/secure.gravatar.com\/avatar\/52e4757902f5cfa5ac52d020e5be83cae5487519154b6c35482fe08d589f3c13?s=96&d=mm&r=g","contentUrl":"https:\/\/secure.gravatar.com\/avatar\/52e4757902f5cfa5ac52d020e5be83cae5487519154b6c35482fe08d589f3c13?s=96&d=mm&r=g","caption":"Universidad de las Artes"},"url":"https:\/\/www.uartes.edu.ec\/sitio\/fr\/blog\/author\/dircomadm\/"}]}},"uagb_featured_image_src":{"full":false,"thumbnail":false,"medium":false,"medium_large":false,"large":false,"1536x1536":false,"2048x2048":false,"trp-custom-language-flag":false,"htmega_size_585x295":false,"htmega_size_1170x536":false,"htmega_size_396x360":false,"gb-block-post-grid-landscape":false,"gb-block-post-grid-square":false,"university-hub-thumb":false,"mailpoet_newsletter_max":false},"uagb_author_info":{"display_name":"Universidad de las Artes","author_link":"https:\/\/www.uartes.edu.ec\/sitio\/fr\/blog\/author\/dircomadm\/"},"uagb_comment_info":0,"uagb_excerpt":"El Centro de Pr\u00e1cticas Corporales en relaci\u00f3n con la Escuela de Artes Esc\u00e9nicas de la Universidad de las Artes proponen a la comunidad en general la segunda fase del taller \u201cMam\u00e1, vamos a jugar\u201d con la finalidad de potenciar el v\u00ednculo de madre o padre a hijo(a). El taller busca, a trav\u00e9s del juego y\u2026","featured_image_src":null,"featured_image_src_square":null,"author_info":{"display_name":"Universidad de las Artes","author_link":"https:\/\/www.uartes.edu.ec\/sitio\/fr\/blog\/author\/dircomadm\/"},"publishpress_future_workflow_manual_trigger":{"enabledWorkflows":[]},"distributor_meta":false,"distributor_terms":false,"distributor_media":false,"distributor_original_site_name":"Universidad de las Artes","distributor_original_site_url":"https:\/\/www.uartes.edu.ec\/sitio\/fr","push-errors":false,"_links":{"self":[{"href":"https:\/\/www.uartes.edu.ec\/sitio\/fr\/wp-json\/wp\/v2\/posts\/916","targetHints":{"allow":["GET"]}}],"collection":[{"href":"https:\/\/www.uartes.edu.ec\/sitio\/fr\/wp-json\/wp\/v2\/posts"}],"about":[{"href":"https:\/\/www.uartes.edu.ec\/sitio\/fr\/wp-json\/wp\/v2\/types\/post"}],"author":[{"embeddable":true,"href":"https:\/\/www.uartes.edu.ec\/sitio\/fr\/wp-json\/wp\/v2\/users\/1"}],"replies":[{"embeddable":true,"href":"https:\/\/www.uartes.edu.ec\/sitio\/fr\/wp-json\/wp\/v2\/comments?post=916"}],"version-history":[{"count":1,"href":"https:\/\/www.uartes.edu.ec\/sitio\/fr\/wp-json\/wp\/v2\/posts\/916\/revisions"}],"predecessor-version":[{"id":57951,"href":"https:\/\/www.uartes.edu.ec\/sitio\/fr\/wp-json\/wp\/v2\/posts\/916\/revisions\/57951"}],"wp:featuredmedia":[{"embeddable":true,"href":"https:\/\/www.uartes.edu.ec\/sitio\/fr\/wp-json\/"}],"wp:attachment":[{"href":"https:\/\/www.uartes.edu.ec\/sitio\/fr\/wp-json\/wp\/v2\/media?parent=916"}],"wp:term":[{"taxonomy":"category","embeddable":true,"href":"https:\/\/www.uartes.edu.ec\/sitio\/fr\/wp-json\/wp\/v2\/categories?post=916"},{"taxonomy":"post_tag","embeddable":true,"href":"https:\/\/www.uartes.edu.ec\/sitio\/fr\/wp-json\/wp\/v2\/tags?post=916"},{"taxonomy":"infouartes","embeddable":true,"href":"https:\/\/www.uartes.edu.ec\/sitio\/fr\/wp-json\/wp\/v2\/infouartes?post=916"}],"curies":[{"name":"wp","href":"https:\/\/api.w.org\/{rel}","templated":true}]}}