{"id":925,"date":"2017-11-01T10:23:21","date_gmt":"2017-11-01T15:23:21","guid":{"rendered":"http:\/\/www.uartes.edu.ec\/infouartes\/?p=925"},"modified":"2024-07-04T11:54:07","modified_gmt":"2024-07-04T16:54:07","slug":"escuelas-de-cine-del-ecuador-se-dan-cita-en-guayaquil","status":"publish","type":"post","link":"https:\/\/www.uartes.edu.ec\/sitio\/fr\/blog\/2017\/11\/01\/escuelas-de-cine-del-ecuador-se-dan-cita-en-guayaquil\/","title":{"rendered":"Escuelas de cine del Ecuador se dan cita en Guayaquil"},"content":{"rendered":"<p>La Escuela de Cine de la Universidad de las Artes (UArtes) organiza el encuentro <strong><em>Formaci\u00f3n en cine: experiencias, enfoques y retos<\/em><\/strong>, con la participaci\u00f3n de las escuelas de cine del pa\u00eds y del director del INSAS, escuela de cine y teatro de Bruselas, Laurent Gross.<\/p>\n<p>En un momento en el que las artes cinematogr\u00e1ficas se desarrollan con mucha fuerza en Latinoam\u00e9rica y el mundo, en un contexto de fortalecimiento del audiovisual como medio privilegiado en las relaciones sociales y la cultura, es importante que los centros de formaci\u00f3n en cine reflexionen colectivamente sobre la complejidad de los procesos que tienen a cargo.<\/p>\n<p>El equilibrio entre teor\u00eda y pr\u00e1ctica en la ense\u00f1anza cinematogr\u00e1fica, los diferentes perfiles de los egresados, la relaci\u00f3n con el mundo profesional, la cuesti\u00f3n del cine como arte y como industria, las licenciaturas, las tecnolog\u00edas y las maestr\u00edas, la formaci\u00f3n p\u00fablica y la privada, el cine y los medios digitales, la relaci\u00f3n del cine con las artes esc\u00e9nicas y otros campos art\u00edsticos son, entre otros, temas que ser\u00e1n abordados en este encuentro.<\/p>\n<p>Varios enfoques y experiencias en formaci\u00f3n, desde lo acad\u00e9mico, lo t\u00e9cnico y las pr\u00e1cticas art\u00edsticas, ser\u00e1n compartidos y discutidos en esta jornada, que junta a las universidades p\u00fablicas y privadas, institutos y emprendimientos alternativos de formaci\u00f3n en cine.<\/p>\n<p>El encuentro se realizar\u00e1 el martes 7 de noviembre en la Alianza Francesa de Guayaquil y contar\u00e1 con la participaci\u00f3n de la Universidad de las Am\u00e9ricas, Universidad San Francisco, INCINE, Universidad de Cuenca, Universidad Casa Grande, Universidad Cat\u00f3lica de Santiago de Guayaquil, El arca de la Luci\u00e9rnaga y Encuentro con el cine.<\/p>\n<p>La jornada abrir\u00e1 con la intervenci\u00f3n de Juan Mart\u00edn Cueva, cineasta y director de la Escuela de Cine de la UArtes, seguido por ponencias a cargo de las instituciones participantes y muestras de trabajos de estudiantes. Se aprovechar\u00e1 el encuentro para presentar el no. 4 de la Revista \u201cFuera de campo\u201d de la UArtes y del libro \u201cAprender bellas palabras. El cine de Pedro Costa, comunidad, migraciones, ficciones\u201d de Mar\u00eda del Pilar Gavilanes.<\/p>\n<p>La UArtes fomenta el di\u00e1logo y el intercambio de experiencias entre instituciones acad\u00e9micas a nivel nacional, adem\u00e1s de avivar espacios de dialogo e interacci\u00f3n entre sus estudiantes y comunidades del \u00e1mbito art\u00edstico y acad\u00e9mico con el prop\u00f3sito de consolidar su programa de formaci\u00f3n integral en artes.<\/p>","protected":false},"excerpt":{"rendered":"<p>La Escuela de Cine de la Universidad de las Artes (UArtes) organiza el encuentro Formaci\u00f3n en cine: experiencias, enfoques y retos, con la participaci\u00f3n de las escuelas de cine del pa\u00eds y del director del INSAS, escuela de cine y teatro de Bruselas, Laurent Gross. En un momento en el que las artes cinematogr\u00e1ficas se [&hellip;]<\/p>\n","protected":false},"author":1,"featured_media":926,"comment_status":"closed","ping_status":"open","sticky":false,"template":"","format":"standard","meta":{"_acf_changed":false,"_uag_custom_page_level_css":"","_monsterinsights_skip_tracking":false,"_monsterinsights_sitenote_active":false,"_monsterinsights_sitenote_note":"","_monsterinsights_sitenote_category":0,"cybocfi_hide_featured_image":"","footnotes":""},"categories":[80,77],"tags":[],"infouartes":[],"class_list":["post-925","post","type-post","status-publish","format-standard","has-post-thumbnail","hentry","category-academico","category-gestion"],"acf":[],"yoast_head":"<!-- This site is optimized with the Yoast SEO plugin v27.4 - https:\/\/yoast.com\/product\/yoast-seo-wordpress\/ -->\n<title>Universidad de las Artes - Escuelas de cine del Ecuador se dan cita en Guayaquil<\/title>\n<meta name=\"description\" content=\"Universidad de las Artes - Escuelas de cine del Ecuador se dan cita en Guayaquil\" \/>\n<meta name=\"robots\" content=\"index, follow, max-snippet:-1, max-image-preview:large, max-video-preview:-1\" \/>\n<link rel=\"canonical\" href=\"https:\/\/www.uartes.edu.ec\/sitio\/fr\/blog\/2017\/11\/01\/escuelas-de-cine-del-ecuador-se-dan-cita-en-guayaquil\/\" \/>\n<meta property=\"og:locale\" content=\"fr_FR\" \/>\n<meta property=\"og:type\" content=\"article\" \/>\n<meta property=\"og:title\" content=\"Universidad de las Artes - Escuelas de cine del Ecuador se dan cita en Guayaquil\" \/>\n<meta property=\"og:description\" content=\"Universidad de las Artes - Escuelas de cine del Ecuador se dan cita en Guayaquil\" \/>\n<meta property=\"og:url\" content=\"https:\/\/www.uartes.edu.ec\/sitio\/fr\/blog\/2017\/11\/01\/escuelas-de-cine-del-ecuador-se-dan-cita-en-guayaquil\/\" \/>\n<meta property=\"og:site_name\" content=\"Universidad de las Artes\" \/>\n<meta property=\"article:publisher\" content=\"https:\/\/www.facebook.com\/uartesec\" \/>\n<meta property=\"article:published_time\" content=\"2017-11-01T15:23:21+00:00\" \/>\n<meta property=\"article:modified_time\" content=\"2024-07-04T16:54:07+00:00\" \/>\n<meta name=\"author\" content=\"Universidad de las Artes\" \/>\n<meta name=\"twitter:card\" content=\"summary_large_image\" \/>\n<meta name=\"twitter:creator\" content=\"@uartesec\" \/>\n<meta name=\"twitter:site\" content=\"@uartesec\" \/>\n<meta name=\"twitter:label1\" content=\"\u00c9crit par\" \/>\n\t<meta name=\"twitter:data1\" content=\"Universidad de las Artes\" \/>\n\t<meta name=\"twitter:label2\" content=\"Dur\u00e9e de lecture estim\u00e9e\" \/>\n\t<meta name=\"twitter:data2\" content=\"2 minutes\" \/>\n<script type=\"application\/ld+json\" class=\"yoast-schema-graph\">{\"@context\":\"https:\\\/\\\/schema.org\",\"@graph\":[{\"@type\":\"Article\",\"@id\":\"https:\\\/\\\/www.uartes.edu.ec\\\/sitio\\\/fr\\\/blog\\\/2017\\\/11\\\/01\\\/escuelas-de-cine-del-ecuador-se-dan-cita-en-guayaquil\\\/#article\",\"isPartOf\":{\"@id\":\"https:\\\/\\\/www.uartes.edu.ec\\\/sitio\\\/fr\\\/blog\\\/2017\\\/11\\\/01\\\/escuelas-de-cine-del-ecuador-se-dan-cita-en-guayaquil\\\/\"},\"author\":{\"name\":\"Universidad de las Artes\",\"@id\":\"https:\\\/\\\/www.uartes.edu.ec\\\/sitio\\\/fr\\\/#\\\/schema\\\/person\\\/f33f8c1d2af0d5c80a38c8abf458184a\"},\"headline\":\"Escuelas de cine del Ecuador se dan cita en Guayaquil\",\"datePublished\":\"2017-11-01T15:23:21+00:00\",\"dateModified\":\"2024-07-04T16:54:07+00:00\",\"mainEntityOfPage\":{\"@id\":\"https:\\\/\\\/www.uartes.edu.ec\\\/sitio\\\/fr\\\/blog\\\/2017\\\/11\\\/01\\\/escuelas-de-cine-del-ecuador-se-dan-cita-en-guayaquil\\\/\"},\"wordCount\":434,\"publisher\":{\"@id\":\"https:\\\/\\\/www.uartes.edu.ec\\\/sitio\\\/fr\\\/#organization\"},\"image\":{\"@id\":\"https:\\\/\\\/www.uartes.edu.ec\\\/sitio\\\/fr\\\/blog\\\/2017\\\/11\\\/01\\\/escuelas-de-cine-del-ecuador-se-dan-cita-en-guayaquil\\\/#primaryimage\"},\"thumbnailUrl\":\"\",\"articleSection\":[\"Acad\u00e9mico\",\"Gesti\u00f3n\"],\"inLanguage\":\"fr-FR\"},{\"@type\":[\"WebPage\",\"ItemPage\"],\"@id\":\"https:\\\/\\\/www.uartes.edu.ec\\\/sitio\\\/fr\\\/blog\\\/2017\\\/11\\\/01\\\/escuelas-de-cine-del-ecuador-se-dan-cita-en-guayaquil\\\/\",\"url\":\"https:\\\/\\\/www.uartes.edu.ec\\\/sitio\\\/fr\\\/blog\\\/2017\\\/11\\\/01\\\/escuelas-de-cine-del-ecuador-se-dan-cita-en-guayaquil\\\/\",\"name\":\"Universidad de las Artes - Escuelas de cine del Ecuador se dan cita en Guayaquil\",\"isPartOf\":{\"@id\":\"https:\\\/\\\/www.uartes.edu.ec\\\/sitio\\\/fr\\\/#website\"},\"primaryImageOfPage\":{\"@id\":\"https:\\\/\\\/www.uartes.edu.ec\\\/sitio\\\/fr\\\/blog\\\/2017\\\/11\\\/01\\\/escuelas-de-cine-del-ecuador-se-dan-cita-en-guayaquil\\\/#primaryimage\"},\"image\":{\"@id\":\"https:\\\/\\\/www.uartes.edu.ec\\\/sitio\\\/fr\\\/blog\\\/2017\\\/11\\\/01\\\/escuelas-de-cine-del-ecuador-se-dan-cita-en-guayaquil\\\/#primaryimage\"},\"thumbnailUrl\":\"\",\"datePublished\":\"2017-11-01T15:23:21+00:00\",\"dateModified\":\"2024-07-04T16:54:07+00:00\",\"description\":\"Universidad de las Artes - Escuelas de cine del Ecuador se dan cita en Guayaquil\",\"breadcrumb\":{\"@id\":\"https:\\\/\\\/www.uartes.edu.ec\\\/sitio\\\/fr\\\/blog\\\/2017\\\/11\\\/01\\\/escuelas-de-cine-del-ecuador-se-dan-cita-en-guayaquil\\\/#breadcrumb\"},\"inLanguage\":\"fr-FR\",\"potentialAction\":[{\"@type\":\"ReadAction\",\"target\":[\"https:\\\/\\\/www.uartes.edu.ec\\\/sitio\\\/fr\\\/blog\\\/2017\\\/11\\\/01\\\/escuelas-de-cine-del-ecuador-se-dan-cita-en-guayaquil\\\/\"]}]},{\"@type\":\"ImageObject\",\"inLanguage\":\"fr-FR\",\"@id\":\"https:\\\/\\\/www.uartes.edu.ec\\\/sitio\\\/fr\\\/blog\\\/2017\\\/11\\\/01\\\/escuelas-de-cine-del-ecuador-se-dan-cita-en-guayaquil\\\/#primaryimage\",\"url\":\"\",\"contentUrl\":\"\"},{\"@type\":\"BreadcrumbList\",\"@id\":\"https:\\\/\\\/www.uartes.edu.ec\\\/sitio\\\/fr\\\/blog\\\/2017\\\/11\\\/01\\\/escuelas-de-cine-del-ecuador-se-dan-cita-en-guayaquil\\\/#breadcrumb\",\"itemListElement\":[{\"@type\":\"ListItem\",\"position\":1,\"name\":\"Inicio\",\"item\":\"https:\\\/\\\/www.uartes.edu.ec\\\/sitio\\\/\"},{\"@type\":\"ListItem\",\"position\":2,\"name\":\"Escuelas de cine del Ecuador se dan cita en Guayaquil\"}]},{\"@type\":\"WebSite\",\"@id\":\"https:\\\/\\\/www.uartes.edu.ec\\\/sitio\\\/fr\\\/#website\",\"url\":\"https:\\\/\\\/www.uartes.edu.ec\\\/sitio\\\/fr\\\/\",\"name\":\"Universidad de las Artes\",\"description\":\"Sitio oficial de la Universidad Nacional de las Artes del Ecuador\",\"publisher\":{\"@id\":\"https:\\\/\\\/www.uartes.edu.ec\\\/sitio\\\/fr\\\/#organization\"},\"potentialAction\":[{\"@type\":\"SearchAction\",\"target\":{\"@type\":\"EntryPoint\",\"urlTemplate\":\"https:\\\/\\\/www.uartes.edu.ec\\\/sitio\\\/fr\\\/?s={search_term_string}\"},\"query-input\":{\"@type\":\"PropertyValueSpecification\",\"valueRequired\":true,\"valueName\":\"search_term_string\"}}],\"inLanguage\":\"fr-FR\"},{\"@type\":\"Organization\",\"@id\":\"https:\\\/\\\/www.uartes.edu.ec\\\/sitio\\\/fr\\\/#organization\",\"name\":\"Universidad de las Artes\",\"url\":\"https:\\\/\\\/www.uartes.edu.ec\\\/sitio\\\/fr\\\/\",\"logo\":{\"@type\":\"ImageObject\",\"inLanguage\":\"fr-FR\",\"@id\":\"https:\\\/\\\/www.uartes.edu.ec\\\/sitio\\\/fr\\\/#\\\/schema\\\/logo\\\/image\\\/\",\"url\":\"https:\\\/\\\/www.uartes.edu.ec\\\/sitio\\\/wp-content\\\/uploads\\\/2022\\\/07\\\/logo-ua-horizontal.png\",\"contentUrl\":\"https:\\\/\\\/www.uartes.edu.ec\\\/sitio\\\/wp-content\\\/uploads\\\/2022\\\/07\\\/logo-ua-horizontal.png\",\"width\":800,\"height\":276,\"caption\":\"Universidad de las Artes\"},\"image\":{\"@id\":\"https:\\\/\\\/www.uartes.edu.ec\\\/sitio\\\/fr\\\/#\\\/schema\\\/logo\\\/image\\\/\"},\"sameAs\":[\"https:\\\/\\\/www.facebook.com\\\/uartesec\",\"https:\\\/\\\/x.com\\\/uartesec\",\"https:\\\/\\\/www.tiktok.com\\\/@uartesec\"]},{\"@type\":\"Person\",\"@id\":\"https:\\\/\\\/www.uartes.edu.ec\\\/sitio\\\/fr\\\/#\\\/schema\\\/person\\\/f33f8c1d2af0d5c80a38c8abf458184a\",\"name\":\"Universidad de las Artes\",\"image\":{\"@type\":\"ImageObject\",\"inLanguage\":\"fr-FR\",\"@id\":\"https:\\\/\\\/secure.gravatar.com\\\/avatar\\\/52e4757902f5cfa5ac52d020e5be83cae5487519154b6c35482fe08d589f3c13?s=96&d=mm&r=g\",\"url\":\"https:\\\/\\\/secure.gravatar.com\\\/avatar\\\/52e4757902f5cfa5ac52d020e5be83cae5487519154b6c35482fe08d589f3c13?s=96&d=mm&r=g\",\"contentUrl\":\"https:\\\/\\\/secure.gravatar.com\\\/avatar\\\/52e4757902f5cfa5ac52d020e5be83cae5487519154b6c35482fe08d589f3c13?s=96&d=mm&r=g\",\"caption\":\"Universidad de las Artes\"},\"url\":\"https:\\\/\\\/www.uartes.edu.ec\\\/sitio\\\/fr\\\/blog\\\/author\\\/dircomadm\\\/\"}]}<\/script>\n<!-- \/ Yoast SEO plugin. -->","yoast_head_json":{"title":"Universidad de las Artes - Escuelas de cine del Ecuador se dan cita en Guayaquil","description":"Universidad de las Artes - Escuelas de cine del Ecuador se dan cita en Guayaquil","robots":{"index":"index","follow":"follow","max-snippet":"max-snippet:-1","max-image-preview":"max-image-preview:large","max-video-preview":"max-video-preview:-1"},"canonical":"https:\/\/www.uartes.edu.ec\/sitio\/fr\/blog\/2017\/11\/01\/escuelas-de-cine-del-ecuador-se-dan-cita-en-guayaquil\/","og_locale":"fr_FR","og_type":"article","og_title":"Universidad de las Artes - Escuelas de cine del Ecuador se dan cita en Guayaquil","og_description":"Universidad de las Artes - Escuelas de cine del Ecuador se dan cita en Guayaquil","og_url":"https:\/\/www.uartes.edu.ec\/sitio\/fr\/blog\/2017\/11\/01\/escuelas-de-cine-del-ecuador-se-dan-cita-en-guayaquil\/","og_site_name":"Universidad de las Artes","article_publisher":"https:\/\/www.facebook.com\/uartesec","article_published_time":"2017-11-01T15:23:21+00:00","article_modified_time":"2024-07-04T16:54:07+00:00","author":"Universidad de las Artes","twitter_card":"summary_large_image","twitter_creator":"@uartesec","twitter_site":"@uartesec","twitter_misc":{"\u00c9crit par":"Universidad de las Artes","Dur\u00e9e de lecture estim\u00e9e":"2 minutes"},"schema":{"@context":"https:\/\/schema.org","@graph":[{"@type":"Article","@id":"https:\/\/www.uartes.edu.ec\/sitio\/fr\/blog\/2017\/11\/01\/escuelas-de-cine-del-ecuador-se-dan-cita-en-guayaquil\/#article","isPartOf":{"@id":"https:\/\/www.uartes.edu.ec\/sitio\/fr\/blog\/2017\/11\/01\/escuelas-de-cine-del-ecuador-se-dan-cita-en-guayaquil\/"},"author":{"name":"Universidad de las Artes","@id":"https:\/\/www.uartes.edu.ec\/sitio\/fr\/#\/schema\/person\/f33f8c1d2af0d5c80a38c8abf458184a"},"headline":"Escuelas de cine del Ecuador se dan cita en Guayaquil","datePublished":"2017-11-01T15:23:21+00:00","dateModified":"2024-07-04T16:54:07+00:00","mainEntityOfPage":{"@id":"https:\/\/www.uartes.edu.ec\/sitio\/fr\/blog\/2017\/11\/01\/escuelas-de-cine-del-ecuador-se-dan-cita-en-guayaquil\/"},"wordCount":434,"publisher":{"@id":"https:\/\/www.uartes.edu.ec\/sitio\/fr\/#organization"},"image":{"@id":"https:\/\/www.uartes.edu.ec\/sitio\/fr\/blog\/2017\/11\/01\/escuelas-de-cine-del-ecuador-se-dan-cita-en-guayaquil\/#primaryimage"},"thumbnailUrl":"","articleSection":["Acad\u00e9mico","Gesti\u00f3n"],"inLanguage":"fr-FR"},{"@type":["WebPage","ItemPage"],"@id":"https:\/\/www.uartes.edu.ec\/sitio\/fr\/blog\/2017\/11\/01\/escuelas-de-cine-del-ecuador-se-dan-cita-en-guayaquil\/","url":"https:\/\/www.uartes.edu.ec\/sitio\/fr\/blog\/2017\/11\/01\/escuelas-de-cine-del-ecuador-se-dan-cita-en-guayaquil\/","name":"Universidad de las Artes - Escuelas de cine del Ecuador se dan cita en Guayaquil","isPartOf":{"@id":"https:\/\/www.uartes.edu.ec\/sitio\/fr\/#website"},"primaryImageOfPage":{"@id":"https:\/\/www.uartes.edu.ec\/sitio\/fr\/blog\/2017\/11\/01\/escuelas-de-cine-del-ecuador-se-dan-cita-en-guayaquil\/#primaryimage"},"image":{"@id":"https:\/\/www.uartes.edu.ec\/sitio\/fr\/blog\/2017\/11\/01\/escuelas-de-cine-del-ecuador-se-dan-cita-en-guayaquil\/#primaryimage"},"thumbnailUrl":"","datePublished":"2017-11-01T15:23:21+00:00","dateModified":"2024-07-04T16:54:07+00:00","description":"Universidad de las Artes - Escuelas de cine del Ecuador se dan cita en Guayaquil","breadcrumb":{"@id":"https:\/\/www.uartes.edu.ec\/sitio\/fr\/blog\/2017\/11\/01\/escuelas-de-cine-del-ecuador-se-dan-cita-en-guayaquil\/#breadcrumb"},"inLanguage":"fr-FR","potentialAction":[{"@type":"ReadAction","target":["https:\/\/www.uartes.edu.ec\/sitio\/fr\/blog\/2017\/11\/01\/escuelas-de-cine-del-ecuador-se-dan-cita-en-guayaquil\/"]}]},{"@type":"ImageObject","inLanguage":"fr-FR","@id":"https:\/\/www.uartes.edu.ec\/sitio\/fr\/blog\/2017\/11\/01\/escuelas-de-cine-del-ecuador-se-dan-cita-en-guayaquil\/#primaryimage","url":"","contentUrl":""},{"@type":"BreadcrumbList","@id":"https:\/\/www.uartes.edu.ec\/sitio\/fr\/blog\/2017\/11\/01\/escuelas-de-cine-del-ecuador-se-dan-cita-en-guayaquil\/#breadcrumb","itemListElement":[{"@type":"ListItem","position":1,"name":"Inicio","item":"https:\/\/www.uartes.edu.ec\/sitio\/"},{"@type":"ListItem","position":2,"name":"Escuelas de cine del Ecuador se dan cita en Guayaquil"}]},{"@type":"WebSite","@id":"https:\/\/www.uartes.edu.ec\/sitio\/fr\/#website","url":"https:\/\/www.uartes.edu.ec\/sitio\/fr\/","name":"Universidad de las Artes","description":"Sitio oficial de la Universidad Nacional de las Artes del Ecuador","publisher":{"@id":"https:\/\/www.uartes.edu.ec\/sitio\/fr\/#organization"},"potentialAction":[{"@type":"SearchAction","target":{"@type":"EntryPoint","urlTemplate":"https:\/\/www.uartes.edu.ec\/sitio\/fr\/?s={search_term_string}"},"query-input":{"@type":"PropertyValueSpecification","valueRequired":true,"valueName":"search_term_string"}}],"inLanguage":"fr-FR"},{"@type":"Organization","@id":"https:\/\/www.uartes.edu.ec\/sitio\/fr\/#organization","name":"Universidad de las Artes","url":"https:\/\/www.uartes.edu.ec\/sitio\/fr\/","logo":{"@type":"ImageObject","inLanguage":"fr-FR","@id":"https:\/\/www.uartes.edu.ec\/sitio\/fr\/#\/schema\/logo\/image\/","url":"https:\/\/www.uartes.edu.ec\/sitio\/wp-content\/uploads\/2022\/07\/logo-ua-horizontal.png","contentUrl":"https:\/\/www.uartes.edu.ec\/sitio\/wp-content\/uploads\/2022\/07\/logo-ua-horizontal.png","width":800,"height":276,"caption":"Universidad de las Artes"},"image":{"@id":"https:\/\/www.uartes.edu.ec\/sitio\/fr\/#\/schema\/logo\/image\/"},"sameAs":["https:\/\/www.facebook.com\/uartesec","https:\/\/x.com\/uartesec","https:\/\/www.tiktok.com\/@uartesec"]},{"@type":"Person","@id":"https:\/\/www.uartes.edu.ec\/sitio\/fr\/#\/schema\/person\/f33f8c1d2af0d5c80a38c8abf458184a","name":"Universidad de las Artes","image":{"@type":"ImageObject","inLanguage":"fr-FR","@id":"https:\/\/secure.gravatar.com\/avatar\/52e4757902f5cfa5ac52d020e5be83cae5487519154b6c35482fe08d589f3c13?s=96&d=mm&r=g","url":"https:\/\/secure.gravatar.com\/avatar\/52e4757902f5cfa5ac52d020e5be83cae5487519154b6c35482fe08d589f3c13?s=96&d=mm&r=g","contentUrl":"https:\/\/secure.gravatar.com\/avatar\/52e4757902f5cfa5ac52d020e5be83cae5487519154b6c35482fe08d589f3c13?s=96&d=mm&r=g","caption":"Universidad de las Artes"},"url":"https:\/\/www.uartes.edu.ec\/sitio\/fr\/blog\/author\/dircomadm\/"}]}},"uagb_featured_image_src":{"full":false,"thumbnail":false,"medium":false,"medium_large":false,"large":false,"1536x1536":false,"2048x2048":false,"trp-custom-language-flag":false,"htmega_size_585x295":false,"htmega_size_1170x536":false,"htmega_size_396x360":false,"gb-block-post-grid-landscape":false,"gb-block-post-grid-square":false,"university-hub-thumb":false},"uagb_author_info":{"display_name":"Universidad de las Artes","author_link":"https:\/\/www.uartes.edu.ec\/sitio\/fr\/blog\/author\/dircomadm\/"},"uagb_comment_info":0,"uagb_excerpt":"La Escuela de Cine de la Universidad de las Artes (UArtes) organiza el encuentro Formaci\u00f3n en cine: experiencias, enfoques y retos, con la participaci\u00f3n de las escuelas de cine del pa\u00eds y del director del INSAS, escuela de cine y teatro de Bruselas, Laurent Gross. En un momento en el que las artes cinematogr\u00e1ficas se\u2026","featured_image_src":null,"featured_image_src_square":null,"author_info":{"display_name":"Universidad de las Artes","author_link":"https:\/\/www.uartes.edu.ec\/sitio\/fr\/blog\/author\/dircomadm\/"},"publishpress_future_workflow_manual_trigger":{"enabledWorkflows":[]},"distributor_meta":false,"distributor_terms":false,"distributor_media":false,"distributor_original_site_name":"Universidad de las Artes","distributor_original_site_url":"https:\/\/www.uartes.edu.ec\/sitio\/fr","push-errors":false,"_links":{"self":[{"href":"https:\/\/www.uartes.edu.ec\/sitio\/fr\/wp-json\/wp\/v2\/posts\/925","targetHints":{"allow":["GET"]}}],"collection":[{"href":"https:\/\/www.uartes.edu.ec\/sitio\/fr\/wp-json\/wp\/v2\/posts"}],"about":[{"href":"https:\/\/www.uartes.edu.ec\/sitio\/fr\/wp-json\/wp\/v2\/types\/post"}],"author":[{"embeddable":true,"href":"https:\/\/www.uartes.edu.ec\/sitio\/fr\/wp-json\/wp\/v2\/users\/1"}],"replies":[{"embeddable":true,"href":"https:\/\/www.uartes.edu.ec\/sitio\/fr\/wp-json\/wp\/v2\/comments?post=925"}],"version-history":[{"count":1,"href":"https:\/\/www.uartes.edu.ec\/sitio\/fr\/wp-json\/wp\/v2\/posts\/925\/revisions"}],"predecessor-version":[{"id":57949,"href":"https:\/\/www.uartes.edu.ec\/sitio\/fr\/wp-json\/wp\/v2\/posts\/925\/revisions\/57949"}],"wp:featuredmedia":[{"embeddable":true,"href":"https:\/\/www.uartes.edu.ec\/sitio\/fr\/wp-json\/"}],"wp:attachment":[{"href":"https:\/\/www.uartes.edu.ec\/sitio\/fr\/wp-json\/wp\/v2\/media?parent=925"}],"wp:term":[{"taxonomy":"category","embeddable":true,"href":"https:\/\/www.uartes.edu.ec\/sitio\/fr\/wp-json\/wp\/v2\/categories?post=925"},{"taxonomy":"post_tag","embeddable":true,"href":"https:\/\/www.uartes.edu.ec\/sitio\/fr\/wp-json\/wp\/v2\/tags?post=925"},{"taxonomy":"infouartes","embeddable":true,"href":"https:\/\/www.uartes.edu.ec\/sitio\/fr\/wp-json\/wp\/v2\/infouartes?post=925"}],"curies":[{"name":"wp","href":"https:\/\/api.w.org\/{rel}","templated":true}]}}