{"id":930,"date":"2017-11-01T11:43:38","date_gmt":"2017-11-01T16:43:38","guid":{"rendered":"http:\/\/www.uartes.edu.ec\/infouartes\/?p=930"},"modified":"2024-07-04T11:54:07","modified_gmt":"2024-07-04T16:54:07","slug":"festival-de-artes-setrau-llega-a-su-segunda-edicion","status":"publish","type":"post","link":"https:\/\/www.uartes.edu.ec\/sitio\/fr\/blog\/2017\/11\/01\/festival-de-artes-setrau-llega-a-su-segunda-edicion\/","title":{"rendered":"Festival de Artes SETRAU llega a su segunda edici\u00f3n"},"content":{"rendered":"<p>El mi\u00e9rcoles 15 de noviembre, dentro de las instalaciones del Museo Antropol\u00f3gico y de Arte Contempor\u00e1neo MAAC, se inaugurar\u00e1 la segunda edici\u00f3n del Festival de Artes <em>SETRAU &#8211; <\/em>UARTES de atr\u00e1s hacia adelante &#8211; a las 19H00.<\/p>\n<p>En esta oportunidad SETRAU se presenta como un Memorial art\u00edstico e hist\u00f3rico que exhibir\u00e1 el trabajo en retrospectiva de los Artistas Docentes de la Universidad de las Artes y los alumnos de todas sus Escuelas.\u00a0 Adem\u00e1s, por tratarse de un evento de escala Nacional se invita a la ciudadan\u00eda a la <strong>Convocatoria Abierta <\/strong>que en esta edici\u00f3n se rige bajo la \u00fanica norma de ser <strong>en peque\u00f1o formato<\/strong> (10 x 15 cm como m\u00e1ximo) y de la que se receptaran obras desde las 10H00 \u2013 17H00 hasta el 30 de octubre del a\u00f1o en curso en las instalaciones del Taller de Gr\u00e1fica Eloy Alfaro y oficina del artista Joaqu\u00edn Serrano en el edificio MAAC-UArtes.<\/p>\n<p>Adem\u00e1s, se expondr\u00e1n obras de los artistas miembros de la Red Gr\u00e1fica, colectivo cuyos miembros representan a la La Facultad de Arte de la Universidad Central de Quito, El Centro de Gr\u00e1fica Internacional de Ibarra, La Estamper\u00eda Gr\u00e1fica de Ambato, el Taller de Gr\u00e1fica de Wilfrido Acosta; las obras gr\u00e1ficas de los participantes en la Primera Bienal del Peque\u00f1o Formato convocado por la Red de Universidades del Caribe y Centroam\u00e9rica, los grabados de los adultos mayores del Taller Hol\u00edstico y Voluntariado del Taller de Gr\u00e1fica Eloy Alfaro, la producci\u00f3n de los ni\u00f1os especiales del Taller de Arte Terapia del Taller de Gr\u00e1fica Eloy Alfaro y los trabajos de ilustraci\u00f3n seleccionados del Laboratorio de artes \u201cEl Hades\u201d.<\/p>\n<p>El plan museol\u00f3gico plantea un muestrario amplio de conceptos y t\u00e9cnicas gr\u00e1ficas y visuales en su diversidad de soporte que se correlaciona a la diversidad de contenido que tendr\u00e1 la Biblioteca de las Artes. La curadur\u00eda est\u00e1 a cargo de los artistas Hern\u00e1n Z\u00fa\u00f1iga y Joaqu\u00edn Serrano adem\u00e1s de la colaboraci\u00f3n de la joven Compa\u00f1\u00eda de Artes \u201cColectivo JLA\u201d, la cual adem\u00e1s comparte la producci\u00f3n del evento con el Colectivo \u201cGusanos Telem\u00e1ticos\u201d y el apoyo estrat\u00e9gico de la Universidad de las Artes.<\/p>\n<p>*<em>Fotograf\u00eda del Festival de Artes SETRAU 2016<\/em><\/p>","protected":false},"excerpt":{"rendered":"<p>El mi\u00e9rcoles 15 de noviembre, dentro de las instalaciones del Museo Antropol\u00f3gico y de Arte Contempor\u00e1neo MAAC, se inaugurar\u00e1 la segunda edici\u00f3n del Festival de Artes SETRAU &#8211; UARTES de atr\u00e1s hacia adelante &#8211; a las 19H00. En esta oportunidad SETRAU se presenta como un Memorial art\u00edstico e hist\u00f3rico que exhibir\u00e1 el trabajo en retrospectiva [&hellip;]<\/p>\n","protected":false},"author":1,"featured_media":931,"comment_status":"closed","ping_status":"open","sticky":false,"template":"","format":"standard","meta":{"_acf_changed":false,"_uag_custom_page_level_css":"","_monsterinsights_skip_tracking":false,"_monsterinsights_sitenote_active":false,"_monsterinsights_sitenote_note":"","_monsterinsights_sitenote_category":0,"cybocfi_hide_featured_image":"","footnotes":""},"categories":[82],"tags":[],"infouartes":[],"class_list":["post-930","post","type-post","status-publish","format-standard","has-post-thumbnail","hentry","category-artes"],"acf":[],"yoast_head":"<!-- This site is optimized with the Yoast SEO plugin v27.4 - https:\/\/yoast.com\/product\/yoast-seo-wordpress\/ -->\n<title>Universidad de las Artes - Festival de Artes SETRAU llega a su segunda edici\u00f3n<\/title>\n<meta name=\"description\" content=\"Universidad de las Artes - Festival de Artes SETRAU llega a su segunda edici\u00f3n\" \/>\n<meta name=\"robots\" content=\"index, follow, max-snippet:-1, max-image-preview:large, max-video-preview:-1\" \/>\n<link rel=\"canonical\" href=\"https:\/\/www.uartes.edu.ec\/sitio\/fr\/blog\/2017\/11\/01\/festival-de-artes-setrau-llega-a-su-segunda-edicion\/\" \/>\n<meta property=\"og:locale\" content=\"fr_FR\" \/>\n<meta property=\"og:type\" content=\"article\" \/>\n<meta property=\"og:title\" content=\"Universidad de las Artes - Festival de Artes SETRAU llega a su segunda edici\u00f3n\" \/>\n<meta property=\"og:description\" content=\"Universidad de las Artes - Festival de Artes SETRAU llega a su segunda edici\u00f3n\" \/>\n<meta property=\"og:url\" content=\"https:\/\/www.uartes.edu.ec\/sitio\/fr\/blog\/2017\/11\/01\/festival-de-artes-setrau-llega-a-su-segunda-edicion\/\" \/>\n<meta property=\"og:site_name\" content=\"Universidad de las Artes\" \/>\n<meta property=\"article:publisher\" content=\"https:\/\/www.facebook.com\/uartesec\" \/>\n<meta property=\"article:published_time\" content=\"2017-11-01T16:43:38+00:00\" \/>\n<meta property=\"article:modified_time\" content=\"2024-07-04T16:54:07+00:00\" \/>\n<meta name=\"author\" content=\"Universidad de las Artes\" \/>\n<meta name=\"twitter:card\" content=\"summary_large_image\" \/>\n<meta name=\"twitter:creator\" content=\"@uartesec\" \/>\n<meta name=\"twitter:site\" content=\"@uartesec\" \/>\n<meta name=\"twitter:label1\" content=\"\u00c9crit par\" \/>\n\t<meta name=\"twitter:data1\" content=\"Universidad de las Artes\" \/>\n\t<meta name=\"twitter:label2\" content=\"Dur\u00e9e de lecture estim\u00e9e\" \/>\n\t<meta name=\"twitter:data2\" content=\"2 minutes\" \/>\n<script type=\"application\/ld+json\" class=\"yoast-schema-graph\">{\"@context\":\"https:\\\/\\\/schema.org\",\"@graph\":[{\"@type\":\"Article\",\"@id\":\"https:\\\/\\\/www.uartes.edu.ec\\\/sitio\\\/fr\\\/blog\\\/2017\\\/11\\\/01\\\/festival-de-artes-setrau-llega-a-su-segunda-edicion\\\/#article\",\"isPartOf\":{\"@id\":\"https:\\\/\\\/www.uartes.edu.ec\\\/sitio\\\/fr\\\/blog\\\/2017\\\/11\\\/01\\\/festival-de-artes-setrau-llega-a-su-segunda-edicion\\\/\"},\"author\":{\"name\":\"Universidad de las Artes\",\"@id\":\"https:\\\/\\\/www.uartes.edu.ec\\\/sitio\\\/fr\\\/#\\\/schema\\\/person\\\/f33f8c1d2af0d5c80a38c8abf458184a\"},\"headline\":\"Festival de Artes SETRAU llega a su segunda edici\u00f3n\",\"datePublished\":\"2017-11-01T16:43:38+00:00\",\"dateModified\":\"2024-07-04T16:54:07+00:00\",\"mainEntityOfPage\":{\"@id\":\"https:\\\/\\\/www.uartes.edu.ec\\\/sitio\\\/fr\\\/blog\\\/2017\\\/11\\\/01\\\/festival-de-artes-setrau-llega-a-su-segunda-edicion\\\/\"},\"wordCount\":406,\"publisher\":{\"@id\":\"https:\\\/\\\/www.uartes.edu.ec\\\/sitio\\\/fr\\\/#organization\"},\"image\":{\"@id\":\"https:\\\/\\\/www.uartes.edu.ec\\\/sitio\\\/fr\\\/blog\\\/2017\\\/11\\\/01\\\/festival-de-artes-setrau-llega-a-su-segunda-edicion\\\/#primaryimage\"},\"thumbnailUrl\":\"\",\"articleSection\":[\"Artes\"],\"inLanguage\":\"fr-FR\"},{\"@type\":[\"WebPage\",\"ItemPage\"],\"@id\":\"https:\\\/\\\/www.uartes.edu.ec\\\/sitio\\\/fr\\\/blog\\\/2017\\\/11\\\/01\\\/festival-de-artes-setrau-llega-a-su-segunda-edicion\\\/\",\"url\":\"https:\\\/\\\/www.uartes.edu.ec\\\/sitio\\\/fr\\\/blog\\\/2017\\\/11\\\/01\\\/festival-de-artes-setrau-llega-a-su-segunda-edicion\\\/\",\"name\":\"Universidad de las Artes - Festival de Artes SETRAU llega a su segunda edici\u00f3n\",\"isPartOf\":{\"@id\":\"https:\\\/\\\/www.uartes.edu.ec\\\/sitio\\\/fr\\\/#website\"},\"primaryImageOfPage\":{\"@id\":\"https:\\\/\\\/www.uartes.edu.ec\\\/sitio\\\/fr\\\/blog\\\/2017\\\/11\\\/01\\\/festival-de-artes-setrau-llega-a-su-segunda-edicion\\\/#primaryimage\"},\"image\":{\"@id\":\"https:\\\/\\\/www.uartes.edu.ec\\\/sitio\\\/fr\\\/blog\\\/2017\\\/11\\\/01\\\/festival-de-artes-setrau-llega-a-su-segunda-edicion\\\/#primaryimage\"},\"thumbnailUrl\":\"\",\"datePublished\":\"2017-11-01T16:43:38+00:00\",\"dateModified\":\"2024-07-04T16:54:07+00:00\",\"description\":\"Universidad de las Artes - Festival de Artes SETRAU llega a su segunda edici\u00f3n\",\"breadcrumb\":{\"@id\":\"https:\\\/\\\/www.uartes.edu.ec\\\/sitio\\\/fr\\\/blog\\\/2017\\\/11\\\/01\\\/festival-de-artes-setrau-llega-a-su-segunda-edicion\\\/#breadcrumb\"},\"inLanguage\":\"fr-FR\",\"potentialAction\":[{\"@type\":\"ReadAction\",\"target\":[\"https:\\\/\\\/www.uartes.edu.ec\\\/sitio\\\/fr\\\/blog\\\/2017\\\/11\\\/01\\\/festival-de-artes-setrau-llega-a-su-segunda-edicion\\\/\"]}]},{\"@type\":\"ImageObject\",\"inLanguage\":\"fr-FR\",\"@id\":\"https:\\\/\\\/www.uartes.edu.ec\\\/sitio\\\/fr\\\/blog\\\/2017\\\/11\\\/01\\\/festival-de-artes-setrau-llega-a-su-segunda-edicion\\\/#primaryimage\",\"url\":\"\",\"contentUrl\":\"\"},{\"@type\":\"BreadcrumbList\",\"@id\":\"https:\\\/\\\/www.uartes.edu.ec\\\/sitio\\\/fr\\\/blog\\\/2017\\\/11\\\/01\\\/festival-de-artes-setrau-llega-a-su-segunda-edicion\\\/#breadcrumb\",\"itemListElement\":[{\"@type\":\"ListItem\",\"position\":1,\"name\":\"Inicio\",\"item\":\"https:\\\/\\\/www.uartes.edu.ec\\\/sitio\\\/\"},{\"@type\":\"ListItem\",\"position\":2,\"name\":\"Festival de Artes SETRAU llega a su segunda edici\u00f3n\"}]},{\"@type\":\"WebSite\",\"@id\":\"https:\\\/\\\/www.uartes.edu.ec\\\/sitio\\\/fr\\\/#website\",\"url\":\"https:\\\/\\\/www.uartes.edu.ec\\\/sitio\\\/fr\\\/\",\"name\":\"Universidad de las Artes\",\"description\":\"Sitio oficial de la Universidad Nacional de las Artes del Ecuador\",\"publisher\":{\"@id\":\"https:\\\/\\\/www.uartes.edu.ec\\\/sitio\\\/fr\\\/#organization\"},\"potentialAction\":[{\"@type\":\"SearchAction\",\"target\":{\"@type\":\"EntryPoint\",\"urlTemplate\":\"https:\\\/\\\/www.uartes.edu.ec\\\/sitio\\\/fr\\\/?s={search_term_string}\"},\"query-input\":{\"@type\":\"PropertyValueSpecification\",\"valueRequired\":true,\"valueName\":\"search_term_string\"}}],\"inLanguage\":\"fr-FR\"},{\"@type\":\"Organization\",\"@id\":\"https:\\\/\\\/www.uartes.edu.ec\\\/sitio\\\/fr\\\/#organization\",\"name\":\"Universidad de las Artes\",\"url\":\"https:\\\/\\\/www.uartes.edu.ec\\\/sitio\\\/fr\\\/\",\"logo\":{\"@type\":\"ImageObject\",\"inLanguage\":\"fr-FR\",\"@id\":\"https:\\\/\\\/www.uartes.edu.ec\\\/sitio\\\/fr\\\/#\\\/schema\\\/logo\\\/image\\\/\",\"url\":\"https:\\\/\\\/www.uartes.edu.ec\\\/sitio\\\/wp-content\\\/uploads\\\/2022\\\/07\\\/logo-ua-horizontal.png\",\"contentUrl\":\"https:\\\/\\\/www.uartes.edu.ec\\\/sitio\\\/wp-content\\\/uploads\\\/2022\\\/07\\\/logo-ua-horizontal.png\",\"width\":800,\"height\":276,\"caption\":\"Universidad de las Artes\"},\"image\":{\"@id\":\"https:\\\/\\\/www.uartes.edu.ec\\\/sitio\\\/fr\\\/#\\\/schema\\\/logo\\\/image\\\/\"},\"sameAs\":[\"https:\\\/\\\/www.facebook.com\\\/uartesec\",\"https:\\\/\\\/x.com\\\/uartesec\",\"https:\\\/\\\/www.tiktok.com\\\/@uartesec\"]},{\"@type\":\"Person\",\"@id\":\"https:\\\/\\\/www.uartes.edu.ec\\\/sitio\\\/fr\\\/#\\\/schema\\\/person\\\/f33f8c1d2af0d5c80a38c8abf458184a\",\"name\":\"Universidad de las Artes\",\"image\":{\"@type\":\"ImageObject\",\"inLanguage\":\"fr-FR\",\"@id\":\"https:\\\/\\\/secure.gravatar.com\\\/avatar\\\/52e4757902f5cfa5ac52d020e5be83cae5487519154b6c35482fe08d589f3c13?s=96&d=mm&r=g\",\"url\":\"https:\\\/\\\/secure.gravatar.com\\\/avatar\\\/52e4757902f5cfa5ac52d020e5be83cae5487519154b6c35482fe08d589f3c13?s=96&d=mm&r=g\",\"contentUrl\":\"https:\\\/\\\/secure.gravatar.com\\\/avatar\\\/52e4757902f5cfa5ac52d020e5be83cae5487519154b6c35482fe08d589f3c13?s=96&d=mm&r=g\",\"caption\":\"Universidad de las Artes\"},\"url\":\"https:\\\/\\\/www.uartes.edu.ec\\\/sitio\\\/fr\\\/blog\\\/author\\\/dircomadm\\\/\"}]}<\/script>\n<!-- \/ Yoast SEO plugin. -->","yoast_head_json":{"title":"Universidad de las Artes - Festival de Artes SETRAU llega a su segunda edici\u00f3n","description":"Universidad de las Artes - Festival de Artes SETRAU llega a su segunda edici\u00f3n","robots":{"index":"index","follow":"follow","max-snippet":"max-snippet:-1","max-image-preview":"max-image-preview:large","max-video-preview":"max-video-preview:-1"},"canonical":"https:\/\/www.uartes.edu.ec\/sitio\/fr\/blog\/2017\/11\/01\/festival-de-artes-setrau-llega-a-su-segunda-edicion\/","og_locale":"fr_FR","og_type":"article","og_title":"Universidad de las Artes - Festival de Artes SETRAU llega a su segunda edici\u00f3n","og_description":"Universidad de las Artes - Festival de Artes SETRAU llega a su segunda edici\u00f3n","og_url":"https:\/\/www.uartes.edu.ec\/sitio\/fr\/blog\/2017\/11\/01\/festival-de-artes-setrau-llega-a-su-segunda-edicion\/","og_site_name":"Universidad de las Artes","article_publisher":"https:\/\/www.facebook.com\/uartesec","article_published_time":"2017-11-01T16:43:38+00:00","article_modified_time":"2024-07-04T16:54:07+00:00","author":"Universidad de las Artes","twitter_card":"summary_large_image","twitter_creator":"@uartesec","twitter_site":"@uartesec","twitter_misc":{"\u00c9crit par":"Universidad de las Artes","Dur\u00e9e de lecture estim\u00e9e":"2 minutes"},"schema":{"@context":"https:\/\/schema.org","@graph":[{"@type":"Article","@id":"https:\/\/www.uartes.edu.ec\/sitio\/fr\/blog\/2017\/11\/01\/festival-de-artes-setrau-llega-a-su-segunda-edicion\/#article","isPartOf":{"@id":"https:\/\/www.uartes.edu.ec\/sitio\/fr\/blog\/2017\/11\/01\/festival-de-artes-setrau-llega-a-su-segunda-edicion\/"},"author":{"name":"Universidad de las Artes","@id":"https:\/\/www.uartes.edu.ec\/sitio\/fr\/#\/schema\/person\/f33f8c1d2af0d5c80a38c8abf458184a"},"headline":"Festival de Artes SETRAU llega a su segunda edici\u00f3n","datePublished":"2017-11-01T16:43:38+00:00","dateModified":"2024-07-04T16:54:07+00:00","mainEntityOfPage":{"@id":"https:\/\/www.uartes.edu.ec\/sitio\/fr\/blog\/2017\/11\/01\/festival-de-artes-setrau-llega-a-su-segunda-edicion\/"},"wordCount":406,"publisher":{"@id":"https:\/\/www.uartes.edu.ec\/sitio\/fr\/#organization"},"image":{"@id":"https:\/\/www.uartes.edu.ec\/sitio\/fr\/blog\/2017\/11\/01\/festival-de-artes-setrau-llega-a-su-segunda-edicion\/#primaryimage"},"thumbnailUrl":"","articleSection":["Artes"],"inLanguage":"fr-FR"},{"@type":["WebPage","ItemPage"],"@id":"https:\/\/www.uartes.edu.ec\/sitio\/fr\/blog\/2017\/11\/01\/festival-de-artes-setrau-llega-a-su-segunda-edicion\/","url":"https:\/\/www.uartes.edu.ec\/sitio\/fr\/blog\/2017\/11\/01\/festival-de-artes-setrau-llega-a-su-segunda-edicion\/","name":"Universidad de las Artes - Festival de Artes SETRAU llega a su segunda edici\u00f3n","isPartOf":{"@id":"https:\/\/www.uartes.edu.ec\/sitio\/fr\/#website"},"primaryImageOfPage":{"@id":"https:\/\/www.uartes.edu.ec\/sitio\/fr\/blog\/2017\/11\/01\/festival-de-artes-setrau-llega-a-su-segunda-edicion\/#primaryimage"},"image":{"@id":"https:\/\/www.uartes.edu.ec\/sitio\/fr\/blog\/2017\/11\/01\/festival-de-artes-setrau-llega-a-su-segunda-edicion\/#primaryimage"},"thumbnailUrl":"","datePublished":"2017-11-01T16:43:38+00:00","dateModified":"2024-07-04T16:54:07+00:00","description":"Universidad de las Artes - Festival de Artes SETRAU llega a su segunda edici\u00f3n","breadcrumb":{"@id":"https:\/\/www.uartes.edu.ec\/sitio\/fr\/blog\/2017\/11\/01\/festival-de-artes-setrau-llega-a-su-segunda-edicion\/#breadcrumb"},"inLanguage":"fr-FR","potentialAction":[{"@type":"ReadAction","target":["https:\/\/www.uartes.edu.ec\/sitio\/fr\/blog\/2017\/11\/01\/festival-de-artes-setrau-llega-a-su-segunda-edicion\/"]}]},{"@type":"ImageObject","inLanguage":"fr-FR","@id":"https:\/\/www.uartes.edu.ec\/sitio\/fr\/blog\/2017\/11\/01\/festival-de-artes-setrau-llega-a-su-segunda-edicion\/#primaryimage","url":"","contentUrl":""},{"@type":"BreadcrumbList","@id":"https:\/\/www.uartes.edu.ec\/sitio\/fr\/blog\/2017\/11\/01\/festival-de-artes-setrau-llega-a-su-segunda-edicion\/#breadcrumb","itemListElement":[{"@type":"ListItem","position":1,"name":"Inicio","item":"https:\/\/www.uartes.edu.ec\/sitio\/"},{"@type":"ListItem","position":2,"name":"Festival de Artes SETRAU llega a su segunda edici\u00f3n"}]},{"@type":"WebSite","@id":"https:\/\/www.uartes.edu.ec\/sitio\/fr\/#website","url":"https:\/\/www.uartes.edu.ec\/sitio\/fr\/","name":"Universidad de las Artes","description":"Sitio oficial de la Universidad Nacional de las Artes del Ecuador","publisher":{"@id":"https:\/\/www.uartes.edu.ec\/sitio\/fr\/#organization"},"potentialAction":[{"@type":"SearchAction","target":{"@type":"EntryPoint","urlTemplate":"https:\/\/www.uartes.edu.ec\/sitio\/fr\/?s={search_term_string}"},"query-input":{"@type":"PropertyValueSpecification","valueRequired":true,"valueName":"search_term_string"}}],"inLanguage":"fr-FR"},{"@type":"Organization","@id":"https:\/\/www.uartes.edu.ec\/sitio\/fr\/#organization","name":"Universidad de las Artes","url":"https:\/\/www.uartes.edu.ec\/sitio\/fr\/","logo":{"@type":"ImageObject","inLanguage":"fr-FR","@id":"https:\/\/www.uartes.edu.ec\/sitio\/fr\/#\/schema\/logo\/image\/","url":"https:\/\/www.uartes.edu.ec\/sitio\/wp-content\/uploads\/2022\/07\/logo-ua-horizontal.png","contentUrl":"https:\/\/www.uartes.edu.ec\/sitio\/wp-content\/uploads\/2022\/07\/logo-ua-horizontal.png","width":800,"height":276,"caption":"Universidad de las Artes"},"image":{"@id":"https:\/\/www.uartes.edu.ec\/sitio\/fr\/#\/schema\/logo\/image\/"},"sameAs":["https:\/\/www.facebook.com\/uartesec","https:\/\/x.com\/uartesec","https:\/\/www.tiktok.com\/@uartesec"]},{"@type":"Person","@id":"https:\/\/www.uartes.edu.ec\/sitio\/fr\/#\/schema\/person\/f33f8c1d2af0d5c80a38c8abf458184a","name":"Universidad de las Artes","image":{"@type":"ImageObject","inLanguage":"fr-FR","@id":"https:\/\/secure.gravatar.com\/avatar\/52e4757902f5cfa5ac52d020e5be83cae5487519154b6c35482fe08d589f3c13?s=96&d=mm&r=g","url":"https:\/\/secure.gravatar.com\/avatar\/52e4757902f5cfa5ac52d020e5be83cae5487519154b6c35482fe08d589f3c13?s=96&d=mm&r=g","contentUrl":"https:\/\/secure.gravatar.com\/avatar\/52e4757902f5cfa5ac52d020e5be83cae5487519154b6c35482fe08d589f3c13?s=96&d=mm&r=g","caption":"Universidad de las Artes"},"url":"https:\/\/www.uartes.edu.ec\/sitio\/fr\/blog\/author\/dircomadm\/"}]}},"uagb_featured_image_src":{"full":false,"thumbnail":false,"medium":false,"medium_large":false,"large":false,"1536x1536":false,"2048x2048":false,"trp-custom-language-flag":false,"htmega_size_585x295":false,"htmega_size_1170x536":false,"htmega_size_396x360":false,"gb-block-post-grid-landscape":false,"gb-block-post-grid-square":false,"university-hub-thumb":false,"mailpoet_newsletter_max":false},"uagb_author_info":{"display_name":"Universidad de las Artes","author_link":"https:\/\/www.uartes.edu.ec\/sitio\/fr\/blog\/author\/dircomadm\/"},"uagb_comment_info":0,"uagb_excerpt":"El mi\u00e9rcoles 15 de noviembre, dentro de las instalaciones del Museo Antropol\u00f3gico y de Arte Contempor\u00e1neo MAAC, se inaugurar\u00e1 la segunda edici\u00f3n del Festival de Artes SETRAU &#8211; UARTES de atr\u00e1s hacia adelante &#8211; a las 19H00. En esta oportunidad SETRAU se presenta como un Memorial art\u00edstico e hist\u00f3rico que exhibir\u00e1 el trabajo en retrospectiva\u2026","featured_image_src":null,"featured_image_src_square":null,"author_info":{"display_name":"Universidad de las Artes","author_link":"https:\/\/www.uartes.edu.ec\/sitio\/fr\/blog\/author\/dircomadm\/"},"publishpress_future_workflow_manual_trigger":{"enabledWorkflows":[]},"distributor_meta":false,"distributor_terms":false,"distributor_media":false,"distributor_original_site_name":"Universidad de las Artes","distributor_original_site_url":"https:\/\/www.uartes.edu.ec\/sitio\/fr","push-errors":false,"_links":{"self":[{"href":"https:\/\/www.uartes.edu.ec\/sitio\/fr\/wp-json\/wp\/v2\/posts\/930","targetHints":{"allow":["GET"]}}],"collection":[{"href":"https:\/\/www.uartes.edu.ec\/sitio\/fr\/wp-json\/wp\/v2\/posts"}],"about":[{"href":"https:\/\/www.uartes.edu.ec\/sitio\/fr\/wp-json\/wp\/v2\/types\/post"}],"author":[{"embeddable":true,"href":"https:\/\/www.uartes.edu.ec\/sitio\/fr\/wp-json\/wp\/v2\/users\/1"}],"replies":[{"embeddable":true,"href":"https:\/\/www.uartes.edu.ec\/sitio\/fr\/wp-json\/wp\/v2\/comments?post=930"}],"version-history":[{"count":1,"href":"https:\/\/www.uartes.edu.ec\/sitio\/fr\/wp-json\/wp\/v2\/posts\/930\/revisions"}],"predecessor-version":[{"id":57948,"href":"https:\/\/www.uartes.edu.ec\/sitio\/fr\/wp-json\/wp\/v2\/posts\/930\/revisions\/57948"}],"wp:featuredmedia":[{"embeddable":true,"href":"https:\/\/www.uartes.edu.ec\/sitio\/fr\/wp-json\/"}],"wp:attachment":[{"href":"https:\/\/www.uartes.edu.ec\/sitio\/fr\/wp-json\/wp\/v2\/media?parent=930"}],"wp:term":[{"taxonomy":"category","embeddable":true,"href":"https:\/\/www.uartes.edu.ec\/sitio\/fr\/wp-json\/wp\/v2\/categories?post=930"},{"taxonomy":"post_tag","embeddable":true,"href":"https:\/\/www.uartes.edu.ec\/sitio\/fr\/wp-json\/wp\/v2\/tags?post=930"},{"taxonomy":"infouartes","embeddable":true,"href":"https:\/\/www.uartes.edu.ec\/sitio\/fr\/wp-json\/wp\/v2\/infouartes?post=930"}],"curies":[{"name":"wp","href":"https:\/\/api.w.org\/{rel}","templated":true}]}}