{"id":935,"date":"2017-11-01T16:13:58","date_gmt":"2017-11-01T21:13:58","guid":{"rendered":"http:\/\/www.uartes.edu.ec\/infouartes\/?p=935"},"modified":"2024-07-04T11:54:07","modified_gmt":"2024-07-04T16:54:07","slug":"libre-libro-2017-aborda-la-ciudad-desde-la-ficcion","status":"publish","type":"post","link":"https:\/\/www.uartes.edu.ec\/sitio\/fr\/blog\/2017\/11\/01\/libre-libro-2017-aborda-la-ciudad-desde-la-ficcion\/","title":{"rendered":"Libre Libro 2017 aborda la ciudad desde la ficci\u00f3n"},"content":{"rendered":"<p>La\u00a0Universidad de las Artes del Ecuador\u00a0(UArtes), por tercera ocasi\u00f3n, presenta el Encuentro de Editores y Feria de Libros Independientes, Libre Libro, del 14 al 18 de noviembre de 2017. En esta ocasi\u00f3n se realiza en conjunto con el Festival Desembarco Po\u00e9tico, Pleamar 6.<\/p>\n<p>Libre Libro extiende las interacciones que se dieron en el mes de octubre en Interactos, Encuentros P\u00fablicos de Artes, y propone generar di\u00e1logos y acercamientos entre los artistas, investigadores, estudiantes y ciudadan\u00eda, de la escena ecuatoriana e internacional.<\/p>\n<p>A trav\u00e9s de Libre Libro, la UArtes crea v\u00ednculos con las editoriales y librer\u00edas independientes, con la intenci\u00f3n de fomentar las industrias culturales en torno al libro, la edici\u00f3n y la escritura. A prop\u00f3sito de la carrera de Literatura y el itinerario Kichwa\/Shuar, la UArtes promueve espacios de formaci\u00f3n en \u00e1mbitos no formales, es decir, un aula abierta con talleres, di\u00e1logos y conversatorios que sirven como laboratorios para los estudiantes.<\/p>\n<p>En esta tercera edici\u00f3n, Libre Libro se enfoca en el tema de Ciudad y Ficci\u00f3n. En este contexto, se realizar\u00e1n mesas de creaci\u00f3n, ponencias sobre relatos de viajes, pasiones y amantes en el siglo XIX, metaficci\u00f3n, entre otros temas. Se realizar\u00e1n adem\u00e1s, presentaciones de libros, talleres de creaci\u00f3n y encuadernaci\u00f3n, mesas cr\u00edticas sobre investigaciones en torno a la literatura ecuatoriana, di\u00e1logos entre editores, libreros y escritores.<\/p>\n<p>Participan en esta tercera edici\u00f3n, de la escena internacional, Patricio Pron (Argentina), Marilyn Bobes (Cuba), Ram\u00f3n Cote Baraibar (Colombia); del \u00e1mbito nacional, Segundo Wi\u00f1achi, Icarri Kowi, Raquel Ant\u00fan, \u00c1lvaro Alem\u00e1n, Marcelo B\u00e1ez Meza, Jorge Vargas, Amanda Pazmi\u00f1o, Andrea Lecaro, Arawa, Ver\u00f3nica Coello, Karina S\u00e1nchez, Ra\u00fal Vallejo, Solange Rodr\u00edguez Pappe, Mar\u00eda Paulina Briones, Juan Mart\u00edn Cueva, Lucila Lema, Andr\u00e9s Land\u00e1zuri, entre otros.<\/p>\n<p>La Feria de Libros se llevar\u00e1 a cabo los d\u00ecas 16, 17 y 18 en el Pasaje Illingworth, en la UArtes. Los lectores encontrar\u00e1n libros provenientes de 20 editoriales y librer\u00edas independientes, entre otras: Laguna Libro (Colombia), Cuneta (Chile), U\u00f1a Rota (Espa\u00f1a), Tolstoi Librer\u00eda, Librer\u00eda Rayuela, El Oso Lector, La Caracola, La Ca\u00edda<strong>, <\/strong>Asociaci\u00f3n de Editoriales Independientes, Editorial Rasgu\u00f1o.<\/p>\n<p>Con esta programaci\u00f3n, Libre Libro se une al fomento a la lectura que promueve el Ministerio de Cultura y Patrimonio a trav\u00e9s del Plan Nacional del Libro y la Lectura \u201cJos\u00e9 de la Cuadra\u201d, presentado el pasado 12 de septiembre de 2017 en Ibarra, con la intenci\u00f3n de \u201cformar lectores, gestores culturales, maestros, con conciencia cr\u00edtica, trabajadores de la cultura, l\u00edderes en sus ambientes socio-organizativos. Insurgentes de la palabra y de la vida. Cultura de resistencia\u201d, indic\u00f3 el Ministro de Cultura, Ra\u00fal P\u00e9rez Torres.<\/p>\n<p>La agenda completa de actividades la podr\u00e1n encontrar en <a href=\"http:\/\/www.uartes.edu.ec\/agua\/index.php\/libre-libro\/\">Agenda AGUA<\/a> o en el blog de <a href=\"https:\/\/librelibroblog.wordpress.com\/\">Libre Libro<\/a>.<\/p>","protected":false},"excerpt":{"rendered":"<p>La\u00a0Universidad de las Artes del Ecuador\u00a0(UArtes), por tercera ocasi\u00f3n, presenta el Encuentro de Editores y Feria de Libros Independientes, Libre Libro, del 14 al 18 de noviembre de 2017. En esta ocasi\u00f3n se realiza en conjunto con el Festival Desembarco Po\u00e9tico, Pleamar 6. Libre Libro extiende las interacciones que se dieron en el mes de [&hellip;]<\/p>\n","protected":false},"author":1,"featured_media":936,"comment_status":"closed","ping_status":"open","sticky":false,"template":"","format":"standard","meta":{"_acf_changed":false,"_uag_custom_page_level_css":"","_monsterinsights_skip_tracking":false,"_monsterinsights_sitenote_active":false,"_monsterinsights_sitenote_note":"","_monsterinsights_sitenote_category":0,"cybocfi_hide_featured_image":"","footnotes":""},"categories":[77],"tags":[],"infouartes":[],"class_list":["post-935","post","type-post","status-publish","format-standard","has-post-thumbnail","hentry","category-gestion"],"acf":[],"yoast_head":"<!-- This site is optimized with the Yoast SEO plugin v27.4 - https:\/\/yoast.com\/product\/yoast-seo-wordpress\/ -->\n<title>Universidad de las Artes - Libre Libro 2017 aborda la ciudad desde la ficci\u00f3n<\/title>\n<meta name=\"description\" content=\"Universidad de las Artes - Libre Libro 2017 aborda la ciudad desde la ficci\u00f3n\" \/>\n<meta name=\"robots\" content=\"index, follow, max-snippet:-1, max-image-preview:large, max-video-preview:-1\" \/>\n<link rel=\"canonical\" href=\"https:\/\/www.uartes.edu.ec\/sitio\/fr\/blog\/2017\/11\/01\/libre-libro-2017-aborda-la-ciudad-desde-la-ficcion\/\" \/>\n<meta property=\"og:locale\" content=\"fr_FR\" \/>\n<meta property=\"og:type\" content=\"article\" \/>\n<meta property=\"og:title\" content=\"Universidad de las Artes - Libre Libro 2017 aborda la ciudad desde la ficci\u00f3n\" \/>\n<meta property=\"og:description\" content=\"Universidad de las Artes - Libre Libro 2017 aborda la ciudad desde la ficci\u00f3n\" \/>\n<meta property=\"og:url\" content=\"https:\/\/www.uartes.edu.ec\/sitio\/fr\/blog\/2017\/11\/01\/libre-libro-2017-aborda-la-ciudad-desde-la-ficcion\/\" \/>\n<meta property=\"og:site_name\" content=\"Universidad de las Artes\" \/>\n<meta property=\"article:publisher\" content=\"https:\/\/www.facebook.com\/uartesec\" \/>\n<meta property=\"article:published_time\" content=\"2017-11-01T21:13:58+00:00\" \/>\n<meta property=\"article:modified_time\" content=\"2024-07-04T16:54:07+00:00\" \/>\n<meta name=\"author\" content=\"Universidad de las Artes\" \/>\n<meta name=\"twitter:card\" content=\"summary_large_image\" \/>\n<meta name=\"twitter:creator\" content=\"@uartesec\" \/>\n<meta name=\"twitter:site\" content=\"@uartesec\" \/>\n<meta name=\"twitter:label1\" content=\"\u00c9crit par\" \/>\n\t<meta name=\"twitter:data1\" content=\"Universidad de las Artes\" \/>\n\t<meta name=\"twitter:label2\" content=\"Dur\u00e9e de lecture estim\u00e9e\" \/>\n\t<meta name=\"twitter:data2\" content=\"2 minutes\" \/>\n<script type=\"application\/ld+json\" class=\"yoast-schema-graph\">{\"@context\":\"https:\\\/\\\/schema.org\",\"@graph\":[{\"@type\":\"Article\",\"@id\":\"https:\\\/\\\/www.uartes.edu.ec\\\/sitio\\\/fr\\\/blog\\\/2017\\\/11\\\/01\\\/libre-libro-2017-aborda-la-ciudad-desde-la-ficcion\\\/#article\",\"isPartOf\":{\"@id\":\"https:\\\/\\\/www.uartes.edu.ec\\\/sitio\\\/fr\\\/blog\\\/2017\\\/11\\\/01\\\/libre-libro-2017-aborda-la-ciudad-desde-la-ficcion\\\/\"},\"author\":{\"name\":\"Universidad de las Artes\",\"@id\":\"https:\\\/\\\/www.uartes.edu.ec\\\/sitio\\\/fr\\\/#\\\/schema\\\/person\\\/f33f8c1d2af0d5c80a38c8abf458184a\"},\"headline\":\"Libre Libro 2017 aborda la ciudad desde la ficci\u00f3n\",\"datePublished\":\"2017-11-01T21:13:58+00:00\",\"dateModified\":\"2024-07-04T16:54:07+00:00\",\"mainEntityOfPage\":{\"@id\":\"https:\\\/\\\/www.uartes.edu.ec\\\/sitio\\\/fr\\\/blog\\\/2017\\\/11\\\/01\\\/libre-libro-2017-aborda-la-ciudad-desde-la-ficcion\\\/\"},\"wordCount\":499,\"publisher\":{\"@id\":\"https:\\\/\\\/www.uartes.edu.ec\\\/sitio\\\/fr\\\/#organization\"},\"image\":{\"@id\":\"https:\\\/\\\/www.uartes.edu.ec\\\/sitio\\\/fr\\\/blog\\\/2017\\\/11\\\/01\\\/libre-libro-2017-aborda-la-ciudad-desde-la-ficcion\\\/#primaryimage\"},\"thumbnailUrl\":\"\",\"articleSection\":[\"Gesti\u00f3n\"],\"inLanguage\":\"fr-FR\"},{\"@type\":[\"WebPage\",\"ItemPage\"],\"@id\":\"https:\\\/\\\/www.uartes.edu.ec\\\/sitio\\\/fr\\\/blog\\\/2017\\\/11\\\/01\\\/libre-libro-2017-aborda-la-ciudad-desde-la-ficcion\\\/\",\"url\":\"https:\\\/\\\/www.uartes.edu.ec\\\/sitio\\\/fr\\\/blog\\\/2017\\\/11\\\/01\\\/libre-libro-2017-aborda-la-ciudad-desde-la-ficcion\\\/\",\"name\":\"Universidad de las Artes - Libre Libro 2017 aborda la ciudad desde la ficci\u00f3n\",\"isPartOf\":{\"@id\":\"https:\\\/\\\/www.uartes.edu.ec\\\/sitio\\\/fr\\\/#website\"},\"primaryImageOfPage\":{\"@id\":\"https:\\\/\\\/www.uartes.edu.ec\\\/sitio\\\/fr\\\/blog\\\/2017\\\/11\\\/01\\\/libre-libro-2017-aborda-la-ciudad-desde-la-ficcion\\\/#primaryimage\"},\"image\":{\"@id\":\"https:\\\/\\\/www.uartes.edu.ec\\\/sitio\\\/fr\\\/blog\\\/2017\\\/11\\\/01\\\/libre-libro-2017-aborda-la-ciudad-desde-la-ficcion\\\/#primaryimage\"},\"thumbnailUrl\":\"\",\"datePublished\":\"2017-11-01T21:13:58+00:00\",\"dateModified\":\"2024-07-04T16:54:07+00:00\",\"description\":\"Universidad de las Artes - Libre Libro 2017 aborda la ciudad desde la ficci\u00f3n\",\"breadcrumb\":{\"@id\":\"https:\\\/\\\/www.uartes.edu.ec\\\/sitio\\\/fr\\\/blog\\\/2017\\\/11\\\/01\\\/libre-libro-2017-aborda-la-ciudad-desde-la-ficcion\\\/#breadcrumb\"},\"inLanguage\":\"fr-FR\",\"potentialAction\":[{\"@type\":\"ReadAction\",\"target\":[\"https:\\\/\\\/www.uartes.edu.ec\\\/sitio\\\/fr\\\/blog\\\/2017\\\/11\\\/01\\\/libre-libro-2017-aborda-la-ciudad-desde-la-ficcion\\\/\"]}]},{\"@type\":\"ImageObject\",\"inLanguage\":\"fr-FR\",\"@id\":\"https:\\\/\\\/www.uartes.edu.ec\\\/sitio\\\/fr\\\/blog\\\/2017\\\/11\\\/01\\\/libre-libro-2017-aborda-la-ciudad-desde-la-ficcion\\\/#primaryimage\",\"url\":\"\",\"contentUrl\":\"\"},{\"@type\":\"BreadcrumbList\",\"@id\":\"https:\\\/\\\/www.uartes.edu.ec\\\/sitio\\\/fr\\\/blog\\\/2017\\\/11\\\/01\\\/libre-libro-2017-aborda-la-ciudad-desde-la-ficcion\\\/#breadcrumb\",\"itemListElement\":[{\"@type\":\"ListItem\",\"position\":1,\"name\":\"Inicio\",\"item\":\"https:\\\/\\\/www.uartes.edu.ec\\\/sitio\\\/\"},{\"@type\":\"ListItem\",\"position\":2,\"name\":\"Libre Libro 2017 aborda la ciudad desde la ficci\u00f3n\"}]},{\"@type\":\"WebSite\",\"@id\":\"https:\\\/\\\/www.uartes.edu.ec\\\/sitio\\\/fr\\\/#website\",\"url\":\"https:\\\/\\\/www.uartes.edu.ec\\\/sitio\\\/fr\\\/\",\"name\":\"Universidad de las Artes\",\"description\":\"Sitio oficial de la Universidad Nacional de las Artes del Ecuador\",\"publisher\":{\"@id\":\"https:\\\/\\\/www.uartes.edu.ec\\\/sitio\\\/fr\\\/#organization\"},\"potentialAction\":[{\"@type\":\"SearchAction\",\"target\":{\"@type\":\"EntryPoint\",\"urlTemplate\":\"https:\\\/\\\/www.uartes.edu.ec\\\/sitio\\\/fr\\\/?s={search_term_string}\"},\"query-input\":{\"@type\":\"PropertyValueSpecification\",\"valueRequired\":true,\"valueName\":\"search_term_string\"}}],\"inLanguage\":\"fr-FR\"},{\"@type\":\"Organization\",\"@id\":\"https:\\\/\\\/www.uartes.edu.ec\\\/sitio\\\/fr\\\/#organization\",\"name\":\"Universidad de las Artes\",\"url\":\"https:\\\/\\\/www.uartes.edu.ec\\\/sitio\\\/fr\\\/\",\"logo\":{\"@type\":\"ImageObject\",\"inLanguage\":\"fr-FR\",\"@id\":\"https:\\\/\\\/www.uartes.edu.ec\\\/sitio\\\/fr\\\/#\\\/schema\\\/logo\\\/image\\\/\",\"url\":\"https:\\\/\\\/www.uartes.edu.ec\\\/sitio\\\/wp-content\\\/uploads\\\/2022\\\/07\\\/logo-ua-horizontal.png\",\"contentUrl\":\"https:\\\/\\\/www.uartes.edu.ec\\\/sitio\\\/wp-content\\\/uploads\\\/2022\\\/07\\\/logo-ua-horizontal.png\",\"width\":800,\"height\":276,\"caption\":\"Universidad de las Artes\"},\"image\":{\"@id\":\"https:\\\/\\\/www.uartes.edu.ec\\\/sitio\\\/fr\\\/#\\\/schema\\\/logo\\\/image\\\/\"},\"sameAs\":[\"https:\\\/\\\/www.facebook.com\\\/uartesec\",\"https:\\\/\\\/x.com\\\/uartesec\",\"https:\\\/\\\/www.tiktok.com\\\/@uartesec\"]},{\"@type\":\"Person\",\"@id\":\"https:\\\/\\\/www.uartes.edu.ec\\\/sitio\\\/fr\\\/#\\\/schema\\\/person\\\/f33f8c1d2af0d5c80a38c8abf458184a\",\"name\":\"Universidad de las Artes\",\"image\":{\"@type\":\"ImageObject\",\"inLanguage\":\"fr-FR\",\"@id\":\"https:\\\/\\\/secure.gravatar.com\\\/avatar\\\/52e4757902f5cfa5ac52d020e5be83cae5487519154b6c35482fe08d589f3c13?s=96&d=mm&r=g\",\"url\":\"https:\\\/\\\/secure.gravatar.com\\\/avatar\\\/52e4757902f5cfa5ac52d020e5be83cae5487519154b6c35482fe08d589f3c13?s=96&d=mm&r=g\",\"contentUrl\":\"https:\\\/\\\/secure.gravatar.com\\\/avatar\\\/52e4757902f5cfa5ac52d020e5be83cae5487519154b6c35482fe08d589f3c13?s=96&d=mm&r=g\",\"caption\":\"Universidad de las Artes\"},\"url\":\"https:\\\/\\\/www.uartes.edu.ec\\\/sitio\\\/fr\\\/blog\\\/author\\\/dircomadm\\\/\"}]}<\/script>\n<!-- \/ Yoast SEO plugin. -->","yoast_head_json":{"title":"Universidad de las Artes - Libre Libro 2017 aborda la ciudad desde la ficci\u00f3n","description":"Universidad de las Artes - Libre Libro 2017 aborda la ciudad desde la ficci\u00f3n","robots":{"index":"index","follow":"follow","max-snippet":"max-snippet:-1","max-image-preview":"max-image-preview:large","max-video-preview":"max-video-preview:-1"},"canonical":"https:\/\/www.uartes.edu.ec\/sitio\/fr\/blog\/2017\/11\/01\/libre-libro-2017-aborda-la-ciudad-desde-la-ficcion\/","og_locale":"fr_FR","og_type":"article","og_title":"Universidad de las Artes - Libre Libro 2017 aborda la ciudad desde la ficci\u00f3n","og_description":"Universidad de las Artes - Libre Libro 2017 aborda la ciudad desde la ficci\u00f3n","og_url":"https:\/\/www.uartes.edu.ec\/sitio\/fr\/blog\/2017\/11\/01\/libre-libro-2017-aborda-la-ciudad-desde-la-ficcion\/","og_site_name":"Universidad de las Artes","article_publisher":"https:\/\/www.facebook.com\/uartesec","article_published_time":"2017-11-01T21:13:58+00:00","article_modified_time":"2024-07-04T16:54:07+00:00","author":"Universidad de las Artes","twitter_card":"summary_large_image","twitter_creator":"@uartesec","twitter_site":"@uartesec","twitter_misc":{"\u00c9crit par":"Universidad de las Artes","Dur\u00e9e de lecture estim\u00e9e":"2 minutes"},"schema":{"@context":"https:\/\/schema.org","@graph":[{"@type":"Article","@id":"https:\/\/www.uartes.edu.ec\/sitio\/fr\/blog\/2017\/11\/01\/libre-libro-2017-aborda-la-ciudad-desde-la-ficcion\/#article","isPartOf":{"@id":"https:\/\/www.uartes.edu.ec\/sitio\/fr\/blog\/2017\/11\/01\/libre-libro-2017-aborda-la-ciudad-desde-la-ficcion\/"},"author":{"name":"Universidad de las Artes","@id":"https:\/\/www.uartes.edu.ec\/sitio\/fr\/#\/schema\/person\/f33f8c1d2af0d5c80a38c8abf458184a"},"headline":"Libre Libro 2017 aborda la ciudad desde la ficci\u00f3n","datePublished":"2017-11-01T21:13:58+00:00","dateModified":"2024-07-04T16:54:07+00:00","mainEntityOfPage":{"@id":"https:\/\/www.uartes.edu.ec\/sitio\/fr\/blog\/2017\/11\/01\/libre-libro-2017-aborda-la-ciudad-desde-la-ficcion\/"},"wordCount":499,"publisher":{"@id":"https:\/\/www.uartes.edu.ec\/sitio\/fr\/#organization"},"image":{"@id":"https:\/\/www.uartes.edu.ec\/sitio\/fr\/blog\/2017\/11\/01\/libre-libro-2017-aborda-la-ciudad-desde-la-ficcion\/#primaryimage"},"thumbnailUrl":"","articleSection":["Gesti\u00f3n"],"inLanguage":"fr-FR"},{"@type":["WebPage","ItemPage"],"@id":"https:\/\/www.uartes.edu.ec\/sitio\/fr\/blog\/2017\/11\/01\/libre-libro-2017-aborda-la-ciudad-desde-la-ficcion\/","url":"https:\/\/www.uartes.edu.ec\/sitio\/fr\/blog\/2017\/11\/01\/libre-libro-2017-aborda-la-ciudad-desde-la-ficcion\/","name":"Universidad de las Artes - Libre Libro 2017 aborda la ciudad desde la ficci\u00f3n","isPartOf":{"@id":"https:\/\/www.uartes.edu.ec\/sitio\/fr\/#website"},"primaryImageOfPage":{"@id":"https:\/\/www.uartes.edu.ec\/sitio\/fr\/blog\/2017\/11\/01\/libre-libro-2017-aborda-la-ciudad-desde-la-ficcion\/#primaryimage"},"image":{"@id":"https:\/\/www.uartes.edu.ec\/sitio\/fr\/blog\/2017\/11\/01\/libre-libro-2017-aborda-la-ciudad-desde-la-ficcion\/#primaryimage"},"thumbnailUrl":"","datePublished":"2017-11-01T21:13:58+00:00","dateModified":"2024-07-04T16:54:07+00:00","description":"Universidad de las Artes - Libre Libro 2017 aborda la ciudad desde la ficci\u00f3n","breadcrumb":{"@id":"https:\/\/www.uartes.edu.ec\/sitio\/fr\/blog\/2017\/11\/01\/libre-libro-2017-aborda-la-ciudad-desde-la-ficcion\/#breadcrumb"},"inLanguage":"fr-FR","potentialAction":[{"@type":"ReadAction","target":["https:\/\/www.uartes.edu.ec\/sitio\/fr\/blog\/2017\/11\/01\/libre-libro-2017-aborda-la-ciudad-desde-la-ficcion\/"]}]},{"@type":"ImageObject","inLanguage":"fr-FR","@id":"https:\/\/www.uartes.edu.ec\/sitio\/fr\/blog\/2017\/11\/01\/libre-libro-2017-aborda-la-ciudad-desde-la-ficcion\/#primaryimage","url":"","contentUrl":""},{"@type":"BreadcrumbList","@id":"https:\/\/www.uartes.edu.ec\/sitio\/fr\/blog\/2017\/11\/01\/libre-libro-2017-aborda-la-ciudad-desde-la-ficcion\/#breadcrumb","itemListElement":[{"@type":"ListItem","position":1,"name":"Inicio","item":"https:\/\/www.uartes.edu.ec\/sitio\/"},{"@type":"ListItem","position":2,"name":"Libre Libro 2017 aborda la ciudad desde la ficci\u00f3n"}]},{"@type":"WebSite","@id":"https:\/\/www.uartes.edu.ec\/sitio\/fr\/#website","url":"https:\/\/www.uartes.edu.ec\/sitio\/fr\/","name":"Universidad de las Artes","description":"Sitio oficial de la Universidad Nacional de las Artes del Ecuador","publisher":{"@id":"https:\/\/www.uartes.edu.ec\/sitio\/fr\/#organization"},"potentialAction":[{"@type":"SearchAction","target":{"@type":"EntryPoint","urlTemplate":"https:\/\/www.uartes.edu.ec\/sitio\/fr\/?s={search_term_string}"},"query-input":{"@type":"PropertyValueSpecification","valueRequired":true,"valueName":"search_term_string"}}],"inLanguage":"fr-FR"},{"@type":"Organization","@id":"https:\/\/www.uartes.edu.ec\/sitio\/fr\/#organization","name":"Universidad de las Artes","url":"https:\/\/www.uartes.edu.ec\/sitio\/fr\/","logo":{"@type":"ImageObject","inLanguage":"fr-FR","@id":"https:\/\/www.uartes.edu.ec\/sitio\/fr\/#\/schema\/logo\/image\/","url":"https:\/\/www.uartes.edu.ec\/sitio\/wp-content\/uploads\/2022\/07\/logo-ua-horizontal.png","contentUrl":"https:\/\/www.uartes.edu.ec\/sitio\/wp-content\/uploads\/2022\/07\/logo-ua-horizontal.png","width":800,"height":276,"caption":"Universidad de las Artes"},"image":{"@id":"https:\/\/www.uartes.edu.ec\/sitio\/fr\/#\/schema\/logo\/image\/"},"sameAs":["https:\/\/www.facebook.com\/uartesec","https:\/\/x.com\/uartesec","https:\/\/www.tiktok.com\/@uartesec"]},{"@type":"Person","@id":"https:\/\/www.uartes.edu.ec\/sitio\/fr\/#\/schema\/person\/f33f8c1d2af0d5c80a38c8abf458184a","name":"Universidad de las Artes","image":{"@type":"ImageObject","inLanguage":"fr-FR","@id":"https:\/\/secure.gravatar.com\/avatar\/52e4757902f5cfa5ac52d020e5be83cae5487519154b6c35482fe08d589f3c13?s=96&d=mm&r=g","url":"https:\/\/secure.gravatar.com\/avatar\/52e4757902f5cfa5ac52d020e5be83cae5487519154b6c35482fe08d589f3c13?s=96&d=mm&r=g","contentUrl":"https:\/\/secure.gravatar.com\/avatar\/52e4757902f5cfa5ac52d020e5be83cae5487519154b6c35482fe08d589f3c13?s=96&d=mm&r=g","caption":"Universidad de las Artes"},"url":"https:\/\/www.uartes.edu.ec\/sitio\/fr\/blog\/author\/dircomadm\/"}]}},"uagb_featured_image_src":{"full":false,"thumbnail":false,"medium":false,"medium_large":false,"large":false,"1536x1536":false,"2048x2048":false,"trp-custom-language-flag":false,"htmega_size_585x295":false,"htmega_size_1170x536":false,"htmega_size_396x360":false,"gb-block-post-grid-landscape":false,"gb-block-post-grid-square":false,"university-hub-thumb":false,"mailpoet_newsletter_max":false},"uagb_author_info":{"display_name":"Universidad de las Artes","author_link":"https:\/\/www.uartes.edu.ec\/sitio\/fr\/blog\/author\/dircomadm\/"},"uagb_comment_info":0,"uagb_excerpt":"La\u00a0Universidad de las Artes del Ecuador\u00a0(UArtes), por tercera ocasi\u00f3n, presenta el Encuentro de Editores y Feria de Libros Independientes, Libre Libro, del 14 al 18 de noviembre de 2017. En esta ocasi\u00f3n se realiza en conjunto con el Festival Desembarco Po\u00e9tico, Pleamar 6. Libre Libro extiende las interacciones que se dieron en el mes de\u2026","featured_image_src":null,"featured_image_src_square":null,"author_info":{"display_name":"Universidad de las Artes","author_link":"https:\/\/www.uartes.edu.ec\/sitio\/fr\/blog\/author\/dircomadm\/"},"publishpress_future_workflow_manual_trigger":{"enabledWorkflows":[]},"distributor_meta":false,"distributor_terms":false,"distributor_media":false,"distributor_original_site_name":"Universidad de las Artes","distributor_original_site_url":"https:\/\/www.uartes.edu.ec\/sitio\/fr","push-errors":false,"_links":{"self":[{"href":"https:\/\/www.uartes.edu.ec\/sitio\/fr\/wp-json\/wp\/v2\/posts\/935","targetHints":{"allow":["GET"]}}],"collection":[{"href":"https:\/\/www.uartes.edu.ec\/sitio\/fr\/wp-json\/wp\/v2\/posts"}],"about":[{"href":"https:\/\/www.uartes.edu.ec\/sitio\/fr\/wp-json\/wp\/v2\/types\/post"}],"author":[{"embeddable":true,"href":"https:\/\/www.uartes.edu.ec\/sitio\/fr\/wp-json\/wp\/v2\/users\/1"}],"replies":[{"embeddable":true,"href":"https:\/\/www.uartes.edu.ec\/sitio\/fr\/wp-json\/wp\/v2\/comments?post=935"}],"version-history":[{"count":1,"href":"https:\/\/www.uartes.edu.ec\/sitio\/fr\/wp-json\/wp\/v2\/posts\/935\/revisions"}],"predecessor-version":[{"id":57947,"href":"https:\/\/www.uartes.edu.ec\/sitio\/fr\/wp-json\/wp\/v2\/posts\/935\/revisions\/57947"}],"wp:featuredmedia":[{"embeddable":true,"href":"https:\/\/www.uartes.edu.ec\/sitio\/fr\/wp-json\/"}],"wp:attachment":[{"href":"https:\/\/www.uartes.edu.ec\/sitio\/fr\/wp-json\/wp\/v2\/media?parent=935"}],"wp:term":[{"taxonomy":"category","embeddable":true,"href":"https:\/\/www.uartes.edu.ec\/sitio\/fr\/wp-json\/wp\/v2\/categories?post=935"},{"taxonomy":"post_tag","embeddable":true,"href":"https:\/\/www.uartes.edu.ec\/sitio\/fr\/wp-json\/wp\/v2\/tags?post=935"},{"taxonomy":"infouartes","embeddable":true,"href":"https:\/\/www.uartes.edu.ec\/sitio\/fr\/wp-json\/wp\/v2\/infouartes?post=935"}],"curies":[{"name":"wp","href":"https:\/\/api.w.org\/{rel}","templated":true}]}}