{"id":96533,"date":"2026-08-27T19:55:00","date_gmt":"2026-08-28T00:55:00","guid":{"rendered":"https:\/\/www.uartes.edu.ec\/sitio\/?p=96533"},"modified":"2026-09-01T19:58:19","modified_gmt":"2026-09-02T00:58:19","slug":"el-caso-furukawa-revivio-en-la-escena-a-traves-de-la-propuesta-teatral-cronicas-del-nunca-mas","status":"publish","type":"post","link":"https:\/\/www.uartes.edu.ec\/sitio\/fr\/blog\/2026\/08\/27\/el-caso-furukawa-revivio-en-la-escena-a-traves-de-la-propuesta-teatral-cronicas-del-nunca-mas\/","title":{"rendered":"\u201cCr\u00f3nicas del nunca m\u00e1s\u201d, arte esc\u00e9nico que evoca la huella, el clamor y las voces contra la explotaci\u00f3n del caso Furukawa"},"content":{"rendered":"<p class=\"wp-block-paragraph\">Maitt\u00e9 Mart\u00ednez, Aylin V\u00e1squez, Dayanna Gonz\u00e1lez, Sabaa Guerrero, Milena Baque y Pablo Flores, estudiantes en proceso de titulaci\u00f3n de la UArtes, presentaron la obra \u201cCr\u00f3nicas del nunca m\u00e1s: caso Furukawa\u201d en el Espacio Mu\u00e9gano Teatro. La puesta en escena form\u00f3 parte de Aula Escena, evento hito de la Escuela de Artes Esc\u00e9nicas que exhibe los resultados de los procesos formativos de su alumnado.<\/p>\n\n\n\n<p class=\"wp-block-paragraph\">Bajo la direcci\u00f3n de&nbsp;Mat\u00edas Belmar,&nbsp;fundador de C\u00edrculo Artes Esc\u00e9nicas, y con la sonorizaci\u00f3n en vivo de&nbsp;Jorge Grefa, el montaje tuvo tres funciones los d\u00edas 21, 22 y 23 de agosto y evoca las sombras de la explotaci\u00f3n laboral y de servidumbre de la gleba impuestas durante casi seis d\u00e9cadas en Ecuador por la empresa abacalera de capital japon\u00e9s Furukawa Plantaciones C.A.<\/p>\n\n\n\n<p class=\"wp-block-paragraph\">Cientos de familias \u2013en su mayor\u00eda afrodescendientes\u2013 habitaron a lo largo del periodo se\u00f1alado las haciendas de abac\u00e1, desprovistas de agua potable, electricidad, salud, educaci\u00f3n y contratos laborales formales. Sus d\u00edas transcurrieron en jornadas extenuantes bajo un yugo que la justicia reconocer\u00eda m\u00e1s tarde como una tr\u00e1gica forma de esclavitud moderna.<\/p>\n\n\n<div class=\"wp-block-image\">\n<figure class=\"aligncenter size-large\"><img fetchpriority=\"high\" decoding=\"async\" width=\"644\" height=\"429\" src=\"https:\/\/www.uartes.edu.ec\/sitio\/wp-content\/uploads\/2026\/09\/Proyecto-Cambiar-tamano-de-imagen-09-de-enero-de-2026-13.22.30-2026-09-01T194924.832-644x429.jpeg\" alt=\"\" class=\"wp-image-96535\" srcset=\"https:\/\/www.uartes.edu.ec\/sitio\/wp-content\/uploads\/2026\/09\/Proyecto-Cambiar-tamano-de-imagen-09-de-enero-de-2026-13.22.30-2026-09-01T194924.832-644x429.jpeg 644w, https:\/\/www.uartes.edu.ec\/sitio\/wp-content\/uploads\/2026\/09\/Proyecto-Cambiar-tamano-de-imagen-09-de-enero-de-2026-13.22.30-2026-09-01T194924.832-767x511.jpeg 767w, https:\/\/www.uartes.edu.ec\/sitio\/wp-content\/uploads\/2026\/09\/Proyecto-Cambiar-tamano-de-imagen-09-de-enero-de-2026-13.22.30-2026-09-01T194924.832-300x200.jpeg 300w, https:\/\/www.uartes.edu.ec\/sitio\/wp-content\/uploads\/2026\/09\/Proyecto-Cambiar-tamano-de-imagen-09-de-enero-de-2026-13.22.30-2026-09-01T194924.832-1536x1024.jpeg 1536w, https:\/\/www.uartes.edu.ec\/sitio\/wp-content\/uploads\/2026\/09\/Proyecto-Cambiar-tamano-de-imagen-09-de-enero-de-2026-13.22.30-2026-09-01T194924.832-18x12.jpeg 18w, https:\/\/www.uartes.edu.ec\/sitio\/wp-content\/uploads\/2026\/09\/Proyecto-Cambiar-tamano-de-imagen-09-de-enero-de-2026-13.22.30-2026-09-01T194924.832-600x400.jpeg 600w, https:\/\/www.uartes.edu.ec\/sitio\/wp-content\/uploads\/2026\/09\/Proyecto-Cambiar-tamano-de-imagen-09-de-enero-de-2026-13.22.30-2026-09-01T194924.832-400x266.jpeg 400w, https:\/\/www.uartes.edu.ec\/sitio\/wp-content\/uploads\/2026\/09\/Proyecto-Cambiar-tamano-de-imagen-09-de-enero-de-2026-13.22.30-2026-09-01T194924.832.jpeg 2000w\" sizes=\"(max-width: 644px) 100vw, 644px\" \/><\/figure>\n<\/div>\n\n\n<p class=\"wp-block-paragraph\">La puesta en escena result\u00f3 una denuncia a la esclavitud moderna, en la que el cuerpo humano es capaz de contar un sinf\u00edn de historias desde el gesto y la ocupaci\u00f3n del espacio, pero tambi\u00e9n marca a su audiencia cuando relata medio siglo de sufrimiento a las narices de una democracia en decadencia.<\/p>\n\n\n\n<p class=\"wp-block-paragraph\">En el montaje, los actores no cumplen roles fijos;&nbsp;son cronistas corporales de la historia del pa\u00eds, desde la \u00f3ptica de los obreros de las plantaciones de un grupo japon\u00e9s que empez\u00f3 a producir en 1964.<\/p>\n\n\n\n<p class=\"wp-block-paragraph\">Construyen im\u00e1genes sin necesidad de utiler\u00eda compleja: una soga de abac\u00e1 no representa literalmente un avi\u00f3n, sino que los cuerpos lo materializan. Un actor es la silla, el otro es el pasajero, e intercambian funciones en escena para luego convertirse en obreros distintos, sin salir de la acci\u00f3n ni requerir radicales cambios de vestuario.&nbsp;El relato avanza sin cortes, exigiendo a un espectador activo que acepte esta multiplicidad de roles.<\/p>\n\n\n\n<p class=\"wp-block-paragraph\">No hay intromisiones, pausas, ni silencios continuos. A trav\u00e9s de su sonorizaci\u00f3n y la resonancia de las voces variopintas del elenco, el paso del tiempo se describe entre la crudeza y la gracia.&nbsp;Peque\u00f1os chistes no opacan la denuncia, sino que se mezclan con la transformaci\u00f3n f\u00edsica para definir el absurdismo&nbsp;que atraviesa la historia nacional cuando se la interpreta desde el dolor obrero.<\/p>\n\n\n\n<p class=\"wp-block-paragraph\">De c\u00f3mo el pa\u00eds entr\u00f3 a un r\u00e9gimen militar, de c\u00f3mo vivi\u00f3 la ca\u00edda de presidentes, de c\u00f3mo retorn\u00f3 a la democracia y, globalmente, se lleg\u00f3 a la luna y derribaron barreras fueron algunos de los momentos que, siendo hist\u00f3ricamente hitos, resultaron irrelevantes dentro de una explotaci\u00f3n que fue abanderada como&nbsp;esclavitud moderna.<\/p>\n\n\n<div class=\"wp-block-image\">\n<figure class=\"aligncenter size-large\"><img decoding=\"async\" width=\"644\" height=\"429\" src=\"https:\/\/www.uartes.edu.ec\/sitio\/wp-content\/uploads\/2026\/09\/Proyecto-Cambiar-tamano-de-imagen-09-de-enero-de-2026-13.22.30-2026-09-01T194726.750-644x429.jpeg\" alt=\"\" class=\"wp-image-96536\" srcset=\"https:\/\/www.uartes.edu.ec\/sitio\/wp-content\/uploads\/2026\/09\/Proyecto-Cambiar-tamano-de-imagen-09-de-enero-de-2026-13.22.30-2026-09-01T194726.750-644x429.jpeg 644w, https:\/\/www.uartes.edu.ec\/sitio\/wp-content\/uploads\/2026\/09\/Proyecto-Cambiar-tamano-de-imagen-09-de-enero-de-2026-13.22.30-2026-09-01T194726.750-300x200.jpeg 300w, https:\/\/www.uartes.edu.ec\/sitio\/wp-content\/uploads\/2026\/09\/Proyecto-Cambiar-tamano-de-imagen-09-de-enero-de-2026-13.22.30-2026-09-01T194726.750-767x511.jpeg 767w, https:\/\/www.uartes.edu.ec\/sitio\/wp-content\/uploads\/2026\/09\/Proyecto-Cambiar-tamano-de-imagen-09-de-enero-de-2026-13.22.30-2026-09-01T194726.750-1536x1024.jpeg 1536w, https:\/\/www.uartes.edu.ec\/sitio\/wp-content\/uploads\/2026\/09\/Proyecto-Cambiar-tamano-de-imagen-09-de-enero-de-2026-13.22.30-2026-09-01T194726.750-18x12.jpeg 18w, https:\/\/www.uartes.edu.ec\/sitio\/wp-content\/uploads\/2026\/09\/Proyecto-Cambiar-tamano-de-imagen-09-de-enero-de-2026-13.22.30-2026-09-01T194726.750-600x400.jpeg 600w, https:\/\/www.uartes.edu.ec\/sitio\/wp-content\/uploads\/2026\/09\/Proyecto-Cambiar-tamano-de-imagen-09-de-enero-de-2026-13.22.30-2026-09-01T194726.750-400x266.jpeg 400w, https:\/\/www.uartes.edu.ec\/sitio\/wp-content\/uploads\/2026\/09\/Proyecto-Cambiar-tamano-de-imagen-09-de-enero-de-2026-13.22.30-2026-09-01T194726.750.jpeg 2000w\" sizes=\"(max-width: 644px) 100vw, 644px\" \/><\/figure>\n<\/div>\n\n\n<p class=\"wp-block-paragraph\">Texto: Carmen Cortez\/Dircom, con la colaboraci\u00f3n de Mario Correa, a cargo de la producci\u00f3n de Aula Escena. Fotos: Mario Correa.<\/p>","protected":false},"excerpt":{"rendered":"<p>Maitt\u00e9 Mart\u00ednez, Aylin V\u00e1squez, Dayanna Gonz\u00e1lez, Sabaa Guerrero, Milena Baque y Pablo Flores, estudiantes en proceso de titulaci\u00f3n de la UArtes, presentaron la obra \u201cCr\u00f3nicas del nunca m\u00e1s: caso Furukawa\u201d en el Espacio Mu\u00e9gano Teatro. La puesta en escena form\u00f3 parte de Aula Escena, evento hito de la Escuela de Artes Esc\u00e9nicas que exhibe los resultados de los procesos formativos de su alumnado.<\/p>","protected":false},"author":10,"featured_media":96534,"comment_status":"open","ping_status":"open","sticky":false,"template":"","format":"standard","meta":{"_acf_changed":false,"_uag_custom_page_level_css":"","_monsterinsights_skip_tracking":false,"cybocfi_hide_featured_image":"","footnotes":""},"categories":[80,82,159,75,76,284],"tags":[518],"infouartes":[],"class_list":["post-96533","post","type-post","status-publish","format-standard","has-post-thumbnail","hentry","category-academico","category-artes","category-artes-escenicas","category-docentes","category-estudiantes","category-investigacion","tag-produccion"],"acf":[],"yoast_head":"<!-- This site is optimized with the Yoast SEO plugin v28.3 - https:\/\/yoast.com\/product\/yoast-seo-wordpress\/ -->\n<title>Universidad de las Artes - \u201cCr\u00f3nicas del nunca m\u00e1s\u201d, arte esc\u00e9nico que evoca la huella, el clamor y las voces contra la explotaci\u00f3n del caso Furukawa<\/title>\n<meta name=\"description\" content=\"Universidad de las Artes - \u201cCr\u00f3nicas del nunca m\u00e1s\u201d, arte esc\u00e9nico que evoca la huella, el clamor y las voces contra la explotaci\u00f3n del caso Furukawa\" \/>\n<meta name=\"robots\" content=\"index, follow, max-snippet:-1, max-image-preview:large, max-video-preview:-1\" \/>\n<link rel=\"canonical\" href=\"https:\/\/www.uartes.edu.ec\/sitio\/fr\/blog\/2026\/08\/27\/el-caso-furukawa-revivio-en-la-escena-a-traves-de-la-propuesta-teatral-cronicas-del-nunca-mas\/\" \/>\n<meta property=\"og:locale\" content=\"fr_FR\" \/>\n<meta property=\"og:type\" content=\"article\" \/>\n<meta property=\"og:title\" content=\"Universidad de las Artes - \u201cCr\u00f3nicas del nunca m\u00e1s\u201d, arte esc\u00e9nico que evoca la huella, el clamor y las voces contra la explotaci\u00f3n del caso Furukawa\" \/>\n<meta property=\"og:description\" content=\"Universidad de las Artes - \u201cCr\u00f3nicas del nunca m\u00e1s\u201d, arte esc\u00e9nico que evoca la huella, el clamor y las voces contra la explotaci\u00f3n del caso Furukawa\" \/>\n<meta property=\"og:url\" content=\"https:\/\/www.uartes.edu.ec\/sitio\/fr\/blog\/2026\/08\/27\/el-caso-furukawa-revivio-en-la-escena-a-traves-de-la-propuesta-teatral-cronicas-del-nunca-mas\/\" \/>\n<meta property=\"og:site_name\" content=\"Universidad de las Artes\" \/>\n<meta property=\"article:publisher\" content=\"https:\/\/www.facebook.com\/uartesec\" \/>\n<meta property=\"article:published_time\" content=\"2026-08-28T00:55:00+00:00\" \/>\n<meta property=\"article:modified_time\" content=\"2026-09-02T00:58:19+00:00\" \/>\n<meta property=\"og:image\" content=\"https:\/\/www.uartes.edu.ec\/sitio\/wp-content\/uploads\/2026\/09\/Proyecto-Cambiar-tamano-de-imagen-09-de-enero-de-2026-13.22.30-2026-09-01T194618.272.jpeg\" \/>\n\t<meta property=\"og:image:width\" content=\"2000\" \/>\n\t<meta property=\"og:image:height\" content=\"1333\" \/>\n\t<meta property=\"og:image:type\" content=\"image\/jpeg\" \/>\n<meta name=\"author\" content=\"ccortez\" \/>\n<meta name=\"twitter:card\" content=\"summary_large_image\" \/>\n<meta name=\"twitter:creator\" content=\"@uartesec\" \/>\n<meta name=\"twitter:site\" content=\"@uartesec\" \/>\n<meta name=\"twitter:label1\" content=\"\u00c9crit par\" \/>\n\t<meta name=\"twitter:data1\" content=\"ccortez\" \/>\n\t<meta name=\"twitter:label2\" content=\"Dur\u00e9e de lecture estim\u00e9e\" \/>\n\t<meta name=\"twitter:data2\" content=\"3 minutes\" \/>\n<script type=\"application\/ld+json\" class=\"yoast-schema-graph\">{\"@context\":\"https:\\\/\\\/schema.org\",\"@graph\":[{\"@type\":\"Article\",\"@id\":\"https:\\\/\\\/www.uartes.edu.ec\\\/sitio\\\/fr\\\/blog\\\/2026\\\/08\\\/27\\\/el-caso-furukawa-revivio-en-la-escena-a-traves-de-la-propuesta-teatral-cronicas-del-nunca-mas\\\/#article\",\"isPartOf\":{\"@id\":\"https:\\\/\\\/www.uartes.edu.ec\\\/sitio\\\/fr\\\/blog\\\/2026\\\/08\\\/27\\\/el-caso-furukawa-revivio-en-la-escena-a-traves-de-la-propuesta-teatral-cronicas-del-nunca-mas\\\/\"},\"author\":{\"name\":\"ccortez\",\"@id\":\"https:\\\/\\\/www.uartes.edu.ec\\\/sitio\\\/fr\\\/#\\\/schema\\\/person\\\/efa1b8275797664fd7f13a79ccc0b1f4\"},\"headline\":\"\u201cCr\u00f3nicas del nunca m\u00e1s\u201d, arte esc\u00e9nico que evoca la huella, el clamor y las voces contra la explotaci\u00f3n del caso Furukawa\",\"datePublished\":\"2026-08-28T00:55:00+00:00\",\"dateModified\":\"2026-09-02T00:58:19+00:00\",\"mainEntityOfPage\":{\"@id\":\"https:\\\/\\\/www.uartes.edu.ec\\\/sitio\\\/fr\\\/blog\\\/2026\\\/08\\\/27\\\/el-caso-furukawa-revivio-en-la-escena-a-traves-de-la-propuesta-teatral-cronicas-del-nunca-mas\\\/\"},\"wordCount\":553,\"commentCount\":0,\"publisher\":{\"@id\":\"https:\\\/\\\/www.uartes.edu.ec\\\/sitio\\\/fr\\\/#organization\"},\"image\":{\"@id\":\"https:\\\/\\\/www.uartes.edu.ec\\\/sitio\\\/fr\\\/blog\\\/2026\\\/08\\\/27\\\/el-caso-furukawa-revivio-en-la-escena-a-traves-de-la-propuesta-teatral-cronicas-del-nunca-mas\\\/#primaryimage\"},\"thumbnailUrl\":\"https:\\\/\\\/www.uartes.edu.ec\\\/sitio\\\/wp-content\\\/uploads\\\/2026\\\/09\\\/Proyecto-Cambiar-tamano-de-imagen-09-de-enero-de-2026-13.22.30-2026-09-01T194618.272.jpeg\",\"keywords\":[\"producci\u00f3n\"],\"articleSection\":[\"Acad\u00e9mico\",\"Artes\",\"Artes Esc\u00e9nicas\",\"Docentes\",\"Estudiantes\",\"Investigaci\u00f3n\"],\"inLanguage\":\"fr-FR\",\"potentialAction\":[{\"@type\":\"CommentAction\",\"name\":\"Comment\",\"target\":[\"https:\\\/\\\/www.uartes.edu.ec\\\/sitio\\\/fr\\\/blog\\\/2026\\\/08\\\/27\\\/el-caso-furukawa-revivio-en-la-escena-a-traves-de-la-propuesta-teatral-cronicas-del-nunca-mas\\\/#respond\"]}]},{\"@type\":[\"WebPage\",\"ItemPage\"],\"@id\":\"https:\\\/\\\/www.uartes.edu.ec\\\/sitio\\\/fr\\\/blog\\\/2026\\\/08\\\/27\\\/el-caso-furukawa-revivio-en-la-escena-a-traves-de-la-propuesta-teatral-cronicas-del-nunca-mas\\\/\",\"url\":\"https:\\\/\\\/www.uartes.edu.ec\\\/sitio\\\/fr\\\/blog\\\/2026\\\/08\\\/27\\\/el-caso-furukawa-revivio-en-la-escena-a-traves-de-la-propuesta-teatral-cronicas-del-nunca-mas\\\/\",\"name\":\"Universidad de las Artes - \u201cCr\u00f3nicas del nunca m\u00e1s\u201d, arte esc\u00e9nico que evoca la huella, el clamor y las voces contra la explotaci\u00f3n del caso Furukawa\",\"isPartOf\":{\"@id\":\"https:\\\/\\\/www.uartes.edu.ec\\\/sitio\\\/fr\\\/#website\"},\"primaryImageOfPage\":{\"@id\":\"https:\\\/\\\/www.uartes.edu.ec\\\/sitio\\\/fr\\\/blog\\\/2026\\\/08\\\/27\\\/el-caso-furukawa-revivio-en-la-escena-a-traves-de-la-propuesta-teatral-cronicas-del-nunca-mas\\\/#primaryimage\"},\"image\":{\"@id\":\"https:\\\/\\\/www.uartes.edu.ec\\\/sitio\\\/fr\\\/blog\\\/2026\\\/08\\\/27\\\/el-caso-furukawa-revivio-en-la-escena-a-traves-de-la-propuesta-teatral-cronicas-del-nunca-mas\\\/#primaryimage\"},\"thumbnailUrl\":\"https:\\\/\\\/www.uartes.edu.ec\\\/sitio\\\/wp-content\\\/uploads\\\/2026\\\/09\\\/Proyecto-Cambiar-tamano-de-imagen-09-de-enero-de-2026-13.22.30-2026-09-01T194618.272.jpeg\",\"datePublished\":\"2026-08-28T00:55:00+00:00\",\"dateModified\":\"2026-09-02T00:58:19+00:00\",\"description\":\"Universidad de las Artes - \u201cCr\u00f3nicas del nunca m\u00e1s\u201d, arte esc\u00e9nico que evoca la huella, el clamor y las voces contra la explotaci\u00f3n del caso Furukawa\",\"breadcrumb\":{\"@id\":\"https:\\\/\\\/www.uartes.edu.ec\\\/sitio\\\/fr\\\/blog\\\/2026\\\/08\\\/27\\\/el-caso-furukawa-revivio-en-la-escena-a-traves-de-la-propuesta-teatral-cronicas-del-nunca-mas\\\/#breadcrumb\"},\"inLanguage\":\"fr-FR\",\"potentialAction\":[{\"@type\":\"ReadAction\",\"target\":[\"https:\\\/\\\/www.uartes.edu.ec\\\/sitio\\\/fr\\\/blog\\\/2026\\\/08\\\/27\\\/el-caso-furukawa-revivio-en-la-escena-a-traves-de-la-propuesta-teatral-cronicas-del-nunca-mas\\\/\"]}]},{\"@type\":\"ImageObject\",\"inLanguage\":\"fr-FR\",\"@id\":\"https:\\\/\\\/www.uartes.edu.ec\\\/sitio\\\/fr\\\/blog\\\/2026\\\/08\\\/27\\\/el-caso-furukawa-revivio-en-la-escena-a-traves-de-la-propuesta-teatral-cronicas-del-nunca-mas\\\/#primaryimage\",\"url\":\"https:\\\/\\\/www.uartes.edu.ec\\\/sitio\\\/wp-content\\\/uploads\\\/2026\\\/09\\\/Proyecto-Cambiar-tamano-de-imagen-09-de-enero-de-2026-13.22.30-2026-09-01T194618.272.jpeg\",\"contentUrl\":\"https:\\\/\\\/www.uartes.edu.ec\\\/sitio\\\/wp-content\\\/uploads\\\/2026\\\/09\\\/Proyecto-Cambiar-tamano-de-imagen-09-de-enero-de-2026-13.22.30-2026-09-01T194618.272.jpeg\",\"width\":2000,\"height\":1333},{\"@type\":\"BreadcrumbList\",\"@id\":\"https:\\\/\\\/www.uartes.edu.ec\\\/sitio\\\/fr\\\/blog\\\/2026\\\/08\\\/27\\\/el-caso-furukawa-revivio-en-la-escena-a-traves-de-la-propuesta-teatral-cronicas-del-nunca-mas\\\/#breadcrumb\",\"itemListElement\":[{\"@type\":\"ListItem\",\"position\":1,\"name\":\"Inicio\",\"item\":\"https:\\\/\\\/www.uartes.edu.ec\\\/sitio\\\/\"},{\"@type\":\"ListItem\",\"position\":2,\"name\":\"\u201cCr\u00f3nicas del nunca m\u00e1s\u201d, arte esc\u00e9nico que evoca la huella, el clamor y las voces contra la explotaci\u00f3n del caso Furukawa\"}]},{\"@type\":\"WebSite\",\"@id\":\"https:\\\/\\\/www.uartes.edu.ec\\\/sitio\\\/fr\\\/#website\",\"url\":\"https:\\\/\\\/www.uartes.edu.ec\\\/sitio\\\/fr\\\/\",\"name\":\"Universidad de las Artes\",\"description\":\"Sitio oficial de la Universidad Nacional de las Artes del Ecuador\",\"publisher\":{\"@id\":\"https:\\\/\\\/www.uartes.edu.ec\\\/sitio\\\/fr\\\/#organization\"},\"potentialAction\":[{\"@type\":\"SearchAction\",\"target\":{\"@type\":\"EntryPoint\",\"urlTemplate\":\"https:\\\/\\\/www.uartes.edu.ec\\\/sitio\\\/fr\\\/?s={search_term_string}\"},\"query-input\":{\"@type\":\"PropertyValueSpecification\",\"valueRequired\":true,\"valueName\":\"search_term_string\"}}],\"inLanguage\":\"fr-FR\"},{\"@type\":\"Organization\",\"@id\":\"https:\\\/\\\/www.uartes.edu.ec\\\/sitio\\\/fr\\\/#organization\",\"name\":\"Universidad de las Artes\",\"url\":\"https:\\\/\\\/www.uartes.edu.ec\\\/sitio\\\/fr\\\/\",\"logo\":{\"@type\":\"ImageObject\",\"inLanguage\":\"fr-FR\",\"@id\":\"https:\\\/\\\/www.uartes.edu.ec\\\/sitio\\\/fr\\\/#\\\/schema\\\/logo\\\/image\\\/\",\"url\":\"https:\\\/\\\/www.uartes.edu.ec\\\/sitio\\\/wp-content\\\/uploads\\\/2022\\\/07\\\/logo-ua-horizontal.png\",\"contentUrl\":\"https:\\\/\\\/www.uartes.edu.ec\\\/sitio\\\/wp-content\\\/uploads\\\/2022\\\/07\\\/logo-ua-horizontal.png\",\"width\":800,\"height\":276,\"caption\":\"Universidad de las Artes\"},\"image\":{\"@id\":\"https:\\\/\\\/www.uartes.edu.ec\\\/sitio\\\/fr\\\/#\\\/schema\\\/logo\\\/image\\\/\"},\"sameAs\":[\"https:\\\/\\\/www.facebook.com\\\/uartesec\",\"https:\\\/\\\/x.com\\\/uartesec\",\"https:\\\/\\\/www.tiktok.com\\\/@uartesec\"]},{\"@type\":\"Person\",\"@id\":\"https:\\\/\\\/www.uartes.edu.ec\\\/sitio\\\/fr\\\/#\\\/schema\\\/person\\\/efa1b8275797664fd7f13a79ccc0b1f4\",\"name\":\"ccortez\",\"image\":{\"@type\":\"ImageObject\",\"inLanguage\":\"fr-FR\",\"@id\":\"https:\\\/\\\/secure.gravatar.com\\\/avatar\\\/b2a6f664a3ae8e074346ef91775736c5ec479e637ecced6842de9dc98b5da9cd?s=96&d=mm&r=g\",\"url\":\"https:\\\/\\\/secure.gravatar.com\\\/avatar\\\/b2a6f664a3ae8e074346ef91775736c5ec479e637ecced6842de9dc98b5da9cd?s=96&d=mm&r=g\",\"contentUrl\":\"https:\\\/\\\/secure.gravatar.com\\\/avatar\\\/b2a6f664a3ae8e074346ef91775736c5ec479e637ecced6842de9dc98b5da9cd?s=96&d=mm&r=g\",\"caption\":\"ccortez\"},\"url\":\"https:\\\/\\\/www.uartes.edu.ec\\\/sitio\\\/fr\\\/blog\\\/author\\\/ccortez\\\/\"}]}<\/script>\n<!-- \/ Yoast SEO plugin. -->","yoast_head_json":{"title":"Universidad de las Artes - \u201cCr\u00f3nicas del nunca m\u00e1s\u201d, arte esc\u00e9nico que evoca la huella, el clamor y las voces contra la explotaci\u00f3n del caso Furukawa","description":"Universidad de las Artes - \u201cCr\u00f3nicas del nunca m\u00e1s\u201d, arte esc\u00e9nico que evoca la huella, el clamor y las voces contra la explotaci\u00f3n del caso Furukawa","robots":{"index":"index","follow":"follow","max-snippet":"max-snippet:-1","max-image-preview":"max-image-preview:large","max-video-preview":"max-video-preview:-1"},"canonical":"https:\/\/www.uartes.edu.ec\/sitio\/fr\/blog\/2026\/08\/27\/el-caso-furukawa-revivio-en-la-escena-a-traves-de-la-propuesta-teatral-cronicas-del-nunca-mas\/","og_locale":"fr_FR","og_type":"article","og_title":"Universidad de las Artes - \u201cCr\u00f3nicas del nunca m\u00e1s\u201d, arte esc\u00e9nico que evoca la huella, el clamor y las voces contra la explotaci\u00f3n del caso Furukawa","og_description":"Universidad de las Artes - \u201cCr\u00f3nicas del nunca m\u00e1s\u201d, arte esc\u00e9nico que evoca la huella, el clamor y las voces contra la explotaci\u00f3n del caso Furukawa","og_url":"https:\/\/www.uartes.edu.ec\/sitio\/fr\/blog\/2026\/08\/27\/el-caso-furukawa-revivio-en-la-escena-a-traves-de-la-propuesta-teatral-cronicas-del-nunca-mas\/","og_site_name":"Universidad de las Artes","article_publisher":"https:\/\/www.facebook.com\/uartesec","article_published_time":"2026-08-28T00:55:00+00:00","article_modified_time":"2026-09-02T00:58:19+00:00","og_image":[{"width":2000,"height":1333,"url":"https:\/\/www.uartes.edu.ec\/sitio\/wp-content\/uploads\/2026\/09\/Proyecto-Cambiar-tamano-de-imagen-09-de-enero-de-2026-13.22.30-2026-09-01T194618.272.jpeg","type":"image\/jpeg"}],"author":"ccortez","twitter_card":"summary_large_image","twitter_creator":"@uartesec","twitter_site":"@uartesec","twitter_misc":{"\u00c9crit par":"ccortez","Dur\u00e9e de lecture estim\u00e9e":"3 minutes"},"schema":{"@context":"https:\/\/schema.org","@graph":[{"@type":"Article","@id":"https:\/\/www.uartes.edu.ec\/sitio\/fr\/blog\/2026\/08\/27\/el-caso-furukawa-revivio-en-la-escena-a-traves-de-la-propuesta-teatral-cronicas-del-nunca-mas\/#article","isPartOf":{"@id":"https:\/\/www.uartes.edu.ec\/sitio\/fr\/blog\/2026\/08\/27\/el-caso-furukawa-revivio-en-la-escena-a-traves-de-la-propuesta-teatral-cronicas-del-nunca-mas\/"},"author":{"name":"ccortez","@id":"https:\/\/www.uartes.edu.ec\/sitio\/fr\/#\/schema\/person\/efa1b8275797664fd7f13a79ccc0b1f4"},"headline":"\u201cCr\u00f3nicas del nunca m\u00e1s\u201d, arte esc\u00e9nico que evoca la huella, el clamor y las voces contra la explotaci\u00f3n del caso Furukawa","datePublished":"2026-08-28T00:55:00+00:00","dateModified":"2026-09-02T00:58:19+00:00","mainEntityOfPage":{"@id":"https:\/\/www.uartes.edu.ec\/sitio\/fr\/blog\/2026\/08\/27\/el-caso-furukawa-revivio-en-la-escena-a-traves-de-la-propuesta-teatral-cronicas-del-nunca-mas\/"},"wordCount":553,"commentCount":0,"publisher":{"@id":"https:\/\/www.uartes.edu.ec\/sitio\/fr\/#organization"},"image":{"@id":"https:\/\/www.uartes.edu.ec\/sitio\/fr\/blog\/2026\/08\/27\/el-caso-furukawa-revivio-en-la-escena-a-traves-de-la-propuesta-teatral-cronicas-del-nunca-mas\/#primaryimage"},"thumbnailUrl":"https:\/\/www.uartes.edu.ec\/sitio\/wp-content\/uploads\/2026\/09\/Proyecto-Cambiar-tamano-de-imagen-09-de-enero-de-2026-13.22.30-2026-09-01T194618.272.jpeg","keywords":["producci\u00f3n"],"articleSection":["Acad\u00e9mico","Artes","Artes Esc\u00e9nicas","Docentes","Estudiantes","Investigaci\u00f3n"],"inLanguage":"fr-FR","potentialAction":[{"@type":"CommentAction","name":"Comment","target":["https:\/\/www.uartes.edu.ec\/sitio\/fr\/blog\/2026\/08\/27\/el-caso-furukawa-revivio-en-la-escena-a-traves-de-la-propuesta-teatral-cronicas-del-nunca-mas\/#respond"]}]},{"@type":["WebPage","ItemPage"],"@id":"https:\/\/www.uartes.edu.ec\/sitio\/fr\/blog\/2026\/08\/27\/el-caso-furukawa-revivio-en-la-escena-a-traves-de-la-propuesta-teatral-cronicas-del-nunca-mas\/","url":"https:\/\/www.uartes.edu.ec\/sitio\/fr\/blog\/2026\/08\/27\/el-caso-furukawa-revivio-en-la-escena-a-traves-de-la-propuesta-teatral-cronicas-del-nunca-mas\/","name":"Universidad de las Artes - \u201cCr\u00f3nicas del nunca m\u00e1s\u201d, arte esc\u00e9nico que evoca la huella, el clamor y las voces contra la explotaci\u00f3n del caso Furukawa","isPartOf":{"@id":"https:\/\/www.uartes.edu.ec\/sitio\/fr\/#website"},"primaryImageOfPage":{"@id":"https:\/\/www.uartes.edu.ec\/sitio\/fr\/blog\/2026\/08\/27\/el-caso-furukawa-revivio-en-la-escena-a-traves-de-la-propuesta-teatral-cronicas-del-nunca-mas\/#primaryimage"},"image":{"@id":"https:\/\/www.uartes.edu.ec\/sitio\/fr\/blog\/2026\/08\/27\/el-caso-furukawa-revivio-en-la-escena-a-traves-de-la-propuesta-teatral-cronicas-del-nunca-mas\/#primaryimage"},"thumbnailUrl":"https:\/\/www.uartes.edu.ec\/sitio\/wp-content\/uploads\/2026\/09\/Proyecto-Cambiar-tamano-de-imagen-09-de-enero-de-2026-13.22.30-2026-09-01T194618.272.jpeg","datePublished":"2026-08-28T00:55:00+00:00","dateModified":"2026-09-02T00:58:19+00:00","description":"Universidad de las Artes - \u201cCr\u00f3nicas del nunca m\u00e1s\u201d, arte esc\u00e9nico que evoca la huella, el clamor y las voces contra la explotaci\u00f3n del caso Furukawa","breadcrumb":{"@id":"https:\/\/www.uartes.edu.ec\/sitio\/fr\/blog\/2026\/08\/27\/el-caso-furukawa-revivio-en-la-escena-a-traves-de-la-propuesta-teatral-cronicas-del-nunca-mas\/#breadcrumb"},"inLanguage":"fr-FR","potentialAction":[{"@type":"ReadAction","target":["https:\/\/www.uartes.edu.ec\/sitio\/fr\/blog\/2026\/08\/27\/el-caso-furukawa-revivio-en-la-escena-a-traves-de-la-propuesta-teatral-cronicas-del-nunca-mas\/"]}]},{"@type":"ImageObject","inLanguage":"fr-FR","@id":"https:\/\/www.uartes.edu.ec\/sitio\/fr\/blog\/2026\/08\/27\/el-caso-furukawa-revivio-en-la-escena-a-traves-de-la-propuesta-teatral-cronicas-del-nunca-mas\/#primaryimage","url":"https:\/\/www.uartes.edu.ec\/sitio\/wp-content\/uploads\/2026\/09\/Proyecto-Cambiar-tamano-de-imagen-09-de-enero-de-2026-13.22.30-2026-09-01T194618.272.jpeg","contentUrl":"https:\/\/www.uartes.edu.ec\/sitio\/wp-content\/uploads\/2026\/09\/Proyecto-Cambiar-tamano-de-imagen-09-de-enero-de-2026-13.22.30-2026-09-01T194618.272.jpeg","width":2000,"height":1333},{"@type":"BreadcrumbList","@id":"https:\/\/www.uartes.edu.ec\/sitio\/fr\/blog\/2026\/08\/27\/el-caso-furukawa-revivio-en-la-escena-a-traves-de-la-propuesta-teatral-cronicas-del-nunca-mas\/#breadcrumb","itemListElement":[{"@type":"ListItem","position":1,"name":"Inicio","item":"https:\/\/www.uartes.edu.ec\/sitio\/"},{"@type":"ListItem","position":2,"name":"\u201cCr\u00f3nicas del nunca m\u00e1s\u201d, arte esc\u00e9nico que evoca la huella, el clamor y las voces contra la explotaci\u00f3n del caso Furukawa"}]},{"@type":"WebSite","@id":"https:\/\/www.uartes.edu.ec\/sitio\/fr\/#website","url":"https:\/\/www.uartes.edu.ec\/sitio\/fr\/","name":"l'Universit\u00e9 des Arts","description":"Sitio oficial de la Universidad Nacional de las Artes del Ecuador","publisher":{"@id":"https:\/\/www.uartes.edu.ec\/sitio\/fr\/#organization"},"potentialAction":[{"@type":"SearchAction","target":{"@type":"EntryPoint","urlTemplate":"https:\/\/www.uartes.edu.ec\/sitio\/fr\/?s={search_term_string}"},"query-input":{"@type":"PropertyValueSpecification","valueRequired":true,"valueName":"search_term_string"}}],"inLanguage":"fr-FR"},{"@type":"Organization","@id":"https:\/\/www.uartes.edu.ec\/sitio\/fr\/#organization","name":"l'Universit\u00e9 des Arts","url":"https:\/\/www.uartes.edu.ec\/sitio\/fr\/","logo":{"@type":"ImageObject","inLanguage":"fr-FR","@id":"https:\/\/www.uartes.edu.ec\/sitio\/fr\/#\/schema\/logo\/image\/","url":"https:\/\/www.uartes.edu.ec\/sitio\/wp-content\/uploads\/2022\/07\/logo-ua-horizontal.png","contentUrl":"https:\/\/www.uartes.edu.ec\/sitio\/wp-content\/uploads\/2022\/07\/logo-ua-horizontal.png","width":800,"height":276,"caption":"Universidad de las Artes"},"image":{"@id":"https:\/\/www.uartes.edu.ec\/sitio\/fr\/#\/schema\/logo\/image\/"},"sameAs":["https:\/\/www.facebook.com\/uartesec","https:\/\/x.com\/uartesec","https:\/\/www.tiktok.com\/@uartesec"]},{"@type":"Person","@id":"https:\/\/www.uartes.edu.ec\/sitio\/fr\/#\/schema\/person\/efa1b8275797664fd7f13a79ccc0b1f4","name":"ccortez","image":{"@type":"ImageObject","inLanguage":"fr-FR","@id":"https:\/\/secure.gravatar.com\/avatar\/b2a6f664a3ae8e074346ef91775736c5ec479e637ecced6842de9dc98b5da9cd?s=96&d=mm&r=g","url":"https:\/\/secure.gravatar.com\/avatar\/b2a6f664a3ae8e074346ef91775736c5ec479e637ecced6842de9dc98b5da9cd?s=96&d=mm&r=g","contentUrl":"https:\/\/secure.gravatar.com\/avatar\/b2a6f664a3ae8e074346ef91775736c5ec479e637ecced6842de9dc98b5da9cd?s=96&d=mm&r=g","caption":"ccortez"},"url":"https:\/\/www.uartes.edu.ec\/sitio\/fr\/blog\/author\/ccortez\/"}]}},"uagb_featured_image_src":{"full":["https:\/\/www.uartes.edu.ec\/sitio\/wp-content\/uploads\/2026\/09\/Proyecto-Cambiar-tamano-de-imagen-09-de-enero-de-2026-13.22.30-2026-09-01T194618.272.jpeg",2000,1333,false],"thumbnail":["https:\/\/www.uartes.edu.ec\/sitio\/wp-content\/uploads\/2026\/09\/Proyecto-Cambiar-tamano-de-imagen-09-de-enero-de-2026-13.22.30-2026-09-01T194618.272-150x150.jpeg",150,150,true],"medium":["https:\/\/www.uartes.edu.ec\/sitio\/wp-content\/uploads\/2026\/09\/Proyecto-Cambiar-tamano-de-imagen-09-de-enero-de-2026-13.22.30-2026-09-01T194618.272-300x200.jpeg",300,200,true],"medium_large":["https:\/\/www.uartes.edu.ec\/sitio\/wp-content\/uploads\/2026\/09\/Proyecto-Cambiar-tamano-de-imagen-09-de-enero-de-2026-13.22.30-2026-09-01T194618.272-768x512.jpeg",768,512,true],"large":["https:\/\/www.uartes.edu.ec\/sitio\/wp-content\/uploads\/2026\/09\/Proyecto-Cambiar-tamano-de-imagen-09-de-enero-de-2026-13.22.30-2026-09-01T194618.272-644x429.jpeg",644,429,true],"1536x1536":["https:\/\/www.uartes.edu.ec\/sitio\/wp-content\/uploads\/2026\/09\/Proyecto-Cambiar-tamano-de-imagen-09-de-enero-de-2026-13.22.30-2026-09-01T194618.272-1536x1024.jpeg",1536,1024,true],"2048x2048":["https:\/\/www.uartes.edu.ec\/sitio\/wp-content\/uploads\/2026\/09\/Proyecto-Cambiar-tamano-de-imagen-09-de-enero-de-2026-13.22.30-2026-09-01T194618.272.jpeg",2000,1333,false],"trp-custom-language-flag":["https:\/\/www.uartes.edu.ec\/sitio\/wp-content\/uploads\/2026\/09\/Proyecto-Cambiar-tamano-de-imagen-09-de-enero-de-2026-13.22.30-2026-09-01T194618.272-18x12.jpeg",18,12,true],"gb-block-post-grid-landscape":["https:\/\/www.uartes.edu.ec\/sitio\/wp-content\/uploads\/2026\/09\/Proyecto-Cambiar-tamano-de-imagen-09-de-enero-de-2026-13.22.30-2026-09-01T194618.272-600x400.jpeg",600,400,true],"gb-block-post-grid-square":["https:\/\/www.uartes.edu.ec\/sitio\/wp-content\/uploads\/2026\/09\/Proyecto-Cambiar-tamano-de-imagen-09-de-enero-de-2026-13.22.30-2026-09-01T194618.272-600x600.jpeg",600,600,true],"university-hub-thumb":["https:\/\/www.uartes.edu.ec\/sitio\/wp-content\/uploads\/2026\/09\/Proyecto-Cambiar-tamano-de-imagen-09-de-enero-de-2026-13.22.30-2026-09-01T194618.272-400x267.jpeg",400,267,true]},"uagb_author_info":{"display_name":"ccortez","author_link":"https:\/\/www.uartes.edu.ec\/sitio\/fr\/blog\/author\/ccortez\/"},"uagb_comment_info":0,"uagb_excerpt":"Maitt\u00e9 Mart\u00ednez, Aylin V\u00e1squez, Dayanna Gonz\u00e1lez, Sabaa Guerrero, Milena Baque y Pablo Flores, estudiantes en proceso de titulaci\u00f3n de la UArtes, presentaron la obra \u201cCr\u00f3nicas del nunca m\u00e1s: caso Furukawa\u201d en el Espacio Mu\u00e9gano Teatro. La puesta en escena form\u00f3 parte de Aula Escena, evento hito de la Escuela de Artes Esc\u00e9nicas que exhibe los\u2026","featured_image_src":"https:\/\/www.uartes.edu.ec\/sitio\/wp-content\/uploads\/2026\/09\/Proyecto-Cambiar-tamano-de-imagen-09-de-enero-de-2026-13.22.30-2026-09-01T194618.272-600x400.jpeg","featured_image_src_square":"https:\/\/www.uartes.edu.ec\/sitio\/wp-content\/uploads\/2026\/09\/Proyecto-Cambiar-tamano-de-imagen-09-de-enero-de-2026-13.22.30-2026-09-01T194618.272-600x600.jpeg","author_info":{"display_name":"ccortez","author_link":"https:\/\/www.uartes.edu.ec\/sitio\/fr\/blog\/author\/ccortez\/"},"publishpress_future_workflow_manual_trigger":{"enabledWorkflows":[]},"distributor_meta":false,"distributor_terms":false,"distributor_media":false,"distributor_original_site_name":"Universidad de las Artes","distributor_original_site_url":"https:\/\/www.uartes.edu.ec\/sitio\/fr","push-errors":false,"_links":{"self":[{"href":"https:\/\/www.uartes.edu.ec\/sitio\/fr\/wp-json\/wp\/v2\/posts\/96533","targetHints":{"allow":["GET"]}}],"collection":[{"href":"https:\/\/www.uartes.edu.ec\/sitio\/fr\/wp-json\/wp\/v2\/posts"}],"about":[{"href":"https:\/\/www.uartes.edu.ec\/sitio\/fr\/wp-json\/wp\/v2\/types\/post"}],"author":[{"embeddable":true,"href":"https:\/\/www.uartes.edu.ec\/sitio\/fr\/wp-json\/wp\/v2\/users\/10"}],"replies":[{"embeddable":true,"href":"https:\/\/www.uartes.edu.ec\/sitio\/fr\/wp-json\/wp\/v2\/comments?post=96533"}],"version-history":[{"count":3,"href":"https:\/\/www.uartes.edu.ec\/sitio\/fr\/wp-json\/wp\/v2\/posts\/96533\/revisions"}],"predecessor-version":[{"id":96545,"href":"https:\/\/www.uartes.edu.ec\/sitio\/fr\/wp-json\/wp\/v2\/posts\/96533\/revisions\/96545"}],"wp:featuredmedia":[{"embeddable":true,"href":"https:\/\/www.uartes.edu.ec\/sitio\/fr\/wp-json\/wp\/v2\/media\/96534"}],"wp:attachment":[{"href":"https:\/\/www.uartes.edu.ec\/sitio\/fr\/wp-json\/wp\/v2\/media?parent=96533"}],"wp:term":[{"taxonomy":"category","embeddable":true,"href":"https:\/\/www.uartes.edu.ec\/sitio\/fr\/wp-json\/wp\/v2\/categories?post=96533"},{"taxonomy":"post_tag","embeddable":true,"href":"https:\/\/www.uartes.edu.ec\/sitio\/fr\/wp-json\/wp\/v2\/tags?post=96533"},{"taxonomy":"infouartes","embeddable":true,"href":"https:\/\/www.uartes.edu.ec\/sitio\/fr\/wp-json\/wp\/v2\/infouartes?post=96533"}],"curies":[{"name":"wp","href":"https:\/\/api.w.org\/{rel}","templated":true}]}}