{"id":96667,"date":"2026-09-02T15:42:41","date_gmt":"2026-09-02T20:42:41","guid":{"rendered":"https:\/\/www.uartes.edu.ec\/sitio\/?p=96667"},"modified":"2026-09-03T18:48:56","modified_gmt":"2026-09-03T23:48:56","slug":"nohla-lynch-su-retorno-al-teatro-desde-la-uartes-y-la-experiencia-de-reconstruirse-como-creadora","status":"publish","type":"post","link":"https:\/\/www.uartes.edu.ec\/sitio\/fr\/blog\/2026\/09\/02\/nohla-lynch-su-retorno-al-teatro-desde-la-uartes-y-la-experiencia-de-reconstruirse-como-creadora\/","title":{"rendered":"Nohla Lynch, su retorno al teatro desde la Universidad de las Artes y el vital desaf\u00edo de reconstruirse como creadora esc\u00e9nica"},"content":{"rendered":"<p class=\"wp-block-paragraph\">Para Nohla Lynch Sacoto, llevar a escena \u201cUn hombre es un hombre\u201d de Bertolt Brecht dentro de su formaci\u00f3n en Creaci\u00f3n Teatral en la Universidad de las Artes represent\u00f3 una transici\u00f3n decisiva entre su amplia trayectoria previa como actriz y su consolidaci\u00f3n como creadora. A trav\u00e9s de una propuesta no naturalista inspirada en Robert Wilson, en la que asumi\u00f3 la interpretaci\u00f3n de la viuda Begbick, la narraci\u00f3n y el canto, la estudiante de la Escuela de Artes Esc\u00e9nicas explor\u00f3 la construcci\u00f3n del personaje desde el cuerpo, el ritmo y la imagen esc\u00e9nica.<\/p>\n\n\n\n<p class=\"wp-block-paragraph\">La obra se present\u00f3 en el marco de \u201cAula Escena\u201d, evento hito de la escuela UArtes, en el Museo Municipal, donde tuvo m\u00e1s funciones de las programadas, logrando trascender el espacio acad\u00e9mico con proyecciones de itinerancia cultural y reafirmando en la artista el valor de la seguridad en escena, la investigaci\u00f3n y la colaboraci\u00f3n comunitaria. <\/p>\n\n\n\n<p class=\"wp-block-paragraph\">Con Nohla Lynch, en la producci\u00f3n intervinieron sus compa\u00f1eros int\u00e9rpretes Michael Ord\u00f3\u00f1ez, Douglas Sol\u00eds, Melanie Cruz, Gibell Bueno, Bryan Guadamud y Ashen Herrera, estudiantes todos del cuarto semestre de la carrera; los dirigi\u00f3 el docente Lalo Santi.&nbsp; <\/p>\n\n\n\n<p class=\"wp-block-paragraph\">Nohla Lynch comparte con InfoUArtes y en primera persona las experiencias en el montaje teatral \u201cUn hombre es un hombre\u201d, as\u00ed como los pasos dados en el \u00e1mbito cultural y art\u00edstico, los cuales la encaminaron hacia la Universidad de las Artes para profesionalizar los conocimientos y saberes ganados: &nbsp;<\/p>\n\n\n\n<p class=\"wp-block-paragraph\">\u201cPara m\u00ed, este montaje ha sido una experiencia muy importante dentro de mi formaci\u00f3n. No solamente por el resultado de la obra, sino por todo lo que signific\u00f3 llegar hasta ah\u00ed. Siento que este montaje fue un puente entre la artista que ya era y la creadora teatral que estoy construyendo.&nbsp;<\/p>\n\n\n<div class=\"wp-block-image\">\n<figure class=\"aligncenter size-large\"><img fetchpriority=\"high\" decoding=\"async\" width=\"644\" height=\"429\" src=\"https:\/\/www.uartes.edu.ec\/sitio\/wp-content\/uploads\/2026\/09\/Proyecto-Cambiar-tamano-de-imagen-09-de-enero-de-2026-13.22.30-2026-09-01T124946.112-644x429.jpeg\" alt=\"\" class=\"wp-image-96669\" srcset=\"https:\/\/www.uartes.edu.ec\/sitio\/wp-content\/uploads\/2026\/09\/Proyecto-Cambiar-tamano-de-imagen-09-de-enero-de-2026-13.22.30-2026-09-01T124946.112-644x429.jpeg 644w, https:\/\/www.uartes.edu.ec\/sitio\/wp-content\/uploads\/2026\/09\/Proyecto-Cambiar-tamano-de-imagen-09-de-enero-de-2026-13.22.30-2026-09-01T124946.112-767x511.jpeg 767w, https:\/\/www.uartes.edu.ec\/sitio\/wp-content\/uploads\/2026\/09\/Proyecto-Cambiar-tamano-de-imagen-09-de-enero-de-2026-13.22.30-2026-09-01T124946.112-300x200.jpeg 300w, https:\/\/www.uartes.edu.ec\/sitio\/wp-content\/uploads\/2026\/09\/Proyecto-Cambiar-tamano-de-imagen-09-de-enero-de-2026-13.22.30-2026-09-01T124946.112-1536x1024.jpeg 1536w, https:\/\/www.uartes.edu.ec\/sitio\/wp-content\/uploads\/2026\/09\/Proyecto-Cambiar-tamano-de-imagen-09-de-enero-de-2026-13.22.30-2026-09-01T124946.112-600x400.jpeg 600w, https:\/\/www.uartes.edu.ec\/sitio\/wp-content\/uploads\/2026\/09\/Proyecto-Cambiar-tamano-de-imagen-09-de-enero-de-2026-13.22.30-2026-09-01T124946.112-18x12.jpeg 18w, https:\/\/www.uartes.edu.ec\/sitio\/wp-content\/uploads\/2026\/09\/Proyecto-Cambiar-tamano-de-imagen-09-de-enero-de-2026-13.22.30-2026-09-01T124946.112-400x266.jpeg 400w, https:\/\/www.uartes.edu.ec\/sitio\/wp-content\/uploads\/2026\/09\/Proyecto-Cambiar-tamano-de-imagen-09-de-enero-de-2026-13.22.30-2026-09-01T124946.112.jpeg 2000w\" sizes=\"(max-width: 644px) 100vw, 644px\" \/><\/figure>\n<\/div>\n\n\n<p class=\"wp-block-paragraph\">\u201cMi relaci\u00f3n con el teatro viene de hace muchos a\u00f1os. Mi trayectoria art\u00edstica comenz\u00f3 en los escenarios, en una \u00e9poca en la que las historias cobraban vida frente al p\u00fablico y donde el teatro conviv\u00eda tambi\u00e9n con la radio y la televisi\u00f3n. A lo largo de ese camino he trabajado como actriz y productora y he participado en diferentes proyectos audiovisuales. Despu\u00e9s de ese recorrido, estudiar Creaci\u00f3n Teatral en la Universidad de las Artes signific\u00f3 para m\u00ed volver al teatro desde otro lugar: desde el aprendizaje, la investigaci\u00f3n y la posibilidad de preguntarme qu\u00e9 quiero decir como creadora.&nbsp;<\/p>\n\n\n\n<p class=\"wp-block-paragraph\">\u201cEn este montaje partimos de \u2018Un hombre es un hombre\u2019, de&nbsp;Bertolt&nbsp;Brecht, y de la propuesta del docente de alejarnos del naturalismo, tomando como una de las referencias la est\u00e9tica de Robert Wilson. Esto nos llev\u00f3 a pensar de otra manera el cuerpo, el espacio, el vestuario, la imagen, el ritmo y la presencia del actor en escena. Poco a poco fuimos descubriendo que el personaje no ten\u00eda que construirse solamente desde lo psicol\u00f3gico, sino tambi\u00e9n desde el cuerpo y desde todos los elementos que componen la imagen esc\u00e9nica.&nbsp;<\/p>\n\n\n\n<p class=\"wp-block-paragraph\">\u201cEn mi caso tuve la oportunidad de asumir tres responsabilidades dentro de la obra: interpret\u00e9 a la viuda&nbsp;Begbick, particip\u00e9 como narradora y tambi\u00e9n cant\u00e9.&nbsp;Begbick&nbsp;fue un personaje que me interes\u00f3 mucho desde el comienzo. Me atrajo su fuerza, su manera de enfrentarse a las circunstancias y su capacidad para moverse dentro de un mundo donde todo parece estar en constante negociaci\u00f3n. Trabajarla desde una propuesta no naturalista fue un desaf\u00edo que disfrut\u00e9, porque me permiti\u00f3 explorar otras posibilidades como actriz y pensar el personaje m\u00e1s desde la presencia, el cuerpo y la imagen.&nbsp;<\/p>\n\n\n<div class=\"wp-block-image\">\n<figure class=\"aligncenter size-large\"><img decoding=\"async\" width=\"644\" height=\"429\" src=\"https:\/\/www.uartes.edu.ec\/sitio\/wp-content\/uploads\/2026\/09\/Proyecto-Cambiar-tamano-de-imagen-09-de-enero-de-2026-13.22.30-2026-09-01T124801.795-1-644x429.jpeg\" alt=\"\" class=\"wp-image-96670\" srcset=\"https:\/\/www.uartes.edu.ec\/sitio\/wp-content\/uploads\/2026\/09\/Proyecto-Cambiar-tamano-de-imagen-09-de-enero-de-2026-13.22.30-2026-09-01T124801.795-1-644x429.jpeg 644w, https:\/\/www.uartes.edu.ec\/sitio\/wp-content\/uploads\/2026\/09\/Proyecto-Cambiar-tamano-de-imagen-09-de-enero-de-2026-13.22.30-2026-09-01T124801.795-1-300x200.jpeg 300w, https:\/\/www.uartes.edu.ec\/sitio\/wp-content\/uploads\/2026\/09\/Proyecto-Cambiar-tamano-de-imagen-09-de-enero-de-2026-13.22.30-2026-09-01T124801.795-1-767x511.jpeg 767w, https:\/\/www.uartes.edu.ec\/sitio\/wp-content\/uploads\/2026\/09\/Proyecto-Cambiar-tamano-de-imagen-09-de-enero-de-2026-13.22.30-2026-09-01T124801.795-1-1536x1024.jpeg 1536w, https:\/\/www.uartes.edu.ec\/sitio\/wp-content\/uploads\/2026\/09\/Proyecto-Cambiar-tamano-de-imagen-09-de-enero-de-2026-13.22.30-2026-09-01T124801.795-1-18x12.jpeg 18w, https:\/\/www.uartes.edu.ec\/sitio\/wp-content\/uploads\/2026\/09\/Proyecto-Cambiar-tamano-de-imagen-09-de-enero-de-2026-13.22.30-2026-09-01T124801.795-1-600x400.jpeg 600w, https:\/\/www.uartes.edu.ec\/sitio\/wp-content\/uploads\/2026\/09\/Proyecto-Cambiar-tamano-de-imagen-09-de-enero-de-2026-13.22.30-2026-09-01T124801.795-1-400x266.jpeg 400w, https:\/\/www.uartes.edu.ec\/sitio\/wp-content\/uploads\/2026\/09\/Proyecto-Cambiar-tamano-de-imagen-09-de-enero-de-2026-13.22.30-2026-09-01T124801.795-1.jpeg 2000w\" sizes=\"(max-width: 644px) 100vw, 644px\" \/><\/figure>\n<\/div>\n\n\n<p class=\"wp-block-paragraph\">\u201cEl proceso no estuvo libre de dificultades. Como ocurre en todo trabajo colectivo, tuvimos desacuerdos, cansancio, situaciones personales y momentos que pusieron a prueba nuestra capacidad de trabajar juntos. Pero tambi\u00e9n aprendimos que una obra de teatro necesita del compromiso de todos. En alg\u00fan momento comprend\u00ed que el montaje termina siendo algo que debemos cuidar entre todos, porque cuando uno de nosotros falla, de alguna manera afecta a todo el proceso.&nbsp;<\/p>\n\n\n\n<p class=\"wp-block-paragraph\">\u201cFinalmente llegamos a las funciones y realizamos ocho presentaciones: seis para estudiantes de colegios y dos abiertas al p\u00fablico general, todas con lleno total. Para m\u00ed fue muy gratificante ver la respuesta del p\u00fablico y, especialmente, sentirme segura y feliz en escena. Creo que esa sensaci\u00f3n es una de las mayores satisfacciones que me llevo de este proceso.&nbsp;<\/p>\n\n\n\n<p class=\"wp-block-paragraph\">\u201cTambi\u00e9n me emocion\u00f3 comprobar que la obra pod\u00eda trascender el aula. Tuvimos una buena acogida y surgieron propuestas para presentarla en otros espacios, incluso el inter\u00e9s de llevarla a la Amazon\u00eda para acercarla a ni\u00f1os y j\u00f3venes y motivarlos a conocer el teatro. Eso me hizo sentir que aquello que comenz\u00f3 como un proceso formativo pod\u00eda convertirse en algo que llegara a otros p\u00fablicos.&nbsp;<\/p>\n\n\n\n<p class=\"wp-block-paragraph\">\u201cMe quedo con muchas ense\u00f1anzas de este montaje. Como actriz, descubr\u00ed una mayor seguridad en m\u00ed misma; como estudiante, aprend\u00ed de todo el proceso de creaci\u00f3n; y como creadora, confirm\u00e9 que el teatro es un trabajo colectivo en el que cada elemento y cada persona tienen un papel importante.&nbsp;<\/p>\n\n\n\n<p class=\"wp-block-paragraph\">\u201cAl terminar las funciones siento que no solamente representamos una obra. La construimos, la vivimos y finalmente la entregamos al p\u00fablico. Y para m\u00ed, eso es lo hermoso del teatro: uno comienza trabajando sobre un texto y termina descubriendo algo de s\u00ed mismo, de los dem\u00e1s y de la realidad que nos rodea\u201d. <\/p>\n\n\n\n<p class=\"wp-block-paragraph\">Texto: Nohla Lynch\/Escuela de Artes Esc\u00e9nicas de la UArtes. Edici\u00f3n y fotos: Carmen Cortez\/Dircom.<\/p>","protected":false},"excerpt":{"rendered":"<p>Para Nohla Lynch, llevar a escena \u201cUn hombre es un hombre\u201d de Bertolt Brecht dentro de su formaci\u00f3n en Creaci\u00f3n Teatral en la UArtes represent\u00f3 una transici\u00f3n decisiva entre su amplia trayectoria previa como actriz y su consolidaci\u00f3n como creadora. Se present\u00f3 con compa\u00f1eros de la carrera en el marco de \u00abAula Escena\u00bb y asumi\u00f3 la interpretaci\u00f3n de la viuda Begbick, la narraci\u00f3n y el canto. Ella comparte la experiencia.<\/p>","protected":false},"author":10,"featured_media":96668,"comment_status":"open","ping_status":"open","sticky":false,"template":"","format":"standard","meta":{"_acf_changed":false,"_uag_custom_page_level_css":"","_monsterinsights_skip_tracking":false,"cybocfi_hide_featured_image":"","footnotes":""},"categories":[80,82,159,75,76],"tags":[518],"infouartes":[],"class_list":["post-96667","post","type-post","status-publish","format-standard","has-post-thumbnail","hentry","category-academico","category-artes","category-artes-escenicas","category-docentes","category-estudiantes","tag-produccion"],"acf":[],"yoast_head":"<!-- This site is optimized with the Yoast SEO plugin v28.4 - https:\/\/yoast.com\/product\/yoast-seo-wordpress\/ -->\n<title>Universidad de las Artes - Nohla Lynch, su retorno al teatro desde la Universidad de las Artes y el vital desaf\u00edo de reconstruirse como creadora esc\u00e9nica<\/title>\n<meta name=\"description\" content=\"Universidad de las Artes - Nohla Lynch, su retorno al teatro desde la Universidad de las Artes y el vital desaf\u00edo de reconstruirse como creadora esc\u00e9nica\" \/>\n<meta name=\"robots\" content=\"index, follow, max-snippet:-1, max-image-preview:large, max-video-preview:-1\" \/>\n<link rel=\"canonical\" href=\"https:\/\/www.uartes.edu.ec\/sitio\/fr\/blog\/2026\/09\/02\/nohla-lynch-su-retorno-al-teatro-desde-la-uartes-y-la-experiencia-de-reconstruirse-como-creadora\/\" \/>\n<meta property=\"og:locale\" content=\"fr_FR\" \/>\n<meta property=\"og:type\" content=\"article\" \/>\n<meta property=\"og:title\" content=\"Universidad de las Artes - Nohla Lynch, su retorno al teatro desde la Universidad de las Artes y el vital desaf\u00edo de reconstruirse como creadora esc\u00e9nica\" \/>\n<meta property=\"og:description\" content=\"Universidad de las Artes - Nohla Lynch, su retorno al teatro desde la Universidad de las Artes y el vital desaf\u00edo de reconstruirse como creadora esc\u00e9nica\" \/>\n<meta property=\"og:url\" content=\"https:\/\/www.uartes.edu.ec\/sitio\/fr\/blog\/2026\/09\/02\/nohla-lynch-su-retorno-al-teatro-desde-la-uartes-y-la-experiencia-de-reconstruirse-como-creadora\/\" \/>\n<meta property=\"og:site_name\" content=\"Universidad de las Artes\" \/>\n<meta property=\"article:publisher\" content=\"https:\/\/www.facebook.com\/uartesec\" \/>\n<meta property=\"article:published_time\" content=\"2026-09-02T20:42:41+00:00\" \/>\n<meta property=\"article:modified_time\" content=\"2026-09-03T23:48:56+00:00\" \/>\n<meta property=\"og:image\" content=\"https:\/\/www.uartes.edu.ec\/sitio\/wp-content\/uploads\/2026\/09\/Proyecto-Cambiar-tamano-de-imagen-09-de-enero-de-2026-13.22.30-2026-09-01T124909.562-1.jpeg\" \/>\n\t<meta property=\"og:image:width\" content=\"2000\" \/>\n\t<meta property=\"og:image:height\" content=\"1333\" \/>\n\t<meta property=\"og:image:type\" content=\"image\/jpeg\" \/>\n<meta name=\"author\" content=\"ccortez\" \/>\n<meta name=\"twitter:card\" content=\"summary_large_image\" \/>\n<meta name=\"twitter:creator\" content=\"@uartesec\" \/>\n<meta name=\"twitter:site\" content=\"@uartesec\" \/>\n<meta name=\"twitter:label1\" content=\"\u00c9crit par\" \/>\n\t<meta name=\"twitter:data1\" content=\"ccortez\" \/>\n\t<meta name=\"twitter:label2\" content=\"Dur\u00e9e de lecture estim\u00e9e\" \/>\n\t<meta name=\"twitter:data2\" content=\"5 minutes\" \/>\n<script type=\"application\/ld+json\" class=\"yoast-schema-graph\">{\"@context\":\"https:\\\/\\\/schema.org\",\"@graph\":[{\"@type\":\"Article\",\"@id\":\"https:\\\/\\\/www.uartes.edu.ec\\\/sitio\\\/fr\\\/blog\\\/2026\\\/09\\\/02\\\/nohla-lynch-su-retorno-al-teatro-desde-la-uartes-y-la-experiencia-de-reconstruirse-como-creadora\\\/#article\",\"isPartOf\":{\"@id\":\"https:\\\/\\\/www.uartes.edu.ec\\\/sitio\\\/fr\\\/blog\\\/2026\\\/09\\\/02\\\/nohla-lynch-su-retorno-al-teatro-desde-la-uartes-y-la-experiencia-de-reconstruirse-como-creadora\\\/\"},\"author\":{\"name\":\"ccortez\",\"@id\":\"https:\\\/\\\/www.uartes.edu.ec\\\/sitio\\\/fr\\\/#\\\/schema\\\/person\\\/efa1b8275797664fd7f13a79ccc0b1f4\"},\"headline\":\"Nohla Lynch, su retorno al teatro desde la Universidad de las Artes y el vital desaf\u00edo de reconstruirse como creadora esc\u00e9nica\",\"datePublished\":\"2026-09-02T20:42:41+00:00\",\"dateModified\":\"2026-09-03T23:48:56+00:00\",\"mainEntityOfPage\":{\"@id\":\"https:\\\/\\\/www.uartes.edu.ec\\\/sitio\\\/fr\\\/blog\\\/2026\\\/09\\\/02\\\/nohla-lynch-su-retorno-al-teatro-desde-la-uartes-y-la-experiencia-de-reconstruirse-como-creadora\\\/\"},\"wordCount\":974,\"commentCount\":0,\"publisher\":{\"@id\":\"https:\\\/\\\/www.uartes.edu.ec\\\/sitio\\\/fr\\\/#organization\"},\"image\":{\"@id\":\"https:\\\/\\\/www.uartes.edu.ec\\\/sitio\\\/fr\\\/blog\\\/2026\\\/09\\\/02\\\/nohla-lynch-su-retorno-al-teatro-desde-la-uartes-y-la-experiencia-de-reconstruirse-como-creadora\\\/#primaryimage\"},\"thumbnailUrl\":\"https:\\\/\\\/www.uartes.edu.ec\\\/sitio\\\/wp-content\\\/uploads\\\/2026\\\/09\\\/Proyecto-Cambiar-tamano-de-imagen-09-de-enero-de-2026-13.22.30-2026-09-01T124909.562-1.jpeg\",\"keywords\":[\"producci\u00f3n\"],\"articleSection\":[\"Acad\u00e9mico\",\"Artes\",\"Artes Esc\u00e9nicas\",\"Docentes\",\"Estudiantes\"],\"inLanguage\":\"fr-FR\",\"potentialAction\":[{\"@type\":\"CommentAction\",\"name\":\"Comment\",\"target\":[\"https:\\\/\\\/www.uartes.edu.ec\\\/sitio\\\/fr\\\/blog\\\/2026\\\/09\\\/02\\\/nohla-lynch-su-retorno-al-teatro-desde-la-uartes-y-la-experiencia-de-reconstruirse-como-creadora\\\/#respond\"]}]},{\"@type\":[\"WebPage\",\"ItemPage\"],\"@id\":\"https:\\\/\\\/www.uartes.edu.ec\\\/sitio\\\/fr\\\/blog\\\/2026\\\/09\\\/02\\\/nohla-lynch-su-retorno-al-teatro-desde-la-uartes-y-la-experiencia-de-reconstruirse-como-creadora\\\/\",\"url\":\"https:\\\/\\\/www.uartes.edu.ec\\\/sitio\\\/fr\\\/blog\\\/2026\\\/09\\\/02\\\/nohla-lynch-su-retorno-al-teatro-desde-la-uartes-y-la-experiencia-de-reconstruirse-como-creadora\\\/\",\"name\":\"Universidad de las Artes - Nohla Lynch, su retorno al teatro desde la Universidad de las Artes y el vital desaf\u00edo de reconstruirse como creadora esc\u00e9nica\",\"isPartOf\":{\"@id\":\"https:\\\/\\\/www.uartes.edu.ec\\\/sitio\\\/fr\\\/#website\"},\"primaryImageOfPage\":{\"@id\":\"https:\\\/\\\/www.uartes.edu.ec\\\/sitio\\\/fr\\\/blog\\\/2026\\\/09\\\/02\\\/nohla-lynch-su-retorno-al-teatro-desde-la-uartes-y-la-experiencia-de-reconstruirse-como-creadora\\\/#primaryimage\"},\"image\":{\"@id\":\"https:\\\/\\\/www.uartes.edu.ec\\\/sitio\\\/fr\\\/blog\\\/2026\\\/09\\\/02\\\/nohla-lynch-su-retorno-al-teatro-desde-la-uartes-y-la-experiencia-de-reconstruirse-como-creadora\\\/#primaryimage\"},\"thumbnailUrl\":\"https:\\\/\\\/www.uartes.edu.ec\\\/sitio\\\/wp-content\\\/uploads\\\/2026\\\/09\\\/Proyecto-Cambiar-tamano-de-imagen-09-de-enero-de-2026-13.22.30-2026-09-01T124909.562-1.jpeg\",\"datePublished\":\"2026-09-02T20:42:41+00:00\",\"dateModified\":\"2026-09-03T23:48:56+00:00\",\"description\":\"Universidad de las Artes - Nohla Lynch, su retorno al teatro desde la Universidad de las Artes y el vital desaf\u00edo de reconstruirse como creadora esc\u00e9nica\",\"breadcrumb\":{\"@id\":\"https:\\\/\\\/www.uartes.edu.ec\\\/sitio\\\/fr\\\/blog\\\/2026\\\/09\\\/02\\\/nohla-lynch-su-retorno-al-teatro-desde-la-uartes-y-la-experiencia-de-reconstruirse-como-creadora\\\/#breadcrumb\"},\"inLanguage\":\"fr-FR\",\"potentialAction\":[{\"@type\":\"ReadAction\",\"target\":[\"https:\\\/\\\/www.uartes.edu.ec\\\/sitio\\\/fr\\\/blog\\\/2026\\\/09\\\/02\\\/nohla-lynch-su-retorno-al-teatro-desde-la-uartes-y-la-experiencia-de-reconstruirse-como-creadora\\\/\"]}]},{\"@type\":\"ImageObject\",\"inLanguage\":\"fr-FR\",\"@id\":\"https:\\\/\\\/www.uartes.edu.ec\\\/sitio\\\/fr\\\/blog\\\/2026\\\/09\\\/02\\\/nohla-lynch-su-retorno-al-teatro-desde-la-uartes-y-la-experiencia-de-reconstruirse-como-creadora\\\/#primaryimage\",\"url\":\"https:\\\/\\\/www.uartes.edu.ec\\\/sitio\\\/wp-content\\\/uploads\\\/2026\\\/09\\\/Proyecto-Cambiar-tamano-de-imagen-09-de-enero-de-2026-13.22.30-2026-09-01T124909.562-1.jpeg\",\"contentUrl\":\"https:\\\/\\\/www.uartes.edu.ec\\\/sitio\\\/wp-content\\\/uploads\\\/2026\\\/09\\\/Proyecto-Cambiar-tamano-de-imagen-09-de-enero-de-2026-13.22.30-2026-09-01T124909.562-1.jpeg\",\"width\":2000,\"height\":1333},{\"@type\":\"BreadcrumbList\",\"@id\":\"https:\\\/\\\/www.uartes.edu.ec\\\/sitio\\\/fr\\\/blog\\\/2026\\\/09\\\/02\\\/nohla-lynch-su-retorno-al-teatro-desde-la-uartes-y-la-experiencia-de-reconstruirse-como-creadora\\\/#breadcrumb\",\"itemListElement\":[{\"@type\":\"ListItem\",\"position\":1,\"name\":\"Inicio\",\"item\":\"https:\\\/\\\/www.uartes.edu.ec\\\/sitio\\\/\"},{\"@type\":\"ListItem\",\"position\":2,\"name\":\"Nohla Lynch, su retorno al teatro desde la Universidad de las Artes y el vital desaf\u00edo de reconstruirse como creadora esc\u00e9nica\"}]},{\"@type\":\"WebSite\",\"@id\":\"https:\\\/\\\/www.uartes.edu.ec\\\/sitio\\\/fr\\\/#website\",\"url\":\"https:\\\/\\\/www.uartes.edu.ec\\\/sitio\\\/fr\\\/\",\"name\":\"Universidad de las Artes\",\"description\":\"Sitio oficial de la Universidad Nacional de las Artes del Ecuador\",\"publisher\":{\"@id\":\"https:\\\/\\\/www.uartes.edu.ec\\\/sitio\\\/fr\\\/#organization\"},\"potentialAction\":[{\"@type\":\"SearchAction\",\"target\":{\"@type\":\"EntryPoint\",\"urlTemplate\":\"https:\\\/\\\/www.uartes.edu.ec\\\/sitio\\\/fr\\\/?s={search_term_string}\"},\"query-input\":{\"@type\":\"PropertyValueSpecification\",\"valueRequired\":true,\"valueName\":\"search_term_string\"}}],\"inLanguage\":\"fr-FR\"},{\"@type\":\"Organization\",\"@id\":\"https:\\\/\\\/www.uartes.edu.ec\\\/sitio\\\/fr\\\/#organization\",\"name\":\"Universidad de las Artes\",\"url\":\"https:\\\/\\\/www.uartes.edu.ec\\\/sitio\\\/fr\\\/\",\"logo\":{\"@type\":\"ImageObject\",\"inLanguage\":\"fr-FR\",\"@id\":\"https:\\\/\\\/www.uartes.edu.ec\\\/sitio\\\/fr\\\/#\\\/schema\\\/logo\\\/image\\\/\",\"url\":\"https:\\\/\\\/www.uartes.edu.ec\\\/sitio\\\/wp-content\\\/uploads\\\/2022\\\/07\\\/logo-ua-horizontal.png\",\"contentUrl\":\"https:\\\/\\\/www.uartes.edu.ec\\\/sitio\\\/wp-content\\\/uploads\\\/2022\\\/07\\\/logo-ua-horizontal.png\",\"width\":800,\"height\":276,\"caption\":\"Universidad de las Artes\"},\"image\":{\"@id\":\"https:\\\/\\\/www.uartes.edu.ec\\\/sitio\\\/fr\\\/#\\\/schema\\\/logo\\\/image\\\/\"},\"sameAs\":[\"https:\\\/\\\/www.facebook.com\\\/uartesec\",\"https:\\\/\\\/x.com\\\/uartesec\",\"https:\\\/\\\/www.tiktok.com\\\/@uartesec\"]},{\"@type\":\"Person\",\"@id\":\"https:\\\/\\\/www.uartes.edu.ec\\\/sitio\\\/fr\\\/#\\\/schema\\\/person\\\/efa1b8275797664fd7f13a79ccc0b1f4\",\"name\":\"ccortez\",\"image\":{\"@type\":\"ImageObject\",\"inLanguage\":\"fr-FR\",\"@id\":\"https:\\\/\\\/secure.gravatar.com\\\/avatar\\\/b2a6f664a3ae8e074346ef91775736c5ec479e637ecced6842de9dc98b5da9cd?s=96&d=mm&r=g\",\"url\":\"https:\\\/\\\/secure.gravatar.com\\\/avatar\\\/b2a6f664a3ae8e074346ef91775736c5ec479e637ecced6842de9dc98b5da9cd?s=96&d=mm&r=g\",\"contentUrl\":\"https:\\\/\\\/secure.gravatar.com\\\/avatar\\\/b2a6f664a3ae8e074346ef91775736c5ec479e637ecced6842de9dc98b5da9cd?s=96&d=mm&r=g\",\"caption\":\"ccortez\"},\"url\":\"https:\\\/\\\/www.uartes.edu.ec\\\/sitio\\\/fr\\\/blog\\\/author\\\/ccortez\\\/\"}]}<\/script>\n<!-- \/ Yoast SEO plugin. -->","yoast_head_json":{"title":"Universidad de las Artes - Nohla Lynch, su retorno al teatro desde la Universidad de las Artes y el vital desaf\u00edo de reconstruirse como creadora esc\u00e9nica","description":"Universidad de las Artes - Nohla Lynch, su retorno al teatro desde la Universidad de las Artes y el vital desaf\u00edo de reconstruirse como creadora esc\u00e9nica","robots":{"index":"index","follow":"follow","max-snippet":"max-snippet:-1","max-image-preview":"max-image-preview:large","max-video-preview":"max-video-preview:-1"},"canonical":"https:\/\/www.uartes.edu.ec\/sitio\/fr\/blog\/2026\/09\/02\/nohla-lynch-su-retorno-al-teatro-desde-la-uartes-y-la-experiencia-de-reconstruirse-como-creadora\/","og_locale":"fr_FR","og_type":"article","og_title":"Universidad de las Artes - Nohla Lynch, su retorno al teatro desde la Universidad de las Artes y el vital desaf\u00edo de reconstruirse como creadora esc\u00e9nica","og_description":"Universidad de las Artes - Nohla Lynch, su retorno al teatro desde la Universidad de las Artes y el vital desaf\u00edo de reconstruirse como creadora esc\u00e9nica","og_url":"https:\/\/www.uartes.edu.ec\/sitio\/fr\/blog\/2026\/09\/02\/nohla-lynch-su-retorno-al-teatro-desde-la-uartes-y-la-experiencia-de-reconstruirse-como-creadora\/","og_site_name":"Universidad de las Artes","article_publisher":"https:\/\/www.facebook.com\/uartesec","article_published_time":"2026-09-02T20:42:41+00:00","article_modified_time":"2026-09-03T23:48:56+00:00","og_image":[{"width":2000,"height":1333,"url":"https:\/\/www.uartes.edu.ec\/sitio\/wp-content\/uploads\/2026\/09\/Proyecto-Cambiar-tamano-de-imagen-09-de-enero-de-2026-13.22.30-2026-09-01T124909.562-1.jpeg","type":"image\/jpeg"}],"author":"ccortez","twitter_card":"summary_large_image","twitter_creator":"@uartesec","twitter_site":"@uartesec","twitter_misc":{"\u00c9crit par":"ccortez","Dur\u00e9e de lecture estim\u00e9e":"5 minutes"},"schema":{"@context":"https:\/\/schema.org","@graph":[{"@type":"Article","@id":"https:\/\/www.uartes.edu.ec\/sitio\/fr\/blog\/2026\/09\/02\/nohla-lynch-su-retorno-al-teatro-desde-la-uartes-y-la-experiencia-de-reconstruirse-como-creadora\/#article","isPartOf":{"@id":"https:\/\/www.uartes.edu.ec\/sitio\/fr\/blog\/2026\/09\/02\/nohla-lynch-su-retorno-al-teatro-desde-la-uartes-y-la-experiencia-de-reconstruirse-como-creadora\/"},"author":{"name":"ccortez","@id":"https:\/\/www.uartes.edu.ec\/sitio\/fr\/#\/schema\/person\/efa1b8275797664fd7f13a79ccc0b1f4"},"headline":"Nohla Lynch, su retorno al teatro desde la Universidad de las Artes y el vital desaf\u00edo de reconstruirse como creadora esc\u00e9nica","datePublished":"2026-09-02T20:42:41+00:00","dateModified":"2026-09-03T23:48:56+00:00","mainEntityOfPage":{"@id":"https:\/\/www.uartes.edu.ec\/sitio\/fr\/blog\/2026\/09\/02\/nohla-lynch-su-retorno-al-teatro-desde-la-uartes-y-la-experiencia-de-reconstruirse-como-creadora\/"},"wordCount":974,"commentCount":0,"publisher":{"@id":"https:\/\/www.uartes.edu.ec\/sitio\/fr\/#organization"},"image":{"@id":"https:\/\/www.uartes.edu.ec\/sitio\/fr\/blog\/2026\/09\/02\/nohla-lynch-su-retorno-al-teatro-desde-la-uartes-y-la-experiencia-de-reconstruirse-como-creadora\/#primaryimage"},"thumbnailUrl":"https:\/\/www.uartes.edu.ec\/sitio\/wp-content\/uploads\/2026\/09\/Proyecto-Cambiar-tamano-de-imagen-09-de-enero-de-2026-13.22.30-2026-09-01T124909.562-1.jpeg","keywords":["producci\u00f3n"],"articleSection":["Acad\u00e9mico","Artes","Artes Esc\u00e9nicas","Docentes","Estudiantes"],"inLanguage":"fr-FR","potentialAction":[{"@type":"CommentAction","name":"Comment","target":["https:\/\/www.uartes.edu.ec\/sitio\/fr\/blog\/2026\/09\/02\/nohla-lynch-su-retorno-al-teatro-desde-la-uartes-y-la-experiencia-de-reconstruirse-como-creadora\/#respond"]}]},{"@type":["WebPage","ItemPage"],"@id":"https:\/\/www.uartes.edu.ec\/sitio\/fr\/blog\/2026\/09\/02\/nohla-lynch-su-retorno-al-teatro-desde-la-uartes-y-la-experiencia-de-reconstruirse-como-creadora\/","url":"https:\/\/www.uartes.edu.ec\/sitio\/fr\/blog\/2026\/09\/02\/nohla-lynch-su-retorno-al-teatro-desde-la-uartes-y-la-experiencia-de-reconstruirse-como-creadora\/","name":"Universidad de las Artes - Nohla Lynch, su retorno al teatro desde la Universidad de las Artes y el vital desaf\u00edo de reconstruirse como creadora esc\u00e9nica","isPartOf":{"@id":"https:\/\/www.uartes.edu.ec\/sitio\/fr\/#website"},"primaryImageOfPage":{"@id":"https:\/\/www.uartes.edu.ec\/sitio\/fr\/blog\/2026\/09\/02\/nohla-lynch-su-retorno-al-teatro-desde-la-uartes-y-la-experiencia-de-reconstruirse-como-creadora\/#primaryimage"},"image":{"@id":"https:\/\/www.uartes.edu.ec\/sitio\/fr\/blog\/2026\/09\/02\/nohla-lynch-su-retorno-al-teatro-desde-la-uartes-y-la-experiencia-de-reconstruirse-como-creadora\/#primaryimage"},"thumbnailUrl":"https:\/\/www.uartes.edu.ec\/sitio\/wp-content\/uploads\/2026\/09\/Proyecto-Cambiar-tamano-de-imagen-09-de-enero-de-2026-13.22.30-2026-09-01T124909.562-1.jpeg","datePublished":"2026-09-02T20:42:41+00:00","dateModified":"2026-09-03T23:48:56+00:00","description":"Universidad de las Artes - Nohla Lynch, su retorno al teatro desde la Universidad de las Artes y el vital desaf\u00edo de reconstruirse como creadora esc\u00e9nica","breadcrumb":{"@id":"https:\/\/www.uartes.edu.ec\/sitio\/fr\/blog\/2026\/09\/02\/nohla-lynch-su-retorno-al-teatro-desde-la-uartes-y-la-experiencia-de-reconstruirse-como-creadora\/#breadcrumb"},"inLanguage":"fr-FR","potentialAction":[{"@type":"ReadAction","target":["https:\/\/www.uartes.edu.ec\/sitio\/fr\/blog\/2026\/09\/02\/nohla-lynch-su-retorno-al-teatro-desde-la-uartes-y-la-experiencia-de-reconstruirse-como-creadora\/"]}]},{"@type":"ImageObject","inLanguage":"fr-FR","@id":"https:\/\/www.uartes.edu.ec\/sitio\/fr\/blog\/2026\/09\/02\/nohla-lynch-su-retorno-al-teatro-desde-la-uartes-y-la-experiencia-de-reconstruirse-como-creadora\/#primaryimage","url":"https:\/\/www.uartes.edu.ec\/sitio\/wp-content\/uploads\/2026\/09\/Proyecto-Cambiar-tamano-de-imagen-09-de-enero-de-2026-13.22.30-2026-09-01T124909.562-1.jpeg","contentUrl":"https:\/\/www.uartes.edu.ec\/sitio\/wp-content\/uploads\/2026\/09\/Proyecto-Cambiar-tamano-de-imagen-09-de-enero-de-2026-13.22.30-2026-09-01T124909.562-1.jpeg","width":2000,"height":1333},{"@type":"BreadcrumbList","@id":"https:\/\/www.uartes.edu.ec\/sitio\/fr\/blog\/2026\/09\/02\/nohla-lynch-su-retorno-al-teatro-desde-la-uartes-y-la-experiencia-de-reconstruirse-como-creadora\/#breadcrumb","itemListElement":[{"@type":"ListItem","position":1,"name":"Inicio","item":"https:\/\/www.uartes.edu.ec\/sitio\/"},{"@type":"ListItem","position":2,"name":"Nohla Lynch, su retorno al teatro desde la Universidad de las Artes y el vital desaf\u00edo de reconstruirse como creadora esc\u00e9nica"}]},{"@type":"WebSite","@id":"https:\/\/www.uartes.edu.ec\/sitio\/fr\/#website","url":"https:\/\/www.uartes.edu.ec\/sitio\/fr\/","name":"l'Universit\u00e9 des Arts","description":"Sitio oficial de la Universidad Nacional de las Artes del Ecuador","publisher":{"@id":"https:\/\/www.uartes.edu.ec\/sitio\/fr\/#organization"},"potentialAction":[{"@type":"SearchAction","target":{"@type":"EntryPoint","urlTemplate":"https:\/\/www.uartes.edu.ec\/sitio\/fr\/?s={search_term_string}"},"query-input":{"@type":"PropertyValueSpecification","valueRequired":true,"valueName":"search_term_string"}}],"inLanguage":"fr-FR"},{"@type":"Organization","@id":"https:\/\/www.uartes.edu.ec\/sitio\/fr\/#organization","name":"l'Universit\u00e9 des Arts","url":"https:\/\/www.uartes.edu.ec\/sitio\/fr\/","logo":{"@type":"ImageObject","inLanguage":"fr-FR","@id":"https:\/\/www.uartes.edu.ec\/sitio\/fr\/#\/schema\/logo\/image\/","url":"https:\/\/www.uartes.edu.ec\/sitio\/wp-content\/uploads\/2022\/07\/logo-ua-horizontal.png","contentUrl":"https:\/\/www.uartes.edu.ec\/sitio\/wp-content\/uploads\/2022\/07\/logo-ua-horizontal.png","width":800,"height":276,"caption":"Universidad de las Artes"},"image":{"@id":"https:\/\/www.uartes.edu.ec\/sitio\/fr\/#\/schema\/logo\/image\/"},"sameAs":["https:\/\/www.facebook.com\/uartesec","https:\/\/x.com\/uartesec","https:\/\/www.tiktok.com\/@uartesec"]},{"@type":"Person","@id":"https:\/\/www.uartes.edu.ec\/sitio\/fr\/#\/schema\/person\/efa1b8275797664fd7f13a79ccc0b1f4","name":"ccortez","image":{"@type":"ImageObject","inLanguage":"fr-FR","@id":"https:\/\/secure.gravatar.com\/avatar\/b2a6f664a3ae8e074346ef91775736c5ec479e637ecced6842de9dc98b5da9cd?s=96&d=mm&r=g","url":"https:\/\/secure.gravatar.com\/avatar\/b2a6f664a3ae8e074346ef91775736c5ec479e637ecced6842de9dc98b5da9cd?s=96&d=mm&r=g","contentUrl":"https:\/\/secure.gravatar.com\/avatar\/b2a6f664a3ae8e074346ef91775736c5ec479e637ecced6842de9dc98b5da9cd?s=96&d=mm&r=g","caption":"ccortez"},"url":"https:\/\/www.uartes.edu.ec\/sitio\/fr\/blog\/author\/ccortez\/"}]}},"uagb_featured_image_src":{"full":["https:\/\/www.uartes.edu.ec\/sitio\/wp-content\/uploads\/2026\/09\/Proyecto-Cambiar-tamano-de-imagen-09-de-enero-de-2026-13.22.30-2026-09-01T124909.562-1.jpeg",2000,1333,false],"thumbnail":["https:\/\/www.uartes.edu.ec\/sitio\/wp-content\/uploads\/2026\/09\/Proyecto-Cambiar-tamano-de-imagen-09-de-enero-de-2026-13.22.30-2026-09-01T124909.562-1-150x150.jpeg",150,150,true],"medium":["https:\/\/www.uartes.edu.ec\/sitio\/wp-content\/uploads\/2026\/09\/Proyecto-Cambiar-tamano-de-imagen-09-de-enero-de-2026-13.22.30-2026-09-01T124909.562-1-300x200.jpeg",300,200,true],"medium_large":["https:\/\/www.uartes.edu.ec\/sitio\/wp-content\/uploads\/2026\/09\/Proyecto-Cambiar-tamano-de-imagen-09-de-enero-de-2026-13.22.30-2026-09-01T124909.562-1-768x512.jpeg",768,512,true],"large":["https:\/\/www.uartes.edu.ec\/sitio\/wp-content\/uploads\/2026\/09\/Proyecto-Cambiar-tamano-de-imagen-09-de-enero-de-2026-13.22.30-2026-09-01T124909.562-1-644x429.jpeg",644,429,true],"1536x1536":["https:\/\/www.uartes.edu.ec\/sitio\/wp-content\/uploads\/2026\/09\/Proyecto-Cambiar-tamano-de-imagen-09-de-enero-de-2026-13.22.30-2026-09-01T124909.562-1-1536x1024.jpeg",1536,1024,true],"2048x2048":["https:\/\/www.uartes.edu.ec\/sitio\/wp-content\/uploads\/2026\/09\/Proyecto-Cambiar-tamano-de-imagen-09-de-enero-de-2026-13.22.30-2026-09-01T124909.562-1.jpeg",2000,1333,false],"trp-custom-language-flag":["https:\/\/www.uartes.edu.ec\/sitio\/wp-content\/uploads\/2026\/09\/Proyecto-Cambiar-tamano-de-imagen-09-de-enero-de-2026-13.22.30-2026-09-01T124909.562-1-18x12.jpeg",18,12,true],"gb-block-post-grid-landscape":["https:\/\/www.uartes.edu.ec\/sitio\/wp-content\/uploads\/2026\/09\/Proyecto-Cambiar-tamano-de-imagen-09-de-enero-de-2026-13.22.30-2026-09-01T124909.562-1-600x400.jpeg",600,400,true],"gb-block-post-grid-square":["https:\/\/www.uartes.edu.ec\/sitio\/wp-content\/uploads\/2026\/09\/Proyecto-Cambiar-tamano-de-imagen-09-de-enero-de-2026-13.22.30-2026-09-01T124909.562-1-600x600.jpeg",600,600,true],"university-hub-thumb":["https:\/\/www.uartes.edu.ec\/sitio\/wp-content\/uploads\/2026\/09\/Proyecto-Cambiar-tamano-de-imagen-09-de-enero-de-2026-13.22.30-2026-09-01T124909.562-1-400x267.jpeg",400,267,true]},"uagb_author_info":{"display_name":"ccortez","author_link":"https:\/\/www.uartes.edu.ec\/sitio\/fr\/blog\/author\/ccortez\/"},"uagb_comment_info":0,"uagb_excerpt":"Para Nohla Lynch, llevar a escena \u201cUn hombre es un hombre\u201d de Bertolt Brecht dentro de su formaci\u00f3n en Creaci\u00f3n Teatral en la UArtes represent\u00f3 una transici\u00f3n decisiva entre su amplia trayectoria previa como actriz y su consolidaci\u00f3n como creadora. Se present\u00f3 con compa\u00f1eros de la carrera en el marco de \"Aula Escena\" y asumi\u00f3\u2026","featured_image_src":"https:\/\/www.uartes.edu.ec\/sitio\/wp-content\/uploads\/2026\/09\/Proyecto-Cambiar-tamano-de-imagen-09-de-enero-de-2026-13.22.30-2026-09-01T124909.562-1-600x400.jpeg","featured_image_src_square":"https:\/\/www.uartes.edu.ec\/sitio\/wp-content\/uploads\/2026\/09\/Proyecto-Cambiar-tamano-de-imagen-09-de-enero-de-2026-13.22.30-2026-09-01T124909.562-1-600x600.jpeg","author_info":{"display_name":"ccortez","author_link":"https:\/\/www.uartes.edu.ec\/sitio\/fr\/blog\/author\/ccortez\/"},"publishpress_future_workflow_manual_trigger":{"enabledWorkflows":[]},"distributor_meta":false,"distributor_terms":false,"distributor_media":false,"distributor_original_site_name":"Universidad de las Artes","distributor_original_site_url":"https:\/\/www.uartes.edu.ec\/sitio\/fr","push-errors":false,"_links":{"self":[{"href":"https:\/\/www.uartes.edu.ec\/sitio\/fr\/wp-json\/wp\/v2\/posts\/96667","targetHints":{"allow":["GET"]}}],"collection":[{"href":"https:\/\/www.uartes.edu.ec\/sitio\/fr\/wp-json\/wp\/v2\/posts"}],"about":[{"href":"https:\/\/www.uartes.edu.ec\/sitio\/fr\/wp-json\/wp\/v2\/types\/post"}],"author":[{"embeddable":true,"href":"https:\/\/www.uartes.edu.ec\/sitio\/fr\/wp-json\/wp\/v2\/users\/10"}],"replies":[{"embeddable":true,"href":"https:\/\/www.uartes.edu.ec\/sitio\/fr\/wp-json\/wp\/v2\/comments?post=96667"}],"version-history":[{"count":11,"href":"https:\/\/www.uartes.edu.ec\/sitio\/fr\/wp-json\/wp\/v2\/posts\/96667\/revisions"}],"predecessor-version":[{"id":96706,"href":"https:\/\/www.uartes.edu.ec\/sitio\/fr\/wp-json\/wp\/v2\/posts\/96667\/revisions\/96706"}],"wp:featuredmedia":[{"embeddable":true,"href":"https:\/\/www.uartes.edu.ec\/sitio\/fr\/wp-json\/wp\/v2\/media\/96668"}],"wp:attachment":[{"href":"https:\/\/www.uartes.edu.ec\/sitio\/fr\/wp-json\/wp\/v2\/media?parent=96667"}],"wp:term":[{"taxonomy":"category","embeddable":true,"href":"https:\/\/www.uartes.edu.ec\/sitio\/fr\/wp-json\/wp\/v2\/categories?post=96667"},{"taxonomy":"post_tag","embeddable":true,"href":"https:\/\/www.uartes.edu.ec\/sitio\/fr\/wp-json\/wp\/v2\/tags?post=96667"},{"taxonomy":"infouartes","embeddable":true,"href":"https:\/\/www.uartes.edu.ec\/sitio\/fr\/wp-json\/wp\/v2\/infouartes?post=96667"}],"curies":[{"name":"wp","href":"https:\/\/api.w.org\/{rel}","templated":true}]}}