{"id":96841,"date":"2026-09-04T16:28:29","date_gmt":"2026-09-04T21:28:29","guid":{"rendered":"https:\/\/www.uartes.edu.ec\/sitio\/?p=96841"},"modified":"2026-09-04T16:33:52","modified_gmt":"2026-09-04T21:33:52","slug":"resultados-del-taller-memoria-viva-que-dicto-joaquin-serrano-a-adultos-mayores-del-issfa-se-exponen-en-la-cceng","status":"publish","type":"post","link":"https:\/\/www.uartes.edu.ec\/sitio\/fr\/blog\/2026\/09\/04\/resultados-del-taller-memoria-viva-que-dicto-joaquin-serrano-a-adultos-mayores-del-issfa-se-exponen-en-la-cceng\/","title":{"rendered":"Resultados del taller \u201cMemoria Viva\u201d que dict\u00f3 Joaqu\u00edn Serrano a adultos mayores del ISSFA se exponen en la CCENG"},"content":{"rendered":"<p class=\"wp-block-paragraph\">Al taller de dibujo y pintura que el reconocido artista y docente de la Universidad de las Artes Joaqu\u00edn Serrano dict\u00f3 a los adultos mayores del Instituto de Seguridad Social de las Fuerzas Armadas (ISSFA) se lo denomin\u00f3 \u201cMemoria Viva\u201d, nombre que tambi\u00e9n se dio a la muestra colectiva de resultados inaugurada este 3 de septiembre en la Sala Araceli Gilbert de la Casa de la Cultura Ecuatoriana N\u00facleo del Guayas (CCENG).<\/p>\n\n\n\n<p class=\"wp-block-paragraph\">El acto lo presidieron las autoridades y representantes tanto de la instituci\u00f3n cultural como la militar y de la Universidad de las Artes, as\u00ed como los familiares y amigos de los expositores, emocionados por ver en una sala expositiva trabajos que fueron desarrollando durante el curso, enmarcado en el proyecto de vinculaci\u00f3n con la sociedad \u201cJEP, Juegos de la Expresi\u00f3n desde la Pl\u00e1stica\u201d que naci\u00f3 en la Escuela de Artes Visuales, propuesto por Joaqu\u00edn Serrano, su director.<\/p>\n\n\n\n<p class=\"wp-block-paragraph\">La metodolog\u00eda del proyecto es experiencial, se\u00f1al\u00f3 desde el primer d\u00eda del taller el artista visual y acad\u00e9mico multidisciplinario, quien a los talleristas dijo que les proporcionar\u00eda las condiciones que les permitir\u00edan tener la experiencia de crear una obra de arte, desde la elaboraci\u00f3n de un boceto hasta finalmente exhibir.<\/p>\n\n\n<div class=\"wp-block-image\">\n<figure class=\"aligncenter size-large\"><img fetchpriority=\"high\" decoding=\"async\" width=\"644\" height=\"429\" src=\"https:\/\/www.uartes.edu.ec\/sitio\/wp-content\/uploads\/2026\/09\/Proyecto-Cambiar-tamano-de-imagen-09-de-enero-de-2026-13.22.30-2026-09-04T150826.902-644x429.jpeg\" alt=\"\" class=\"wp-image-96843\" srcset=\"https:\/\/www.uartes.edu.ec\/sitio\/wp-content\/uploads\/2026\/09\/Proyecto-Cambiar-tamano-de-imagen-09-de-enero-de-2026-13.22.30-2026-09-04T150826.902-644x429.jpeg 644w, https:\/\/www.uartes.edu.ec\/sitio\/wp-content\/uploads\/2026\/09\/Proyecto-Cambiar-tamano-de-imagen-09-de-enero-de-2026-13.22.30-2026-09-04T150826.902-300x200.jpeg 300w, https:\/\/www.uartes.edu.ec\/sitio\/wp-content\/uploads\/2026\/09\/Proyecto-Cambiar-tamano-de-imagen-09-de-enero-de-2026-13.22.30-2026-09-04T150826.902-767x511.jpeg 767w, https:\/\/www.uartes.edu.ec\/sitio\/wp-content\/uploads\/2026\/09\/Proyecto-Cambiar-tamano-de-imagen-09-de-enero-de-2026-13.22.30-2026-09-04T150826.902-1536x1024.jpeg 1536w, https:\/\/www.uartes.edu.ec\/sitio\/wp-content\/uploads\/2026\/09\/Proyecto-Cambiar-tamano-de-imagen-09-de-enero-de-2026-13.22.30-2026-09-04T150826.902-18x12.jpeg 18w, https:\/\/www.uartes.edu.ec\/sitio\/wp-content\/uploads\/2026\/09\/Proyecto-Cambiar-tamano-de-imagen-09-de-enero-de-2026-13.22.30-2026-09-04T150826.902-600x400.jpeg 600w, https:\/\/www.uartes.edu.ec\/sitio\/wp-content\/uploads\/2026\/09\/Proyecto-Cambiar-tamano-de-imagen-09-de-enero-de-2026-13.22.30-2026-09-04T150826.902-400x266.jpeg 400w, https:\/\/www.uartes.edu.ec\/sitio\/wp-content\/uploads\/2026\/09\/Proyecto-Cambiar-tamano-de-imagen-09-de-enero-de-2026-13.22.30-2026-09-04T150826.902.jpeg 2000w\" sizes=\"(max-width: 644px) 100vw, 644px\" \/><\/figure>\n<\/div>\n\n<div class=\"wp-block-image\">\n<figure class=\"aligncenter size-large is-resized\"><img decoding=\"async\" width=\"644\" height=\"429\" src=\"https:\/\/www.uartes.edu.ec\/sitio\/wp-content\/uploads\/2026\/09\/Proyecto-Cambiar-tamano-de-imagen-09-de-enero-de-2026-13.22.30-2026-09-04T162804.688-644x429.jpeg\" alt=\"\" class=\"wp-image-96845\" style=\"width:488px;height:auto\" srcset=\"https:\/\/www.uartes.edu.ec\/sitio\/wp-content\/uploads\/2026\/09\/Proyecto-Cambiar-tamano-de-imagen-09-de-enero-de-2026-13.22.30-2026-09-04T162804.688-644x429.jpeg 644w, https:\/\/www.uartes.edu.ec\/sitio\/wp-content\/uploads\/2026\/09\/Proyecto-Cambiar-tamano-de-imagen-09-de-enero-de-2026-13.22.30-2026-09-04T162804.688-1536x1024.jpeg 1536w, https:\/\/www.uartes.edu.ec\/sitio\/wp-content\/uploads\/2026\/09\/Proyecto-Cambiar-tamano-de-imagen-09-de-enero-de-2026-13.22.30-2026-09-04T162804.688-300x200.jpeg 300w, https:\/\/www.uartes.edu.ec\/sitio\/wp-content\/uploads\/2026\/09\/Proyecto-Cambiar-tamano-de-imagen-09-de-enero-de-2026-13.22.30-2026-09-04T162804.688-767x511.jpeg 767w, https:\/\/www.uartes.edu.ec\/sitio\/wp-content\/uploads\/2026\/09\/Proyecto-Cambiar-tamano-de-imagen-09-de-enero-de-2026-13.22.30-2026-09-04T162804.688-18x12.jpeg 18w, https:\/\/www.uartes.edu.ec\/sitio\/wp-content\/uploads\/2026\/09\/Proyecto-Cambiar-tamano-de-imagen-09-de-enero-de-2026-13.22.30-2026-09-04T162804.688-600x400.jpeg 600w, https:\/\/www.uartes.edu.ec\/sitio\/wp-content\/uploads\/2026\/09\/Proyecto-Cambiar-tamano-de-imagen-09-de-enero-de-2026-13.22.30-2026-09-04T162804.688-400x266.jpeg 400w, https:\/\/www.uartes.edu.ec\/sitio\/wp-content\/uploads\/2026\/09\/Proyecto-Cambiar-tamano-de-imagen-09-de-enero-de-2026-13.22.30-2026-09-04T162804.688.jpeg 2000w\" sizes=\"(max-width: 644px) 100vw, 644px\" \/><\/figure>\n<\/div>\n\n\n<p class=\"wp-block-paragraph\">Si bien el taller \u201cMemorias Vivas\u201d naci\u00f3 en el marco del convenio que la UArtes mantiene con el ISSFA, Joaqu\u00edn Serrano expres\u00f3 tambi\u00e9n \u2013desde el primer d\u00eda del curso\u2013 que este naci\u00f3 de la motivaci\u00f3n personal de cada uno de los asistentes, quienes quer\u00edan aprender o incrementar conocimientos que unos ya ten\u00eda, en tanto que otros estaban dispuestos a asumir el reto de dibujar y pintar por primera vez en sus vidas.<\/p>\n\n\n\n<p class=\"wp-block-paragraph\">Result\u00f3 tambi\u00e9n terap\u00e9utico para los talleristas, ya que compartieron vivencias de vida. \u201cTodo es un ejercicio que estimula la parte cognoscitiva y la parte motriz\u201d, expres\u00f3 en su momento Joaqu\u00edn Serrano, quien en su intervenci\u00f3n en el acto inaugural de \u201cMemoria Viva\u201d sostuvo que desde sus inicios el proyecto \u201cJEP: Juegos de Expresi\u00f3n desde la Pl\u00e1stica\u201d ha entendido el arte no solo como una producci\u00f3n de objetos, sino como un espacio de correlaci\u00f3n comunitaria. Un lugar en el que crear significa relacionarse, escuchar, compartir experiencias y construir sentidos junto a otros.<\/p>\n\n\n\n<p class=\"wp-block-paragraph\">\u201cPor ello, trabajar con personas adultas mayores tiene para m\u00ed, como artista, una dimensi\u00f3n profundamente significativa. Cuando una persona ha recorrido d\u00e9cadas de vida, la imagen deja de ser solamente representaci\u00f3n. Una casa puede contener una infancia, un \u00e1rbol puede convertirse en territorio, un color puede devolvernos un instante y un paisaje puede ser simult\u00e1neamente aquello que vimos, aquello que recordamos y aquello que hoy decidimos conservar. All\u00ed radica uno de los aspectos m\u00e1s fruct\u00edferos de este proceso\u201d.<\/p>\n\n\n<div class=\"wp-block-image\">\n<figure class=\"aligncenter size-large\"><img decoding=\"async\" width=\"644\" height=\"429\" src=\"https:\/\/www.uartes.edu.ec\/sitio\/wp-content\/uploads\/2026\/09\/Proyecto-Cambiar-tamano-de-imagen-09-de-enero-de-2026-13.22.30-2026-09-04T132221.709-644x429.jpeg\" alt=\"\" class=\"wp-image-96846\" srcset=\"https:\/\/www.uartes.edu.ec\/sitio\/wp-content\/uploads\/2026\/09\/Proyecto-Cambiar-tamano-de-imagen-09-de-enero-de-2026-13.22.30-2026-09-04T132221.709-644x429.jpeg 644w, https:\/\/www.uartes.edu.ec\/sitio\/wp-content\/uploads\/2026\/09\/Proyecto-Cambiar-tamano-de-imagen-09-de-enero-de-2026-13.22.30-2026-09-04T132221.709-300x200.jpeg 300w, https:\/\/www.uartes.edu.ec\/sitio\/wp-content\/uploads\/2026\/09\/Proyecto-Cambiar-tamano-de-imagen-09-de-enero-de-2026-13.22.30-2026-09-04T132221.709-767x511.jpeg 767w, https:\/\/www.uartes.edu.ec\/sitio\/wp-content\/uploads\/2026\/09\/Proyecto-Cambiar-tamano-de-imagen-09-de-enero-de-2026-13.22.30-2026-09-04T132221.709-1536x1024.jpeg 1536w, https:\/\/www.uartes.edu.ec\/sitio\/wp-content\/uploads\/2026\/09\/Proyecto-Cambiar-tamano-de-imagen-09-de-enero-de-2026-13.22.30-2026-09-04T132221.709-18x12.jpeg 18w, https:\/\/www.uartes.edu.ec\/sitio\/wp-content\/uploads\/2026\/09\/Proyecto-Cambiar-tamano-de-imagen-09-de-enero-de-2026-13.22.30-2026-09-04T132221.709-600x400.jpeg 600w, https:\/\/www.uartes.edu.ec\/sitio\/wp-content\/uploads\/2026\/09\/Proyecto-Cambiar-tamano-de-imagen-09-de-enero-de-2026-13.22.30-2026-09-04T132221.709-400x266.jpeg 400w, https:\/\/www.uartes.edu.ec\/sitio\/wp-content\/uploads\/2026\/09\/Proyecto-Cambiar-tamano-de-imagen-09-de-enero-de-2026-13.22.30-2026-09-04T132221.709.jpeg 2000w\" sizes=\"(max-width: 644px) 100vw, 644px\" \/><\/figure>\n<\/div>\n\n<div class=\"wp-block-image\">\n<figure class=\"aligncenter size-large is-resized\"><img loading=\"lazy\" decoding=\"async\" width=\"644\" height=\"429\" src=\"https:\/\/www.uartes.edu.ec\/sitio\/wp-content\/uploads\/2026\/09\/Proyecto-Cambiar-tamano-de-imagen-09-de-enero-de-2026-13.22.30-2026-09-04T132731.391-644x429.jpeg\" alt=\"\" class=\"wp-image-96847\" style=\"width:485px;height:auto\" srcset=\"https:\/\/www.uartes.edu.ec\/sitio\/wp-content\/uploads\/2026\/09\/Proyecto-Cambiar-tamano-de-imagen-09-de-enero-de-2026-13.22.30-2026-09-04T132731.391-644x429.jpeg 644w, https:\/\/www.uartes.edu.ec\/sitio\/wp-content\/uploads\/2026\/09\/Proyecto-Cambiar-tamano-de-imagen-09-de-enero-de-2026-13.22.30-2026-09-04T132731.391-300x200.jpeg 300w, https:\/\/www.uartes.edu.ec\/sitio\/wp-content\/uploads\/2026\/09\/Proyecto-Cambiar-tamano-de-imagen-09-de-enero-de-2026-13.22.30-2026-09-04T132731.391-767x511.jpeg 767w, https:\/\/www.uartes.edu.ec\/sitio\/wp-content\/uploads\/2026\/09\/Proyecto-Cambiar-tamano-de-imagen-09-de-enero-de-2026-13.22.30-2026-09-04T132731.391-18x12.jpeg 18w, https:\/\/www.uartes.edu.ec\/sitio\/wp-content\/uploads\/2026\/09\/Proyecto-Cambiar-tamano-de-imagen-09-de-enero-de-2026-13.22.30-2026-09-04T132731.391-1536x1024.jpeg 1536w, https:\/\/www.uartes.edu.ec\/sitio\/wp-content\/uploads\/2026\/09\/Proyecto-Cambiar-tamano-de-imagen-09-de-enero-de-2026-13.22.30-2026-09-04T132731.391-600x400.jpeg 600w, https:\/\/www.uartes.edu.ec\/sitio\/wp-content\/uploads\/2026\/09\/Proyecto-Cambiar-tamano-de-imagen-09-de-enero-de-2026-13.22.30-2026-09-04T132731.391-400x266.jpeg 400w, https:\/\/www.uartes.edu.ec\/sitio\/wp-content\/uploads\/2026\/09\/Proyecto-Cambiar-tamano-de-imagen-09-de-enero-de-2026-13.22.30-2026-09-04T132731.391.jpeg 2000w\" sizes=\"(max-width: 644px) 100vw, 644px\" \/><\/figure>\n<\/div>\n\n\n<p class=\"wp-block-paragraph\">Agreg\u00f3 que quienes participaron en el taller \u201cMemoria Viva\u201d no llegaron simplemente a aprender t\u00e9cnicas de dibujo o pintura. \u201cLlegaron con algo infinitamente m\u00e1s complejo: sus propias biograf\u00edas. Cada uno trajo consigo im\u00e1genes acumuladas durante a\u00f1os; lugares, afectos, p\u00e9rdidas, encuentros, objetos cotidianos, paisajes, s\u00edmbolos y experiencias que forman parte de una memoria individual, pero que inevitablemente dialogan con una memoria colectiva\u201d.<\/p>\n\n\n\n<p class=\"wp-block-paragraph\">Joaqu\u00edn Serrano expres\u00f3 que durante el taller esas experiencias encontraron en la pl\u00e1stica otra manera de existir porque recordar tampoco significa reproducir exactamente lo sucedido. \u201cRecordamos desde el presente. Seleccionamos, transformamos, reconstruimos y, en ocasiones, incluso descubrimos en nuestras propias im\u00e1genes elementos que permanecieron silenciosos durante muchos a\u00f1os. En ese sentido, \u2018Memoria Viva\u2019 habla de pervivencia. De la pervivencia de las iconograf\u00edas que cada persona conserva y resignifica. De aquellas im\u00e1genes que atraviesan el tiempo y que, cuando son trasladadas al papel o al lienzo, adquieren una nueva materialidad\u201d.<\/p>\n\n\n\n<p class=\"wp-block-paragraph\">Dijo que la exposici\u00f3n inaugurada no deber\u00eda contemplarse \u00fanicamente desde la valoraci\u00f3n t\u00e9cnica de las obras. \u201cLo que tenemos frente a nosotros son tambi\u00e9n cartograf\u00edas sensibles de la experiencia. Cada trabajo contiene decisiones formales, por supuesto: composici\u00f3n, color, l\u00ednea, textura, proporci\u00f3n, gesto, pero contiene, adem\u00e1s, algo que ninguna t\u00e9cnica puede sustituir: una experiencia humana situada y ese es, precisamente, uno de los grandes valores del arte. El arte puede hacer visible aquello para lo cual muchas veces el lenguaje cotidiano resulta insuficiente (\u2026)\u201d.<\/p>\n\n\n<div class=\"wp-block-image\">\n<figure class=\"aligncenter size-large\"><img loading=\"lazy\" decoding=\"async\" width=\"644\" height=\"429\" src=\"https:\/\/www.uartes.edu.ec\/sitio\/wp-content\/uploads\/2026\/09\/Proyecto-Cambiar-tamano-de-imagen-09-de-enero-de-2026-13.22.30-2026-09-04T132335.425-644x429.jpeg\" alt=\"\" class=\"wp-image-96848\" srcset=\"https:\/\/www.uartes.edu.ec\/sitio\/wp-content\/uploads\/2026\/09\/Proyecto-Cambiar-tamano-de-imagen-09-de-enero-de-2026-13.22.30-2026-09-04T132335.425-644x429.jpeg 644w, https:\/\/www.uartes.edu.ec\/sitio\/wp-content\/uploads\/2026\/09\/Proyecto-Cambiar-tamano-de-imagen-09-de-enero-de-2026-13.22.30-2026-09-04T132335.425-300x200.jpeg 300w, https:\/\/www.uartes.edu.ec\/sitio\/wp-content\/uploads\/2026\/09\/Proyecto-Cambiar-tamano-de-imagen-09-de-enero-de-2026-13.22.30-2026-09-04T132335.425-767x511.jpeg 767w, https:\/\/www.uartes.edu.ec\/sitio\/wp-content\/uploads\/2026\/09\/Proyecto-Cambiar-tamano-de-imagen-09-de-enero-de-2026-13.22.30-2026-09-04T132335.425-1536x1024.jpeg 1536w, https:\/\/www.uartes.edu.ec\/sitio\/wp-content\/uploads\/2026\/09\/Proyecto-Cambiar-tamano-de-imagen-09-de-enero-de-2026-13.22.30-2026-09-04T132335.425-600x400.jpeg 600w, https:\/\/www.uartes.edu.ec\/sitio\/wp-content\/uploads\/2026\/09\/Proyecto-Cambiar-tamano-de-imagen-09-de-enero-de-2026-13.22.30-2026-09-04T132335.425-18x12.jpeg 18w, https:\/\/www.uartes.edu.ec\/sitio\/wp-content\/uploads\/2026\/09\/Proyecto-Cambiar-tamano-de-imagen-09-de-enero-de-2026-13.22.30-2026-09-04T132335.425-400x266.jpeg 400w, https:\/\/www.uartes.edu.ec\/sitio\/wp-content\/uploads\/2026\/09\/Proyecto-Cambiar-tamano-de-imagen-09-de-enero-de-2026-13.22.30-2026-09-04T132335.425.jpeg 2000w\" sizes=\"(max-width: 644px) 100vw, 644px\" \/><\/figure>\n<\/div>\n\n<div class=\"wp-block-image\">\n<figure class=\"aligncenter size-large is-resized\"><img loading=\"lazy\" decoding=\"async\" width=\"644\" height=\"429\" src=\"https:\/\/www.uartes.edu.ec\/sitio\/wp-content\/uploads\/2026\/09\/Proyecto-Cambiar-tamano-de-imagen-09-de-enero-de-2026-13.22.30-2026-09-04T132406.524-644x429.jpeg\" alt=\"\" class=\"wp-image-96849\" style=\"width:482px;height:auto\" srcset=\"https:\/\/www.uartes.edu.ec\/sitio\/wp-content\/uploads\/2026\/09\/Proyecto-Cambiar-tamano-de-imagen-09-de-enero-de-2026-13.22.30-2026-09-04T132406.524-644x429.jpeg 644w, https:\/\/www.uartes.edu.ec\/sitio\/wp-content\/uploads\/2026\/09\/Proyecto-Cambiar-tamano-de-imagen-09-de-enero-de-2026-13.22.30-2026-09-04T132406.524-300x200.jpeg 300w, https:\/\/www.uartes.edu.ec\/sitio\/wp-content\/uploads\/2026\/09\/Proyecto-Cambiar-tamano-de-imagen-09-de-enero-de-2026-13.22.30-2026-09-04T132406.524-767x511.jpeg 767w, https:\/\/www.uartes.edu.ec\/sitio\/wp-content\/uploads\/2026\/09\/Proyecto-Cambiar-tamano-de-imagen-09-de-enero-de-2026-13.22.30-2026-09-04T132406.524-1536x1024.jpeg 1536w, https:\/\/www.uartes.edu.ec\/sitio\/wp-content\/uploads\/2026\/09\/Proyecto-Cambiar-tamano-de-imagen-09-de-enero-de-2026-13.22.30-2026-09-04T132406.524-18x12.jpeg 18w, https:\/\/www.uartes.edu.ec\/sitio\/wp-content\/uploads\/2026\/09\/Proyecto-Cambiar-tamano-de-imagen-09-de-enero-de-2026-13.22.30-2026-09-04T132406.524-600x400.jpeg 600w, https:\/\/www.uartes.edu.ec\/sitio\/wp-content\/uploads\/2026\/09\/Proyecto-Cambiar-tamano-de-imagen-09-de-enero-de-2026-13.22.30-2026-09-04T132406.524-400x266.jpeg 400w, https:\/\/www.uartes.edu.ec\/sitio\/wp-content\/uploads\/2026\/09\/Proyecto-Cambiar-tamano-de-imagen-09-de-enero-de-2026-13.22.30-2026-09-04T132406.524.jpeg 2000w\" sizes=\"(max-width: 644px) 100vw, 644px\" \/><\/figure>\n<\/div>\n\n\n<p class=\"wp-block-paragraph\">\u201cMemoria Viva\u201d, subray\u00f3 el artista y tallerista, es un ejercicio de permanencia frente al tiempo. \u201cPero esta experiencia tambi\u00e9n demuestra la importancia de la cooperaci\u00f3n institucional cuando esta deja de ser \u00fanicamente administrativa y consigue convertirse en acci\u00f3n concreta. La articulaci\u00f3n entre el Instituto de Seguridad Social de las Fuerzas Armadas y la Universidad de las Artes, a trav\u00e9s de JEP, permiti\u00f3 desarrollar un proceso en el que educaci\u00f3n art\u00edstica, comunidad y memoria pudieron encontrarse\u201d.<\/p>\n\n\n\n<p class=\"wp-block-paragraph\">A ello se sum\u00f3 hoy la posibilidad de presentar p\u00fablicamente estos resultados en la Casa de la Cultura Ecuatoriana N\u00facleo del Guayas, haciendo que aquello que comenz\u00f3 como experiencia de taller ingrese en otro espacio fundamental: el de la circulaci\u00f3n cultural. \u201cUn tr\u00e1nsito que es importante porque el taller termina, pero las im\u00e1genes contin\u00faan. Las sesiones concluyen, pero aquello que se produjo durante ellas puede seguir generando conversaciones. Y una exposici\u00f3n es precisamente una conversaci\u00f3n que dejamos abierta\u201d.<\/p>\n\n\n\n<p class=\"wp-block-paragraph\">En la inauguraci\u00f3n, en la que hubo tambi\u00e9n intervenciones de las autoridades del ISSFA, hubo reconocimientos para el artista y para quienes formaron parte de este proceso. \u201cGracias por confiar sus recuerdos al espacio del taller. Gracias por permitirse experimentar. Gracias por aceptar el riesgo que implica crear, porque crear siempre supone exponernos un poco: mostrar una mirada propia, decidir qu\u00e9 conservar y tambi\u00e9n qu\u00e9 queremos entregar a los dem\u00e1s. Hoy sus obras abandonan temporalmente la intimidad del proceso creativo para encontrarse con nuevas miradas. Y ese encuentro completa el sentido del proyecto\u201d, precis\u00f3 Joaqu\u00edn Serrano.<\/p>\n\n\n<div class=\"wp-block-image\">\n<figure class=\"aligncenter size-large\"><img loading=\"lazy\" decoding=\"async\" width=\"644\" height=\"429\" src=\"https:\/\/www.uartes.edu.ec\/sitio\/wp-content\/uploads\/2026\/09\/Proyecto-Cambiar-tamano-de-imagen-09-de-enero-de-2026-13.22.30-2026-09-04T132445.474-644x429.jpeg\" alt=\"\" class=\"wp-image-96850\" srcset=\"https:\/\/www.uartes.edu.ec\/sitio\/wp-content\/uploads\/2026\/09\/Proyecto-Cambiar-tamano-de-imagen-09-de-enero-de-2026-13.22.30-2026-09-04T132445.474-644x429.jpeg 644w, https:\/\/www.uartes.edu.ec\/sitio\/wp-content\/uploads\/2026\/09\/Proyecto-Cambiar-tamano-de-imagen-09-de-enero-de-2026-13.22.30-2026-09-04T132445.474-767x511.jpeg 767w, https:\/\/www.uartes.edu.ec\/sitio\/wp-content\/uploads\/2026\/09\/Proyecto-Cambiar-tamano-de-imagen-09-de-enero-de-2026-13.22.30-2026-09-04T132445.474-300x200.jpeg 300w, https:\/\/www.uartes.edu.ec\/sitio\/wp-content\/uploads\/2026\/09\/Proyecto-Cambiar-tamano-de-imagen-09-de-enero-de-2026-13.22.30-2026-09-04T132445.474-1536x1024.jpeg 1536w, https:\/\/www.uartes.edu.ec\/sitio\/wp-content\/uploads\/2026\/09\/Proyecto-Cambiar-tamano-de-imagen-09-de-enero-de-2026-13.22.30-2026-09-04T132445.474-18x12.jpeg 18w, https:\/\/www.uartes.edu.ec\/sitio\/wp-content\/uploads\/2026\/09\/Proyecto-Cambiar-tamano-de-imagen-09-de-enero-de-2026-13.22.30-2026-09-04T132445.474-600x400.jpeg 600w, https:\/\/www.uartes.edu.ec\/sitio\/wp-content\/uploads\/2026\/09\/Proyecto-Cambiar-tamano-de-imagen-09-de-enero-de-2026-13.22.30-2026-09-04T132445.474-400x266.jpeg 400w, https:\/\/www.uartes.edu.ec\/sitio\/wp-content\/uploads\/2026\/09\/Proyecto-Cambiar-tamano-de-imagen-09-de-enero-de-2026-13.22.30-2026-09-04T132445.474.jpeg 2000w\" sizes=\"(max-width: 644px) 100vw, 644px\" \/><\/figure>\n<\/div>\n\n<div class=\"wp-block-image\">\n<figure class=\"aligncenter size-large is-resized\"><img loading=\"lazy\" decoding=\"async\" width=\"644\" height=\"429\" src=\"https:\/\/www.uartes.edu.ec\/sitio\/wp-content\/uploads\/2026\/09\/Proyecto-Cambiar-tamano-de-imagen-09-de-enero-de-2026-13.22.30-2026-09-04T132524.311-644x429.jpeg\" alt=\"\" class=\"wp-image-96851\" style=\"width:485px;height:auto\" srcset=\"https:\/\/www.uartes.edu.ec\/sitio\/wp-content\/uploads\/2026\/09\/Proyecto-Cambiar-tamano-de-imagen-09-de-enero-de-2026-13.22.30-2026-09-04T132524.311-644x429.jpeg 644w, https:\/\/www.uartes.edu.ec\/sitio\/wp-content\/uploads\/2026\/09\/Proyecto-Cambiar-tamano-de-imagen-09-de-enero-de-2026-13.22.30-2026-09-04T132524.311-300x200.jpeg 300w, https:\/\/www.uartes.edu.ec\/sitio\/wp-content\/uploads\/2026\/09\/Proyecto-Cambiar-tamano-de-imagen-09-de-enero-de-2026-13.22.30-2026-09-04T132524.311-767x511.jpeg 767w, https:\/\/www.uartes.edu.ec\/sitio\/wp-content\/uploads\/2026\/09\/Proyecto-Cambiar-tamano-de-imagen-09-de-enero-de-2026-13.22.30-2026-09-04T132524.311-18x12.jpeg 18w, https:\/\/www.uartes.edu.ec\/sitio\/wp-content\/uploads\/2026\/09\/Proyecto-Cambiar-tamano-de-imagen-09-de-enero-de-2026-13.22.30-2026-09-04T132524.311-600x400.jpeg 600w, https:\/\/www.uartes.edu.ec\/sitio\/wp-content\/uploads\/2026\/09\/Proyecto-Cambiar-tamano-de-imagen-09-de-enero-de-2026-13.22.30-2026-09-04T132524.311-1536x1024.jpeg 1536w, https:\/\/www.uartes.edu.ec\/sitio\/wp-content\/uploads\/2026\/09\/Proyecto-Cambiar-tamano-de-imagen-09-de-enero-de-2026-13.22.30-2026-09-04T132524.311-400x266.jpeg 400w, https:\/\/www.uartes.edu.ec\/sitio\/wp-content\/uploads\/2026\/09\/Proyecto-Cambiar-tamano-de-imagen-09-de-enero-de-2026-13.22.30-2026-09-04T132524.311.jpeg 2000w\" sizes=\"(max-width: 644px) 100vw, 644px\" \/><\/figure>\n<\/div>\n\n\n<p class=\"wp-block-paragraph\">Entonces hubo un \u00faltimo acto, el de recorrer la exposici\u00f3n. El artista y docente UArtes recomend\u00f3 hacerlo \u201ccomprendiendo que frente a nosotros no encontramos \u00fanicamente dibujos y pinturas. Encontramos fragmentos de vida transformados en lenguaje pl\u00e1stico. Quiz\u00e1s esa sea tambi\u00e9n una manera de comprender el t\u00edtulo que hoy nos convoca. La memoria est\u00e1 viva mientras pueda ser evocada. Est\u00e1 viva mientras pueda transformarse. Est\u00e1 viva mientras alguien pueda reconocer en la experiencia del otro algo de su propia historia. Y est\u00e1 todav\u00eda m\u00e1s viva cuando somos capaces de transmitirla\u201d.<\/p>\n\n\n\n<p class=\"wp-block-paragraph\">En suma, dijo Serrano, aunque \u201cMemoria Viva\u201d nace del recuerdo tambi\u00e9n habla del presente y se proyecta hacia el futuro. \u201cPorque aquello que una generaci\u00f3n decide representar, conservar y compartir se convierte, de alguna manera, en legado para quienes vienen despu\u00e9s. El tiempo avanza, pero algunas im\u00e1genes se resisten a desaparecer. Las hacemos palabra. Las hacemos relato. Las hacemos color. Las hacemos forma. Y entonces comprendemos que recordar tambi\u00e9n puede ser un acto creativo\u201d.<\/p>\n\n\n\n<p class=\"wp-block-paragraph\">Texto: Carmen Cortez\/Dircom, con la colaboraci\u00f3n del artista y docente UArtes Joaqu\u00edn Serrano. Fotos: Joaqu\u00edn Serrano y Frederick Estrella\/Direcci\u00f3n de Vinculaci\u00f3n con la Sociedad.<\/p>","protected":false},"excerpt":{"rendered":"<p>Al taller de dibujo y pintura que el reconocido artista y docente de la Universidad de las Artes Joaqu\u00edn Serrano dict\u00f3 a los adultos mayores del Instituto de Seguridad Social de las Fuerzas Armadas (ISSFA) se lo denomin\u00f3 \u201cMemoria Viva\u201d, nombre que tambi\u00e9n se dio a la muestra colectiva de resultados inaugurada este 3 de septiembre en la Sala Araceli Gilbert de la Casa de la Cultura Ecuatoriana N\u00facleo del Guayas (CCENG).<\/p>","protected":false},"author":10,"featured_media":96842,"comment_status":"open","ping_status":"open","sticky":false,"template":"","format":"standard","meta":{"_acf_changed":false,"_uag_custom_page_level_css":"","_monsterinsights_skip_tracking":false,"cybocfi_hide_featured_image":"","footnotes":""},"categories":[157,75,76,79],"tags":[518],"infouartes":[],"class_list":["post-96841","post","type-post","status-publish","format-standard","has-post-thumbnail","hentry","category-artes-visuales","category-docentes","category-estudiantes","category-vinculo","tag-produccion"],"acf":[],"yoast_head":"<!-- This site is optimized with the Yoast SEO plugin v28.4 - https:\/\/yoast.com\/product\/yoast-seo-wordpress\/ -->\n<title>Universidad de las Artes - Resultados del taller \u201cMemoria Viva\u201d que dict\u00f3 Joaqu\u00edn Serrano a adultos mayores del ISSFA se exponen en la CCENG<\/title>\n<meta name=\"description\" content=\"Universidad de las Artes - Resultados del taller \u201cMemoria Viva\u201d que dict\u00f3 Joaqu\u00edn Serrano a adultos mayores del ISSFA se exponen en la CCENG\" \/>\n<meta name=\"robots\" content=\"index, follow, max-snippet:-1, max-image-preview:large, max-video-preview:-1\" \/>\n<link rel=\"canonical\" href=\"https:\/\/www.uartes.edu.ec\/sitio\/fr\/blog\/2026\/09\/04\/resultados-del-taller-memoria-viva-que-dicto-joaquin-serrano-a-adultos-mayores-del-issfa-se-exponen-en-la-cceng\/\" \/>\n<meta property=\"og:locale\" content=\"fr_FR\" \/>\n<meta property=\"og:type\" content=\"article\" \/>\n<meta property=\"og:title\" content=\"Universidad de las Artes - Resultados del taller \u201cMemoria Viva\u201d que dict\u00f3 Joaqu\u00edn Serrano a adultos mayores del ISSFA se exponen en la CCENG\" \/>\n<meta property=\"og:description\" content=\"Universidad de las Artes - Resultados del taller \u201cMemoria Viva\u201d que dict\u00f3 Joaqu\u00edn Serrano a adultos mayores del ISSFA se exponen en la CCENG\" \/>\n<meta property=\"og:url\" content=\"https:\/\/www.uartes.edu.ec\/sitio\/fr\/blog\/2026\/09\/04\/resultados-del-taller-memoria-viva-que-dicto-joaquin-serrano-a-adultos-mayores-del-issfa-se-exponen-en-la-cceng\/\" \/>\n<meta property=\"og:site_name\" content=\"Universidad de las Artes\" \/>\n<meta property=\"article:publisher\" content=\"https:\/\/www.facebook.com\/uartesec\" \/>\n<meta property=\"article:published_time\" content=\"2026-09-04T21:28:29+00:00\" \/>\n<meta property=\"article:modified_time\" content=\"2026-09-04T21:33:52+00:00\" \/>\n<meta property=\"og:image\" content=\"https:\/\/www.uartes.edu.ec\/sitio\/wp-content\/uploads\/2026\/09\/Proyecto-Cambiar-tamano-de-imagen-09-de-enero-de-2026-13.22.30-2026-09-04T133327.835.jpeg\" \/>\n\t<meta property=\"og:image:width\" content=\"2000\" \/>\n\t<meta property=\"og:image:height\" content=\"1333\" \/>\n\t<meta property=\"og:image:type\" content=\"image\/jpeg\" \/>\n<meta name=\"author\" content=\"ccortez\" \/>\n<meta name=\"twitter:card\" content=\"summary_large_image\" \/>\n<meta name=\"twitter:creator\" content=\"@uartesec\" \/>\n<meta name=\"twitter:site\" content=\"@uartesec\" \/>\n<meta name=\"twitter:label1\" content=\"\u00c9crit par\" \/>\n\t<meta name=\"twitter:data1\" content=\"ccortez\" \/>\n\t<meta name=\"twitter:label2\" content=\"Dur\u00e9e de lecture estim\u00e9e\" \/>\n\t<meta name=\"twitter:data2\" content=\"7 minutes\" \/>\n<script type=\"application\/ld+json\" class=\"yoast-schema-graph\">{\"@context\":\"https:\\\/\\\/schema.org\",\"@graph\":[{\"@type\":\"Article\",\"@id\":\"https:\\\/\\\/www.uartes.edu.ec\\\/sitio\\\/fr\\\/blog\\\/2026\\\/09\\\/04\\\/resultados-del-taller-memoria-viva-que-dicto-joaquin-serrano-a-adultos-mayores-del-issfa-se-exponen-en-la-cceng\\\/#article\",\"isPartOf\":{\"@id\":\"https:\\\/\\\/www.uartes.edu.ec\\\/sitio\\\/fr\\\/blog\\\/2026\\\/09\\\/04\\\/resultados-del-taller-memoria-viva-que-dicto-joaquin-serrano-a-adultos-mayores-del-issfa-se-exponen-en-la-cceng\\\/\"},\"author\":{\"name\":\"ccortez\",\"@id\":\"https:\\\/\\\/www.uartes.edu.ec\\\/sitio\\\/fr\\\/#\\\/schema\\\/person\\\/efa1b8275797664fd7f13a79ccc0b1f4\"},\"headline\":\"Resultados del taller \u201cMemoria Viva\u201d que dict\u00f3 Joaqu\u00edn Serrano a adultos mayores del ISSFA se exponen en la CCENG\",\"datePublished\":\"2026-09-04T21:28:29+00:00\",\"dateModified\":\"2026-09-04T21:33:52+00:00\",\"mainEntityOfPage\":{\"@id\":\"https:\\\/\\\/www.uartes.edu.ec\\\/sitio\\\/fr\\\/blog\\\/2026\\\/09\\\/04\\\/resultados-del-taller-memoria-viva-que-dicto-joaquin-serrano-a-adultos-mayores-del-issfa-se-exponen-en-la-cceng\\\/\"},\"wordCount\":1225,\"commentCount\":0,\"publisher\":{\"@id\":\"https:\\\/\\\/www.uartes.edu.ec\\\/sitio\\\/fr\\\/#organization\"},\"image\":{\"@id\":\"https:\\\/\\\/www.uartes.edu.ec\\\/sitio\\\/fr\\\/blog\\\/2026\\\/09\\\/04\\\/resultados-del-taller-memoria-viva-que-dicto-joaquin-serrano-a-adultos-mayores-del-issfa-se-exponen-en-la-cceng\\\/#primaryimage\"},\"thumbnailUrl\":\"https:\\\/\\\/www.uartes.edu.ec\\\/sitio\\\/wp-content\\\/uploads\\\/2026\\\/09\\\/Proyecto-Cambiar-tamano-de-imagen-09-de-enero-de-2026-13.22.30-2026-09-04T133327.835.jpeg\",\"keywords\":[\"producci\u00f3n\"],\"articleSection\":[\"Artes Visuales\",\"Docentes\",\"Estudiantes\",\"V\u00ednculo\"],\"inLanguage\":\"fr-FR\",\"potentialAction\":[{\"@type\":\"CommentAction\",\"name\":\"Comment\",\"target\":[\"https:\\\/\\\/www.uartes.edu.ec\\\/sitio\\\/fr\\\/blog\\\/2026\\\/09\\\/04\\\/resultados-del-taller-memoria-viva-que-dicto-joaquin-serrano-a-adultos-mayores-del-issfa-se-exponen-en-la-cceng\\\/#respond\"]}]},{\"@type\":[\"WebPage\",\"ItemPage\"],\"@id\":\"https:\\\/\\\/www.uartes.edu.ec\\\/sitio\\\/fr\\\/blog\\\/2026\\\/09\\\/04\\\/resultados-del-taller-memoria-viva-que-dicto-joaquin-serrano-a-adultos-mayores-del-issfa-se-exponen-en-la-cceng\\\/\",\"url\":\"https:\\\/\\\/www.uartes.edu.ec\\\/sitio\\\/fr\\\/blog\\\/2026\\\/09\\\/04\\\/resultados-del-taller-memoria-viva-que-dicto-joaquin-serrano-a-adultos-mayores-del-issfa-se-exponen-en-la-cceng\\\/\",\"name\":\"Universidad de las Artes - Resultados del taller \u201cMemoria Viva\u201d que dict\u00f3 Joaqu\u00edn Serrano a adultos mayores del ISSFA se exponen en la CCENG\",\"isPartOf\":{\"@id\":\"https:\\\/\\\/www.uartes.edu.ec\\\/sitio\\\/fr\\\/#website\"},\"primaryImageOfPage\":{\"@id\":\"https:\\\/\\\/www.uartes.edu.ec\\\/sitio\\\/fr\\\/blog\\\/2026\\\/09\\\/04\\\/resultados-del-taller-memoria-viva-que-dicto-joaquin-serrano-a-adultos-mayores-del-issfa-se-exponen-en-la-cceng\\\/#primaryimage\"},\"image\":{\"@id\":\"https:\\\/\\\/www.uartes.edu.ec\\\/sitio\\\/fr\\\/blog\\\/2026\\\/09\\\/04\\\/resultados-del-taller-memoria-viva-que-dicto-joaquin-serrano-a-adultos-mayores-del-issfa-se-exponen-en-la-cceng\\\/#primaryimage\"},\"thumbnailUrl\":\"https:\\\/\\\/www.uartes.edu.ec\\\/sitio\\\/wp-content\\\/uploads\\\/2026\\\/09\\\/Proyecto-Cambiar-tamano-de-imagen-09-de-enero-de-2026-13.22.30-2026-09-04T133327.835.jpeg\",\"datePublished\":\"2026-09-04T21:28:29+00:00\",\"dateModified\":\"2026-09-04T21:33:52+00:00\",\"description\":\"Universidad de las Artes - Resultados del taller \u201cMemoria Viva\u201d que dict\u00f3 Joaqu\u00edn Serrano a adultos mayores del ISSFA se exponen en la CCENG\",\"breadcrumb\":{\"@id\":\"https:\\\/\\\/www.uartes.edu.ec\\\/sitio\\\/fr\\\/blog\\\/2026\\\/09\\\/04\\\/resultados-del-taller-memoria-viva-que-dicto-joaquin-serrano-a-adultos-mayores-del-issfa-se-exponen-en-la-cceng\\\/#breadcrumb\"},\"inLanguage\":\"fr-FR\",\"potentialAction\":[{\"@type\":\"ReadAction\",\"target\":[\"https:\\\/\\\/www.uartes.edu.ec\\\/sitio\\\/fr\\\/blog\\\/2026\\\/09\\\/04\\\/resultados-del-taller-memoria-viva-que-dicto-joaquin-serrano-a-adultos-mayores-del-issfa-se-exponen-en-la-cceng\\\/\"]}]},{\"@type\":\"ImageObject\",\"inLanguage\":\"fr-FR\",\"@id\":\"https:\\\/\\\/www.uartes.edu.ec\\\/sitio\\\/fr\\\/blog\\\/2026\\\/09\\\/04\\\/resultados-del-taller-memoria-viva-que-dicto-joaquin-serrano-a-adultos-mayores-del-issfa-se-exponen-en-la-cceng\\\/#primaryimage\",\"url\":\"https:\\\/\\\/www.uartes.edu.ec\\\/sitio\\\/wp-content\\\/uploads\\\/2026\\\/09\\\/Proyecto-Cambiar-tamano-de-imagen-09-de-enero-de-2026-13.22.30-2026-09-04T133327.835.jpeg\",\"contentUrl\":\"https:\\\/\\\/www.uartes.edu.ec\\\/sitio\\\/wp-content\\\/uploads\\\/2026\\\/09\\\/Proyecto-Cambiar-tamano-de-imagen-09-de-enero-de-2026-13.22.30-2026-09-04T133327.835.jpeg\",\"width\":2000,\"height\":1333},{\"@type\":\"BreadcrumbList\",\"@id\":\"https:\\\/\\\/www.uartes.edu.ec\\\/sitio\\\/fr\\\/blog\\\/2026\\\/09\\\/04\\\/resultados-del-taller-memoria-viva-que-dicto-joaquin-serrano-a-adultos-mayores-del-issfa-se-exponen-en-la-cceng\\\/#breadcrumb\",\"itemListElement\":[{\"@type\":\"ListItem\",\"position\":1,\"name\":\"Inicio\",\"item\":\"https:\\\/\\\/www.uartes.edu.ec\\\/sitio\\\/\"},{\"@type\":\"ListItem\",\"position\":2,\"name\":\"Resultados del taller \u201cMemoria Viva\u201d que dict\u00f3 Joaqu\u00edn Serrano a adultos mayores del ISSFA se exponen en la CCENG\"}]},{\"@type\":\"WebSite\",\"@id\":\"https:\\\/\\\/www.uartes.edu.ec\\\/sitio\\\/fr\\\/#website\",\"url\":\"https:\\\/\\\/www.uartes.edu.ec\\\/sitio\\\/fr\\\/\",\"name\":\"Universidad de las Artes\",\"description\":\"Sitio oficial de la Universidad Nacional de las Artes del Ecuador\",\"publisher\":{\"@id\":\"https:\\\/\\\/www.uartes.edu.ec\\\/sitio\\\/fr\\\/#organization\"},\"potentialAction\":[{\"@type\":\"SearchAction\",\"target\":{\"@type\":\"EntryPoint\",\"urlTemplate\":\"https:\\\/\\\/www.uartes.edu.ec\\\/sitio\\\/fr\\\/?s={search_term_string}\"},\"query-input\":{\"@type\":\"PropertyValueSpecification\",\"valueRequired\":true,\"valueName\":\"search_term_string\"}}],\"inLanguage\":\"fr-FR\"},{\"@type\":\"Organization\",\"@id\":\"https:\\\/\\\/www.uartes.edu.ec\\\/sitio\\\/fr\\\/#organization\",\"name\":\"Universidad de las Artes\",\"url\":\"https:\\\/\\\/www.uartes.edu.ec\\\/sitio\\\/fr\\\/\",\"logo\":{\"@type\":\"ImageObject\",\"inLanguage\":\"fr-FR\",\"@id\":\"https:\\\/\\\/www.uartes.edu.ec\\\/sitio\\\/fr\\\/#\\\/schema\\\/logo\\\/image\\\/\",\"url\":\"https:\\\/\\\/www.uartes.edu.ec\\\/sitio\\\/wp-content\\\/uploads\\\/2022\\\/07\\\/logo-ua-horizontal.png\",\"contentUrl\":\"https:\\\/\\\/www.uartes.edu.ec\\\/sitio\\\/wp-content\\\/uploads\\\/2022\\\/07\\\/logo-ua-horizontal.png\",\"width\":800,\"height\":276,\"caption\":\"Universidad de las Artes\"},\"image\":{\"@id\":\"https:\\\/\\\/www.uartes.edu.ec\\\/sitio\\\/fr\\\/#\\\/schema\\\/logo\\\/image\\\/\"},\"sameAs\":[\"https:\\\/\\\/www.facebook.com\\\/uartesec\",\"https:\\\/\\\/x.com\\\/uartesec\",\"https:\\\/\\\/www.tiktok.com\\\/@uartesec\"]},{\"@type\":\"Person\",\"@id\":\"https:\\\/\\\/www.uartes.edu.ec\\\/sitio\\\/fr\\\/#\\\/schema\\\/person\\\/efa1b8275797664fd7f13a79ccc0b1f4\",\"name\":\"ccortez\",\"image\":{\"@type\":\"ImageObject\",\"inLanguage\":\"fr-FR\",\"@id\":\"https:\\\/\\\/secure.gravatar.com\\\/avatar\\\/b2a6f664a3ae8e074346ef91775736c5ec479e637ecced6842de9dc98b5da9cd?s=96&d=mm&r=g\",\"url\":\"https:\\\/\\\/secure.gravatar.com\\\/avatar\\\/b2a6f664a3ae8e074346ef91775736c5ec479e637ecced6842de9dc98b5da9cd?s=96&d=mm&r=g\",\"contentUrl\":\"https:\\\/\\\/secure.gravatar.com\\\/avatar\\\/b2a6f664a3ae8e074346ef91775736c5ec479e637ecced6842de9dc98b5da9cd?s=96&d=mm&r=g\",\"caption\":\"ccortez\"},\"url\":\"https:\\\/\\\/www.uartes.edu.ec\\\/sitio\\\/fr\\\/blog\\\/author\\\/ccortez\\\/\"}]}<\/script>\n<!-- \/ Yoast SEO plugin. -->","yoast_head_json":{"title":"Universidad de las Artes - Resultados del taller \u201cMemoria Viva\u201d que dict\u00f3 Joaqu\u00edn Serrano a adultos mayores del ISSFA se exponen en la CCENG","description":"Universidad de las Artes - Resultados del taller \u201cMemoria Viva\u201d que dict\u00f3 Joaqu\u00edn Serrano a adultos mayores del ISSFA se exponen en la CCENG","robots":{"index":"index","follow":"follow","max-snippet":"max-snippet:-1","max-image-preview":"max-image-preview:large","max-video-preview":"max-video-preview:-1"},"canonical":"https:\/\/www.uartes.edu.ec\/sitio\/fr\/blog\/2026\/09\/04\/resultados-del-taller-memoria-viva-que-dicto-joaquin-serrano-a-adultos-mayores-del-issfa-se-exponen-en-la-cceng\/","og_locale":"fr_FR","og_type":"article","og_title":"Universidad de las Artes - Resultados del taller \u201cMemoria Viva\u201d que dict\u00f3 Joaqu\u00edn Serrano a adultos mayores del ISSFA se exponen en la CCENG","og_description":"Universidad de las Artes - Resultados del taller \u201cMemoria Viva\u201d que dict\u00f3 Joaqu\u00edn Serrano a adultos mayores del ISSFA se exponen en la CCENG","og_url":"https:\/\/www.uartes.edu.ec\/sitio\/fr\/blog\/2026\/09\/04\/resultados-del-taller-memoria-viva-que-dicto-joaquin-serrano-a-adultos-mayores-del-issfa-se-exponen-en-la-cceng\/","og_site_name":"Universidad de las Artes","article_publisher":"https:\/\/www.facebook.com\/uartesec","article_published_time":"2026-09-04T21:28:29+00:00","article_modified_time":"2026-09-04T21:33:52+00:00","og_image":[{"width":2000,"height":1333,"url":"https:\/\/www.uartes.edu.ec\/sitio\/wp-content\/uploads\/2026\/09\/Proyecto-Cambiar-tamano-de-imagen-09-de-enero-de-2026-13.22.30-2026-09-04T133327.835.jpeg","type":"image\/jpeg"}],"author":"ccortez","twitter_card":"summary_large_image","twitter_creator":"@uartesec","twitter_site":"@uartesec","twitter_misc":{"\u00c9crit par":"ccortez","Dur\u00e9e de lecture estim\u00e9e":"7 minutes"},"schema":{"@context":"https:\/\/schema.org","@graph":[{"@type":"Article","@id":"https:\/\/www.uartes.edu.ec\/sitio\/fr\/blog\/2026\/09\/04\/resultados-del-taller-memoria-viva-que-dicto-joaquin-serrano-a-adultos-mayores-del-issfa-se-exponen-en-la-cceng\/#article","isPartOf":{"@id":"https:\/\/www.uartes.edu.ec\/sitio\/fr\/blog\/2026\/09\/04\/resultados-del-taller-memoria-viva-que-dicto-joaquin-serrano-a-adultos-mayores-del-issfa-se-exponen-en-la-cceng\/"},"author":{"name":"ccortez","@id":"https:\/\/www.uartes.edu.ec\/sitio\/fr\/#\/schema\/person\/efa1b8275797664fd7f13a79ccc0b1f4"},"headline":"Resultados del taller \u201cMemoria Viva\u201d que dict\u00f3 Joaqu\u00edn Serrano a adultos mayores del ISSFA se exponen en la CCENG","datePublished":"2026-09-04T21:28:29+00:00","dateModified":"2026-09-04T21:33:52+00:00","mainEntityOfPage":{"@id":"https:\/\/www.uartes.edu.ec\/sitio\/fr\/blog\/2026\/09\/04\/resultados-del-taller-memoria-viva-que-dicto-joaquin-serrano-a-adultos-mayores-del-issfa-se-exponen-en-la-cceng\/"},"wordCount":1225,"commentCount":0,"publisher":{"@id":"https:\/\/www.uartes.edu.ec\/sitio\/fr\/#organization"},"image":{"@id":"https:\/\/www.uartes.edu.ec\/sitio\/fr\/blog\/2026\/09\/04\/resultados-del-taller-memoria-viva-que-dicto-joaquin-serrano-a-adultos-mayores-del-issfa-se-exponen-en-la-cceng\/#primaryimage"},"thumbnailUrl":"https:\/\/www.uartes.edu.ec\/sitio\/wp-content\/uploads\/2026\/09\/Proyecto-Cambiar-tamano-de-imagen-09-de-enero-de-2026-13.22.30-2026-09-04T133327.835.jpeg","keywords":["producci\u00f3n"],"articleSection":["Artes Visuales","Docentes","Estudiantes","V\u00ednculo"],"inLanguage":"fr-FR","potentialAction":[{"@type":"CommentAction","name":"Comment","target":["https:\/\/www.uartes.edu.ec\/sitio\/fr\/blog\/2026\/09\/04\/resultados-del-taller-memoria-viva-que-dicto-joaquin-serrano-a-adultos-mayores-del-issfa-se-exponen-en-la-cceng\/#respond"]}]},{"@type":["WebPage","ItemPage"],"@id":"https:\/\/www.uartes.edu.ec\/sitio\/fr\/blog\/2026\/09\/04\/resultados-del-taller-memoria-viva-que-dicto-joaquin-serrano-a-adultos-mayores-del-issfa-se-exponen-en-la-cceng\/","url":"https:\/\/www.uartes.edu.ec\/sitio\/fr\/blog\/2026\/09\/04\/resultados-del-taller-memoria-viva-que-dicto-joaquin-serrano-a-adultos-mayores-del-issfa-se-exponen-en-la-cceng\/","name":"Universidad de las Artes - Resultados del taller \u201cMemoria Viva\u201d que dict\u00f3 Joaqu\u00edn Serrano a adultos mayores del ISSFA se exponen en la CCENG","isPartOf":{"@id":"https:\/\/www.uartes.edu.ec\/sitio\/fr\/#website"},"primaryImageOfPage":{"@id":"https:\/\/www.uartes.edu.ec\/sitio\/fr\/blog\/2026\/09\/04\/resultados-del-taller-memoria-viva-que-dicto-joaquin-serrano-a-adultos-mayores-del-issfa-se-exponen-en-la-cceng\/#primaryimage"},"image":{"@id":"https:\/\/www.uartes.edu.ec\/sitio\/fr\/blog\/2026\/09\/04\/resultados-del-taller-memoria-viva-que-dicto-joaquin-serrano-a-adultos-mayores-del-issfa-se-exponen-en-la-cceng\/#primaryimage"},"thumbnailUrl":"https:\/\/www.uartes.edu.ec\/sitio\/wp-content\/uploads\/2026\/09\/Proyecto-Cambiar-tamano-de-imagen-09-de-enero-de-2026-13.22.30-2026-09-04T133327.835.jpeg","datePublished":"2026-09-04T21:28:29+00:00","dateModified":"2026-09-04T21:33:52+00:00","description":"Universidad de las Artes - Resultados del taller \u201cMemoria Viva\u201d que dict\u00f3 Joaqu\u00edn Serrano a adultos mayores del ISSFA se exponen en la CCENG","breadcrumb":{"@id":"https:\/\/www.uartes.edu.ec\/sitio\/fr\/blog\/2026\/09\/04\/resultados-del-taller-memoria-viva-que-dicto-joaquin-serrano-a-adultos-mayores-del-issfa-se-exponen-en-la-cceng\/#breadcrumb"},"inLanguage":"fr-FR","potentialAction":[{"@type":"ReadAction","target":["https:\/\/www.uartes.edu.ec\/sitio\/fr\/blog\/2026\/09\/04\/resultados-del-taller-memoria-viva-que-dicto-joaquin-serrano-a-adultos-mayores-del-issfa-se-exponen-en-la-cceng\/"]}]},{"@type":"ImageObject","inLanguage":"fr-FR","@id":"https:\/\/www.uartes.edu.ec\/sitio\/fr\/blog\/2026\/09\/04\/resultados-del-taller-memoria-viva-que-dicto-joaquin-serrano-a-adultos-mayores-del-issfa-se-exponen-en-la-cceng\/#primaryimage","url":"https:\/\/www.uartes.edu.ec\/sitio\/wp-content\/uploads\/2026\/09\/Proyecto-Cambiar-tamano-de-imagen-09-de-enero-de-2026-13.22.30-2026-09-04T133327.835.jpeg","contentUrl":"https:\/\/www.uartes.edu.ec\/sitio\/wp-content\/uploads\/2026\/09\/Proyecto-Cambiar-tamano-de-imagen-09-de-enero-de-2026-13.22.30-2026-09-04T133327.835.jpeg","width":2000,"height":1333},{"@type":"BreadcrumbList","@id":"https:\/\/www.uartes.edu.ec\/sitio\/fr\/blog\/2026\/09\/04\/resultados-del-taller-memoria-viva-que-dicto-joaquin-serrano-a-adultos-mayores-del-issfa-se-exponen-en-la-cceng\/#breadcrumb","itemListElement":[{"@type":"ListItem","position":1,"name":"Inicio","item":"https:\/\/www.uartes.edu.ec\/sitio\/"},{"@type":"ListItem","position":2,"name":"Resultados del taller \u201cMemoria Viva\u201d que dict\u00f3 Joaqu\u00edn Serrano a adultos mayores del ISSFA se exponen en la CCENG"}]},{"@type":"WebSite","@id":"https:\/\/www.uartes.edu.ec\/sitio\/fr\/#website","url":"https:\/\/www.uartes.edu.ec\/sitio\/fr\/","name":"l'Universit\u00e9 des Arts","description":"Sitio oficial de la Universidad Nacional de las Artes del Ecuador","publisher":{"@id":"https:\/\/www.uartes.edu.ec\/sitio\/fr\/#organization"},"potentialAction":[{"@type":"SearchAction","target":{"@type":"EntryPoint","urlTemplate":"https:\/\/www.uartes.edu.ec\/sitio\/fr\/?s={search_term_string}"},"query-input":{"@type":"PropertyValueSpecification","valueRequired":true,"valueName":"search_term_string"}}],"inLanguage":"fr-FR"},{"@type":"Organization","@id":"https:\/\/www.uartes.edu.ec\/sitio\/fr\/#organization","name":"l'Universit\u00e9 des Arts","url":"https:\/\/www.uartes.edu.ec\/sitio\/fr\/","logo":{"@type":"ImageObject","inLanguage":"fr-FR","@id":"https:\/\/www.uartes.edu.ec\/sitio\/fr\/#\/schema\/logo\/image\/","url":"https:\/\/www.uartes.edu.ec\/sitio\/wp-content\/uploads\/2022\/07\/logo-ua-horizontal.png","contentUrl":"https:\/\/www.uartes.edu.ec\/sitio\/wp-content\/uploads\/2022\/07\/logo-ua-horizontal.png","width":800,"height":276,"caption":"Universidad de las Artes"},"image":{"@id":"https:\/\/www.uartes.edu.ec\/sitio\/fr\/#\/schema\/logo\/image\/"},"sameAs":["https:\/\/www.facebook.com\/uartesec","https:\/\/x.com\/uartesec","https:\/\/www.tiktok.com\/@uartesec"]},{"@type":"Person","@id":"https:\/\/www.uartes.edu.ec\/sitio\/fr\/#\/schema\/person\/efa1b8275797664fd7f13a79ccc0b1f4","name":"ccortez","image":{"@type":"ImageObject","inLanguage":"fr-FR","@id":"https:\/\/secure.gravatar.com\/avatar\/b2a6f664a3ae8e074346ef91775736c5ec479e637ecced6842de9dc98b5da9cd?s=96&d=mm&r=g","url":"https:\/\/secure.gravatar.com\/avatar\/b2a6f664a3ae8e074346ef91775736c5ec479e637ecced6842de9dc98b5da9cd?s=96&d=mm&r=g","contentUrl":"https:\/\/secure.gravatar.com\/avatar\/b2a6f664a3ae8e074346ef91775736c5ec479e637ecced6842de9dc98b5da9cd?s=96&d=mm&r=g","caption":"ccortez"},"url":"https:\/\/www.uartes.edu.ec\/sitio\/fr\/blog\/author\/ccortez\/"}]}},"uagb_featured_image_src":{"full":["https:\/\/www.uartes.edu.ec\/sitio\/wp-content\/uploads\/2026\/09\/Proyecto-Cambiar-tamano-de-imagen-09-de-enero-de-2026-13.22.30-2026-09-04T133327.835.jpeg",2000,1333,false],"thumbnail":["https:\/\/www.uartes.edu.ec\/sitio\/wp-content\/uploads\/2026\/09\/Proyecto-Cambiar-tamano-de-imagen-09-de-enero-de-2026-13.22.30-2026-09-04T133327.835-150x150.jpeg",150,150,true],"medium":["https:\/\/www.uartes.edu.ec\/sitio\/wp-content\/uploads\/2026\/09\/Proyecto-Cambiar-tamano-de-imagen-09-de-enero-de-2026-13.22.30-2026-09-04T133327.835-300x200.jpeg",300,200,true],"medium_large":["https:\/\/www.uartes.edu.ec\/sitio\/wp-content\/uploads\/2026\/09\/Proyecto-Cambiar-tamano-de-imagen-09-de-enero-de-2026-13.22.30-2026-09-04T133327.835-768x512.jpeg",768,512,true],"large":["https:\/\/www.uartes.edu.ec\/sitio\/wp-content\/uploads\/2026\/09\/Proyecto-Cambiar-tamano-de-imagen-09-de-enero-de-2026-13.22.30-2026-09-04T133327.835-644x429.jpeg",644,429,true],"1536x1536":["https:\/\/www.uartes.edu.ec\/sitio\/wp-content\/uploads\/2026\/09\/Proyecto-Cambiar-tamano-de-imagen-09-de-enero-de-2026-13.22.30-2026-09-04T133327.835-1536x1024.jpeg",1536,1024,true],"2048x2048":["https:\/\/www.uartes.edu.ec\/sitio\/wp-content\/uploads\/2026\/09\/Proyecto-Cambiar-tamano-de-imagen-09-de-enero-de-2026-13.22.30-2026-09-04T133327.835.jpeg",2000,1333,false],"trp-custom-language-flag":["https:\/\/www.uartes.edu.ec\/sitio\/wp-content\/uploads\/2026\/09\/Proyecto-Cambiar-tamano-de-imagen-09-de-enero-de-2026-13.22.30-2026-09-04T133327.835-18x12.jpeg",18,12,true],"gb-block-post-grid-landscape":["https:\/\/www.uartes.edu.ec\/sitio\/wp-content\/uploads\/2026\/09\/Proyecto-Cambiar-tamano-de-imagen-09-de-enero-de-2026-13.22.30-2026-09-04T133327.835-600x400.jpeg",600,400,true],"gb-block-post-grid-square":["https:\/\/www.uartes.edu.ec\/sitio\/wp-content\/uploads\/2026\/09\/Proyecto-Cambiar-tamano-de-imagen-09-de-enero-de-2026-13.22.30-2026-09-04T133327.835-600x600.jpeg",600,600,true],"university-hub-thumb":["https:\/\/www.uartes.edu.ec\/sitio\/wp-content\/uploads\/2026\/09\/Proyecto-Cambiar-tamano-de-imagen-09-de-enero-de-2026-13.22.30-2026-09-04T133327.835-400x267.jpeg",400,267,true]},"uagb_author_info":{"display_name":"ccortez","author_link":"https:\/\/www.uartes.edu.ec\/sitio\/fr\/blog\/author\/ccortez\/"},"uagb_comment_info":0,"uagb_excerpt":"Al taller de dibujo y pintura que el reconocido artista y docente de la Universidad de las Artes Joaqu\u00edn Serrano dict\u00f3 a los adultos mayores del Instituto de Seguridad Social de las Fuerzas Armadas (ISSFA) se lo denomin\u00f3 \u201cMemoria Viva\u201d, nombre que tambi\u00e9n se dio a la muestra colectiva de resultados inaugurada este 3 de\u2026","featured_image_src":"https:\/\/www.uartes.edu.ec\/sitio\/wp-content\/uploads\/2026\/09\/Proyecto-Cambiar-tamano-de-imagen-09-de-enero-de-2026-13.22.30-2026-09-04T133327.835-600x400.jpeg","featured_image_src_square":"https:\/\/www.uartes.edu.ec\/sitio\/wp-content\/uploads\/2026\/09\/Proyecto-Cambiar-tamano-de-imagen-09-de-enero-de-2026-13.22.30-2026-09-04T133327.835-600x600.jpeg","author_info":{"display_name":"ccortez","author_link":"https:\/\/www.uartes.edu.ec\/sitio\/fr\/blog\/author\/ccortez\/"},"publishpress_future_workflow_manual_trigger":{"enabledWorkflows":[]},"distributor_meta":false,"distributor_terms":false,"distributor_media":false,"distributor_original_site_name":"Universidad de las Artes","distributor_original_site_url":"https:\/\/www.uartes.edu.ec\/sitio\/fr","push-errors":false,"_links":{"self":[{"href":"https:\/\/www.uartes.edu.ec\/sitio\/fr\/wp-json\/wp\/v2\/posts\/96841","targetHints":{"allow":["GET"]}}],"collection":[{"href":"https:\/\/www.uartes.edu.ec\/sitio\/fr\/wp-json\/wp\/v2\/posts"}],"about":[{"href":"https:\/\/www.uartes.edu.ec\/sitio\/fr\/wp-json\/wp\/v2\/types\/post"}],"author":[{"embeddable":true,"href":"https:\/\/www.uartes.edu.ec\/sitio\/fr\/wp-json\/wp\/v2\/users\/10"}],"replies":[{"embeddable":true,"href":"https:\/\/www.uartes.edu.ec\/sitio\/fr\/wp-json\/wp\/v2\/comments?post=96841"}],"version-history":[{"count":1,"href":"https:\/\/www.uartes.edu.ec\/sitio\/fr\/wp-json\/wp\/v2\/posts\/96841\/revisions"}],"predecessor-version":[{"id":96853,"href":"https:\/\/www.uartes.edu.ec\/sitio\/fr\/wp-json\/wp\/v2\/posts\/96841\/revisions\/96853"}],"wp:featuredmedia":[{"embeddable":true,"href":"https:\/\/www.uartes.edu.ec\/sitio\/fr\/wp-json\/wp\/v2\/media\/96842"}],"wp:attachment":[{"href":"https:\/\/www.uartes.edu.ec\/sitio\/fr\/wp-json\/wp\/v2\/media?parent=96841"}],"wp:term":[{"taxonomy":"category","embeddable":true,"href":"https:\/\/www.uartes.edu.ec\/sitio\/fr\/wp-json\/wp\/v2\/categories?post=96841"},{"taxonomy":"post_tag","embeddable":true,"href":"https:\/\/www.uartes.edu.ec\/sitio\/fr\/wp-json\/wp\/v2\/tags?post=96841"},{"taxonomy":"infouartes","embeddable":true,"href":"https:\/\/www.uartes.edu.ec\/sitio\/fr\/wp-json\/wp\/v2\/infouartes?post=96841"}],"curies":[{"name":"wp","href":"https:\/\/api.w.org\/{rel}","templated":true}]}}