{"id":130,"date":"2016-08-30T12:01:55","date_gmt":"2016-08-30T17:01:55","guid":{"rendered":"http:\/\/www.uartes.edu.ec\/fueradecampo\/?p=130"},"modified":"2016-08-30T12:01:55","modified_gmt":"2016-08-30T17:01:55","slug":"volumen-i-numero-2-septiembre-2016","status":"publish","type":"post","link":"https:\/\/www.uartes.edu.ec\/sitio\/fueradecampo\/2016\/08\/30\/volumen-i-numero-2-septiembre-2016\/","title":{"rendered":"Volumen I, N\u00famero 2. Septiembre, 2016"},"content":{"rendered":"<p><strong><img decoding=\"async\" class=\"alignleft wp-image-51 size-full\" src=\"http:\/\/www.uartes.edu.ec\/sitio\/fueradecampo\/wp-content\/uploads\/sites\/36\/2016\/10\/FDC02-portada.jpg\" width=\"183\" height=\"250\" \/>Fuera de Campo.\u00a0<\/strong>Revista de Cine<br \/>\nUniversidad de las Artes<br \/>\nVolumen I, N\u00famero 2. Septiembre, 2016<br \/>\nISSN 2477-9202<\/p>\n<p><strong><em>Fuera de Campo<\/em><\/strong> pretende convertirse en un espacio donde los investigadores en cine de todo el mundo, pero especialmente de Am\u00e9rica Latina, puedan publicar los resultados de sus investigaciones en un contexto tan riguroso como el de las academias norteamericanas y europeas, pero con una actitud m\u00e1s amigable hacia productos que responden a las necesidades del investigador de esta regi\u00f3n.<\/p>\n<table border=\"1\" width=\"600\" cellspacing=\"0\" cellpadding=\"0\">\n<tbody>\n<tr>\n<td width=\"230\"><a href=\"http:\/\/www.uartes.edu.ec\/sitio\/fueradecampo\/wp-content\/uploads\/sites\/36\/2016\/10\/FDC-Numero02-completo-OCT6.pdf\" target=\"_blank\" rel=\"noopener\">DESCARGAR EL PDF COMPLETO DE LA VERSI\u00d3N IMPRESA DE LA REVISTA \u2192<\/a><\/td>\n<td valign=\"top\"><strong>\u00cdNDICE<\/strong><\/p>\n<p><a href=\"http:\/\/www.uartes.edu.ec\/sitio\/fueradecampo\/wp-content\/uploads\/sites\/36\/2016\/10\/FDC-Numero02-INTRO.pdf\" target=\"_blank\" rel=\"noopener\">INTRODUCCI\u00d3N \u2192<\/a><\/p>\n<p>ART\u00cdCULOS<br \/>\n<a href=\"http:\/\/www.uartes.edu.ec\/sitio\/fueradecampo\/wp-content\/uploads\/sites\/36\/2016\/10\/FDC02-art01-Cine-chicano.pdf\" target=\"_blank\" rel=\"noopener\">Cine chicano, un panorama de su representaci\u00f3n \u2192<\/a><br \/>\nKarla Ballesteros<br \/>\n<a href=\"http:\/\/www.uartes.edu.ec\/sitio\/fueradecampo\/wp-content\/uploads\/sites\/36\/2016\/10\/FDC02-art02-Luis-Sandrini.pdf\" target=\"_blank\" rel=\"noopener\">La trayectoria de Luis Sandrini como actor transnacional en el cine latinoamericano \u2192<\/a><br \/>\nFabio Fidanza<br \/>\n<a href=\"http:\/\/www.uartes.edu.ec\/sitio\/fueradecampo\/wp-content\/uploads\/sites\/36\/2016\/10\/FDC02-art03-LaJeteI\u0081.pdf\" target=\"_blank\" rel=\"noopener\">En defensa del voice over: Caso <em>La Jet\u00e9e<\/em> (1962) de Chris Marker \u2192<\/a><br \/>\nMaryoly Ibarra<br \/>\n<a href=\"http:\/\/www.uartes.edu.ec\/sitio\/fueradecampo\/wp-content\/uploads\/sites\/36\/2016\/10\/FDC02-art04-Emilio-Fernandez.pdf\" target=\"_blank\" rel=\"noopener\">Un indio en el cine de Am\u00e9rica Latina: el ins\u00f3lito indigenismo de Emilio Fern\u00e1ndez \u2192<\/a><br \/>\nGalo Torres<br \/>\n<a href=\"http:\/\/www.uartes.edu.ec\/sitio\/fueradecampo\/wp-content\/uploads\/sites\/36\/2016\/10\/FDC02-art05-Pulp-Fiction.pdf\" target=\"_blank\" rel=\"noopener\">An\u00e1lisis del guion literario de <em>Pulp Fiction<\/em>: Un ejercicio de interpretaci\u00f3n de lo interpretado \u2192<\/a><br \/>\nMauricio Vel\u00e1squez<\/p>\n<p>MISCEL\u00c1NEA<\/p>\n<p><a href=\"http:\/\/www.uartes.edu.ec\/sitio\/fueradecampo\/wp-content\/uploads\/sites\/36\/2016\/10\/FDC02-art06-Jorge-Suarez.pdf\" target=\"_blank\" rel=\"noopener\">Jorge Su\u00e1rez Ram\u00edrez y su historia del cine Guayaquile\u00f1o \u2192<\/a><br \/>\nMarcelo B\u00e1ez<br \/>\n<a href=\"http:\/\/www.uartes.edu.ec\/sitio\/fueradecampo\/wp-content\/uploads\/sites\/36\/2016\/10\/FDC02-art07-Mauricio-Walersttein.pdf\" target=\"_blank\" rel=\"noopener\">De las cabezas calientes a los cuerpos sudorosos: el cine de Mauricio Walerstein en Venezuela \u2192<\/a><br \/>\nPablo Gamba<br \/>\n<a href=\"http:\/\/www.uartes.edu.ec\/sitio\/fueradecampo\/wp-content\/uploads\/sites\/36\/2016\/10\/FDC02-art08-Lynzee-Klingman.pdf\" target=\"_blank\" rel=\"noopener\">\u201cNunca so\u00f1\u00e9 que podr\u00eda trabajar haciendo cine\u201d: Entrevista a <em>Lynzee Klingman<\/em> \u2192<\/a><br \/>\nRafael Plaza<\/p>\n<p><a href=\"http:\/\/www.uartes.edu.ec\/sitio\/fueradecampo\/wp-content\/uploads\/sites\/36\/2016\/10\/FDC02-a-Biografias.pdf\" target=\"_blank\" rel=\"noopener\">Biograf\u00eda de los autores \u2192<\/a><br \/>\n<a href=\"http:\/\/www.uartes.edu.ec\/sitio\/fueradecampo\/wp-content\/uploads\/sites\/36\/2016\/10\/FDC02-b-Llamado.pdf\" target=\"_blank\" rel=\"noopener\">Llamado para art\u00edculos \u2192<\/a><br \/>\n<a href=\"http:\/\/www.uartes.edu.ec\/sitio\/fueradecampo\/wp-content\/uploads\/sites\/36\/2016\/10\/FDC02-c-Manual.pdf\" target=\"_blank\" rel=\"noopener\">Manual de estilo de la revista <em>Fuera de Campo<\/em> \u2192<\/a><em><br \/>\n<\/em><a href=\"http:\/\/www.uartes.edu.ec\/sitio\/fueradecampo\/wp-content\/uploads\/sites\/36\/2016\/10\/FDC02-d-Instrucciones.pdf\" target=\"_blank\" rel=\"noopener\">Instrucciones para los autores \u2192<\/a><br \/>\n<a href=\"http:\/\/www.uartes.edu.ec\/sitio\/fueradecampo\/wp-content\/uploads\/sites\/36\/2016\/10\/FDC02-d-Declaracio\u0081n.pdf\">Declaraci\u00f3n de \u00e9tica y mala praxis \u2192<\/a><\/td>\n<\/tr>\n<\/tbody>\n<\/table>\n","protected":false},"excerpt":{"rendered":"<p>Fuera de Campo.\u00a0Revista de Cine Universidad de las Artes Volumen I, N\u00famero 2. Septiembre, 2016 ISSN 2477-9202 Fuera de Campo pretende convertirse en un espacio donde los investigadores en cine de todo el mundo, pero especialmente de Am\u00e9rica Latina, puedan <a class=\"more-link\" href=\"https:\/\/www.uartes.edu.ec\/sitio\/fueradecampo\/2016\/08\/30\/volumen-i-numero-2-septiembre-2016\/\">Seguir leyendo <span class=\"screen-reader-text\">  Volumen I, N\u00famero 2. Septiembre, 2016<\/span><span class=\"meta-nav\">&rarr;<\/span><\/a><\/p>\n","protected":false},"author":1,"featured_media":0,"comment_status":"closed","ping_status":"closed","sticky":false,"template":"","format":"standard","meta":{"_uag_custom_page_level_css":"","_monsterinsights_skip_tracking":false,"_monsterinsights_sitenote_active":false,"_monsterinsights_sitenote_note":"","_monsterinsights_sitenote_category":0,"cybocfi_hide_featured_image":"","footnotes":""},"categories":[6],"tags":[20,23,25,33,40,45,46,49,50,51,58],"class_list":["post-130","post","type-post","status-publish","format-standard","hentry","category-fuera-de-campo-revista-de-cine","tag-fabio-fidanza","tag-fuera-de-campo","tag-galo-torres","tag-karla-ballesteros","tag-marcelo-baez","tag-maryoly-ibarra","tag-mauricio-velasquez","tag-numero-2","tag-pablo-gamba","tag-rafael-plaza","tag-volumen-i"],"uagb_featured_image_src":{"full":false,"thumbnail":false,"medium":false,"medium_large":false,"large":false,"1536x1536":false,"2048x2048":false,"featured-slider-larger":false,"featured-slider":false,"sow-carousel-default":false},"uagb_author_info":{"display_name":"Universidad de las Artes","author_link":"https:\/\/www.uartes.edu.ec\/sitio\/fueradecampo\/author\/dircomadm\/"},"uagb_comment_info":0,"uagb_excerpt":"Fuera de Campo.\u00a0Revista de Cine Universidad de las Artes Volumen I, N\u00famero 2. Septiembre, 2016 ISSN 2477-9202 Fuera de Campo pretende convertirse en un espacio donde los investigadores en cine de todo el mundo, pero especialmente de Am\u00e9rica Latina, puedan Seguir leyendo Volumen I, N\u00famero 2. Septiembre, 2016&rarr;","distributor_meta":false,"distributor_terms":false,"distributor_media":false,"distributor_original_site_name":"Fuera de campo","distributor_original_site_url":"https:\/\/www.uartes.edu.ec\/sitio\/fueradecampo","push-errors":false,"_links":{"self":[{"href":"https:\/\/www.uartes.edu.ec\/sitio\/fueradecampo\/wp-json\/wp\/v2\/posts\/130","targetHints":{"allow":["GET"]}}],"collection":[{"href":"https:\/\/www.uartes.edu.ec\/sitio\/fueradecampo\/wp-json\/wp\/v2\/posts"}],"about":[{"href":"https:\/\/www.uartes.edu.ec\/sitio\/fueradecampo\/wp-json\/wp\/v2\/types\/post"}],"author":[{"embeddable":true,"href":"https:\/\/www.uartes.edu.ec\/sitio\/fueradecampo\/wp-json\/wp\/v2\/users\/1"}],"replies":[{"embeddable":true,"href":"https:\/\/www.uartes.edu.ec\/sitio\/fueradecampo\/wp-json\/wp\/v2\/comments?post=130"}],"version-history":[{"count":0,"href":"https:\/\/www.uartes.edu.ec\/sitio\/fueradecampo\/wp-json\/wp\/v2\/posts\/130\/revisions"}],"wp:attachment":[{"href":"https:\/\/www.uartes.edu.ec\/sitio\/fueradecampo\/wp-json\/wp\/v2\/media?parent=130"}],"wp:term":[{"taxonomy":"category","embeddable":true,"href":"https:\/\/www.uartes.edu.ec\/sitio\/fueradecampo\/wp-json\/wp\/v2\/categories?post=130"},{"taxonomy":"post_tag","embeddable":true,"href":"https:\/\/www.uartes.edu.ec\/sitio\/fueradecampo\/wp-json\/wp\/v2\/tags?post=130"}],"curies":[{"name":"wp","href":"https:\/\/api.w.org\/{rel}","templated":true}]}}