{"id":167,"date":"2016-12-30T01:49:12","date_gmt":"2016-12-30T06:49:12","guid":{"rendered":"http:\/\/www.uartes.edu.ec\/fueradecampo\/?p=167"},"modified":"2016-12-30T01:49:12","modified_gmt":"2016-12-30T06:49:12","slug":"volumen-i-numero-3-enero-2017","status":"publish","type":"post","link":"https:\/\/www.uartes.edu.ec\/sitio\/fueradecampo\/2016\/12\/30\/volumen-i-numero-3-enero-2017\/","title":{"rendered":"Volumen I, N\u00famero 3. Enero, 2017"},"content":{"rendered":"<p><strong><img decoding=\"async\" class=\"alignleft wp-image-51 size-full\" src=\"http:\/\/www.uartes.edu.ec\/sitio\/fueradecampo\/wp-content\/uploads\/sites\/36\/2017\/02\/FDC03-portada.jpg\" width=\"183\" height=\"250\" \/>Fuera de Campo.\u00a0<\/strong>Revista de Cine<br \/>\nUniversidad de las Artes<br \/>\nVolumen I, N\u00famero 3. Enero, 2017<br \/>\nISSN 2477-9202<\/p>\n<p><strong><em>Fuera de Campo<\/em><\/strong> pretende convertirse en un espacio donde los investigadores en cine de todo el mundo, pero especialmente de Am\u00e9rica Latina, puedan publicar los resultados de sus investigaciones en un contexto tan riguroso como el de las academias norteamericanas y europeas, pero con una actitud m\u00e1s amigable hacia productos que responden a las necesidades del investigador de esta regi\u00f3n.<\/p>\n<table border=\"1\" width=\"600\" cellspacing=\"0\" cellpadding=\"0\">\n<tbody>\n<tr>\n<td width=\"230\"><a href=\"http:\/\/www.uartes.edu.ec\/sitio\/fueradecampo\/wp-content\/uploads\/sites\/36\/2017\/02\/FDC03-ENE18-2017-ARTE.pdf\" target=\"_blank\" rel=\"noopener\">DESCARGAR EL PDF COMPLETO DE LA VERSI\u00d3N IMPRESA DE LA REVISTA \u2192<\/a><\/td>\n<td valign=\"top\"><strong>\u00cdNDICE<\/strong><\/p>\n<p><a href=\"http:\/\/www.uartes.edu.ec\/sitio\/fueradecampo\/wp-content\/uploads\/sites\/36\/2017\/02\/FDC-Numero03-00-ESTUDIO-INTRODUCTORIO.pdf\" target=\"_blank\" rel=\"noopener\">ESTUDIO INTRODUCTORIO \u2192<\/a><br \/>\nMiguel Alfonso Bouhaben<\/p>\n<p>ART\u00cdCULOS<br \/>\n<em><a href=\"http:\/\/www.uartes.edu.ec\/sitio\/fueradecampo\/wp-content\/uploads\/sites\/36\/2017\/02\/FDC-Numero03-01-Art01-David-Oubina.pdf\" target=\"_blank\" rel=\"noopener\">Violencia y Utop\u00eda. Las huellas del Nuevo Cine Latinoamericano \u2192<\/a><\/em><br \/>\nDavid Oubi\u00f1a<br \/>\n<a href=\"http:\/\/www.uartes.edu.ec\/sitio\/fueradecampo\/wp-content\/uploads\/sites\/36\/2017\/02\/FDC-Numero03-02-Art02-Karolina-Romero.pdf\" target=\"_blank\" rel=\"noopener\"><em>El barroco andino en<\/em> La naci\u00f3n clandestina: <em>una lectura desde la \u00abpuesta en escena de la identidad mestiza\u00bb<\/em> \u2192<\/a><br \/>\nKarolina Romero<br \/>\n<a href=\"http:\/\/www.uartes.edu.ec\/sitio\/fueradecampo\/wp-content\/uploads\/sites\/36\/2017\/02\/FDC-Numero03-03-Art03-Amalina-Bomnin.pdf\" target=\"_blank\" rel=\"noopener\">Blak Mama <em>y las identidades arrendadas o una \u00f3pera prima contra el cine latinoamericano<\/em> \u2192<\/a><br \/>\nAmalina Bomnin<br \/>\n<a href=\"http:\/\/www.uartes.edu.ec\/sitio\/fueradecampo\/wp-content\/uploads\/sites\/36\/2017\/02\/FDC-Numero03-04-Art04-Ilia-Espinosa.pdf\" target=\"_blank\" rel=\"noopener\"><em>La dimensi\u00f3n pol\u00edtica de un cine pol\u00edtico. Heli y la disidencia al poder pol\u00edtico mexicano en la guerra contra el narcotr\u00e1fico durante el sexenio de Felipe Calder\u00f3n<\/em> \u2192<\/a><br \/>\nIlia Espinosa<br \/>\n<a href=\"http:\/\/www.uartes.edu.ec\/sitio\/fueradecampo\/wp-content\/uploads\/sites\/36\/2017\/02\/FDC-Numero03-05-Art05-Mario-Jara.pdf\" target=\"_blank\" rel=\"noopener\"><em>Historia de un largo viaje. Cine chileno contempor\u00e1neo<\/em> \u2192<\/a><br \/>\nMario Jara<\/p>\n<p>MISCEL\u00c1NEA<\/p>\n<p><a href=\"http:\/\/www.uartes.edu.ec\/sitio\/fueradecampo\/wp-content\/uploads\/sites\/36\/2017\/02\/FDC-Numero03-06-Misc01-Rafael-Plaza.pdf\" target=\"_blank\" rel=\"noopener\">Rese\u00f1a de la pel\u00edcula Alba \u2192<\/a><br \/>\nRafael Plaza<br \/>\n<a href=\"http:\/\/www.uartes.edu.ec\/sitio\/fueradecampo\/wp-content\/uploads\/sites\/36\/2017\/02\/FDC-Numero03-07-Misc02-Pablo-Gamba.pdf\" target=\"_blank\" rel=\"noopener\">Caracas Doc: el documental actual venezolano \u2192<\/a><br \/>\nPablo Gamba<\/p>\n<p><a href=\"http:\/\/www.uartes.edu.ec\/sitio\/fueradecampo\/wp-content\/uploads\/sites\/36\/2017\/02\/FDC-Numero03-08-Biografias.pdf\" target=\"_blank\" rel=\"noopener\">Biograf\u00eda de los autores \u2192<\/a><br \/>\n<a href=\"http:\/\/www.uartes.edu.ec\/sitio\/fueradecampo\/wp-content\/uploads\/sites\/36\/2017\/02\/FDC-Numero03-09-Llamado-para-articulos.pdf\" target=\"_blank\" rel=\"noopener\">Llamado para art\u00edculos \u2192<\/a><br \/>\n<a href=\"http:\/\/www.uartes.edu.ec\/sitio\/fueradecampo\/wp-content\/uploads\/sites\/36\/2017\/02\/FDC-Numero03-10-Manual-de-estilo.pdf\" target=\"_blank\" rel=\"noopener\">Manual de estilo de la revista <em>Fuera de Campo<\/em> \u2192<\/a><br \/>\n<a href=\"http:\/\/www.uartes.edu.ec\/sitio\/fueradecampo\/wp-content\/uploads\/sites\/36\/2017\/02\/FDC-Numero03-11-Declaracion-de-Etica.pdf\" target=\"_blank\" rel=\"noopener\">Declaraci\u00f3n de \u00e9tica y mala praxis \u2192<\/a><\/td>\n<\/tr>\n<\/tbody>\n<tbody>\n<tr>\n<td colspan=\"2\">Fuera de Campo. Revista de Cine<br \/>\nUniversidad de las Artes<br \/>\nMalec\u00f3n Sim\u00f3n Bol\u00edvar y Francisco Aguirre<br \/>\nGuayaquil, Ecuador (090313)<br \/>\nTel\u00e9fono (+593) 4 259 0700 ext. 3048<br \/>\n<a href=\"mailto:revistadecine@uartes.edu.ec\">revistadecine@uartes.edu.ec<\/a><br \/>\n<a href=\"http:\/\/www.uartes.edu.ec\/fueradecampo\">www.uartes.edu.ec\/fueradecampo<\/a><\/td>\n<\/tr>\n<\/tbody>\n<\/table>\n","protected":false},"excerpt":{"rendered":"<p>Fuera de Campo.\u00a0Revista de Cine Universidad de las Artes Volumen I, N\u00famero 3. Enero, 2017 ISSN 2477-9202 Fuera de Campo pretende convertirse en un espacio donde los investigadores en cine de todo el mundo, pero especialmente de Am\u00e9rica Latina, puedan <a class=\"more-link\" href=\"https:\/\/www.uartes.edu.ec\/sitio\/fueradecampo\/2016\/12\/30\/volumen-i-numero-3-enero-2017\/\">Seguir leyendo <span class=\"screen-reader-text\">  Volumen I, N\u00famero 3. Enero, 2017<\/span><span class=\"meta-nav\">&rarr;<\/span><\/a><\/p>\n","protected":false},"author":1,"featured_media":0,"comment_status":"closed","ping_status":"closed","sticky":false,"template":"","format":"standard","meta":{"_uag_custom_page_level_css":"","_monsterinsights_skip_tracking":false,"_monsterinsights_sitenote_active":false,"_monsterinsights_sitenote_note":"","_monsterinsights_sitenote_category":0,"cybocfi_hide_featured_image":"","footnotes":""},"categories":[6],"tags":[9,18,28,34,44,47,50,51,58],"class_list":["post-167","post","type-post","status-publish","format-standard","hentry","category-fuera-de-campo-revista-de-cine","tag-amalina-bomnin","tag-david-oubina","tag-ilia-espinosa","tag-karolina-romero","tag-mario-jara","tag-miguel-alfonso-bouhaben","tag-pablo-gamba","tag-rafael-plaza","tag-volumen-i"],"uagb_featured_image_src":{"full":false,"thumbnail":false,"medium":false,"medium_large":false,"large":false,"1536x1536":false,"2048x2048":false,"featured-slider-larger":false,"featured-slider":false,"sow-carousel-default":false},"uagb_author_info":{"display_name":"Universidad de las Artes","author_link":"https:\/\/www.uartes.edu.ec\/sitio\/fueradecampo\/author\/dircomadm\/"},"uagb_comment_info":0,"uagb_excerpt":"Fuera de Campo.\u00a0Revista de Cine Universidad de las Artes Volumen I, N\u00famero 3. Enero, 2017 ISSN 2477-9202 Fuera de Campo pretende convertirse en un espacio donde los investigadores en cine de todo el mundo, pero especialmente de Am\u00e9rica Latina, puedan Seguir leyendo Volumen I, N\u00famero 3. Enero, 2017&rarr;","distributor_meta":false,"distributor_terms":false,"distributor_media":false,"distributor_original_site_name":"Fuera de campo","distributor_original_site_url":"https:\/\/www.uartes.edu.ec\/sitio\/fueradecampo","push-errors":false,"_links":{"self":[{"href":"https:\/\/www.uartes.edu.ec\/sitio\/fueradecampo\/wp-json\/wp\/v2\/posts\/167","targetHints":{"allow":["GET"]}}],"collection":[{"href":"https:\/\/www.uartes.edu.ec\/sitio\/fueradecampo\/wp-json\/wp\/v2\/posts"}],"about":[{"href":"https:\/\/www.uartes.edu.ec\/sitio\/fueradecampo\/wp-json\/wp\/v2\/types\/post"}],"author":[{"embeddable":true,"href":"https:\/\/www.uartes.edu.ec\/sitio\/fueradecampo\/wp-json\/wp\/v2\/users\/1"}],"replies":[{"embeddable":true,"href":"https:\/\/www.uartes.edu.ec\/sitio\/fueradecampo\/wp-json\/wp\/v2\/comments?post=167"}],"version-history":[{"count":0,"href":"https:\/\/www.uartes.edu.ec\/sitio\/fueradecampo\/wp-json\/wp\/v2\/posts\/167\/revisions"}],"wp:attachment":[{"href":"https:\/\/www.uartes.edu.ec\/sitio\/fueradecampo\/wp-json\/wp\/v2\/media?parent=167"}],"wp:term":[{"taxonomy":"category","embeddable":true,"href":"https:\/\/www.uartes.edu.ec\/sitio\/fueradecampo\/wp-json\/wp\/v2\/categories?post=167"},{"taxonomy":"post_tag","embeddable":true,"href":"https:\/\/www.uartes.edu.ec\/sitio\/fueradecampo\/wp-json\/wp\/v2\/tags?post=167"}],"curies":[{"name":"wp","href":"https:\/\/api.w.org\/{rel}","templated":true}]}}