{"id":220,"date":"2017-04-25T09:19:31","date_gmt":"2017-04-25T14:19:31","guid":{"rendered":"http:\/\/www.uartes.edu.ec\/fueradecampo\/?p=220"},"modified":"2017-04-25T09:19:31","modified_gmt":"2017-04-25T14:19:31","slug":"volumen-i-numero-4-mayo-2017","status":"publish","type":"post","link":"https:\/\/www.uartes.edu.ec\/sitio\/fueradecampo\/2017\/04\/25\/volumen-i-numero-4-mayo-2017\/","title":{"rendered":"Volumen I, N\u00famero 4. Mayo, 2017"},"content":{"rendered":"<p><strong><img decoding=\"async\" class=\"alignleft wp-image-51 size-full\" src=\"http:\/\/www.uartes.edu.ec\/sitio\/fueradecampo\/wp-content\/uploads\/sites\/36\/2017\/06\/FDC04-portada.jpg\" width=\"183\" height=\"250\" \/>Fuera de Campo.\u00a0<\/strong>Revista de Cine<br \/>\nUniversidad de las Artes<br \/>\nVolumen I, N\u00famero 4. Mayo, 2017<br \/>\nISSN 2477-9202<\/p>\n<p><strong><em>Fuera de Campo<\/em><\/strong> es una revista cuatrimestral arbitrada de cine editada por la Universidad de las Artes a orillas<br \/>\ndel manso R\u00edo Guayas en la ciudad de Guayaquil, Ecuador. Todos los textos incluidos en la secci\u00f3n Art\u00edculos<br \/>\nhan sido sometidos al arbitraje ciego de dos expertos ajenos a la Universidad de las Artes.<\/p>\n<table border=\"1\" width=\"600\" cellspacing=\"0\" cellpadding=\"0\">\n<tbody>\n<tr>\n<td width=\"230\"><a href=\"http:\/\/www.uartes.edu.ec\/sitio\/fueradecampo\/wp-content\/uploads\/sites\/36\/2017\/06\/FDC04-FueradeCampo.pdf\" target=\"_blank\" rel=\"noopener\">DESCARGAR EL PDF COMPLETO DE LA VERSI\u00d3N IMPRESA DE LA REVISTA \u2192<\/a><\/td>\n<td valign=\"top\"><strong>\u00cdNDICE<\/strong><\/p>\n<p>ART\u00cdCULOS<br \/>\n<a href=\"http:\/\/www.uartes.edu.ec\/sitio\/fueradecampo\/wp-content\/uploads\/sites\/36\/2017\/06\/FDC04-ART01.pdf\" target=\"_blank\" rel=\"noopener\">Imagen de Caracas<em>: ciudad, cine e impulso modernizador \u2192<\/em><\/a><br \/>\nIsabel Arredondo y Ricardo Azuaga<br \/>\n<a href=\"http:\/\/www.uartes.edu.ec\/sitio\/fueradecampo\/wp-content\/uploads\/sites\/36\/2017\/06\/FDC04-ART02.pdf\" target=\"_blank\" rel=\"noopener\"><em>Fragmentos de tiempo y cuerpo en<\/em>\u00a0El misterio de las lagunas, fragmentos andinos \u2192<\/a><br \/>\nElvira Blanco<br \/>\n<a href=\"http:\/\/www.uartes.edu.ec\/sitio\/fueradecampo\/wp-content\/uploads\/sites\/36\/2017\/06\/FDC04-ART03.pdf\" target=\"_blank\" rel=\"noopener\"><em>Notas visuales para comprender la infancia en el cine colombiano<\/em> \u2192<\/a><br \/>\nCarlos Eduardo Daza Orozco<br \/>\n<a href=\"http:\/\/www.uartes.edu.ec\/sitio\/fueradecampo\/wp-content\/uploads\/sites\/36\/2017\/06\/FDC04-ART04.pdf\" target=\"_blank\" rel=\"noopener\"><em>El sentimiento del absurdo en el cine b\u00e9lico de Stanley Kubrick<\/em> \u2192<\/a><br \/>\nLuis Finol<br \/>\n<a href=\"http:\/\/www.uartes.edu.ec\/sitio\/fueradecampo\/wp-content\/uploads\/sites\/36\/2017\/06\/FDC04-ART05.pdf\" target=\"_blank\" rel=\"noopener\"><em>Relaci\u00f3n entre el perfil del espectador de cine ecuatoriano y el grado\u00a0de aceptaci\u00f3n de las producciones nacionales estre.nadas\u00a0en el per\u00edodo 2012-2013 \u2192<\/em><\/a><br \/>\nMar\u00eda Emilia Garc\u00eda Vel\u00e1squez<\/p>\n<p>MISCEL\u00c1NEA<\/p>\n<p><em><a href=\"http:\/\/www.uartes.edu.ec\/sitio\/fueradecampo\/wp-content\/uploads\/sites\/36\/2017\/06\/FDC04-MISC01.pdf\" target=\"_blank\" rel=\"noopener\">Del festival considerado como una Orden \u2192<\/a><\/em><br \/>\nAndr\u00e9 Bazin (Traducido por Geovanny Narv\u00e1ez)<br \/>\n<em><a href=\"http:\/\/www.uartes.edu.ec\/sitio\/fueradecampo\/wp-content\/uploads\/sites\/36\/2017\/06\/FDC04-MISC02.pdf\" target=\"_blank\" rel=\"noopener\">Fuera de Campo #4: propuesta fotogr\u00e1fica \u2192<\/a><\/em><br \/>\nTyrone Maridue\u00f1a<br \/>\n<a href=\"http:\/\/www.uartes.edu.ec\/sitio\/fueradecampo\/wp-content\/uploads\/sites\/36\/2017\/06\/FDC04-MISC03.pdf\" target=\"_blank\" rel=\"noopener\"><em>Sobre el estreno de <\/em>Killa<em> y la presencia del idioma kichwa\u00a0en el cine ecuatoriano \u2192<\/em><\/a><br \/>\nRafael Plaza Andrade<\/p>\n<p><a href=\"http:\/\/www.uartes.edu.ec\/sitio\/fueradecampo\/wp-content\/uploads\/sites\/36\/2017\/06\/FDC04-A01.pdf\" target=\"_blank\" rel=\"noopener\">Biograf\u00eda de los autores \u2192<\/a><br \/>\n<a href=\"http:\/\/www.uartes.edu.ec\/sitio\/fueradecampo\/wp-content\/uploads\/sites\/36\/2017\/06\/FDC04-A02.pdf\" target=\"_blank\" rel=\"noopener\">Llamado para art\u00edculos \u2192<\/a><br \/>\n<a href=\"http:\/\/www.uartes.edu.ec\/sitio\/fueradecampo\/wp-content\/uploads\/sites\/36\/2017\/06\/FDC04-A03.pdf\" target=\"_blank\" rel=\"noopener\">Manual de estilo de la revista <em>Fuera de Campo<\/em> \u2192<\/a><br \/>\n<a href=\"http:\/\/www.uartes.edu.ec\/sitio\/fueradecampo\/wp-content\/uploads\/sites\/36\/2017\/06\/FDC04-A04.pdf\" target=\"_blank\" rel=\"noopener\">Declaraci\u00f3n de \u00e9tica y mala praxis \u2192<\/a><\/td>\n<\/tr>\n<\/tbody>\n<tbody>\n<tr>\n<td colspan=\"2\">Fuera de Campo. Revista de Cine<br \/>\nUniversidad de las Artes<br \/>\nMalec\u00f3n Sim\u00f3n Bol\u00edvar y Francisco Aguirre<br \/>\nGuayaquil, Ecuador (090313)<br \/>\nTel\u00e9fono (+593) 4 259 0700 ext. 3048<br \/>\n<a href=\"mailto:revistadecine@uartes.edu.ec\">revistadecine@uartes.edu.ec<\/a><br \/>\n<a href=\"http:\/\/www.uartes.edu.ec\/fueradecampo\">www.uartes.edu.ec\/fueradecampo<\/a><\/td>\n<\/tr>\n<\/tbody>\n<\/table>\n","protected":false},"excerpt":{"rendered":"<p>Fuera de Campo.\u00a0Revista de Cine Universidad de las Artes Volumen I, N\u00famero 4. Mayo, 2017 ISSN 2477-9202 Fuera de Campo es una revista cuatrimestral arbitrada de cine editada por la Universidad de las Artes a orillas del manso R\u00edo Guayas <a class=\"more-link\" href=\"https:\/\/www.uartes.edu.ec\/sitio\/fueradecampo\/2017\/04\/25\/volumen-i-numero-4-mayo-2017\/\">Seguir leyendo <span class=\"screen-reader-text\">  Volumen I, N\u00famero 4. Mayo, 2017<\/span><span class=\"meta-nav\">&rarr;<\/span><\/a><\/p>\n","protected":false},"author":1,"featured_media":0,"comment_status":"closed","ping_status":"closed","sticky":false,"template":"","format":"standard","meta":{"_uag_custom_page_level_css":"","_monsterinsights_skip_tracking":false,"_monsterinsights_sitenote_active":false,"_monsterinsights_sitenote_note":"","_monsterinsights_sitenote_category":0,"cybocfi_hide_featured_image":"","footnotes":""},"categories":[6],"tags":[10,12,19,26,29,39,43,52,54,57,58],"class_list":["post-220","post","type-post","status-publish","format-standard","hentry","category-fuera-de-campo-revista-de-cine","tag-andre-bazin","tag-carlos-eduardo-daza-orozco","tag-elvira-blanco","tag-geovanny-narvaez","tag-isabel-arredondo","tag-luis-finol","tag-maria-emilia-garcia-velasquez","tag-rafael-plaza-andrade","tag-ricardo-azuaga","tag-tyrone-mariduena","tag-volumen-i"],"uagb_featured_image_src":{"full":false,"thumbnail":false,"medium":false,"medium_large":false,"large":false,"1536x1536":false,"2048x2048":false,"featured-slider-larger":false,"featured-slider":false,"sow-carousel-default":false},"uagb_author_info":{"display_name":"Universidad de las Artes","author_link":"https:\/\/www.uartes.edu.ec\/sitio\/fueradecampo\/author\/dircomadm\/"},"uagb_comment_info":0,"uagb_excerpt":"Fuera de Campo.\u00a0Revista de Cine Universidad de las Artes Volumen I, N\u00famero 4. Mayo, 2017 ISSN 2477-9202 Fuera de Campo es una revista cuatrimestral arbitrada de cine editada por la Universidad de las Artes a orillas del manso R\u00edo Guayas Seguir leyendo Volumen I, N\u00famero 4. Mayo, 2017&rarr;","distributor_meta":false,"distributor_terms":false,"distributor_media":false,"distributor_original_site_name":"Fuera de campo","distributor_original_site_url":"https:\/\/www.uartes.edu.ec\/sitio\/fueradecampo","push-errors":false,"_links":{"self":[{"href":"https:\/\/www.uartes.edu.ec\/sitio\/fueradecampo\/wp-json\/wp\/v2\/posts\/220","targetHints":{"allow":["GET"]}}],"collection":[{"href":"https:\/\/www.uartes.edu.ec\/sitio\/fueradecampo\/wp-json\/wp\/v2\/posts"}],"about":[{"href":"https:\/\/www.uartes.edu.ec\/sitio\/fueradecampo\/wp-json\/wp\/v2\/types\/post"}],"author":[{"embeddable":true,"href":"https:\/\/www.uartes.edu.ec\/sitio\/fueradecampo\/wp-json\/wp\/v2\/users\/1"}],"replies":[{"embeddable":true,"href":"https:\/\/www.uartes.edu.ec\/sitio\/fueradecampo\/wp-json\/wp\/v2\/comments?post=220"}],"version-history":[{"count":0,"href":"https:\/\/www.uartes.edu.ec\/sitio\/fueradecampo\/wp-json\/wp\/v2\/posts\/220\/revisions"}],"wp:attachment":[{"href":"https:\/\/www.uartes.edu.ec\/sitio\/fueradecampo\/wp-json\/wp\/v2\/media?parent=220"}],"wp:term":[{"taxonomy":"category","embeddable":true,"href":"https:\/\/www.uartes.edu.ec\/sitio\/fueradecampo\/wp-json\/wp\/v2\/categories?post=220"},{"taxonomy":"post_tag","embeddable":true,"href":"https:\/\/www.uartes.edu.ec\/sitio\/fueradecampo\/wp-json\/wp\/v2\/tags?post=220"}],"curies":[{"name":"wp","href":"https:\/\/api.w.org\/{rel}","templated":true}]}}