{"id":293,"date":"2017-12-29T08:58:32","date_gmt":"2017-12-29T13:58:32","guid":{"rendered":"http:\/\/www.uartes.edu.ec\/fueradecampo\/?p=293"},"modified":"2017-12-29T08:58:32","modified_gmt":"2017-12-29T13:58:32","slug":"volumen-i-numero-6-enero-2018","status":"publish","type":"post","link":"https:\/\/www.uartes.edu.ec\/sitio\/fueradecampo\/2017\/12\/29\/volumen-i-numero-6-enero-2018\/","title":{"rendered":"Volumen II, N\u00famero 1. Enero, 2018"},"content":{"rendered":"<p><strong><img decoding=\"async\" class=\"alignleft wp-image-51 size-full\" src=\"http:\/\/www.uartes.edu.ec\/sitio\/fueradecampo\/wp-content\/uploads\/sites\/36\/2018\/03\/FDC06-portada.jpg\" width=\"183\" height=\"250\" \/>Fuera de Campo.\u00a0<\/strong>Revista de Cine<br \/>\nUniversidad de las Artes<br \/>\nVolumen II, N\u00famero 1. Enero, 2018<br \/>\nISSN 2477-9202<\/p>\n<p><strong><em>Fuera de Campo<\/em><\/strong>\u00a0es una revista cuatrimestral arbitrada de cine editada por la Universidad de las Artes a orillas<br \/>\ndel manso R\u00edo Guayas en la ciudad de Guayaquil, Ecuador. Todos los textos incluidos en la secci\u00f3n Art\u00edculos<br \/>\nhan sido sometidos al arbitraje ciego de dos expertos ajenos a la Universidad de las Artes.<\/p>\n<p>&nbsp;<\/p>\n<table border=\"1\" width=\"600\" cellspacing=\"0\" cellpadding=\"0\">\n<tbody>\n<tr>\n<td width=\"230\"><a href=\"http:\/\/www.uartes.edu.ec\/sitio\/fueradecampo\/wp-content\/uploads\/sites\/36\/2018\/03\/FDC06-FueradeCampo.pdf\" target=\"_blank\" rel=\"noopener\">DESCARGAR EL PDF COMPLETO DE LA VERSI\u00d3N IMPRESA DE LA REVISTA \u2192<\/a><\/td>\n<td valign=\"top\"><strong>\u00cdNDICE<\/strong><\/p>\n<p>ART\u00cdCULOS<br \/>\n<a href=\"http:\/\/www.uartes.edu.ec\/sitio\/fueradecampo\/wp-content\/uploads\/sites\/36\/2018\/03\/FDC06-ART01.pdf\" target=\"_blank\" rel=\"noopener\"><em>Y tu mam\u00e1 tambi\u00e9n de Alfonso Cuar\u00f3n y Qu\u00e9 tan lejos de Tania Hermida: dos espa\u00f1olas en la re-conquista fallida \u2192<\/em><\/a><br \/>\nMarcelo B\u00e1ez<br \/>\n<em><a href=\"http:\/\/www.uartes.edu.ec\/sitio\/fueradecampo\/wp-content\/uploads\/sites\/36\/2018\/03\/FDC06-ART02.pdf\" target=\"_blank\" rel=\"noopener\">Pescador y el pharmakon: una narcograf\u00eda en el Ecuador del siglo XXI \u2192<\/a><\/em><br \/>\nLizardo Herrera<br \/>\n<em><a href=\"http:\/\/www.uartes.edu.ec\/sitio\/fueradecampo\/wp-content\/uploads\/sites\/36\/2018\/03\/FDC06-ART03.pdf\" target=\"_blank\" rel=\"noopener\">Formas e imaginarios del cine ecuatoriano en sus primeros\u00a0documentales narrativos: un an\u00e1lisis comparativo entre\u00a0los filmes de Rolf Blomberg y el padre Carlos Crespi \u2192<\/a><\/em><br \/>\nFranco Passarelli<br \/>\n<em><a href=\"http:\/\/www.uartes.edu.ec\/sitio\/fueradecampo\/wp-content\/uploads\/sites\/36\/2018\/03\/FDC06-ART04.pdf\" target=\"_blank\" rel=\"noopener\">UKAMAU y K\u00c9: La lengua, la m\u00fasica y la imagen en el tiempo andino \u2192<\/a><\/em><br \/>\nGraciela Ram\u00edrez, Andr\u00e9s Ram\u00edrez y Natalia Quiroz<br \/>\n<a href=\"http:\/\/www.uartes.edu.ec\/sitio\/fueradecampo\/wp-content\/uploads\/sites\/36\/2018\/03\/FDC06-ART05.pdf\" target=\"_blank\" rel=\"noopener\"><em>Sobre la cuesti\u00f3n de la memoria en Ecuador. La muerte de Jaime Rold\u00f3s ante la perversi\u00f3n historiogr\u00e1fica \u2192<\/em><\/a><br \/>\nJorge Daniel V\u00e1squez<\/p>\n<p>MISCEL\u00c1NEA<\/p>\n<p><em><a href=\"http:\/\/www.uartes.edu.ec\/sitio\/fueradecampo\/wp-content\/uploads\/sites\/36\/2018\/03\/FDC06-MISC01.pdf\" target=\"_blank\" rel=\"noopener\">Rabia. Entrevista a Sebasti\u00e1n Cordero \u2192<\/a><\/em><br \/>\nRen\u00e9 Idrovo y \u00c1lvaro Pazmi\u00f1o<\/p>\n<p><a href=\"http:\/\/www.uartes.edu.ec\/sitio\/fueradecampo\/wp-content\/uploads\/sites\/36\/2018\/03\/FDC06-A01.pdf\" target=\"_blank\" rel=\"noopener\">Biograf\u00eda de los autores \u2192<\/a><br \/>\n<a href=\"http:\/\/www.uartes.edu.ec\/sitio\/fueradecampo\/wp-content\/uploads\/sites\/36\/2018\/03\/FDC06-A02.pdf\">Instrucciones para los autores \u2192<\/a><br \/>\n<a href=\"http:\/\/www.uartes.edu.ec\/sitio\/fueradecampo\/wp-content\/uploads\/sites\/36\/2018\/03\/FDC06-A03.pdf\" target=\"_blank\" rel=\"noopener\">Manual de estilo de la revista Fuera de Campo \u2192<\/a><br \/>\n<a href=\"http:\/\/www.uartes.edu.ec\/sitio\/fueradecampo\/wp-content\/uploads\/sites\/36\/2018\/03\/FDC06-A04.pdf\" target=\"_blank\" rel=\"noopener\">Declaraci\u00f3n de \u00c9tica y Mala Praxis \u2192<\/a><\/td>\n<\/tr>\n<\/tbody>\n<tbody>\n<tr>\n<td colspan=\"2\">Fuera de Campo. Revista de Cine<br \/>\nUniversidad de las Artes<br \/>\nMalec\u00f3n Sim\u00f3n Bol\u00edvar y Francisco Aguirre<br \/>\nGuayaquil, Ecuador (090313)<br \/>\nTel\u00e9fono (+593) 4 259 0700 ext. 3048<br \/>\n<a href=\"mailto:revistadecine@uartes.edu.ec\">revistadecine@uartes.edu.ec<\/a><br \/>\n<a href=\"http:\/\/www.uartes.edu.ec\/fueradecampo\">www.uartes.edu.ec\/fueradecampo<\/a><\/td>\n<\/tr>\n<\/tbody>\n<\/table>\n","protected":false},"excerpt":{"rendered":"<p>Fuera de Campo.\u00a0Revista de Cine Universidad de las Artes Volumen II, N\u00famero 1. Enero, 2018 ISSN 2477-9202 Fuera de Campo\u00a0es una revista cuatrimestral arbitrada de cine editada por la Universidad de las Artes a orillas del manso R\u00edo Guayas en <a class=\"more-link\" href=\"https:\/\/www.uartes.edu.ec\/sitio\/fueradecampo\/2017\/12\/29\/volumen-i-numero-6-enero-2018\/\">Seguir leyendo <span class=\"screen-reader-text\">  Volumen II, N\u00famero 1. Enero, 2018<\/span><span class=\"meta-nav\">&rarr;<\/span><\/a><\/p>\n","protected":false},"author":1,"featured_media":0,"comment_status":"closed","ping_status":"closed","sticky":false,"template":"","format":"standard","meta":{"_uag_custom_page_level_css":"","_monsterinsights_skip_tracking":false,"_monsterinsights_sitenote_active":false,"_monsterinsights_sitenote_note":"","_monsterinsights_sitenote_category":0,"cybocfi_hide_featured_image":"","footnotes":""},"categories":[6],"tags":[8,11,22,27,31,37,40,48,53],"class_list":["post-293","post","type-post","status-publish","format-standard","hentry","category-fuera-de-campo-revista-de-cine","tag-alvaro-pazmino","tag-andres-ramirez","tag-franco-passarelli","tag-graciela-ramirez","tag-jorge-daniel-vasquez","tag-lizardo-herrera","tag-marcelo-baez","tag-natalia-quiroz","tag-rene-idrovo"],"uagb_featured_image_src":{"full":false,"thumbnail":false,"medium":false,"medium_large":false,"large":false,"1536x1536":false,"2048x2048":false,"featured-slider-larger":false,"featured-slider":false,"sow-carousel-default":false},"uagb_author_info":{"display_name":"Universidad de las Artes","author_link":"https:\/\/www.uartes.edu.ec\/sitio\/fueradecampo\/author\/dircomadm\/"},"uagb_comment_info":0,"uagb_excerpt":"Fuera de Campo.\u00a0Revista de Cine Universidad de las Artes Volumen II, N\u00famero 1. Enero, 2018 ISSN 2477-9202 Fuera de Campo\u00a0es una revista cuatrimestral arbitrada de cine editada por la Universidad de las Artes a orillas del manso R\u00edo Guayas en Seguir leyendo Volumen II, N\u00famero 1. Enero, 2018&rarr;","distributor_meta":false,"distributor_terms":false,"distributor_media":false,"distributor_original_site_name":"Fuera de campo","distributor_original_site_url":"https:\/\/www.uartes.edu.ec\/sitio\/fueradecampo","push-errors":false,"_links":{"self":[{"href":"https:\/\/www.uartes.edu.ec\/sitio\/fueradecampo\/wp-json\/wp\/v2\/posts\/293","targetHints":{"allow":["GET"]}}],"collection":[{"href":"https:\/\/www.uartes.edu.ec\/sitio\/fueradecampo\/wp-json\/wp\/v2\/posts"}],"about":[{"href":"https:\/\/www.uartes.edu.ec\/sitio\/fueradecampo\/wp-json\/wp\/v2\/types\/post"}],"author":[{"embeddable":true,"href":"https:\/\/www.uartes.edu.ec\/sitio\/fueradecampo\/wp-json\/wp\/v2\/users\/1"}],"replies":[{"embeddable":true,"href":"https:\/\/www.uartes.edu.ec\/sitio\/fueradecampo\/wp-json\/wp\/v2\/comments?post=293"}],"version-history":[{"count":0,"href":"https:\/\/www.uartes.edu.ec\/sitio\/fueradecampo\/wp-json\/wp\/v2\/posts\/293\/revisions"}],"wp:attachment":[{"href":"https:\/\/www.uartes.edu.ec\/sitio\/fueradecampo\/wp-json\/wp\/v2\/media?parent=293"}],"wp:term":[{"taxonomy":"category","embeddable":true,"href":"https:\/\/www.uartes.edu.ec\/sitio\/fueradecampo\/wp-json\/wp\/v2\/categories?post=293"},{"taxonomy":"post_tag","embeddable":true,"href":"https:\/\/www.uartes.edu.ec\/sitio\/fueradecampo\/wp-json\/wp\/v2\/tags?post=293"}],"curies":[{"name":"wp","href":"https:\/\/api.w.org\/{rel}","templated":true}]}}