{"id":31,"date":"2016-04-24T09:23:29","date_gmt":"2016-04-24T14:23:29","guid":{"rendered":"http:\/\/www.uartes.edu.ec\/fueradecampo\/?p=31"},"modified":"2016-04-24T09:23:29","modified_gmt":"2016-04-24T14:23:29","slug":"volumen-i-numero-1-mayo-2016","status":"publish","type":"post","link":"https:\/\/www.uartes.edu.ec\/sitio\/fueradecampo\/2016\/04\/24\/volumen-i-numero-1-mayo-2016\/","title":{"rendered":"Volumen I, N\u00famero 1. Mayo, 2016"},"content":{"rendered":"<p><strong><img decoding=\"async\" class=\"alignleft wp-image-51 size-full\" src=\"http:\/\/www.uartes.edu.ec\/sitio\/fueradecampo\/wp-content\/uploads\/sites\/36\/2016\/05\/portada-fuera-de-campo-articulos.jpg\" width=\"183\" height=\"250\" \/>Fuera de Campo.\u00a0<\/strong>Revista de Cine<br \/>\nUniversidad de las Artes<br \/>\nVolumen I, N\u00famero 1. Mayo, 2016<br \/>\nISSN 2477-9202<\/p>\n<p><strong><em>Fuera de Campo<\/em><\/strong> pretende convertirse en un espacio donde los investigadores en cine de todo el mundo, pero especialmente de Am\u00e9rica Latina, puedan publicar los resultados de sus investigaciones en un contexto tan riguroso como el de las academias norteamericanas y europeas, pero con una actitud m\u00e1s amigable hacia productos que responden a las necesidades del investigador de esta regi\u00f3n.<\/p>\n<table border=\"1\" width=\"600\" cellspacing=\"0\" cellpadding=\"0\">\n<tbody>\n<tr>\n<td width=\"230\"><a href=\"http:\/\/www.uartes.edu.ec\/sitio\/fueradecampo\/wp-content\/uploads\/sites\/36\/2016\/05\/volumen-i-numero-1-mayo-2016.pdf\" target=\"_blank\" rel=\"noopener\">DESCARGAR EL PDF COMPLETO DE LA VERSI\u00d3N IMPRESA DE LA REVISTA &gt;<\/a><\/td>\n<td valign=\"top\"><strong>\u00cdNDICE<\/strong><\/p>\n<p><a href=\"http:\/\/www.uartes.edu.ec\/sitio\/fueradecampo\/wp-content\/uploads\/sites\/36\/2016\/05\/13_Presentacion-Ramiro-Noriega_volumen-i-numero-1-mayo-2016.pdf\" target=\"_blank\" rel=\"noopener\">Presentaci\u00f3n Ramiro Noriega &gt;<\/a><br \/>\n<a href=\"http:\/\/www.uartes.edu.ec\/sitio\/fueradecampo\/wp-content\/uploads\/sites\/36\/2016\/05\/15_Presentacion-Arturo-Serrano_volumen-i-numero-1-mayo-2016.pdf\">Presentaci\u00f3n Arturo Serrano &gt;<\/a><\/p>\n<p>ART\u00cdCULOS<br \/>\n<a href=\"http:\/\/www.uartes.edu.ec\/sitio\/fueradecampo\/wp-content\/uploads\/sites\/36\/2016\/05\/01-FDC-MAYO26-16-26.pdf\" target=\"_blank\" rel=\"noopener\">Cuesti\u00f3n de fe o la road movie como una fiesta pagana &gt;<\/a><br \/>\nMarcelo B\u00e1ez Meza<br \/>\n<a href=\"http:\/\/www.uartes.edu.ec\/sitio\/fueradecampo\/wp-content\/uploads\/sites\/36\/2016\/05\/02-FDC-MAYO26-27-39.pdf\" target=\"_blank\" rel=\"noopener\">La imagen-tiempo en el cine de Alain Resnais &gt;<\/a><br \/>\nDaniela Mihaljevic<br \/>\n<a href=\"http:\/\/www.uartes.edu.ec\/sitio\/fueradecampo\/wp-content\/uploads\/sites\/36\/2016\/05\/03-FDC-MAYO26-40-51.pdf\" target=\"_blank\" rel=\"noopener\">\u201cFilmo, luego existo\u201d. Filmograf\u00edas en circulaci\u00f3n paralela en Ecuador &gt;<\/a><br \/>\nL\u00facia Ramos Monteiro<br \/>\n<a href=\"http:\/\/www.uartes.edu.ec\/sitio\/fueradecampo\/wp-content\/uploads\/sites\/36\/2016\/05\/04-FDC-MAYO26-52-65.pdf\" target=\"_blank\" rel=\"noopener\">El abrazo de la serpiente o la poes\u00eda del viaje sagrado &gt;<\/a><br \/>\nCarlos Satiz\u00e1bal<br \/>\n<a href=\"http:\/\/www.uartes.edu.ec\/sitio\/fueradecampo\/wp-content\/uploads\/sites\/36\/2016\/05\/05-FDC-MAYO26-66-83.pdf\" target=\"_blank\" rel=\"noopener\">A imagem como a \u00faltima das hist\u00f3rias poss\u00edveis em Pindorama de Arnaldo Jabor &gt;<\/a><br \/>\nMarco Tulio Ulh\u00f4a<\/p>\n<p>MISCEL\u00c1NEA<br \/>\n<em>Rese\u00f1as de Festivales<\/em><br \/>\n<a href=\"http:\/\/www.uartes.edu.ec\/sitio\/fueradecampo\/wp-content\/uploads\/sites\/36\/2016\/05\/06-FDC-MAYO26-86-90.pdf\" target=\"_blank\" rel=\"noopener\">Festival Internacional de cine de Miami &gt;<\/a><br \/>\nJos\u00e9 Pisano<br \/>\n<a href=\"http:\/\/www.uartes.edu.ec\/sitio\/fueradecampo\/wp-content\/uploads\/sites\/36\/2016\/05\/07-FDC-MAYO26-91-99.pdf\" target=\"_blank\" rel=\"noopener\">Cin\u00e9ma du R\u00e9el, edici\u00f3n &gt;<\/a><br \/>\nDaniela Castillo Brice\u00f1o<\/p>\n<p>Ensayos<br \/>\n<a href=\"http:\/\/www.uartes.edu.ec\/sitio\/fueradecampo\/wp-content\/uploads\/sites\/36\/2016\/05\/08-FDC-MAYO26-100-104.pdf\" target=\"_blank\" rel=\"noopener\">Dos ensayos sobre cine latinoamericano &gt;<\/a><br \/>\nFedos y Santaella<br \/>\n<a href=\"http:\/\/www.uartes.edu.ec\/sitio\/fueradecampo\/wp-content\/uploads\/sites\/36\/2016\/05\/09-FDC-MAYO26-105-107.pdf\" target=\"_blank\" rel=\"noopener\">Araya, gestos de la sal &gt;<\/a><br \/>\nLeslie Castro Le\u00f3n<\/p>\n<p>Entrevista<br \/>\n<a href=\"http:\/\/www.uartes.edu.ec\/sitio\/fueradecampo\/wp-content\/uploads\/sites\/36\/2016\/05\/10-FDC-MAYO26-108-116.pdf\" target=\"_blank\" rel=\"noopener\">Entrevista a Sebasti\u00e1n Cordero &gt;<\/a><\/p>\n<p><a href=\"http:\/\/www.uartes.edu.ec\/sitio\/fueradecampo\/wp-content\/uploads\/sites\/36\/2016\/05\/11-FDC-MAYO26-119.pdf\" target=\"_blank\" rel=\"noopener\">Biograf\u00eda de los autores &gt;<br \/>\n<\/a><a href=\"http:\/\/www.uartes.edu.ec\/sitio\/fueradecampo\/wp-content\/uploads\/sites\/36\/2016\/05\/12-FDC-MAYO26-121.pdf\" target=\"_blank\" rel=\"noopener\">Llamado para art\u00edculos &gt;<\/a><\/td>\n<\/tr>\n<\/tbody>\n<\/table>\n","protected":false},"excerpt":{"rendered":"<p>Fuera de Campo.\u00a0Revista de Cine Universidad de las Artes Volumen I, N\u00famero 1. Mayo, 2016 ISSN 2477-9202 Fuera de Campo pretende convertirse en un espacio donde los investigadores en cine de todo el mundo, pero especialmente de Am\u00e9rica Latina, puedan <a class=\"more-link\" href=\"https:\/\/www.uartes.edu.ec\/sitio\/fueradecampo\/2016\/04\/24\/volumen-i-numero-1-mayo-2016\/\">Seguir leyendo <span class=\"screen-reader-text\">  Volumen I, N\u00famero 1. Mayo, 2016<\/span><span class=\"meta-nav\">&rarr;<\/span><\/a><\/p>\n","protected":false},"author":1,"featured_media":0,"comment_status":"closed","ping_status":"closed","sticky":false,"template":"","format":"standard","meta":{"_uag_custom_page_level_css":"","_monsterinsights_skip_tracking":false,"_monsterinsights_sitenote_active":false,"_monsterinsights_sitenote_note":"","_monsterinsights_sitenote_category":0,"cybocfi_hide_featured_image":"","footnotes":""},"categories":[6],"tags":[13,15,16,21,23,32,35,38,41,42,56],"class_list":["post-31","post","type-post","status-publish","format-standard","hentry","category-fuera-de-campo-revista-de-cine","tag-carlos-satizabal","tag-daniela-castillo-briceno","tag-daniela-mihaljevic","tag-fedos-y-santaella","tag-fuera-de-campo","tag-jose-pisano","tag-leslie-castro-leon","tag-lucia-ramos-monteiro","tag-marcelo-baez-meza","tag-marco-tulio-ulhoa","tag-sebastian-cordero"],"uagb_featured_image_src":{"full":false,"thumbnail":false,"medium":false,"medium_large":false,"large":false,"1536x1536":false,"2048x2048":false,"featured-slider-larger":false,"featured-slider":false,"sow-carousel-default":false},"uagb_author_info":{"display_name":"Universidad de las Artes","author_link":"https:\/\/www.uartes.edu.ec\/sitio\/fueradecampo\/author\/dircomadm\/"},"uagb_comment_info":0,"uagb_excerpt":"Fuera de Campo.\u00a0Revista de Cine Universidad de las Artes Volumen I, N\u00famero 1. Mayo, 2016 ISSN 2477-9202 Fuera de Campo pretende convertirse en un espacio donde los investigadores en cine de todo el mundo, pero especialmente de Am\u00e9rica Latina, puedan Seguir leyendo Volumen I, N\u00famero 1. Mayo, 2016&rarr;","distributor_meta":false,"distributor_terms":false,"distributor_media":false,"distributor_original_site_name":"Fuera de campo","distributor_original_site_url":"https:\/\/www.uartes.edu.ec\/sitio\/fueradecampo","push-errors":false,"_links":{"self":[{"href":"https:\/\/www.uartes.edu.ec\/sitio\/fueradecampo\/wp-json\/wp\/v2\/posts\/31","targetHints":{"allow":["GET"]}}],"collection":[{"href":"https:\/\/www.uartes.edu.ec\/sitio\/fueradecampo\/wp-json\/wp\/v2\/posts"}],"about":[{"href":"https:\/\/www.uartes.edu.ec\/sitio\/fueradecampo\/wp-json\/wp\/v2\/types\/post"}],"author":[{"embeddable":true,"href":"https:\/\/www.uartes.edu.ec\/sitio\/fueradecampo\/wp-json\/wp\/v2\/users\/1"}],"replies":[{"embeddable":true,"href":"https:\/\/www.uartes.edu.ec\/sitio\/fueradecampo\/wp-json\/wp\/v2\/comments?post=31"}],"version-history":[{"count":0,"href":"https:\/\/www.uartes.edu.ec\/sitio\/fueradecampo\/wp-json\/wp\/v2\/posts\/31\/revisions"}],"wp:attachment":[{"href":"https:\/\/www.uartes.edu.ec\/sitio\/fueradecampo\/wp-json\/wp\/v2\/media?parent=31"}],"wp:term":[{"taxonomy":"category","embeddable":true,"href":"https:\/\/www.uartes.edu.ec\/sitio\/fueradecampo\/wp-json\/wp\/v2\/categories?post=31"},{"taxonomy":"post_tag","embeddable":true,"href":"https:\/\/www.uartes.edu.ec\/sitio\/fueradecampo\/wp-json\/wp\/v2\/tags?post=31"}],"curies":[{"name":"wp","href":"https:\/\/api.w.org\/{rel}","templated":true}]}}