{"id":317,"date":"2018-04-28T09:50:34","date_gmt":"2018-04-28T14:50:34","guid":{"rendered":"http:\/\/www.uartes.edu.ec\/fueradecampo\/?p=317"},"modified":"2018-04-28T09:50:34","modified_gmt":"2018-04-28T14:50:34","slug":"volumen-ii-numero-1-enero-2018","status":"publish","type":"post","link":"https:\/\/www.uartes.edu.ec\/sitio\/fueradecampo\/2018\/04\/28\/volumen-ii-numero-1-enero-2018\/","title":{"rendered":"Volumen II, N\u00famero 2. Mayo, 2018"},"content":{"rendered":"<p><strong><img decoding=\"async\" class=\"alignleft wp-image-51 size-full\" src=\"http:\/\/www.uartes.edu.ec\/sitio\/fueradecampo\/wp-content\/uploads\/sites\/36\/2018\/08\/FDC07-portada-web.jpg\" width=\"183\" height=\"250\" \/>Fuera de Campo.\u00a0<\/strong>Revista de Cine<br \/>\nUniversidad de las Artes<br \/>\nVolumen II, N\u00famero 2. Mayo, 2018<br \/>\nISSN: 2661-6602<\/p>\n<p><strong><em>Fuera de Campo<\/em><\/strong> es una revista acad\u00e9mica dedicada a los investigadores en el \u00e1rea de cine y pensada para el p\u00fablico especializado que desee aproximarse al cine latinoamericano o a las visiones latinoamericanas sobre el cine. Es una publicaci\u00f3n cuatrimestral arbitrada editada por la Universidad de las Artes en la ciudad de Guayaquil (Ecuador). Todos los textos incluidos en la secci\u00f3n Art\u00edculos han sido sometidos al arbitraje ciego de dos expertos ajenos a la Universidad de las Artes.<\/p>\n<table border=\"1\" width=\"600\" cellspacing=\"0\" cellpadding=\"0\">\n<tbody>\n<tr>\n<td width=\"230\"><a href=\"http:\/\/www.uartes.edu.ec\/sitio\/fueradecampo\/wp-content\/uploads\/sites\/36\/2018\/08\/FDC07-FueradeCampo.pdf\" target=\"_blank\" rel=\"noopener\">DESCARGAR EL PDF COMPLETO DE LA VERSI\u00d3N IMPRESA DE LA REVISTA \u2192<\/a><\/td>\n<td valign=\"top\"><strong>\u00cdNDICE<\/strong><\/p>\n<p>ART\u00cdCULOS<\/p>\n<p><a href=\"http:\/\/www.uartes.edu.ec\/sitio\/fueradecampo\/wp-content\/uploads\/sites\/36\/2018\/08\/FDC07-ART01.pdf\" target=\"_blank\" rel=\"noopener\"><em>\u201cPilas de cad\u00e1veres\u201d. Un motivo del horror en el cine\u00a0latinoamericano sobre la violencia de Estado \u2192<\/em><\/a><br \/>\nDavid Jurado<br \/>\n<em><a href=\"http:\/\/www.uartes.edu.ec\/sitio\/fueradecampo\/wp-content\/uploads\/sites\/36\/2018\/08\/FDC07-ART02.pdf\" target=\"_blank\" rel=\"noopener\">Tres realizadoras, tres visiones sobre las identidades y las sexualidades\u00a0femeninas en el cine contempor\u00e1neo latinoamericano \u2192<\/a><\/em><br \/>\nLisandra Leyva Ram\u00edrez<br \/>\n<em><a href=\"http:\/\/www.uartes.edu.ec\/sitio\/fueradecampo\/wp-content\/uploads\/sites\/36\/2018\/08\/FDC07-ART03.pdf\" target=\"_blank\" rel=\"noopener\">El furor y el rugido: la figura del Berserkr en los medios audiovisuales \u2192<\/a><\/em><br \/>\nAlberto Robles<br \/>\n<em><a href=\"http:\/\/www.uartes.edu.ec\/sitio\/fueradecampo\/wp-content\/uploads\/sites\/36\/2018\/08\/FDC07-ART04.pdf\" target=\"_blank\" rel=\"noopener\">Las razones de la carne. Cuerpos alterados en el cine latinoamericano \u2192<\/a><\/em><br \/>\nGalo Alfredo Torres<br \/>\n<a href=\"http:\/\/www.uartes.edu.ec\/sitio\/fueradecampo\/wp-content\/uploads\/sites\/36\/2018\/08\/FDC07-ART05.pdf\" target=\"_blank\" rel=\"noopener\"><em>La imagen y las figuras del sensible en la obra de Miguel Rio Branco \u2192<\/em><\/a><br \/>\nMarco Tulio Ulh\u00f4a<\/p>\n<p>MISCEL\u00c1NEA<\/p>\n<p><em><a href=\"http:\/\/www.uartes.edu.ec\/sitio\/fueradecampo\/wp-content\/uploads\/sites\/36\/2018\/08\/FDC07-MISC01.pdf\" target=\"_blank\" rel=\"noopener\">\u201cEl gran reto es que el festival no vuelva a perderse\u201d.\u00a0Entrevista a Isabella Parra \u2192<\/a><\/em><br \/>\nRafael Plaza Andrade<\/p>\n<p><a href=\"http:\/\/www.uartes.edu.ec\/sitio\/fueradecampo\/wp-content\/uploads\/sites\/36\/2018\/08\/FDC07-A01.pdf\" target=\"_blank\" rel=\"noopener\">Biograf\u00eda de los autores de los art\u00edculos \u2192<\/a><br \/>\n<a href=\"http:\/\/www.uartes.edu.ec\/sitio\/fueradecampo\/wp-content\/uploads\/sites\/36\/2018\/08\/FDC07-A02.pdf\">Instrucciones para los autores \u2192<\/a><br \/>\n<a href=\"http:\/\/www.uartes.edu.ec\/sitio\/fueradecampo\/wp-content\/uploads\/sites\/36\/2018\/08\/FDC07-A03.pdf\" target=\"_blank\" rel=\"noopener\">Manual de estilo de la revista\u00a0<em>Fuera de Campo<\/em>\u00a0\u2192<\/a><br \/>\n<a href=\"http:\/\/www.uartes.edu.ec\/sitio\/fueradecampo\/wp-content\/uploads\/sites\/36\/2018\/08\/FDC07-A04.pdf\" target=\"_blank\" rel=\"noopener\">Declaraci\u00f3n de \u00c9tica y Mala Praxis \u2192<\/a><\/td>\n<\/tr>\n<\/tbody>\n<tbody>\n<tr>\n<td colspan=\"2\">Fuera de Campo. Revista de Cine<br \/>\nUniversidad de las Artes<br \/>\nMalec\u00f3n Sim\u00f3n Bol\u00edvar y Francisco Aguirre<br \/>\nGuayaquil, Ecuador (090313)<br \/>\nTel\u00e9fono (+593) 4 259 0700 ext. 2900<br \/>\n<a href=\"mailto:revistadecine@uartes.edu.ec\">revistadecine@uartes.edu.ec<\/a><br \/>\n<a href=\"http:\/\/www.uartes.edu.ec\/fueradecampo\">www.uartes.edu.ec\/fueradecampo<\/a><\/td>\n<\/tr>\n<\/tbody>\n<\/table>\n","protected":false},"excerpt":{"rendered":"<p>Fuera de Campo.\u00a0Revista de Cine Universidad de las Artes Volumen II, N\u00famero 2. Mayo, 2018 ISSN: 2661-6602 Fuera de Campo es una revista acad\u00e9mica dedicada a los investigadores en el \u00e1rea de cine y pensada para el p\u00fablico especializado que <a class=\"more-link\" href=\"https:\/\/www.uartes.edu.ec\/sitio\/fueradecampo\/2018\/04\/28\/volumen-ii-numero-1-enero-2018\/\">Seguir leyendo <span class=\"screen-reader-text\">  Volumen II, N\u00famero 2. Mayo, 2018<\/span><span class=\"meta-nav\">&rarr;<\/span><\/a><\/p>\n","protected":false},"author":1,"featured_media":0,"comment_status":"closed","ping_status":"closed","sticky":false,"template":"","format":"standard","meta":{"_uag_custom_page_level_css":"","_monsterinsights_skip_tracking":false,"_monsterinsights_sitenote_active":false,"_monsterinsights_sitenote_note":"","_monsterinsights_sitenote_category":0,"cybocfi_hide_featured_image":"","footnotes":""},"categories":[6],"tags":[7,17,24,31,36,52],"class_list":["post-317","post","type-post","status-publish","format-standard","hentry","category-fuera-de-campo-revista-de-cine","tag-alberto-robles","tag-david-jurado","tag-galo-alfredo-torres","tag-jorge-daniel-vasquez","tag-lisandra-leyva-ramirez","tag-rafael-plaza-andrade"],"uagb_featured_image_src":{"full":false,"thumbnail":false,"medium":false,"medium_large":false,"large":false,"1536x1536":false,"2048x2048":false,"featured-slider-larger":false,"featured-slider":false,"sow-carousel-default":false},"uagb_author_info":{"display_name":"Universidad de las Artes","author_link":"https:\/\/www.uartes.edu.ec\/sitio\/fueradecampo\/author\/dircomadm\/"},"uagb_comment_info":0,"uagb_excerpt":"Fuera de Campo.\u00a0Revista de Cine Universidad de las Artes Volumen II, N\u00famero 2. Mayo, 2018 ISSN: 2661-6602 Fuera de Campo es una revista acad\u00e9mica dedicada a los investigadores en el \u00e1rea de cine y pensada para el p\u00fablico especializado que Seguir leyendo Volumen II, N\u00famero 2. Mayo, 2018&rarr;","distributor_meta":false,"distributor_terms":false,"distributor_media":false,"distributor_original_site_name":"Fuera de campo","distributor_original_site_url":"https:\/\/www.uartes.edu.ec\/sitio\/fueradecampo","push-errors":false,"_links":{"self":[{"href":"https:\/\/www.uartes.edu.ec\/sitio\/fueradecampo\/wp-json\/wp\/v2\/posts\/317","targetHints":{"allow":["GET"]}}],"collection":[{"href":"https:\/\/www.uartes.edu.ec\/sitio\/fueradecampo\/wp-json\/wp\/v2\/posts"}],"about":[{"href":"https:\/\/www.uartes.edu.ec\/sitio\/fueradecampo\/wp-json\/wp\/v2\/types\/post"}],"author":[{"embeddable":true,"href":"https:\/\/www.uartes.edu.ec\/sitio\/fueradecampo\/wp-json\/wp\/v2\/users\/1"}],"replies":[{"embeddable":true,"href":"https:\/\/www.uartes.edu.ec\/sitio\/fueradecampo\/wp-json\/wp\/v2\/comments?post=317"}],"version-history":[{"count":0,"href":"https:\/\/www.uartes.edu.ec\/sitio\/fueradecampo\/wp-json\/wp\/v2\/posts\/317\/revisions"}],"wp:attachment":[{"href":"https:\/\/www.uartes.edu.ec\/sitio\/fueradecampo\/wp-json\/wp\/v2\/media?parent=317"}],"wp:term":[{"taxonomy":"category","embeddable":true,"href":"https:\/\/www.uartes.edu.ec\/sitio\/fueradecampo\/wp-json\/wp\/v2\/categories?post=317"},{"taxonomy":"post_tag","embeddable":true,"href":"https:\/\/www.uartes.edu.ec\/sitio\/fueradecampo\/wp-json\/wp\/v2\/tags?post=317"}],"curies":[{"name":"wp","href":"https:\/\/api.w.org\/{rel}","templated":true}]}}