{"id":385,"date":"2018-08-27T16:54:48","date_gmt":"2018-08-27T21:54:48","guid":{"rendered":"http:\/\/www.uartes.edu.ec\/fueradecampo\/?p=385"},"modified":"2018-08-27T16:54:48","modified_gmt":"2018-08-27T21:54:48","slug":"volumen-ii-numero-3-septiembre-2018","status":"publish","type":"post","link":"https:\/\/www.uartes.edu.ec\/sitio\/fueradecampo\/2018\/08\/27\/volumen-ii-numero-3-septiembre-2018\/","title":{"rendered":"Volumen II, N\u00famero 3. Septiembre, 2018"},"content":{"rendered":"<p><strong><img decoding=\"async\" class=\"alignleft wp-image-51 size-full\" src=\"http:\/\/www.uartes.edu.ec\/sitio\/fueradecampo\/wp-content\/uploads\/sites\/36\/2019\/05\/FDC08-portada-web.jpg\" width=\"183\" height=\"250\" \/>Fuera de Campo.\u00a0<\/strong>Revista de Cine<br \/>\nUniversidad de las Artes<br \/>\nVolumen II, N\u00famero 3. Septiembre, 2018<br \/>\nISSN: 2661-6602<\/p>\n<p><strong><em>Fuera de Campo<\/em><\/strong> es una revista acad\u00e9mica dedicada a los investigadores en el \u00e1rea de cine y pensada para el p\u00fablico especializado que desee aproximarse al cine latinoamericano o a las visiones latinoamericanas sobre el cine. Es una publicaci\u00f3n cuatrimestral arbitrada editada por la Universidad de las Artes en la ciudad de Guayaquil (Ecuador). Todos los textos incluidos en la secci\u00f3n Art\u00edculos han sido sometidos al arbitraje ciego de dos expertos ajenos a la Universidad de las Artes.<\/p>\n<table border=\"1\" width=\"600\" cellspacing=\"0\" cellpadding=\"0\">\n<tbody>\n<tr>\n<td width=\"230\"><a href=\"http:\/\/www.uartes.edu.ec\/sitio\/fueradecampo\/wp-content\/uploads\/sites\/36\/2019\/05\/FDC08-FueradeCampo.pdf\" target=\"_blank\" rel=\"noopener\">DESCARGAR EL PDF COMPLETO DE LA VERSI\u00d3N IMPRESA DE LA REVISTA \u2192<\/a><\/td>\n<td valign=\"top\"><strong>\u00cdNDICE<\/strong><\/p>\n<p>ART\u00cdCULOS<\/p>\n<p><a href=\"http:\/\/www.uartes.edu.ec\/sitio\/fueradecampo\/wp-content\/uploads\/sites\/36\/2019\/05\/FDC08-ART01.pdf\" target=\"_blank\" rel=\"noopener\"><em>A la vez acogedor y hostil. El cine etnogr\u00e1fico en sus obras y realizadores can\u00f3nicos (1960-1990) \u2192<\/em><\/a><br \/>\nJavier Campo<br \/>\n<em><a href=\"http:\/\/www.uartes.edu.ec\/sitio\/fueradecampo\/wp-content\/uploads\/sites\/36\/2019\/05\/FDC08-ART02.pdf\" target=\"_blank\" rel=\"noopener\">Expresionismo, Existencialismo y Film Noir: Fritz Lang y la puesta en escena del Dasein \u2192<\/a><\/em><br \/>\nLuis Finol<br \/>\n<em><a href=\"http:\/\/www.uartes.edu.ec\/sitio\/fueradecampo\/wp-content\/uploads\/sites\/36\/2019\/05\/FDC08-ART03.pdf\" target=\"_blank\" rel=\"noopener\">Cine venezolano: construcci\u00f3n, invenci\u00f3n y adaptaci\u00f3n de la \u201cHistoria Patria\u201d \u2192<\/a><\/em><br \/>\nJordi Macarro<br \/>\n<em><a href=\"http:\/\/www.uartes.edu.ec\/sitio\/fueradecampo\/wp-content\/uploads\/sites\/36\/2019\/05\/FDC08-ART04.pdf\" target=\"_blank\" rel=\"noopener\">Estrategias pedag\u00f3gicas para la ense\u00f1anza del sonido cinematogr\u00e1fico a estudiantes de direcci\u00f3n: de la tecnocracia a la reflexi\u00f3n \u2192<\/a><\/em><br \/>\nErasmo Ram\u00edrez<br \/>\n<a href=\"http:\/\/www.uartes.edu.ec\/sitio\/fueradecampo\/wp-content\/uploads\/sites\/36\/2019\/05\/FDC08-ART05.pdf\" target=\"_blank\" rel=\"noopener\"><em>Kino Pravda: el sacerdote como cr\u00edtico y los l\u00edmites del sistema moral \u2192<\/em><\/a><br \/>\nGalo Alfredo Torres<\/p>\n<p>MISCEL\u00c1NEA<\/p>\n<p><em><a href=\"http:\/\/www.uartes.edu.ec\/sitio\/fueradecampo\/wp-content\/uploads\/sites\/36\/2019\/05\/FDC08-MISC01.pdf\" target=\"_blank\" rel=\"noopener\">Cinegraf\u00edas: A medio camino (Nantu Mantilla, 2018) y \u201cRosita\u201d (Ileana Matamoros, 2018) \u2192<\/a><\/em><br \/>\nLibertad Gills, Nataly Sandoya y Ernesto Le\u00f3n<br \/>\n<em><a href=\"http:\/\/www.uartes.edu.ec\/sitio\/fueradecampo\/wp-content\/uploads\/sites\/36\/2019\/05\/FDC08-MISC02.pdf\" target=\"_blank\" rel=\"noopener\">\u201cEl premio detr\u00e1s del premio es el derecho a seguir filmando\u201d. Entrevista a Sebasti\u00e1n Lelio \u2192<\/a><\/em><br \/>\nRafael Plaza<\/p>\n<p><a href=\"http:\/\/www.uartes.edu.ec\/sitio\/fueradecampo\/wp-content\/uploads\/sites\/36\/2019\/05\/FDC08-A01.pdf\" target=\"_blank\" rel=\"noopener\">Datos de los autores de los art\u00edculos \u2192<\/a><br \/>\n<a href=\"http:\/\/www.uartes.edu.ec\/sitio\/fueradecampo\/wp-content\/uploads\/sites\/36\/2019\/05\/FDC08-A02.pdf\">Manual de estilo de la revista Fuera de Campo \u2192<\/a><br \/>\n<a href=\"http:\/\/www.uartes.edu.ec\/sitio\/fueradecampo\/wp-content\/uploads\/sites\/36\/2019\/05\/FDC08-A03.pdf\" target=\"_blank\" rel=\"noopener\">Instrucciones para los autores \u2192<\/a><br \/>\n<a href=\"http:\/\/www.uartes.edu.ec\/sitio\/fueradecampo\/wp-content\/uploads\/sites\/36\/2019\/05\/FDC08-A04.pdf\" target=\"_blank\" rel=\"noopener\">Declaraci\u00f3n de \u00c9tica y Mala Praxis \u2192<\/a><\/td>\n<\/tr>\n<\/tbody>\n<tbody>\n<tr>\n<td colspan=\"2\">Fuera de Campo. Revista de Cine<br \/>\nUniversidad de las Artes<br \/>\nMalec\u00f3n Sim\u00f3n Bol\u00edvar y Francisco Aguirre<br \/>\nGuayaquil, Ecuador (090313)<br \/>\nTel\u00e9fono (+593) 4 259 0700 ext. 2900<br \/>\n<a href=\"mailto:revistadecine@uartes.edu.ec\">revistadecine@uartes.edu.ec<\/a><br \/>\n<a href=\"http:\/\/www.uartes.edu.ec\/fueradecampo\">www.uartes.edu.ec\/fueradecampo<\/a><\/td>\n<\/tr>\n<\/tbody>\n<\/table>\n<p>&nbsp;<\/p>\n","protected":false},"excerpt":{"rendered":"<p>Fuera de Campo.\u00a0Revista de Cine Universidad de las Artes Volumen II, N\u00famero 3. Septiembre, 2018 ISSN: 2661-6602 Fuera de Campo es una revista acad\u00e9mica dedicada a los investigadores en el \u00e1rea de cine y pensada para el p\u00fablico especializado que <a class=\"more-link\" href=\"https:\/\/www.uartes.edu.ec\/sitio\/fueradecampo\/2018\/08\/27\/volumen-ii-numero-3-septiembre-2018\/\">Seguir leyendo <span class=\"screen-reader-text\">  Volumen II, N\u00famero 3. Septiembre, 2018<\/span><span class=\"meta-nav\">&rarr;<\/span><\/a><\/p>\n","protected":false},"author":1,"featured_media":0,"comment_status":"closed","ping_status":"closed","sticky":false,"template":"","format":"standard","meta":{"_uag_custom_page_level_css":"","_monsterinsights_skip_tracking":false,"_monsterinsights_sitenote_active":false,"_monsterinsights_sitenote_note":"","_monsterinsights_sitenote_category":0,"cybocfi_hide_featured_image":"","footnotes":""},"categories":[6],"tags":[],"class_list":["post-385","post","type-post","status-publish","format-standard","hentry","category-fuera-de-campo-revista-de-cine"],"uagb_featured_image_src":{"full":false,"thumbnail":false,"medium":false,"medium_large":false,"large":false,"1536x1536":false,"2048x2048":false,"featured-slider-larger":false,"featured-slider":false,"sow-carousel-default":false},"uagb_author_info":{"display_name":"Universidad de las Artes","author_link":"https:\/\/www.uartes.edu.ec\/sitio\/fueradecampo\/author\/dircomadm\/"},"uagb_comment_info":0,"uagb_excerpt":"Fuera de Campo.\u00a0Revista de Cine Universidad de las Artes Volumen II, N\u00famero 3. Septiembre, 2018 ISSN: 2661-6602 Fuera de Campo es una revista acad\u00e9mica dedicada a los investigadores en el \u00e1rea de cine y pensada para el p\u00fablico especializado que Seguir leyendo Volumen II, N\u00famero 3. Septiembre, 2018&rarr;","distributor_meta":false,"distributor_terms":false,"distributor_media":false,"distributor_original_site_name":"Fuera de campo","distributor_original_site_url":"https:\/\/www.uartes.edu.ec\/sitio\/fueradecampo","push-errors":false,"_links":{"self":[{"href":"https:\/\/www.uartes.edu.ec\/sitio\/fueradecampo\/wp-json\/wp\/v2\/posts\/385","targetHints":{"allow":["GET"]}}],"collection":[{"href":"https:\/\/www.uartes.edu.ec\/sitio\/fueradecampo\/wp-json\/wp\/v2\/posts"}],"about":[{"href":"https:\/\/www.uartes.edu.ec\/sitio\/fueradecampo\/wp-json\/wp\/v2\/types\/post"}],"author":[{"embeddable":true,"href":"https:\/\/www.uartes.edu.ec\/sitio\/fueradecampo\/wp-json\/wp\/v2\/users\/1"}],"replies":[{"embeddable":true,"href":"https:\/\/www.uartes.edu.ec\/sitio\/fueradecampo\/wp-json\/wp\/v2\/comments?post=385"}],"version-history":[{"count":0,"href":"https:\/\/www.uartes.edu.ec\/sitio\/fueradecampo\/wp-json\/wp\/v2\/posts\/385\/revisions"}],"wp:attachment":[{"href":"https:\/\/www.uartes.edu.ec\/sitio\/fueradecampo\/wp-json\/wp\/v2\/media?parent=385"}],"wp:term":[{"taxonomy":"category","embeddable":true,"href":"https:\/\/www.uartes.edu.ec\/sitio\/fueradecampo\/wp-json\/wp\/v2\/categories?post=385"},{"taxonomy":"post_tag","embeddable":true,"href":"https:\/\/www.uartes.edu.ec\/sitio\/fueradecampo\/wp-json\/wp\/v2\/tags?post=385"}],"curies":[{"name":"wp","href":"https:\/\/api.w.org\/{rel}","templated":true}]}}