{"id":457,"date":"2019-09-01T13:23:50","date_gmt":"2019-09-01T18:23:50","guid":{"rendered":"http:\/\/www.uartes.edu.ec\/fueradecampo\/?p=457"},"modified":"2019-09-01T13:23:50","modified_gmt":"2019-09-01T18:23:50","slug":"volumen-iii-numero-3-septiembre-2019","status":"publish","type":"post","link":"https:\/\/www.uartes.edu.ec\/sitio\/fueradecampo\/2019\/09\/01\/volumen-iii-numero-3-septiembre-2019\/","title":{"rendered":"Volumen III, N\u00famero 3. Septiembre, 2019"},"content":{"rendered":"<p><strong class=\"alignnone\"><img decoding=\"async\" class=\"alignleft size-full wp-image-390\" src=\"http:\/\/www.uartes.edu.ec\/sitio\/fueradecampo\/wp-content\/uploads\/sites\/36\/2020\/05\/FdC-Sep-19-1.jpg\" alt=\"volumen3numero3\" width=\"183\">Fuera de Campo.&nbsp;<\/strong>Revista de Cine<br \/>\nUniversidad de las Artes<br \/>\nVolumen III, N\u00famero 3. Septiembre, 2019<br \/>\nISSN: 2661-6602<\/p>\n<p><strong><em>Fuera de Campo<\/em><\/strong>&nbsp;es una revista acad\u00e9mica dedicada a los investigadores en el \u00e1rea de cine y pensada para el p\u00fablico especializado que desee aproximarse al cine latinoamericano o a las visiones latinoamericanas sobre el cine. Es una publicaci\u00f3n cuatrimestral arbitrada editada por la Universidad de las Artes en la ciudad de Guayaquil (Ecuador). Todos los textos incluidos en la secci\u00f3n Art\u00edculos han sido sometidos al arbitraje ciego de dos expertos ajenos a la Universidad de las Artes.<\/p>\n<table width=\"600\" cellspacing=\"0\" cellpadding=\"0\" border=\"1\">\n<tbody>\n<tr>\n<td width=\"230\"><a href=\"http:\/\/www.uartes.edu.ec\/sitio\/fueradecampo\/wp-content\/uploads\/sites\/36\/2020\/05\/FDC11-FueradeCampo.pdf\" target=\"_blank\" rel=\"noopener\">DESCARGAR EL PDF COMPLETO DE LA VERSI\u00d3N IMPRESA DE LA REVISTA \u2192<\/a><\/td>\n<td valign=\"top\"><strong>\u00cdNDICE<\/strong><\/p>\n<p>ART\u00cdCULOS<\/p>\n<p><a href=\"http:\/\/www.uartes.edu.ec\/sitio\/fueradecampo\/wp-content\/uploads\/sites\/36\/2020\/05\/FDC11-ART01.pdf\" target=\"_blank\" rel=\"noopener\"><em>Ni pienso ni existo. Una lectura moral de Pelo malo de Mariana Rond\u00f3n \u2192<\/em><\/a><br \/>\nSandra Caula<br \/>\n<em><a href=\"http:\/\/www.uartes.edu.ec\/sitio\/fueradecampo\/wp-content\/uploads\/sites\/36\/2020\/05\/FDC11-ART02.pdf\" target=\"_blank\" rel=\"noopener\">Madeinusa: neobarroco, fiesta y profanaci\u00f3n en Los Andes \u2192<\/a><\/em><br \/>\nGalo Torres<br \/>\n<em><a href=\"http:\/\/www.uartes.edu.ec\/sitio\/fueradecampo\/wp-content\/uploads\/sites\/36\/2020\/05\/FDC11-ART03.pdf\" target=\"_blank\" rel=\"noopener\">Comportamiento de la audiencia guayaquile\u00f1a frente<br \/>\na las nuevas plataformas de exhibici\u00f3n de producci\u00f3n cinematogr\u00e1fica \u2192<\/a><\/em><br \/>\nMartha Murga y Jack Coronel<\/p>\n<p>MISCEL\u00c1NEA<\/p>\n<p><em><a href=\"http:\/\/www.uartes.edu.ec\/sitio\/fueradecampo\/wp-content\/uploads\/sites\/36\/2020\/05\/FDC11-MISC01.pdf\" target=\"_blank\" rel=\"noopener\">Sobre la utilidad de la historia del cine para los realizadores. Una<br \/>\nentrevista con David Bordwell y Kristin Thompson \u2192<\/a><\/em><br \/>\nEquipo Editorial<br \/>\n<em><a href=\"http:\/\/www.uartes.edu.ec\/sitio\/fueradecampo\/wp-content\/uploads\/sites\/36\/2020\/05\/FDC11-MISC02.pdf\" target=\"_blank\" rel=\"noopener\">Ocho espectadores en busca de una autora. Rese\u00f1a<br \/>\ndel filme La mala noche (Gabriela Calvache, 2019) \u2192<\/a><\/em><br \/>\nAmalina Bomnin<br \/>\n<em><a href=\"http:\/\/www.uartes.edu.ec\/sitio\/fueradecampo\/wp-content\/uploads\/sites\/36\/2020\/05\/FDC11-MISC03.pdf\" target=\"_blank\" rel=\"noopener\">El retorno del documental Fiscal acusador \u2192<\/a><\/em><br \/>\nMar\u00eda Emilia Garc\u00eda<\/p>\n<p><a href=\"http:\/\/www.uartes.edu.ec\/sitio\/fueradecampo\/wp-content\/uploads\/sites\/36\/2020\/05\/FDC11-A01.pdf\" target=\"_blank\" rel=\"noopener\">Datos de los autores de los art\u00edculos \u2192<\/a><br \/>\n<a href=\"http:\/\/www.uartes.edu.ec\/sitio\/fueradecampo\/wp-content\/uploads\/sites\/36\/2020\/05\/FDC11-A02.pdf\">Manual de estilo de la revista Fuera de Campo \u2192<\/a><br \/>\n<a href=\"http:\/\/www.uartes.edu.ec\/sitio\/fueradecampo\/wp-content\/uploads\/sites\/36\/2020\/05\/FDC11-A03.pdf\" target=\"_blank\" rel=\"noopener\">Instrucciones para los autores \u2192<\/a><br \/>\n<a href=\"http:\/\/www.uartes.edu.ec\/sitio\/fueradecampo\/wp-content\/uploads\/sites\/36\/2020\/05\/FDC11-A04.pdf\" target=\"_blank\" rel=\"noopener\">Declaraci\u00f3n de \u00c9tica y Mala Praxis \u2192<\/a><\/td>\n<\/tr>\n<\/tbody>\n<tbody>\n<tr>\n<td colspan=\"2\">Fuera de Campo. Revista de Cine<br \/>\nUniversidad de las Artes<br \/>\nMalec\u00f3n Sim\u00f3n Bol\u00edvar y Francisco Aguirre<br \/>\nGuayaquil, Ecuador (090313)<br \/>\nTel\u00e9fono (+593) 4 259 0700 ext. 2900<br \/>\n<a href=\"mailto:revistadecine@uartes.edu.ec\">revistadecine@uartes.edu.ec<\/a><br \/>\n<a href=\"http:\/\/www.uartes.edu.ec\/fueradecampo\">www.uartes.edu.ec\/fueradecampo<\/a><\/td>\n<\/tr>\n<\/tbody>\n<\/table>\n","protected":false},"excerpt":{"rendered":"<p>Fuera de Campo.&nbsp;Revista de Cine Universidad de las Artes Volumen III, N\u00famero 3. Septiembre, 2019 ISSN: 2661-6602 Fuera de Campo&nbsp;es una revista acad\u00e9mica dedicada a los investigadores en el \u00e1rea de cine y pensada para el p\u00fablico especializado que desee <a class=\"more-link\" href=\"https:\/\/www.uartes.edu.ec\/sitio\/fueradecampo\/2019\/09\/01\/volumen-iii-numero-3-septiembre-2019\/\">Seguir leyendo <span class=\"screen-reader-text\">  Volumen III, N\u00famero 3. Septiembre, 2019<\/span><span class=\"meta-nav\">&rarr;<\/span><\/a><\/p>\n","protected":false},"author":1,"featured_media":0,"comment_status":"closed","ping_status":"closed","sticky":false,"template":"","format":"standard","meta":{"_uag_custom_page_level_css":"","_monsterinsights_skip_tracking":false,"_monsterinsights_sitenote_active":false,"_monsterinsights_sitenote_note":"","_monsterinsights_sitenote_category":0,"cybocfi_hide_featured_image":"","footnotes":""},"categories":[6],"tags":[],"class_list":["post-457","post","type-post","status-publish","format-standard","hentry","category-fuera-de-campo-revista-de-cine"],"uagb_featured_image_src":{"full":false,"thumbnail":false,"medium":false,"medium_large":false,"large":false,"1536x1536":false,"2048x2048":false,"featured-slider-larger":false,"featured-slider":false,"sow-carousel-default":false},"uagb_author_info":{"display_name":"Universidad de las Artes","author_link":"https:\/\/www.uartes.edu.ec\/sitio\/fueradecampo\/author\/dircomadm\/"},"uagb_comment_info":1,"uagb_excerpt":"Fuera de Campo.&nbsp;Revista de Cine Universidad de las Artes Volumen III, N\u00famero 3. Septiembre, 2019 ISSN: 2661-6602 Fuera de Campo&nbsp;es una revista acad\u00e9mica dedicada a los investigadores en el \u00e1rea de cine y pensada para el p\u00fablico especializado que desee Seguir leyendo Volumen III, N\u00famero 3. Septiembre, 2019&rarr;","distributor_meta":false,"distributor_terms":false,"distributor_media":false,"distributor_original_site_name":"Fuera de campo","distributor_original_site_url":"https:\/\/www.uartes.edu.ec\/sitio\/fueradecampo","push-errors":false,"_links":{"self":[{"href":"https:\/\/www.uartes.edu.ec\/sitio\/fueradecampo\/wp-json\/wp\/v2\/posts\/457","targetHints":{"allow":["GET"]}}],"collection":[{"href":"https:\/\/www.uartes.edu.ec\/sitio\/fueradecampo\/wp-json\/wp\/v2\/posts"}],"about":[{"href":"https:\/\/www.uartes.edu.ec\/sitio\/fueradecampo\/wp-json\/wp\/v2\/types\/post"}],"author":[{"embeddable":true,"href":"https:\/\/www.uartes.edu.ec\/sitio\/fueradecampo\/wp-json\/wp\/v2\/users\/1"}],"replies":[{"embeddable":true,"href":"https:\/\/www.uartes.edu.ec\/sitio\/fueradecampo\/wp-json\/wp\/v2\/comments?post=457"}],"version-history":[{"count":0,"href":"https:\/\/www.uartes.edu.ec\/sitio\/fueradecampo\/wp-json\/wp\/v2\/posts\/457\/revisions"}],"wp:attachment":[{"href":"https:\/\/www.uartes.edu.ec\/sitio\/fueradecampo\/wp-json\/wp\/v2\/media?parent=457"}],"wp:term":[{"taxonomy":"category","embeddable":true,"href":"https:\/\/www.uartes.edu.ec\/sitio\/fueradecampo\/wp-json\/wp\/v2\/categories?post=457"},{"taxonomy":"post_tag","embeddable":true,"href":"https:\/\/www.uartes.edu.ec\/sitio\/fueradecampo\/wp-json\/wp\/v2\/tags?post=457"}],"curies":[{"name":"wp","href":"https:\/\/api.w.org\/{rel}","templated":true}]}}