{"id":495,"date":"2020-05-02T12:18:16","date_gmt":"2020-05-02T17:18:16","guid":{"rendered":"http:\/\/www.uartes.edu.ec\/fueradecampo\/?p=495"},"modified":"2020-05-02T12:18:16","modified_gmt":"2020-05-02T17:18:16","slug":"volumen-iv-numero-2-enero-2020","status":"publish","type":"post","link":"https:\/\/www.uartes.edu.ec\/sitio\/fueradecampo\/2020\/05\/02\/volumen-iv-numero-2-enero-2020\/","title":{"rendered":"Volumen IV, N\u00famero 2. Mayo, 2020"},"content":{"rendered":"<p><strong class=\"alignnone\"><img decoding=\"async\" class=\"alignleft size-full wp-image-390\" src=\"http:\/\/www.uartes.edu.ec\/sitio\/fueradecampo\/wp-content\/uploads\/sites\/36\/2020\/07\/FDC13.jpg\" alt=\"volumen3numero3\" width=\"183\" \/>Fuera de Campo.\u00a0<\/strong>Revista de Cine<br \/>\nUniversidad de las Artes<br \/>\nVolumen IV, N\u00famero 2. Mayo, 2020<br \/>\nISSN: 2661-6602<\/p>\n<p><strong><em>Fuera de Campo<\/em><\/strong>\u00a0es una revista acad\u00e9mica dedicada a los investigadores en el \u00e1rea de cine y pensada para el p\u00fablico especializado que desee aproximarse al cine latinoamericano o a las visiones latinoamericanas sobre el cine. Es una publicaci\u00f3n cuatrimestral arbitrada editada por la Universidad de las Artes en la ciudad de Guayaquil (Ecuador). Todos los textos incluidos en la secci\u00f3n Art\u00edculos han sido sometidos al arbitraje ciego de dos expertos ajenos a la Universidad de las Artes.<\/p>\n<table border=\"1\" width=\"600\" cellspacing=\"0\" cellpadding=\"0\">\n<tbody>\n<tr>\n<td width=\"230\"><a href=\"http:\/\/www.uartes.edu.ec\/sitio\/fueradecampo\/wp-content\/uploads\/sites\/36\/2020\/07\/FDC13-FueradeCampo.pdf\" target=\"_blank\" rel=\"noopener\">DESCARGAR EL PDF COMPLETO DE LA VERSI\u00d3N IMPRESA DE LA REVISTA \u2192<\/a><\/td>\n<td valign=\"top\"><strong>\u00cdNDICE<\/strong><\/p>\n<p>ART\u00cdCULOS<\/p>\n<p><a href=\"http:\/\/www.uartes.edu.ec\/sitio\/fueradecampo\/wp-content\/uploads\/sites\/36\/2020\/07\/FDC13-ART01.pdf\" target=\"_blank\" rel=\"noopener\"><em>Excavando en los acervos f\u00edlmicos de las compa\u00f1\u00edas petroleras<br \/>\nen Venezuela: una experiencia de archivo \u2192<\/em><\/a><br \/>\nMar\u00eda Gabriela Colmenares<br \/>\n<em><a href=\"http:\/\/www.uartes.edu.ec\/sitio\/fueradecampo\/wp-content\/uploads\/sites\/36\/2020\/07\/FDC13-ART02.pdf\" target=\"_blank\" rel=\"noopener\">\u00bfEs cine etnogr\u00e1fco? Reflexiones sobre la etnograf\u00eda de la imagen<br \/>\ncomo herramienta metodol\u00f3gica, a partir de una entrevista a una<br \/>\nmigrante venezolana en Buenos Aires \u2192<\/a><\/em><br \/>\nMaryoly Ibarra<br \/>\n<em><a href=\"http:\/\/www.uartes.edu.ec\/sitio\/fueradecampo\/wp-content\/uploads\/sites\/36\/2020\/07\/FDC13-ART03.pdf\" target=\"_blank\" rel=\"noopener\">Oposiciones binarias en \u201cSong Song y Gatita\u201d (John Woo, 2005):<br \/>\nun an\u00e1lisis semi\u00f3tico \u2192<\/a><\/em><br \/>\nErasmo Ram\u00edrez<br \/>\n<em><a href=\"http:\/\/www.uartes.edu.ec\/sitio\/fueradecampo\/wp-content\/uploads\/sites\/36\/2020\/07\/FDC13-ART04.pdf\" target=\"_blank\" rel=\"noopener\">Hotel Monterey (1972): la est\u00e9tica de Edward Hopper, la soledad<br \/>\ny el an\u00f3nimo \u2192<\/a><\/em><br \/>\nLulio Garc\u00eda<\/p>\n<p>MISCEL\u00c1NEA<\/p>\n<p><em><a href=\"http:\/\/www.uartes.edu.ec\/sitio\/fueradecampo\/wp-content\/uploads\/sites\/36\/2020\/07\/FDC13-MISC01.pdf\" target=\"_blank\" rel=\"noopener\">Os m\u00faltiplos olhares sobre as produ\u00e7\u00f5es das mulheres cineastas.<br \/>\nResenha do livro: Karla Holanda (org.), Mulheres de Cinema<br \/>\n(Rio de Janeiro: Numa, 2019) \u2192<\/a><\/em><br \/>\nCleonice Elias da Silva<br \/>\n<em><a href=\"http:\/\/www.uartes.edu.ec\/sitio\/fueradecampo\/wp-content\/uploads\/sites\/36\/2020\/07\/FDC13-MISC02.pdf\" target=\"_blank\" rel=\"noopener\">\u201cLa gente debe motivarse a consumir otro tipo de cosas\u201d.<br \/>\nEntrevista a Christian Obando \u2192<\/a><\/em><br \/>\nJoyner Salazar<\/p>\n<p><a href=\"http:\/\/www.uartes.edu.ec\/sitio\/fueradecampo\/wp-content\/uploads\/sites\/36\/2020\/07\/FDC13-A01.pdf\" target=\"_blank\" rel=\"noopener\">Datos de los autores de los art\u00edculos \u2192<\/a><br \/>\n<a href=\"http:\/\/www.uartes.edu.ec\/sitio\/fueradecampo\/wp-content\/uploads\/sites\/36\/2020\/07\/FDC13-A02.pdf\">Manual de estilo de la revista Fuera de Campo \u2192<\/a><br \/>\n<a href=\"http:\/\/www.uartes.edu.ec\/sitio\/fueradecampo\/wp-content\/uploads\/sites\/36\/2020\/07\/FDC13-A03.pdf\" target=\"_blank\" rel=\"noopener\">Instrucciones para los autores \u2192<\/a><br \/>\n<a href=\"http:\/\/www.uartes.edu.ec\/sitio\/fueradecampo\/wp-content\/uploads\/sites\/36\/2020\/07\/FDC13-A04.pdf\" target=\"_blank\" rel=\"noopener\">Declaraci\u00f3n de \u00c9tica y Mala Praxis \u2192<\/a><\/td>\n<\/tr>\n<\/tbody>\n<tbody>\n<tr>\n<td colspan=\"2\">Fuera de Campo. Revista de Cine<br \/>\nUniversidad de las Artes<br \/>\nMalec\u00f3n Sim\u00f3n Bol\u00edvar y Francisco Aguirre<br \/>\nGuayaquil, Ecuador (090313)<br \/>\nTel\u00e9fono (+593) 4 259 0700 ext. 2900<br \/>\n<a href=\"mailto:revistadecine@uartes.edu.ec\">revistadecine@uartes.edu.ec<\/a><br \/>\n<a href=\"http:\/\/www.uartes.edu.ec\/fueradecampo\">www.uartes.edu.ec\/fueradecampo<\/a><\/td>\n<\/tr>\n<\/tbody>\n<\/table>\n<p><strong class=\"alignnone\">\u00a0<\/strong><\/p>\n","protected":false},"excerpt":{"rendered":"<p>Fuera de Campo.\u00a0Revista de Cine Universidad de las Artes Volumen IV, N\u00famero 2. Mayo, 2020 ISSN: 2661-6602 Fuera de Campo\u00a0es una revista acad\u00e9mica dedicada a los investigadores en el \u00e1rea de cine y pensada para el p\u00fablico especializado que desee <a class=\"more-link\" href=\"https:\/\/www.uartes.edu.ec\/sitio\/fueradecampo\/2020\/05\/02\/volumen-iv-numero-2-enero-2020\/\">Seguir leyendo <span class=\"screen-reader-text\">  Volumen IV, N\u00famero 2. Mayo, 2020<\/span><span class=\"meta-nav\">&rarr;<\/span><\/a><\/p>\n","protected":false},"author":1,"featured_media":0,"comment_status":"closed","ping_status":"closed","sticky":false,"template":"","format":"standard","meta":{"_uag_custom_page_level_css":"","_monsterinsights_skip_tracking":false,"_monsterinsights_sitenote_active":false,"_monsterinsights_sitenote_note":"","_monsterinsights_sitenote_category":0,"cybocfi_hide_featured_image":"","footnotes":""},"categories":[6],"tags":[],"class_list":["post-495","post","type-post","status-publish","format-standard","hentry","category-fuera-de-campo-revista-de-cine"],"uagb_featured_image_src":{"full":false,"thumbnail":false,"medium":false,"medium_large":false,"large":false,"1536x1536":false,"2048x2048":false,"featured-slider-larger":false,"featured-slider":false,"sow-carousel-default":false},"uagb_author_info":{"display_name":"Universidad de las Artes","author_link":"https:\/\/www.uartes.edu.ec\/sitio\/fueradecampo\/author\/dircomadm\/"},"uagb_comment_info":0,"uagb_excerpt":"Fuera de Campo.\u00a0Revista de Cine Universidad de las Artes Volumen IV, N\u00famero 2. Mayo, 2020 ISSN: 2661-6602 Fuera de Campo\u00a0es una revista acad\u00e9mica dedicada a los investigadores en el \u00e1rea de cine y pensada para el p\u00fablico especializado que desee Seguir leyendo Volumen IV, N\u00famero 2. Mayo, 2020&rarr;","distributor_meta":false,"distributor_terms":false,"distributor_media":false,"distributor_original_site_name":"Fuera de campo","distributor_original_site_url":"https:\/\/www.uartes.edu.ec\/sitio\/fueradecampo","push-errors":false,"_links":{"self":[{"href":"https:\/\/www.uartes.edu.ec\/sitio\/fueradecampo\/wp-json\/wp\/v2\/posts\/495","targetHints":{"allow":["GET"]}}],"collection":[{"href":"https:\/\/www.uartes.edu.ec\/sitio\/fueradecampo\/wp-json\/wp\/v2\/posts"}],"about":[{"href":"https:\/\/www.uartes.edu.ec\/sitio\/fueradecampo\/wp-json\/wp\/v2\/types\/post"}],"author":[{"embeddable":true,"href":"https:\/\/www.uartes.edu.ec\/sitio\/fueradecampo\/wp-json\/wp\/v2\/users\/1"}],"replies":[{"embeddable":true,"href":"https:\/\/www.uartes.edu.ec\/sitio\/fueradecampo\/wp-json\/wp\/v2\/comments?post=495"}],"version-history":[{"count":0,"href":"https:\/\/www.uartes.edu.ec\/sitio\/fueradecampo\/wp-json\/wp\/v2\/posts\/495\/revisions"}],"wp:attachment":[{"href":"https:\/\/www.uartes.edu.ec\/sitio\/fueradecampo\/wp-json\/wp\/v2\/media?parent=495"}],"wp:term":[{"taxonomy":"category","embeddable":true,"href":"https:\/\/www.uartes.edu.ec\/sitio\/fueradecampo\/wp-json\/wp\/v2\/categories?post=495"},{"taxonomy":"post_tag","embeddable":true,"href":"https:\/\/www.uartes.edu.ec\/sitio\/fueradecampo\/wp-json\/wp\/v2\/tags?post=495"}],"curies":[{"name":"wp","href":"https:\/\/api.w.org\/{rel}","templated":true}]}}