{"id":567,"date":"2020-09-01T12:51:00","date_gmt":"2020-09-01T17:51:00","guid":{"rendered":"http:\/\/www.uartes.edu.ec\/fueradecampo\/?p=567"},"modified":"2020-09-01T12:51:00","modified_gmt":"2020-09-01T17:51:00","slug":"volumen-iv-numero-3-septiembre-2020","status":"publish","type":"post","link":"https:\/\/www.uartes.edu.ec\/sitio\/fueradecampo\/2020\/09\/01\/volumen-iv-numero-3-septiembre-2020\/","title":{"rendered":"Volumen IV, N\u00famero 3. Septiembre, 2020"},"content":{"rendered":"<p><strong class=\"alignnone\"><img fetchpriority=\"high\" decoding=\"async\" class=\"alignleft wp-image-554 size-medium\" src=\"http:\/\/www.uartes.edu.ec\/sitio\/fueradecampo\/wp-content\/uploads\/sites\/36\/2021\/02\/FDC-V4-N3-SEP-2020-1-211x300.jpg\" alt=\"\" width=\"211\" height=\"300\" srcset=\"https:\/\/www.uartes.edu.ec\/sitio\/fueradecampo\/wp-content\/uploads\/sites\/36\/2021\/02\/FDC-V4-N3-SEP-2020-1-211x300.jpg 211w, https:\/\/www.uartes.edu.ec\/sitio\/fueradecampo\/wp-content\/uploads\/sites\/36\/2021\/02\/FDC-V4-N3-SEP-2020-1-720x1024.jpg 720w, https:\/\/www.uartes.edu.ec\/sitio\/fueradecampo\/wp-content\/uploads\/sites\/36\/2021\/02\/FDC-V4-N3-SEP-2020-1-768x1092.jpg 768w, https:\/\/www.uartes.edu.ec\/sitio\/fueradecampo\/wp-content\/uploads\/sites\/36\/2021\/02\/FDC-V4-N3-SEP-2020-1-1081x1536.jpg 1081w, https:\/\/www.uartes.edu.ec\/sitio\/fueradecampo\/wp-content\/uploads\/sites\/36\/2021\/02\/FDC-V4-N3-SEP-2020-1-1441x2048.jpg 1441w, https:\/\/www.uartes.edu.ec\/sitio\/fueradecampo\/wp-content\/uploads\/sites\/36\/2021\/02\/FDC-V4-N3-SEP-2020-1.jpg 1759w\" sizes=\"(max-width: 211px) 100vw, 211px\" \/>Fuera de Campo.\u00a0<\/strong>Revista de Cine<br \/>Universidad de las Artes<br \/>Volumen IV, N\u00famero 3. Septiembre, 2020<br \/>ISSN: 2661-6602<\/p>\n<p><strong><em>Fuera de Campo<\/em><\/strong>\u00a0es una revista acad\u00e9mica dedicada a los investigadores en el \u00e1rea de cine y pensada para el p\u00fablico especializado que desee aproximarse al cine latinoamericano o a las visiones latinoamericanas sobre el cine. Es una publicaci\u00f3n cuatrimestral arbitrada editada por la Universidad de las Artes en la ciudad de Guayaquil (Ecuador). Todos los textos incluidos en la secci\u00f3n Art\u00edculos han sido sometidos al arbitraje ciego de dos expertos ajenos a la Universidad de las Artes.<\/p>\n<table border=\"1\" width=\"600\" cellspacing=\"0\" cellpadding=\"0\">\n<tbody>\n<tr>\n<td width=\"230\"><a href=\"http:\/\/www.uartes.edu.ec\/sitio\/fueradecampo\/wp-content\/uploads\/sites\/36\/2021\/02\/FDC14-FueradeCampo.pdf\" target=\"_blank\" rel=\"noopener noreferrer\">DESCARGAR EL PDF COMPLETO DE LA VERSI\u00d3N IMPRESA DE LA REVISTA \u2192<\/a><\/td>\n<td valign=\"top\"><strong>\u00cdNDICE<\/strong>\n<p>\u00a0<\/p>\n<p>ART\u00cdCULOS<\/p>\n<p class=\"p1\"><a href=\"http:\/\/www.uartes.edu.ec\/sitio\/fueradecampo\/wp-content\/uploads\/sites\/36\/2021\/02\/FDC14-ART01.pdf\"><span class=\"s1\"><em>La morada como revelaci\u00f3n en Nostalgia de Andr\u00e9i Tarkovski<\/em><\/span> \u2192<\/a><br \/>Lucia Bencomo<br \/><a href=\"http:\/\/www.uartes.edu.ec\/sitio\/fueradecampo\/wp-content\/uploads\/sites\/36\/2021\/02\/FDC14-ART02.pdf\"><em>El \u2018ser para la muerte\u2019 heideggeriano en la obra de Ingmar Bergman: La presencia \u2018real\u2019 y \u2018abstracta\u2019 de la muerte en El s\u00e9ptimo sello (1957) y Gritos y susurros (1972). Parte I<\/em> \u2192<\/a><br \/>Henry Ben\u00edtez<br \/><a href=\"http:\/\/www.uartes.edu.ec\/sitio\/fueradecampo\/wp-content\/uploads\/sites\/36\/2021\/02\/FDC14-ART03.pdf\"><em>\u00bfActitud est\u00e9tica en el an\u00e1lisis f\u00edlmico? La perspectiva del iceberg en Post Tenebras Lux (2012<\/em>) \u2192<\/a><br \/>Geovanny Narv\u00e1ez <br \/><a href=\"http:\/\/www.uartes.edu.ec\/sitio\/fueradecampo\/wp-content\/uploads\/sites\/36\/2021\/02\/FDC14-ART04.pdf\"><em>Teor\u00eda narratol\u00f3gica aplicada al an\u00e1lisis cinematogr\u00e1fico<\/em> \u2192<\/a><br \/>Erasmo Ram\u00edrez<\/p>\n<p>MISCEL\u00c1NEA<\/p>\n<p><a href=\"http:\/\/www.uartes.edu.ec\/sitio\/fueradecampo\/wp-content\/uploads\/sites\/36\/2021\/02\/FDC14-MISC01.pdf\"><em>La evoluci\u00f3n de las implicaciones pol\u00edticas de la industria cinematogr\u00e1fica estadounidense. Rese\u00f1a del documental: Hollywood et la politique (La Plaine Saint Denis: AB Productions, 2018)<\/em> \u2192<\/a><br \/>Jos\u00e9 Antonio Abreu Colombri<br \/><a href=\"http:\/\/www.uartes.edu.ec\/sitio\/fueradecampo\/wp-content\/uploads\/sites\/36\/2021\/02\/FDC14-MISC02.pdf\"><em>\u201cCreo que el cine est\u00e1 teniendo sus a\u00f1os m\u00e1s exitosos\u201d Entrevista a Pedro Orellana<\/em> \u2192<\/a><br \/>Joyner Salazar<\/p>\n<p><a href=\"http:\/\/www.uartes.edu.ec\/sitio\/fueradecampo\/wp-content\/uploads\/sites\/36\/2021\/02\/FDC14-A01.pdf\">Datos de los autores de los art\u00edculos \u2192<\/a><br \/><a href=\"http:\/\/www.uartes.edu.ec\/sitio\/fueradecampo\/wp-content\/uploads\/sites\/36\/2021\/02\/FDC14-A02.pdf\">Manual de estilo de la revista Fuera de Campo \u2192<\/a><br \/><a href=\"http:\/\/www.uartes.edu.ec\/sitio\/fueradecampo\/wp-content\/uploads\/sites\/36\/2021\/02\/FDC14-A03.pdf\">Instrucciones para los autores \u2192<\/a><br \/><a href=\"http:\/\/www.uartes.edu.ec\/sitio\/fueradecampo\/wp-content\/uploads\/sites\/36\/2021\/02\/FDC14-A04.pdf\">Declaraci\u00f3n de \u00c9tica y Mala Praxis \u2192<\/a><\/p>\n<\/td>\n<\/tr>\n<\/tbody>\n<tbody>\n<tr>\n<td colspan=\"2\">Fuera de Campo. Revista de Cine<br \/>Universidad de las Artes<br \/>Malec\u00f3n Sim\u00f3n Bol\u00edvar y Francisco Aguirre<br \/>Guayaquil, Ecuador (090313)<br \/>Tel\u00e9fono (+593) 4 259 0700 ext. 2900<br \/>revistadecine@uartes.edu.ec<br \/>www.uartes.edu.ec\/fueradecampo<\/td>\n<\/tr>\n<\/tbody>\n<\/table>\n<p><strong class=\"alignnone\">\u00a0<\/strong><\/p>\n\n\n<p><\/p>\n","protected":false},"excerpt":{"rendered":"<p>Fuera de Campo.\u00a0Revista de CineUniversidad de las ArtesVolumen IV, N\u00famero 3. Septiembre, 2020ISSN: 2661-6602 Fuera de Campo\u00a0es una revista acad\u00e9mica dedicada a los investigadores en el \u00e1rea de cine y pensada para el p\u00fablico especializado que desee aproximarse al cine <a class=\"more-link\" href=\"https:\/\/www.uartes.edu.ec\/sitio\/fueradecampo\/2020\/09\/01\/volumen-iv-numero-3-septiembre-2020\/\">Seguir leyendo <span class=\"screen-reader-text\">  Volumen IV, N\u00famero 3. Septiembre, 2020<\/span><span class=\"meta-nav\">&rarr;<\/span><\/a><\/p>\n","protected":false},"author":1,"featured_media":0,"comment_status":"closed","ping_status":"closed","sticky":false,"template":"","format":"standard","meta":{"_uag_custom_page_level_css":"","_monsterinsights_skip_tracking":false,"_monsterinsights_sitenote_active":false,"_monsterinsights_sitenote_note":"","_monsterinsights_sitenote_category":0,"cybocfi_hide_featured_image":"","footnotes":""},"categories":[6],"tags":[],"class_list":["post-567","post","type-post","status-publish","format-standard","hentry","category-fuera-de-campo-revista-de-cine"],"uagb_featured_image_src":{"full":false,"thumbnail":false,"medium":false,"medium_large":false,"large":false,"1536x1536":false,"2048x2048":false,"featured-slider-larger":false,"featured-slider":false,"sow-carousel-default":false},"uagb_author_info":{"display_name":"Universidad de las Artes","author_link":"https:\/\/www.uartes.edu.ec\/sitio\/fueradecampo\/author\/dircomadm\/"},"uagb_comment_info":0,"uagb_excerpt":"Fuera de Campo.\u00a0Revista de CineUniversidad de las ArtesVolumen IV, N\u00famero 3. Septiembre, 2020ISSN: 2661-6602 Fuera de Campo\u00a0es una revista acad\u00e9mica dedicada a los investigadores en el \u00e1rea de cine y pensada para el p\u00fablico especializado que desee aproximarse al cine Seguir leyendo Volumen IV, N\u00famero 3. Septiembre, 2020&rarr;","distributor_meta":false,"distributor_terms":false,"distributor_media":false,"distributor_original_site_name":"Fuera de campo","distributor_original_site_url":"https:\/\/www.uartes.edu.ec\/sitio\/fueradecampo","push-errors":false,"_links":{"self":[{"href":"https:\/\/www.uartes.edu.ec\/sitio\/fueradecampo\/wp-json\/wp\/v2\/posts\/567","targetHints":{"allow":["GET"]}}],"collection":[{"href":"https:\/\/www.uartes.edu.ec\/sitio\/fueradecampo\/wp-json\/wp\/v2\/posts"}],"about":[{"href":"https:\/\/www.uartes.edu.ec\/sitio\/fueradecampo\/wp-json\/wp\/v2\/types\/post"}],"author":[{"embeddable":true,"href":"https:\/\/www.uartes.edu.ec\/sitio\/fueradecampo\/wp-json\/wp\/v2\/users\/1"}],"replies":[{"embeddable":true,"href":"https:\/\/www.uartes.edu.ec\/sitio\/fueradecampo\/wp-json\/wp\/v2\/comments?post=567"}],"version-history":[{"count":0,"href":"https:\/\/www.uartes.edu.ec\/sitio\/fueradecampo\/wp-json\/wp\/v2\/posts\/567\/revisions"}],"wp:attachment":[{"href":"https:\/\/www.uartes.edu.ec\/sitio\/fueradecampo\/wp-json\/wp\/v2\/media?parent=567"}],"wp:term":[{"taxonomy":"category","embeddable":true,"href":"https:\/\/www.uartes.edu.ec\/sitio\/fueradecampo\/wp-json\/wp\/v2\/categories?post=567"},{"taxonomy":"post_tag","embeddable":true,"href":"https:\/\/www.uartes.edu.ec\/sitio\/fueradecampo\/wp-json\/wp\/v2\/tags?post=567"}],"curies":[{"name":"wp","href":"https:\/\/api.w.org\/{rel}","templated":true}]}}