{"id":599,"date":"2021-01-05T12:38:00","date_gmt":"2021-01-05T17:38:00","guid":{"rendered":"http:\/\/www.uartes.edu.ec\/fueradecampo\/?p=599"},"modified":"2021-01-05T12:38:00","modified_gmt":"2021-01-05T17:38:00","slug":"volumen-v-numero-1-ener-2021","status":"publish","type":"post","link":"https:\/\/www.uartes.edu.ec\/sitio\/fueradecampo\/2021\/01\/05\/volumen-v-numero-1-ener-2021\/","title":{"rendered":"Volumen V, N\u00famero 1. Enero, 2021"},"content":{"rendered":"\n<div class=\"wp-block-image is-style-default\"><figure class=\"alignleft\"><img fetchpriority=\"high\" decoding=\"async\" width=\"212\" height=\"300\" src=\"http:\/\/www.uartes.edu.ec\/sitio\/fueradecampo\/wp-content\/uploads\/sites\/36\/2021\/03\/Fuera-de-Campo-Vol5-N1-212x300.jpg\" alt=\"\" class=\"wp-image-597\" srcset=\"https:\/\/www.uartes.edu.ec\/sitio\/fueradecampo\/wp-content\/uploads\/sites\/36\/2021\/03\/Fuera-de-Campo-Vol5-N1-212x300.jpg 212w, https:\/\/www.uartes.edu.ec\/sitio\/fueradecampo\/wp-content\/uploads\/sites\/36\/2021\/03\/Fuera-de-Campo-Vol5-N1-724x1024.jpg 724w, https:\/\/www.uartes.edu.ec\/sitio\/fueradecampo\/wp-content\/uploads\/sites\/36\/2021\/03\/Fuera-de-Campo-Vol5-N1-768x1086.jpg 768w, https:\/\/www.uartes.edu.ec\/sitio\/fueradecampo\/wp-content\/uploads\/sites\/36\/2021\/03\/Fuera-de-Campo-Vol5-N1-1086x1536.jpg 1086w, https:\/\/www.uartes.edu.ec\/sitio\/fueradecampo\/wp-content\/uploads\/sites\/36\/2021\/03\/Fuera-de-Campo-Vol5-N1-1449x2048.jpg 1449w, https:\/\/www.uartes.edu.ec\/sitio\/fueradecampo\/wp-content\/uploads\/sites\/36\/2021\/03\/Fuera-de-Campo-Vol5-N1.jpg 1759w\" sizes=\"(max-width: 212px) 100vw, 212px\" \/><\/figure><\/div>\n\n\n\n<p><strong class=\"alignnone\">Fuera de Campo.&nbsp;<\/strong>Revista de Cine<br>Universidad de las Artes<br>Volumen V, N\u00famero 1. Enero, 2021<br>ISSN: 2661-6602<\/p>\n\n\n\n<p><strong><em>Fuera de Campo<\/em><\/strong>&nbsp;es una revista acad\u00e9mica dedicada a los investigadores en el \u00e1rea de cine y pensada para el p\u00fablico especializado que desee aproximarse al cine latinoamericano o a las visiones latinoamericanas sobre el cine. Es una publicaci\u00f3n cuatrimestral arbitrada editada por la Universidad de las Artes en la ciudad de Guayaquil (Ecuador). Todos los textos incluidos en la secci\u00f3n Art\u00edculos han sido sometidos al arbitraje ciego de dos expertos ajenos a la Universidad de las Artes.<\/p>\n\n\n\n<figure class=\"wp-block-table is-style-regular\"><table><tbody><tr><td><a href=\"http:\/\/www.uartes.edu.ec\/sitio\/fueradecampo\/wp-content\/uploads\/sites\/36\/2021\/03\/Fuera-de-Campo-Vol.-5-N\u00b0-1_YES.pdf\" target=\"_blank\" rel=\"noopener noreferrer\">DESCARGAR EL PDF COMPLETO DE LA VERSI\u00d3N IMPRESA DE LA REVISTA \u2192<\/a><\/td><td><strong>\u00cdNDICE<\/strong>\n<p>&nbsp;<\/p>\n<p>ART\u00cdCULOS<\/p>\n<p class=\"p1\"><a href=\"http:\/\/www.uartes.edu.ec\/sitio\/fueradecampo\/wp-content\/uploads\/sites\/36\/2021\/03\/FDC15-ART01.pdf\"><em>El \u2018ser para la muerte\u2019 heideggeriano en la obra de Ingmar Bergman: La presencia \u2018real\u2019 y \u2018abstracta\u2019 de la muerte en El s\u00e9ptimo sello (1957) y Gritos y susurros (1972). Parte II \u2192<\/em><\/a><br>Henry Ben\u00edtez<br><a href=\"http:\/\/www.uartes.edu.ec\/sitio\/fueradecampo\/wp-content\/uploads\/sites\/36\/2021\/03\/FDC15-ART02.pdf\"><em>An\u00e1lisis de la relaci\u00f3n del cine familiar con las tendencias de taquilla \u2192<\/em><\/a><br>Mar\u00eda Emilia Garc\u00eda y Ana Mar\u00eda Aguirre<br><a href=\"http:\/\/www.uartes.edu.ec\/sitio\/fueradecampo\/wp-content\/uploads\/sites\/36\/2021\/03\/FDC15-ART03.pdf\"><em>Las funciones musivisuales de Una historia feliz \u2192<\/em><\/a><br>Rafael Guzm\u00e1n<br><a href=\"http:\/\/www.uartes.edu.ec\/sitio\/fueradecampo\/wp-content\/uploads\/sites\/36\/2021\/03\/FDC15-ART04.pdf\"><em>Santiago \u00c1lvarez: la propaganda y las apor\u00edas de la po\u00e9tica-pol\u00edtica \u2192<\/em><\/a><br>Galo Alfredo Torres<\/p>\n<p>MISCEL\u00c1NEA<\/p>\n<p><a href=\"http:\/\/www.uartes.edu.ec\/sitio\/fueradecampo\/wp-content\/uploads\/sites\/36\/2021\/03\/FDC15-MISC01.pdf\"><em>Pelo malo y sus conexiones con el realismo. Entrevista a Mariana Rond\u00f3n \u2192<\/em><\/a><br>Harry Bracho<br><a href=\"http:\/\/www.uartes.edu.ec\/sitio\/fueradecampo\/wp-content\/uploads\/sites\/36\/2021\/03\/FDC15-MISC02.pdf\"><em>Rese\u00f1a de la serie de Netflix High Score \u2192<\/em><\/a><br>Daniel Sosa<\/p>\n<p><a href=\"http:\/\/www.uartes.edu.ec\/sitio\/fueradecampo\/wp-content\/uploads\/sites\/36\/2021\/03\/FDC15-A01.pdf\">Datos de los autores de los art\u00edculos \u2192<\/a><br><a href=\"http:\/\/www.uartes.edu.ec\/sitio\/fueradecampo\/wp-content\/uploads\/sites\/36\/2021\/03\/FDC15-A02.pdf\">Manual de estilo de la revista Fuera de Campo \u2192<\/a><br><a href=\"http:\/\/www.uartes.edu.ec\/sitio\/fueradecampo\/wp-content\/uploads\/sites\/36\/2021\/03\/FDC15-A03.pdf\">Instrucciones para los autores \u2192<\/a><br><a href=\"http:\/\/www.uartes.edu.ec\/sitio\/fueradecampo\/wp-content\/uploads\/sites\/36\/2021\/03\/FDC15-A04.pdf\">Declaraci\u00f3n de \u00c9tica y Mala Praxis \u2192<\/a><\/p>\n<\/td><\/tr><tr><td>Fuera de Campo. Revista de Cine<br>Universidad de las Artes<br>Malec\u00f3n Sim\u00f3n Bol\u00edvar y Francisco Aguirre<br>Guayaquil, Ecuador (090313)<br>Tel\u00e9fono (+593) 4 259 0700 ext. 2900<br>revistadecine@uartes.edu.ec<br>www.uartes.edu.ec\/fueradecampo<\/td><\/tr><\/tbody><\/table><\/figure>\n\n\n\n<p><strong class=\"alignnone\">&nbsp;<\/strong><\/p>\n\n\n\n<p><\/p>\n","protected":false},"excerpt":{"rendered":"<p>Fuera de Campo.&nbsp;Revista de CineUniversidad de las ArtesVolumen V, N\u00famero 1. Enero, 2021ISSN: 2661-6602 Fuera de Campo&nbsp;es una revista acad\u00e9mica dedicada a los investigadores en el \u00e1rea de cine y pensada para el p\u00fablico especializado que desee aproximarse al cine <a class=\"more-link\" href=\"https:\/\/www.uartes.edu.ec\/sitio\/fueradecampo\/2021\/01\/05\/volumen-v-numero-1-ener-2021\/\">Seguir leyendo <span class=\"screen-reader-text\">  Volumen V, N\u00famero 1. Enero, 2021<\/span><span class=\"meta-nav\">&rarr;<\/span><\/a><\/p>\n","protected":false},"author":1,"featured_media":0,"comment_status":"closed","ping_status":"closed","sticky":false,"template":"","format":"standard","meta":{"_uag_custom_page_level_css":"","_monsterinsights_skip_tracking":false,"_monsterinsights_sitenote_active":false,"_monsterinsights_sitenote_note":"","_monsterinsights_sitenote_category":0,"cybocfi_hide_featured_image":"","footnotes":""},"categories":[6],"tags":[],"class_list":["post-599","post","type-post","status-publish","format-standard","hentry","category-fuera-de-campo-revista-de-cine"],"uagb_featured_image_src":{"full":false,"thumbnail":false,"medium":false,"medium_large":false,"large":false,"1536x1536":false,"2048x2048":false,"featured-slider-larger":false,"featured-slider":false,"sow-carousel-default":false},"uagb_author_info":{"display_name":"Universidad de las Artes","author_link":"https:\/\/www.uartes.edu.ec\/sitio\/fueradecampo\/author\/dircomadm\/"},"uagb_comment_info":0,"uagb_excerpt":"Fuera de Campo.&nbsp;Revista de CineUniversidad de las ArtesVolumen V, N\u00famero 1. Enero, 2021ISSN: 2661-6602 Fuera de Campo&nbsp;es una revista acad\u00e9mica dedicada a los investigadores en el \u00e1rea de cine y pensada para el p\u00fablico especializado que desee aproximarse al cine Seguir leyendo Volumen V, N\u00famero 1. Enero, 2021&rarr;","distributor_meta":false,"distributor_terms":false,"distributor_media":false,"distributor_original_site_name":"Fuera de campo","distributor_original_site_url":"https:\/\/www.uartes.edu.ec\/sitio\/fueradecampo","push-errors":false,"_links":{"self":[{"href":"https:\/\/www.uartes.edu.ec\/sitio\/fueradecampo\/wp-json\/wp\/v2\/posts\/599","targetHints":{"allow":["GET"]}}],"collection":[{"href":"https:\/\/www.uartes.edu.ec\/sitio\/fueradecampo\/wp-json\/wp\/v2\/posts"}],"about":[{"href":"https:\/\/www.uartes.edu.ec\/sitio\/fueradecampo\/wp-json\/wp\/v2\/types\/post"}],"author":[{"embeddable":true,"href":"https:\/\/www.uartes.edu.ec\/sitio\/fueradecampo\/wp-json\/wp\/v2\/users\/1"}],"replies":[{"embeddable":true,"href":"https:\/\/www.uartes.edu.ec\/sitio\/fueradecampo\/wp-json\/wp\/v2\/comments?post=599"}],"version-history":[{"count":0,"href":"https:\/\/www.uartes.edu.ec\/sitio\/fueradecampo\/wp-json\/wp\/v2\/posts\/599\/revisions"}],"wp:attachment":[{"href":"https:\/\/www.uartes.edu.ec\/sitio\/fueradecampo\/wp-json\/wp\/v2\/media?parent=599"}],"wp:term":[{"taxonomy":"category","embeddable":true,"href":"https:\/\/www.uartes.edu.ec\/sitio\/fueradecampo\/wp-json\/wp\/v2\/categories?post=599"},{"taxonomy":"post_tag","embeddable":true,"href":"https:\/\/www.uartes.edu.ec\/sitio\/fueradecampo\/wp-json\/wp\/v2\/tags?post=599"}],"curies":[{"name":"wp","href":"https:\/\/api.w.org\/{rel}","templated":true}]}}