{"id":643,"date":"2021-09-01T12:06:00","date_gmt":"2021-09-01T17:06:00","guid":{"rendered":"http:\/\/www.uartes.edu.ec\/fueradecampo\/?p=643"},"modified":"2021-09-01T12:06:00","modified_gmt":"2021-09-01T17:06:00","slug":"volumen-v-numero-2-mayo-2021-2","status":"publish","type":"post","link":"https:\/\/www.uartes.edu.ec\/sitio\/fueradecampo\/2021\/09\/01\/volumen-v-numero-2-mayo-2021-2\/","title":{"rendered":"Volumen 5, N\u00famero 3. Septiembre, 2021"},"content":{"rendered":"\n<div class=\"wp-block-image is-style-default\"><figure class=\"alignleft size-medium\"><img fetchpriority=\"high\" decoding=\"async\" width=\"212\" height=\"300\" src=\"http:\/\/www.uartes.edu.ec\/sitio\/fueradecampo\/wp-content\/uploads\/sites\/36\/2022\/02\/Fuera-de-Campo-V5N3-212x300.jpg\" alt=\"\" class=\"wp-image-646\" srcset=\"https:\/\/www.uartes.edu.ec\/sitio\/fueradecampo\/wp-content\/uploads\/sites\/36\/2022\/02\/Fuera-de-Campo-V5N3-212x300.jpg 212w, https:\/\/www.uartes.edu.ec\/sitio\/fueradecampo\/wp-content\/uploads\/sites\/36\/2022\/02\/Fuera-de-Campo-V5N3-722x1024.jpg 722w, https:\/\/www.uartes.edu.ec\/sitio\/fueradecampo\/wp-content\/uploads\/sites\/36\/2022\/02\/Fuera-de-Campo-V5N3-768x1089.jpg 768w, https:\/\/www.uartes.edu.ec\/sitio\/fueradecampo\/wp-content\/uploads\/sites\/36\/2022\/02\/Fuera-de-Campo-V5N3-1083x1536.jpg 1083w, https:\/\/www.uartes.edu.ec\/sitio\/fueradecampo\/wp-content\/uploads\/sites\/36\/2022\/02\/Fuera-de-Campo-V5N3.jpg 1410w\" sizes=\"(max-width: 212px) 100vw, 212px\" \/><\/figure><\/div>\n\n\n\n<p><strong class=\"alignnone\">Fuera de Campo.&nbsp;<\/strong>Revista de Cine<br>Universidad de las Artes<br>Volumen V, N\u00famero 3. Septiembre, 2021<br>ISSN: 2661-6602<\/p>\n\n\n\n<p><strong><em>Fuera de Campo<\/em><\/strong>&nbsp;es una revista acad\u00e9mica dedicada a los investigadores en el \u00e1rea de cine y pensada para el p\u00fablico especializado que desee aproximarse al cine latinoamericano o a las visiones latinoamericanas sobre el cine. Es una publicaci\u00f3n cuatrimestral arbitrada editada por la Universidad de las Artes en la ciudad de Guayaquil (Ecuador). Todos los textos incluidos en la secci\u00f3n Art\u00edculos han sido sometidos al arbitraje ciego de dos expertos ajenos a la Universidad de las Artes.<\/p>\n\n\n\n<div style=\"height:50px\" aria-hidden=\"true\" class=\"wp-block-spacer\"><\/div>\n\n\n\n<figure class=\"wp-block-table is-style-regular\"><table><tbody><tr><td><a href=\"http:\/\/www.uartes.edu.ec\/sitio\/download\/fuera-de-campo-v5n3-pdf\/?wpdmdl=19409&amp;masterkey\" target=\"_blank\" rel=\"noreferrer noopener\">DESCARGAR EL PDF COMPLETO DE LA VERSI\u00d3N IMPRESA DE LA REVISTA \u2192<\/a><\/td><td><strong>\u00cdNDICE<\/strong> <p>&nbsp;<\/p><strong><a href=\"http:\/\/www.uartes.edu.ec\/sitio\/download\/11-16-pdf\/?wpdmdl=19416&amp;masterkey\">Pr\u00f3logo<\/a><\/strong><br>Pietsie Feenstra y Carlos Belmonte Grey<br>&nbsp;<br>ART\u00cdCULOS<br>&nbsp;<br>Dossier: Una y mil lloronas en el cine latinoamericano<br>&nbsp;<br><strong><a href=\"http:\/\/www.uartes.edu.ec\/sitio\/download\/16-43-pdf\/?wpdmdl=19413&amp;masterkey\">La Llorona en el cine de terror. Breve aproximaci\u00f3n<\/a><br><\/strong>Mercedes I\u00e1\u00f1ez Ortega<br>&nbsp;<br><strong><a href=\"http:\/\/www.uartes.edu.ec\/sitio\/download\/44-69-pdf\/?wpdmdl=19412&amp;masterkey\">Historia y condiciones de un tr\u00e1nsito gen\u00e9rico: de lo fant\u00e1stico al realismo m\u00e1gico en <em>La Llorona <\/em>(2019) de Jayro Bustamante<\/a><br><\/strong>Carlos Conde<br>&nbsp;<br><strong><a href=\"http:\/\/www.uartes.edu.ec\/sitio\/download\/70-89-pdf\/?wpdmdl=19411&amp;masterkey\">Realidades frente al espejo. Algunas analog\u00edas entre <em>La Llorona<\/em> de Bustamante y el g\u00e9nero J-Horror<\/a><\/strong><br>Antonio M\u00edguez Santa Cruz<br>&nbsp;<br><strong><a href=\"http:\/\/www.uartes.edu.ec\/sitio\/download\/90-103-pdf\/?wpdmdl=19410&amp;masterkey\">La figura espectral en <em>La Llorona <\/em>de Jayro Bustamante (2019)<\/a><\/strong><br>Isabelle Pouzet<br>&nbsp;<br><a href=\"http:\/\/www.uartes.edu.ec\/sitio\/download\/104-131-pdf\/?wpdmdl=19417&amp;masterkey\"><strong><em>La Llorona <\/em>(J. Bustamante, 2019) frente al espejo. Un estudio de la est\u00e9tica del campo f\u00edlmico entre la perspectiva pict\u00f3rica y la composici\u00f3n del plano<\/strong><br><\/a>Jordi Macarro<br>&nbsp;<br>MISCEL\u00c1NEA<br>&nbsp;<br><strong><a href=\"http:\/\/www.uartes.edu.ec\/sitio\/download\/132-138-pdf\/?wpdmdl=19415&amp;masterkey\"><em>Antes del diluvio <\/em>(Jean-Jacques Martinod, 2020): Una reflexi\u00f3n sobre el tiempo<\/a><br><\/strong>Luis Medina<br><a href=\"http:\/\/www.uartes.edu.ec\/sitio\/download\/139-147-pdf\/?wpdmdl=19414&amp;masterkey\"><br><strong>\u201cLos mismos personajes, al escribirlos, me dec\u00edan: eso no har\u00edamos\u201d &#8211; Entrevista a Sebasti\u00e1n Cordero<\/strong><\/a><br>Daniela Gonz\u00e1lez<br><br><br><br><br><p><a href=\"http:\/\/www.uartes.edu.ec\/sitio\/fueradecampo\/wp-content\/uploads\/sites\/36\/2021\/07\/FDC16-A01.pdf\">Datos de los autores de los art\u00edculos \u2192<\/a><br><a href=\"http:\/\/www.uartes.edu.ec\/sitio\/fueradecampo\/wp-content\/uploads\/sites\/36\/2021\/07\/FDC16-A02.pdf\">Manual de estilo de la revista Fuera de Campo \u2192<\/a><br><a href=\"http:\/\/www.uartes.edu.ec\/sitio\/fueradecampo\/wp-content\/uploads\/sites\/36\/2021\/07\/FDC16-A03.pdf\">Instrucciones para los autores \u2192<\/a><br><a href=\"http:\/\/www.uartes.edu.ec\/sitio\/fueradecampo\/wp-content\/uploads\/sites\/36\/2021\/07\/FDC16-A04.pdf\">Declaraci\u00f3n de \u00c9tica y Mala Praxis \u2192<\/a><\/p> <\/td><\/tr><tr><td>Fuera de Campo. Revista de Cine<br>Universidad de las Artes<br>Malec\u00f3n Sim\u00f3n Bol\u00edvar y Francisco Aguirre<br>Guayaquil, Ecuador (090313)<br>Tel\u00e9fono (+593) 4 259 0700 ext. 2900<br>revistadecine@uartes.edu.ec<br>www.uartes.edu.ec\/fueradecampo<\/td><\/tr><\/tbody><\/table><\/figure>\n","protected":false},"excerpt":{"rendered":"<p>Fuera de Campo.&nbsp;Revista de CineUniversidad de las ArtesVolumen V, N\u00famero 3. Septiembre, 2021ISSN: 2661-6602 Fuera de Campo&nbsp;es una revista acad\u00e9mica dedicada a los investigadores en el \u00e1rea de cine y pensada para el p\u00fablico especializado que desee aproximarse al cine <a class=\"more-link\" href=\"https:\/\/www.uartes.edu.ec\/sitio\/fueradecampo\/2021\/09\/01\/volumen-v-numero-2-mayo-2021-2\/\">Seguir leyendo <span class=\"screen-reader-text\">  Volumen 5, N\u00famero 3. Septiembre, 2021<\/span><span class=\"meta-nav\">&rarr;<\/span><\/a><\/p>\n","protected":false},"author":1,"featured_media":0,"comment_status":"closed","ping_status":"closed","sticky":false,"template":"","format":"standard","meta":{"_uag_custom_page_level_css":"","_monsterinsights_skip_tracking":false,"_monsterinsights_sitenote_active":false,"_monsterinsights_sitenote_note":"","_monsterinsights_sitenote_category":0,"cybocfi_hide_featured_image":"","footnotes":""},"categories":[6],"tags":[],"class_list":["post-643","post","type-post","status-publish","format-standard","hentry","category-fuera-de-campo-revista-de-cine"],"uagb_featured_image_src":{"full":false,"thumbnail":false,"medium":false,"medium_large":false,"large":false,"1536x1536":false,"2048x2048":false,"featured-slider-larger":false,"featured-slider":false,"sow-carousel-default":false},"uagb_author_info":{"display_name":"Universidad de las Artes","author_link":"https:\/\/www.uartes.edu.ec\/sitio\/fueradecampo\/author\/dircomadm\/"},"uagb_comment_info":0,"uagb_excerpt":"Fuera de Campo.&nbsp;Revista de CineUniversidad de las ArtesVolumen V, N\u00famero 3. Septiembre, 2021ISSN: 2661-6602 Fuera de Campo&nbsp;es una revista acad\u00e9mica dedicada a los investigadores en el \u00e1rea de cine y pensada para el p\u00fablico especializado que desee aproximarse al cine Seguir leyendo Volumen 5, N\u00famero 3. Septiembre, 2021&rarr;","distributor_meta":false,"distributor_terms":false,"distributor_media":false,"distributor_original_site_name":"Fuera de campo","distributor_original_site_url":"https:\/\/www.uartes.edu.ec\/sitio\/fueradecampo","push-errors":false,"_links":{"self":[{"href":"https:\/\/www.uartes.edu.ec\/sitio\/fueradecampo\/wp-json\/wp\/v2\/posts\/643","targetHints":{"allow":["GET"]}}],"collection":[{"href":"https:\/\/www.uartes.edu.ec\/sitio\/fueradecampo\/wp-json\/wp\/v2\/posts"}],"about":[{"href":"https:\/\/www.uartes.edu.ec\/sitio\/fueradecampo\/wp-json\/wp\/v2\/types\/post"}],"author":[{"embeddable":true,"href":"https:\/\/www.uartes.edu.ec\/sitio\/fueradecampo\/wp-json\/wp\/v2\/users\/1"}],"replies":[{"embeddable":true,"href":"https:\/\/www.uartes.edu.ec\/sitio\/fueradecampo\/wp-json\/wp\/v2\/comments?post=643"}],"version-history":[{"count":0,"href":"https:\/\/www.uartes.edu.ec\/sitio\/fueradecampo\/wp-json\/wp\/v2\/posts\/643\/revisions"}],"wp:attachment":[{"href":"https:\/\/www.uartes.edu.ec\/sitio\/fueradecampo\/wp-json\/wp\/v2\/media?parent=643"}],"wp:term":[{"taxonomy":"category","embeddable":true,"href":"https:\/\/www.uartes.edu.ec\/sitio\/fueradecampo\/wp-json\/wp\/v2\/categories?post=643"},{"taxonomy":"post_tag","embeddable":true,"href":"https:\/\/www.uartes.edu.ec\/sitio\/fueradecampo\/wp-json\/wp\/v2\/tags?post=643"}],"curies":[{"name":"wp","href":"https:\/\/api.w.org\/{rel}","templated":true}]}}