{"id":681,"date":"2022-01-03T16:53:00","date_gmt":"2022-01-03T21:53:00","guid":{"rendered":"http:\/\/www.uartes.edu.ec\/fueradecampo\/?p=681"},"modified":"2022-01-03T16:53:00","modified_gmt":"2022-01-03T21:53:00","slug":"volumen-6-numero-1-enero-2022","status":"publish","type":"post","link":"https:\/\/www.uartes.edu.ec\/sitio\/fueradecampo\/2022\/01\/03\/volumen-6-numero-1-enero-2022\/","title":{"rendered":"Volumen 6, N\u00famero 1. Enero, 2022"},"content":{"rendered":"<div class=\"wp-block-image is-style-default\">\n<figure class=\"alignleft size-medium\"><img fetchpriority=\"high\" decoding=\"async\" width=\"211\" height=\"300\" src=\"http:\/\/www.uartes.edu.ec\/sitio\/fueradecampo\/wp-content\/uploads\/sites\/36\/2022\/11\/FdC-Vol6-N1-ene-2022-DIGITAL-1-211x300.jpg\" alt=\"\" class=\"wp-image-676\" srcset=\"https:\/\/www.uartes.edu.ec\/sitio\/fueradecampo\/wp-content\/uploads\/sites\/36\/2022\/11\/FdC-Vol6-N1-ene-2022-DIGITAL-1-211x300.jpg 211w, https:\/\/www.uartes.edu.ec\/sitio\/fueradecampo\/wp-content\/uploads\/sites\/36\/2022\/11\/FdC-Vol6-N1-ene-2022-DIGITAL-1-720x1024.jpg 720w, https:\/\/www.uartes.edu.ec\/sitio\/fueradecampo\/wp-content\/uploads\/sites\/36\/2022\/11\/FdC-Vol6-N1-ene-2022-DIGITAL-1-768x1092.jpg 768w, https:\/\/www.uartes.edu.ec\/sitio\/fueradecampo\/wp-content\/uploads\/sites\/36\/2022\/11\/FdC-Vol6-N1-ene-2022-DIGITAL-1-1080x1536.jpg 1080w, https:\/\/www.uartes.edu.ec\/sitio\/fueradecampo\/wp-content\/uploads\/sites\/36\/2022\/11\/FdC-Vol6-N1-ene-2022-DIGITAL-1.jpg 1406w\" sizes=\"(max-width: 211px) 100vw, 211px\" \/><\/figure>\n<\/div>\n\n\n<p><strong class=\"alignnone\">Fuera de Campo.\u00a0<\/strong>Revista de Cine<br>Universidad de las Artes<br>Volumen 6, N\u00famero 1. Enero, 2022<br>ISSN: 2661-6602<\/p>\n\n\n\n<p><strong><em>Fuera de Campo<\/em><\/strong>&nbsp;es una revista acad\u00e9mica dedicada a los investigadores en el \u00e1rea de cine y pensada para el p\u00fablico especializado que desee aproximarse al cine latinoamericano o a las visiones latinoamericanas sobre el cine. Es una publicaci\u00f3n cuatrimestral arbitrada editada por la Universidad de las Artes en la ciudad de Guayaquil (Ecuador). Todos los textos incluidos en la secci\u00f3n Art\u00edculos han sido sometidos al arbitraje ciego de dos expertos ajenos a la Universidad de las Artes.<\/p>\n\n\n\n<div style=\"height:50px\" aria-hidden=\"true\" class=\"wp-block-spacer\"><\/div>\n\n\n\n<figure class=\"wp-block-table is-style-regular\"><table><tbody><tr><td><a href=\"http:\/\/www.uartes.edu.ec\/sitio\/download\/fdc-vol6-n1-ene-2022-digital-pdf\/?wpdmdl=31432&amp;masterkey\" target=\"_blank\" rel=\"noreferrer noopener\">DESCARGAR EL PDF COMPLETO DE LA VERSI\u00d3N IMPRESA DE LA REVISTA \u2192<\/a><\/td><td><strong>\u00cdNDICE<\/strong> <p>&nbsp;<\/p>ART\u00cdCULOS<br><br><a href=\"http:\/\/www.uartes.edu.ec\/sitio\/download\/1-lopez-eliana-fdc-v6n1-2022-pdf\/?wpdmdl=31436&amp;masterkey\">\u00a1Fuera de aqu\u00ed\u2026 Ulises! La supresi\u00f3n del Departamento de Cine de la Universidad Central del Ecuador \u2192<\/a><br>Eliana L\u00f3pez<br>&nbsp;<br><a href=\"http:\/\/www.uartes.edu.ec\/sitio\/download\/2-perez-libia-fdc-v6n1-2022-pdf\/?wpdmdl=31435&amp;masterkey\">Ni\u00f1eces monstruosas en el cine pospandemia \u2192<\/a><br>Libia P\u00e9rez<br>&nbsp;<br><a href=\"http:\/\/www.uartes.edu.ec\/sitio\/download\/3-guerra-sanchez-adrian-fdc-v6n1-2022-pdf\/?wpdmdl=31434&amp;masterkey\">Cine ecuatoriano contempor\u00e1neo y est\u00e9tica visual influenciada por los nuevos medios digitales: el caso de <em>Dedicada a mi ex<\/em> (Jorge Ulloa, 2019) \u2192<\/a><br>Adri\u00e1n Guerra S\u00e1nchez<br>&nbsp;<br>MISCEL\u00c1NEA<br>&nbsp;<br><a href=\"http:\/\/www.uartes.edu.ec\/sitio\/download\/entrevista-flores-jorge-fdc-v6n1-2022-pdf\/?wpdmdl=31433&amp;masterkey\">Entrevista con Ignacio Ag\u00fcero sobre <em>El otro d\u00eda<\/em> (2012): filmar el aislamiento \u2192<\/a><br>Jorge Flores Velasco<br>&nbsp;<br> <\/td><\/tr><\/tbody><\/table><\/figure>\n\n\n\n<p>Fuera de Campo. Revista de Cine<br>Universidad de las Artes<br>Malec\u00f3n Sim\u00f3n Bol\u00edvar y Francisco Aguirre<br>Guayaquil, Ecuador (090313)<br>Tel\u00e9fono (+593) 4 259 0700 ext. 2900<br>revistadecine@uartes.edu.ec<br>www.uartes.edu.ec\/fueradecampo<\/p>\n","protected":false},"excerpt":{"rendered":"<p>Fuera de Campo.\u00a0Revista de CineUniversidad de las ArtesVolumen 6, N\u00famero 1. Enero, 2022ISSN: 2661-6602 Fuera de Campo&nbsp;es una revista acad\u00e9mica dedicada a los investigadores en el \u00e1rea de cine y pensada para el p\u00fablico especializado que desee aproximarse al cine <a class=\"more-link\" href=\"https:\/\/www.uartes.edu.ec\/sitio\/fueradecampo\/2022\/01\/03\/volumen-6-numero-1-enero-2022\/\">Seguir leyendo <span class=\"screen-reader-text\">  Volumen 6, N\u00famero 1. Enero, 2022<\/span><span class=\"meta-nav\">&rarr;<\/span><\/a><\/p>\n","protected":false},"author":1,"featured_media":0,"comment_status":"closed","ping_status":"closed","sticky":false,"template":"","format":"standard","meta":{"_uag_custom_page_level_css":"","_monsterinsights_skip_tracking":false,"_monsterinsights_sitenote_active":false,"_monsterinsights_sitenote_note":"","_monsterinsights_sitenote_category":0,"cybocfi_hide_featured_image":"","footnotes":""},"categories":[6],"tags":[],"class_list":["post-681","post","type-post","status-publish","format-standard","hentry","category-fuera-de-campo-revista-de-cine"],"uagb_featured_image_src":{"full":false,"thumbnail":false,"medium":false,"medium_large":false,"large":false,"1536x1536":false,"2048x2048":false,"featured-slider-larger":false,"featured-slider":false,"sow-carousel-default":false},"uagb_author_info":{"display_name":"Universidad de las Artes","author_link":"https:\/\/www.uartes.edu.ec\/sitio\/fueradecampo\/author\/dircomadm\/"},"uagb_comment_info":0,"uagb_excerpt":"Fuera de Campo.\u00a0Revista de CineUniversidad de las ArtesVolumen 6, N\u00famero 1. Enero, 2022ISSN: 2661-6602 Fuera de Campo&nbsp;es una revista acad\u00e9mica dedicada a los investigadores en el \u00e1rea de cine y pensada para el p\u00fablico especializado que desee aproximarse al cine Seguir leyendo Volumen 6, N\u00famero 1. Enero, 2022&rarr;","distributor_meta":false,"distributor_terms":false,"distributor_media":false,"distributor_original_site_name":"Fuera de campo","distributor_original_site_url":"https:\/\/www.uartes.edu.ec\/sitio\/fueradecampo","push-errors":false,"_links":{"self":[{"href":"https:\/\/www.uartes.edu.ec\/sitio\/fueradecampo\/wp-json\/wp\/v2\/posts\/681","targetHints":{"allow":["GET"]}}],"collection":[{"href":"https:\/\/www.uartes.edu.ec\/sitio\/fueradecampo\/wp-json\/wp\/v2\/posts"}],"about":[{"href":"https:\/\/www.uartes.edu.ec\/sitio\/fueradecampo\/wp-json\/wp\/v2\/types\/post"}],"author":[{"embeddable":true,"href":"https:\/\/www.uartes.edu.ec\/sitio\/fueradecampo\/wp-json\/wp\/v2\/users\/1"}],"replies":[{"embeddable":true,"href":"https:\/\/www.uartes.edu.ec\/sitio\/fueradecampo\/wp-json\/wp\/v2\/comments?post=681"}],"version-history":[{"count":0,"href":"https:\/\/www.uartes.edu.ec\/sitio\/fueradecampo\/wp-json\/wp\/v2\/posts\/681\/revisions"}],"wp:attachment":[{"href":"https:\/\/www.uartes.edu.ec\/sitio\/fueradecampo\/wp-json\/wp\/v2\/media?parent=681"}],"wp:term":[{"taxonomy":"category","embeddable":true,"href":"https:\/\/www.uartes.edu.ec\/sitio\/fueradecampo\/wp-json\/wp\/v2\/categories?post=681"},{"taxonomy":"post_tag","embeddable":true,"href":"https:\/\/www.uartes.edu.ec\/sitio\/fueradecampo\/wp-json\/wp\/v2\/tags?post=681"}],"curies":[{"name":"wp","href":"https:\/\/api.w.org\/{rel}","templated":true}]}}