{"id":689,"date":"2022-09-01T09:00:52","date_gmt":"2022-09-01T14:00:52","guid":{"rendered":"http:\/\/www.uartes.edu.ec\/fueradecampo\/?p=689"},"modified":"2022-09-01T09:00:52","modified_gmt":"2022-09-01T14:00:52","slug":"volumen-6-numero-2-septiembre-2022","status":"publish","type":"post","link":"https:\/\/www.uartes.edu.ec\/sitio\/fueradecampo\/2022\/09\/01\/volumen-6-numero-2-septiembre-2022\/","title":{"rendered":"Volumen 6, N\u00famero 2. Septiembre, 2022"},"content":{"rendered":"<div class=\"wp-block-image is-style-default\">\n<figure class=\"alignleft size-medium\"><img fetchpriority=\"high\" decoding=\"async\" width=\"211\" height=\"300\" src=\"http:\/\/www.uartes.edu.ec\/sitio\/fueradecampo\/wp-content\/uploads\/sites\/36\/2023\/02\/FdeC-Vol6-N2-SEPTIEMBRE-2022-a-31Enero-1-211x300.jpg\" alt=\"\" class=\"wp-image-690\" srcset=\"https:\/\/www.uartes.edu.ec\/sitio\/fueradecampo\/wp-content\/uploads\/sites\/36\/2023\/02\/FdeC-Vol6-N2-SEPTIEMBRE-2022-a-31Enero-1-211x300.jpg 211w, https:\/\/www.uartes.edu.ec\/sitio\/fueradecampo\/wp-content\/uploads\/sites\/36\/2023\/02\/FdeC-Vol6-N2-SEPTIEMBRE-2022-a-31Enero-1-721x1024.jpg 721w, https:\/\/www.uartes.edu.ec\/sitio\/fueradecampo\/wp-content\/uploads\/sites\/36\/2023\/02\/FdeC-Vol6-N2-SEPTIEMBRE-2022-a-31Enero-1-768x1091.jpg 768w, https:\/\/www.uartes.edu.ec\/sitio\/fueradecampo\/wp-content\/uploads\/sites\/36\/2023\/02\/FdeC-Vol6-N2-SEPTIEMBRE-2022-a-31Enero-1-1081x1536.jpg 1081w, https:\/\/www.uartes.edu.ec\/sitio\/fueradecampo\/wp-content\/uploads\/sites\/36\/2023\/02\/FdeC-Vol6-N2-SEPTIEMBRE-2022-a-31Enero-1.jpg 1407w\" sizes=\"(max-width: 211px) 100vw, 211px\" \/><\/figure>\n<\/div>\n\n\n<p><strong class=\"alignnone\">Fuera de Campo.\u00a0<\/strong>Revista de Cine<br>Universidad de las Artes<br>Volumen 6, N\u00famero 2. Septiembre, 2022<br>ISSN: 2661-6602<\/p>\n\n\n\n<p><strong><em>Fuera de Campo<\/em><\/strong>&nbsp;es una revista acad\u00e9mica dedicada a los investigadores en el \u00e1rea de cine y pensada para el p\u00fablico especializado que desee aproximarse al cine latinoamericano o a las visiones latinoamericanas sobre el cine. Es una publicaci\u00f3n cuatrimestral arbitrada editada por la Universidad de las Artes en la ciudad de Guayaquil (Ecuador). Todos los textos incluidos en la secci\u00f3n Art\u00edculos han sido sometidos al arbitraje ciego de dos expertos ajenos a la Universidad de las Artes.<\/p>\n\n\n\n<div style=\"height:50px\" aria-hidden=\"true\" class=\"wp-block-spacer\"><\/div>\n\n\n\n<figure class=\"wp-block-table is-style-regular\"><table><tbody><tr><td><a href=\"http:\/\/www.uartes.edu.ec\/sitio\/download\/fdec-vol6-n2-septiembre-2022-a-31enero-pdf\/?wpdmdl=37880&amp;masterkey\" target=\"_blank\" rel=\"noreferrer noopener\">DESCARGAR EL PDF COMPLETO DE LA VERSI\u00d3N IMPRESA DE LA REVISTA \u2192<\/a><\/td><td><strong>\u00cdNDICE<\/strong> <p>\u00a0<\/p>ART\u00cdCULOS<br><br><a href=\"http:\/\/www.uartes.edu.ec\/sitio\/download\/1-aquieta-pdf\/?wpdmdl=37879&amp;masterkey\">Memoria y documental: una lucha por el pasado a trav\u00e9s de la pel\u00edcula <em>AVC<\/em>, de Mauricio Samaniego \u2192 <\/a><br>Rommel Aquieta<br>\u00a0<br><a href=\"http:\/\/www.uartes.edu.ec\/sitio\/download\/2-leon-pdf\/?wpdmdl=37878&amp;masterkey\">Vidas filmadas. Documental biogr\u00e1fico y memorias prot\u00e9sicas en el cine ecuatoriano \u2192<\/a> <br>Christian Le\u00f3n<br>\u00a0<br><a href=\"http:\/\/www.uartes.edu.ec\/sitio\/download\/3-pareja-pdf\/?wpdmdl=37877&amp;masterkey\">Cine y pedagog\u00eda p\u00fablica: <em>Los rollos perdidos de Pancho Villa<\/em> \u2192 <\/a><br>Marco Pareja A.<br>\u00a0<br>MISCEL\u00c1NEA<br><br><a href=\"http:\/\/www.uartes.edu.ec\/sitio\/download\/4-agila-pdf\/?wpdmdl=37876&amp;masterkey\">Silencios: cr\u00edtica de <em>La enorme presencia de los muertos<\/em> (Jos\u00e9 Mar\u00eda Avil\u00e9s, 2019) \u2192<\/a> <br>Sajid Agila<br>\u00a0<br><a href=\"http:\/\/www.uartes.edu.ec\/sitio\/download\/5-sarmiento-pdf\/?wpdmdl=37875&amp;masterkey\">Avi Mograbi: \u00abSi acabas con la misma pel\u00edcula que concebiste al principio, algo no est\u00e1 bien\u00bb \u2192<\/a> <br>Manolo Sarmiento<br>\u00a0<br> <\/td><\/tr><\/tbody><\/table><\/figure>\n\n\n\n<p>Fuera de Campo. Revista de Cine<br>Universidad de las Artes<br>Malec\u00f3n Sim\u00f3n Bol\u00edvar y Francisco Aguirre<br>Guayaquil, Ecuador (090313)<br>Tel\u00e9fono (+593) 4 259 0700 ext. 2900<br>revistadecine@uartes.edu.ec<br>www.uartes.edu.ec\/fueradecampo<\/p>\n","protected":false},"excerpt":{"rendered":"<p>Fuera de Campo.\u00a0Revista de CineUniversidad de las ArtesVolumen 6, N\u00famero 2. Septiembre, 2022ISSN: 2661-6602 Fuera de Campo&nbsp;es una revista acad\u00e9mica dedicada a los investigadores en el \u00e1rea de cine y pensada para el p\u00fablico especializado que desee aproximarse al cine <a class=\"more-link\" href=\"https:\/\/www.uartes.edu.ec\/sitio\/fueradecampo\/2022\/09\/01\/volumen-6-numero-2-septiembre-2022\/\">Seguir leyendo <span class=\"screen-reader-text\">  Volumen 6, N\u00famero 2. Septiembre, 2022<\/span><span class=\"meta-nav\">&rarr;<\/span><\/a><\/p>\n","protected":false},"author":1,"featured_media":0,"comment_status":"closed","ping_status":"closed","sticky":false,"template":"","format":"standard","meta":{"_uag_custom_page_level_css":"","_monsterinsights_skip_tracking":false,"_monsterinsights_sitenote_active":false,"_monsterinsights_sitenote_note":"","_monsterinsights_sitenote_category":0,"cybocfi_hide_featured_image":"","footnotes":""},"categories":[6],"tags":[],"class_list":["post-689","post","type-post","status-publish","format-standard","hentry","category-fuera-de-campo-revista-de-cine"],"uagb_featured_image_src":{"full":false,"thumbnail":false,"medium":false,"medium_large":false,"large":false,"1536x1536":false,"2048x2048":false,"featured-slider-larger":false,"featured-slider":false,"sow-carousel-default":false},"uagb_author_info":{"display_name":"Universidad de las Artes","author_link":"https:\/\/www.uartes.edu.ec\/sitio\/fueradecampo\/author\/dircomadm\/"},"uagb_comment_info":0,"uagb_excerpt":"Fuera de Campo.\u00a0Revista de CineUniversidad de las ArtesVolumen 6, N\u00famero 2. Septiembre, 2022ISSN: 2661-6602 Fuera de Campo&nbsp;es una revista acad\u00e9mica dedicada a los investigadores en el \u00e1rea de cine y pensada para el p\u00fablico especializado que desee aproximarse al cine Seguir leyendo Volumen 6, N\u00famero 2. Septiembre, 2022&rarr;","distributor_meta":false,"distributor_terms":false,"distributor_media":false,"distributor_original_site_name":"Fuera de campo","distributor_original_site_url":"https:\/\/www.uartes.edu.ec\/sitio\/fueradecampo","push-errors":false,"_links":{"self":[{"href":"https:\/\/www.uartes.edu.ec\/sitio\/fueradecampo\/wp-json\/wp\/v2\/posts\/689","targetHints":{"allow":["GET"]}}],"collection":[{"href":"https:\/\/www.uartes.edu.ec\/sitio\/fueradecampo\/wp-json\/wp\/v2\/posts"}],"about":[{"href":"https:\/\/www.uartes.edu.ec\/sitio\/fueradecampo\/wp-json\/wp\/v2\/types\/post"}],"author":[{"embeddable":true,"href":"https:\/\/www.uartes.edu.ec\/sitio\/fueradecampo\/wp-json\/wp\/v2\/users\/1"}],"replies":[{"embeddable":true,"href":"https:\/\/www.uartes.edu.ec\/sitio\/fueradecampo\/wp-json\/wp\/v2\/comments?post=689"}],"version-history":[{"count":0,"href":"https:\/\/www.uartes.edu.ec\/sitio\/fueradecampo\/wp-json\/wp\/v2\/posts\/689\/revisions"}],"wp:attachment":[{"href":"https:\/\/www.uartes.edu.ec\/sitio\/fueradecampo\/wp-json\/wp\/v2\/media?parent=689"}],"wp:term":[{"taxonomy":"category","embeddable":true,"href":"https:\/\/www.uartes.edu.ec\/sitio\/fueradecampo\/wp-json\/wp\/v2\/categories?post=689"},{"taxonomy":"post_tag","embeddable":true,"href":"https:\/\/www.uartes.edu.ec\/sitio\/fueradecampo\/wp-json\/wp\/v2\/tags?post=689"}],"curies":[{"name":"wp","href":"https:\/\/api.w.org\/{rel}","templated":true}]}}