{"id":714,"date":"2023-06-01T16:41:00","date_gmt":"2023-06-01T21:41:00","guid":{"rendered":"https:\/\/www.uartes.edu.ec\/fueradecampo\/?p=714"},"modified":"2023-06-01T16:41:00","modified_gmt":"2023-06-01T21:41:00","slug":"volumen-7-numero-1-junio-2023","status":"publish","type":"post","link":"https:\/\/www.uartes.edu.ec\/sitio\/fueradecampo\/2023\/06\/01\/volumen-7-numero-1-junio-2023\/","title":{"rendered":"Volumen 7, N\u00famero 1. Junio, 2023"},"content":{"rendered":"<div class=\"wp-block-image is-style-default\">\n<figure class=\"alignleft size-medium\"><img fetchpriority=\"high\" decoding=\"async\" width=\"212\" height=\"300\" src=\"https:\/\/www.uartes.edu.ec\/fueradecampo\/wp-content\/uploads\/2023\/12\/FDC20-1-212x300.jpg\" alt=\"\" class=\"wp-image-716\" srcset=\"https:\/\/www.uartes.edu.ec\/sitio\/fueradecampo\/wp-content\/uploads\/sites\/36\/2023\/12\/FDC20-1-212x300.jpg 212w, https:\/\/www.uartes.edu.ec\/sitio\/fueradecampo\/wp-content\/uploads\/sites\/36\/2023\/12\/FDC20-1-724x1024.jpg 724w, https:\/\/www.uartes.edu.ec\/sitio\/fueradecampo\/wp-content\/uploads\/sites\/36\/2023\/12\/FDC20-1-768x1086.jpg 768w, https:\/\/www.uartes.edu.ec\/sitio\/fueradecampo\/wp-content\/uploads\/sites\/36\/2023\/12\/FDC20-1.jpg 1000w\" sizes=\"(max-width: 212px) 100vw, 212px\" \/><\/figure>\n<\/div>\n\n\n<p><strong class=\"alignnone\">Fuera de Campo.\u00a0<\/strong>Revista de Cine<br>Universidad de las Artes<br>Volumen 7, N\u00famero 1. Junio, 2023<br>ISSN: 2661-6602<\/p>\n\n\n\n<p><strong><em>Fuera de Campo<\/em><\/strong>&nbsp;es una revista acad\u00e9mica dedicada a los investigadores en el \u00e1rea de cine y pensada para el p\u00fablico especializado que desee aproximarse al cine latinoamericano o a las visiones latinoamericanas sobre el cine. Es una publicaci\u00f3n cuatrimestral arbitrada editada por la Universidad de las Artes en la ciudad de Guayaquil (Ecuador). Todos los textos incluidos en la secci\u00f3n Art\u00edculos han sido sometidos al arbitraje ciego de dos expertos ajenos a la Universidad de las Artes.<\/p>\n\n\n\n<div style=\"height:50px\" aria-hidden=\"true\" class=\"wp-block-spacer\"><\/div>\n\n\n\n<figure class=\"wp-block-table is-style-regular\"><table><tbody><tr><td><a href=\"https:\/\/www.uartes.edu.ec\/sitio\/download\/fdc20-pdf\/?wpdmdl=49002&amp;masterkey\">DESCARGAR EL PDF COMPLETO DE LA VERSI\u00d3N IMPRESA DE LA REVISTA \u2192<\/a><\/td><td><strong>\u00cdNDICE<\/strong> <p>&nbsp;<\/p>ART\u00cdCULOS<br><br><a href=\"https:\/\/www.uartes.edu.ec\/sitio\/download\/fdc20-art01-noah-zweig-pdf\/?wpdmdl=49006&amp;masterkey\">Guayawood y la imaginaci\u00f3n melodram\u00e1tica andina \u2192<\/a> <br>Noah Zweig<br>&nbsp;<br><a href=\"https:\/\/www.uartes.edu.ec\/sitio\/download\/fdc20-art02-cristian-londono-proano-pdf\/?wpdmdl=49005&amp;masterkey\">Industrial cultural y el modelo de producci\u00f3n de las pel\u00edculas de superh\u00e9roes \u2192<\/a> <br>Cristi\u00e1n Londo\u00f1o Proa\u00f1o<br><br>&nbsp;<br>MISCEL\u00c1NEA<br><br><a href=\"https:\/\/www.uartes.edu.ec\/sitio\/download\/fdc20-mis01-fernando-gonzalo-villacres-landivar-pdf\/?wpdmdl=49004&amp;masterkey\">Estilizaci\u00f3n de la violencia en el cine estadounidense y latinoamericano \u2192<\/a> <br>Fernando Gonzalo Villacr\u00e9s Land\u00edvar<br>&nbsp;<br><a href=\"https:\/\/www.uartes.edu.ec\/sitio\/download\/fdc20-mis02-freddy-heredia-pdf\/?wpdmdl=49003&amp;masterkey\">De la representaci\u00f3n a la presentaci\u00f3n de lo real: teor\u00edas del cine documental \u2192<\/a> <br>Freddy Heredia<br>&nbsp;<br> <\/td><\/tr><\/tbody><\/table><\/figure>\n\n\n\n<p>Fuera de Campo. Revista de Cine<br>Universidad de las Artes<br>Malec\u00f3n Sim\u00f3n Bol\u00edvar y Francisco Aguirre<br>Guayaquil, Ecuador (090313)<br>Tel\u00e9fono (+593) 4 259 0700 ext. 2900<br>revistadecine@uartes.edu.ec<br>www.uartes.edu.ec\/fueradecampo<\/p>\n","protected":false},"excerpt":{"rendered":"<p>Fuera de Campo.\u00a0Revista de CineUniversidad de las ArtesVolumen 7, N\u00famero 1. Junio, 2023ISSN: 2661-6602 Fuera de Campo&nbsp;es una revista acad\u00e9mica dedicada a los investigadores en el \u00e1rea de cine y pensada para el p\u00fablico especializado que desee aproximarse al cine <a class=\"more-link\" href=\"https:\/\/www.uartes.edu.ec\/sitio\/fueradecampo\/2023\/06\/01\/volumen-7-numero-1-junio-2023\/\">Seguir leyendo <span class=\"screen-reader-text\">  Volumen 7, N\u00famero 1. Junio, 2023<\/span><span class=\"meta-nav\">&rarr;<\/span><\/a><\/p>\n","protected":false},"author":1,"featured_media":0,"comment_status":"closed","ping_status":"closed","sticky":false,"template":"","format":"standard","meta":{"_uag_custom_page_level_css":"","_monsterinsights_skip_tracking":false,"_monsterinsights_sitenote_active":false,"_monsterinsights_sitenote_note":"","_monsterinsights_sitenote_category":0,"cybocfi_hide_featured_image":"","footnotes":""},"categories":[6],"tags":[],"class_list":["post-714","post","type-post","status-publish","format-standard","hentry","category-fuera-de-campo-revista-de-cine"],"uagb_featured_image_src":{"full":false,"thumbnail":false,"medium":false,"medium_large":false,"large":false,"1536x1536":false,"2048x2048":false,"featured-slider-larger":false,"featured-slider":false,"sow-carousel-default":false},"uagb_author_info":{"display_name":"Universidad de las Artes","author_link":"https:\/\/www.uartes.edu.ec\/sitio\/fueradecampo\/author\/dircomadm\/"},"uagb_comment_info":0,"uagb_excerpt":"Fuera de Campo.\u00a0Revista de CineUniversidad de las ArtesVolumen 7, N\u00famero 1. Junio, 2023ISSN: 2661-6602 Fuera de Campo&nbsp;es una revista acad\u00e9mica dedicada a los investigadores en el \u00e1rea de cine y pensada para el p\u00fablico especializado que desee aproximarse al cine Seguir leyendo Volumen 7, N\u00famero 1. Junio, 2023&rarr;","distributor_meta":false,"distributor_terms":false,"distributor_media":false,"distributor_original_site_name":"Fuera de campo","distributor_original_site_url":"https:\/\/www.uartes.edu.ec\/sitio\/fueradecampo","push-errors":false,"_links":{"self":[{"href":"https:\/\/www.uartes.edu.ec\/sitio\/fueradecampo\/wp-json\/wp\/v2\/posts\/714","targetHints":{"allow":["GET"]}}],"collection":[{"href":"https:\/\/www.uartes.edu.ec\/sitio\/fueradecampo\/wp-json\/wp\/v2\/posts"}],"about":[{"href":"https:\/\/www.uartes.edu.ec\/sitio\/fueradecampo\/wp-json\/wp\/v2\/types\/post"}],"author":[{"embeddable":true,"href":"https:\/\/www.uartes.edu.ec\/sitio\/fueradecampo\/wp-json\/wp\/v2\/users\/1"}],"replies":[{"embeddable":true,"href":"https:\/\/www.uartes.edu.ec\/sitio\/fueradecampo\/wp-json\/wp\/v2\/comments?post=714"}],"version-history":[{"count":0,"href":"https:\/\/www.uartes.edu.ec\/sitio\/fueradecampo\/wp-json\/wp\/v2\/posts\/714\/revisions"}],"wp:attachment":[{"href":"https:\/\/www.uartes.edu.ec\/sitio\/fueradecampo\/wp-json\/wp\/v2\/media?parent=714"}],"wp:term":[{"taxonomy":"category","embeddable":true,"href":"https:\/\/www.uartes.edu.ec\/sitio\/fueradecampo\/wp-json\/wp\/v2\/categories?post=714"},{"taxonomy":"post_tag","embeddable":true,"href":"https:\/\/www.uartes.edu.ec\/sitio\/fueradecampo\/wp-json\/wp\/v2\/tags?post=714"}],"curies":[{"name":"wp","href":"https:\/\/api.w.org\/{rel}","templated":true}]}}