{"id":742,"date":"2021-05-03T10:48:00","date_gmt":"2021-05-03T15:48:00","guid":{"rendered":"http:\/\/www.uartes.edu.ec\/fueradecampo\/?p=624"},"modified":"2021-05-03T10:48:00","modified_gmt":"2021-05-03T15:48:00","slug":"volumen-v-numero-2-mayo-2021","status":"publish","type":"post","link":"https:\/\/www.uartes.edu.ec\/sitio\/fueradecampo\/2021\/05\/03\/volumen-v-numero-2-mayo-2021\/","title":{"rendered":"Volumen V, N\u00famero 2. Mayo, 2021"},"content":{"rendered":"\n<div class=\"wp-block-image is-style-default\"><figure class=\"alignleft size-medium\"><img fetchpriority=\"high\" decoding=\"async\" width=\"212\" height=\"300\" src=\"http:\/\/www.uartes.edu.ec\/sitio\/fueradecampo\/wp-content\/uploads\/sites\/36\/2021\/07\/Fuera-de-Campo-Vol5-N2-1-212x300.jpg\" alt=\"\" class=\"wp-image-618\" srcset=\"https:\/\/www.uartes.edu.ec\/sitio\/fueradecampo\/wp-content\/uploads\/sites\/36\/2021\/07\/Fuera-de-Campo-Vol5-N2-1-212x300.jpg 212w, https:\/\/www.uartes.edu.ec\/sitio\/fueradecampo\/wp-content\/uploads\/sites\/36\/2021\/07\/Fuera-de-Campo-Vol5-N2-1-723x1024.jpg 723w, https:\/\/www.uartes.edu.ec\/sitio\/fueradecampo\/wp-content\/uploads\/sites\/36\/2021\/07\/Fuera-de-Campo-Vol5-N2-1-768x1087.jpg 768w, https:\/\/www.uartes.edu.ec\/sitio\/fueradecampo\/wp-content\/uploads\/sites\/36\/2021\/07\/Fuera-de-Campo-Vol5-N2-1-1085x1536.jpg 1085w, https:\/\/www.uartes.edu.ec\/sitio\/fueradecampo\/wp-content\/uploads\/sites\/36\/2021\/07\/Fuera-de-Campo-Vol5-N2-1-1447x2048.jpg 1447w, https:\/\/www.uartes.edu.ec\/sitio\/fueradecampo\/wp-content\/uploads\/sites\/36\/2021\/07\/Fuera-de-Campo-Vol5-N2-1.jpg 1749w\" sizes=\"(max-width: 212px) 100vw, 212px\" \/><\/figure><\/div>\n\n\n\n<p><strong class=\"alignnone\">Fuera de Campo.\u00a0<\/strong>Revista de Cine<br>Universidad de las Artes<br>Volumen V, N\u00famero 2. Mayo, 2021<br>ISSN: 2661-6602<\/p>\n\n\n\n<p><strong><em>Fuera de Campo<\/em><\/strong>&nbsp;es una revista acad\u00e9mica dedicada a los investigadores en el \u00e1rea de cine y pensada para el p\u00fablico especializado que desee aproximarse al cine latinoamericano o a las visiones latinoamericanas sobre el cine. Es una publicaci\u00f3n cuatrimestral arbitrada editada por la Universidad de las Artes en la ciudad de Guayaquil (Ecuador). Todos los textos incluidos en la secci\u00f3n Art\u00edculos han sido sometidos al arbitraje ciego de dos expertos ajenos a la Universidad de las Artes.<\/p>\n\n\n\n<div style=\"height:40px\" aria-hidden=\"true\" class=\"wp-block-spacer\"><\/div>\n\n\n\n<p><strong class=\"alignnone\">\u00a0<\/strong><\/p>\n\n\n\n<figure class=\"wp-block-table is-style-regular\"><table><tbody><tr><td><a href=\"http:\/\/www.uartes.edu.ec\/sitio\/download\/fuera-de-campo-16\/?wpdmdl=14942&amp;masterkey=5f936a096a726\" target=\"_blank\" rel=\"noreferrer noopener\">DESCARGAR EL PDF COMPLETO DE LA VERSI\u00d3N IMPRESA DE LA REVISTA \u2192<\/a><\/td><td><strong>\u00cdNDICE<\/strong> <p>\u00a0<\/p><br>Dossier:<br>\u00a0<br><a href=\"http:\/\/www.uartes.edu.ec\/sitio\/fueradecampo\/wp-content\/uploads\/sites\/36\/2021\/07\/FDC16-ART01.pdf\"><strong>A \u2018Sum\u2019 of Ideas: Fernando Birri\u2019s ORG Among the New Cinemas<\/strong> \u2192 <\/a><br>Federico Windhausen<br>\u00a0<br><a href=\"http:\/\/www.uartes.edu.ec\/sitio\/fueradecampo\/wp-content\/uploads\/sites\/36\/2021\/07\/FDC16-ART02.pdf\"><strong>La palingenesia de las im\u00e1genes: reempleo y revoluci\u00f3n en el corto <em>Rte.: Nicaragua (Carta al mundo) <\/em>(1984) de Fernando Birri<\/strong> \u2192<\/a><br>Ana Daniela Nahmad Rodr\u00edguez y Francisco Ram\u00edrez Miranda<br>\u00a0<br>Fuera de Dossier:<br>\u00a0<br><a href=\"http:\/\/www.uartes.edu.ec\/sitio\/fueradecampo\/wp-content\/uploads\/sites\/36\/2021\/07\/FDC16-ART03.pdf\"><strong>Ventr\u00edlocuas de s\u00ed mismas. Sobre el documental autobiogr\u00e1fico <em>A media voz <\/em>(2019) como herramienta para la superaci\u00f3n del duelo migratorio<\/strong> \u2192<\/a><br>Libia P\u00e9rez Rod\u00f3n<br>\u00a0<br>MISCEL\u00c1NEA<br>\u00a0<br><a href=\"http:\/\/www.uartes.edu.ec\/sitio\/fueradecampo\/wp-content\/uploads\/sites\/36\/2021\/07\/FDC16-MISC01.pdf\"><strong>Entrevista a Fernando Birri<\/strong> \u2192<\/a><br>Jorge Flores Velasco <br><br><br><br> <p><a href=\"http:\/\/www.uartes.edu.ec\/sitio\/fueradecampo\/wp-content\/uploads\/sites\/36\/2021\/07\/FDC16-A01.pdf\">Datos de los autores de los art\u00edculos \u2192<\/a><br><a href=\"http:\/\/www.uartes.edu.ec\/sitio\/fueradecampo\/wp-content\/uploads\/sites\/36\/2021\/07\/FDC16-A02.pdf\">Manual de estilo de la revista Fuera de Campo \u2192<\/a><br><a href=\"http:\/\/www.uartes.edu.ec\/sitio\/fueradecampo\/wp-content\/uploads\/sites\/36\/2021\/07\/FDC16-A03.pdf\">Instrucciones para los autores \u2192<\/a><br><a href=\"http:\/\/www.uartes.edu.ec\/sitio\/fueradecampo\/wp-content\/uploads\/sites\/36\/2021\/07\/FDC16-A04.pdf\">Declaraci\u00f3n de \u00c9tica y Mala Praxis \u2192<\/a><\/p> <br> <\/td><\/tr><tr><td>Fuera de Campo. Revista de Cine<br>Universidad de las Artes<br>Malec\u00f3n Sim\u00f3n Bol\u00edvar y Francisco Aguirre<br>Guayaquil, Ecuador (090313)<br>Tel\u00e9fono (+593) 4 259 0700 ext. 2900<br>revistadecine@uartes.edu.ec<br>www.uartes.edu.ec\/fueradecampo<\/td><\/tr><\/tbody><\/table><\/figure>\n\n\n\n<p><\/p>\n","protected":false},"excerpt":{"rendered":"<p>Fuera de Campo.\u00a0Revista de CineUniversidad de las ArtesVolumen V, N\u00famero 2. Mayo, 2021ISSN: 2661-6602 Fuera de Campo&nbsp;es una revista acad\u00e9mica dedicada a los investigadores en el \u00e1rea de cine y pensada para el p\u00fablico especializado que desee aproximarse al cine <a class=\"more-link\" href=\"https:\/\/www.uartes.edu.ec\/sitio\/fueradecampo\/2021\/05\/03\/volumen-v-numero-2-mayo-2021\/\">Seguir leyendo <span class=\"screen-reader-text\">  Volumen V, N\u00famero 2. Mayo, 2021<\/span><span class=\"meta-nav\">&rarr;<\/span><\/a><\/p>\n","protected":false},"author":1,"featured_media":0,"comment_status":"closed","ping_status":"closed","sticky":false,"template":"","format":"standard","meta":{"_uag_custom_page_level_css":"","_monsterinsights_skip_tracking":false,"_monsterinsights_sitenote_active":false,"_monsterinsights_sitenote_note":"","_monsterinsights_sitenote_category":0,"cybocfi_hide_featured_image":"","footnotes":""},"categories":[6],"tags":[],"class_list":["post-742","post","type-post","status-publish","format-standard","hentry","category-fuera-de-campo-revista-de-cine"],"uagb_featured_image_src":{"full":false,"thumbnail":false,"medium":false,"medium_large":false,"large":false,"1536x1536":false,"2048x2048":false,"featured-slider-larger":false,"featured-slider":false,"sow-carousel-default":false},"uagb_author_info":{"display_name":"Universidad de las Artes","author_link":"https:\/\/www.uartes.edu.ec\/sitio\/fueradecampo\/author\/dircomadm\/"},"uagb_comment_info":0,"uagb_excerpt":"Fuera de Campo.\u00a0Revista de CineUniversidad de las ArtesVolumen V, N\u00famero 2. Mayo, 2021ISSN: 2661-6602 Fuera de Campo&nbsp;es una revista acad\u00e9mica dedicada a los investigadores en el \u00e1rea de cine y pensada para el p\u00fablico especializado que desee aproximarse al cine Seguir leyendo Volumen V, N\u00famero 2. Mayo, 2021&rarr;","distributor_meta":false,"distributor_terms":false,"distributor_media":false,"distributor_original_site_name":"Fuera de campo","distributor_original_site_url":"https:\/\/www.uartes.edu.ec\/sitio\/fueradecampo","push-errors":false,"_links":{"self":[{"href":"https:\/\/www.uartes.edu.ec\/sitio\/fueradecampo\/wp-json\/wp\/v2\/posts\/742","targetHints":{"allow":["GET"]}}],"collection":[{"href":"https:\/\/www.uartes.edu.ec\/sitio\/fueradecampo\/wp-json\/wp\/v2\/posts"}],"about":[{"href":"https:\/\/www.uartes.edu.ec\/sitio\/fueradecampo\/wp-json\/wp\/v2\/types\/post"}],"author":[{"embeddable":true,"href":"https:\/\/www.uartes.edu.ec\/sitio\/fueradecampo\/wp-json\/wp\/v2\/users\/1"}],"replies":[{"embeddable":true,"href":"https:\/\/www.uartes.edu.ec\/sitio\/fueradecampo\/wp-json\/wp\/v2\/comments?post=742"}],"version-history":[{"count":0,"href":"https:\/\/www.uartes.edu.ec\/sitio\/fueradecampo\/wp-json\/wp\/v2\/posts\/742\/revisions"}],"wp:attachment":[{"href":"https:\/\/www.uartes.edu.ec\/sitio\/fueradecampo\/wp-json\/wp\/v2\/media?parent=742"}],"wp:term":[{"taxonomy":"category","embeddable":true,"href":"https:\/\/www.uartes.edu.ec\/sitio\/fueradecampo\/wp-json\/wp\/v2\/categories?post=742"},{"taxonomy":"post_tag","embeddable":true,"href":"https:\/\/www.uartes.edu.ec\/sitio\/fueradecampo\/wp-json\/wp\/v2\/tags?post=742"}],"curies":[{"name":"wp","href":"https:\/\/api.w.org\/{rel}","templated":true}]}}