{"id":743,"date":"2023-09-01T10:49:24","date_gmt":"2023-09-01T15:49:24","guid":{"rendered":"https:\/\/www.uartes.edu.ec\/fueradecampo\/?p=740"},"modified":"2023-09-01T10:49:24","modified_gmt":"2023-09-01T15:49:24","slug":"volumen-7-numero-2-septiembre-2023","status":"publish","type":"post","link":"https:\/\/www.uartes.edu.ec\/sitio\/fueradecampo\/2023\/09\/01\/volumen-7-numero-2-septiembre-2023\/","title":{"rendered":"Volumen 7, N\u00famero 2. Septiembre, 2023"},"content":{"rendered":"<div class=\"wp-block-image is-style-default\">\n<figure class=\"alignleft size-medium\"><img fetchpriority=\"high\" decoding=\"async\" width=\"213\" height=\"300\" src=\"http:\/\/www.uartes.edu.ec\/sitio\/fueradecampo\/wp-content\/uploads\/sites\/36\/2024\/11\/FdeC-Vol7-N2-II-Semestre-2023-Prueba-FINAL-15-noviembre-WEB-1-213x300.jpg\" alt=\"\" class=\"wp-image-738\" srcset=\"https:\/\/www.uartes.edu.ec\/sitio\/fueradecampo\/wp-content\/uploads\/sites\/36\/2024\/11\/FdeC-Vol7-N2-II-Semestre-2023-Prueba-FINAL-15-noviembre-WEB-1-213x300.jpg 213w, https:\/\/www.uartes.edu.ec\/sitio\/fueradecampo\/wp-content\/uploads\/sites\/36\/2024\/11\/FdeC-Vol7-N2-II-Semestre-2023-Prueba-FINAL-15-noviembre-WEB-1-727x1024.jpg 727w, https:\/\/www.uartes.edu.ec\/sitio\/fueradecampo\/wp-content\/uploads\/sites\/36\/2024\/11\/FdeC-Vol7-N2-II-Semestre-2023-Prueba-FINAL-15-noviembre-WEB-1-768x1081.jpg 768w, https:\/\/www.uartes.edu.ec\/sitio\/fueradecampo\/wp-content\/uploads\/sites\/36\/2024\/11\/FdeC-Vol7-N2-II-Semestre-2023-Prueba-FINAL-15-noviembre-WEB-1.jpg 1000w\" sizes=\"(max-width: 213px) 100vw, 213px\" \/><\/figure>\n<\/div>\n\n\n<p><strong class=\"alignnone\">Fuera de Campo.&nbsp;<\/strong>Revista de Cine<br>Universidad de las Artes<br>Volumen 7, N\u00famero 2. Septiembre, 2023<br>ISSN: 2661-6602<\/p>\n\n\n\n<p><strong><em>Fuera de Campo<\/em><\/strong>&nbsp;es una revista acad\u00e9mica dedicada a los investigadores en el \u00e1rea de cine y pensada para el p\u00fablico especializado que desee aproximarse al cine latinoamericano o a las visiones latinoamericanas sobre el cine. Es una publicaci\u00f3n cuatrimestral arbitrada editada por la Universidad de las Artes en la ciudad de Guayaquil (Ecuador). Todos los textos incluidos en la secci\u00f3n Art\u00edculos han sido sometidos al arbitraje ciego de dos expertos ajenos a la Universidad de las Artes.<\/p>\n\n\n\n<div style=\"height:50px\" aria-hidden=\"true\" class=\"wp-block-spacer\"><\/div>\n\n\n\n<figure class=\"wp-block-table is-style-regular\"><table><tbody><tr><td><a href=\"https:\/\/www.uartes.edu.ec\/sitio\/download\/fdc21-completa-pdf\/?wpdmdl=64770&amp;masterkey\">DESCARGAR EL PDF COMPLETO DE LA VERSI\u00d3N IMPRESA DE LA REVISTA \u2192<\/a><\/td><td><strong>\u00cdNDICE<\/strong> <p>&nbsp;<\/p>ART\u00cdCULOS<br><br><a href=\"https:\/\/www.uartes.edu.ec\/sitio\/download\/fdc21-01-articulo-pdf\/?wpdmdl=64769&amp;masterkey\">La b\u00fasqueda de lo maravilloso y lo sagrado laico: montaje de ecos surrealistas en el cortometraje Esta pared no es medianera (1952) de Fernando de Szyszlo \u2192<\/a><br>M\u00f3nica Delgado Chumpitazi<br><br><a href=\"https:\/\/www.uartes.edu.ec\/sitio\/download\/fdc21-02-articulo-pdf\/?wpdmdl=64767&amp;masterkey\">El punto de audici\u00f3n en el Hollywood cl\u00e1sico: la construcci\u00f3n de un canon industrial \u2192<\/a><br>Miguel Guillermo Jaramillo Ruiz<br><br><a href=\"https:\/\/www.uartes.edu.ec\/sitio\/download\/fdc21-03-articulo-pdf\/?wpdmdl=64765&amp;masterkey\">El cine de Pasolini, la visi\u00f3n documental y l\u00edrica: entre el cuerpo anormal, la m\u00edmesis maldita y el campo de conflictos de la desterritorializaci\u00f3n de la lengua \u2192<\/a><br>Jorge Alfredo Aycart Larrea<br><br>&nbsp;<br>MISCEL\u00c1NEA<br><br><a href=\"https:\/\/www.uartes.edu.ec\/sitio\/download\/fdc21-01-miscelanea-pdf\/?wpdmdl=64768&amp;masterkey\">La representaci\u00f3n de la migraci\u00f3n seg\u00fan Pablo Vargas. La trilog\u00eda Casa de Campo: un pedacito de mi tierra; Mujeres entre dos orillas; Sue\u00f1os hipotecados \u2192<\/a><br>Luis L\u00f3pez Sarmiento<br><br><a href=\"https:\/\/www.uartes.edu.ec\/sitio\/download\/fdc21-02-miscleanea-pdf\/?wpdmdl=64766&amp;masterkey\">La identidad ecuatoriana y la deportaci\u00f3n: Fernando Mieles y Prometeo deportado \u2192<\/a><br>Luis L\u00f3pez Sarmiento<br>&nbsp;<br><\/td><\/tr><\/tbody><\/table><\/figure>\n\n\n\n<p>Fuera de Campo. Revista de Cine<br>Universidad de las Artes<br>Malec\u00f3n Sim\u00f3n Bol\u00edvar y Francisco Aguirre<br>Guayaquil, Ecuador (090313)<br>Tel\u00e9fono (+593) 4 259 0700 ext. 2900<br>revistadecine@uartes.edu.ec<br>www.uartes.edu.ec\/fueradecampo<\/p>\n","protected":false},"excerpt":{"rendered":"<p>Fuera de Campo.&nbsp;Revista de CineUniversidad de las ArtesVolumen 7, N\u00famero 2. Septiembre, 2023ISSN: 2661-6602 Fuera de Campo&nbsp;es una revista acad\u00e9mica dedicada a los investigadores en el \u00e1rea de cine y pensada para el p\u00fablico especializado que desee aproximarse al cine <a class=\"more-link\" href=\"https:\/\/www.uartes.edu.ec\/sitio\/fueradecampo\/2023\/09\/01\/volumen-7-numero-2-septiembre-2023\/\">Seguir leyendo <span class=\"screen-reader-text\">  Volumen 7, N\u00famero 2. Septiembre, 2023<\/span><span class=\"meta-nav\">&rarr;<\/span><\/a><\/p>\n","protected":false},"author":1,"featured_media":0,"comment_status":"closed","ping_status":"closed","sticky":false,"template":"","format":"standard","meta":{"_uag_custom_page_level_css":"","_monsterinsights_skip_tracking":false,"_monsterinsights_sitenote_active":false,"_monsterinsights_sitenote_note":"","_monsterinsights_sitenote_category":0,"cybocfi_hide_featured_image":"","footnotes":""},"categories":[6],"tags":[],"class_list":["post-743","post","type-post","status-publish","format-standard","hentry","category-fuera-de-campo-revista-de-cine"],"uagb_featured_image_src":{"full":false,"thumbnail":false,"medium":false,"medium_large":false,"large":false,"1536x1536":false,"2048x2048":false,"featured-slider-larger":false,"featured-slider":false,"sow-carousel-default":false},"uagb_author_info":{"display_name":"Universidad de las Artes","author_link":"https:\/\/www.uartes.edu.ec\/sitio\/fueradecampo\/author\/dircomadm\/"},"uagb_comment_info":0,"uagb_excerpt":"Fuera de Campo.&nbsp;Revista de CineUniversidad de las ArtesVolumen 7, N\u00famero 2. Septiembre, 2023ISSN: 2661-6602 Fuera de Campo&nbsp;es una revista acad\u00e9mica dedicada a los investigadores en el \u00e1rea de cine y pensada para el p\u00fablico especializado que desee aproximarse al cine Seguir leyendo Volumen 7, N\u00famero 2. Septiembre, 2023&rarr;","distributor_meta":false,"distributor_terms":false,"distributor_media":false,"distributor_original_site_name":"Fuera de campo","distributor_original_site_url":"https:\/\/www.uartes.edu.ec\/sitio\/fueradecampo","push-errors":false,"_links":{"self":[{"href":"https:\/\/www.uartes.edu.ec\/sitio\/fueradecampo\/wp-json\/wp\/v2\/posts\/743","targetHints":{"allow":["GET"]}}],"collection":[{"href":"https:\/\/www.uartes.edu.ec\/sitio\/fueradecampo\/wp-json\/wp\/v2\/posts"}],"about":[{"href":"https:\/\/www.uartes.edu.ec\/sitio\/fueradecampo\/wp-json\/wp\/v2\/types\/post"}],"author":[{"embeddable":true,"href":"https:\/\/www.uartes.edu.ec\/sitio\/fueradecampo\/wp-json\/wp\/v2\/users\/1"}],"replies":[{"embeddable":true,"href":"https:\/\/www.uartes.edu.ec\/sitio\/fueradecampo\/wp-json\/wp\/v2\/comments?post=743"}],"version-history":[{"count":0,"href":"https:\/\/www.uartes.edu.ec\/sitio\/fueradecampo\/wp-json\/wp\/v2\/posts\/743\/revisions"}],"wp:attachment":[{"href":"https:\/\/www.uartes.edu.ec\/sitio\/fueradecampo\/wp-json\/wp\/v2\/media?parent=743"}],"wp:term":[{"taxonomy":"category","embeddable":true,"href":"https:\/\/www.uartes.edu.ec\/sitio\/fueradecampo\/wp-json\/wp\/v2\/categories?post=743"},{"taxonomy":"post_tag","embeddable":true,"href":"https:\/\/www.uartes.edu.ec\/sitio\/fueradecampo\/wp-json\/wp\/v2\/tags?post=743"}],"curies":[{"name":"wp","href":"https:\/\/api.w.org\/{rel}","templated":true}]}}