{"id":891,"date":"2025-09-01T20:37:00","date_gmt":"2025-09-01T18:37:00","guid":{"rendered":"https:\/\/www.uartes.edu.ec\/sitio\/fueradecampo\/?p=891"},"modified":"2026-04-24T21:01:17","modified_gmt":"2026-04-24T19:01:17","slug":"fuera-de-campo-revista-de-cine-volumen-9-numero-1-2-i-y-ii-semestre-2025","status":"publish","type":"post","link":"https:\/\/www.uartes.edu.ec\/sitio\/fueradecampo\/2025\/09\/01\/fuera-de-campo-revista-de-cine-volumen-9-numero-1-2-i-y-ii-semestre-2025\/","title":{"rendered":"Volumen 9, N\u00famero 1-2. I y II semestre 2025"},"content":{"rendered":"<div class=\"wp-block-image is-style-default\">\n<figure class=\"alignleft size-medium\"><img fetchpriority=\"high\" decoding=\"async\" width=\"214\" height=\"300\" src=\"http:\/\/www.uartes.edu.ec\/sitio\/fueradecampo\/wp-content\/uploads\/sites\/36\/2026\/04\/fdcvol2-214x300.jpg\" alt=\"\" class=\"wp-image-888\" srcset=\"https:\/\/www.uartes.edu.ec\/sitio\/fueradecampo\/wp-content\/uploads\/sites\/36\/2026\/04\/fdcvol2-214x300.jpg 214w, https:\/\/www.uartes.edu.ec\/sitio\/fueradecampo\/wp-content\/uploads\/sites\/36\/2026\/04\/fdcvol2-731x1024.jpg 731w, https:\/\/www.uartes.edu.ec\/sitio\/fueradecampo\/wp-content\/uploads\/sites\/36\/2026\/04\/fdcvol2-768x1075.jpg 768w, https:\/\/www.uartes.edu.ec\/sitio\/fueradecampo\/wp-content\/uploads\/sites\/36\/2026\/04\/fdcvol2.jpg 1000w\" sizes=\"(max-width: 214px) 100vw, 214px\" \/><\/figure>\n<\/div>\n\n\n<p><strong class=\"alignnone\">Fuera de Campo.&nbsp;<\/strong>Revista de Cine<br>Universidad de las Artes<br>Volumen 9, N\u00famero 1-2. I y II semestre 2025<br>ISSN: 2661-6602<\/p>\n\n\n\n<p><strong><em>Fuera de Campo<\/em><\/strong>&nbsp;es una revista acad\u00e9mica dedicada a los investigadores en el \u00e1rea de cine y pensada para el p\u00fablico especializado que desee aproximarse al cine latinoamericano o a las visiones latinoamericanas sobre el cine. Es una publicaci\u00f3n cuatrimestral arbitrada editada por la Universidad de las Artes en la ciudad de Guayaquil (Ecuador). Todos los textos incluidos en la secci\u00f3n Art\u00edculos han sido sometidos al arbitraje ciego de dos expertos ajenos a la Universidad de las Artes.<\/p>\n\n\n\n<div style=\"height:50px\" aria-hidden=\"true\" class=\"wp-block-spacer\"><\/div>\n\n\n\n<figure class=\"wp-block-table is-style-regular\"><table><tbody><tr><td><a href=\"https:\/\/www.uartes.edu.ec\/sitio\/?wpdmdl=89644\">DESCARGAR EL PDF COMPLETO DE LA VERSI\u00d3N IMPRESA DE LA REVISTA \u2192<\/a><\/td><td><strong>\u00cdNDICE<\/strong> <p>&nbsp;<\/p>ART\u00cdCULOS<br><br><a href=\"https:\/\/www.uartes.edu.ec\/sitio\/?wpdmdl=89662\"><em>Gua\u00f1una<\/em>: documental y dispositivo de la memoria y la resistencia \u2192<\/a><br>Rommel Aquieta N\u00fa\u00f1ez<br>&nbsp;<br><a href=\"https:\/\/www.uartes.edu.ec\/sitio\/?wpdmdl=89666\">Una expresi\u00f3n americana en el cine de Glauber Rocha, las arquitecturas ef\u00edmeras barrocas y el documental latinoamericano \u2192<\/a><br>Juan Ben\u00edtez Allassia<br>&nbsp;<br><a href=\"https:\/\/www.uartes.edu.ec\/sitio\/?wpdmdl=89670\">Cosificaci\u00f3n, negociaci\u00f3n del cuerpo y renuncia de derechos de la mujer maya: en caso de la pel\u00edcula <em>Ixcanul<\/em>, de Jayro Bustamante \u2192<\/a><br>Karla Morales<br>&nbsp;<br><a href=\"https:\/\/www.uartes.edu.ec\/sitio\/?wpdmdl=89672\">Ver(se) en el reflejo: identidad, memoria y c\u00e1mara subjetiva en <em>Nikkei<\/em>, de Kaori Flores Yonekura \u2192<\/a><br>Awki Esteban Lema<br>&nbsp;<br><a href=\"https:\/\/www.uartes.edu.ec\/sitio\/?wpdmdl=89674\">Cuerpos, rituales y territorios: hacia una est\u00e9tica decolonial del cine ind\u00edgena \u2192<\/a><br>Mar\u00eda Paula Ram\u00edrez R\u00faa<br>&nbsp;<br><a href=\"https:\/\/www.uartes.edu.ec\/sitio\/?wpdmdl=89676\">Mujer mapuche, infancia y territorio austral: la espiritualidad del agua en cuatro propuestas cinematogr\u00e1ficas chilenas de no ficci\u00f3n \u2192<\/a><br>Mar\u00eda Jos\u00e9 Bello<br>&nbsp;<br><a href=\"https:\/\/www.uartes.edu.ec\/sitio\/?wpdmdl=89678\"><em>Soy aquel y todos los fantasmas<\/em>: hacia un an\u00e1lisis visual y autoetnogr\u00e1fico del cortometraje <em>Play Back<\/em>. <em>Ensayos de una despedida<\/em>, de Agustina Comedi \u2192<\/a><br>Mayro Romero Villasagua<br>&nbsp;<br><a href=\"https:\/\/www.uartes.edu.ec\/sitio\/?wpdmdl=89680\">Reflexiones en torno a la cinematograficidad del arte: prehistoria y antig\u00fcedad del arte en clave (pre)cinematogr\u00e1fica \u2192<\/a><br>Agust\u00edn Garcells Su\u00e1rez<br>&nbsp;<br><a href=\"https:\/\/www.uartes.edu.ec\/sitio\/?wpdmdl=89682\">Im\u00e1genes dopadas. Nuevas reorganizaciones de la imagen en la \u00e9poca de los dominios algor\u00edtmicos \u2192<\/a><br>Sebasti\u00e1n Arriagada<br><br>&nbsp;<br>MISCEL\u00c1NEO<br><br><a href=\"https:\/\/www.uartes.edu.ec\/sitio\/?wpdmdl=89668\">\u00bfQu\u00e9 significa preservar como artista? Reporte sobre el 20.o Festival de Cine de Ouro Preto \u2192<\/a><br>Vivian Castro Villarroel<br>&nbsp;<br><\/td><\/tr><\/tbody><\/table><\/figure>\n\n\n\n<p>Fuera de Campo. Revista de Cine<br>Universidad de las Artes<br>Malec\u00f3n Sim\u00f3n Bol\u00edvar y Francisco Aguirre<br>Guayaquil, Ecuador (090313)<br>Tel\u00e9fono (+593) 4 259 0700 ext. 2900<br>revistadecine@uartes.edu.ec<br>www.uartes.edu.ec\/fueradecampo<\/p>\n","protected":false},"excerpt":{"rendered":"<p>Fuera de Campo.&nbsp;Revista de CineUniversidad de las ArtesVolumen 9, N\u00famero 1-2. I y II semestre 2025ISSN: 2661-6602 Fuera de Campo&nbsp;es una revista acad\u00e9mica dedicada a los investigadores en el \u00e1rea de cine y pensada para el p\u00fablico especializado que desee <a class=\"more-link\" href=\"https:\/\/www.uartes.edu.ec\/sitio\/fueradecampo\/2025\/09\/01\/fuera-de-campo-revista-de-cine-volumen-9-numero-1-2-i-y-ii-semestre-2025\/\">Seguir leyendo <span class=\"screen-reader-text\">  Volumen 9, N\u00famero 1-2. I y II semestre 2025<\/span><span class=\"meta-nav\">&rarr;<\/span><\/a><\/p>\n","protected":false},"author":1,"featured_media":0,"comment_status":"closed","ping_status":"closed","sticky":false,"template":"","format":"standard","meta":{"_uag_custom_page_level_css":"","_monsterinsights_skip_tracking":false,"_monsterinsights_sitenote_active":false,"_monsterinsights_sitenote_note":"","_monsterinsights_sitenote_category":0,"cybocfi_hide_featured_image":"","footnotes":""},"categories":[6],"tags":[],"class_list":["post-891","post","type-post","status-publish","format-standard","hentry","category-fuera-de-campo-revista-de-cine"],"uagb_featured_image_src":{"full":false,"thumbnail":false,"medium":false,"medium_large":false,"large":false,"1536x1536":false,"2048x2048":false,"featured-slider-larger":false,"featured-slider":false,"sow-carousel-default":false},"uagb_author_info":{"display_name":"Universidad de las Artes","author_link":"https:\/\/www.uartes.edu.ec\/sitio\/fueradecampo\/author\/dircomadm\/"},"uagb_comment_info":0,"uagb_excerpt":"Fuera de Campo.&nbsp;Revista de CineUniversidad de las ArtesVolumen 9, N\u00famero 1-2. I y II semestre 2025ISSN: 2661-6602 Fuera de Campo&nbsp;es una revista acad\u00e9mica dedicada a los investigadores en el \u00e1rea de cine y pensada para el p\u00fablico especializado que desee Seguir leyendo Volumen 9, N\u00famero 1-2. I y II semestre 2025&rarr;","distributor_meta":false,"distributor_terms":false,"distributor_media":false,"distributor_original_site_name":"Fuera de campo","distributor_original_site_url":"https:\/\/www.uartes.edu.ec\/sitio\/fueradecampo","push-errors":false,"_links":{"self":[{"href":"https:\/\/www.uartes.edu.ec\/sitio\/fueradecampo\/wp-json\/wp\/v2\/posts\/891","targetHints":{"allow":["GET"]}}],"collection":[{"href":"https:\/\/www.uartes.edu.ec\/sitio\/fueradecampo\/wp-json\/wp\/v2\/posts"}],"about":[{"href":"https:\/\/www.uartes.edu.ec\/sitio\/fueradecampo\/wp-json\/wp\/v2\/types\/post"}],"author":[{"embeddable":true,"href":"https:\/\/www.uartes.edu.ec\/sitio\/fueradecampo\/wp-json\/wp\/v2\/users\/1"}],"replies":[{"embeddable":true,"href":"https:\/\/www.uartes.edu.ec\/sitio\/fueradecampo\/wp-json\/wp\/v2\/comments?post=891"}],"version-history":[{"count":2,"href":"https:\/\/www.uartes.edu.ec\/sitio\/fueradecampo\/wp-json\/wp\/v2\/posts\/891\/revisions"}],"predecessor-version":[{"id":895,"href":"https:\/\/www.uartes.edu.ec\/sitio\/fueradecampo\/wp-json\/wp\/v2\/posts\/891\/revisions\/895"}],"wp:attachment":[{"href":"https:\/\/www.uartes.edu.ec\/sitio\/fueradecampo\/wp-json\/wp\/v2\/media?parent=891"}],"wp:term":[{"taxonomy":"category","embeddable":true,"href":"https:\/\/www.uartes.edu.ec\/sitio\/fueradecampo\/wp-json\/wp\/v2\/categories?post=891"},{"taxonomy":"post_tag","embeddable":true,"href":"https:\/\/www.uartes.edu.ec\/sitio\/fueradecampo\/wp-json\/wp\/v2\/tags?post=891"}],"curies":[{"name":"wp","href":"https:\/\/api.w.org\/{rel}","templated":true}]}}