{"id":892,"date":"2024-09-02T20:37:00","date_gmt":"2024-09-02T18:37:00","guid":{"rendered":"https:\/\/www.uartes.edu.ec\/sitio\/fueradecampo\/?p=892"},"modified":"2026-04-24T21:08:08","modified_gmt":"2026-04-24T19:08:08","slug":"volumen-8-numero-2-ii-semestre-2024","status":"publish","type":"post","link":"https:\/\/www.uartes.edu.ec\/sitio\/fueradecampo\/2024\/09\/02\/volumen-8-numero-2-ii-semestre-2024\/","title":{"rendered":"Volumen 8, N\u00famero 2. II Semestre 2024"},"content":{"rendered":"<div class=\"wp-block-image is-style-default\">\n<figure class=\"alignleft size-medium\"><img fetchpriority=\"high\" decoding=\"async\" width=\"210\" height=\"300\" src=\"http:\/\/www.uartes.edu.ec\/sitio\/fueradecampo\/wp-content\/uploads\/sites\/36\/2026\/04\/fdcvol9-210x300.jpg\" alt=\"\" class=\"wp-image-889\" srcset=\"https:\/\/www.uartes.edu.ec\/sitio\/fueradecampo\/wp-content\/uploads\/sites\/36\/2026\/04\/fdcvol9-210x300.jpg 210w, https:\/\/www.uartes.edu.ec\/sitio\/fueradecampo\/wp-content\/uploads\/sites\/36\/2026\/04\/fdcvol9-717x1024.jpg 717w, https:\/\/www.uartes.edu.ec\/sitio\/fueradecampo\/wp-content\/uploads\/sites\/36\/2026\/04\/fdcvol9-768x1097.jpg 768w, https:\/\/www.uartes.edu.ec\/sitio\/fueradecampo\/wp-content\/uploads\/sites\/36\/2026\/04\/fdcvol9.jpg 1000w\" sizes=\"(max-width: 210px) 100vw, 210px\" \/><\/figure>\n<\/div>\n\n\n<p><strong class=\"alignnone\">Fuera de Campo.\u00a0<\/strong>Revista de Cine<br>Universidad de las Artes<br>Volumen 8, N\u00famero 2. II Semestre 2024<br>ISSN: 2661-6602<\/p>\n\n\n\n<p><strong><em>Fuera de Campo<\/em><\/strong>&nbsp;es una revista acad\u00e9mica dedicada a los investigadores en el \u00e1rea de cine y pensada para el p\u00fablico especializado que desee aproximarse al cine latinoamericano o a las visiones latinoamericanas sobre el cine. Es una publicaci\u00f3n cuatrimestral arbitrada editada por la Universidad de las Artes en la ciudad de Guayaquil (Ecuador). Todos los textos incluidos en la secci\u00f3n Art\u00edculos han sido sometidos al arbitraje ciego de dos expertos ajenos a la Universidad de las Artes.<\/p>\n\n\n\n<div style=\"height:50px\" aria-hidden=\"true\" class=\"wp-block-spacer\"><\/div>\n\n\n\n<figure class=\"wp-block-table is-style-regular\"><table><tbody><tr><td><a href=\"https:\/\/www.uartes.edu.ec\/sitio\/?wpdmdl=89645\">DESCARGAR EL PDF COMPLETO DE LA VERSI\u00d3N IMPRESA DE LA REVISTA \u2192<\/a><\/td><td><strong>\u00cdNDICE<\/strong> <p>\u00a0<\/p><strong>ART\u00cdCULOS<\/strong><br><br><a href=\"https:\/\/www.uartes.edu.ec\/sitio\/?wpdmdl=89663\">Cuando el <em>timecode <\/em>falla: inteligencia artificial y estrategias alternativas para la sincronizaci\u00f3n en documentales \u2192<\/a><br>V\u00edctor Herrera<br>\u00a0<br><a href=\"https:\/\/www.uartes.edu.ec\/sitio\/?wpdmdl=89662\">Experiencia, <em>shock <\/em>y montaje: \u00bfpuede el cine despabilarnos? Una propuesta entre Walter Benjamin y Jean-Luc Godard \u2192<\/a><br>Milagros Kruk<br>\u00a0<br><a href=\"https:\/\/www.uartes.edu.ec\/sitio\/?wpdmdl=89661\">La trama cinematogr\u00e1fica como un acto deliberativo: la \u00e9tica aristot\u00e9lica en el guion \u2192<\/a><br>Claudia Rojas<br>\u00a0<br><a href=\"https:\/\/www.uartes.edu.ec\/sitio\/?wpdmdl=89660\"><em>Malqueridas <\/em>y <em>El cielo est\u00e1 rojo<\/em>: im\u00e1genes desde el encierro, afectos como resistencia \u2192<\/a><br>Patricia Ar\u00e9valo Vargas<br>\u00a0<br><a href=\"https:\/\/www.uartes.edu.ec\/sitio\/?wpdmdl=89659\"><em>El tiempo que queda<\/em>, <em>barrio El Aguilucho<\/em>. Explorando la interactividad, el documental, el <em>fotocollage <\/em>y el sonido para construir una escena multidimensional de proximidad, tiempo, y comunidad en un lugar \u2192<\/a><br>Susana Foxley y David Osorio<br><br><strong>MISCEL\u00c1NEO<\/strong><br><br><a href=\"https:\/\/www.uartes.edu.ec\/sitio\/?wpdmdl=89658\"><em>El rezador<\/em>: entrevista a Tito Jara \u2192<\/a><br>\u00c1lvaro Pazmi\u00f1o<br><\/td><\/tr><\/tbody><\/table><\/figure>\n\n\n\n<p>Fuera de Campo. Revista de Cine<br>Universidad de las Artes<br>Malec\u00f3n Sim\u00f3n Bol\u00edvar y Francisco Aguirre<br>Guayaquil, Ecuador (090313)<br>Tel\u00e9fono (+593) 4 259 0700 ext. 2900<br>revistadecine@uartes.edu.ec<br>www.uartes.edu.ec\/fueradecampo<\/p>\n","protected":false},"excerpt":{"rendered":"<p>Fuera de Campo.\u00a0Revista de CineUniversidad de las ArtesVolumen 8, N\u00famero 2. II Semestre 2024ISSN: 2661-6602 Fuera de Campo&nbsp;es una revista acad\u00e9mica dedicada a los investigadores en el \u00e1rea de cine y pensada para el p\u00fablico especializado que desee aproximarse al <a class=\"more-link\" href=\"https:\/\/www.uartes.edu.ec\/sitio\/fueradecampo\/2024\/09\/02\/volumen-8-numero-2-ii-semestre-2024\/\">Seguir leyendo <span class=\"screen-reader-text\">  Volumen 8, N\u00famero 2. II Semestre 2024<\/span><span class=\"meta-nav\">&rarr;<\/span><\/a><\/p>\n","protected":false},"author":1,"featured_media":0,"comment_status":"closed","ping_status":"closed","sticky":false,"template":"","format":"standard","meta":{"_uag_custom_page_level_css":"","_monsterinsights_skip_tracking":false,"_monsterinsights_sitenote_active":false,"_monsterinsights_sitenote_note":"","_monsterinsights_sitenote_category":0,"cybocfi_hide_featured_image":"","footnotes":""},"categories":[6],"tags":[],"class_list":["post-892","post","type-post","status-publish","format-standard","hentry","category-fuera-de-campo-revista-de-cine"],"uagb_featured_image_src":{"full":false,"thumbnail":false,"medium":false,"medium_large":false,"large":false,"1536x1536":false,"2048x2048":false,"featured-slider-larger":false,"featured-slider":false,"sow-carousel-default":false},"uagb_author_info":{"display_name":"Universidad de las Artes","author_link":"https:\/\/www.uartes.edu.ec\/sitio\/fueradecampo\/author\/dircomadm\/"},"uagb_comment_info":0,"uagb_excerpt":"Fuera de Campo.\u00a0Revista de CineUniversidad de las ArtesVolumen 8, N\u00famero 2. II Semestre 2024ISSN: 2661-6602 Fuera de Campo&nbsp;es una revista acad\u00e9mica dedicada a los investigadores en el \u00e1rea de cine y pensada para el p\u00fablico especializado que desee aproximarse al Seguir leyendo Volumen 8, N\u00famero 2. II Semestre 2024&rarr;","distributor_meta":false,"distributor_terms":false,"distributor_media":false,"distributor_original_site_name":"Fuera de campo","distributor_original_site_url":"https:\/\/www.uartes.edu.ec\/sitio\/fueradecampo","push-errors":false,"_links":{"self":[{"href":"https:\/\/www.uartes.edu.ec\/sitio\/fueradecampo\/wp-json\/wp\/v2\/posts\/892","targetHints":{"allow":["GET"]}}],"collection":[{"href":"https:\/\/www.uartes.edu.ec\/sitio\/fueradecampo\/wp-json\/wp\/v2\/posts"}],"about":[{"href":"https:\/\/www.uartes.edu.ec\/sitio\/fueradecampo\/wp-json\/wp\/v2\/types\/post"}],"author":[{"embeddable":true,"href":"https:\/\/www.uartes.edu.ec\/sitio\/fueradecampo\/wp-json\/wp\/v2\/users\/1"}],"replies":[{"embeddable":true,"href":"https:\/\/www.uartes.edu.ec\/sitio\/fueradecampo\/wp-json\/wp\/v2\/comments?post=892"}],"version-history":[{"count":2,"href":"https:\/\/www.uartes.edu.ec\/sitio\/fueradecampo\/wp-json\/wp\/v2\/posts\/892\/revisions"}],"predecessor-version":[{"id":897,"href":"https:\/\/www.uartes.edu.ec\/sitio\/fueradecampo\/wp-json\/wp\/v2\/posts\/892\/revisions\/897"}],"wp:attachment":[{"href":"https:\/\/www.uartes.edu.ec\/sitio\/fueradecampo\/wp-json\/wp\/v2\/media?parent=892"}],"wp:term":[{"taxonomy":"category","embeddable":true,"href":"https:\/\/www.uartes.edu.ec\/sitio\/fueradecampo\/wp-json\/wp\/v2\/categories?post=892"},{"taxonomy":"post_tag","embeddable":true,"href":"https:\/\/www.uartes.edu.ec\/sitio\/fueradecampo\/wp-json\/wp\/v2\/tags?post=892"}],"curies":[{"name":"wp","href":"https:\/\/api.w.org\/{rel}","templated":true}]}}