{"id":1083,"date":"2019-10-23T16:36:47","date_gmt":"2019-10-23T21:36:47","guid":{"rendered":"http:\/\/www.uartes.edu.ec\/sitio\/interactos\/2019\/10\/23\/instalacion-visual-v-b-d-pret-a-portrait\/"},"modified":"2019-10-23T16:39:24","modified_gmt":"2019-10-23T21:39:24","slug":"instalacion-visual-v-b-d-pret-a-portrait","status":"publish","type":"post","link":"https:\/\/www.uartes.edu.ec\/sitio\/interactos\/noticias\/instalacion-visual-v-b-d-pret-a-portrait\/","title":{"rendered":"Instalaci\u00f3n visual \u201cV.B.D (Pr\u00eat a portrait)\u201d"},"content":{"rendered":"\n<p style=\"text-align:right\"><em>Los estudiantes de la Universidad de las Artes tienen una destacada\nparticipaci\u00f3n en la cuarta edici\u00f3n de Inter[\u2022]actos\u2013Encuentros P\u00fablicos de\nArtes, la cual inici\u00f3 este martes 22 de octubre y se extender\u00e1 hasta el s\u00e1bado\n26. Roc\u00edo Soria D\u00edaz propone una instalaci\u00f3n visual.<\/em><\/p>\n\n\n\n<p>\u201cV.B.D (Pr\u00eat a portrait)\u201d, de Roc\u00edo Soria D\u00edaz, es una video\nInstalaci\u00f3n Digital Sonora que utiliza una plataforma de streaming en vivo, en\ndonde se dialoga entre las disciplinas Audio\u2013Visuales, los Nuevos Medios y el\nNeo Happening. La estudiante indica que el Video Booth Digital (Pr\u00eat a\nportrait) Sonoro reafirma nuestros yoes en las m\u00faltiples pantallas y formatos\nen esta era de vivir listos para ser transmitidos, capturados, compartidos e\nintervenidos en red. Llevamos nuestra pantalla a todos lados siendo conscientes\nde que somos el mensaje, el c\u00f3digo, la data. Que somos imagen, posibilidades,\nconscientes del control y la alteraci\u00f3n. <\/p>\n\n\n\n<p>Agrega que en esta propuesta de investigaci\u00f3n art\u00edstica se\nindaga en relaci\u00f3n a los dispositivos que han democratizado la imagen generando\nmedios y formas que permiten expandirnos en m\u00faltiples lenguajes, pantallas,\nnubes y redes donde dejamos la data que deseamos para el futuro.<\/p>\n\n\n\n<p>Cofundadora del Colectivo Gusanos Telem\u00e1ticos y miembro de\nla Fundaci\u00f3n Dr. Sun Yat-Sen y el Taller de Gr\u00e1fica Eloy Alfaro, la propuesta\ncon la que Roc\u00edo Soria D\u00edaz gan\u00f3 en la categor\u00eda Emersiones la convocatoria\nhecha por Inter[\u2022]actos se podr\u00e1 visitar 18h00 a 22h00 en el primer piso de\nMZ14.<\/p>\n","protected":false},"excerpt":{"rendered":"<p>Roc\u00edo Soria D\u00edaz propone una instalaci\u00f3n visual.<\/p>\n","protected":false},"author":1,"featured_media":1084,"comment_status":"closed","ping_status":"closed","sticky":false,"template":"","format":"standard","meta":{"_uag_custom_page_level_css":"","_monsterinsights_skip_tracking":false,"_monsterinsights_sitenote_active":false,"_monsterinsights_sitenote_note":"","_monsterinsights_sitenote_category":0,"cybocfi_hide_featured_image":"","footnotes":""},"categories":[6],"tags":[10],"class_list":["post-1083","post","type-post","status-publish","format-standard","has-post-thumbnail","hentry","category-noticias","tag-interactos"],"uagb_featured_image_src":{"full":["https:\/\/www.uartes.edu.ec\/sitio\/interactos\/wp-content\/uploads\/sites\/8\/2019\/10\/rocio-soria-erre.jpg",1500,999,false],"thumbnail":["https:\/\/www.uartes.edu.ec\/sitio\/interactos\/wp-content\/uploads\/sites\/8\/2019\/10\/rocio-soria-erre-150x150.jpg",150,150,true],"medium":["https:\/\/www.uartes.edu.ec\/sitio\/interactos\/wp-content\/uploads\/sites\/8\/2019\/10\/rocio-soria-erre-300x200.jpg",300,200,true],"medium_large":["https:\/\/www.uartes.edu.ec\/sitio\/interactos\/wp-content\/uploads\/sites\/8\/2019\/10\/rocio-soria-erre-768x511.jpg",768,511,true],"large":["https:\/\/www.uartes.edu.ec\/sitio\/interactos\/wp-content\/uploads\/sites\/8\/2019\/10\/rocio-soria-erre-1024x682.jpg",800,533,true],"1536x1536":["https:\/\/www.uartes.edu.ec\/sitio\/interactos\/wp-content\/uploads\/sites\/8\/2019\/10\/rocio-soria-erre.jpg",1500,999,false],"2048x2048":["https:\/\/www.uartes.edu.ec\/sitio\/interactos\/wp-content\/uploads\/sites\/8\/2019\/10\/rocio-soria-erre.jpg",1500,999,false]},"uagb_author_info":{"display_name":"Universidad de las Artes","author_link":"https:\/\/www.uartes.edu.ec\/sitio\/interactos\/author\/dircomadm\/"},"uagb_comment_info":0,"uagb_excerpt":"Roc\u00edo Soria D\u00edaz propone una instalaci\u00f3n visual.","distributor_meta":false,"distributor_terms":false,"distributor_media":false,"distributor_original_site_name":"inter [\u2022] actos","distributor_original_site_url":"https:\/\/www.uartes.edu.ec\/sitio\/interactos","push-errors":false,"_links":{"self":[{"href":"https:\/\/www.uartes.edu.ec\/sitio\/interactos\/wp-json\/wp\/v2\/posts\/1083","targetHints":{"allow":["GET"]}}],"collection":[{"href":"https:\/\/www.uartes.edu.ec\/sitio\/interactos\/wp-json\/wp\/v2\/posts"}],"about":[{"href":"https:\/\/www.uartes.edu.ec\/sitio\/interactos\/wp-json\/wp\/v2\/types\/post"}],"author":[{"embeddable":true,"href":"https:\/\/www.uartes.edu.ec\/sitio\/interactos\/wp-json\/wp\/v2\/users\/1"}],"replies":[{"embeddable":true,"href":"https:\/\/www.uartes.edu.ec\/sitio\/interactos\/wp-json\/wp\/v2\/comments?post=1083"}],"version-history":[{"count":3,"href":"https:\/\/www.uartes.edu.ec\/sitio\/interactos\/wp-json\/wp\/v2\/posts\/1083\/revisions"}],"predecessor-version":[{"id":1088,"href":"https:\/\/www.uartes.edu.ec\/sitio\/interactos\/wp-json\/wp\/v2\/posts\/1083\/revisions\/1088"}],"wp:featuredmedia":[{"embeddable":true,"href":"https:\/\/www.uartes.edu.ec\/sitio\/interactos\/wp-json\/wp\/v2\/media\/1084"}],"wp:attachment":[{"href":"https:\/\/www.uartes.edu.ec\/sitio\/interactos\/wp-json\/wp\/v2\/media?parent=1083"}],"wp:term":[{"taxonomy":"category","embeddable":true,"href":"https:\/\/www.uartes.edu.ec\/sitio\/interactos\/wp-json\/wp\/v2\/categories?post=1083"},{"taxonomy":"post_tag","embeddable":true,"href":"https:\/\/www.uartes.edu.ec\/sitio\/interactos\/wp-json\/wp\/v2\/tags?post=1083"}],"curies":[{"name":"wp","href":"https:\/\/api.w.org\/{rel}","templated":true}]}}