{"id":1097,"date":"2019-10-23T17:00:31","date_gmt":"2019-10-23T22:00:31","guid":{"rendered":"http:\/\/www.uartes.edu.ec\/sitio\/interactos\/2019\/10\/23\/solas-voces-en-el-encierro-como-performance-en-inter%e2%80%a2actos\/"},"modified":"2019-10-23T17:01:34","modified_gmt":"2019-10-23T22:01:34","slug":"solas-voces-en-el-encierro-como-performance-en-inter%e2%80%a2actos","status":"publish","type":"post","link":"https:\/\/www.uartes.edu.ec\/sitio\/interactos\/noticias\/solas-voces-en-el-encierro-como-performance-en-inter%e2%80%a2actos\/","title":{"rendered":"\u201cSOLAS: Voces en el encierro\u201d, como performance en Inter[\u2022]actos"},"content":{"rendered":"\n<p style=\"text-align:right\"><em>Los estudiantes de la Universidad de las Artes tienen una destacada participaci\u00f3n en la cuarta edici\u00f3n de Inter[\u2022]actos\u2013Encuentros P\u00fablicos de Artes, la cual inici\u00f3 este martes 22 de octubre &nbsp;y se extender\u00e1 hasta el s\u00e1bado 26. \u201cSOLAS: Voces en el encierro\u201d, propuesta que nace de un proyecto de investigaci\u00f3n.<\/em><\/p>\n\n\n\n<p>&#8220;Treinta mujeres privadas de libertad abordan su\ncotidianidad dentro del Centro de Rehabilitaci\u00f3n Social Femenino del Guayas\nmediante retratos, cartas, im\u00e1genes, sonidos y conversaciones. Di\u00e1logos que\ndevelan un encuentro humano tras las rejas&#8221;. El texto resume el contenido\nde &#8220;Solas: Voces en el encierro&#8221;, una obra audiovisual que atraviesa\npor tres lenguajes art\u00edsticos: cine, teatro y m\u00fasica.<\/p>\n\n\n\n<p>La producci\u00f3n nace de un proyecto de investigaci\u00f3n en el que\nintervienen los docentes Priscilla Aguirre, de la Escuela de Cine; Lorena Toro,\nde la Escuela Artes Esc\u00e9nicas; y Juan Posso, de la Escuela de Artes Sonoras,\njuntos con sus estudiantes. Este se lleva a cabo desde mayo del 2018 en el\nCentro de Rehabilitaci\u00f3n Social Femenino del Guayas.<\/p>\n\n\n\n<p>&nbsp;\u201cSOLAS: Voces en el\nencierro\u201d es parte de Inter[\u2022]actos\u2013Encuentros P\u00fablicos de Artes. Se presentar\u00e1\nel jueves 24 de octubre, a las 19h00, y el viernes 25, a las 20h00, en el\nCentro de Investigaci\u00f3n de la Fotograf\u00eda (CIF), ubicado en la planta baja de\nMZ14.<\/p>\n","protected":false},"excerpt":{"rendered":"<p>\u201cSOLAS: Voces en el encierro\u201d, propuesta que nace de un proyecto de investigaci\u00f3n.<\/p>\n","protected":false},"author":1,"featured_media":1098,"comment_status":"closed","ping_status":"closed","sticky":false,"template":"","format":"standard","meta":{"_uag_custom_page_level_css":"","_monsterinsights_skip_tracking":false,"_monsterinsights_sitenote_active":false,"_monsterinsights_sitenote_note":"","_monsterinsights_sitenote_category":0,"cybocfi_hide_featured_image":"","footnotes":""},"categories":[6],"tags":[10],"class_list":["post-1097","post","type-post","status-publish","format-standard","has-post-thumbnail","hentry","category-noticias","tag-interactos"],"uagb_featured_image_src":{"full":["https:\/\/www.uartes.edu.ec\/sitio\/interactos\/wp-content\/uploads\/sites\/8\/2019\/10\/Solas-audiovisual.jpeg",1280,853,false],"thumbnail":["https:\/\/www.uartes.edu.ec\/sitio\/interactos\/wp-content\/uploads\/sites\/8\/2019\/10\/Solas-audiovisual-150x150.jpeg",150,150,true],"medium":["https:\/\/www.uartes.edu.ec\/sitio\/interactos\/wp-content\/uploads\/sites\/8\/2019\/10\/Solas-audiovisual-300x200.jpeg",300,200,true],"medium_large":["https:\/\/www.uartes.edu.ec\/sitio\/interactos\/wp-content\/uploads\/sites\/8\/2019\/10\/Solas-audiovisual-768x512.jpeg",768,512,true],"large":["https:\/\/www.uartes.edu.ec\/sitio\/interactos\/wp-content\/uploads\/sites\/8\/2019\/10\/Solas-audiovisual-1024x682.jpeg",800,533,true],"1536x1536":["https:\/\/www.uartes.edu.ec\/sitio\/interactos\/wp-content\/uploads\/sites\/8\/2019\/10\/Solas-audiovisual.jpeg",1280,853,false],"2048x2048":["https:\/\/www.uartes.edu.ec\/sitio\/interactos\/wp-content\/uploads\/sites\/8\/2019\/10\/Solas-audiovisual.jpeg",1280,853,false]},"uagb_author_info":{"display_name":"Universidad de las Artes","author_link":"https:\/\/www.uartes.edu.ec\/sitio\/interactos\/author\/dircomadm\/"},"uagb_comment_info":0,"uagb_excerpt":"\u201cSOLAS: Voces en el encierro\u201d, propuesta que nace de un proyecto de investigaci\u00f3n.","distributor_meta":false,"distributor_terms":false,"distributor_media":false,"distributor_original_site_name":"inter [\u2022] actos","distributor_original_site_url":"https:\/\/www.uartes.edu.ec\/sitio\/interactos","push-errors":false,"_links":{"self":[{"href":"https:\/\/www.uartes.edu.ec\/sitio\/interactos\/wp-json\/wp\/v2\/posts\/1097","targetHints":{"allow":["GET"]}}],"collection":[{"href":"https:\/\/www.uartes.edu.ec\/sitio\/interactos\/wp-json\/wp\/v2\/posts"}],"about":[{"href":"https:\/\/www.uartes.edu.ec\/sitio\/interactos\/wp-json\/wp\/v2\/types\/post"}],"author":[{"embeddable":true,"href":"https:\/\/www.uartes.edu.ec\/sitio\/interactos\/wp-json\/wp\/v2\/users\/1"}],"replies":[{"embeddable":true,"href":"https:\/\/www.uartes.edu.ec\/sitio\/interactos\/wp-json\/wp\/v2\/comments?post=1097"}],"version-history":[{"count":1,"href":"https:\/\/www.uartes.edu.ec\/sitio\/interactos\/wp-json\/wp\/v2\/posts\/1097\/revisions"}],"predecessor-version":[{"id":1099,"href":"https:\/\/www.uartes.edu.ec\/sitio\/interactos\/wp-json\/wp\/v2\/posts\/1097\/revisions\/1099"}],"wp:featuredmedia":[{"embeddable":true,"href":"https:\/\/www.uartes.edu.ec\/sitio\/interactos\/wp-json\/wp\/v2\/media\/1098"}],"wp:attachment":[{"href":"https:\/\/www.uartes.edu.ec\/sitio\/interactos\/wp-json\/wp\/v2\/media?parent=1097"}],"wp:term":[{"taxonomy":"category","embeddable":true,"href":"https:\/\/www.uartes.edu.ec\/sitio\/interactos\/wp-json\/wp\/v2\/categories?post=1097"},{"taxonomy":"post_tag","embeddable":true,"href":"https:\/\/www.uartes.edu.ec\/sitio\/interactos\/wp-json\/wp\/v2\/tags?post=1097"}],"curies":[{"name":"wp","href":"https:\/\/api.w.org\/{rel}","templated":true}]}}